{"id":995,"date":"2024-09-24T00:02:21","date_gmt":"2024-09-24T00:02:21","guid":{"rendered":"https:\/\/innoticiasbo.com\/?p=995"},"modified":"2024-09-24T00:02:21","modified_gmt":"2024-09-24T00:02:21","slug":"evo-retorna-al-tropico-para-cosechar-o-sembrar-tambaqui","status":"publish","type":"post","link":"https:\/\/innoticiasbo.com\/index.php\/2024\/09\/24\/evo-retorna-al-tropico-para-cosechar-o-sembrar-tambaqui\/","title":{"rendered":"EVO RETORNA AL TR\u00d3PICO&nbsp; PARA \u00abCOSECHAR O SEMBRAR TAMBAQU\u00cd\u00bb"},"content":{"rendered":"\n<p>La Paz, 23 de septiembre de 2024.- El expresidente de Bolivia y l\u00edder del MAS, Evo Morales durante su discurso anunci\u00f3 su regreso al tr\u00f3pico de Cochabamba tras darle al presidente Luis Arce un plazo de 24 horas para cambiar de ministros.<\/p>\n\n\n\n<p>\u201cTengo que retornar al tr\u00f3pico a cosechar o sembrar tambaqu\u00ed, esa es mi tarea, uno de algo tiene que vivir\u201d, manifest\u00f3 Morales en el cabildo realizado en la zona de la cervecer\u00eda en la sede de gobierno.<\/p>\n\n\n\n<p>Fue en este mismo discurso que el l\u00edder del MAS le dio un plazo de 24 horas a Luis Arce para cambiar a ministros \u201ccorruptos\u201d o implicados en temas de \u201cnarcotr\u00e1fico\u201d.<\/p>\n\n\n\n<p>Asever\u00f3 tambi\u00e9n que no necesita pegas, porque tiene sus piscinas de tambaqu\u00ed para vivir.<\/p>\n\n\n\n<p>Al finalizar su discurso y declarar \u201cmisi\u00f3n cumplida\u201d, Morales dijo que ah\u00ed termina su responsabilidad con la marcha, aunque est\u00e1 seguro que el pueblo seguir\u00e1 luchando para conseguir las reivindicaciones de la gente humilde.<\/p>\n\n\n\n<h1 class=\"wp-block-heading\">EvoMoralesAyma #LuisArceCatacora #Tr\u00f3picodeCochabamba #Bolivia #pol\u00edtica #cabildo #innoticias #tambaqu\u00ed<\/h1>\n\n\n\n<figure class=\"wp-block-image size-large\"><img data-recalc-dims=\"1\" loading=\"lazy\" decoding=\"async\" width=\"640\" height=\"427\" src=\"https:\/\/i0.wp.com\/innoticiasbo.com\/wp-content\/uploads\/2024\/09\/fb_img_17271300335506829730021113491081.jpg?resize=640%2C427&#038;ssl=1\" alt=\"\" class=\"wp-image-994\" srcset=\"https:\/\/i0.wp.com\/innoticiasbo.com\/wp-content\/uploads\/2024\/09\/fb_img_17271300335506829730021113491081.jpg?resize=1024%2C683&amp;ssl=1 1024w, https:\/\/i0.wp.com\/innoticiasbo.com\/wp-content\/uploads\/2024\/09\/fb_img_17271300335506829730021113491081.jpg?resize=300%2C200&amp;ssl=1 300w, https:\/\/i0.wp.com\/innoticiasbo.com\/wp-content\/uploads\/2024\/09\/fb_img_17271300335506829730021113491081.jpg?resize=768%2C512&amp;ssl=1 768w, https:\/\/i0.wp.com\/innoticiasbo.com\/wp-content\/uploads\/2024\/09\/fb_img_17271300335506829730021113491081.jpg?resize=600%2C400&amp;ssl=1 600w, https:\/\/i0.wp.com\/innoticiasbo.com\/wp-content\/uploads\/2024\/09\/fb_img_17271300335506829730021113491081.jpg?w=1080&amp;ssl=1 1080w\" sizes=\"auto, (max-width: 640px) 100vw, 640px\" \/><\/figure>\n","protected":false},"excerpt":{"rendered":"<p>La Paz, 23 de septiembre de 2024.- El expresidente de Bolivia y l\u00edder del MAS, Evo Morales durante su discurso anunci\u00f3 su regreso al tr\u00f3pico de Cochabamba tras darle al presidente Luis Arce un plazo de 24 horas para cambiar de ministros. \u201cTengo que retornar al tr\u00f3pico a cosechar o sembrar tambaqu\u00ed, esa es mi&#8230;<\/p>\n","protected":false},"author":2,"featured_media":993,"comment_status":"open","ping_status":"open","sticky":false,"template":"","format":"standard","meta":{"_jetpack_memberships_contains_paid_content":false,"footnotes":"","jetpack_publicize_message":"","jetpack_publicize_feature_enabled":true,"jetpack_social_post_already_shared":true,"jetpack_social_options":{"image_generator_settings":{"template":"highway","enabled":false},"version":2}},"categories":[1,3],"tags":[],"class_list":["post-995","post","type-post","status-publish","format-standard","has-post-thumbnail","hentry","category-bolivia","category-politica"],"jetpack_publicize_connections":[],"yoast_head":"<!-- This site is optimized with the Yoast SEO plugin v23.4 - https:\/\/yoast.com\/wordpress\/plugins\/seo\/ -->\n<title>EVO RETORNA AL TR\u00d3PICO&nbsp; PARA &quot;COSECHAR O SEMBRAR TAMBAQU\u00cd&quot; - innoticiasbo.com<\/title>\n<meta name=\"robots\" content=\"index, follow, max-snippet:-1, max-image-preview:large, max-video-preview:-1\" \/>\n<link rel=\"canonical\" href=\"https:\/\/innoticiasbo.com\/index.php\/2024\/09\/24\/evo-retorna-al-tropico-para-cosechar-o-sembrar-tambaqui\/\" \/>\n<meta property=\"og:locale\" content=\"es_ES\" \/>\n<meta property=\"og:type\" content=\"article\" \/>\n<meta property=\"og:title\" content=\"EVO RETORNA AL TR\u00d3PICO&nbsp; PARA &quot;COSECHAR O SEMBRAR TAMBAQU\u00cd&quot; - innoticiasbo.com\" \/>\n<meta property=\"og:description\" content=\"La Paz, 23 de septiembre de 2024.- El expresidente de Bolivia y l\u00edder del MAS, Evo Morales durante su discurso anunci\u00f3 su regreso al tr\u00f3pico de Cochabamba tras darle al presidente Luis Arce un plazo de 24 horas para cambiar de ministros. \u201cTengo que retornar al tr\u00f3pico a cosechar o sembrar tambaqu\u00ed, esa es mi...\" \/>\n<meta property=\"og:url\" content=\"https:\/\/innoticiasbo.com\/index.php\/2024\/09\/24\/evo-retorna-al-tropico-para-cosechar-o-sembrar-tambaqui\/\" \/>\n<meta property=\"og:site_name\" content=\"innoticiasbo.com\" \/>\n<meta property=\"article:publisher\" content=\"https:\/\/www.facebook.com\/innoticiasbolivia\" \/>\n<meta property=\"article:published_time\" content=\"2024-09-24T00:02:21+00:00\" \/>\n<meta property=\"og:image\" content=\"https:\/\/i0.wp.com\/innoticiasbo.com\/wp-content\/uploads\/2024\/09\/san_pedro_de_tiquina_tito_yupanqui_achocalla_el_alto_achacachi_-_2024-09-23t180129.145.jpg?fit=770%2C430&ssl=1\" \/>\n\t<meta property=\"og:image:width\" content=\"770\" \/>\n\t<meta property=\"og:image:height\" content=\"430\" \/>\n\t<meta property=\"og:image:type\" content=\"image\/jpeg\" \/>\n<meta name=\"author\" content=\"Prensa\" \/>\n<meta name=\"twitter:card\" content=\"summary_large_image\" \/>\n<meta name=\"twitter:creator\" content=\"@innoticiasbo\" \/>\n<meta name=\"twitter:site\" content=\"@innoticiasbo\" \/>\n<meta name=\"twitter:label1\" content=\"Escrito por\" \/>\n\t<meta name=\"twitter:data1\" content=\"Prensa\" \/>\n\t<meta name=\"twitter:label2\" content=\"Tiempo de lectura\" \/>\n\t<meta name=\"twitter:data2\" content=\"1 minuto\" \/>\n<script type=\"application\/ld+json\" class=\"yoast-schema-graph\">{\"@context\":\"https:\/\/schema.org\",\"@graph\":[{\"@type\":\"Article\",\"@id\":\"https:\/\/innoticiasbo.com\/index.php\/2024\/09\/24\/evo-retorna-al-tropico-para-cosechar-o-sembrar-tambaqui\/#article\",\"isPartOf\":{\"@id\":\"https:\/\/innoticiasbo.com\/index.php\/2024\/09\/24\/evo-retorna-al-tropico-para-cosechar-o-sembrar-tambaqui\/\"},\"author\":{\"name\":\"Prensa\",\"@id\":\"https:\/\/innoticiasbo.com\/#\/schema\/person\/589cd527c4211df1b943bdad85ec07ce\"},\"headline\":\"EVO RETORNA AL TR\u00d3PICO&nbsp; PARA \u00abCOSECHAR O SEMBRAR TAMBAQU\u00cd\u00bb\",\"datePublished\":\"2024-09-24T00:02:21+00:00\",\"dateModified\":\"2024-09-24T00:02:21+00:00\",\"mainEntityOfPage\":{\"@id\":\"https:\/\/innoticiasbo.com\/index.php\/2024\/09\/24\/evo-retorna-al-tropico-para-cosechar-o-sembrar-tambaqui\/\"},\"wordCount\":184,\"commentCount\":0,\"publisher\":{\"@id\":\"https:\/\/innoticiasbo.com\/#organization\"},\"image\":{\"@id\":\"https:\/\/innoticiasbo.com\/index.php\/2024\/09\/24\/evo-retorna-al-tropico-para-cosechar-o-sembrar-tambaqui\/#primaryimage\"},\"thumbnailUrl\":\"https:\/\/i0.wp.com\/innoticiasbo.com\/wp-content\/uploads\/2024\/09\/san_pedro_de_tiquina_tito_yupanqui_achocalla_el_alto_achacachi_-_2024-09-23t180129.145.jpg?fit=770%2C430&ssl=1\",\"articleSection\":[\"Bolivia\",\"Pol\u00edtica\"],\"inLanguage\":\"es\",\"potentialAction\":[{\"@type\":\"CommentAction\",\"name\":\"Comment\",\"target\":[\"https:\/\/innoticiasbo.com\/index.php\/2024\/09\/24\/evo-retorna-al-tropico-para-cosechar-o-sembrar-tambaqui\/#respond\"]}]},{\"@type\":\"WebPage\",\"@id\":\"https:\/\/innoticiasbo.com\/index.php\/2024\/09\/24\/evo-retorna-al-tropico-para-cosechar-o-sembrar-tambaqui\/\",\"url\":\"https:\/\/innoticiasbo.com\/index.php\/2024\/09\/24\/evo-retorna-al-tropico-para-cosechar-o-sembrar-tambaqui\/\",\"name\":\"EVO RETORNA AL TR\u00d3PICO&nbsp; PARA \\\"COSECHAR O SEMBRAR TAMBAQU\u00cd\\\" - innoticiasbo.com\",\"isPartOf\":{\"@id\":\"https:\/\/innoticiasbo.com\/#website\"},\"primaryImageOfPage\":{\"@id\":\"https:\/\/innoticiasbo.com\/index.php\/2024\/09\/24\/evo-retorna-al-tropico-para-cosechar-o-sembrar-tambaqui\/#primaryimage\"},\"image\":{\"@id\":\"https:\/\/innoticiasbo.com\/index.php\/2024\/09\/24\/evo-retorna-al-tropico-para-cosechar-o-sembrar-tambaqui\/#primaryimage\"},\"thumbnailUrl\":\"https:\/\/i0.wp.com\/innoticiasbo.com\/wp-content\/uploads\/2024\/09\/san_pedro_de_tiquina_tito_yupanqui_achocalla_el_alto_achacachi_-_2024-09-23t180129.145.jpg?fit=770%2C430&ssl=1\",\"datePublished\":\"2024-09-24T00:02:21+00:00\",\"dateModified\":\"2024-09-24T00:02:21+00:00\",\"breadcrumb\":{\"@id\":\"https:\/\/innoticiasbo.com\/index.php\/2024\/09\/24\/evo-retorna-al-tropico-para-cosechar-o-sembrar-tambaqui\/#breadcrumb\"},\"inLanguage\":\"es\",\"potentialAction\":[{\"@type\":\"ReadAction\",\"target\":[\"https:\/\/innoticiasbo.com\/index.php\/2024\/09\/24\/evo-retorna-al-tropico-para-cosechar-o-sembrar-tambaqui\/\"]}]},{\"@type\":\"ImageObject\",\"inLanguage\":\"es\",\"@id\":\"https:\/\/innoticiasbo.com\/index.php\/2024\/09\/24\/evo-retorna-al-tropico-para-cosechar-o-sembrar-tambaqui\/#primaryimage\",\"url\":\"https:\/\/i0.wp.com\/innoticiasbo.com\/wp-content\/uploads\/2024\/09\/san_pedro_de_tiquina_tito_yupanqui_achocalla_el_alto_achacachi_-_2024-09-23t180129.145.jpg?fit=770%2C430&ssl=1\",\"contentUrl\":\"https:\/\/i0.wp.com\/innoticiasbo.com\/wp-content\/uploads\/2024\/09\/san_pedro_de_tiquina_tito_yupanqui_achocalla_el_alto_achacachi_-_2024-09-23t180129.145.jpg?fit=770%2C430&ssl=1\",\"width\":770,\"height\":430},{\"@type\":\"BreadcrumbList\",\"@id\":\"https:\/\/innoticiasbo.com\/index.php\/2024\/09\/24\/evo-retorna-al-tropico-para-cosechar-o-sembrar-tambaqui\/#breadcrumb\",\"itemListElement\":[{\"@type\":\"ListItem\",\"position\":1,\"name\":\"Portada\",\"item\":\"https:\/\/innoticiasbo.com\/\"},{\"@type\":\"ListItem\",\"position\":2,\"name\":\"EVO RETORNA AL TR\u00d3PICO&nbsp; PARA \u00abCOSECHAR O SEMBRAR TAMBAQU\u00cd\u00bb\"}]},{\"@type\":\"WebSite\",\"@id\":\"https:\/\/innoticiasbo.com\/#website\",\"url\":\"https:\/\/innoticiasbo.com\/\",\"name\":\"innoticiasbo.com\",\"description\":\"\",\"publisher\":{\"@id\":\"https:\/\/innoticiasbo.com\/#organization\"},\"potentialAction\":[{\"@type\":\"SearchAction\",\"target\":{\"@type\":\"EntryPoint\",\"urlTemplate\":\"https:\/\/innoticiasbo.com\/?s={search_term_string}\"},\"query-input\":{\"@type\":\"PropertyValueSpecification\",\"valueRequired\":true,\"valueName\":\"search_term_string\"}}],\"inLanguage\":\"es\"},{\"@type\":\"Organization\",\"@id\":\"https:\/\/innoticiasbo.com\/#organization\",\"name\":\"innoticiasbo.com\",\"url\":\"https:\/\/innoticiasbo.com\/\",\"logo\":{\"@type\":\"ImageObject\",\"inLanguage\":\"es\",\"@id\":\"https:\/\/innoticiasbo.com\/#\/schema\/logo\/image\/\",\"url\":\"https:\/\/i0.wp.com\/innoticiasbo.com\/wp-content\/uploads\/2026\/04\/cropped-IN-LOGO.png?fit=1476%2C1476&ssl=1\",\"contentUrl\":\"https:\/\/i0.wp.com\/innoticiasbo.com\/wp-content\/uploads\/2026\/04\/cropped-IN-LOGO.png?fit=1476%2C1476&ssl=1\",\"width\":1476,\"height\":1476,\"caption\":\"innoticiasbo.com\"},\"image\":{\"@id\":\"https:\/\/innoticiasbo.com\/#\/schema\/logo\/image\/\"},\"sameAs\":[\"https:\/\/www.facebook.com\/innoticiasbolivia\",\"https:\/\/x.com\/innoticiasbo\",\"https:\/\/www.instagram.com\/innoticiasbo\",\"https:\/\/www.youtube.com\/innoticiasbo\"]},{\"@type\":\"Person\",\"@id\":\"https:\/\/innoticiasbo.com\/#\/schema\/person\/589cd527c4211df1b943bdad85ec07ce\",\"name\":\"Prensa\",\"image\":{\"@type\":\"ImageObject\",\"inLanguage\":\"es\",\"@id\":\"https:\/\/innoticiasbo.com\/#\/schema\/person\/image\/\",\"url\":\"https:\/\/secure.gravatar.com\/avatar\/d359bbdf112023c1c0a3ec7fe1600657?s=96&d=mm&r=g\",\"contentUrl\":\"https:\/\/secure.gravatar.com\/avatar\/d359bbdf112023c1c0a3ec7fe1600657?s=96&d=mm&r=g\",\"caption\":\"Prensa\"},\"sameAs\":[\"http:\/\/www.innoticiasbo.com\"],\"url\":\"https:\/\/innoticiasbo.com\/index.php\/author\/prensa\/\"}]}<\/script>\n<!-- \/ Yoast SEO plugin. -->","yoast_head_json":{"title":"EVO RETORNA AL TR\u00d3PICO&nbsp; PARA \"COSECHAR O SEMBRAR TAMBAQU\u00cd\" - innoticiasbo.com","robots":{"index":"index","follow":"follow","max-snippet":"max-snippet:-1","max-image-preview":"max-image-preview:large","max-video-preview":"max-video-preview:-1"},"canonical":"https:\/\/innoticiasbo.com\/index.php\/2024\/09\/24\/evo-retorna-al-tropico-para-cosechar-o-sembrar-tambaqui\/","og_locale":"es_ES","og_type":"article","og_title":"EVO RETORNA AL TR\u00d3PICO&nbsp; PARA \"COSECHAR O SEMBRAR TAMBAQU\u00cd\" - innoticiasbo.com","og_description":"La Paz, 23 de septiembre de 2024.- El expresidente de Bolivia y l\u00edder del MAS, Evo Morales durante su discurso anunci\u00f3 su regreso al tr\u00f3pico de Cochabamba tras darle al presidente Luis Arce un plazo de 24 horas para cambiar de ministros. \u201cTengo que retornar al tr\u00f3pico a cosechar o sembrar tambaqu\u00ed, esa es mi...","og_url":"https:\/\/innoticiasbo.com\/index.php\/2024\/09\/24\/evo-retorna-al-tropico-para-cosechar-o-sembrar-tambaqui\/","og_site_name":"innoticiasbo.com","article_publisher":"https:\/\/www.facebook.com\/innoticiasbolivia","article_published_time":"2024-09-24T00:02:21+00:00","og_image":[{"width":770,"height":430,"url":"https:\/\/i0.wp.com\/innoticiasbo.com\/wp-content\/uploads\/2024\/09\/san_pedro_de_tiquina_tito_yupanqui_achocalla_el_alto_achacachi_-_2024-09-23t180129.145.jpg?fit=770%2C430&ssl=1","type":"image\/jpeg"}],"author":"Prensa","twitter_card":"summary_large_image","twitter_creator":"@innoticiasbo","twitter_site":"@innoticiasbo","twitter_misc":{"Escrito por":"Prensa","Tiempo de lectura":"1 minuto"},"schema":{"@context":"https:\/\/schema.org","@graph":[{"@type":"Article","@id":"https:\/\/innoticiasbo.com\/index.php\/2024\/09\/24\/evo-retorna-al-tropico-para-cosechar-o-sembrar-tambaqui\/#article","isPartOf":{"@id":"https:\/\/innoticiasbo.com\/index.php\/2024\/09\/24\/evo-retorna-al-tropico-para-cosechar-o-sembrar-tambaqui\/"},"author":{"name":"Prensa","@id":"https:\/\/innoticiasbo.com\/#\/schema\/person\/589cd527c4211df1b943bdad85ec07ce"},"headline":"EVO RETORNA AL TR\u00d3PICO&nbsp; PARA \u00abCOSECHAR O SEMBRAR TAMBAQU\u00cd\u00bb","datePublished":"2024-09-24T00:02:21+00:00","dateModified":"2024-09-24T00:02:21+00:00","mainEntityOfPage":{"@id":"https:\/\/innoticiasbo.com\/index.php\/2024\/09\/24\/evo-retorna-al-tropico-para-cosechar-o-sembrar-tambaqui\/"},"wordCount":184,"commentCount":0,"publisher":{"@id":"https:\/\/innoticiasbo.com\/#organization"},"image":{"@id":"https:\/\/innoticiasbo.com\/index.php\/2024\/09\/24\/evo-retorna-al-tropico-para-cosechar-o-sembrar-tambaqui\/#primaryimage"},"thumbnailUrl":"https:\/\/i0.wp.com\/innoticiasbo.com\/wp-content\/uploads\/2024\/09\/san_pedro_de_tiquina_tito_yupanqui_achocalla_el_alto_achacachi_-_2024-09-23t180129.145.jpg?fit=770%2C430&ssl=1","articleSection":["Bolivia","Pol\u00edtica"],"inLanguage":"es","potentialAction":[{"@type":"CommentAction","name":"Comment","target":["https:\/\/innoticiasbo.com\/index.php\/2024\/09\/24\/evo-retorna-al-tropico-para-cosechar-o-sembrar-tambaqui\/#respond"]}]},{"@type":"WebPage","@id":"https:\/\/innoticiasbo.com\/index.php\/2024\/09\/24\/evo-retorna-al-tropico-para-cosechar-o-sembrar-tambaqui\/","url":"https:\/\/innoticiasbo.com\/index.php\/2024\/09\/24\/evo-retorna-al-tropico-para-cosechar-o-sembrar-tambaqui\/","name":"EVO RETORNA AL TR\u00d3PICO&nbsp; PARA \"COSECHAR O SEMBRAR TAMBAQU\u00cd\" - innoticiasbo.com","isPartOf":{"@id":"https:\/\/innoticiasbo.com\/#website"},"primaryImageOfPage":{"@id":"https:\/\/innoticiasbo.com\/index.php\/2024\/09\/24\/evo-retorna-al-tropico-para-cosechar-o-sembrar-tambaqui\/#primaryimage"},"image":{"@id":"https:\/\/innoticiasbo.com\/index.php\/2024\/09\/24\/evo-retorna-al-tropico-para-cosechar-o-sembrar-tambaqui\/#primaryimage"},"thumbnailUrl":"https:\/\/i0.wp.com\/innoticiasbo.com\/wp-content\/uploads\/2024\/09\/san_pedro_de_tiquina_tito_yupanqui_achocalla_el_alto_achacachi_-_2024-09-23t180129.145.jpg?fit=770%2C430&ssl=1","datePublished":"2024-09-24T00:02:21+00:00","dateModified":"2024-09-24T00:02:21+00:00","breadcrumb":{"@id":"https:\/\/innoticiasbo.com\/index.php\/2024\/09\/24\/evo-retorna-al-tropico-para-cosechar-o-sembrar-tambaqui\/#breadcrumb"},"inLanguage":"es","potentialAction":[{"@type":"ReadAction","target":["https:\/\/innoticiasbo.com\/index.php\/2024\/09\/24\/evo-retorna-al-tropico-para-cosechar-o-sembrar-tambaqui\/"]}]},{"@type":"ImageObject","inLanguage":"es","@id":"https:\/\/innoticiasbo.com\/index.php\/2024\/09\/24\/evo-retorna-al-tropico-para-cosechar-o-sembrar-tambaqui\/#primaryimage","url":"https:\/\/i0.wp.com\/innoticiasbo.com\/wp-content\/uploads\/2024\/09\/san_pedro_de_tiquina_tito_yupanqui_achocalla_el_alto_achacachi_-_2024-09-23t180129.145.jpg?fit=770%2C430&ssl=1","contentUrl":"https:\/\/i0.wp.com\/innoticiasbo.com\/wp-content\/uploads\/2024\/09\/san_pedro_de_tiquina_tito_yupanqui_achocalla_el_alto_achacachi_-_2024-09-23t180129.145.jpg?fit=770%2C430&ssl=1","width":770,"height":430},{"@type":"BreadcrumbList","@id":"https:\/\/innoticiasbo.com\/index.php\/2024\/09\/24\/evo-retorna-al-tropico-para-cosechar-o-sembrar-tambaqui\/#breadcrumb","itemListElement":[{"@type":"ListItem","position":1,"name":"Portada","item":"https:\/\/innoticiasbo.com\/"},{"@type":"ListItem","position":2,"name":"EVO RETORNA AL TR\u00d3PICO&nbsp; PARA \u00abCOSECHAR O SEMBRAR TAMBAQU\u00cd\u00bb"}]},{"@type":"WebSite","@id":"https:\/\/innoticiasbo.com\/#website","url":"https:\/\/innoticiasbo.com\/","name":"innoticiasbo.com","description":"","publisher":{"@id":"https:\/\/innoticiasbo.com\/#organization"},"potentialAction":[{"@type":"SearchAction","target":{"@type":"EntryPoint","urlTemplate":"https:\/\/innoticiasbo.com\/?s={search_term_string}"},"query-input":{"@type":"PropertyValueSpecification","valueRequired":true,"valueName":"search_term_string"}}],"inLanguage":"es"},{"@type":"Organization","@id":"https:\/\/innoticiasbo.com\/#organization","name":"innoticiasbo.com","url":"https:\/\/innoticiasbo.com\/","logo":{"@type":"ImageObject","inLanguage":"es","@id":"https:\/\/innoticiasbo.com\/#\/schema\/logo\/image\/","url":"https:\/\/i0.wp.com\/innoticiasbo.com\/wp-content\/uploads\/2026\/04\/cropped-IN-LOGO.png?fit=1476%2C1476&ssl=1","contentUrl":"https:\/\/i0.wp.com\/innoticiasbo.com\/wp-content\/uploads\/2026\/04\/cropped-IN-LOGO.png?fit=1476%2C1476&ssl=1","width":1476,"height":1476,"caption":"innoticiasbo.com"},"image":{"@id":"https:\/\/innoticiasbo.com\/#\/schema\/logo\/image\/"},"sameAs":["https:\/\/www.facebook.com\/innoticiasbolivia","https:\/\/x.com\/innoticiasbo","https:\/\/www.instagram.com\/innoticiasbo","https:\/\/www.youtube.com\/innoticiasbo"]},{"@type":"Person","@id":"https:\/\/innoticiasbo.com\/#\/schema\/person\/589cd527c4211df1b943bdad85ec07ce","name":"Prensa","image":{"@type":"ImageObject","inLanguage":"es","@id":"https:\/\/innoticiasbo.com\/#\/schema\/person\/image\/","url":"https:\/\/secure.gravatar.com\/avatar\/d359bbdf112023c1c0a3ec7fe1600657?s=96&d=mm&r=g","contentUrl":"https:\/\/secure.gravatar.com\/avatar\/d359bbdf112023c1c0a3ec7fe1600657?s=96&d=mm&r=g","caption":"Prensa"},"sameAs":["http:\/\/www.innoticiasbo.com"],"url":"https:\/\/innoticiasbo.com\/index.php\/author\/prensa\/"}]}},"jetpack_featured_media_url":"https:\/\/i0.wp.com\/innoticiasbo.com\/wp-content\/uploads\/2024\/09\/san_pedro_de_tiquina_tito_yupanqui_achocalla_el_alto_achacachi_-_2024-09-23t180129.145.jpg?fit=770%2C430&ssl=1","jetpack_likes_enabled":true,"jetpack_sharing_enabled":true,"jetpack_shortlink":"https:\/\/wp.me\/pg298x-g3","_links":{"self":[{"href":"https:\/\/innoticiasbo.com\/index.php\/wp-json\/wp\/v2\/posts\/995","targetHints":{"allow":["GET"]}}],"collection":[{"href":"https:\/\/innoticiasbo.com\/index.php\/wp-json\/wp\/v2\/posts"}],"about":[{"href":"https:\/\/innoticiasbo.com\/index.php\/wp-json\/wp\/v2\/types\/post"}],"author":[{"embeddable":true,"href":"https:\/\/innoticiasbo.com\/index.php\/wp-json\/wp\/v2\/users\/2"}],"replies":[{"embeddable":true,"href":"https:\/\/innoticiasbo.com\/index.php\/wp-json\/wp\/v2\/comments?post=995"}],"version-history":[{"count":1,"href":"https:\/\/innoticiasbo.com\/index.php\/wp-json\/wp\/v2\/posts\/995\/revisions"}],"predecessor-version":[{"id":996,"href":"https:\/\/innoticiasbo.com\/index.php\/wp-json\/wp\/v2\/posts\/995\/revisions\/996"}],"wp:featuredmedia":[{"embeddable":true,"href":"https:\/\/innoticiasbo.com\/index.php\/wp-json\/wp\/v2\/media\/993"}],"wp:attachment":[{"href":"https:\/\/innoticiasbo.com\/index.php\/wp-json\/wp\/v2\/media?parent=995"}],"wp:term":[{"taxonomy":"category","embeddable":true,"href":"https:\/\/innoticiasbo.com\/index.php\/wp-json\/wp\/v2\/categories?post=995"},{"taxonomy":"post_tag","embeddable":true,"href":"https:\/\/innoticiasbo.com\/index.php\/wp-json\/wp\/v2\/tags?post=995"}],"curies":[{"name":"wp","href":"https:\/\/api.w.org\/{rel}","templated":true}]}}