{"id":9829,"date":"2026-03-18T22:45:30","date_gmt":"2026-03-19T02:45:30","guid":{"rendered":"https:\/\/innoticiasbo.com\/?p=9829"},"modified":"2026-03-18T22:45:32","modified_gmt":"2026-03-19T02:45:32","slug":"ruddy-arancibia-no-les-importo-que-estemos-con-ninos-y-una-mujer-embarazada","status":"publish","type":"post","link":"https:\/\/innoticiasbo.com\/index.php\/2026\/03\/18\/ruddy-arancibia-no-les-importo-que-estemos-con-ninos-y-una-mujer-embarazada\/","title":{"rendered":"RUDDY ARANCIBIA: \u201cNO LES IMPORT\u00d3 QUE ESTEMOS CON NI\u00d1OS Y UNA MUJER EMBARAZADA\u201d"},"content":{"rendered":"\n<figure class=\"wp-block-video\"><video controls src=\"https:\/\/innoticiasbo.com\/wp-content\/uploads\/2026\/03\/AQNuubFzvSW6NjwSCLHQezzeQKy7BLoyTwPcoRZE2cIKFBLgYP_6QVY0fNW0D8-MdFDYpI8knCSLSzP4opP13Umcprsa8LNk0v6BfrxPXcnnOg.mp4\"><\/video><\/figure>\n\n\n\n<p><strong>Cochabamba, 18 de Marzo de 2026.-<\/strong> El jefe de Moral y Eventos P\u00fablicos de la Alcald\u00eda, Ruddy Arancibia, denunci\u00f3 que \u00e9l y otros funcionarios municipales fueron v\u00edctimas de una violenta agresi\u00f3n el pasado domingo, mientras se encontraban compartiendo con sus familias tras una actividad pol\u00edtica.<\/p>\n\n\n\n<p>Seg\u00fan relat\u00f3, se encontraba junto a su esposa \u2014quien est\u00e1 embarazada\u2014, su hija de cuatro a\u00f1os y otros tres colegas, quienes tambi\u00e9n estaban acompa\u00f1ados de sus esposas e hijos. Se\u00f1al\u00f3 que aguardaban que les sirvan el almuerzo cuando comenzaron a ser insultados por un grupo de sujetos debido a que vest\u00edan indumentaria de S\u00famate.<\/p>\n\n\n\n<p>\u201cLes pedimos que se retiren, que respeten, pero volvieron con m\u00e1s gente\u201d, se\u00f1al\u00f3 Arancibia. De acuerdo con su versi\u00f3n, los agresores pertenecer\u00edan a una pandilla conocida como \u201cAnquichos\u201d, quienes los rodearon y desataron la violencia f\u00edsica.<\/p>\n\n\n\n<p>Las im\u00e1genes del hecho muestran momentos de gran tensi\u00f3n, donde las mujeres se ven obligadas a huir del lugar cargando a sus hijos para resguardarlos.<\/p>\n\n\n\n<p>\u201cEl objetivo de este grupo definitivamente era lastimarnos. No les import\u00f3 que estemos con ni\u00f1os, con mi mujer embarazada, quer\u00edan lastimarnos\u201d, afirm\u00f3 de manera enf\u00e1tica, al tiempo de anunciar el inicio de acciones legales contra los responsables.<\/p>\n\n\n\n<p>Por su parte, el intendente municipal Enrique Navia respald\u00f3 a los funcionarios y aclar\u00f3 que el hecho ocurri\u00f3 fuera del horario laboral, cuando los involucrados ejerc\u00edan su derecho ciudadano de apoyar a su candidato y posteriormente compartir en familia.<\/p>\n\n\n\n<p>\u201cNo hay derecho a que por vestir una indumentaria pol\u00edtica una persona sea agredida. Eso es violencia. Estamos en democracia\u201d, manifest\u00f3.<\/p>\n\n\n\n<p>Asimismo, advirti\u00f3 que, seg\u00fan reportes de vecinos y propietarios de la zona, este grupo ser\u00eda una pandilla que genera temor en la zona sur de la ciudad, por lo que tambi\u00e9n se impulsar\u00e1n acciones legales correspondientes.<\/p>\n\n\n\n<p>El caso ha generado preocupaci\u00f3n por los niveles de intolerancia y violencia, y se espera que las autoridades act\u00faen para esclarecer los hechos y sancionar a los responsables.<\/p>\n","protected":false},"excerpt":{"rendered":"<p>Cochabamba, 18 de Marzo de 2026.- El jefe de Moral y Eventos P\u00fablicos de la Alcald\u00eda, Ruddy Arancibia, denunci\u00f3 que \u00e9l y otros funcionarios municipales fueron v\u00edctimas de una violenta agresi\u00f3n el pasado domingo, mientras se encontraban compartiendo con sus familias tras una actividad pol\u00edtica. Seg\u00fan relat\u00f3, se encontraba junto a su esposa \u2014quien est\u00e1&#8230;<\/p>\n","protected":false},"author":11,"featured_media":9831,"comment_status":"open","ping_status":"open","sticky":false,"template":"","format":"standard","meta":{"_jetpack_memberships_contains_paid_content":false,"footnotes":"","jetpack_publicize_message":"","jetpack_publicize_feature_enabled":true,"jetpack_social_post_already_shared":true,"jetpack_social_options":{"image_generator_settings":{"template":"highway","enabled":false},"version":2}},"categories":[2],"tags":[1607,6,1608,1557,761,119],"class_list":["post-9829","post","type-post","status-publish","format-standard","has-post-thumbnail","hentry","category-cochabamba","tag-agredido","tag-cochabamba","tag-pandilla","tag-ruddy-arancibia","tag-victima","tag-violencia"],"jetpack_publicize_connections":[],"yoast_head":"<!-- This site is optimized with the Yoast SEO plugin v23.4 - https:\/\/yoast.com\/wordpress\/plugins\/seo\/ -->\n<title>RUDDY ARANCIBIA: \u201cNO LES IMPORT\u00d3 QUE ESTEMOS CON NI\u00d1OS Y UNA MUJER EMBARAZADA\u201d - innoticiasbo.com<\/title>\n<meta name=\"robots\" content=\"index, follow, max-snippet:-1, max-image-preview:large, max-video-preview:-1\" \/>\n<link rel=\"canonical\" href=\"https:\/\/innoticiasbo.com\/index.php\/2026\/03\/18\/ruddy-arancibia-no-les-importo-que-estemos-con-ninos-y-una-mujer-embarazada\/\" \/>\n<meta property=\"og:locale\" content=\"es_ES\" \/>\n<meta property=\"og:type\" content=\"article\" \/>\n<meta property=\"og:title\" content=\"RUDDY ARANCIBIA: \u201cNO LES IMPORT\u00d3 QUE ESTEMOS CON NI\u00d1OS Y UNA MUJER EMBARAZADA\u201d - innoticiasbo.com\" \/>\n<meta property=\"og:description\" content=\"Cochabamba, 18 de Marzo de 2026.- El jefe de Moral y Eventos P\u00fablicos de la Alcald\u00eda, Ruddy Arancibia, denunci\u00f3 que \u00e9l y otros funcionarios municipales fueron v\u00edctimas de una violenta agresi\u00f3n el pasado domingo, mientras se encontraban compartiendo con sus familias tras una actividad pol\u00edtica. Seg\u00fan relat\u00f3, se encontraba junto a su esposa \u2014quien est\u00e1...\" \/>\n<meta property=\"og:url\" content=\"https:\/\/innoticiasbo.com\/index.php\/2026\/03\/18\/ruddy-arancibia-no-les-importo-que-estemos-con-ninos-y-una-mujer-embarazada\/\" \/>\n<meta property=\"og:site_name\" content=\"innoticiasbo.com\" \/>\n<meta property=\"article:publisher\" content=\"https:\/\/www.facebook.com\/innoticiasbolivia\" \/>\n<meta property=\"article:published_time\" content=\"2026-03-19T02:45:30+00:00\" \/>\n<meta property=\"article:modified_time\" content=\"2026-03-19T02:45:32+00:00\" \/>\n<meta property=\"og:image\" content=\"https:\/\/innoticiasbo.com\/wp-content\/uploads\/2026\/03\/733d73ab-62dc-45da-a855-8e7a0e450d5f.jpg\" \/>\n\t<meta property=\"og:image:width\" content=\"1599\" \/>\n\t<meta property=\"og:image:height\" content=\"899\" \/>\n\t<meta property=\"og:image:type\" content=\"image\/jpeg\" \/>\n<meta name=\"author\" content=\"Prensa 11\" \/>\n<meta name=\"twitter:card\" content=\"summary_large_image\" \/>\n<meta name=\"twitter:creator\" content=\"@innoticiasbo\" \/>\n<meta name=\"twitter:site\" content=\"@innoticiasbo\" \/>\n<meta name=\"twitter:label1\" content=\"Escrito por\" \/>\n\t<meta name=\"twitter:data1\" content=\"Prensa 11\" \/>\n\t<meta name=\"twitter:label2\" content=\"Tiempo de lectura\" \/>\n\t<meta name=\"twitter:data2\" content=\"2 minutos\" \/>\n<script type=\"application\/ld+json\" class=\"yoast-schema-graph\">{\"@context\":\"https:\/\/schema.org\",\"@graph\":[{\"@type\":\"Article\",\"@id\":\"https:\/\/innoticiasbo.com\/index.php\/2026\/03\/18\/ruddy-arancibia-no-les-importo-que-estemos-con-ninos-y-una-mujer-embarazada\/#article\",\"isPartOf\":{\"@id\":\"https:\/\/innoticiasbo.com\/index.php\/2026\/03\/18\/ruddy-arancibia-no-les-importo-que-estemos-con-ninos-y-una-mujer-embarazada\/\"},\"author\":{\"name\":\"Prensa 11\",\"@id\":\"https:\/\/innoticiasbo.com\/#\/schema\/person\/0b28481e8d0316f83a13bc702311def5\"},\"headline\":\"RUDDY ARANCIBIA: \u201cNO LES IMPORT\u00d3 QUE ESTEMOS CON NI\u00d1OS Y UNA MUJER EMBARAZADA\u201d\",\"datePublished\":\"2026-03-19T02:45:30+00:00\",\"dateModified\":\"2026-03-19T02:45:32+00:00\",\"mainEntityOfPage\":{\"@id\":\"https:\/\/innoticiasbo.com\/index.php\/2026\/03\/18\/ruddy-arancibia-no-les-importo-que-estemos-con-ninos-y-una-mujer-embarazada\/\"},\"wordCount\":364,\"commentCount\":0,\"publisher\":{\"@id\":\"https:\/\/innoticiasbo.com\/#organization\"},\"image\":{\"@id\":\"https:\/\/innoticiasbo.com\/index.php\/2026\/03\/18\/ruddy-arancibia-no-les-importo-que-estemos-con-ninos-y-una-mujer-embarazada\/#primaryimage\"},\"thumbnailUrl\":\"https:\/\/i0.wp.com\/innoticiasbo.com\/wp-content\/uploads\/2026\/03\/733d73ab-62dc-45da-a855-8e7a0e450d5f.jpg?fit=1599%2C899&ssl=1\",\"keywords\":[\"agredido\",\"Cochabamba\",\"pandilla\",\"Ruddy Arancibia\",\"v\u00edctima\",\"Violencia\"],\"articleSection\":[\"Cochabamba\"],\"inLanguage\":\"es\",\"potentialAction\":[{\"@type\":\"CommentAction\",\"name\":\"Comment\",\"target\":[\"https:\/\/innoticiasbo.com\/index.php\/2026\/03\/18\/ruddy-arancibia-no-les-importo-que-estemos-con-ninos-y-una-mujer-embarazada\/#respond\"]}]},{\"@type\":\"WebPage\",\"@id\":\"https:\/\/innoticiasbo.com\/index.php\/2026\/03\/18\/ruddy-arancibia-no-les-importo-que-estemos-con-ninos-y-una-mujer-embarazada\/\",\"url\":\"https:\/\/innoticiasbo.com\/index.php\/2026\/03\/18\/ruddy-arancibia-no-les-importo-que-estemos-con-ninos-y-una-mujer-embarazada\/\",\"name\":\"RUDDY ARANCIBIA: \u201cNO LES IMPORT\u00d3 QUE ESTEMOS CON NI\u00d1OS Y UNA MUJER EMBARAZADA\u201d - innoticiasbo.com\",\"isPartOf\":{\"@id\":\"https:\/\/innoticiasbo.com\/#website\"},\"primaryImageOfPage\":{\"@id\":\"https:\/\/innoticiasbo.com\/index.php\/2026\/03\/18\/ruddy-arancibia-no-les-importo-que-estemos-con-ninos-y-una-mujer-embarazada\/#primaryimage\"},\"image\":{\"@id\":\"https:\/\/innoticiasbo.com\/index.php\/2026\/03\/18\/ruddy-arancibia-no-les-importo-que-estemos-con-ninos-y-una-mujer-embarazada\/#primaryimage\"},\"thumbnailUrl\":\"https:\/\/i0.wp.com\/innoticiasbo.com\/wp-content\/uploads\/2026\/03\/733d73ab-62dc-45da-a855-8e7a0e450d5f.jpg?fit=1599%2C899&ssl=1\",\"datePublished\":\"2026-03-19T02:45:30+00:00\",\"dateModified\":\"2026-03-19T02:45:32+00:00\",\"breadcrumb\":{\"@id\":\"https:\/\/innoticiasbo.com\/index.php\/2026\/03\/18\/ruddy-arancibia-no-les-importo-que-estemos-con-ninos-y-una-mujer-embarazada\/#breadcrumb\"},\"inLanguage\":\"es\",\"potentialAction\":[{\"@type\":\"ReadAction\",\"target\":[\"https:\/\/innoticiasbo.com\/index.php\/2026\/03\/18\/ruddy-arancibia-no-les-importo-que-estemos-con-ninos-y-una-mujer-embarazada\/\"]}]},{\"@type\":\"ImageObject\",\"inLanguage\":\"es\",\"@id\":\"https:\/\/innoticiasbo.com\/index.php\/2026\/03\/18\/ruddy-arancibia-no-les-importo-que-estemos-con-ninos-y-una-mujer-embarazada\/#primaryimage\",\"url\":\"https:\/\/i0.wp.com\/innoticiasbo.com\/wp-content\/uploads\/2026\/03\/733d73ab-62dc-45da-a855-8e7a0e450d5f.jpg?fit=1599%2C899&ssl=1\",\"contentUrl\":\"https:\/\/i0.wp.com\/innoticiasbo.com\/wp-content\/uploads\/2026\/03\/733d73ab-62dc-45da-a855-8e7a0e450d5f.jpg?fit=1599%2C899&ssl=1\",\"width\":1599,\"height\":899},{\"@type\":\"BreadcrumbList\",\"@id\":\"https:\/\/innoticiasbo.com\/index.php\/2026\/03\/18\/ruddy-arancibia-no-les-importo-que-estemos-con-ninos-y-una-mujer-embarazada\/#breadcrumb\",\"itemListElement\":[{\"@type\":\"ListItem\",\"position\":1,\"name\":\"Portada\",\"item\":\"https:\/\/innoticiasbo.com\/\"},{\"@type\":\"ListItem\",\"position\":2,\"name\":\"RUDDY ARANCIBIA: \u201cNO LES IMPORT\u00d3 QUE ESTEMOS CON NI\u00d1OS Y UNA MUJER EMBARAZADA\u201d\"}]},{\"@type\":\"WebSite\",\"@id\":\"https:\/\/innoticiasbo.com\/#website\",\"url\":\"https:\/\/innoticiasbo.com\/\",\"name\":\"innoticiasbo.com\",\"description\":\"\",\"publisher\":{\"@id\":\"https:\/\/innoticiasbo.com\/#organization\"},\"potentialAction\":[{\"@type\":\"SearchAction\",\"target\":{\"@type\":\"EntryPoint\",\"urlTemplate\":\"https:\/\/innoticiasbo.com\/?s={search_term_string}\"},\"query-input\":{\"@type\":\"PropertyValueSpecification\",\"valueRequired\":true,\"valueName\":\"search_term_string\"}}],\"inLanguage\":\"es\"},{\"@type\":\"Organization\",\"@id\":\"https:\/\/innoticiasbo.com\/#organization\",\"name\":\"innoticiasbo.com\",\"url\":\"https:\/\/innoticiasbo.com\/\",\"logo\":{\"@type\":\"ImageObject\",\"inLanguage\":\"es\",\"@id\":\"https:\/\/innoticiasbo.com\/#\/schema\/logo\/image\/\",\"url\":\"https:\/\/i0.wp.com\/innoticiasbo.com\/wp-content\/uploads\/2026\/04\/cropped-IN-LOGO.png?fit=1476%2C1476&ssl=1\",\"contentUrl\":\"https:\/\/i0.wp.com\/innoticiasbo.com\/wp-content\/uploads\/2026\/04\/cropped-IN-LOGO.png?fit=1476%2C1476&ssl=1\",\"width\":1476,\"height\":1476,\"caption\":\"innoticiasbo.com\"},\"image\":{\"@id\":\"https:\/\/innoticiasbo.com\/#\/schema\/logo\/image\/\"},\"sameAs\":[\"https:\/\/www.facebook.com\/innoticiasbolivia\",\"https:\/\/x.com\/innoticiasbo\",\"https:\/\/www.instagram.com\/innoticiasbo\",\"https:\/\/www.youtube.com\/innoticiasbo\"]},{\"@type\":\"Person\",\"@id\":\"https:\/\/innoticiasbo.com\/#\/schema\/person\/0b28481e8d0316f83a13bc702311def5\",\"name\":\"Prensa 11\",\"image\":{\"@type\":\"ImageObject\",\"inLanguage\":\"es\",\"@id\":\"https:\/\/innoticiasbo.com\/#\/schema\/person\/image\/\",\"url\":\"https:\/\/secure.gravatar.com\/avatar\/696560c17349f1807a610bf83832bad0?s=96&d=mm&r=g\",\"contentUrl\":\"https:\/\/secure.gravatar.com\/avatar\/696560c17349f1807a610bf83832bad0?s=96&d=mm&r=g\",\"caption\":\"Prensa 11\"},\"sameAs\":[\"http:\/\/www.innoticiasbo.com\"],\"url\":\"https:\/\/innoticiasbo.com\/index.php\/author\/prensa-11\/\"}]}<\/script>\n<!-- \/ Yoast SEO plugin. -->","yoast_head_json":{"title":"RUDDY ARANCIBIA: \u201cNO LES IMPORT\u00d3 QUE ESTEMOS CON NI\u00d1OS Y UNA MUJER EMBARAZADA\u201d - innoticiasbo.com","robots":{"index":"index","follow":"follow","max-snippet":"max-snippet:-1","max-image-preview":"max-image-preview:large","max-video-preview":"max-video-preview:-1"},"canonical":"https:\/\/innoticiasbo.com\/index.php\/2026\/03\/18\/ruddy-arancibia-no-les-importo-que-estemos-con-ninos-y-una-mujer-embarazada\/","og_locale":"es_ES","og_type":"article","og_title":"RUDDY ARANCIBIA: \u201cNO LES IMPORT\u00d3 QUE ESTEMOS CON NI\u00d1OS Y UNA MUJER EMBARAZADA\u201d - innoticiasbo.com","og_description":"Cochabamba, 18 de Marzo de 2026.- El jefe de Moral y Eventos P\u00fablicos de la Alcald\u00eda, Ruddy Arancibia, denunci\u00f3 que \u00e9l y otros funcionarios municipales fueron v\u00edctimas de una violenta agresi\u00f3n el pasado domingo, mientras se encontraban compartiendo con sus familias tras una actividad pol\u00edtica. Seg\u00fan relat\u00f3, se encontraba junto a su esposa \u2014quien est\u00e1...","og_url":"https:\/\/innoticiasbo.com\/index.php\/2026\/03\/18\/ruddy-arancibia-no-les-importo-que-estemos-con-ninos-y-una-mujer-embarazada\/","og_site_name":"innoticiasbo.com","article_publisher":"https:\/\/www.facebook.com\/innoticiasbolivia","article_published_time":"2026-03-19T02:45:30+00:00","article_modified_time":"2026-03-19T02:45:32+00:00","og_image":[{"width":1599,"height":899,"url":"https:\/\/innoticiasbo.com\/wp-content\/uploads\/2026\/03\/733d73ab-62dc-45da-a855-8e7a0e450d5f.jpg","type":"image\/jpeg"}],"author":"Prensa 11","twitter_card":"summary_large_image","twitter_creator":"@innoticiasbo","twitter_site":"@innoticiasbo","twitter_misc":{"Escrito por":"Prensa 11","Tiempo de lectura":"2 minutos"},"schema":{"@context":"https:\/\/schema.org","@graph":[{"@type":"Article","@id":"https:\/\/innoticiasbo.com\/index.php\/2026\/03\/18\/ruddy-arancibia-no-les-importo-que-estemos-con-ninos-y-una-mujer-embarazada\/#article","isPartOf":{"@id":"https:\/\/innoticiasbo.com\/index.php\/2026\/03\/18\/ruddy-arancibia-no-les-importo-que-estemos-con-ninos-y-una-mujer-embarazada\/"},"author":{"name":"Prensa 11","@id":"https:\/\/innoticiasbo.com\/#\/schema\/person\/0b28481e8d0316f83a13bc702311def5"},"headline":"RUDDY ARANCIBIA: \u201cNO LES IMPORT\u00d3 QUE ESTEMOS CON NI\u00d1OS Y UNA MUJER EMBARAZADA\u201d","datePublished":"2026-03-19T02:45:30+00:00","dateModified":"2026-03-19T02:45:32+00:00","mainEntityOfPage":{"@id":"https:\/\/innoticiasbo.com\/index.php\/2026\/03\/18\/ruddy-arancibia-no-les-importo-que-estemos-con-ninos-y-una-mujer-embarazada\/"},"wordCount":364,"commentCount":0,"publisher":{"@id":"https:\/\/innoticiasbo.com\/#organization"},"image":{"@id":"https:\/\/innoticiasbo.com\/index.php\/2026\/03\/18\/ruddy-arancibia-no-les-importo-que-estemos-con-ninos-y-una-mujer-embarazada\/#primaryimage"},"thumbnailUrl":"https:\/\/i0.wp.com\/innoticiasbo.com\/wp-content\/uploads\/2026\/03\/733d73ab-62dc-45da-a855-8e7a0e450d5f.jpg?fit=1599%2C899&ssl=1","keywords":["agredido","Cochabamba","pandilla","Ruddy Arancibia","v\u00edctima","Violencia"],"articleSection":["Cochabamba"],"inLanguage":"es","potentialAction":[{"@type":"CommentAction","name":"Comment","target":["https:\/\/innoticiasbo.com\/index.php\/2026\/03\/18\/ruddy-arancibia-no-les-importo-que-estemos-con-ninos-y-una-mujer-embarazada\/#respond"]}]},{"@type":"WebPage","@id":"https:\/\/innoticiasbo.com\/index.php\/2026\/03\/18\/ruddy-arancibia-no-les-importo-que-estemos-con-ninos-y-una-mujer-embarazada\/","url":"https:\/\/innoticiasbo.com\/index.php\/2026\/03\/18\/ruddy-arancibia-no-les-importo-que-estemos-con-ninos-y-una-mujer-embarazada\/","name":"RUDDY ARANCIBIA: \u201cNO LES IMPORT\u00d3 QUE ESTEMOS CON NI\u00d1OS Y UNA MUJER EMBARAZADA\u201d - innoticiasbo.com","isPartOf":{"@id":"https:\/\/innoticiasbo.com\/#website"},"primaryImageOfPage":{"@id":"https:\/\/innoticiasbo.com\/index.php\/2026\/03\/18\/ruddy-arancibia-no-les-importo-que-estemos-con-ninos-y-una-mujer-embarazada\/#primaryimage"},"image":{"@id":"https:\/\/innoticiasbo.com\/index.php\/2026\/03\/18\/ruddy-arancibia-no-les-importo-que-estemos-con-ninos-y-una-mujer-embarazada\/#primaryimage"},"thumbnailUrl":"https:\/\/i0.wp.com\/innoticiasbo.com\/wp-content\/uploads\/2026\/03\/733d73ab-62dc-45da-a855-8e7a0e450d5f.jpg?fit=1599%2C899&ssl=1","datePublished":"2026-03-19T02:45:30+00:00","dateModified":"2026-03-19T02:45:32+00:00","breadcrumb":{"@id":"https:\/\/innoticiasbo.com\/index.php\/2026\/03\/18\/ruddy-arancibia-no-les-importo-que-estemos-con-ninos-y-una-mujer-embarazada\/#breadcrumb"},"inLanguage":"es","potentialAction":[{"@type":"ReadAction","target":["https:\/\/innoticiasbo.com\/index.php\/2026\/03\/18\/ruddy-arancibia-no-les-importo-que-estemos-con-ninos-y-una-mujer-embarazada\/"]}]},{"@type":"ImageObject","inLanguage":"es","@id":"https:\/\/innoticiasbo.com\/index.php\/2026\/03\/18\/ruddy-arancibia-no-les-importo-que-estemos-con-ninos-y-una-mujer-embarazada\/#primaryimage","url":"https:\/\/i0.wp.com\/innoticiasbo.com\/wp-content\/uploads\/2026\/03\/733d73ab-62dc-45da-a855-8e7a0e450d5f.jpg?fit=1599%2C899&ssl=1","contentUrl":"https:\/\/i0.wp.com\/innoticiasbo.com\/wp-content\/uploads\/2026\/03\/733d73ab-62dc-45da-a855-8e7a0e450d5f.jpg?fit=1599%2C899&ssl=1","width":1599,"height":899},{"@type":"BreadcrumbList","@id":"https:\/\/innoticiasbo.com\/index.php\/2026\/03\/18\/ruddy-arancibia-no-les-importo-que-estemos-con-ninos-y-una-mujer-embarazada\/#breadcrumb","itemListElement":[{"@type":"ListItem","position":1,"name":"Portada","item":"https:\/\/innoticiasbo.com\/"},{"@type":"ListItem","position":2,"name":"RUDDY ARANCIBIA: \u201cNO LES IMPORT\u00d3 QUE ESTEMOS CON NI\u00d1OS Y UNA MUJER EMBARAZADA\u201d"}]},{"@type":"WebSite","@id":"https:\/\/innoticiasbo.com\/#website","url":"https:\/\/innoticiasbo.com\/","name":"innoticiasbo.com","description":"","publisher":{"@id":"https:\/\/innoticiasbo.com\/#organization"},"potentialAction":[{"@type":"SearchAction","target":{"@type":"EntryPoint","urlTemplate":"https:\/\/innoticiasbo.com\/?s={search_term_string}"},"query-input":{"@type":"PropertyValueSpecification","valueRequired":true,"valueName":"search_term_string"}}],"inLanguage":"es"},{"@type":"Organization","@id":"https:\/\/innoticiasbo.com\/#organization","name":"innoticiasbo.com","url":"https:\/\/innoticiasbo.com\/","logo":{"@type":"ImageObject","inLanguage":"es","@id":"https:\/\/innoticiasbo.com\/#\/schema\/logo\/image\/","url":"https:\/\/i0.wp.com\/innoticiasbo.com\/wp-content\/uploads\/2026\/04\/cropped-IN-LOGO.png?fit=1476%2C1476&ssl=1","contentUrl":"https:\/\/i0.wp.com\/innoticiasbo.com\/wp-content\/uploads\/2026\/04\/cropped-IN-LOGO.png?fit=1476%2C1476&ssl=1","width":1476,"height":1476,"caption":"innoticiasbo.com"},"image":{"@id":"https:\/\/innoticiasbo.com\/#\/schema\/logo\/image\/"},"sameAs":["https:\/\/www.facebook.com\/innoticiasbolivia","https:\/\/x.com\/innoticiasbo","https:\/\/www.instagram.com\/innoticiasbo","https:\/\/www.youtube.com\/innoticiasbo"]},{"@type":"Person","@id":"https:\/\/innoticiasbo.com\/#\/schema\/person\/0b28481e8d0316f83a13bc702311def5","name":"Prensa 11","image":{"@type":"ImageObject","inLanguage":"es","@id":"https:\/\/innoticiasbo.com\/#\/schema\/person\/image\/","url":"https:\/\/secure.gravatar.com\/avatar\/696560c17349f1807a610bf83832bad0?s=96&d=mm&r=g","contentUrl":"https:\/\/secure.gravatar.com\/avatar\/696560c17349f1807a610bf83832bad0?s=96&d=mm&r=g","caption":"Prensa 11"},"sameAs":["http:\/\/www.innoticiasbo.com"],"url":"https:\/\/innoticiasbo.com\/index.php\/author\/prensa-11\/"}]}},"jetpack_featured_media_url":"https:\/\/i0.wp.com\/innoticiasbo.com\/wp-content\/uploads\/2026\/03\/733d73ab-62dc-45da-a855-8e7a0e450d5f.jpg?fit=1599%2C899&ssl=1","jetpack_likes_enabled":true,"jetpack_sharing_enabled":true,"jetpack_shortlink":"https:\/\/wp.me\/pg298x-2yx","_links":{"self":[{"href":"https:\/\/innoticiasbo.com\/index.php\/wp-json\/wp\/v2\/posts\/9829","targetHints":{"allow":["GET"]}}],"collection":[{"href":"https:\/\/innoticiasbo.com\/index.php\/wp-json\/wp\/v2\/posts"}],"about":[{"href":"https:\/\/innoticiasbo.com\/index.php\/wp-json\/wp\/v2\/types\/post"}],"author":[{"embeddable":true,"href":"https:\/\/innoticiasbo.com\/index.php\/wp-json\/wp\/v2\/users\/11"}],"replies":[{"embeddable":true,"href":"https:\/\/innoticiasbo.com\/index.php\/wp-json\/wp\/v2\/comments?post=9829"}],"version-history":[{"count":1,"href":"https:\/\/innoticiasbo.com\/index.php\/wp-json\/wp\/v2\/posts\/9829\/revisions"}],"predecessor-version":[{"id":9832,"href":"https:\/\/innoticiasbo.com\/index.php\/wp-json\/wp\/v2\/posts\/9829\/revisions\/9832"}],"wp:featuredmedia":[{"embeddable":true,"href":"https:\/\/innoticiasbo.com\/index.php\/wp-json\/wp\/v2\/media\/9831"}],"wp:attachment":[{"href":"https:\/\/innoticiasbo.com\/index.php\/wp-json\/wp\/v2\/media?parent=9829"}],"wp:term":[{"taxonomy":"category","embeddable":true,"href":"https:\/\/innoticiasbo.com\/index.php\/wp-json\/wp\/v2\/categories?post=9829"},{"taxonomy":"post_tag","embeddable":true,"href":"https:\/\/innoticiasbo.com\/index.php\/wp-json\/wp\/v2\/tags?post=9829"}],"curies":[{"name":"wp","href":"https:\/\/api.w.org\/{rel}","templated":true}]}}