{"id":9826,"date":"2026-03-18T22:40:03","date_gmt":"2026-03-19T02:40:03","guid":{"rendered":"https:\/\/innoticiasbo.com\/?p=9826"},"modified":"2026-03-18T22:40:05","modified_gmt":"2026-03-19T02:40:05","slug":"marset-declara-ante-autoridades-de-eeuu-y-viceministro-de-regimen-interior-anticipa-novedades","status":"publish","type":"post","link":"https:\/\/innoticiasbo.com\/index.php\/2026\/03\/18\/marset-declara-ante-autoridades-de-eeuu-y-viceministro-de-regimen-interior-anticipa-novedades\/","title":{"rendered":"MARSET DECLARA ANTE AUTORIDADES DE EEUU Y VICEMINISTRO DE R\u00c9GIMEN INTERIOR ANTICIPA &#8216;NOVEDADES&#8217;"},"content":{"rendered":"\n<figure class=\"wp-block-image size-full\"><img data-recalc-dims=\"1\" loading=\"lazy\" decoding=\"async\" width=\"640\" height=\"360\" src=\"https:\/\/i0.wp.com\/innoticiasbo.com\/wp-content\/uploads\/2026\/03\/image-229.png?resize=640%2C360&#038;ssl=1\" alt=\"\" class=\"wp-image-9827\" srcset=\"https:\/\/i0.wp.com\/innoticiasbo.com\/wp-content\/uploads\/2026\/03\/image-229.png?w=992&amp;ssl=1 992w, https:\/\/i0.wp.com\/innoticiasbo.com\/wp-content\/uploads\/2026\/03\/image-229.png?resize=300%2C169&amp;ssl=1 300w, https:\/\/i0.wp.com\/innoticiasbo.com\/wp-content\/uploads\/2026\/03\/image-229.png?resize=768%2C432&amp;ssl=1 768w\" sizes=\"auto, (max-width: 640px) 100vw, 640px\" \/><\/figure>\n\n\n\n<p>Internacional, 18 de Marzo de 2026.- \u00abLa legislaci\u00f3n americana permite acortar las sanciones en los casos de que el delincuente colabore en la investigaci\u00f3n\u00bb, dijo el titular de R\u00e9gimen Interior.<\/p>\n\n\n\n<p>El viceministro R\u00e9gimen Interior, Hern\u00e1n Paredes, ratific\u00f3 que el narcotraficante uruguayo Sebasti\u00e1n Marset est\u00e1 declarando en Estados Unidos, pa\u00eds donde colaborar con la investigaci\u00f3n permite acortar sanciones.&nbsp;&nbsp;&nbsp;<\/p>\n\n\n\n<p>Paredes se refiri\u00f3 al tema despu\u00e9s de que el abogado de Marset, desde Uruguay, neg\u00f3 que su defendido haya declarado ante la justicia estadounidense.<\/p>\n\n\n\n<p>\u201cNo se ha abstenido de declarar. \u00c9l est\u00e1 declarando en Estados Unidos. La legislaci\u00f3n americana permite acortar las sanciones en los casos de que el delincuente colabore en la investigaci\u00f3n. Entonces, yo creo que vamos a tener novedades en diferentes casos\u201d, dijo el viceministro este mi\u00e9rcoles.<\/p>\n\n\n\n<p>Anteriormente, el viceministro de Sustancias Controladas, Ernesto Justiniano, asever\u00f3 que Marset estaba declarando en EEUU. Para este mi\u00e9rcoles reconoci\u00f3 que puede haber diferentes narrativas, pero las autoridades estadunidenses dar\u00e1n una comunicaci\u00f3n oficial.<\/p>\n\n\n\n<p>Marset fue aprehendido el viernes en Bolivia y, en el d\u00eda, fue expulsado del pa\u00eds hacia Estados Unidos, donde comparece por lavado de dinero proveniente del narcotr\u00e1fico.<\/p>\n\n\n\n<p>En Bolivia tambi\u00e9n siguen las investigaciones contra los involucrados en el caso e incluso existen alertas migratorias vigentes, seg\u00fan revel\u00f3 el viceministro Paredes.<\/p>\n\n\n\n<p>Fuente: Opini\u00f3n<\/p>\n","protected":false},"excerpt":{"rendered":"<p>Internacional, 18 de Marzo de 2026.- \u00abLa legislaci\u00f3n americana permite acortar las sanciones en los casos de que el delincuente colabore en la investigaci\u00f3n\u00bb, dijo el titular de R\u00e9gimen Interior. El viceministro R\u00e9gimen Interior, Hern\u00e1n Paredes, ratific\u00f3 que el narcotraficante uruguayo Sebasti\u00e1n Marset est\u00e1 declarando en Estados Unidos, pa\u00eds donde colaborar con la investigaci\u00f3n permite&#8230;<\/p>\n","protected":false},"author":11,"featured_media":9827,"comment_status":"open","ping_status":"open","sticky":false,"template":"","format":"standard","meta":{"_jetpack_memberships_contains_paid_content":false,"footnotes":"","jetpack_publicize_message":"","jetpack_publicize_feature_enabled":true,"jetpack_social_post_already_shared":true,"jetpack_social_options":{"image_generator_settings":{"template":"highway","enabled":false},"version":2}},"categories":[684],"tags":[1583,829,8,10,563],"class_list":["post-9826","post","type-post","status-publish","format-standard","has-post-thumbnail","hentry","category-internacional","tag-caso-marset","tag-declaracion","tag-internacional","tag-politica","tag-sebastian-marset"],"jetpack_publicize_connections":[],"yoast_head":"<!-- This site is optimized with the Yoast SEO plugin v23.4 - https:\/\/yoast.com\/wordpress\/plugins\/seo\/ -->\n<title>MARSET DECLARA ANTE AUTORIDADES DE EEUU Y VICEMINISTRO DE R\u00c9GIMEN INTERIOR ANTICIPA &#039;NOVEDADES&#039; - innoticiasbo.com<\/title>\n<meta name=\"robots\" content=\"index, follow, max-snippet:-1, max-image-preview:large, max-video-preview:-1\" \/>\n<link rel=\"canonical\" href=\"https:\/\/innoticiasbo.com\/index.php\/2026\/03\/18\/marset-declara-ante-autoridades-de-eeuu-y-viceministro-de-regimen-interior-anticipa-novedades\/\" \/>\n<meta property=\"og:locale\" content=\"es_ES\" \/>\n<meta property=\"og:type\" content=\"article\" \/>\n<meta property=\"og:title\" content=\"MARSET DECLARA ANTE AUTORIDADES DE EEUU Y VICEMINISTRO DE R\u00c9GIMEN INTERIOR ANTICIPA &#039;NOVEDADES&#039; - innoticiasbo.com\" \/>\n<meta property=\"og:description\" content=\"Internacional, 18 de Marzo de 2026.- \u00abLa legislaci\u00f3n americana permite acortar las sanciones en los casos de que el delincuente colabore en la investigaci\u00f3n\u00bb, dijo el titular de R\u00e9gimen Interior. El viceministro R\u00e9gimen Interior, Hern\u00e1n Paredes, ratific\u00f3 que el narcotraficante uruguayo Sebasti\u00e1n Marset est\u00e1 declarando en Estados Unidos, pa\u00eds donde colaborar con la investigaci\u00f3n permite...\" \/>\n<meta property=\"og:url\" content=\"https:\/\/innoticiasbo.com\/index.php\/2026\/03\/18\/marset-declara-ante-autoridades-de-eeuu-y-viceministro-de-regimen-interior-anticipa-novedades\/\" \/>\n<meta property=\"og:site_name\" content=\"innoticiasbo.com\" \/>\n<meta property=\"article:publisher\" content=\"https:\/\/www.facebook.com\/innoticiasbolivia\" \/>\n<meta property=\"article:published_time\" content=\"2026-03-19T02:40:03+00:00\" \/>\n<meta property=\"article:modified_time\" content=\"2026-03-19T02:40:05+00:00\" \/>\n<meta property=\"og:image\" content=\"https:\/\/innoticiasbo.com\/wp-content\/uploads\/2026\/03\/image-229.png\" \/>\n\t<meta property=\"og:image:width\" content=\"992\" \/>\n\t<meta property=\"og:image:height\" content=\"558\" \/>\n\t<meta property=\"og:image:type\" content=\"image\/png\" \/>\n<meta name=\"author\" content=\"Prensa 11\" \/>\n<meta name=\"twitter:card\" content=\"summary_large_image\" \/>\n<meta name=\"twitter:creator\" content=\"@innoticiasbo\" \/>\n<meta name=\"twitter:site\" content=\"@innoticiasbo\" \/>\n<meta name=\"twitter:label1\" content=\"Escrito por\" \/>\n\t<meta name=\"twitter:data1\" content=\"Prensa 11\" \/>\n\t<meta name=\"twitter:label2\" content=\"Tiempo de lectura\" \/>\n\t<meta name=\"twitter:data2\" content=\"2 minutos\" \/>\n<script type=\"application\/ld+json\" class=\"yoast-schema-graph\">{\"@context\":\"https:\/\/schema.org\",\"@graph\":[{\"@type\":\"Article\",\"@id\":\"https:\/\/innoticiasbo.com\/index.php\/2026\/03\/18\/marset-declara-ante-autoridades-de-eeuu-y-viceministro-de-regimen-interior-anticipa-novedades\/#article\",\"isPartOf\":{\"@id\":\"https:\/\/innoticiasbo.com\/index.php\/2026\/03\/18\/marset-declara-ante-autoridades-de-eeuu-y-viceministro-de-regimen-interior-anticipa-novedades\/\"},\"author\":{\"name\":\"Prensa 11\",\"@id\":\"https:\/\/innoticiasbo.com\/#\/schema\/person\/0b28481e8d0316f83a13bc702311def5\"},\"headline\":\"MARSET DECLARA ANTE AUTORIDADES DE EEUU Y VICEMINISTRO DE R\u00c9GIMEN INTERIOR ANTICIPA &#8216;NOVEDADES&#8217;\",\"datePublished\":\"2026-03-19T02:40:03+00:00\",\"dateModified\":\"2026-03-19T02:40:05+00:00\",\"mainEntityOfPage\":{\"@id\":\"https:\/\/innoticiasbo.com\/index.php\/2026\/03\/18\/marset-declara-ante-autoridades-de-eeuu-y-viceministro-de-regimen-interior-anticipa-novedades\/\"},\"wordCount\":248,\"commentCount\":0,\"publisher\":{\"@id\":\"https:\/\/innoticiasbo.com\/#organization\"},\"image\":{\"@id\":\"https:\/\/innoticiasbo.com\/index.php\/2026\/03\/18\/marset-declara-ante-autoridades-de-eeuu-y-viceministro-de-regimen-interior-anticipa-novedades\/#primaryimage\"},\"thumbnailUrl\":\"https:\/\/i0.wp.com\/innoticiasbo.com\/wp-content\/uploads\/2026\/03\/image-229.png?fit=992%2C558&ssl=1\",\"keywords\":[\"Caso Marset\",\"declaraci\u00f3n\",\"Internacional\",\"Pol\u00edtica\",\"Sebasti\u00e1n Marset\"],\"articleSection\":[\"Internacional\"],\"inLanguage\":\"es\",\"potentialAction\":[{\"@type\":\"CommentAction\",\"name\":\"Comment\",\"target\":[\"https:\/\/innoticiasbo.com\/index.php\/2026\/03\/18\/marset-declara-ante-autoridades-de-eeuu-y-viceministro-de-regimen-interior-anticipa-novedades\/#respond\"]}]},{\"@type\":\"WebPage\",\"@id\":\"https:\/\/innoticiasbo.com\/index.php\/2026\/03\/18\/marset-declara-ante-autoridades-de-eeuu-y-viceministro-de-regimen-interior-anticipa-novedades\/\",\"url\":\"https:\/\/innoticiasbo.com\/index.php\/2026\/03\/18\/marset-declara-ante-autoridades-de-eeuu-y-viceministro-de-regimen-interior-anticipa-novedades\/\",\"name\":\"MARSET DECLARA ANTE AUTORIDADES DE EEUU Y VICEMINISTRO DE R\u00c9GIMEN INTERIOR ANTICIPA 'NOVEDADES' - innoticiasbo.com\",\"isPartOf\":{\"@id\":\"https:\/\/innoticiasbo.com\/#website\"},\"primaryImageOfPage\":{\"@id\":\"https:\/\/innoticiasbo.com\/index.php\/2026\/03\/18\/marset-declara-ante-autoridades-de-eeuu-y-viceministro-de-regimen-interior-anticipa-novedades\/#primaryimage\"},\"image\":{\"@id\":\"https:\/\/innoticiasbo.com\/index.php\/2026\/03\/18\/marset-declara-ante-autoridades-de-eeuu-y-viceministro-de-regimen-interior-anticipa-novedades\/#primaryimage\"},\"thumbnailUrl\":\"https:\/\/i0.wp.com\/innoticiasbo.com\/wp-content\/uploads\/2026\/03\/image-229.png?fit=992%2C558&ssl=1\",\"datePublished\":\"2026-03-19T02:40:03+00:00\",\"dateModified\":\"2026-03-19T02:40:05+00:00\",\"breadcrumb\":{\"@id\":\"https:\/\/innoticiasbo.com\/index.php\/2026\/03\/18\/marset-declara-ante-autoridades-de-eeuu-y-viceministro-de-regimen-interior-anticipa-novedades\/#breadcrumb\"},\"inLanguage\":\"es\",\"potentialAction\":[{\"@type\":\"ReadAction\",\"target\":[\"https:\/\/innoticiasbo.com\/index.php\/2026\/03\/18\/marset-declara-ante-autoridades-de-eeuu-y-viceministro-de-regimen-interior-anticipa-novedades\/\"]}]},{\"@type\":\"ImageObject\",\"inLanguage\":\"es\",\"@id\":\"https:\/\/innoticiasbo.com\/index.php\/2026\/03\/18\/marset-declara-ante-autoridades-de-eeuu-y-viceministro-de-regimen-interior-anticipa-novedades\/#primaryimage\",\"url\":\"https:\/\/i0.wp.com\/innoticiasbo.com\/wp-content\/uploads\/2026\/03\/image-229.png?fit=992%2C558&ssl=1\",\"contentUrl\":\"https:\/\/i0.wp.com\/innoticiasbo.com\/wp-content\/uploads\/2026\/03\/image-229.png?fit=992%2C558&ssl=1\",\"width\":992,\"height\":558},{\"@type\":\"BreadcrumbList\",\"@id\":\"https:\/\/innoticiasbo.com\/index.php\/2026\/03\/18\/marset-declara-ante-autoridades-de-eeuu-y-viceministro-de-regimen-interior-anticipa-novedades\/#breadcrumb\",\"itemListElement\":[{\"@type\":\"ListItem\",\"position\":1,\"name\":\"Portada\",\"item\":\"https:\/\/innoticiasbo.com\/\"},{\"@type\":\"ListItem\",\"position\":2,\"name\":\"MARSET DECLARA ANTE AUTORIDADES DE EEUU Y VICEMINISTRO DE R\u00c9GIMEN INTERIOR ANTICIPA &#8216;NOVEDADES&#8217;\"}]},{\"@type\":\"WebSite\",\"@id\":\"https:\/\/innoticiasbo.com\/#website\",\"url\":\"https:\/\/innoticiasbo.com\/\",\"name\":\"innoticiasbo.com\",\"description\":\"\",\"publisher\":{\"@id\":\"https:\/\/innoticiasbo.com\/#organization\"},\"potentialAction\":[{\"@type\":\"SearchAction\",\"target\":{\"@type\":\"EntryPoint\",\"urlTemplate\":\"https:\/\/innoticiasbo.com\/?s={search_term_string}\"},\"query-input\":{\"@type\":\"PropertyValueSpecification\",\"valueRequired\":true,\"valueName\":\"search_term_string\"}}],\"inLanguage\":\"es\"},{\"@type\":\"Organization\",\"@id\":\"https:\/\/innoticiasbo.com\/#organization\",\"name\":\"innoticiasbo.com\",\"url\":\"https:\/\/innoticiasbo.com\/\",\"logo\":{\"@type\":\"ImageObject\",\"inLanguage\":\"es\",\"@id\":\"https:\/\/innoticiasbo.com\/#\/schema\/logo\/image\/\",\"url\":\"https:\/\/i0.wp.com\/innoticiasbo.com\/wp-content\/uploads\/2026\/04\/cropped-IN-LOGO.png?fit=1476%2C1476&ssl=1\",\"contentUrl\":\"https:\/\/i0.wp.com\/innoticiasbo.com\/wp-content\/uploads\/2026\/04\/cropped-IN-LOGO.png?fit=1476%2C1476&ssl=1\",\"width\":1476,\"height\":1476,\"caption\":\"innoticiasbo.com\"},\"image\":{\"@id\":\"https:\/\/innoticiasbo.com\/#\/schema\/logo\/image\/\"},\"sameAs\":[\"https:\/\/www.facebook.com\/innoticiasbolivia\",\"https:\/\/x.com\/innoticiasbo\",\"https:\/\/www.instagram.com\/innoticiasbo\",\"https:\/\/www.youtube.com\/innoticiasbo\"]},{\"@type\":\"Person\",\"@id\":\"https:\/\/innoticiasbo.com\/#\/schema\/person\/0b28481e8d0316f83a13bc702311def5\",\"name\":\"Prensa 11\",\"image\":{\"@type\":\"ImageObject\",\"inLanguage\":\"es\",\"@id\":\"https:\/\/innoticiasbo.com\/#\/schema\/person\/image\/\",\"url\":\"https:\/\/secure.gravatar.com\/avatar\/696560c17349f1807a610bf83832bad0?s=96&d=mm&r=g\",\"contentUrl\":\"https:\/\/secure.gravatar.com\/avatar\/696560c17349f1807a610bf83832bad0?s=96&d=mm&r=g\",\"caption\":\"Prensa 11\"},\"sameAs\":[\"http:\/\/www.innoticiasbo.com\"],\"url\":\"https:\/\/innoticiasbo.com\/index.php\/author\/prensa-11\/\"}]}<\/script>\n<!-- \/ Yoast SEO plugin. -->","yoast_head_json":{"title":"MARSET DECLARA ANTE AUTORIDADES DE EEUU Y VICEMINISTRO DE R\u00c9GIMEN INTERIOR ANTICIPA 'NOVEDADES' - innoticiasbo.com","robots":{"index":"index","follow":"follow","max-snippet":"max-snippet:-1","max-image-preview":"max-image-preview:large","max-video-preview":"max-video-preview:-1"},"canonical":"https:\/\/innoticiasbo.com\/index.php\/2026\/03\/18\/marset-declara-ante-autoridades-de-eeuu-y-viceministro-de-regimen-interior-anticipa-novedades\/","og_locale":"es_ES","og_type":"article","og_title":"MARSET DECLARA ANTE AUTORIDADES DE EEUU Y VICEMINISTRO DE R\u00c9GIMEN INTERIOR ANTICIPA 'NOVEDADES' - innoticiasbo.com","og_description":"Internacional, 18 de Marzo de 2026.- \u00abLa legislaci\u00f3n americana permite acortar las sanciones en los casos de que el delincuente colabore en la investigaci\u00f3n\u00bb, dijo el titular de R\u00e9gimen Interior. El viceministro R\u00e9gimen Interior, Hern\u00e1n Paredes, ratific\u00f3 que el narcotraficante uruguayo Sebasti\u00e1n Marset est\u00e1 declarando en Estados Unidos, pa\u00eds donde colaborar con la investigaci\u00f3n permite...","og_url":"https:\/\/innoticiasbo.com\/index.php\/2026\/03\/18\/marset-declara-ante-autoridades-de-eeuu-y-viceministro-de-regimen-interior-anticipa-novedades\/","og_site_name":"innoticiasbo.com","article_publisher":"https:\/\/www.facebook.com\/innoticiasbolivia","article_published_time":"2026-03-19T02:40:03+00:00","article_modified_time":"2026-03-19T02:40:05+00:00","og_image":[{"width":992,"height":558,"url":"https:\/\/innoticiasbo.com\/wp-content\/uploads\/2026\/03\/image-229.png","type":"image\/png"}],"author":"Prensa 11","twitter_card":"summary_large_image","twitter_creator":"@innoticiasbo","twitter_site":"@innoticiasbo","twitter_misc":{"Escrito por":"Prensa 11","Tiempo de lectura":"2 minutos"},"schema":{"@context":"https:\/\/schema.org","@graph":[{"@type":"Article","@id":"https:\/\/innoticiasbo.com\/index.php\/2026\/03\/18\/marset-declara-ante-autoridades-de-eeuu-y-viceministro-de-regimen-interior-anticipa-novedades\/#article","isPartOf":{"@id":"https:\/\/innoticiasbo.com\/index.php\/2026\/03\/18\/marset-declara-ante-autoridades-de-eeuu-y-viceministro-de-regimen-interior-anticipa-novedades\/"},"author":{"name":"Prensa 11","@id":"https:\/\/innoticiasbo.com\/#\/schema\/person\/0b28481e8d0316f83a13bc702311def5"},"headline":"MARSET DECLARA ANTE AUTORIDADES DE EEUU Y VICEMINISTRO DE R\u00c9GIMEN INTERIOR ANTICIPA &#8216;NOVEDADES&#8217;","datePublished":"2026-03-19T02:40:03+00:00","dateModified":"2026-03-19T02:40:05+00:00","mainEntityOfPage":{"@id":"https:\/\/innoticiasbo.com\/index.php\/2026\/03\/18\/marset-declara-ante-autoridades-de-eeuu-y-viceministro-de-regimen-interior-anticipa-novedades\/"},"wordCount":248,"commentCount":0,"publisher":{"@id":"https:\/\/innoticiasbo.com\/#organization"},"image":{"@id":"https:\/\/innoticiasbo.com\/index.php\/2026\/03\/18\/marset-declara-ante-autoridades-de-eeuu-y-viceministro-de-regimen-interior-anticipa-novedades\/#primaryimage"},"thumbnailUrl":"https:\/\/i0.wp.com\/innoticiasbo.com\/wp-content\/uploads\/2026\/03\/image-229.png?fit=992%2C558&ssl=1","keywords":["Caso Marset","declaraci\u00f3n","Internacional","Pol\u00edtica","Sebasti\u00e1n Marset"],"articleSection":["Internacional"],"inLanguage":"es","potentialAction":[{"@type":"CommentAction","name":"Comment","target":["https:\/\/innoticiasbo.com\/index.php\/2026\/03\/18\/marset-declara-ante-autoridades-de-eeuu-y-viceministro-de-regimen-interior-anticipa-novedades\/#respond"]}]},{"@type":"WebPage","@id":"https:\/\/innoticiasbo.com\/index.php\/2026\/03\/18\/marset-declara-ante-autoridades-de-eeuu-y-viceministro-de-regimen-interior-anticipa-novedades\/","url":"https:\/\/innoticiasbo.com\/index.php\/2026\/03\/18\/marset-declara-ante-autoridades-de-eeuu-y-viceministro-de-regimen-interior-anticipa-novedades\/","name":"MARSET DECLARA ANTE AUTORIDADES DE EEUU Y VICEMINISTRO DE R\u00c9GIMEN INTERIOR ANTICIPA 'NOVEDADES' - innoticiasbo.com","isPartOf":{"@id":"https:\/\/innoticiasbo.com\/#website"},"primaryImageOfPage":{"@id":"https:\/\/innoticiasbo.com\/index.php\/2026\/03\/18\/marset-declara-ante-autoridades-de-eeuu-y-viceministro-de-regimen-interior-anticipa-novedades\/#primaryimage"},"image":{"@id":"https:\/\/innoticiasbo.com\/index.php\/2026\/03\/18\/marset-declara-ante-autoridades-de-eeuu-y-viceministro-de-regimen-interior-anticipa-novedades\/#primaryimage"},"thumbnailUrl":"https:\/\/i0.wp.com\/innoticiasbo.com\/wp-content\/uploads\/2026\/03\/image-229.png?fit=992%2C558&ssl=1","datePublished":"2026-03-19T02:40:03+00:00","dateModified":"2026-03-19T02:40:05+00:00","breadcrumb":{"@id":"https:\/\/innoticiasbo.com\/index.php\/2026\/03\/18\/marset-declara-ante-autoridades-de-eeuu-y-viceministro-de-regimen-interior-anticipa-novedades\/#breadcrumb"},"inLanguage":"es","potentialAction":[{"@type":"ReadAction","target":["https:\/\/innoticiasbo.com\/index.php\/2026\/03\/18\/marset-declara-ante-autoridades-de-eeuu-y-viceministro-de-regimen-interior-anticipa-novedades\/"]}]},{"@type":"ImageObject","inLanguage":"es","@id":"https:\/\/innoticiasbo.com\/index.php\/2026\/03\/18\/marset-declara-ante-autoridades-de-eeuu-y-viceministro-de-regimen-interior-anticipa-novedades\/#primaryimage","url":"https:\/\/i0.wp.com\/innoticiasbo.com\/wp-content\/uploads\/2026\/03\/image-229.png?fit=992%2C558&ssl=1","contentUrl":"https:\/\/i0.wp.com\/innoticiasbo.com\/wp-content\/uploads\/2026\/03\/image-229.png?fit=992%2C558&ssl=1","width":992,"height":558},{"@type":"BreadcrumbList","@id":"https:\/\/innoticiasbo.com\/index.php\/2026\/03\/18\/marset-declara-ante-autoridades-de-eeuu-y-viceministro-de-regimen-interior-anticipa-novedades\/#breadcrumb","itemListElement":[{"@type":"ListItem","position":1,"name":"Portada","item":"https:\/\/innoticiasbo.com\/"},{"@type":"ListItem","position":2,"name":"MARSET DECLARA ANTE AUTORIDADES DE EEUU Y VICEMINISTRO DE R\u00c9GIMEN INTERIOR ANTICIPA &#8216;NOVEDADES&#8217;"}]},{"@type":"WebSite","@id":"https:\/\/innoticiasbo.com\/#website","url":"https:\/\/innoticiasbo.com\/","name":"innoticiasbo.com","description":"","publisher":{"@id":"https:\/\/innoticiasbo.com\/#organization"},"potentialAction":[{"@type":"SearchAction","target":{"@type":"EntryPoint","urlTemplate":"https:\/\/innoticiasbo.com\/?s={search_term_string}"},"query-input":{"@type":"PropertyValueSpecification","valueRequired":true,"valueName":"search_term_string"}}],"inLanguage":"es"},{"@type":"Organization","@id":"https:\/\/innoticiasbo.com\/#organization","name":"innoticiasbo.com","url":"https:\/\/innoticiasbo.com\/","logo":{"@type":"ImageObject","inLanguage":"es","@id":"https:\/\/innoticiasbo.com\/#\/schema\/logo\/image\/","url":"https:\/\/i0.wp.com\/innoticiasbo.com\/wp-content\/uploads\/2026\/04\/cropped-IN-LOGO.png?fit=1476%2C1476&ssl=1","contentUrl":"https:\/\/i0.wp.com\/innoticiasbo.com\/wp-content\/uploads\/2026\/04\/cropped-IN-LOGO.png?fit=1476%2C1476&ssl=1","width":1476,"height":1476,"caption":"innoticiasbo.com"},"image":{"@id":"https:\/\/innoticiasbo.com\/#\/schema\/logo\/image\/"},"sameAs":["https:\/\/www.facebook.com\/innoticiasbolivia","https:\/\/x.com\/innoticiasbo","https:\/\/www.instagram.com\/innoticiasbo","https:\/\/www.youtube.com\/innoticiasbo"]},{"@type":"Person","@id":"https:\/\/innoticiasbo.com\/#\/schema\/person\/0b28481e8d0316f83a13bc702311def5","name":"Prensa 11","image":{"@type":"ImageObject","inLanguage":"es","@id":"https:\/\/innoticiasbo.com\/#\/schema\/person\/image\/","url":"https:\/\/secure.gravatar.com\/avatar\/696560c17349f1807a610bf83832bad0?s=96&d=mm&r=g","contentUrl":"https:\/\/secure.gravatar.com\/avatar\/696560c17349f1807a610bf83832bad0?s=96&d=mm&r=g","caption":"Prensa 11"},"sameAs":["http:\/\/www.innoticiasbo.com"],"url":"https:\/\/innoticiasbo.com\/index.php\/author\/prensa-11\/"}]}},"jetpack_featured_media_url":"https:\/\/i0.wp.com\/innoticiasbo.com\/wp-content\/uploads\/2026\/03\/image-229.png?fit=992%2C558&ssl=1","jetpack_likes_enabled":true,"jetpack_sharing_enabled":true,"jetpack_shortlink":"https:\/\/wp.me\/pg298x-2yu","_links":{"self":[{"href":"https:\/\/innoticiasbo.com\/index.php\/wp-json\/wp\/v2\/posts\/9826","targetHints":{"allow":["GET"]}}],"collection":[{"href":"https:\/\/innoticiasbo.com\/index.php\/wp-json\/wp\/v2\/posts"}],"about":[{"href":"https:\/\/innoticiasbo.com\/index.php\/wp-json\/wp\/v2\/types\/post"}],"author":[{"embeddable":true,"href":"https:\/\/innoticiasbo.com\/index.php\/wp-json\/wp\/v2\/users\/11"}],"replies":[{"embeddable":true,"href":"https:\/\/innoticiasbo.com\/index.php\/wp-json\/wp\/v2\/comments?post=9826"}],"version-history":[{"count":1,"href":"https:\/\/innoticiasbo.com\/index.php\/wp-json\/wp\/v2\/posts\/9826\/revisions"}],"predecessor-version":[{"id":9828,"href":"https:\/\/innoticiasbo.com\/index.php\/wp-json\/wp\/v2\/posts\/9826\/revisions\/9828"}],"wp:featuredmedia":[{"embeddable":true,"href":"https:\/\/innoticiasbo.com\/index.php\/wp-json\/wp\/v2\/media\/9827"}],"wp:attachment":[{"href":"https:\/\/innoticiasbo.com\/index.php\/wp-json\/wp\/v2\/media?parent=9826"}],"wp:term":[{"taxonomy":"category","embeddable":true,"href":"https:\/\/innoticiasbo.com\/index.php\/wp-json\/wp\/v2\/categories?post=9826"},{"taxonomy":"post_tag","embeddable":true,"href":"https:\/\/innoticiasbo.com\/index.php\/wp-json\/wp\/v2\/tags?post=9826"}],"curies":[{"name":"wp","href":"https:\/\/api.w.org\/{rel}","templated":true}]}}