{"id":9820,"date":"2026-03-18T22:01:49","date_gmt":"2026-03-19T02:01:49","guid":{"rendered":"https:\/\/innoticiasbo.com\/?p=9820"},"modified":"2026-03-18T22:01:50","modified_gmt":"2026-03-19T02:01:50","slug":"rioja-refuerza-su-vinculo-con-los-jovenes-en-el-cierre-de-campana-departamental","status":"publish","type":"post","link":"https:\/\/innoticiasbo.com\/index.php\/2026\/03\/18\/rioja-refuerza-su-vinculo-con-los-jovenes-en-el-cierre-de-campana-departamental\/","title":{"rendered":"RIOJA REFUERZA SU V\u00cdNCULO CON LOS J\u00d3VENES EN EL CIERRE DE CAMPA\u00d1A DEPARTAMENTAL"},"content":{"rendered":"\n<figure class=\"wp-block-image size-large\"><img data-recalc-dims=\"1\" loading=\"lazy\" decoding=\"async\" width=\"640\" height=\"360\" src=\"https:\/\/i0.wp.com\/innoticiasbo.com\/wp-content\/uploads\/2026\/03\/image-228.png?resize=640%2C360&#038;ssl=1\" alt=\"\" class=\"wp-image-9821\" srcset=\"https:\/\/i0.wp.com\/innoticiasbo.com\/wp-content\/uploads\/2026\/03\/image-228.png?resize=1024%2C576&amp;ssl=1 1024w, https:\/\/i0.wp.com\/innoticiasbo.com\/wp-content\/uploads\/2026\/03\/image-228.png?resize=300%2C169&amp;ssl=1 300w, https:\/\/i0.wp.com\/innoticiasbo.com\/wp-content\/uploads\/2026\/03\/image-228.png?resize=768%2C432&amp;ssl=1 768w, https:\/\/i0.wp.com\/innoticiasbo.com\/wp-content\/uploads\/2026\/03\/image-228.png?resize=1536%2C864&amp;ssl=1 1536w, https:\/\/i0.wp.com\/innoticiasbo.com\/wp-content\/uploads\/2026\/03\/image-228.png?w=1600&amp;ssl=1 1600w, https:\/\/i0.wp.com\/innoticiasbo.com\/wp-content\/uploads\/2026\/03\/image-228.png?w=1280&amp;ssl=1 1280w\" sizes=\"auto, (max-width: 640px) 100vw, 640px\" \/><\/figure>\n\n\n\n<p><strong>Cochabamba, 18 de Marzo de 2026.-<\/strong> En la recta final de las Elecciones Subnacionales 2026, el candidato a la Gobernaci\u00f3n de Cochabamba por Nueva Generaci\u00f3n Patri\u00f3tica (NGP), Jhon Rioja, reforz\u00f3 su v\u00ednculo con los j\u00f3venes de las 16 provincias durante el acto de cierre de campa\u00f1a departamental realizado en el municipio de Quillacollo.<\/p>\n\n\n\n<p>Al ritmo de los Turromantikos, Magoman, El Arrebato y Yerba Brava, entre otros, decenas de asistentes disfrutaron de esta fiesta democr\u00e1tica rumbo al 22 de marzo. Acompa\u00f1ado de los candidatos a asamble\u00edstas, alcaldes y concejales, Rioja puso a los j\u00f3venes en el centro de su mensaje final como actores estrat\u00e9gicos para la transformaci\u00f3n del departamento.<\/p>\n\n\n\n<p>A su vez, remarc\u00f3 que \u00e9l representa a una nueva generaci\u00f3n pol\u00edtica en un partido nuevo que lucha contra la corrupci\u00f3n y la vieja pol\u00edtica.<\/p>\n\n\n\n<p>El postulante ratific\u00f3 las propuestas como parte de su Plan de Desarrollo Sostenible articuladas bajo el lema \u201cOrden para limpiar, justicia para avanzar\u201d.<\/p>\n\n\n\n<p>Abogado de profesi\u00f3n, Rioja, se mostr\u00f3 dispuesto a trabajar contra la injusticia con el apoyo de las 16 provincias y los 49 municipios. Inst\u00f3 a la unidad con la promesa de que no haya bolivianos ni de primera ni de segunda clase.<\/p>\n\n\n\n<p>El presidente nacional de NGP, Edgar Uriona, que sali\u00f3 del pa\u00eds muy joven hacia el pa\u00eds del norte en busca de mejores condiciones de vida y retorn\u00f3 como un empresario exitoso, record\u00f3 que su fin mayor es construir una nueva Bolivia donde haya oportunidades para los m\u00e1s j\u00f3venes en sus emprendimientos y fuentes de empleo dignas.<\/p>\n\n\n\n<p>PROPUESTA<\/p>\n\n\n\n<p>Jhon Rioja centra su Plan de Gobierno en cuatro acciones principales orientadas a recuperar los recursos de los cochabambinos para su inversi\u00f3n en proyectos de gran impacto como carreteras, hospitales, una universidad p\u00fablica departamental, un parque industrial, la implementaci\u00f3n de una granja de pollos y m\u00e1s obras estrat\u00e9gicas. Para el candidato de NGP es prioritario que Cochabamba recupere los recursos que le corresponden por las regal\u00edas de la generaci\u00f3n de energ\u00eda el\u00e9ctrica, por el uso del agua de Misicuni, el Tren Metropolitano y la venta de urea.<\/p>\n\n\n\n<p>Finalmente reafirm\u00f3 su compromiso con el medio ambiente colocando en primer plano el cuidado de los recursos naturales, la protecci\u00f3n del agua, la lucha contra la contaminaci\u00f3n y la reforestaci\u00f3n del Parque Nacional Tunari, adem\u00e1s de la prevenci\u00f3n de incendios y la defensa de las tierras frente a los avasallamientos.<\/p>\n","protected":false},"excerpt":{"rendered":"<p>Cochabamba, 18 de Marzo de 2026.- En la recta final de las Elecciones Subnacionales 2026, el candidato a la Gobernaci\u00f3n de Cochabamba por Nueva Generaci\u00f3n Patri\u00f3tica (NGP), Jhon Rioja, reforz\u00f3 su v\u00ednculo con los j\u00f3venes de las 16 provincias durante el acto de cierre de campa\u00f1a departamental realizado en el municipio de Quillacollo. Al ritmo&#8230;<\/p>\n","protected":false},"author":11,"featured_media":9821,"comment_status":"open","ping_status":"open","sticky":false,"template":"","format":"standard","meta":{"_jetpack_memberships_contains_paid_content":false,"footnotes":"","jetpack_publicize_message":"","jetpack_publicize_feature_enabled":true,"jetpack_social_post_already_shared":true,"jetpack_social_options":{"image_generator_settings":{"template":"highway","enabled":false},"version":2}},"categories":[2,3],"tags":[980,6,1603,894,1604,10,19],"class_list":["post-9820","post","type-post","status-publish","format-standard","has-post-thumbnail","hentry","category-cochabamba","category-politica","tag-cierre-de-campana","tag-cochabamba","tag-jhon-rioja","tag-ngp","tag-nueva-generacion-patriotica","tag-politica","tag-quillacollo"],"jetpack_publicize_connections":[],"yoast_head":"<!-- This site is optimized with the Yoast SEO plugin v23.4 - https:\/\/yoast.com\/wordpress\/plugins\/seo\/ -->\n<title>RIOJA REFUERZA SU V\u00cdNCULO CON LOS J\u00d3VENES EN EL CIERRE DE CAMPA\u00d1A DEPARTAMENTAL - innoticiasbo.com<\/title>\n<meta name=\"robots\" content=\"index, follow, max-snippet:-1, max-image-preview:large, max-video-preview:-1\" \/>\n<link rel=\"canonical\" href=\"https:\/\/innoticiasbo.com\/index.php\/2026\/03\/18\/rioja-refuerza-su-vinculo-con-los-jovenes-en-el-cierre-de-campana-departamental\/\" \/>\n<meta property=\"og:locale\" content=\"es_ES\" \/>\n<meta property=\"og:type\" content=\"article\" \/>\n<meta property=\"og:title\" content=\"RIOJA REFUERZA SU V\u00cdNCULO CON LOS J\u00d3VENES EN EL CIERRE DE CAMPA\u00d1A DEPARTAMENTAL - innoticiasbo.com\" \/>\n<meta property=\"og:description\" content=\"Cochabamba, 18 de Marzo de 2026.- En la recta final de las Elecciones Subnacionales 2026, el candidato a la Gobernaci\u00f3n de Cochabamba por Nueva Generaci\u00f3n Patri\u00f3tica (NGP), Jhon Rioja, reforz\u00f3 su v\u00ednculo con los j\u00f3venes de las 16 provincias durante el acto de cierre de campa\u00f1a departamental realizado en el municipio de Quillacollo. Al ritmo...\" \/>\n<meta property=\"og:url\" content=\"https:\/\/innoticiasbo.com\/index.php\/2026\/03\/18\/rioja-refuerza-su-vinculo-con-los-jovenes-en-el-cierre-de-campana-departamental\/\" \/>\n<meta property=\"og:site_name\" content=\"innoticiasbo.com\" \/>\n<meta property=\"article:publisher\" content=\"https:\/\/www.facebook.com\/innoticiasbolivia\" \/>\n<meta property=\"article:published_time\" content=\"2026-03-19T02:01:49+00:00\" \/>\n<meta property=\"article:modified_time\" content=\"2026-03-19T02:01:50+00:00\" \/>\n<meta property=\"og:image\" content=\"https:\/\/innoticiasbo.com\/wp-content\/uploads\/2026\/03\/image-228-1024x576.png\" \/>\n\t<meta property=\"og:image:width\" content=\"1024\" \/>\n\t<meta property=\"og:image:height\" content=\"576\" \/>\n\t<meta property=\"og:image:type\" content=\"image\/png\" \/>\n<meta name=\"author\" content=\"Prensa 11\" \/>\n<meta name=\"twitter:card\" content=\"summary_large_image\" \/>\n<meta name=\"twitter:creator\" content=\"@innoticiasbo\" \/>\n<meta name=\"twitter:site\" content=\"@innoticiasbo\" \/>\n<meta name=\"twitter:label1\" content=\"Escrito por\" \/>\n\t<meta name=\"twitter:data1\" content=\"Prensa 11\" \/>\n\t<meta name=\"twitter:label2\" content=\"Tiempo de lectura\" \/>\n\t<meta name=\"twitter:data2\" content=\"3 minutos\" \/>\n<script type=\"application\/ld+json\" class=\"yoast-schema-graph\">{\"@context\":\"https:\/\/schema.org\",\"@graph\":[{\"@type\":\"Article\",\"@id\":\"https:\/\/innoticiasbo.com\/index.php\/2026\/03\/18\/rioja-refuerza-su-vinculo-con-los-jovenes-en-el-cierre-de-campana-departamental\/#article\",\"isPartOf\":{\"@id\":\"https:\/\/innoticiasbo.com\/index.php\/2026\/03\/18\/rioja-refuerza-su-vinculo-con-los-jovenes-en-el-cierre-de-campana-departamental\/\"},\"author\":{\"name\":\"Prensa 11\",\"@id\":\"https:\/\/innoticiasbo.com\/#\/schema\/person\/0b28481e8d0316f83a13bc702311def5\"},\"headline\":\"RIOJA REFUERZA SU V\u00cdNCULO CON LOS J\u00d3VENES EN EL CIERRE DE CAMPA\u00d1A DEPARTAMENTAL\",\"datePublished\":\"2026-03-19T02:01:49+00:00\",\"dateModified\":\"2026-03-19T02:01:50+00:00\",\"mainEntityOfPage\":{\"@id\":\"https:\/\/innoticiasbo.com\/index.php\/2026\/03\/18\/rioja-refuerza-su-vinculo-con-los-jovenes-en-el-cierre-de-campana-departamental\/\"},\"wordCount\":437,\"commentCount\":0,\"publisher\":{\"@id\":\"https:\/\/innoticiasbo.com\/#organization\"},\"image\":{\"@id\":\"https:\/\/innoticiasbo.com\/index.php\/2026\/03\/18\/rioja-refuerza-su-vinculo-con-los-jovenes-en-el-cierre-de-campana-departamental\/#primaryimage\"},\"thumbnailUrl\":\"https:\/\/i0.wp.com\/innoticiasbo.com\/wp-content\/uploads\/2026\/03\/image-228.png?fit=1600%2C900&ssl=1\",\"keywords\":[\"cierre de campa\u00f1a\",\"Cochabamba\",\"Jhon Rioja\",\"NGP\",\"Nueva Generaci\u00f3n Patri\u00f3tica\",\"Pol\u00edtica\",\"Quillacollo\"],\"articleSection\":[\"Cochabamba\",\"Pol\u00edtica\"],\"inLanguage\":\"es\",\"potentialAction\":[{\"@type\":\"CommentAction\",\"name\":\"Comment\",\"target\":[\"https:\/\/innoticiasbo.com\/index.php\/2026\/03\/18\/rioja-refuerza-su-vinculo-con-los-jovenes-en-el-cierre-de-campana-departamental\/#respond\"]}]},{\"@type\":\"WebPage\",\"@id\":\"https:\/\/innoticiasbo.com\/index.php\/2026\/03\/18\/rioja-refuerza-su-vinculo-con-los-jovenes-en-el-cierre-de-campana-departamental\/\",\"url\":\"https:\/\/innoticiasbo.com\/index.php\/2026\/03\/18\/rioja-refuerza-su-vinculo-con-los-jovenes-en-el-cierre-de-campana-departamental\/\",\"name\":\"RIOJA REFUERZA SU V\u00cdNCULO CON LOS J\u00d3VENES EN EL CIERRE DE CAMPA\u00d1A DEPARTAMENTAL - innoticiasbo.com\",\"isPartOf\":{\"@id\":\"https:\/\/innoticiasbo.com\/#website\"},\"primaryImageOfPage\":{\"@id\":\"https:\/\/innoticiasbo.com\/index.php\/2026\/03\/18\/rioja-refuerza-su-vinculo-con-los-jovenes-en-el-cierre-de-campana-departamental\/#primaryimage\"},\"image\":{\"@id\":\"https:\/\/innoticiasbo.com\/index.php\/2026\/03\/18\/rioja-refuerza-su-vinculo-con-los-jovenes-en-el-cierre-de-campana-departamental\/#primaryimage\"},\"thumbnailUrl\":\"https:\/\/i0.wp.com\/innoticiasbo.com\/wp-content\/uploads\/2026\/03\/image-228.png?fit=1600%2C900&ssl=1\",\"datePublished\":\"2026-03-19T02:01:49+00:00\",\"dateModified\":\"2026-03-19T02:01:50+00:00\",\"breadcrumb\":{\"@id\":\"https:\/\/innoticiasbo.com\/index.php\/2026\/03\/18\/rioja-refuerza-su-vinculo-con-los-jovenes-en-el-cierre-de-campana-departamental\/#breadcrumb\"},\"inLanguage\":\"es\",\"potentialAction\":[{\"@type\":\"ReadAction\",\"target\":[\"https:\/\/innoticiasbo.com\/index.php\/2026\/03\/18\/rioja-refuerza-su-vinculo-con-los-jovenes-en-el-cierre-de-campana-departamental\/\"]}]},{\"@type\":\"ImageObject\",\"inLanguage\":\"es\",\"@id\":\"https:\/\/innoticiasbo.com\/index.php\/2026\/03\/18\/rioja-refuerza-su-vinculo-con-los-jovenes-en-el-cierre-de-campana-departamental\/#primaryimage\",\"url\":\"https:\/\/i0.wp.com\/innoticiasbo.com\/wp-content\/uploads\/2026\/03\/image-228.png?fit=1600%2C900&ssl=1\",\"contentUrl\":\"https:\/\/i0.wp.com\/innoticiasbo.com\/wp-content\/uploads\/2026\/03\/image-228.png?fit=1600%2C900&ssl=1\",\"width\":1600,\"height\":900},{\"@type\":\"BreadcrumbList\",\"@id\":\"https:\/\/innoticiasbo.com\/index.php\/2026\/03\/18\/rioja-refuerza-su-vinculo-con-los-jovenes-en-el-cierre-de-campana-departamental\/#breadcrumb\",\"itemListElement\":[{\"@type\":\"ListItem\",\"position\":1,\"name\":\"Portada\",\"item\":\"https:\/\/innoticiasbo.com\/\"},{\"@type\":\"ListItem\",\"position\":2,\"name\":\"RIOJA REFUERZA SU V\u00cdNCULO CON LOS J\u00d3VENES EN EL CIERRE DE CAMPA\u00d1A DEPARTAMENTAL\"}]},{\"@type\":\"WebSite\",\"@id\":\"https:\/\/innoticiasbo.com\/#website\",\"url\":\"https:\/\/innoticiasbo.com\/\",\"name\":\"innoticiasbo.com\",\"description\":\"\",\"publisher\":{\"@id\":\"https:\/\/innoticiasbo.com\/#organization\"},\"potentialAction\":[{\"@type\":\"SearchAction\",\"target\":{\"@type\":\"EntryPoint\",\"urlTemplate\":\"https:\/\/innoticiasbo.com\/?s={search_term_string}\"},\"query-input\":{\"@type\":\"PropertyValueSpecification\",\"valueRequired\":true,\"valueName\":\"search_term_string\"}}],\"inLanguage\":\"es\"},{\"@type\":\"Organization\",\"@id\":\"https:\/\/innoticiasbo.com\/#organization\",\"name\":\"innoticiasbo.com\",\"url\":\"https:\/\/innoticiasbo.com\/\",\"logo\":{\"@type\":\"ImageObject\",\"inLanguage\":\"es\",\"@id\":\"https:\/\/innoticiasbo.com\/#\/schema\/logo\/image\/\",\"url\":\"https:\/\/i0.wp.com\/innoticiasbo.com\/wp-content\/uploads\/2026\/04\/cropped-IN-LOGO.png?fit=1476%2C1476&ssl=1\",\"contentUrl\":\"https:\/\/i0.wp.com\/innoticiasbo.com\/wp-content\/uploads\/2026\/04\/cropped-IN-LOGO.png?fit=1476%2C1476&ssl=1\",\"width\":1476,\"height\":1476,\"caption\":\"innoticiasbo.com\"},\"image\":{\"@id\":\"https:\/\/innoticiasbo.com\/#\/schema\/logo\/image\/\"},\"sameAs\":[\"https:\/\/www.facebook.com\/innoticiasbolivia\",\"https:\/\/x.com\/innoticiasbo\",\"https:\/\/www.instagram.com\/innoticiasbo\",\"https:\/\/www.youtube.com\/innoticiasbo\"]},{\"@type\":\"Person\",\"@id\":\"https:\/\/innoticiasbo.com\/#\/schema\/person\/0b28481e8d0316f83a13bc702311def5\",\"name\":\"Prensa 11\",\"image\":{\"@type\":\"ImageObject\",\"inLanguage\":\"es\",\"@id\":\"https:\/\/innoticiasbo.com\/#\/schema\/person\/image\/\",\"url\":\"https:\/\/secure.gravatar.com\/avatar\/696560c17349f1807a610bf83832bad0?s=96&d=mm&r=g\",\"contentUrl\":\"https:\/\/secure.gravatar.com\/avatar\/696560c17349f1807a610bf83832bad0?s=96&d=mm&r=g\",\"caption\":\"Prensa 11\"},\"sameAs\":[\"http:\/\/www.innoticiasbo.com\"],\"url\":\"https:\/\/innoticiasbo.com\/index.php\/author\/prensa-11\/\"}]}<\/script>\n<!-- \/ Yoast SEO plugin. -->","yoast_head_json":{"title":"RIOJA REFUERZA SU V\u00cdNCULO CON LOS J\u00d3VENES EN EL CIERRE DE CAMPA\u00d1A DEPARTAMENTAL - innoticiasbo.com","robots":{"index":"index","follow":"follow","max-snippet":"max-snippet:-1","max-image-preview":"max-image-preview:large","max-video-preview":"max-video-preview:-1"},"canonical":"https:\/\/innoticiasbo.com\/index.php\/2026\/03\/18\/rioja-refuerza-su-vinculo-con-los-jovenes-en-el-cierre-de-campana-departamental\/","og_locale":"es_ES","og_type":"article","og_title":"RIOJA REFUERZA SU V\u00cdNCULO CON LOS J\u00d3VENES EN EL CIERRE DE CAMPA\u00d1A DEPARTAMENTAL - innoticiasbo.com","og_description":"Cochabamba, 18 de Marzo de 2026.- En la recta final de las Elecciones Subnacionales 2026, el candidato a la Gobernaci\u00f3n de Cochabamba por Nueva Generaci\u00f3n Patri\u00f3tica (NGP), Jhon Rioja, reforz\u00f3 su v\u00ednculo con los j\u00f3venes de las 16 provincias durante el acto de cierre de campa\u00f1a departamental realizado en el municipio de Quillacollo. Al ritmo...","og_url":"https:\/\/innoticiasbo.com\/index.php\/2026\/03\/18\/rioja-refuerza-su-vinculo-con-los-jovenes-en-el-cierre-de-campana-departamental\/","og_site_name":"innoticiasbo.com","article_publisher":"https:\/\/www.facebook.com\/innoticiasbolivia","article_published_time":"2026-03-19T02:01:49+00:00","article_modified_time":"2026-03-19T02:01:50+00:00","og_image":[{"width":1024,"height":576,"url":"https:\/\/innoticiasbo.com\/wp-content\/uploads\/2026\/03\/image-228-1024x576.png","type":"image\/png"}],"author":"Prensa 11","twitter_card":"summary_large_image","twitter_creator":"@innoticiasbo","twitter_site":"@innoticiasbo","twitter_misc":{"Escrito por":"Prensa 11","Tiempo de lectura":"3 minutos"},"schema":{"@context":"https:\/\/schema.org","@graph":[{"@type":"Article","@id":"https:\/\/innoticiasbo.com\/index.php\/2026\/03\/18\/rioja-refuerza-su-vinculo-con-los-jovenes-en-el-cierre-de-campana-departamental\/#article","isPartOf":{"@id":"https:\/\/innoticiasbo.com\/index.php\/2026\/03\/18\/rioja-refuerza-su-vinculo-con-los-jovenes-en-el-cierre-de-campana-departamental\/"},"author":{"name":"Prensa 11","@id":"https:\/\/innoticiasbo.com\/#\/schema\/person\/0b28481e8d0316f83a13bc702311def5"},"headline":"RIOJA REFUERZA SU V\u00cdNCULO CON LOS J\u00d3VENES EN EL CIERRE DE CAMPA\u00d1A DEPARTAMENTAL","datePublished":"2026-03-19T02:01:49+00:00","dateModified":"2026-03-19T02:01:50+00:00","mainEntityOfPage":{"@id":"https:\/\/innoticiasbo.com\/index.php\/2026\/03\/18\/rioja-refuerza-su-vinculo-con-los-jovenes-en-el-cierre-de-campana-departamental\/"},"wordCount":437,"commentCount":0,"publisher":{"@id":"https:\/\/innoticiasbo.com\/#organization"},"image":{"@id":"https:\/\/innoticiasbo.com\/index.php\/2026\/03\/18\/rioja-refuerza-su-vinculo-con-los-jovenes-en-el-cierre-de-campana-departamental\/#primaryimage"},"thumbnailUrl":"https:\/\/i0.wp.com\/innoticiasbo.com\/wp-content\/uploads\/2026\/03\/image-228.png?fit=1600%2C900&ssl=1","keywords":["cierre de campa\u00f1a","Cochabamba","Jhon Rioja","NGP","Nueva Generaci\u00f3n Patri\u00f3tica","Pol\u00edtica","Quillacollo"],"articleSection":["Cochabamba","Pol\u00edtica"],"inLanguage":"es","potentialAction":[{"@type":"CommentAction","name":"Comment","target":["https:\/\/innoticiasbo.com\/index.php\/2026\/03\/18\/rioja-refuerza-su-vinculo-con-los-jovenes-en-el-cierre-de-campana-departamental\/#respond"]}]},{"@type":"WebPage","@id":"https:\/\/innoticiasbo.com\/index.php\/2026\/03\/18\/rioja-refuerza-su-vinculo-con-los-jovenes-en-el-cierre-de-campana-departamental\/","url":"https:\/\/innoticiasbo.com\/index.php\/2026\/03\/18\/rioja-refuerza-su-vinculo-con-los-jovenes-en-el-cierre-de-campana-departamental\/","name":"RIOJA REFUERZA SU V\u00cdNCULO CON LOS J\u00d3VENES EN EL CIERRE DE CAMPA\u00d1A DEPARTAMENTAL - innoticiasbo.com","isPartOf":{"@id":"https:\/\/innoticiasbo.com\/#website"},"primaryImageOfPage":{"@id":"https:\/\/innoticiasbo.com\/index.php\/2026\/03\/18\/rioja-refuerza-su-vinculo-con-los-jovenes-en-el-cierre-de-campana-departamental\/#primaryimage"},"image":{"@id":"https:\/\/innoticiasbo.com\/index.php\/2026\/03\/18\/rioja-refuerza-su-vinculo-con-los-jovenes-en-el-cierre-de-campana-departamental\/#primaryimage"},"thumbnailUrl":"https:\/\/i0.wp.com\/innoticiasbo.com\/wp-content\/uploads\/2026\/03\/image-228.png?fit=1600%2C900&ssl=1","datePublished":"2026-03-19T02:01:49+00:00","dateModified":"2026-03-19T02:01:50+00:00","breadcrumb":{"@id":"https:\/\/innoticiasbo.com\/index.php\/2026\/03\/18\/rioja-refuerza-su-vinculo-con-los-jovenes-en-el-cierre-de-campana-departamental\/#breadcrumb"},"inLanguage":"es","potentialAction":[{"@type":"ReadAction","target":["https:\/\/innoticiasbo.com\/index.php\/2026\/03\/18\/rioja-refuerza-su-vinculo-con-los-jovenes-en-el-cierre-de-campana-departamental\/"]}]},{"@type":"ImageObject","inLanguage":"es","@id":"https:\/\/innoticiasbo.com\/index.php\/2026\/03\/18\/rioja-refuerza-su-vinculo-con-los-jovenes-en-el-cierre-de-campana-departamental\/#primaryimage","url":"https:\/\/i0.wp.com\/innoticiasbo.com\/wp-content\/uploads\/2026\/03\/image-228.png?fit=1600%2C900&ssl=1","contentUrl":"https:\/\/i0.wp.com\/innoticiasbo.com\/wp-content\/uploads\/2026\/03\/image-228.png?fit=1600%2C900&ssl=1","width":1600,"height":900},{"@type":"BreadcrumbList","@id":"https:\/\/innoticiasbo.com\/index.php\/2026\/03\/18\/rioja-refuerza-su-vinculo-con-los-jovenes-en-el-cierre-de-campana-departamental\/#breadcrumb","itemListElement":[{"@type":"ListItem","position":1,"name":"Portada","item":"https:\/\/innoticiasbo.com\/"},{"@type":"ListItem","position":2,"name":"RIOJA REFUERZA SU V\u00cdNCULO CON LOS J\u00d3VENES EN EL CIERRE DE CAMPA\u00d1A DEPARTAMENTAL"}]},{"@type":"WebSite","@id":"https:\/\/innoticiasbo.com\/#website","url":"https:\/\/innoticiasbo.com\/","name":"innoticiasbo.com","description":"","publisher":{"@id":"https:\/\/innoticiasbo.com\/#organization"},"potentialAction":[{"@type":"SearchAction","target":{"@type":"EntryPoint","urlTemplate":"https:\/\/innoticiasbo.com\/?s={search_term_string}"},"query-input":{"@type":"PropertyValueSpecification","valueRequired":true,"valueName":"search_term_string"}}],"inLanguage":"es"},{"@type":"Organization","@id":"https:\/\/innoticiasbo.com\/#organization","name":"innoticiasbo.com","url":"https:\/\/innoticiasbo.com\/","logo":{"@type":"ImageObject","inLanguage":"es","@id":"https:\/\/innoticiasbo.com\/#\/schema\/logo\/image\/","url":"https:\/\/i0.wp.com\/innoticiasbo.com\/wp-content\/uploads\/2026\/04\/cropped-IN-LOGO.png?fit=1476%2C1476&ssl=1","contentUrl":"https:\/\/i0.wp.com\/innoticiasbo.com\/wp-content\/uploads\/2026\/04\/cropped-IN-LOGO.png?fit=1476%2C1476&ssl=1","width":1476,"height":1476,"caption":"innoticiasbo.com"},"image":{"@id":"https:\/\/innoticiasbo.com\/#\/schema\/logo\/image\/"},"sameAs":["https:\/\/www.facebook.com\/innoticiasbolivia","https:\/\/x.com\/innoticiasbo","https:\/\/www.instagram.com\/innoticiasbo","https:\/\/www.youtube.com\/innoticiasbo"]},{"@type":"Person","@id":"https:\/\/innoticiasbo.com\/#\/schema\/person\/0b28481e8d0316f83a13bc702311def5","name":"Prensa 11","image":{"@type":"ImageObject","inLanguage":"es","@id":"https:\/\/innoticiasbo.com\/#\/schema\/person\/image\/","url":"https:\/\/secure.gravatar.com\/avatar\/696560c17349f1807a610bf83832bad0?s=96&d=mm&r=g","contentUrl":"https:\/\/secure.gravatar.com\/avatar\/696560c17349f1807a610bf83832bad0?s=96&d=mm&r=g","caption":"Prensa 11"},"sameAs":["http:\/\/www.innoticiasbo.com"],"url":"https:\/\/innoticiasbo.com\/index.php\/author\/prensa-11\/"}]}},"jetpack_featured_media_url":"https:\/\/i0.wp.com\/innoticiasbo.com\/wp-content\/uploads\/2026\/03\/image-228.png?fit=1600%2C900&ssl=1","jetpack_likes_enabled":true,"jetpack_sharing_enabled":true,"jetpack_shortlink":"https:\/\/wp.me\/pg298x-2yo","_links":{"self":[{"href":"https:\/\/innoticiasbo.com\/index.php\/wp-json\/wp\/v2\/posts\/9820","targetHints":{"allow":["GET"]}}],"collection":[{"href":"https:\/\/innoticiasbo.com\/index.php\/wp-json\/wp\/v2\/posts"}],"about":[{"href":"https:\/\/innoticiasbo.com\/index.php\/wp-json\/wp\/v2\/types\/post"}],"author":[{"embeddable":true,"href":"https:\/\/innoticiasbo.com\/index.php\/wp-json\/wp\/v2\/users\/11"}],"replies":[{"embeddable":true,"href":"https:\/\/innoticiasbo.com\/index.php\/wp-json\/wp\/v2\/comments?post=9820"}],"version-history":[{"count":1,"href":"https:\/\/innoticiasbo.com\/index.php\/wp-json\/wp\/v2\/posts\/9820\/revisions"}],"predecessor-version":[{"id":9822,"href":"https:\/\/innoticiasbo.com\/index.php\/wp-json\/wp\/v2\/posts\/9820\/revisions\/9822"}],"wp:featuredmedia":[{"embeddable":true,"href":"https:\/\/innoticiasbo.com\/index.php\/wp-json\/wp\/v2\/media\/9821"}],"wp:attachment":[{"href":"https:\/\/innoticiasbo.com\/index.php\/wp-json\/wp\/v2\/media?parent=9820"}],"wp:term":[{"taxonomy":"category","embeddable":true,"href":"https:\/\/innoticiasbo.com\/index.php\/wp-json\/wp\/v2\/categories?post=9820"},{"taxonomy":"post_tag","embeddable":true,"href":"https:\/\/innoticiasbo.com\/index.php\/wp-json\/wp\/v2\/tags?post=9820"}],"curies":[{"name":"wp","href":"https:\/\/api.w.org\/{rel}","templated":true}]}}