{"id":9816,"date":"2026-03-18T21:55:25","date_gmt":"2026-03-19T01:55:25","guid":{"rendered":"https:\/\/innoticiasbo.com\/?p=9816"},"modified":"2026-03-18T21:55:25","modified_gmt":"2026-03-19T01:55:25","slug":"evismo-cierra-campana-en-el-sur-con-discurso-radical-y-llamado-a-recuperar-la-alcaldia-y-la-gobernacion","status":"publish","type":"post","link":"https:\/\/innoticiasbo.com\/index.php\/2026\/03\/18\/evismo-cierra-campana-en-el-sur-con-discurso-radical-y-llamado-a-recuperar-la-alcaldia-y-la-gobernacion\/","title":{"rendered":"EVISMO CIERRA CAMPA\u00d1A EN EL SUR CON DISCURSO RADICAL Y LLAMADO A \u201cRECUPERAR LA ALCALD\u00cdA Y LA GOBERNACI\u00d3N\u201d"},"content":{"rendered":"\n<figure class=\"wp-block-video\"><video controls src=\"https:\/\/innoticiasbo.com\/wp-content\/uploads\/2026\/03\/AQP2T1YE80PiivaaYhQOT5223UHA5bncoTEHfY0aisWW9jvRXhLzvuQ5E1qbOwru0THAEVM5h6PSWvjh4TO7aXUBTtzLPREZ24xX0WiId_fHuw.mp4\"><\/video><\/figure>\n\n\n\n<p><strong>Cochabamba, 18 de Marzo de 2026.-<\/strong> El ala evista del MAS cerr\u00f3 campa\u00f1a en el municipio de Cercado con una masiva concentraci\u00f3n en la zona sur, en la avenida Panamericana, cruce San Antonio Itocta, donde candidatos y militantes protagonizaron un acto marcado por un discurso confrontacional y de reivindicaci\u00f3n pol\u00edtica.<\/p>\n\n\n\n<p>El candidato a la Alcald\u00eda, Carlos Zabaleta, destac\u00f3 que el 90% de los concejales de su plancha provienen de la zona sur, asegurando que representan a los barrios y sectores populares del municipio.<\/p>\n\n\n\n<p>Por su parte, el candidato a la Gobernaci\u00f3n, Leonardo Loza, lanz\u00f3 duras cr\u00edticas a la actual gesti\u00f3n municipal y llam\u00f3 a \u201crecuperar\u201d la Alcald\u00eda. \u201cVamos a recuperar la Alcald\u00eda, lamentablemente gesti\u00f3n tras gesti\u00f3n la han manejado como si fuera su hacienda, su propiedad privada, sin trabajar por el pueblo\u201d, afirm\u00f3.<\/p>\n\n\n\n<p>Loza asegur\u00f3 que ha llegado el momento de devolver la Alcald\u00eda \u201ca manos del pueblo\u201d y reiter\u00f3 su confianza en una victoria electoral. \u201cCochabamba no va a permitir que nos quiten la Gobernaci\u00f3n. El 22 de marzo tambi\u00e9n vamos a ganar la Gobernaci\u00f3n\u201d, sostuvo.<\/p>\n\n\n\n<p>En su discurso, tambi\u00e9n respondi\u00f3 a cuestionamientos sobre su perfil pol\u00edtico. \u201cAndan diciendo que no hay que darle la Gobernaci\u00f3n a un evista, a un cocalero, a un bloqueador, a un campesino. Les digo: soy campesino, soy cocalero, soy productor, soy evista, hermanas y hermanos, y no tengo ning\u00fan miedo\u201d, expres\u00f3.<\/p>\n\n\n\n<p>\u201cNos ofendieron, ultrajaron a nuestra clase, patearon, humillaron, hicieron llorar a nuestras madres de pollera como si fuera su colonia, hicieron arrodillar a nuestros padres. Hoy esos fascistas, racistas, sinverg\u00fcenzamente vienen a pedir nuestro voto\u201d, afirm\u00f3 Loza en tono euf\u00f3rico.<\/p>\n\n\n\n<p>En esa l\u00ednea, pidi\u00f3 rechazar a sus adversarios en las urnas. \u201cNo a los fascistas, no a los troskos\u201d, concluy\u00f3 ante una euf\u00f3rica concurrencia.<\/p>\n\n\n\n<p>El acto estuvo marcado por consignas pol\u00edticas intensas y un discurso que evoc\u00f3 la l\u00ednea discursiva del expresidente Evo Morales, en un contexto de alta polarizaci\u00f3n de cara a las elecciones del 22 de marzo.<\/p>\n","protected":false},"excerpt":{"rendered":"<p>Cochabamba, 18 de Marzo de 2026.- El ala evista del MAS cerr\u00f3 campa\u00f1a en el municipio de Cercado con una masiva concentraci\u00f3n en la zona sur, en la avenida Panamericana, cruce San Antonio Itocta, donde candidatos y militantes protagonizaron un acto marcado por un discurso confrontacional y de reivindicaci\u00f3n pol\u00edtica. El candidato a la Alcald\u00eda,&#8230;<\/p>\n","protected":false},"author":11,"featured_media":9818,"comment_status":"open","ping_status":"open","sticky":false,"template":"","format":"standard","meta":{"_jetpack_memberships_contains_paid_content":false,"footnotes":"","jetpack_publicize_message":"","jetpack_publicize_feature_enabled":true,"jetpack_social_post_already_shared":true,"jetpack_social_options":{"image_generator_settings":{"template":"highway","enabled":false},"version":2}},"categories":[2,3],"tags":[1601,1602,980,6,1059,1600,48,1244,1106,1203,168,10,1011,1256,709],"class_list":["post-9816","post","type-post","status-publish","format-standard","has-post-thumbnail","hentry","category-cochabamba","category-politica","tag-avenida-panamericana","tag-carlos-zabaleta","tag-cierre-de-campana","tag-cochabamba","tag-discurso","tag-discurso-radical","tag-elecciones","tag-elecciones-2026","tag-elecciones-subnacionales","tag-evismo","tag-evistas","tag-politica","tag-subnacionales","tag-subnacionales-2026","tag-zona-sur"],"jetpack_publicize_connections":[],"yoast_head":"<!-- This site is optimized with the Yoast SEO plugin v23.4 - https:\/\/yoast.com\/wordpress\/plugins\/seo\/ -->\n<title>EVISMO CIERRA CAMPA\u00d1A EN EL SUR CON DISCURSO RADICAL Y LLAMADO A \u201cRECUPERAR LA ALCALD\u00cdA Y LA GOBERNACI\u00d3N\u201d - innoticiasbo.com<\/title>\n<meta name=\"robots\" content=\"index, follow, max-snippet:-1, max-image-preview:large, max-video-preview:-1\" \/>\n<link rel=\"canonical\" href=\"https:\/\/innoticiasbo.com\/index.php\/2026\/03\/18\/evismo-cierra-campana-en-el-sur-con-discurso-radical-y-llamado-a-recuperar-la-alcaldia-y-la-gobernacion\/\" \/>\n<meta property=\"og:locale\" content=\"es_ES\" \/>\n<meta property=\"og:type\" content=\"article\" \/>\n<meta property=\"og:title\" content=\"EVISMO CIERRA CAMPA\u00d1A EN EL SUR CON DISCURSO RADICAL Y LLAMADO A \u201cRECUPERAR LA ALCALD\u00cdA Y LA GOBERNACI\u00d3N\u201d - innoticiasbo.com\" \/>\n<meta property=\"og:description\" content=\"Cochabamba, 18 de Marzo de 2026.- El ala evista del MAS cerr\u00f3 campa\u00f1a en el municipio de Cercado con una masiva concentraci\u00f3n en la zona sur, en la avenida Panamericana, cruce San Antonio Itocta, donde candidatos y militantes protagonizaron un acto marcado por un discurso confrontacional y de reivindicaci\u00f3n pol\u00edtica. El candidato a la Alcald\u00eda,...\" \/>\n<meta property=\"og:url\" content=\"https:\/\/innoticiasbo.com\/index.php\/2026\/03\/18\/evismo-cierra-campana-en-el-sur-con-discurso-radical-y-llamado-a-recuperar-la-alcaldia-y-la-gobernacion\/\" \/>\n<meta property=\"og:site_name\" content=\"innoticiasbo.com\" \/>\n<meta property=\"article:publisher\" content=\"https:\/\/www.facebook.com\/innoticiasbolivia\" \/>\n<meta property=\"article:published_time\" content=\"2026-03-19T01:55:25+00:00\" \/>\n<meta property=\"og:image\" content=\"https:\/\/innoticiasbo.com\/wp-content\/uploads\/2026\/03\/Screenshot-2026-03-18-215224.png\" \/>\n\t<meta property=\"og:image:width\" content=\"558\" \/>\n\t<meta property=\"og:image:height\" content=\"594\" \/>\n\t<meta property=\"og:image:type\" content=\"image\/png\" \/>\n<meta name=\"author\" content=\"Prensa 11\" \/>\n<meta name=\"twitter:card\" content=\"summary_large_image\" \/>\n<meta name=\"twitter:creator\" content=\"@innoticiasbo\" \/>\n<meta name=\"twitter:site\" content=\"@innoticiasbo\" \/>\n<meta name=\"twitter:label1\" content=\"Escrito por\" \/>\n\t<meta name=\"twitter:data1\" content=\"Prensa 11\" \/>\n\t<meta name=\"twitter:label2\" content=\"Tiempo de lectura\" \/>\n\t<meta name=\"twitter:data2\" content=\"2 minutos\" \/>\n<script type=\"application\/ld+json\" class=\"yoast-schema-graph\">{\"@context\":\"https:\/\/schema.org\",\"@graph\":[{\"@type\":\"Article\",\"@id\":\"https:\/\/innoticiasbo.com\/index.php\/2026\/03\/18\/evismo-cierra-campana-en-el-sur-con-discurso-radical-y-llamado-a-recuperar-la-alcaldia-y-la-gobernacion\/#article\",\"isPartOf\":{\"@id\":\"https:\/\/innoticiasbo.com\/index.php\/2026\/03\/18\/evismo-cierra-campana-en-el-sur-con-discurso-radical-y-llamado-a-recuperar-la-alcaldia-y-la-gobernacion\/\"},\"author\":{\"name\":\"Prensa 11\",\"@id\":\"https:\/\/innoticiasbo.com\/#\/schema\/person\/0b28481e8d0316f83a13bc702311def5\"},\"headline\":\"EVISMO CIERRA CAMPA\u00d1A EN EL SUR CON DISCURSO RADICAL Y LLAMADO A \u201cRECUPERAR LA ALCALD\u00cdA Y LA GOBERNACI\u00d3N\u201d\",\"datePublished\":\"2026-03-19T01:55:25+00:00\",\"dateModified\":\"2026-03-19T01:55:25+00:00\",\"mainEntityOfPage\":{\"@id\":\"https:\/\/innoticiasbo.com\/index.php\/2026\/03\/18\/evismo-cierra-campana-en-el-sur-con-discurso-radical-y-llamado-a-recuperar-la-alcaldia-y-la-gobernacion\/\"},\"wordCount\":371,\"commentCount\":0,\"publisher\":{\"@id\":\"https:\/\/innoticiasbo.com\/#organization\"},\"image\":{\"@id\":\"https:\/\/innoticiasbo.com\/index.php\/2026\/03\/18\/evismo-cierra-campana-en-el-sur-con-discurso-radical-y-llamado-a-recuperar-la-alcaldia-y-la-gobernacion\/#primaryimage\"},\"thumbnailUrl\":\"https:\/\/i0.wp.com\/innoticiasbo.com\/wp-content\/uploads\/2026\/03\/Screenshot-2026-03-18-215224.png?fit=558%2C594&ssl=1\",\"keywords\":[\"Avenida Panamericana\",\"Carlos Zabaleta\",\"cierre de campa\u00f1a\",\"Cochabamba\",\"discurso\",\"Discurso radical\",\"elecciones\",\"Elecciones 2026\",\"elecciones subnacionales\",\"evismo\",\"evistas\",\"Pol\u00edtica\",\"subnacionales\",\"Subnacionales 2026\",\"zona sur\"],\"articleSection\":[\"Cochabamba\",\"Pol\u00edtica\"],\"inLanguage\":\"es\",\"potentialAction\":[{\"@type\":\"CommentAction\",\"name\":\"Comment\",\"target\":[\"https:\/\/innoticiasbo.com\/index.php\/2026\/03\/18\/evismo-cierra-campana-en-el-sur-con-discurso-radical-y-llamado-a-recuperar-la-alcaldia-y-la-gobernacion\/#respond\"]}]},{\"@type\":\"WebPage\",\"@id\":\"https:\/\/innoticiasbo.com\/index.php\/2026\/03\/18\/evismo-cierra-campana-en-el-sur-con-discurso-radical-y-llamado-a-recuperar-la-alcaldia-y-la-gobernacion\/\",\"url\":\"https:\/\/innoticiasbo.com\/index.php\/2026\/03\/18\/evismo-cierra-campana-en-el-sur-con-discurso-radical-y-llamado-a-recuperar-la-alcaldia-y-la-gobernacion\/\",\"name\":\"EVISMO CIERRA CAMPA\u00d1A EN EL SUR CON DISCURSO RADICAL Y LLAMADO A \u201cRECUPERAR LA ALCALD\u00cdA Y LA GOBERNACI\u00d3N\u201d - innoticiasbo.com\",\"isPartOf\":{\"@id\":\"https:\/\/innoticiasbo.com\/#website\"},\"primaryImageOfPage\":{\"@id\":\"https:\/\/innoticiasbo.com\/index.php\/2026\/03\/18\/evismo-cierra-campana-en-el-sur-con-discurso-radical-y-llamado-a-recuperar-la-alcaldia-y-la-gobernacion\/#primaryimage\"},\"image\":{\"@id\":\"https:\/\/innoticiasbo.com\/index.php\/2026\/03\/18\/evismo-cierra-campana-en-el-sur-con-discurso-radical-y-llamado-a-recuperar-la-alcaldia-y-la-gobernacion\/#primaryimage\"},\"thumbnailUrl\":\"https:\/\/i0.wp.com\/innoticiasbo.com\/wp-content\/uploads\/2026\/03\/Screenshot-2026-03-18-215224.png?fit=558%2C594&ssl=1\",\"datePublished\":\"2026-03-19T01:55:25+00:00\",\"dateModified\":\"2026-03-19T01:55:25+00:00\",\"breadcrumb\":{\"@id\":\"https:\/\/innoticiasbo.com\/index.php\/2026\/03\/18\/evismo-cierra-campana-en-el-sur-con-discurso-radical-y-llamado-a-recuperar-la-alcaldia-y-la-gobernacion\/#breadcrumb\"},\"inLanguage\":\"es\",\"potentialAction\":[{\"@type\":\"ReadAction\",\"target\":[\"https:\/\/innoticiasbo.com\/index.php\/2026\/03\/18\/evismo-cierra-campana-en-el-sur-con-discurso-radical-y-llamado-a-recuperar-la-alcaldia-y-la-gobernacion\/\"]}]},{\"@type\":\"ImageObject\",\"inLanguage\":\"es\",\"@id\":\"https:\/\/innoticiasbo.com\/index.php\/2026\/03\/18\/evismo-cierra-campana-en-el-sur-con-discurso-radical-y-llamado-a-recuperar-la-alcaldia-y-la-gobernacion\/#primaryimage\",\"url\":\"https:\/\/i0.wp.com\/innoticiasbo.com\/wp-content\/uploads\/2026\/03\/Screenshot-2026-03-18-215224.png?fit=558%2C594&ssl=1\",\"contentUrl\":\"https:\/\/i0.wp.com\/innoticiasbo.com\/wp-content\/uploads\/2026\/03\/Screenshot-2026-03-18-215224.png?fit=558%2C594&ssl=1\",\"width\":558,\"height\":594},{\"@type\":\"BreadcrumbList\",\"@id\":\"https:\/\/innoticiasbo.com\/index.php\/2026\/03\/18\/evismo-cierra-campana-en-el-sur-con-discurso-radical-y-llamado-a-recuperar-la-alcaldia-y-la-gobernacion\/#breadcrumb\",\"itemListElement\":[{\"@type\":\"ListItem\",\"position\":1,\"name\":\"Portada\",\"item\":\"https:\/\/innoticiasbo.com\/\"},{\"@type\":\"ListItem\",\"position\":2,\"name\":\"EVISMO CIERRA CAMPA\u00d1A EN EL SUR CON DISCURSO RADICAL Y LLAMADO A \u201cRECUPERAR LA ALCALD\u00cdA Y LA GOBERNACI\u00d3N\u201d\"}]},{\"@type\":\"WebSite\",\"@id\":\"https:\/\/innoticiasbo.com\/#website\",\"url\":\"https:\/\/innoticiasbo.com\/\",\"name\":\"innoticiasbo.com\",\"description\":\"\",\"publisher\":{\"@id\":\"https:\/\/innoticiasbo.com\/#organization\"},\"potentialAction\":[{\"@type\":\"SearchAction\",\"target\":{\"@type\":\"EntryPoint\",\"urlTemplate\":\"https:\/\/innoticiasbo.com\/?s={search_term_string}\"},\"query-input\":{\"@type\":\"PropertyValueSpecification\",\"valueRequired\":true,\"valueName\":\"search_term_string\"}}],\"inLanguage\":\"es\"},{\"@type\":\"Organization\",\"@id\":\"https:\/\/innoticiasbo.com\/#organization\",\"name\":\"innoticiasbo.com\",\"url\":\"https:\/\/innoticiasbo.com\/\",\"logo\":{\"@type\":\"ImageObject\",\"inLanguage\":\"es\",\"@id\":\"https:\/\/innoticiasbo.com\/#\/schema\/logo\/image\/\",\"url\":\"https:\/\/i0.wp.com\/innoticiasbo.com\/wp-content\/uploads\/2026\/04\/cropped-IN-LOGO.png?fit=1476%2C1476&ssl=1\",\"contentUrl\":\"https:\/\/i0.wp.com\/innoticiasbo.com\/wp-content\/uploads\/2026\/04\/cropped-IN-LOGO.png?fit=1476%2C1476&ssl=1\",\"width\":1476,\"height\":1476,\"caption\":\"innoticiasbo.com\"},\"image\":{\"@id\":\"https:\/\/innoticiasbo.com\/#\/schema\/logo\/image\/\"},\"sameAs\":[\"https:\/\/www.facebook.com\/innoticiasbolivia\",\"https:\/\/x.com\/innoticiasbo\",\"https:\/\/www.instagram.com\/innoticiasbo\",\"https:\/\/www.youtube.com\/innoticiasbo\"]},{\"@type\":\"Person\",\"@id\":\"https:\/\/innoticiasbo.com\/#\/schema\/person\/0b28481e8d0316f83a13bc702311def5\",\"name\":\"Prensa 11\",\"image\":{\"@type\":\"ImageObject\",\"inLanguage\":\"es\",\"@id\":\"https:\/\/innoticiasbo.com\/#\/schema\/person\/image\/\",\"url\":\"https:\/\/secure.gravatar.com\/avatar\/696560c17349f1807a610bf83832bad0?s=96&d=mm&r=g\",\"contentUrl\":\"https:\/\/secure.gravatar.com\/avatar\/696560c17349f1807a610bf83832bad0?s=96&d=mm&r=g\",\"caption\":\"Prensa 11\"},\"sameAs\":[\"http:\/\/www.innoticiasbo.com\"],\"url\":\"https:\/\/innoticiasbo.com\/index.php\/author\/prensa-11\/\"}]}<\/script>\n<!-- \/ Yoast SEO plugin. -->","yoast_head_json":{"title":"EVISMO CIERRA CAMPA\u00d1A EN EL SUR CON DISCURSO RADICAL Y LLAMADO A \u201cRECUPERAR LA ALCALD\u00cdA Y LA GOBERNACI\u00d3N\u201d - innoticiasbo.com","robots":{"index":"index","follow":"follow","max-snippet":"max-snippet:-1","max-image-preview":"max-image-preview:large","max-video-preview":"max-video-preview:-1"},"canonical":"https:\/\/innoticiasbo.com\/index.php\/2026\/03\/18\/evismo-cierra-campana-en-el-sur-con-discurso-radical-y-llamado-a-recuperar-la-alcaldia-y-la-gobernacion\/","og_locale":"es_ES","og_type":"article","og_title":"EVISMO CIERRA CAMPA\u00d1A EN EL SUR CON DISCURSO RADICAL Y LLAMADO A \u201cRECUPERAR LA ALCALD\u00cdA Y LA GOBERNACI\u00d3N\u201d - innoticiasbo.com","og_description":"Cochabamba, 18 de Marzo de 2026.- El ala evista del MAS cerr\u00f3 campa\u00f1a en el municipio de Cercado con una masiva concentraci\u00f3n en la zona sur, en la avenida Panamericana, cruce San Antonio Itocta, donde candidatos y militantes protagonizaron un acto marcado por un discurso confrontacional y de reivindicaci\u00f3n pol\u00edtica. El candidato a la Alcald\u00eda,...","og_url":"https:\/\/innoticiasbo.com\/index.php\/2026\/03\/18\/evismo-cierra-campana-en-el-sur-con-discurso-radical-y-llamado-a-recuperar-la-alcaldia-y-la-gobernacion\/","og_site_name":"innoticiasbo.com","article_publisher":"https:\/\/www.facebook.com\/innoticiasbolivia","article_published_time":"2026-03-19T01:55:25+00:00","og_image":[{"width":558,"height":594,"url":"https:\/\/innoticiasbo.com\/wp-content\/uploads\/2026\/03\/Screenshot-2026-03-18-215224.png","type":"image\/png"}],"author":"Prensa 11","twitter_card":"summary_large_image","twitter_creator":"@innoticiasbo","twitter_site":"@innoticiasbo","twitter_misc":{"Escrito por":"Prensa 11","Tiempo de lectura":"2 minutos"},"schema":{"@context":"https:\/\/schema.org","@graph":[{"@type":"Article","@id":"https:\/\/innoticiasbo.com\/index.php\/2026\/03\/18\/evismo-cierra-campana-en-el-sur-con-discurso-radical-y-llamado-a-recuperar-la-alcaldia-y-la-gobernacion\/#article","isPartOf":{"@id":"https:\/\/innoticiasbo.com\/index.php\/2026\/03\/18\/evismo-cierra-campana-en-el-sur-con-discurso-radical-y-llamado-a-recuperar-la-alcaldia-y-la-gobernacion\/"},"author":{"name":"Prensa 11","@id":"https:\/\/innoticiasbo.com\/#\/schema\/person\/0b28481e8d0316f83a13bc702311def5"},"headline":"EVISMO CIERRA CAMPA\u00d1A EN EL SUR CON DISCURSO RADICAL Y LLAMADO A \u201cRECUPERAR LA ALCALD\u00cdA Y LA GOBERNACI\u00d3N\u201d","datePublished":"2026-03-19T01:55:25+00:00","dateModified":"2026-03-19T01:55:25+00:00","mainEntityOfPage":{"@id":"https:\/\/innoticiasbo.com\/index.php\/2026\/03\/18\/evismo-cierra-campana-en-el-sur-con-discurso-radical-y-llamado-a-recuperar-la-alcaldia-y-la-gobernacion\/"},"wordCount":371,"commentCount":0,"publisher":{"@id":"https:\/\/innoticiasbo.com\/#organization"},"image":{"@id":"https:\/\/innoticiasbo.com\/index.php\/2026\/03\/18\/evismo-cierra-campana-en-el-sur-con-discurso-radical-y-llamado-a-recuperar-la-alcaldia-y-la-gobernacion\/#primaryimage"},"thumbnailUrl":"https:\/\/i0.wp.com\/innoticiasbo.com\/wp-content\/uploads\/2026\/03\/Screenshot-2026-03-18-215224.png?fit=558%2C594&ssl=1","keywords":["Avenida Panamericana","Carlos Zabaleta","cierre de campa\u00f1a","Cochabamba","discurso","Discurso radical","elecciones","Elecciones 2026","elecciones subnacionales","evismo","evistas","Pol\u00edtica","subnacionales","Subnacionales 2026","zona sur"],"articleSection":["Cochabamba","Pol\u00edtica"],"inLanguage":"es","potentialAction":[{"@type":"CommentAction","name":"Comment","target":["https:\/\/innoticiasbo.com\/index.php\/2026\/03\/18\/evismo-cierra-campana-en-el-sur-con-discurso-radical-y-llamado-a-recuperar-la-alcaldia-y-la-gobernacion\/#respond"]}]},{"@type":"WebPage","@id":"https:\/\/innoticiasbo.com\/index.php\/2026\/03\/18\/evismo-cierra-campana-en-el-sur-con-discurso-radical-y-llamado-a-recuperar-la-alcaldia-y-la-gobernacion\/","url":"https:\/\/innoticiasbo.com\/index.php\/2026\/03\/18\/evismo-cierra-campana-en-el-sur-con-discurso-radical-y-llamado-a-recuperar-la-alcaldia-y-la-gobernacion\/","name":"EVISMO CIERRA CAMPA\u00d1A EN EL SUR CON DISCURSO RADICAL Y LLAMADO A \u201cRECUPERAR LA ALCALD\u00cdA Y LA GOBERNACI\u00d3N\u201d - innoticiasbo.com","isPartOf":{"@id":"https:\/\/innoticiasbo.com\/#website"},"primaryImageOfPage":{"@id":"https:\/\/innoticiasbo.com\/index.php\/2026\/03\/18\/evismo-cierra-campana-en-el-sur-con-discurso-radical-y-llamado-a-recuperar-la-alcaldia-y-la-gobernacion\/#primaryimage"},"image":{"@id":"https:\/\/innoticiasbo.com\/index.php\/2026\/03\/18\/evismo-cierra-campana-en-el-sur-con-discurso-radical-y-llamado-a-recuperar-la-alcaldia-y-la-gobernacion\/#primaryimage"},"thumbnailUrl":"https:\/\/i0.wp.com\/innoticiasbo.com\/wp-content\/uploads\/2026\/03\/Screenshot-2026-03-18-215224.png?fit=558%2C594&ssl=1","datePublished":"2026-03-19T01:55:25+00:00","dateModified":"2026-03-19T01:55:25+00:00","breadcrumb":{"@id":"https:\/\/innoticiasbo.com\/index.php\/2026\/03\/18\/evismo-cierra-campana-en-el-sur-con-discurso-radical-y-llamado-a-recuperar-la-alcaldia-y-la-gobernacion\/#breadcrumb"},"inLanguage":"es","potentialAction":[{"@type":"ReadAction","target":["https:\/\/innoticiasbo.com\/index.php\/2026\/03\/18\/evismo-cierra-campana-en-el-sur-con-discurso-radical-y-llamado-a-recuperar-la-alcaldia-y-la-gobernacion\/"]}]},{"@type":"ImageObject","inLanguage":"es","@id":"https:\/\/innoticiasbo.com\/index.php\/2026\/03\/18\/evismo-cierra-campana-en-el-sur-con-discurso-radical-y-llamado-a-recuperar-la-alcaldia-y-la-gobernacion\/#primaryimage","url":"https:\/\/i0.wp.com\/innoticiasbo.com\/wp-content\/uploads\/2026\/03\/Screenshot-2026-03-18-215224.png?fit=558%2C594&ssl=1","contentUrl":"https:\/\/i0.wp.com\/innoticiasbo.com\/wp-content\/uploads\/2026\/03\/Screenshot-2026-03-18-215224.png?fit=558%2C594&ssl=1","width":558,"height":594},{"@type":"BreadcrumbList","@id":"https:\/\/innoticiasbo.com\/index.php\/2026\/03\/18\/evismo-cierra-campana-en-el-sur-con-discurso-radical-y-llamado-a-recuperar-la-alcaldia-y-la-gobernacion\/#breadcrumb","itemListElement":[{"@type":"ListItem","position":1,"name":"Portada","item":"https:\/\/innoticiasbo.com\/"},{"@type":"ListItem","position":2,"name":"EVISMO CIERRA CAMPA\u00d1A EN EL SUR CON DISCURSO RADICAL Y LLAMADO A \u201cRECUPERAR LA ALCALD\u00cdA Y LA GOBERNACI\u00d3N\u201d"}]},{"@type":"WebSite","@id":"https:\/\/innoticiasbo.com\/#website","url":"https:\/\/innoticiasbo.com\/","name":"innoticiasbo.com","description":"","publisher":{"@id":"https:\/\/innoticiasbo.com\/#organization"},"potentialAction":[{"@type":"SearchAction","target":{"@type":"EntryPoint","urlTemplate":"https:\/\/innoticiasbo.com\/?s={search_term_string}"},"query-input":{"@type":"PropertyValueSpecification","valueRequired":true,"valueName":"search_term_string"}}],"inLanguage":"es"},{"@type":"Organization","@id":"https:\/\/innoticiasbo.com\/#organization","name":"innoticiasbo.com","url":"https:\/\/innoticiasbo.com\/","logo":{"@type":"ImageObject","inLanguage":"es","@id":"https:\/\/innoticiasbo.com\/#\/schema\/logo\/image\/","url":"https:\/\/i0.wp.com\/innoticiasbo.com\/wp-content\/uploads\/2026\/04\/cropped-IN-LOGO.png?fit=1476%2C1476&ssl=1","contentUrl":"https:\/\/i0.wp.com\/innoticiasbo.com\/wp-content\/uploads\/2026\/04\/cropped-IN-LOGO.png?fit=1476%2C1476&ssl=1","width":1476,"height":1476,"caption":"innoticiasbo.com"},"image":{"@id":"https:\/\/innoticiasbo.com\/#\/schema\/logo\/image\/"},"sameAs":["https:\/\/www.facebook.com\/innoticiasbolivia","https:\/\/x.com\/innoticiasbo","https:\/\/www.instagram.com\/innoticiasbo","https:\/\/www.youtube.com\/innoticiasbo"]},{"@type":"Person","@id":"https:\/\/innoticiasbo.com\/#\/schema\/person\/0b28481e8d0316f83a13bc702311def5","name":"Prensa 11","image":{"@type":"ImageObject","inLanguage":"es","@id":"https:\/\/innoticiasbo.com\/#\/schema\/person\/image\/","url":"https:\/\/secure.gravatar.com\/avatar\/696560c17349f1807a610bf83832bad0?s=96&d=mm&r=g","contentUrl":"https:\/\/secure.gravatar.com\/avatar\/696560c17349f1807a610bf83832bad0?s=96&d=mm&r=g","caption":"Prensa 11"},"sameAs":["http:\/\/www.innoticiasbo.com"],"url":"https:\/\/innoticiasbo.com\/index.php\/author\/prensa-11\/"}]}},"jetpack_featured_media_url":"https:\/\/i0.wp.com\/innoticiasbo.com\/wp-content\/uploads\/2026\/03\/Screenshot-2026-03-18-215224.png?fit=558%2C594&ssl=1","jetpack_likes_enabled":true,"jetpack_sharing_enabled":true,"jetpack_shortlink":"https:\/\/wp.me\/pg298x-2yk","_links":{"self":[{"href":"https:\/\/innoticiasbo.com\/index.php\/wp-json\/wp\/v2\/posts\/9816","targetHints":{"allow":["GET"]}}],"collection":[{"href":"https:\/\/innoticiasbo.com\/index.php\/wp-json\/wp\/v2\/posts"}],"about":[{"href":"https:\/\/innoticiasbo.com\/index.php\/wp-json\/wp\/v2\/types\/post"}],"author":[{"embeddable":true,"href":"https:\/\/innoticiasbo.com\/index.php\/wp-json\/wp\/v2\/users\/11"}],"replies":[{"embeddable":true,"href":"https:\/\/innoticiasbo.com\/index.php\/wp-json\/wp\/v2\/comments?post=9816"}],"version-history":[{"count":1,"href":"https:\/\/innoticiasbo.com\/index.php\/wp-json\/wp\/v2\/posts\/9816\/revisions"}],"predecessor-version":[{"id":9819,"href":"https:\/\/innoticiasbo.com\/index.php\/wp-json\/wp\/v2\/posts\/9816\/revisions\/9819"}],"wp:featuredmedia":[{"embeddable":true,"href":"https:\/\/innoticiasbo.com\/index.php\/wp-json\/wp\/v2\/media\/9818"}],"wp:attachment":[{"href":"https:\/\/innoticiasbo.com\/index.php\/wp-json\/wp\/v2\/media?parent=9816"}],"wp:term":[{"taxonomy":"category","embeddable":true,"href":"https:\/\/innoticiasbo.com\/index.php\/wp-json\/wp\/v2\/categories?post=9816"},{"taxonomy":"post_tag","embeddable":true,"href":"https:\/\/innoticiasbo.com\/index.php\/wp-json\/wp\/v2\/tags?post=9816"}],"curies":[{"name":"wp","href":"https:\/\/api.w.org\/{rel}","templated":true}]}}