{"id":9812,"date":"2026-03-18T21:39:56","date_gmt":"2026-03-19T01:39:56","guid":{"rendered":"https:\/\/innoticiasbo.com\/?p=9812"},"modified":"2026-03-18T21:39:58","modified_gmt":"2026-03-19T01:39:58","slug":"funcionarios-municipales-desmienten-acusaciones-de-ramon-daza-y-anuncian-acciones-legales","status":"publish","type":"post","link":"https:\/\/innoticiasbo.com\/index.php\/2026\/03\/18\/funcionarios-municipales-desmienten-acusaciones-de-ramon-daza-y-anuncian-acciones-legales\/","title":{"rendered":"FUNCIONARIOS MUNICIPALES DESMIENTEN ACUSACIONES DE RAM\u00d3N DAZA Y ANUNCIAN ACCIONES LEGALES"},"content":{"rendered":"\n<figure class=\"wp-block-video\"><video controls src=\"https:\/\/innoticiasbo.com\/wp-content\/uploads\/2026\/03\/AQOYvdVnmfK5TQkh_3miL4VDWAhBzn-KZQ4uaBRqlro0ik9aHAOUqmNZYb6sm6xMUUrMVAA3bwPmdhmM1KZtgj1J_V7D7s2d9SNkruOUDwBgOQ.mp4\"><\/video><\/figure>\n\n\n\n<p><strong>Cochabamba, 18 de Marzo de 2026.-<\/strong> Una nueva pol\u00e9mica sacude el escenario pol\u00edtico en Cochabamba luego de que el candidato a la Alcald\u00eda por la alianza Patria, Ram\u00f3n Daza, presentara ante medios de comunicaci\u00f3n fotograf\u00edas de dos funcionarios municipales, exhibiendo adem\u00e1s sus perfiles de Facebook, insinuando que podr\u00edan estar vinculados al atentado contra su vivienda.<\/p>\n\n\n\n<p>El hecho denunciado por Daza incluye el rociado de pintura en el frontis de su domicilio y el abandono de un animal muerto sin cabeza, situaci\u00f3n que calific\u00f3 como sospechosa al identificar la presencia de estos trabajadores en inmediaciones del lugar.<\/p>\n\n\n\n<p>Sin embargo, la respuesta del Gobierno Municipal fue inmediata. En conferencia de prensa, el jefe de Recursos Humanos, Hern\u00e1n M\u00e9ndez, cuestion\u00f3 duramente las declaraciones del candidato, calific\u00e1ndolas como falsas, injustificadas y carentes de pruebas, adem\u00e1s de se\u00f1alar que vulneran la dignidad de los funcionarios expuestos p\u00fablicamente.<\/p>\n\n\n\n<p>En el mismo acto, uno de los trabajadores se\u00f1alados tom\u00f3 la palabra. Se identific\u00f3 como Ariel Maida, funcionario de la Direcci\u00f3n de Medio Ambiente, encargado de la distribuci\u00f3n de correspondencia oficial.<\/p>\n\n\n\n<p>Maida explic\u00f3 que su presencia en la zona norte, el d\u00eda de los hechos, respond\u00eda exclusivamente al cumplimiento de sus funciones laborales, espec\u00edficamente a la notificaci\u00f3n al presidente de la OTB del sector. Para respaldar su versi\u00f3n, present\u00f3 el documento correspondiente con firmas, fecha y hora.<\/p>\n\n\n\n<p>\u201cSoy Ariel Maida, soy funcionario municipal, estaba haciendo mi trabajo y me han se\u00f1alado por eso. Es indignante que este se\u00f1or quiera justificar su autoatentado acus\u00e1ndonos a funcionarios que no tenemos nada que ver\u201d, manifest\u00f3.<\/p>\n\n\n\n<p>El trabajador expres\u00f3 sentirse profundamente afectado, no solo en su rol profesional, sino tambi\u00e9n como padre de familia y ciudadano, se\u00f1alando que su honor y reputaci\u00f3n han sido da\u00f1ados.<\/p>\n\n\n\n<p>Finalmente, anunci\u00f3 el inicio de acciones legales contra Ram\u00f3n Daza, con el objetivo de resguardar su buen nombre, su prestigio y su imagen.<\/p>\n\n\n\n<p>El caso ha generado fuerte repercusi\u00f3n, reabriendo el debate sobre los l\u00edmites en la denuncia p\u00fablica y la responsabilidad al emitir acusaciones sin sustento.<\/p>\n","protected":false},"excerpt":{"rendered":"<p>Cochabamba, 18 de Marzo de 2026.- Una nueva pol\u00e9mica sacude el escenario pol\u00edtico en Cochabamba luego de que el candidato a la Alcald\u00eda por la alianza Patria, Ram\u00f3n Daza, presentara ante medios de comunicaci\u00f3n fotograf\u00edas de dos funcionarios municipales, exhibiendo adem\u00e1s sus perfiles de Facebook, insinuando que podr\u00edan estar vinculados al atentado contra su vivienda&#8230;.<\/p>\n","protected":false},"author":11,"featured_media":9814,"comment_status":"open","ping_status":"open","sticky":false,"template":"","format":"standard","meta":{"_jetpack_memberships_contains_paid_content":false,"footnotes":"","jetpack_publicize_message":"","jetpack_publicize_feature_enabled":true,"jetpack_social_post_already_shared":true,"jetpack_social_options":{"image_generator_settings":{"template":"highway","enabled":false},"version":2}},"categories":[2,3],"tags":[6,26,1598,1599,60,10,1552],"class_list":["post-9812","post","type-post","status-publish","format-standard","has-post-thumbnail","hentry","category-cochabamba","category-politica","tag-cochabamba","tag-denuncia","tag-desmentira","tag-funcionarios-municipales","tag-justicia","tag-politica","tag-ramon-daza-2"],"jetpack_publicize_connections":[],"yoast_head":"<!-- This site is optimized with the Yoast SEO plugin v23.4 - https:\/\/yoast.com\/wordpress\/plugins\/seo\/ -->\n<title>FUNCIONARIOS MUNICIPALES DESMIENTEN ACUSACIONES DE RAM\u00d3N DAZA Y ANUNCIAN ACCIONES LEGALES - innoticiasbo.com<\/title>\n<meta name=\"robots\" content=\"index, follow, max-snippet:-1, max-image-preview:large, max-video-preview:-1\" \/>\n<link rel=\"canonical\" href=\"https:\/\/innoticiasbo.com\/index.php\/2026\/03\/18\/funcionarios-municipales-desmienten-acusaciones-de-ramon-daza-y-anuncian-acciones-legales\/\" \/>\n<meta property=\"og:locale\" content=\"es_ES\" \/>\n<meta property=\"og:type\" content=\"article\" \/>\n<meta property=\"og:title\" content=\"FUNCIONARIOS MUNICIPALES DESMIENTEN ACUSACIONES DE RAM\u00d3N DAZA Y ANUNCIAN ACCIONES LEGALES - innoticiasbo.com\" \/>\n<meta property=\"og:description\" content=\"Cochabamba, 18 de Marzo de 2026.- Una nueva pol\u00e9mica sacude el escenario pol\u00edtico en Cochabamba luego de que el candidato a la Alcald\u00eda por la alianza Patria, Ram\u00f3n Daza, presentara ante medios de comunicaci\u00f3n fotograf\u00edas de dos funcionarios municipales, exhibiendo adem\u00e1s sus perfiles de Facebook, insinuando que podr\u00edan estar vinculados al atentado contra su vivienda....\" \/>\n<meta property=\"og:url\" content=\"https:\/\/innoticiasbo.com\/index.php\/2026\/03\/18\/funcionarios-municipales-desmienten-acusaciones-de-ramon-daza-y-anuncian-acciones-legales\/\" \/>\n<meta property=\"og:site_name\" content=\"innoticiasbo.com\" \/>\n<meta property=\"article:publisher\" content=\"https:\/\/www.facebook.com\/innoticiasbolivia\" \/>\n<meta property=\"article:published_time\" content=\"2026-03-19T01:39:56+00:00\" \/>\n<meta property=\"article:modified_time\" content=\"2026-03-19T01:39:58+00:00\" \/>\n<meta property=\"og:image\" content=\"https:\/\/innoticiasbo.com\/wp-content\/uploads\/2026\/03\/Screenshot-2026-03-18-213736.png\" \/>\n\t<meta property=\"og:image:width\" content=\"1049\" \/>\n\t<meta property=\"og:image:height\" content=\"590\" \/>\n\t<meta property=\"og:image:type\" content=\"image\/png\" \/>\n<meta name=\"author\" content=\"Prensa 11\" \/>\n<meta name=\"twitter:card\" content=\"summary_large_image\" \/>\n<meta name=\"twitter:creator\" content=\"@innoticiasbo\" \/>\n<meta name=\"twitter:site\" content=\"@innoticiasbo\" \/>\n<meta name=\"twitter:label1\" content=\"Escrito por\" \/>\n\t<meta name=\"twitter:data1\" content=\"Prensa 11\" \/>\n\t<meta name=\"twitter:label2\" content=\"Tiempo de lectura\" \/>\n\t<meta name=\"twitter:data2\" content=\"2 minutos\" \/>\n<script type=\"application\/ld+json\" class=\"yoast-schema-graph\">{\"@context\":\"https:\/\/schema.org\",\"@graph\":[{\"@type\":\"Article\",\"@id\":\"https:\/\/innoticiasbo.com\/index.php\/2026\/03\/18\/funcionarios-municipales-desmienten-acusaciones-de-ramon-daza-y-anuncian-acciones-legales\/#article\",\"isPartOf\":{\"@id\":\"https:\/\/innoticiasbo.com\/index.php\/2026\/03\/18\/funcionarios-municipales-desmienten-acusaciones-de-ramon-daza-y-anuncian-acciones-legales\/\"},\"author\":{\"name\":\"Prensa 11\",\"@id\":\"https:\/\/innoticiasbo.com\/#\/schema\/person\/0b28481e8d0316f83a13bc702311def5\"},\"headline\":\"FUNCIONARIOS MUNICIPALES DESMIENTEN ACUSACIONES DE RAM\u00d3N DAZA Y ANUNCIAN ACCIONES LEGALES\",\"datePublished\":\"2026-03-19T01:39:56+00:00\",\"dateModified\":\"2026-03-19T01:39:58+00:00\",\"mainEntityOfPage\":{\"@id\":\"https:\/\/innoticiasbo.com\/index.php\/2026\/03\/18\/funcionarios-municipales-desmienten-acusaciones-de-ramon-daza-y-anuncian-acciones-legales\/\"},\"wordCount\":375,\"commentCount\":0,\"publisher\":{\"@id\":\"https:\/\/innoticiasbo.com\/#organization\"},\"image\":{\"@id\":\"https:\/\/innoticiasbo.com\/index.php\/2026\/03\/18\/funcionarios-municipales-desmienten-acusaciones-de-ramon-daza-y-anuncian-acciones-legales\/#primaryimage\"},\"thumbnailUrl\":\"https:\/\/i0.wp.com\/innoticiasbo.com\/wp-content\/uploads\/2026\/03\/Screenshot-2026-03-18-213736.png?fit=1049%2C590&ssl=1\",\"keywords\":[\"Cochabamba\",\"denuncia\",\"desmentira\",\"Funcionarios municipales\",\"justicia\",\"Pol\u00edtica\",\"Ram\u00f3n Daza\"],\"articleSection\":[\"Cochabamba\",\"Pol\u00edtica\"],\"inLanguage\":\"es\",\"potentialAction\":[{\"@type\":\"CommentAction\",\"name\":\"Comment\",\"target\":[\"https:\/\/innoticiasbo.com\/index.php\/2026\/03\/18\/funcionarios-municipales-desmienten-acusaciones-de-ramon-daza-y-anuncian-acciones-legales\/#respond\"]}]},{\"@type\":\"WebPage\",\"@id\":\"https:\/\/innoticiasbo.com\/index.php\/2026\/03\/18\/funcionarios-municipales-desmienten-acusaciones-de-ramon-daza-y-anuncian-acciones-legales\/\",\"url\":\"https:\/\/innoticiasbo.com\/index.php\/2026\/03\/18\/funcionarios-municipales-desmienten-acusaciones-de-ramon-daza-y-anuncian-acciones-legales\/\",\"name\":\"FUNCIONARIOS MUNICIPALES DESMIENTEN ACUSACIONES DE RAM\u00d3N DAZA Y ANUNCIAN ACCIONES LEGALES - innoticiasbo.com\",\"isPartOf\":{\"@id\":\"https:\/\/innoticiasbo.com\/#website\"},\"primaryImageOfPage\":{\"@id\":\"https:\/\/innoticiasbo.com\/index.php\/2026\/03\/18\/funcionarios-municipales-desmienten-acusaciones-de-ramon-daza-y-anuncian-acciones-legales\/#primaryimage\"},\"image\":{\"@id\":\"https:\/\/innoticiasbo.com\/index.php\/2026\/03\/18\/funcionarios-municipales-desmienten-acusaciones-de-ramon-daza-y-anuncian-acciones-legales\/#primaryimage\"},\"thumbnailUrl\":\"https:\/\/i0.wp.com\/innoticiasbo.com\/wp-content\/uploads\/2026\/03\/Screenshot-2026-03-18-213736.png?fit=1049%2C590&ssl=1\",\"datePublished\":\"2026-03-19T01:39:56+00:00\",\"dateModified\":\"2026-03-19T01:39:58+00:00\",\"breadcrumb\":{\"@id\":\"https:\/\/innoticiasbo.com\/index.php\/2026\/03\/18\/funcionarios-municipales-desmienten-acusaciones-de-ramon-daza-y-anuncian-acciones-legales\/#breadcrumb\"},\"inLanguage\":\"es\",\"potentialAction\":[{\"@type\":\"ReadAction\",\"target\":[\"https:\/\/innoticiasbo.com\/index.php\/2026\/03\/18\/funcionarios-municipales-desmienten-acusaciones-de-ramon-daza-y-anuncian-acciones-legales\/\"]}]},{\"@type\":\"ImageObject\",\"inLanguage\":\"es\",\"@id\":\"https:\/\/innoticiasbo.com\/index.php\/2026\/03\/18\/funcionarios-municipales-desmienten-acusaciones-de-ramon-daza-y-anuncian-acciones-legales\/#primaryimage\",\"url\":\"https:\/\/i0.wp.com\/innoticiasbo.com\/wp-content\/uploads\/2026\/03\/Screenshot-2026-03-18-213736.png?fit=1049%2C590&ssl=1\",\"contentUrl\":\"https:\/\/i0.wp.com\/innoticiasbo.com\/wp-content\/uploads\/2026\/03\/Screenshot-2026-03-18-213736.png?fit=1049%2C590&ssl=1\",\"width\":1049,\"height\":590},{\"@type\":\"BreadcrumbList\",\"@id\":\"https:\/\/innoticiasbo.com\/index.php\/2026\/03\/18\/funcionarios-municipales-desmienten-acusaciones-de-ramon-daza-y-anuncian-acciones-legales\/#breadcrumb\",\"itemListElement\":[{\"@type\":\"ListItem\",\"position\":1,\"name\":\"Portada\",\"item\":\"https:\/\/innoticiasbo.com\/\"},{\"@type\":\"ListItem\",\"position\":2,\"name\":\"FUNCIONARIOS MUNICIPALES DESMIENTEN ACUSACIONES DE RAM\u00d3N DAZA Y ANUNCIAN ACCIONES LEGALES\"}]},{\"@type\":\"WebSite\",\"@id\":\"https:\/\/innoticiasbo.com\/#website\",\"url\":\"https:\/\/innoticiasbo.com\/\",\"name\":\"innoticiasbo.com\",\"description\":\"\",\"publisher\":{\"@id\":\"https:\/\/innoticiasbo.com\/#organization\"},\"potentialAction\":[{\"@type\":\"SearchAction\",\"target\":{\"@type\":\"EntryPoint\",\"urlTemplate\":\"https:\/\/innoticiasbo.com\/?s={search_term_string}\"},\"query-input\":{\"@type\":\"PropertyValueSpecification\",\"valueRequired\":true,\"valueName\":\"search_term_string\"}}],\"inLanguage\":\"es\"},{\"@type\":\"Organization\",\"@id\":\"https:\/\/innoticiasbo.com\/#organization\",\"name\":\"innoticiasbo.com\",\"url\":\"https:\/\/innoticiasbo.com\/\",\"logo\":{\"@type\":\"ImageObject\",\"inLanguage\":\"es\",\"@id\":\"https:\/\/innoticiasbo.com\/#\/schema\/logo\/image\/\",\"url\":\"https:\/\/i0.wp.com\/innoticiasbo.com\/wp-content\/uploads\/2026\/04\/cropped-IN-LOGO.png?fit=1476%2C1476&ssl=1\",\"contentUrl\":\"https:\/\/i0.wp.com\/innoticiasbo.com\/wp-content\/uploads\/2026\/04\/cropped-IN-LOGO.png?fit=1476%2C1476&ssl=1\",\"width\":1476,\"height\":1476,\"caption\":\"innoticiasbo.com\"},\"image\":{\"@id\":\"https:\/\/innoticiasbo.com\/#\/schema\/logo\/image\/\"},\"sameAs\":[\"https:\/\/www.facebook.com\/innoticiasbolivia\",\"https:\/\/x.com\/innoticiasbo\",\"https:\/\/www.instagram.com\/innoticiasbo\",\"https:\/\/www.youtube.com\/innoticiasbo\"]},{\"@type\":\"Person\",\"@id\":\"https:\/\/innoticiasbo.com\/#\/schema\/person\/0b28481e8d0316f83a13bc702311def5\",\"name\":\"Prensa 11\",\"image\":{\"@type\":\"ImageObject\",\"inLanguage\":\"es\",\"@id\":\"https:\/\/innoticiasbo.com\/#\/schema\/person\/image\/\",\"url\":\"https:\/\/secure.gravatar.com\/avatar\/696560c17349f1807a610bf83832bad0?s=96&d=mm&r=g\",\"contentUrl\":\"https:\/\/secure.gravatar.com\/avatar\/696560c17349f1807a610bf83832bad0?s=96&d=mm&r=g\",\"caption\":\"Prensa 11\"},\"sameAs\":[\"http:\/\/www.innoticiasbo.com\"],\"url\":\"https:\/\/innoticiasbo.com\/index.php\/author\/prensa-11\/\"}]}<\/script>\n<!-- \/ Yoast SEO plugin. -->","yoast_head_json":{"title":"FUNCIONARIOS MUNICIPALES DESMIENTEN ACUSACIONES DE RAM\u00d3N DAZA Y ANUNCIAN ACCIONES LEGALES - innoticiasbo.com","robots":{"index":"index","follow":"follow","max-snippet":"max-snippet:-1","max-image-preview":"max-image-preview:large","max-video-preview":"max-video-preview:-1"},"canonical":"https:\/\/innoticiasbo.com\/index.php\/2026\/03\/18\/funcionarios-municipales-desmienten-acusaciones-de-ramon-daza-y-anuncian-acciones-legales\/","og_locale":"es_ES","og_type":"article","og_title":"FUNCIONARIOS MUNICIPALES DESMIENTEN ACUSACIONES DE RAM\u00d3N DAZA Y ANUNCIAN ACCIONES LEGALES - innoticiasbo.com","og_description":"Cochabamba, 18 de Marzo de 2026.- Una nueva pol\u00e9mica sacude el escenario pol\u00edtico en Cochabamba luego de que el candidato a la Alcald\u00eda por la alianza Patria, Ram\u00f3n Daza, presentara ante medios de comunicaci\u00f3n fotograf\u00edas de dos funcionarios municipales, exhibiendo adem\u00e1s sus perfiles de Facebook, insinuando que podr\u00edan estar vinculados al atentado contra su vivienda....","og_url":"https:\/\/innoticiasbo.com\/index.php\/2026\/03\/18\/funcionarios-municipales-desmienten-acusaciones-de-ramon-daza-y-anuncian-acciones-legales\/","og_site_name":"innoticiasbo.com","article_publisher":"https:\/\/www.facebook.com\/innoticiasbolivia","article_published_time":"2026-03-19T01:39:56+00:00","article_modified_time":"2026-03-19T01:39:58+00:00","og_image":[{"width":1049,"height":590,"url":"https:\/\/innoticiasbo.com\/wp-content\/uploads\/2026\/03\/Screenshot-2026-03-18-213736.png","type":"image\/png"}],"author":"Prensa 11","twitter_card":"summary_large_image","twitter_creator":"@innoticiasbo","twitter_site":"@innoticiasbo","twitter_misc":{"Escrito por":"Prensa 11","Tiempo de lectura":"2 minutos"},"schema":{"@context":"https:\/\/schema.org","@graph":[{"@type":"Article","@id":"https:\/\/innoticiasbo.com\/index.php\/2026\/03\/18\/funcionarios-municipales-desmienten-acusaciones-de-ramon-daza-y-anuncian-acciones-legales\/#article","isPartOf":{"@id":"https:\/\/innoticiasbo.com\/index.php\/2026\/03\/18\/funcionarios-municipales-desmienten-acusaciones-de-ramon-daza-y-anuncian-acciones-legales\/"},"author":{"name":"Prensa 11","@id":"https:\/\/innoticiasbo.com\/#\/schema\/person\/0b28481e8d0316f83a13bc702311def5"},"headline":"FUNCIONARIOS MUNICIPALES DESMIENTEN ACUSACIONES DE RAM\u00d3N DAZA Y ANUNCIAN ACCIONES LEGALES","datePublished":"2026-03-19T01:39:56+00:00","dateModified":"2026-03-19T01:39:58+00:00","mainEntityOfPage":{"@id":"https:\/\/innoticiasbo.com\/index.php\/2026\/03\/18\/funcionarios-municipales-desmienten-acusaciones-de-ramon-daza-y-anuncian-acciones-legales\/"},"wordCount":375,"commentCount":0,"publisher":{"@id":"https:\/\/innoticiasbo.com\/#organization"},"image":{"@id":"https:\/\/innoticiasbo.com\/index.php\/2026\/03\/18\/funcionarios-municipales-desmienten-acusaciones-de-ramon-daza-y-anuncian-acciones-legales\/#primaryimage"},"thumbnailUrl":"https:\/\/i0.wp.com\/innoticiasbo.com\/wp-content\/uploads\/2026\/03\/Screenshot-2026-03-18-213736.png?fit=1049%2C590&ssl=1","keywords":["Cochabamba","denuncia","desmentira","Funcionarios municipales","justicia","Pol\u00edtica","Ram\u00f3n Daza"],"articleSection":["Cochabamba","Pol\u00edtica"],"inLanguage":"es","potentialAction":[{"@type":"CommentAction","name":"Comment","target":["https:\/\/innoticiasbo.com\/index.php\/2026\/03\/18\/funcionarios-municipales-desmienten-acusaciones-de-ramon-daza-y-anuncian-acciones-legales\/#respond"]}]},{"@type":"WebPage","@id":"https:\/\/innoticiasbo.com\/index.php\/2026\/03\/18\/funcionarios-municipales-desmienten-acusaciones-de-ramon-daza-y-anuncian-acciones-legales\/","url":"https:\/\/innoticiasbo.com\/index.php\/2026\/03\/18\/funcionarios-municipales-desmienten-acusaciones-de-ramon-daza-y-anuncian-acciones-legales\/","name":"FUNCIONARIOS MUNICIPALES DESMIENTEN ACUSACIONES DE RAM\u00d3N DAZA Y ANUNCIAN ACCIONES LEGALES - innoticiasbo.com","isPartOf":{"@id":"https:\/\/innoticiasbo.com\/#website"},"primaryImageOfPage":{"@id":"https:\/\/innoticiasbo.com\/index.php\/2026\/03\/18\/funcionarios-municipales-desmienten-acusaciones-de-ramon-daza-y-anuncian-acciones-legales\/#primaryimage"},"image":{"@id":"https:\/\/innoticiasbo.com\/index.php\/2026\/03\/18\/funcionarios-municipales-desmienten-acusaciones-de-ramon-daza-y-anuncian-acciones-legales\/#primaryimage"},"thumbnailUrl":"https:\/\/i0.wp.com\/innoticiasbo.com\/wp-content\/uploads\/2026\/03\/Screenshot-2026-03-18-213736.png?fit=1049%2C590&ssl=1","datePublished":"2026-03-19T01:39:56+00:00","dateModified":"2026-03-19T01:39:58+00:00","breadcrumb":{"@id":"https:\/\/innoticiasbo.com\/index.php\/2026\/03\/18\/funcionarios-municipales-desmienten-acusaciones-de-ramon-daza-y-anuncian-acciones-legales\/#breadcrumb"},"inLanguage":"es","potentialAction":[{"@type":"ReadAction","target":["https:\/\/innoticiasbo.com\/index.php\/2026\/03\/18\/funcionarios-municipales-desmienten-acusaciones-de-ramon-daza-y-anuncian-acciones-legales\/"]}]},{"@type":"ImageObject","inLanguage":"es","@id":"https:\/\/innoticiasbo.com\/index.php\/2026\/03\/18\/funcionarios-municipales-desmienten-acusaciones-de-ramon-daza-y-anuncian-acciones-legales\/#primaryimage","url":"https:\/\/i0.wp.com\/innoticiasbo.com\/wp-content\/uploads\/2026\/03\/Screenshot-2026-03-18-213736.png?fit=1049%2C590&ssl=1","contentUrl":"https:\/\/i0.wp.com\/innoticiasbo.com\/wp-content\/uploads\/2026\/03\/Screenshot-2026-03-18-213736.png?fit=1049%2C590&ssl=1","width":1049,"height":590},{"@type":"BreadcrumbList","@id":"https:\/\/innoticiasbo.com\/index.php\/2026\/03\/18\/funcionarios-municipales-desmienten-acusaciones-de-ramon-daza-y-anuncian-acciones-legales\/#breadcrumb","itemListElement":[{"@type":"ListItem","position":1,"name":"Portada","item":"https:\/\/innoticiasbo.com\/"},{"@type":"ListItem","position":2,"name":"FUNCIONARIOS MUNICIPALES DESMIENTEN ACUSACIONES DE RAM\u00d3N DAZA Y ANUNCIAN ACCIONES LEGALES"}]},{"@type":"WebSite","@id":"https:\/\/innoticiasbo.com\/#website","url":"https:\/\/innoticiasbo.com\/","name":"innoticiasbo.com","description":"","publisher":{"@id":"https:\/\/innoticiasbo.com\/#organization"},"potentialAction":[{"@type":"SearchAction","target":{"@type":"EntryPoint","urlTemplate":"https:\/\/innoticiasbo.com\/?s={search_term_string}"},"query-input":{"@type":"PropertyValueSpecification","valueRequired":true,"valueName":"search_term_string"}}],"inLanguage":"es"},{"@type":"Organization","@id":"https:\/\/innoticiasbo.com\/#organization","name":"innoticiasbo.com","url":"https:\/\/innoticiasbo.com\/","logo":{"@type":"ImageObject","inLanguage":"es","@id":"https:\/\/innoticiasbo.com\/#\/schema\/logo\/image\/","url":"https:\/\/i0.wp.com\/innoticiasbo.com\/wp-content\/uploads\/2026\/04\/cropped-IN-LOGO.png?fit=1476%2C1476&ssl=1","contentUrl":"https:\/\/i0.wp.com\/innoticiasbo.com\/wp-content\/uploads\/2026\/04\/cropped-IN-LOGO.png?fit=1476%2C1476&ssl=1","width":1476,"height":1476,"caption":"innoticiasbo.com"},"image":{"@id":"https:\/\/innoticiasbo.com\/#\/schema\/logo\/image\/"},"sameAs":["https:\/\/www.facebook.com\/innoticiasbolivia","https:\/\/x.com\/innoticiasbo","https:\/\/www.instagram.com\/innoticiasbo","https:\/\/www.youtube.com\/innoticiasbo"]},{"@type":"Person","@id":"https:\/\/innoticiasbo.com\/#\/schema\/person\/0b28481e8d0316f83a13bc702311def5","name":"Prensa 11","image":{"@type":"ImageObject","inLanguage":"es","@id":"https:\/\/innoticiasbo.com\/#\/schema\/person\/image\/","url":"https:\/\/secure.gravatar.com\/avatar\/696560c17349f1807a610bf83832bad0?s=96&d=mm&r=g","contentUrl":"https:\/\/secure.gravatar.com\/avatar\/696560c17349f1807a610bf83832bad0?s=96&d=mm&r=g","caption":"Prensa 11"},"sameAs":["http:\/\/www.innoticiasbo.com"],"url":"https:\/\/innoticiasbo.com\/index.php\/author\/prensa-11\/"}]}},"jetpack_featured_media_url":"https:\/\/i0.wp.com\/innoticiasbo.com\/wp-content\/uploads\/2026\/03\/Screenshot-2026-03-18-213736.png?fit=1049%2C590&ssl=1","jetpack_likes_enabled":true,"jetpack_sharing_enabled":true,"jetpack_shortlink":"https:\/\/wp.me\/pg298x-2yg","_links":{"self":[{"href":"https:\/\/innoticiasbo.com\/index.php\/wp-json\/wp\/v2\/posts\/9812","targetHints":{"allow":["GET"]}}],"collection":[{"href":"https:\/\/innoticiasbo.com\/index.php\/wp-json\/wp\/v2\/posts"}],"about":[{"href":"https:\/\/innoticiasbo.com\/index.php\/wp-json\/wp\/v2\/types\/post"}],"author":[{"embeddable":true,"href":"https:\/\/innoticiasbo.com\/index.php\/wp-json\/wp\/v2\/users\/11"}],"replies":[{"embeddable":true,"href":"https:\/\/innoticiasbo.com\/index.php\/wp-json\/wp\/v2\/comments?post=9812"}],"version-history":[{"count":1,"href":"https:\/\/innoticiasbo.com\/index.php\/wp-json\/wp\/v2\/posts\/9812\/revisions"}],"predecessor-version":[{"id":9815,"href":"https:\/\/innoticiasbo.com\/index.php\/wp-json\/wp\/v2\/posts\/9812\/revisions\/9815"}],"wp:featuredmedia":[{"embeddable":true,"href":"https:\/\/innoticiasbo.com\/index.php\/wp-json\/wp\/v2\/media\/9814"}],"wp:attachment":[{"href":"https:\/\/innoticiasbo.com\/index.php\/wp-json\/wp\/v2\/media?parent=9812"}],"wp:term":[{"taxonomy":"category","embeddable":true,"href":"https:\/\/innoticiasbo.com\/index.php\/wp-json\/wp\/v2\/categories?post=9812"},{"taxonomy":"post_tag","embeddable":true,"href":"https:\/\/innoticiasbo.com\/index.php\/wp-json\/wp\/v2\/tags?post=9812"}],"curies":[{"name":"wp","href":"https:\/\/api.w.org\/{rel}","templated":true}]}}