{"id":9806,"date":"2026-03-18T21:30:27","date_gmt":"2026-03-19T01:30:27","guid":{"rendered":"https:\/\/innoticiasbo.com\/?p=9806"},"modified":"2026-03-18T21:30:28","modified_gmt":"2026-03-19T01:30:28","slug":"sin-shows-ni-conciertos-ramon-daza-cierra-campana-con-misa-entrega-social-y-discurso-por-la-libertad","status":"publish","type":"post","link":"https:\/\/innoticiasbo.com\/index.php\/2026\/03\/18\/sin-shows-ni-conciertos-ramon-daza-cierra-campana-con-misa-entrega-social-y-discurso-por-la-libertad\/","title":{"rendered":"SIN SHOWS NI CONCIERTOS: RAM\u00d3N DAZA CIERRA CAMPA\u00d1A CON MISA, ENTREGA SOCIAL Y DISCURSO POR LA \u201cLIBERTAD\u201d"},"content":{"rendered":"\n<figure class=\"wp-block-video\"><video controls src=\"https:\/\/innoticiasbo.com\/wp-content\/uploads\/2026\/03\/AQNv5LuDVcGGxLKwAio_9XnG72B79noV_418ngkQ4Dtlz6OrFShYhinHIhDW_6Vh6mmaJdNbSMxRERa7tl5tG5g7a8z5-3Ep2ADbpTpadq5G_Q.mp4\"><\/video><\/figure>\n\n\n\n<p><strong>Cochabamba, 18 de Marzo de 2026.- <\/strong>El candidato a la Alcald\u00eda de Cochabamba por la alianza Patria, Ram\u00f3n Daza, marc\u00f3 distancia del tradicional cierre de campa\u00f1a al optar por una jornada sin concentraciones masivas, shows musicales ni despliegues esc\u00e9nicos.<\/p>\n\n\n\n<p>En lugar de ello, durante la tarde realiz\u00f3 la entrega de mobiliario a una unidad educativa de la zona sur, en un acto de car\u00e1cter social. Posteriormente, acompa\u00f1ado de su c\u00edrculo cercano de seguidores, particip\u00f3 de una misa.<\/p>\n\n\n\n<p>Seg\u00fan el equipo de prensa del candidato, tras la celebraci\u00f3n religiosa, fueron los propios militantes quienes, por iniciativa propia, organizaron una peque\u00f1a concentraci\u00f3n en la plaza 14 de Septiembre. En el lugar se instal\u00f3 un escenario reducido donde se desarroll\u00f3 un encuentro entre simpatizantes.<\/p>\n\n\n\n<p>En ese espacio, Ram\u00f3n Daza brind\u00f3 un discurso emotivo con fuerte contenido simb\u00f3lico y pol\u00edtico. \u201cEl 22 de marzo no se vota solo por un alcalde, se elige entre una nueva visi\u00f3n o la antigua visi\u00f3n\u201d, afirm\u00f3.<\/p>\n\n\n\n<p>El candidato insisti\u00f3 en un mensaje centrado en valores, repitiendo en varias ocasiones la palabra \u201clibertad\u201d. \u201cSe elige familia, se elige libertad\u201d, sostuvo ante sus seguidores.<\/p>\n\n\n\n<p>Asimismo, cuestion\u00f3 modelos de gesti\u00f3n que \u2014seg\u00fan dijo\u2014 responden a \u201cfeudos\u201d y \u201cmonarqu\u00edas\u201d en la ciudad, planteando la necesidad de superar esas pr\u00e1cticas y encaminar a Cochabamba hacia un modelo m\u00e1s productivo.<\/p>\n\n\n\n<p>El acto cerr\u00f3 con el respaldo de sus simpatizantes, en una jornada at\u00edpica que contrast\u00f3 con los cierres tradicionales, apostando por un mensaje m\u00e1s sobrio y simb\u00f3lico de cara a las elecciones del 22 de marzo.<\/p>\n","protected":false},"excerpt":{"rendered":"<p>Cochabamba, 18 de Marzo de 2026.- El candidato a la Alcald\u00eda de Cochabamba por la alianza Patria, Ram\u00f3n Daza, marc\u00f3 distancia del tradicional cierre de campa\u00f1a al optar por una jornada sin concentraciones masivas, shows musicales ni despliegues esc\u00e9nicos. En lugar de ello, durante la tarde realiz\u00f3 la entrega de mobiliario a una unidad educativa&#8230;<\/p>\n","protected":false},"author":11,"featured_media":9809,"comment_status":"open","ping_status":"open","sticky":false,"template":"","format":"standard","meta":{"_jetpack_memberships_contains_paid_content":false,"footnotes":"","jetpack_publicize_message":"","jetpack_publicize_feature_enabled":true,"jetpack_social_post_already_shared":true,"jetpack_social_options":{"image_generator_settings":{"template":"highway","enabled":false},"version":2}},"categories":[2,3],"tags":[980,6,1059,48,1244,1106,180,1263,10,1552,1011,1256],"class_list":["post-9806","post","type-post","status-publish","format-standard","has-post-thumbnail","hentry","category-cochabamba","category-politica","tag-cierre-de-campana","tag-cochabamba","tag-discurso","tag-elecciones","tag-elecciones-2026","tag-elecciones-subnacionales","tag-libertad","tag-misa","tag-politica","tag-ramon-daza-2","tag-subnacionales","tag-subnacionales-2026"],"jetpack_publicize_connections":[],"yoast_head":"<!-- This site is optimized with the Yoast SEO plugin v23.4 - https:\/\/yoast.com\/wordpress\/plugins\/seo\/ -->\n<title>SIN SHOWS NI CONCIERTOS: RAM\u00d3N DAZA CIERRA CAMPA\u00d1A CON MISA, ENTREGA SOCIAL Y DISCURSO POR LA \u201cLIBERTAD\u201d - innoticiasbo.com<\/title>\n<meta name=\"robots\" content=\"index, follow, max-snippet:-1, max-image-preview:large, max-video-preview:-1\" \/>\n<link rel=\"canonical\" href=\"https:\/\/innoticiasbo.com\/index.php\/2026\/03\/18\/sin-shows-ni-conciertos-ramon-daza-cierra-campana-con-misa-entrega-social-y-discurso-por-la-libertad\/\" \/>\n<meta property=\"og:locale\" content=\"es_ES\" \/>\n<meta property=\"og:type\" content=\"article\" \/>\n<meta property=\"og:title\" content=\"SIN SHOWS NI CONCIERTOS: RAM\u00d3N DAZA CIERRA CAMPA\u00d1A CON MISA, ENTREGA SOCIAL Y DISCURSO POR LA \u201cLIBERTAD\u201d - innoticiasbo.com\" \/>\n<meta property=\"og:description\" content=\"Cochabamba, 18 de Marzo de 2026.- El candidato a la Alcald\u00eda de Cochabamba por la alianza Patria, Ram\u00f3n Daza, marc\u00f3 distancia del tradicional cierre de campa\u00f1a al optar por una jornada sin concentraciones masivas, shows musicales ni despliegues esc\u00e9nicos. En lugar de ello, durante la tarde realiz\u00f3 la entrega de mobiliario a una unidad educativa...\" \/>\n<meta property=\"og:url\" content=\"https:\/\/innoticiasbo.com\/index.php\/2026\/03\/18\/sin-shows-ni-conciertos-ramon-daza-cierra-campana-con-misa-entrega-social-y-discurso-por-la-libertad\/\" \/>\n<meta property=\"og:site_name\" content=\"innoticiasbo.com\" \/>\n<meta property=\"article:publisher\" content=\"https:\/\/www.facebook.com\/innoticiasbolivia\" \/>\n<meta property=\"article:published_time\" content=\"2026-03-19T01:30:27+00:00\" \/>\n<meta property=\"article:modified_time\" content=\"2026-03-19T01:30:28+00:00\" \/>\n<meta property=\"og:image\" content=\"https:\/\/innoticiasbo.com\/wp-content\/uploads\/2026\/03\/Screenshot-2026-03-18-211632.png\" \/>\n\t<meta property=\"og:image:width\" content=\"1049\" \/>\n\t<meta property=\"og:image:height\" content=\"591\" \/>\n\t<meta property=\"og:image:type\" content=\"image\/png\" \/>\n<meta name=\"author\" content=\"Prensa 11\" \/>\n<meta name=\"twitter:card\" content=\"summary_large_image\" \/>\n<meta name=\"twitter:creator\" content=\"@innoticiasbo\" \/>\n<meta name=\"twitter:site\" content=\"@innoticiasbo\" \/>\n<meta name=\"twitter:label1\" content=\"Escrito por\" \/>\n\t<meta name=\"twitter:data1\" content=\"Prensa 11\" \/>\n\t<meta name=\"twitter:label2\" content=\"Tiempo de lectura\" \/>\n\t<meta name=\"twitter:data2\" content=\"2 minutos\" \/>\n<script type=\"application\/ld+json\" class=\"yoast-schema-graph\">{\"@context\":\"https:\/\/schema.org\",\"@graph\":[{\"@type\":\"Article\",\"@id\":\"https:\/\/innoticiasbo.com\/index.php\/2026\/03\/18\/sin-shows-ni-conciertos-ramon-daza-cierra-campana-con-misa-entrega-social-y-discurso-por-la-libertad\/#article\",\"isPartOf\":{\"@id\":\"https:\/\/innoticiasbo.com\/index.php\/2026\/03\/18\/sin-shows-ni-conciertos-ramon-daza-cierra-campana-con-misa-entrega-social-y-discurso-por-la-libertad\/\"},\"author\":{\"name\":\"Prensa 11\",\"@id\":\"https:\/\/innoticiasbo.com\/#\/schema\/person\/0b28481e8d0316f83a13bc702311def5\"},\"headline\":\"SIN SHOWS NI CONCIERTOS: RAM\u00d3N DAZA CIERRA CAMPA\u00d1A CON MISA, ENTREGA SOCIAL Y DISCURSO POR LA \u201cLIBERTAD\u201d\",\"datePublished\":\"2026-03-19T01:30:27+00:00\",\"dateModified\":\"2026-03-19T01:30:28+00:00\",\"mainEntityOfPage\":{\"@id\":\"https:\/\/innoticiasbo.com\/index.php\/2026\/03\/18\/sin-shows-ni-conciertos-ramon-daza-cierra-campana-con-misa-entrega-social-y-discurso-por-la-libertad\/\"},\"wordCount\":291,\"commentCount\":0,\"publisher\":{\"@id\":\"https:\/\/innoticiasbo.com\/#organization\"},\"image\":{\"@id\":\"https:\/\/innoticiasbo.com\/index.php\/2026\/03\/18\/sin-shows-ni-conciertos-ramon-daza-cierra-campana-con-misa-entrega-social-y-discurso-por-la-libertad\/#primaryimage\"},\"thumbnailUrl\":\"https:\/\/i0.wp.com\/innoticiasbo.com\/wp-content\/uploads\/2026\/03\/Screenshot-2026-03-18-211632.png?fit=1049%2C591&ssl=1\",\"keywords\":[\"cierre de campa\u00f1a\",\"Cochabamba\",\"discurso\",\"elecciones\",\"Elecciones 2026\",\"elecciones subnacionales\",\"libertad\",\"Misa\",\"Pol\u00edtica\",\"Ram\u00f3n Daza\",\"subnacionales\",\"Subnacionales 2026\"],\"articleSection\":[\"Cochabamba\",\"Pol\u00edtica\"],\"inLanguage\":\"es\",\"potentialAction\":[{\"@type\":\"CommentAction\",\"name\":\"Comment\",\"target\":[\"https:\/\/innoticiasbo.com\/index.php\/2026\/03\/18\/sin-shows-ni-conciertos-ramon-daza-cierra-campana-con-misa-entrega-social-y-discurso-por-la-libertad\/#respond\"]}]},{\"@type\":\"WebPage\",\"@id\":\"https:\/\/innoticiasbo.com\/index.php\/2026\/03\/18\/sin-shows-ni-conciertos-ramon-daza-cierra-campana-con-misa-entrega-social-y-discurso-por-la-libertad\/\",\"url\":\"https:\/\/innoticiasbo.com\/index.php\/2026\/03\/18\/sin-shows-ni-conciertos-ramon-daza-cierra-campana-con-misa-entrega-social-y-discurso-por-la-libertad\/\",\"name\":\"SIN SHOWS NI CONCIERTOS: RAM\u00d3N DAZA CIERRA CAMPA\u00d1A CON MISA, ENTREGA SOCIAL Y DISCURSO POR LA \u201cLIBERTAD\u201d - innoticiasbo.com\",\"isPartOf\":{\"@id\":\"https:\/\/innoticiasbo.com\/#website\"},\"primaryImageOfPage\":{\"@id\":\"https:\/\/innoticiasbo.com\/index.php\/2026\/03\/18\/sin-shows-ni-conciertos-ramon-daza-cierra-campana-con-misa-entrega-social-y-discurso-por-la-libertad\/#primaryimage\"},\"image\":{\"@id\":\"https:\/\/innoticiasbo.com\/index.php\/2026\/03\/18\/sin-shows-ni-conciertos-ramon-daza-cierra-campana-con-misa-entrega-social-y-discurso-por-la-libertad\/#primaryimage\"},\"thumbnailUrl\":\"https:\/\/i0.wp.com\/innoticiasbo.com\/wp-content\/uploads\/2026\/03\/Screenshot-2026-03-18-211632.png?fit=1049%2C591&ssl=1\",\"datePublished\":\"2026-03-19T01:30:27+00:00\",\"dateModified\":\"2026-03-19T01:30:28+00:00\",\"breadcrumb\":{\"@id\":\"https:\/\/innoticiasbo.com\/index.php\/2026\/03\/18\/sin-shows-ni-conciertos-ramon-daza-cierra-campana-con-misa-entrega-social-y-discurso-por-la-libertad\/#breadcrumb\"},\"inLanguage\":\"es\",\"potentialAction\":[{\"@type\":\"ReadAction\",\"target\":[\"https:\/\/innoticiasbo.com\/index.php\/2026\/03\/18\/sin-shows-ni-conciertos-ramon-daza-cierra-campana-con-misa-entrega-social-y-discurso-por-la-libertad\/\"]}]},{\"@type\":\"ImageObject\",\"inLanguage\":\"es\",\"@id\":\"https:\/\/innoticiasbo.com\/index.php\/2026\/03\/18\/sin-shows-ni-conciertos-ramon-daza-cierra-campana-con-misa-entrega-social-y-discurso-por-la-libertad\/#primaryimage\",\"url\":\"https:\/\/i0.wp.com\/innoticiasbo.com\/wp-content\/uploads\/2026\/03\/Screenshot-2026-03-18-211632.png?fit=1049%2C591&ssl=1\",\"contentUrl\":\"https:\/\/i0.wp.com\/innoticiasbo.com\/wp-content\/uploads\/2026\/03\/Screenshot-2026-03-18-211632.png?fit=1049%2C591&ssl=1\",\"width\":1049,\"height\":591},{\"@type\":\"BreadcrumbList\",\"@id\":\"https:\/\/innoticiasbo.com\/index.php\/2026\/03\/18\/sin-shows-ni-conciertos-ramon-daza-cierra-campana-con-misa-entrega-social-y-discurso-por-la-libertad\/#breadcrumb\",\"itemListElement\":[{\"@type\":\"ListItem\",\"position\":1,\"name\":\"Portada\",\"item\":\"https:\/\/innoticiasbo.com\/\"},{\"@type\":\"ListItem\",\"position\":2,\"name\":\"SIN SHOWS NI CONCIERTOS: RAM\u00d3N DAZA CIERRA CAMPA\u00d1A CON MISA, ENTREGA SOCIAL Y DISCURSO POR LA \u201cLIBERTAD\u201d\"}]},{\"@type\":\"WebSite\",\"@id\":\"https:\/\/innoticiasbo.com\/#website\",\"url\":\"https:\/\/innoticiasbo.com\/\",\"name\":\"innoticiasbo.com\",\"description\":\"\",\"publisher\":{\"@id\":\"https:\/\/innoticiasbo.com\/#organization\"},\"potentialAction\":[{\"@type\":\"SearchAction\",\"target\":{\"@type\":\"EntryPoint\",\"urlTemplate\":\"https:\/\/innoticiasbo.com\/?s={search_term_string}\"},\"query-input\":{\"@type\":\"PropertyValueSpecification\",\"valueRequired\":true,\"valueName\":\"search_term_string\"}}],\"inLanguage\":\"es\"},{\"@type\":\"Organization\",\"@id\":\"https:\/\/innoticiasbo.com\/#organization\",\"name\":\"innoticiasbo.com\",\"url\":\"https:\/\/innoticiasbo.com\/\",\"logo\":{\"@type\":\"ImageObject\",\"inLanguage\":\"es\",\"@id\":\"https:\/\/innoticiasbo.com\/#\/schema\/logo\/image\/\",\"url\":\"https:\/\/i0.wp.com\/innoticiasbo.com\/wp-content\/uploads\/2026\/04\/cropped-IN-LOGO.png?fit=1476%2C1476&ssl=1\",\"contentUrl\":\"https:\/\/i0.wp.com\/innoticiasbo.com\/wp-content\/uploads\/2026\/04\/cropped-IN-LOGO.png?fit=1476%2C1476&ssl=1\",\"width\":1476,\"height\":1476,\"caption\":\"innoticiasbo.com\"},\"image\":{\"@id\":\"https:\/\/innoticiasbo.com\/#\/schema\/logo\/image\/\"},\"sameAs\":[\"https:\/\/www.facebook.com\/innoticiasbolivia\",\"https:\/\/x.com\/innoticiasbo\",\"https:\/\/www.instagram.com\/innoticiasbo\",\"https:\/\/www.youtube.com\/innoticiasbo\"]},{\"@type\":\"Person\",\"@id\":\"https:\/\/innoticiasbo.com\/#\/schema\/person\/0b28481e8d0316f83a13bc702311def5\",\"name\":\"Prensa 11\",\"image\":{\"@type\":\"ImageObject\",\"inLanguage\":\"es\",\"@id\":\"https:\/\/innoticiasbo.com\/#\/schema\/person\/image\/\",\"url\":\"https:\/\/secure.gravatar.com\/avatar\/696560c17349f1807a610bf83832bad0?s=96&d=mm&r=g\",\"contentUrl\":\"https:\/\/secure.gravatar.com\/avatar\/696560c17349f1807a610bf83832bad0?s=96&d=mm&r=g\",\"caption\":\"Prensa 11\"},\"sameAs\":[\"http:\/\/www.innoticiasbo.com\"],\"url\":\"https:\/\/innoticiasbo.com\/index.php\/author\/prensa-11\/\"}]}<\/script>\n<!-- \/ Yoast SEO plugin. -->","yoast_head_json":{"title":"SIN SHOWS NI CONCIERTOS: RAM\u00d3N DAZA CIERRA CAMPA\u00d1A CON MISA, ENTREGA SOCIAL Y DISCURSO POR LA \u201cLIBERTAD\u201d - innoticiasbo.com","robots":{"index":"index","follow":"follow","max-snippet":"max-snippet:-1","max-image-preview":"max-image-preview:large","max-video-preview":"max-video-preview:-1"},"canonical":"https:\/\/innoticiasbo.com\/index.php\/2026\/03\/18\/sin-shows-ni-conciertos-ramon-daza-cierra-campana-con-misa-entrega-social-y-discurso-por-la-libertad\/","og_locale":"es_ES","og_type":"article","og_title":"SIN SHOWS NI CONCIERTOS: RAM\u00d3N DAZA CIERRA CAMPA\u00d1A CON MISA, ENTREGA SOCIAL Y DISCURSO POR LA \u201cLIBERTAD\u201d - innoticiasbo.com","og_description":"Cochabamba, 18 de Marzo de 2026.- El candidato a la Alcald\u00eda de Cochabamba por la alianza Patria, Ram\u00f3n Daza, marc\u00f3 distancia del tradicional cierre de campa\u00f1a al optar por una jornada sin concentraciones masivas, shows musicales ni despliegues esc\u00e9nicos. En lugar de ello, durante la tarde realiz\u00f3 la entrega de mobiliario a una unidad educativa...","og_url":"https:\/\/innoticiasbo.com\/index.php\/2026\/03\/18\/sin-shows-ni-conciertos-ramon-daza-cierra-campana-con-misa-entrega-social-y-discurso-por-la-libertad\/","og_site_name":"innoticiasbo.com","article_publisher":"https:\/\/www.facebook.com\/innoticiasbolivia","article_published_time":"2026-03-19T01:30:27+00:00","article_modified_time":"2026-03-19T01:30:28+00:00","og_image":[{"width":1049,"height":591,"url":"https:\/\/innoticiasbo.com\/wp-content\/uploads\/2026\/03\/Screenshot-2026-03-18-211632.png","type":"image\/png"}],"author":"Prensa 11","twitter_card":"summary_large_image","twitter_creator":"@innoticiasbo","twitter_site":"@innoticiasbo","twitter_misc":{"Escrito por":"Prensa 11","Tiempo de lectura":"2 minutos"},"schema":{"@context":"https:\/\/schema.org","@graph":[{"@type":"Article","@id":"https:\/\/innoticiasbo.com\/index.php\/2026\/03\/18\/sin-shows-ni-conciertos-ramon-daza-cierra-campana-con-misa-entrega-social-y-discurso-por-la-libertad\/#article","isPartOf":{"@id":"https:\/\/innoticiasbo.com\/index.php\/2026\/03\/18\/sin-shows-ni-conciertos-ramon-daza-cierra-campana-con-misa-entrega-social-y-discurso-por-la-libertad\/"},"author":{"name":"Prensa 11","@id":"https:\/\/innoticiasbo.com\/#\/schema\/person\/0b28481e8d0316f83a13bc702311def5"},"headline":"SIN SHOWS NI CONCIERTOS: RAM\u00d3N DAZA CIERRA CAMPA\u00d1A CON MISA, ENTREGA SOCIAL Y DISCURSO POR LA \u201cLIBERTAD\u201d","datePublished":"2026-03-19T01:30:27+00:00","dateModified":"2026-03-19T01:30:28+00:00","mainEntityOfPage":{"@id":"https:\/\/innoticiasbo.com\/index.php\/2026\/03\/18\/sin-shows-ni-conciertos-ramon-daza-cierra-campana-con-misa-entrega-social-y-discurso-por-la-libertad\/"},"wordCount":291,"commentCount":0,"publisher":{"@id":"https:\/\/innoticiasbo.com\/#organization"},"image":{"@id":"https:\/\/innoticiasbo.com\/index.php\/2026\/03\/18\/sin-shows-ni-conciertos-ramon-daza-cierra-campana-con-misa-entrega-social-y-discurso-por-la-libertad\/#primaryimage"},"thumbnailUrl":"https:\/\/i0.wp.com\/innoticiasbo.com\/wp-content\/uploads\/2026\/03\/Screenshot-2026-03-18-211632.png?fit=1049%2C591&ssl=1","keywords":["cierre de campa\u00f1a","Cochabamba","discurso","elecciones","Elecciones 2026","elecciones subnacionales","libertad","Misa","Pol\u00edtica","Ram\u00f3n Daza","subnacionales","Subnacionales 2026"],"articleSection":["Cochabamba","Pol\u00edtica"],"inLanguage":"es","potentialAction":[{"@type":"CommentAction","name":"Comment","target":["https:\/\/innoticiasbo.com\/index.php\/2026\/03\/18\/sin-shows-ni-conciertos-ramon-daza-cierra-campana-con-misa-entrega-social-y-discurso-por-la-libertad\/#respond"]}]},{"@type":"WebPage","@id":"https:\/\/innoticiasbo.com\/index.php\/2026\/03\/18\/sin-shows-ni-conciertos-ramon-daza-cierra-campana-con-misa-entrega-social-y-discurso-por-la-libertad\/","url":"https:\/\/innoticiasbo.com\/index.php\/2026\/03\/18\/sin-shows-ni-conciertos-ramon-daza-cierra-campana-con-misa-entrega-social-y-discurso-por-la-libertad\/","name":"SIN SHOWS NI CONCIERTOS: RAM\u00d3N DAZA CIERRA CAMPA\u00d1A CON MISA, ENTREGA SOCIAL Y DISCURSO POR LA \u201cLIBERTAD\u201d - innoticiasbo.com","isPartOf":{"@id":"https:\/\/innoticiasbo.com\/#website"},"primaryImageOfPage":{"@id":"https:\/\/innoticiasbo.com\/index.php\/2026\/03\/18\/sin-shows-ni-conciertos-ramon-daza-cierra-campana-con-misa-entrega-social-y-discurso-por-la-libertad\/#primaryimage"},"image":{"@id":"https:\/\/innoticiasbo.com\/index.php\/2026\/03\/18\/sin-shows-ni-conciertos-ramon-daza-cierra-campana-con-misa-entrega-social-y-discurso-por-la-libertad\/#primaryimage"},"thumbnailUrl":"https:\/\/i0.wp.com\/innoticiasbo.com\/wp-content\/uploads\/2026\/03\/Screenshot-2026-03-18-211632.png?fit=1049%2C591&ssl=1","datePublished":"2026-03-19T01:30:27+00:00","dateModified":"2026-03-19T01:30:28+00:00","breadcrumb":{"@id":"https:\/\/innoticiasbo.com\/index.php\/2026\/03\/18\/sin-shows-ni-conciertos-ramon-daza-cierra-campana-con-misa-entrega-social-y-discurso-por-la-libertad\/#breadcrumb"},"inLanguage":"es","potentialAction":[{"@type":"ReadAction","target":["https:\/\/innoticiasbo.com\/index.php\/2026\/03\/18\/sin-shows-ni-conciertos-ramon-daza-cierra-campana-con-misa-entrega-social-y-discurso-por-la-libertad\/"]}]},{"@type":"ImageObject","inLanguage":"es","@id":"https:\/\/innoticiasbo.com\/index.php\/2026\/03\/18\/sin-shows-ni-conciertos-ramon-daza-cierra-campana-con-misa-entrega-social-y-discurso-por-la-libertad\/#primaryimage","url":"https:\/\/i0.wp.com\/innoticiasbo.com\/wp-content\/uploads\/2026\/03\/Screenshot-2026-03-18-211632.png?fit=1049%2C591&ssl=1","contentUrl":"https:\/\/i0.wp.com\/innoticiasbo.com\/wp-content\/uploads\/2026\/03\/Screenshot-2026-03-18-211632.png?fit=1049%2C591&ssl=1","width":1049,"height":591},{"@type":"BreadcrumbList","@id":"https:\/\/innoticiasbo.com\/index.php\/2026\/03\/18\/sin-shows-ni-conciertos-ramon-daza-cierra-campana-con-misa-entrega-social-y-discurso-por-la-libertad\/#breadcrumb","itemListElement":[{"@type":"ListItem","position":1,"name":"Portada","item":"https:\/\/innoticiasbo.com\/"},{"@type":"ListItem","position":2,"name":"SIN SHOWS NI CONCIERTOS: RAM\u00d3N DAZA CIERRA CAMPA\u00d1A CON MISA, ENTREGA SOCIAL Y DISCURSO POR LA \u201cLIBERTAD\u201d"}]},{"@type":"WebSite","@id":"https:\/\/innoticiasbo.com\/#website","url":"https:\/\/innoticiasbo.com\/","name":"innoticiasbo.com","description":"","publisher":{"@id":"https:\/\/innoticiasbo.com\/#organization"},"potentialAction":[{"@type":"SearchAction","target":{"@type":"EntryPoint","urlTemplate":"https:\/\/innoticiasbo.com\/?s={search_term_string}"},"query-input":{"@type":"PropertyValueSpecification","valueRequired":true,"valueName":"search_term_string"}}],"inLanguage":"es"},{"@type":"Organization","@id":"https:\/\/innoticiasbo.com\/#organization","name":"innoticiasbo.com","url":"https:\/\/innoticiasbo.com\/","logo":{"@type":"ImageObject","inLanguage":"es","@id":"https:\/\/innoticiasbo.com\/#\/schema\/logo\/image\/","url":"https:\/\/i0.wp.com\/innoticiasbo.com\/wp-content\/uploads\/2026\/04\/cropped-IN-LOGO.png?fit=1476%2C1476&ssl=1","contentUrl":"https:\/\/i0.wp.com\/innoticiasbo.com\/wp-content\/uploads\/2026\/04\/cropped-IN-LOGO.png?fit=1476%2C1476&ssl=1","width":1476,"height":1476,"caption":"innoticiasbo.com"},"image":{"@id":"https:\/\/innoticiasbo.com\/#\/schema\/logo\/image\/"},"sameAs":["https:\/\/www.facebook.com\/innoticiasbolivia","https:\/\/x.com\/innoticiasbo","https:\/\/www.instagram.com\/innoticiasbo","https:\/\/www.youtube.com\/innoticiasbo"]},{"@type":"Person","@id":"https:\/\/innoticiasbo.com\/#\/schema\/person\/0b28481e8d0316f83a13bc702311def5","name":"Prensa 11","image":{"@type":"ImageObject","inLanguage":"es","@id":"https:\/\/innoticiasbo.com\/#\/schema\/person\/image\/","url":"https:\/\/secure.gravatar.com\/avatar\/696560c17349f1807a610bf83832bad0?s=96&d=mm&r=g","contentUrl":"https:\/\/secure.gravatar.com\/avatar\/696560c17349f1807a610bf83832bad0?s=96&d=mm&r=g","caption":"Prensa 11"},"sameAs":["http:\/\/www.innoticiasbo.com"],"url":"https:\/\/innoticiasbo.com\/index.php\/author\/prensa-11\/"}]}},"jetpack_featured_media_url":"https:\/\/i0.wp.com\/innoticiasbo.com\/wp-content\/uploads\/2026\/03\/Screenshot-2026-03-18-211632.png?fit=1049%2C591&ssl=1","jetpack_likes_enabled":true,"jetpack_sharing_enabled":true,"jetpack_shortlink":"https:\/\/wp.me\/pg298x-2ya","_links":{"self":[{"href":"https:\/\/innoticiasbo.com\/index.php\/wp-json\/wp\/v2\/posts\/9806","targetHints":{"allow":["GET"]}}],"collection":[{"href":"https:\/\/innoticiasbo.com\/index.php\/wp-json\/wp\/v2\/posts"}],"about":[{"href":"https:\/\/innoticiasbo.com\/index.php\/wp-json\/wp\/v2\/types\/post"}],"author":[{"embeddable":true,"href":"https:\/\/innoticiasbo.com\/index.php\/wp-json\/wp\/v2\/users\/11"}],"replies":[{"embeddable":true,"href":"https:\/\/innoticiasbo.com\/index.php\/wp-json\/wp\/v2\/comments?post=9806"}],"version-history":[{"count":1,"href":"https:\/\/innoticiasbo.com\/index.php\/wp-json\/wp\/v2\/posts\/9806\/revisions"}],"predecessor-version":[{"id":9811,"href":"https:\/\/innoticiasbo.com\/index.php\/wp-json\/wp\/v2\/posts\/9806\/revisions\/9811"}],"wp:featuredmedia":[{"embeddable":true,"href":"https:\/\/innoticiasbo.com\/index.php\/wp-json\/wp\/v2\/media\/9809"}],"wp:attachment":[{"href":"https:\/\/innoticiasbo.com\/index.php\/wp-json\/wp\/v2\/media?parent=9806"}],"wp:term":[{"taxonomy":"category","embeddable":true,"href":"https:\/\/innoticiasbo.com\/index.php\/wp-json\/wp\/v2\/categories?post=9806"},{"taxonomy":"post_tag","embeddable":true,"href":"https:\/\/innoticiasbo.com\/index.php\/wp-json\/wp\/v2\/tags?post=9806"}],"curies":[{"name":"wp","href":"https:\/\/api.w.org\/{rel}","templated":true}]}}