{"id":980,"date":"2024-09-23T22:33:30","date_gmt":"2024-09-23T22:33:30","guid":{"rendered":"https:\/\/innoticiasbo.com\/?p=980"},"modified":"2024-09-23T22:33:40","modified_gmt":"2024-09-23T22:33:40","slug":"evo-rechaza-dialogo-mediado-por-el-defensor-del-pueblo","status":"publish","type":"post","link":"https:\/\/innoticiasbo.com\/index.php\/2024\/09\/23\/evo-rechaza-dialogo-mediado-por-el-defensor-del-pueblo\/","title":{"rendered":"EVO RECHAZA DI\u00c1LOGO MEDIADO POR EL DEFENSOR DEL PUEBLO"},"content":{"rendered":"\n<p>La Paz, 23 de septiembre de 2024.- El l\u00edder cocalero, Evo Morales, en su cabildo, rechaz\u00f3 el di\u00e1logo mediado por la Defensor\u00eda del Pueblo junto al Gobierno Nacional para hallar soluci\u00f3n a su pliego petitorio entregado el pasado 6 de septiembre, \u201cesto no se negocia\u201d.<\/p>\n\n\n\n<figure class=\"wp-block-image size-large\"><img data-recalc-dims=\"1\" loading=\"lazy\" decoding=\"async\" width=\"640\" height=\"427\" src=\"https:\/\/i0.wp.com\/innoticiasbo.com\/wp-content\/uploads\/2024\/09\/fb_img_17271300316158144848721377330729.jpg?resize=640%2C427&#038;ssl=1\" alt=\"\" class=\"wp-image-978\" srcset=\"https:\/\/i0.wp.com\/innoticiasbo.com\/wp-content\/uploads\/2024\/09\/fb_img_17271300316158144848721377330729.jpg?resize=1024%2C683&amp;ssl=1 1024w, https:\/\/i0.wp.com\/innoticiasbo.com\/wp-content\/uploads\/2024\/09\/fb_img_17271300316158144848721377330729.jpg?resize=300%2C200&amp;ssl=1 300w, https:\/\/i0.wp.com\/innoticiasbo.com\/wp-content\/uploads\/2024\/09\/fb_img_17271300316158144848721377330729.jpg?resize=768%2C512&amp;ssl=1 768w, https:\/\/i0.wp.com\/innoticiasbo.com\/wp-content\/uploads\/2024\/09\/fb_img_17271300316158144848721377330729.jpg?resize=600%2C400&amp;ssl=1 600w, https:\/\/i0.wp.com\/innoticiasbo.com\/wp-content\/uploads\/2024\/09\/fb_img_17271300316158144848721377330729.jpg?w=1080&amp;ssl=1 1080w\" sizes=\"auto, (max-width: 640px) 100vw, 640px\" \/><\/figure>\n\n\n\n<p>\u201cDe emergencia (\u2026) pide mediaci\u00f3n del Defensor del Pueblo para el di\u00e1logo. Compa\u00f1eras y compa\u00f1eros, no estamos pidiendo mejorar salarios, eso se negocia. Es obligaci\u00f3n, tarea, misi\u00f3n del Gobierno garantizar combustible, eso no se negocia, y si no puede garantizar sabr\u00e1 qu\u00e9 le toca al Gobierno\u201d, dijo Morales en su cabildo instalado en el puente de ingreso a la ciudad de La Paz.<\/p>\n\n\n\n<p>ARCE REITER\u00d3 TRES VECES INVITACI\u00d3N AL DI\u00c1LOGO<\/p>\n\n\n\n<p>Arce y su gabinete ministerial, en m\u00e1s de tres ocasiones, reiteraron la invitaci\u00f3n al cocalero a un di\u00e1logo para subsanar las peticiones del pliego entregado el pasado 6 de septiembre. Sin embargo, el sector evista rechaz\u00f3 el pedido y continu\u00f3 con su marcha hacia la ciudad de La Paz.<\/p>\n\n\n\n<p>Ahora, Evo da 24 horas a Arce para solucionar sus demandas y advierte con bloqueo contundente de caminos en el pa\u00eds.<br \/>Fuente: Urgente.bo<\/p>\n\n\n\n<h1 class=\"wp-block-heading\">EvoMoralesAyma #LuisArceCatacora #DefensorDelPueblo #gabinete #Bolivia #pol\u00edtica #marcha #cabildo #innoticias<\/h1>\n","protected":false},"excerpt":{"rendered":"<p>La Paz, 23 de septiembre de 2024.- El l\u00edder cocalero, Evo Morales, en su cabildo, rechaz\u00f3 el di\u00e1logo mediado por la Defensor\u00eda del Pueblo junto al Gobierno Nacional para hallar soluci\u00f3n a su pliego petitorio entregado el pasado 6 de septiembre, \u201cesto no se negocia\u201d. \u201cDe emergencia (\u2026) pide mediaci\u00f3n del Defensor del Pueblo para&#8230;<\/p>\n","protected":false},"author":2,"featured_media":979,"comment_status":"open","ping_status":"open","sticky":false,"template":"","format":"standard","meta":{"_jetpack_memberships_contains_paid_content":false,"footnotes":"","jetpack_publicize_message":"","jetpack_publicize_feature_enabled":true,"jetpack_social_post_already_shared":true,"jetpack_social_options":{"image_generator_settings":{"template":"highway","enabled":false},"version":2}},"categories":[1,3],"tags":[],"class_list":["post-980","post","type-post","status-publish","format-standard","has-post-thumbnail","hentry","category-bolivia","category-politica"],"jetpack_publicize_connections":[],"yoast_head":"<!-- This site is optimized with the Yoast SEO plugin v23.4 - https:\/\/yoast.com\/wordpress\/plugins\/seo\/ -->\n<title>EVO RECHAZA DI\u00c1LOGO MEDIADO POR EL DEFENSOR DEL PUEBLO - innoticiasbo.com<\/title>\n<meta name=\"robots\" content=\"index, follow, max-snippet:-1, max-image-preview:large, max-video-preview:-1\" \/>\n<link rel=\"canonical\" href=\"https:\/\/innoticiasbo.com\/index.php\/2024\/09\/23\/evo-rechaza-dialogo-mediado-por-el-defensor-del-pueblo\/\" \/>\n<meta property=\"og:locale\" content=\"es_ES\" \/>\n<meta property=\"og:type\" content=\"article\" \/>\n<meta property=\"og:title\" content=\"EVO RECHAZA DI\u00c1LOGO MEDIADO POR EL DEFENSOR DEL PUEBLO - innoticiasbo.com\" \/>\n<meta property=\"og:description\" content=\"La Paz, 23 de septiembre de 2024.- El l\u00edder cocalero, Evo Morales, en su cabildo, rechaz\u00f3 el di\u00e1logo mediado por la Defensor\u00eda del Pueblo junto al Gobierno Nacional para hallar soluci\u00f3n a su pliego petitorio entregado el pasado 6 de septiembre, \u201cesto no se negocia\u201d. \u201cDe emergencia (\u2026) pide mediaci\u00f3n del Defensor del Pueblo para...\" \/>\n<meta property=\"og:url\" content=\"https:\/\/innoticiasbo.com\/index.php\/2024\/09\/23\/evo-rechaza-dialogo-mediado-por-el-defensor-del-pueblo\/\" \/>\n<meta property=\"og:site_name\" content=\"innoticiasbo.com\" \/>\n<meta property=\"article:publisher\" content=\"https:\/\/www.facebook.com\/innoticiasbolivia\" \/>\n<meta property=\"article:published_time\" content=\"2024-09-23T22:33:30+00:00\" \/>\n<meta property=\"article:modified_time\" content=\"2024-09-23T22:33:40+00:00\" \/>\n<meta property=\"og:image\" content=\"https:\/\/i0.wp.com\/innoticiasbo.com\/wp-content\/uploads\/2024\/09\/FB_IMG_1727114934927.jpg?fit=1080%2C810&ssl=1\" \/>\n\t<meta property=\"og:image:width\" content=\"1080\" \/>\n\t<meta property=\"og:image:height\" content=\"810\" \/>\n\t<meta property=\"og:image:type\" content=\"image\/jpeg\" \/>\n<meta name=\"author\" content=\"Prensa\" \/>\n<meta name=\"twitter:card\" content=\"summary_large_image\" \/>\n<meta name=\"twitter:creator\" content=\"@innoticiasbo\" \/>\n<meta name=\"twitter:site\" content=\"@innoticiasbo\" \/>\n<meta name=\"twitter:label1\" content=\"Escrito por\" \/>\n\t<meta name=\"twitter:data1\" content=\"Prensa\" \/>\n\t<meta name=\"twitter:label2\" content=\"Tiempo de lectura\" \/>\n\t<meta name=\"twitter:data2\" content=\"1 minuto\" \/>\n<script type=\"application\/ld+json\" class=\"yoast-schema-graph\">{\"@context\":\"https:\/\/schema.org\",\"@graph\":[{\"@type\":\"Article\",\"@id\":\"https:\/\/innoticiasbo.com\/index.php\/2024\/09\/23\/evo-rechaza-dialogo-mediado-por-el-defensor-del-pueblo\/#article\",\"isPartOf\":{\"@id\":\"https:\/\/innoticiasbo.com\/index.php\/2024\/09\/23\/evo-rechaza-dialogo-mediado-por-el-defensor-del-pueblo\/\"},\"author\":{\"name\":\"Prensa\",\"@id\":\"https:\/\/innoticiasbo.com\/#\/schema\/person\/589cd527c4211df1b943bdad85ec07ce\"},\"headline\":\"EVO RECHAZA DI\u00c1LOGO MEDIADO POR EL DEFENSOR DEL PUEBLO\",\"datePublished\":\"2024-09-23T22:33:30+00:00\",\"dateModified\":\"2024-09-23T22:33:40+00:00\",\"mainEntityOfPage\":{\"@id\":\"https:\/\/innoticiasbo.com\/index.php\/2024\/09\/23\/evo-rechaza-dialogo-mediado-por-el-defensor-del-pueblo\/\"},\"wordCount\":219,\"commentCount\":0,\"publisher\":{\"@id\":\"https:\/\/innoticiasbo.com\/#organization\"},\"image\":{\"@id\":\"https:\/\/innoticiasbo.com\/index.php\/2024\/09\/23\/evo-rechaza-dialogo-mediado-por-el-defensor-del-pueblo\/#primaryimage\"},\"thumbnailUrl\":\"https:\/\/i0.wp.com\/innoticiasbo.com\/wp-content\/uploads\/2024\/09\/FB_IMG_1727114934927.jpg?fit=1080%2C810&ssl=1\",\"articleSection\":[\"Bolivia\",\"Pol\u00edtica\"],\"inLanguage\":\"es\",\"potentialAction\":[{\"@type\":\"CommentAction\",\"name\":\"Comment\",\"target\":[\"https:\/\/innoticiasbo.com\/index.php\/2024\/09\/23\/evo-rechaza-dialogo-mediado-por-el-defensor-del-pueblo\/#respond\"]}]},{\"@type\":\"WebPage\",\"@id\":\"https:\/\/innoticiasbo.com\/index.php\/2024\/09\/23\/evo-rechaza-dialogo-mediado-por-el-defensor-del-pueblo\/\",\"url\":\"https:\/\/innoticiasbo.com\/index.php\/2024\/09\/23\/evo-rechaza-dialogo-mediado-por-el-defensor-del-pueblo\/\",\"name\":\"EVO RECHAZA DI\u00c1LOGO MEDIADO POR EL DEFENSOR DEL PUEBLO - innoticiasbo.com\",\"isPartOf\":{\"@id\":\"https:\/\/innoticiasbo.com\/#website\"},\"primaryImageOfPage\":{\"@id\":\"https:\/\/innoticiasbo.com\/index.php\/2024\/09\/23\/evo-rechaza-dialogo-mediado-por-el-defensor-del-pueblo\/#primaryimage\"},\"image\":{\"@id\":\"https:\/\/innoticiasbo.com\/index.php\/2024\/09\/23\/evo-rechaza-dialogo-mediado-por-el-defensor-del-pueblo\/#primaryimage\"},\"thumbnailUrl\":\"https:\/\/i0.wp.com\/innoticiasbo.com\/wp-content\/uploads\/2024\/09\/FB_IMG_1727114934927.jpg?fit=1080%2C810&ssl=1\",\"datePublished\":\"2024-09-23T22:33:30+00:00\",\"dateModified\":\"2024-09-23T22:33:40+00:00\",\"breadcrumb\":{\"@id\":\"https:\/\/innoticiasbo.com\/index.php\/2024\/09\/23\/evo-rechaza-dialogo-mediado-por-el-defensor-del-pueblo\/#breadcrumb\"},\"inLanguage\":\"es\",\"potentialAction\":[{\"@type\":\"ReadAction\",\"target\":[\"https:\/\/innoticiasbo.com\/index.php\/2024\/09\/23\/evo-rechaza-dialogo-mediado-por-el-defensor-del-pueblo\/\"]}]},{\"@type\":\"ImageObject\",\"inLanguage\":\"es\",\"@id\":\"https:\/\/innoticiasbo.com\/index.php\/2024\/09\/23\/evo-rechaza-dialogo-mediado-por-el-defensor-del-pueblo\/#primaryimage\",\"url\":\"https:\/\/i0.wp.com\/innoticiasbo.com\/wp-content\/uploads\/2024\/09\/FB_IMG_1727114934927.jpg?fit=1080%2C810&ssl=1\",\"contentUrl\":\"https:\/\/i0.wp.com\/innoticiasbo.com\/wp-content\/uploads\/2024\/09\/FB_IMG_1727114934927.jpg?fit=1080%2C810&ssl=1\",\"width\":1080,\"height\":810},{\"@type\":\"BreadcrumbList\",\"@id\":\"https:\/\/innoticiasbo.com\/index.php\/2024\/09\/23\/evo-rechaza-dialogo-mediado-por-el-defensor-del-pueblo\/#breadcrumb\",\"itemListElement\":[{\"@type\":\"ListItem\",\"position\":1,\"name\":\"Portada\",\"item\":\"https:\/\/innoticiasbo.com\/\"},{\"@type\":\"ListItem\",\"position\":2,\"name\":\"EVO RECHAZA DI\u00c1LOGO MEDIADO POR EL DEFENSOR DEL PUEBLO\"}]},{\"@type\":\"WebSite\",\"@id\":\"https:\/\/innoticiasbo.com\/#website\",\"url\":\"https:\/\/innoticiasbo.com\/\",\"name\":\"innoticiasbo.com\",\"description\":\"\",\"publisher\":{\"@id\":\"https:\/\/innoticiasbo.com\/#organization\"},\"potentialAction\":[{\"@type\":\"SearchAction\",\"target\":{\"@type\":\"EntryPoint\",\"urlTemplate\":\"https:\/\/innoticiasbo.com\/?s={search_term_string}\"},\"query-input\":{\"@type\":\"PropertyValueSpecification\",\"valueRequired\":true,\"valueName\":\"search_term_string\"}}],\"inLanguage\":\"es\"},{\"@type\":\"Organization\",\"@id\":\"https:\/\/innoticiasbo.com\/#organization\",\"name\":\"innoticiasbo.com\",\"url\":\"https:\/\/innoticiasbo.com\/\",\"logo\":{\"@type\":\"ImageObject\",\"inLanguage\":\"es\",\"@id\":\"https:\/\/innoticiasbo.com\/#\/schema\/logo\/image\/\",\"url\":\"https:\/\/i0.wp.com\/innoticiasbo.com\/wp-content\/uploads\/2026\/04\/cropped-IN-LOGO.png?fit=1476%2C1476&ssl=1\",\"contentUrl\":\"https:\/\/i0.wp.com\/innoticiasbo.com\/wp-content\/uploads\/2026\/04\/cropped-IN-LOGO.png?fit=1476%2C1476&ssl=1\",\"width\":1476,\"height\":1476,\"caption\":\"innoticiasbo.com\"},\"image\":{\"@id\":\"https:\/\/innoticiasbo.com\/#\/schema\/logo\/image\/\"},\"sameAs\":[\"https:\/\/www.facebook.com\/innoticiasbolivia\",\"https:\/\/x.com\/innoticiasbo\",\"https:\/\/www.instagram.com\/innoticiasbo\",\"https:\/\/www.youtube.com\/innoticiasbo\"]},{\"@type\":\"Person\",\"@id\":\"https:\/\/innoticiasbo.com\/#\/schema\/person\/589cd527c4211df1b943bdad85ec07ce\",\"name\":\"Prensa\",\"image\":{\"@type\":\"ImageObject\",\"inLanguage\":\"es\",\"@id\":\"https:\/\/innoticiasbo.com\/#\/schema\/person\/image\/\",\"url\":\"https:\/\/secure.gravatar.com\/avatar\/d359bbdf112023c1c0a3ec7fe1600657?s=96&d=mm&r=g\",\"contentUrl\":\"https:\/\/secure.gravatar.com\/avatar\/d359bbdf112023c1c0a3ec7fe1600657?s=96&d=mm&r=g\",\"caption\":\"Prensa\"},\"sameAs\":[\"http:\/\/www.innoticiasbo.com\"],\"url\":\"https:\/\/innoticiasbo.com\/index.php\/author\/prensa\/\"}]}<\/script>\n<!-- \/ Yoast SEO plugin. -->","yoast_head_json":{"title":"EVO RECHAZA DI\u00c1LOGO MEDIADO POR EL DEFENSOR DEL PUEBLO - innoticiasbo.com","robots":{"index":"index","follow":"follow","max-snippet":"max-snippet:-1","max-image-preview":"max-image-preview:large","max-video-preview":"max-video-preview:-1"},"canonical":"https:\/\/innoticiasbo.com\/index.php\/2024\/09\/23\/evo-rechaza-dialogo-mediado-por-el-defensor-del-pueblo\/","og_locale":"es_ES","og_type":"article","og_title":"EVO RECHAZA DI\u00c1LOGO MEDIADO POR EL DEFENSOR DEL PUEBLO - innoticiasbo.com","og_description":"La Paz, 23 de septiembre de 2024.- El l\u00edder cocalero, Evo Morales, en su cabildo, rechaz\u00f3 el di\u00e1logo mediado por la Defensor\u00eda del Pueblo junto al Gobierno Nacional para hallar soluci\u00f3n a su pliego petitorio entregado el pasado 6 de septiembre, \u201cesto no se negocia\u201d. \u201cDe emergencia (\u2026) pide mediaci\u00f3n del Defensor del Pueblo para...","og_url":"https:\/\/innoticiasbo.com\/index.php\/2024\/09\/23\/evo-rechaza-dialogo-mediado-por-el-defensor-del-pueblo\/","og_site_name":"innoticiasbo.com","article_publisher":"https:\/\/www.facebook.com\/innoticiasbolivia","article_published_time":"2024-09-23T22:33:30+00:00","article_modified_time":"2024-09-23T22:33:40+00:00","og_image":[{"width":1080,"height":810,"url":"https:\/\/i0.wp.com\/innoticiasbo.com\/wp-content\/uploads\/2024\/09\/FB_IMG_1727114934927.jpg?fit=1080%2C810&ssl=1","type":"image\/jpeg"}],"author":"Prensa","twitter_card":"summary_large_image","twitter_creator":"@innoticiasbo","twitter_site":"@innoticiasbo","twitter_misc":{"Escrito por":"Prensa","Tiempo de lectura":"1 minuto"},"schema":{"@context":"https:\/\/schema.org","@graph":[{"@type":"Article","@id":"https:\/\/innoticiasbo.com\/index.php\/2024\/09\/23\/evo-rechaza-dialogo-mediado-por-el-defensor-del-pueblo\/#article","isPartOf":{"@id":"https:\/\/innoticiasbo.com\/index.php\/2024\/09\/23\/evo-rechaza-dialogo-mediado-por-el-defensor-del-pueblo\/"},"author":{"name":"Prensa","@id":"https:\/\/innoticiasbo.com\/#\/schema\/person\/589cd527c4211df1b943bdad85ec07ce"},"headline":"EVO RECHAZA DI\u00c1LOGO MEDIADO POR EL DEFENSOR DEL PUEBLO","datePublished":"2024-09-23T22:33:30+00:00","dateModified":"2024-09-23T22:33:40+00:00","mainEntityOfPage":{"@id":"https:\/\/innoticiasbo.com\/index.php\/2024\/09\/23\/evo-rechaza-dialogo-mediado-por-el-defensor-del-pueblo\/"},"wordCount":219,"commentCount":0,"publisher":{"@id":"https:\/\/innoticiasbo.com\/#organization"},"image":{"@id":"https:\/\/innoticiasbo.com\/index.php\/2024\/09\/23\/evo-rechaza-dialogo-mediado-por-el-defensor-del-pueblo\/#primaryimage"},"thumbnailUrl":"https:\/\/i0.wp.com\/innoticiasbo.com\/wp-content\/uploads\/2024\/09\/FB_IMG_1727114934927.jpg?fit=1080%2C810&ssl=1","articleSection":["Bolivia","Pol\u00edtica"],"inLanguage":"es","potentialAction":[{"@type":"CommentAction","name":"Comment","target":["https:\/\/innoticiasbo.com\/index.php\/2024\/09\/23\/evo-rechaza-dialogo-mediado-por-el-defensor-del-pueblo\/#respond"]}]},{"@type":"WebPage","@id":"https:\/\/innoticiasbo.com\/index.php\/2024\/09\/23\/evo-rechaza-dialogo-mediado-por-el-defensor-del-pueblo\/","url":"https:\/\/innoticiasbo.com\/index.php\/2024\/09\/23\/evo-rechaza-dialogo-mediado-por-el-defensor-del-pueblo\/","name":"EVO RECHAZA DI\u00c1LOGO MEDIADO POR EL DEFENSOR DEL PUEBLO - innoticiasbo.com","isPartOf":{"@id":"https:\/\/innoticiasbo.com\/#website"},"primaryImageOfPage":{"@id":"https:\/\/innoticiasbo.com\/index.php\/2024\/09\/23\/evo-rechaza-dialogo-mediado-por-el-defensor-del-pueblo\/#primaryimage"},"image":{"@id":"https:\/\/innoticiasbo.com\/index.php\/2024\/09\/23\/evo-rechaza-dialogo-mediado-por-el-defensor-del-pueblo\/#primaryimage"},"thumbnailUrl":"https:\/\/i0.wp.com\/innoticiasbo.com\/wp-content\/uploads\/2024\/09\/FB_IMG_1727114934927.jpg?fit=1080%2C810&ssl=1","datePublished":"2024-09-23T22:33:30+00:00","dateModified":"2024-09-23T22:33:40+00:00","breadcrumb":{"@id":"https:\/\/innoticiasbo.com\/index.php\/2024\/09\/23\/evo-rechaza-dialogo-mediado-por-el-defensor-del-pueblo\/#breadcrumb"},"inLanguage":"es","potentialAction":[{"@type":"ReadAction","target":["https:\/\/innoticiasbo.com\/index.php\/2024\/09\/23\/evo-rechaza-dialogo-mediado-por-el-defensor-del-pueblo\/"]}]},{"@type":"ImageObject","inLanguage":"es","@id":"https:\/\/innoticiasbo.com\/index.php\/2024\/09\/23\/evo-rechaza-dialogo-mediado-por-el-defensor-del-pueblo\/#primaryimage","url":"https:\/\/i0.wp.com\/innoticiasbo.com\/wp-content\/uploads\/2024\/09\/FB_IMG_1727114934927.jpg?fit=1080%2C810&ssl=1","contentUrl":"https:\/\/i0.wp.com\/innoticiasbo.com\/wp-content\/uploads\/2024\/09\/FB_IMG_1727114934927.jpg?fit=1080%2C810&ssl=1","width":1080,"height":810},{"@type":"BreadcrumbList","@id":"https:\/\/innoticiasbo.com\/index.php\/2024\/09\/23\/evo-rechaza-dialogo-mediado-por-el-defensor-del-pueblo\/#breadcrumb","itemListElement":[{"@type":"ListItem","position":1,"name":"Portada","item":"https:\/\/innoticiasbo.com\/"},{"@type":"ListItem","position":2,"name":"EVO RECHAZA DI\u00c1LOGO MEDIADO POR EL DEFENSOR DEL PUEBLO"}]},{"@type":"WebSite","@id":"https:\/\/innoticiasbo.com\/#website","url":"https:\/\/innoticiasbo.com\/","name":"innoticiasbo.com","description":"","publisher":{"@id":"https:\/\/innoticiasbo.com\/#organization"},"potentialAction":[{"@type":"SearchAction","target":{"@type":"EntryPoint","urlTemplate":"https:\/\/innoticiasbo.com\/?s={search_term_string}"},"query-input":{"@type":"PropertyValueSpecification","valueRequired":true,"valueName":"search_term_string"}}],"inLanguage":"es"},{"@type":"Organization","@id":"https:\/\/innoticiasbo.com\/#organization","name":"innoticiasbo.com","url":"https:\/\/innoticiasbo.com\/","logo":{"@type":"ImageObject","inLanguage":"es","@id":"https:\/\/innoticiasbo.com\/#\/schema\/logo\/image\/","url":"https:\/\/i0.wp.com\/innoticiasbo.com\/wp-content\/uploads\/2026\/04\/cropped-IN-LOGO.png?fit=1476%2C1476&ssl=1","contentUrl":"https:\/\/i0.wp.com\/innoticiasbo.com\/wp-content\/uploads\/2026\/04\/cropped-IN-LOGO.png?fit=1476%2C1476&ssl=1","width":1476,"height":1476,"caption":"innoticiasbo.com"},"image":{"@id":"https:\/\/innoticiasbo.com\/#\/schema\/logo\/image\/"},"sameAs":["https:\/\/www.facebook.com\/innoticiasbolivia","https:\/\/x.com\/innoticiasbo","https:\/\/www.instagram.com\/innoticiasbo","https:\/\/www.youtube.com\/innoticiasbo"]},{"@type":"Person","@id":"https:\/\/innoticiasbo.com\/#\/schema\/person\/589cd527c4211df1b943bdad85ec07ce","name":"Prensa","image":{"@type":"ImageObject","inLanguage":"es","@id":"https:\/\/innoticiasbo.com\/#\/schema\/person\/image\/","url":"https:\/\/secure.gravatar.com\/avatar\/d359bbdf112023c1c0a3ec7fe1600657?s=96&d=mm&r=g","contentUrl":"https:\/\/secure.gravatar.com\/avatar\/d359bbdf112023c1c0a3ec7fe1600657?s=96&d=mm&r=g","caption":"Prensa"},"sameAs":["http:\/\/www.innoticiasbo.com"],"url":"https:\/\/innoticiasbo.com\/index.php\/author\/prensa\/"}]}},"jetpack_featured_media_url":"https:\/\/i0.wp.com\/innoticiasbo.com\/wp-content\/uploads\/2024\/09\/FB_IMG_1727114934927.jpg?fit=1080%2C810&ssl=1","jetpack_likes_enabled":true,"jetpack_sharing_enabled":true,"jetpack_shortlink":"https:\/\/wp.me\/pg298x-fO","_links":{"self":[{"href":"https:\/\/innoticiasbo.com\/index.php\/wp-json\/wp\/v2\/posts\/980","targetHints":{"allow":["GET"]}}],"collection":[{"href":"https:\/\/innoticiasbo.com\/index.php\/wp-json\/wp\/v2\/posts"}],"about":[{"href":"https:\/\/innoticiasbo.com\/index.php\/wp-json\/wp\/v2\/types\/post"}],"author":[{"embeddable":true,"href":"https:\/\/innoticiasbo.com\/index.php\/wp-json\/wp\/v2\/users\/2"}],"replies":[{"embeddable":true,"href":"https:\/\/innoticiasbo.com\/index.php\/wp-json\/wp\/v2\/comments?post=980"}],"version-history":[{"count":1,"href":"https:\/\/innoticiasbo.com\/index.php\/wp-json\/wp\/v2\/posts\/980\/revisions"}],"predecessor-version":[{"id":981,"href":"https:\/\/innoticiasbo.com\/index.php\/wp-json\/wp\/v2\/posts\/980\/revisions\/981"}],"wp:featuredmedia":[{"embeddable":true,"href":"https:\/\/innoticiasbo.com\/index.php\/wp-json\/wp\/v2\/media\/979"}],"wp:attachment":[{"href":"https:\/\/innoticiasbo.com\/index.php\/wp-json\/wp\/v2\/media?parent=980"}],"wp:term":[{"taxonomy":"category","embeddable":true,"href":"https:\/\/innoticiasbo.com\/index.php\/wp-json\/wp\/v2\/categories?post=980"},{"taxonomy":"post_tag","embeddable":true,"href":"https:\/\/innoticiasbo.com\/index.php\/wp-json\/wp\/v2\/tags?post=980"}],"curies":[{"name":"wp","href":"https:\/\/api.w.org\/{rel}","templated":true}]}}