{"id":9770,"date":"2026-03-17T22:41:49","date_gmt":"2026-03-18T02:41:49","guid":{"rendered":"https:\/\/innoticiasbo.com\/?p=9770"},"modified":"2026-03-17T22:41:51","modified_gmt":"2026-03-18T02:41:51","slug":"paz-asegura-que-su-gobierno-sera-neutral-en-las-elecciones-locales-a-diferencia-del-mas","status":"publish","type":"post","link":"https:\/\/innoticiasbo.com\/index.php\/2026\/03\/17\/paz-asegura-que-su-gobierno-sera-neutral-en-las-elecciones-locales-a-diferencia-del-mas\/","title":{"rendered":"PAZ ASEGURA QUE SU GOBIERNO SER\u00c1 NEUTRAL EN LAS ELECCIONES LOCALES, A DIFERENCIA DEL MAS"},"content":{"rendered":"\n<figure class=\"wp-block-image size-large\"><img data-recalc-dims=\"1\" loading=\"lazy\" decoding=\"async\" width=\"640\" height=\"360\" src=\"https:\/\/i0.wp.com\/innoticiasbo.com\/wp-content\/uploads\/2026\/03\/image-217.png?resize=640%2C360&#038;ssl=1\" alt=\"\" class=\"wp-image-9771\" srcset=\"https:\/\/i0.wp.com\/innoticiasbo.com\/wp-content\/uploads\/2026\/03\/image-217.png?resize=1024%2C576&amp;ssl=1 1024w, https:\/\/i0.wp.com\/innoticiasbo.com\/wp-content\/uploads\/2026\/03\/image-217.png?resize=300%2C169&amp;ssl=1 300w, https:\/\/i0.wp.com\/innoticiasbo.com\/wp-content\/uploads\/2026\/03\/image-217.png?resize=768%2C432&amp;ssl=1 768w, https:\/\/i0.wp.com\/innoticiasbo.com\/wp-content\/uploads\/2026\/03\/image-217.png?w=1200&amp;ssl=1 1200w\" sizes=\"auto, (max-width: 640px) 100vw, 640px\" \/><\/figure>\n\n\n\n<p><strong>Pa\u00eds, 17 de Marzo de 2026.- <\/strong>Los bolivianos elegir\u00e1n el pr\u00f3ximo domingo a 5.432 autoridades departamentales y municipales para los pr\u00f3ximos cinco a\u00f1os. Entre los principales cargos est\u00e1n los gobernadores de nueve departamentos y los alcaldes de 335 municipios.<\/p>\n\n\n\n<p>El <strong>presidente de Bolivia, Rodrigo Paz, <\/strong>asegur\u00f3 este martes que su administraci\u00f3n ser\u00e1 neutral en las elecciones regionales y locales del domingo \u00abpor primera vez en los \u00faltimos veinte a\u00f1os\u00bb, a diferencia del \u00abGobierno del MAS, que control\u00f3 el Estado\u00bb.<\/p>\n\n\n\n<p><strong>\u00abPrimera vez en la historia de Bolivia que el Gobierno, que ya no es de un gobierno del MAS, q<\/strong>ue control\u00f3 al Estado, participa sin querer direccionar la voluntad del pueblo boliviano\u00bb, dijo Paz en una rueda de prensa en S\u00e3o Paulo (Brasil), tras participar en un encuentro empresarial.<\/p>\n\n\n\n<p>Los bolivianos elegir\u00e1n el pr\u00f3ximo domingo a <strong>5.432 autoridades departamentales <\/strong>y municipales para los pr\u00f3ximos cinco a\u00f1os. Entre los principales cargos est\u00e1n los gobernadores de nueve departamentos y los alcaldes de 335 municipios.<\/p>\n\n\n\n<p>En el \u00e1mbito legislativo regional se elegir\u00e1n <strong>249 asamble\u00edstas departamentales y 2.044 concejales municipales.<\/strong><\/p>\n\n\n\n<p>Paz, de visita de Estado en Brasil, prometi\u00f3 que no piensa inmiscuirse en las elecciones presidenciales que celebrar\u00e1 este pa\u00eds en octubre pr\u00f3ximo, como tampoco lo har\u00e1 en Bolivia.<\/p>\n\n\n\n<p>\u00abNo generamos injerencia, respetamos las decisiones de los pueblos en cada naci\u00f3n. Eso es lo que estamos haciendo como un ejemplo democr\u00e1tico\u00bb, manifest\u00f3.<\/p>\n\n\n\n<p>En este contexto, critic\u00f3 que durante los mandatos del MAS, primero con Evo Morales y despu\u00e9s con Luis Arce, \u00ablos ministerios y los servidores p\u00fablicos sal\u00edan a las calles a respaldar a los candidatos\u00bb de la formaci\u00f3n progresista que gobern\u00f3 Bolivia durante dos d\u00e9cadas.<\/p>\n\n\n\n<p>En contraposici\u00f3n, el actual jefe de Estado, de centroderecha, declar\u00f3 que \u00abpor primera vez luego de 20 a\u00f1os, el Gobierno y el Estado est\u00e1n ausentes\u00bb en los comicios, \u00abm\u00e1s all\u00e1 de las instituciones democr\u00e1ticas que deben participar, como el Tribunal Supremo Electoral\u00bb.<\/p>\n\n\n\n<p>Con todo, Paz defendi\u00f3 la presencia en su comitiva del gobernador del departamento de Santa Cruz -la regi\u00f3n m\u00e1s rica de Bolivia-, Luis Fernando Camacho, criticado por el expresidente Evo Morales.<\/p>\n\n\n\n<p>Seg\u00fan el mandatario,<strong> Camacho, pol\u00edtico que pas\u00f3 por la c\u00e1rcel en los tiempos del MAS <\/strong>acusado de conspiraci\u00f3n y que opta a la reelecci\u00f3n el domingo, le pidi\u00f3 formar parte de delegaci\u00f3n que viaj\u00f3 a Brasil y \u00e9l lo acept\u00f3 por representar una regi\u00f3n fronteriza con el gigante sudamericano.<\/p>\n\n\n\n<p>\u00abLuis Fernando Camacho representa la voluntad de un departamento, Santa Cruz, que busca mejores d\u00edas de desarrollo tanto para Brasil como para Bolivia. Lo otro es pol\u00edtico\u00bb, coment\u00f3 Paz, tras ser preguntado por las cr\u00edticas de Morales, de quien dijo que representa \u00abla visi\u00f3n del pasado\u00bb<\/p>\n\n\n\n<p>Fuente: El Deber<\/p>\n","protected":false},"excerpt":{"rendered":"<p>Pa\u00eds, 17 de Marzo de 2026.- Los bolivianos elegir\u00e1n el pr\u00f3ximo domingo a 5.432 autoridades departamentales y municipales para los pr\u00f3ximos cinco a\u00f1os. Entre los principales cargos est\u00e1n los gobernadores de nueve departamentos y los alcaldes de 335 municipios. El presidente de Bolivia, Rodrigo Paz, asegur\u00f3 este martes que su administraci\u00f3n ser\u00e1 neutral en las&#8230;<\/p>\n","protected":false},"author":11,"featured_media":9771,"comment_status":"open","ping_status":"open","sticky":false,"template":"","format":"standard","meta":{"_jetpack_memberships_contains_paid_content":false,"footnotes":"","jetpack_publicize_message":"","jetpack_publicize_feature_enabled":true,"jetpack_social_post_already_shared":true,"jetpack_social_options":{"image_generator_settings":{"template":"highway","enabled":false},"version":2}},"categories":[3],"tags":[7,48,1244,1106,1571,1572,10,345,1011,1256],"class_list":["post-9770","post","type-post","status-publish","format-standard","has-post-thumbnail","hentry","category-politica","tag-bolivia","tag-elecciones","tag-elecciones-2026","tag-elecciones-subnacionales","tag-neutral","tag-neutralidad","tag-politica","tag-rodrigo-paz","tag-subnacionales","tag-subnacionales-2026"],"jetpack_publicize_connections":[],"yoast_head":"<!-- This site is optimized with the Yoast SEO plugin v23.4 - https:\/\/yoast.com\/wordpress\/plugins\/seo\/ -->\n<title>PAZ ASEGURA QUE SU GOBIERNO SER\u00c1 NEUTRAL EN LAS ELECCIONES LOCALES, A DIFERENCIA DEL MAS - innoticiasbo.com<\/title>\n<meta name=\"robots\" content=\"index, follow, max-snippet:-1, max-image-preview:large, max-video-preview:-1\" \/>\n<link rel=\"canonical\" href=\"https:\/\/innoticiasbo.com\/index.php\/2026\/03\/17\/paz-asegura-que-su-gobierno-sera-neutral-en-las-elecciones-locales-a-diferencia-del-mas\/\" \/>\n<meta property=\"og:locale\" content=\"es_ES\" \/>\n<meta property=\"og:type\" content=\"article\" \/>\n<meta property=\"og:title\" content=\"PAZ ASEGURA QUE SU GOBIERNO SER\u00c1 NEUTRAL EN LAS ELECCIONES LOCALES, A DIFERENCIA DEL MAS - innoticiasbo.com\" \/>\n<meta property=\"og:description\" content=\"Pa\u00eds, 17 de Marzo de 2026.- Los bolivianos elegir\u00e1n el pr\u00f3ximo domingo a 5.432 autoridades departamentales y municipales para los pr\u00f3ximos cinco a\u00f1os. Entre los principales cargos est\u00e1n los gobernadores de nueve departamentos y los alcaldes de 335 municipios. El presidente de Bolivia, Rodrigo Paz, asegur\u00f3 este martes que su administraci\u00f3n ser\u00e1 neutral en las...\" \/>\n<meta property=\"og:url\" content=\"https:\/\/innoticiasbo.com\/index.php\/2026\/03\/17\/paz-asegura-que-su-gobierno-sera-neutral-en-las-elecciones-locales-a-diferencia-del-mas\/\" \/>\n<meta property=\"og:site_name\" content=\"innoticiasbo.com\" \/>\n<meta property=\"article:publisher\" content=\"https:\/\/www.facebook.com\/innoticiasbolivia\" \/>\n<meta property=\"article:published_time\" content=\"2026-03-18T02:41:49+00:00\" \/>\n<meta property=\"article:modified_time\" content=\"2026-03-18T02:41:51+00:00\" \/>\n<meta property=\"og:image\" content=\"https:\/\/innoticiasbo.com\/wp-content\/uploads\/2026\/03\/image-217.png\" \/>\n\t<meta property=\"og:image:width\" content=\"1200\" \/>\n\t<meta property=\"og:image:height\" content=\"675\" \/>\n\t<meta property=\"og:image:type\" content=\"image\/png\" \/>\n<meta name=\"author\" content=\"Prensa 11\" \/>\n<meta name=\"twitter:card\" content=\"summary_large_image\" \/>\n<meta name=\"twitter:creator\" content=\"@innoticiasbo\" \/>\n<meta name=\"twitter:site\" content=\"@innoticiasbo\" \/>\n<meta name=\"twitter:label1\" content=\"Escrito por\" \/>\n\t<meta name=\"twitter:data1\" content=\"Prensa 11\" \/>\n\t<meta name=\"twitter:label2\" content=\"Tiempo de lectura\" \/>\n\t<meta name=\"twitter:data2\" content=\"3 minutos\" \/>\n<script type=\"application\/ld+json\" class=\"yoast-schema-graph\">{\"@context\":\"https:\/\/schema.org\",\"@graph\":[{\"@type\":\"Article\",\"@id\":\"https:\/\/innoticiasbo.com\/index.php\/2026\/03\/17\/paz-asegura-que-su-gobierno-sera-neutral-en-las-elecciones-locales-a-diferencia-del-mas\/#article\",\"isPartOf\":{\"@id\":\"https:\/\/innoticiasbo.com\/index.php\/2026\/03\/17\/paz-asegura-que-su-gobierno-sera-neutral-en-las-elecciones-locales-a-diferencia-del-mas\/\"},\"author\":{\"name\":\"Prensa 11\",\"@id\":\"https:\/\/innoticiasbo.com\/#\/schema\/person\/0b28481e8d0316f83a13bc702311def5\"},\"headline\":\"PAZ ASEGURA QUE SU GOBIERNO SER\u00c1 NEUTRAL EN LAS ELECCIONES LOCALES, A DIFERENCIA DEL MAS\",\"datePublished\":\"2026-03-18T02:41:49+00:00\",\"dateModified\":\"2026-03-18T02:41:51+00:00\",\"mainEntityOfPage\":{\"@id\":\"https:\/\/innoticiasbo.com\/index.php\/2026\/03\/17\/paz-asegura-que-su-gobierno-sera-neutral-en-las-elecciones-locales-a-diferencia-del-mas\/\"},\"wordCount\":492,\"commentCount\":0,\"publisher\":{\"@id\":\"https:\/\/innoticiasbo.com\/#organization\"},\"image\":{\"@id\":\"https:\/\/innoticiasbo.com\/index.php\/2026\/03\/17\/paz-asegura-que-su-gobierno-sera-neutral-en-las-elecciones-locales-a-diferencia-del-mas\/#primaryimage\"},\"thumbnailUrl\":\"https:\/\/i0.wp.com\/innoticiasbo.com\/wp-content\/uploads\/2026\/03\/image-217.png?fit=1200%2C675&ssl=1\",\"keywords\":[\"Bolivia\",\"elecciones\",\"Elecciones 2026\",\"elecciones subnacionales\",\"Neutral\",\"neutralidad\",\"Pol\u00edtica\",\"Rodrigo Paz\",\"subnacionales\",\"Subnacionales 2026\"],\"articleSection\":[\"Pol\u00edtica\"],\"inLanguage\":\"es\",\"potentialAction\":[{\"@type\":\"CommentAction\",\"name\":\"Comment\",\"target\":[\"https:\/\/innoticiasbo.com\/index.php\/2026\/03\/17\/paz-asegura-que-su-gobierno-sera-neutral-en-las-elecciones-locales-a-diferencia-del-mas\/#respond\"]}]},{\"@type\":\"WebPage\",\"@id\":\"https:\/\/innoticiasbo.com\/index.php\/2026\/03\/17\/paz-asegura-que-su-gobierno-sera-neutral-en-las-elecciones-locales-a-diferencia-del-mas\/\",\"url\":\"https:\/\/innoticiasbo.com\/index.php\/2026\/03\/17\/paz-asegura-que-su-gobierno-sera-neutral-en-las-elecciones-locales-a-diferencia-del-mas\/\",\"name\":\"PAZ ASEGURA QUE SU GOBIERNO SER\u00c1 NEUTRAL EN LAS ELECCIONES LOCALES, A DIFERENCIA DEL MAS - innoticiasbo.com\",\"isPartOf\":{\"@id\":\"https:\/\/innoticiasbo.com\/#website\"},\"primaryImageOfPage\":{\"@id\":\"https:\/\/innoticiasbo.com\/index.php\/2026\/03\/17\/paz-asegura-que-su-gobierno-sera-neutral-en-las-elecciones-locales-a-diferencia-del-mas\/#primaryimage\"},\"image\":{\"@id\":\"https:\/\/innoticiasbo.com\/index.php\/2026\/03\/17\/paz-asegura-que-su-gobierno-sera-neutral-en-las-elecciones-locales-a-diferencia-del-mas\/#primaryimage\"},\"thumbnailUrl\":\"https:\/\/i0.wp.com\/innoticiasbo.com\/wp-content\/uploads\/2026\/03\/image-217.png?fit=1200%2C675&ssl=1\",\"datePublished\":\"2026-03-18T02:41:49+00:00\",\"dateModified\":\"2026-03-18T02:41:51+00:00\",\"breadcrumb\":{\"@id\":\"https:\/\/innoticiasbo.com\/index.php\/2026\/03\/17\/paz-asegura-que-su-gobierno-sera-neutral-en-las-elecciones-locales-a-diferencia-del-mas\/#breadcrumb\"},\"inLanguage\":\"es\",\"potentialAction\":[{\"@type\":\"ReadAction\",\"target\":[\"https:\/\/innoticiasbo.com\/index.php\/2026\/03\/17\/paz-asegura-que-su-gobierno-sera-neutral-en-las-elecciones-locales-a-diferencia-del-mas\/\"]}]},{\"@type\":\"ImageObject\",\"inLanguage\":\"es\",\"@id\":\"https:\/\/innoticiasbo.com\/index.php\/2026\/03\/17\/paz-asegura-que-su-gobierno-sera-neutral-en-las-elecciones-locales-a-diferencia-del-mas\/#primaryimage\",\"url\":\"https:\/\/i0.wp.com\/innoticiasbo.com\/wp-content\/uploads\/2026\/03\/image-217.png?fit=1200%2C675&ssl=1\",\"contentUrl\":\"https:\/\/i0.wp.com\/innoticiasbo.com\/wp-content\/uploads\/2026\/03\/image-217.png?fit=1200%2C675&ssl=1\",\"width\":1200,\"height\":675},{\"@type\":\"BreadcrumbList\",\"@id\":\"https:\/\/innoticiasbo.com\/index.php\/2026\/03\/17\/paz-asegura-que-su-gobierno-sera-neutral-en-las-elecciones-locales-a-diferencia-del-mas\/#breadcrumb\",\"itemListElement\":[{\"@type\":\"ListItem\",\"position\":1,\"name\":\"Portada\",\"item\":\"https:\/\/innoticiasbo.com\/\"},{\"@type\":\"ListItem\",\"position\":2,\"name\":\"PAZ ASEGURA QUE SU GOBIERNO SER\u00c1 NEUTRAL EN LAS ELECCIONES LOCALES, A DIFERENCIA DEL MAS\"}]},{\"@type\":\"WebSite\",\"@id\":\"https:\/\/innoticiasbo.com\/#website\",\"url\":\"https:\/\/innoticiasbo.com\/\",\"name\":\"innoticiasbo.com\",\"description\":\"\",\"publisher\":{\"@id\":\"https:\/\/innoticiasbo.com\/#organization\"},\"potentialAction\":[{\"@type\":\"SearchAction\",\"target\":{\"@type\":\"EntryPoint\",\"urlTemplate\":\"https:\/\/innoticiasbo.com\/?s={search_term_string}\"},\"query-input\":{\"@type\":\"PropertyValueSpecification\",\"valueRequired\":true,\"valueName\":\"search_term_string\"}}],\"inLanguage\":\"es\"},{\"@type\":\"Organization\",\"@id\":\"https:\/\/innoticiasbo.com\/#organization\",\"name\":\"innoticiasbo.com\",\"url\":\"https:\/\/innoticiasbo.com\/\",\"logo\":{\"@type\":\"ImageObject\",\"inLanguage\":\"es\",\"@id\":\"https:\/\/innoticiasbo.com\/#\/schema\/logo\/image\/\",\"url\":\"https:\/\/i0.wp.com\/innoticiasbo.com\/wp-content\/uploads\/2026\/04\/cropped-IN-LOGO.png?fit=1476%2C1476&ssl=1\",\"contentUrl\":\"https:\/\/i0.wp.com\/innoticiasbo.com\/wp-content\/uploads\/2026\/04\/cropped-IN-LOGO.png?fit=1476%2C1476&ssl=1\",\"width\":1476,\"height\":1476,\"caption\":\"innoticiasbo.com\"},\"image\":{\"@id\":\"https:\/\/innoticiasbo.com\/#\/schema\/logo\/image\/\"},\"sameAs\":[\"https:\/\/www.facebook.com\/innoticiasbolivia\",\"https:\/\/x.com\/innoticiasbo\",\"https:\/\/www.instagram.com\/innoticiasbo\",\"https:\/\/www.youtube.com\/innoticiasbo\"]},{\"@type\":\"Person\",\"@id\":\"https:\/\/innoticiasbo.com\/#\/schema\/person\/0b28481e8d0316f83a13bc702311def5\",\"name\":\"Prensa 11\",\"image\":{\"@type\":\"ImageObject\",\"inLanguage\":\"es\",\"@id\":\"https:\/\/innoticiasbo.com\/#\/schema\/person\/image\/\",\"url\":\"https:\/\/secure.gravatar.com\/avatar\/696560c17349f1807a610bf83832bad0?s=96&d=mm&r=g\",\"contentUrl\":\"https:\/\/secure.gravatar.com\/avatar\/696560c17349f1807a610bf83832bad0?s=96&d=mm&r=g\",\"caption\":\"Prensa 11\"},\"sameAs\":[\"http:\/\/www.innoticiasbo.com\"],\"url\":\"https:\/\/innoticiasbo.com\/index.php\/author\/prensa-11\/\"}]}<\/script>\n<!-- \/ Yoast SEO plugin. -->","yoast_head_json":{"title":"PAZ ASEGURA QUE SU GOBIERNO SER\u00c1 NEUTRAL EN LAS ELECCIONES LOCALES, A DIFERENCIA DEL MAS - innoticiasbo.com","robots":{"index":"index","follow":"follow","max-snippet":"max-snippet:-1","max-image-preview":"max-image-preview:large","max-video-preview":"max-video-preview:-1"},"canonical":"https:\/\/innoticiasbo.com\/index.php\/2026\/03\/17\/paz-asegura-que-su-gobierno-sera-neutral-en-las-elecciones-locales-a-diferencia-del-mas\/","og_locale":"es_ES","og_type":"article","og_title":"PAZ ASEGURA QUE SU GOBIERNO SER\u00c1 NEUTRAL EN LAS ELECCIONES LOCALES, A DIFERENCIA DEL MAS - innoticiasbo.com","og_description":"Pa\u00eds, 17 de Marzo de 2026.- Los bolivianos elegir\u00e1n el pr\u00f3ximo domingo a 5.432 autoridades departamentales y municipales para los pr\u00f3ximos cinco a\u00f1os. Entre los principales cargos est\u00e1n los gobernadores de nueve departamentos y los alcaldes de 335 municipios. El presidente de Bolivia, Rodrigo Paz, asegur\u00f3 este martes que su administraci\u00f3n ser\u00e1 neutral en las...","og_url":"https:\/\/innoticiasbo.com\/index.php\/2026\/03\/17\/paz-asegura-que-su-gobierno-sera-neutral-en-las-elecciones-locales-a-diferencia-del-mas\/","og_site_name":"innoticiasbo.com","article_publisher":"https:\/\/www.facebook.com\/innoticiasbolivia","article_published_time":"2026-03-18T02:41:49+00:00","article_modified_time":"2026-03-18T02:41:51+00:00","og_image":[{"width":1200,"height":675,"url":"https:\/\/innoticiasbo.com\/wp-content\/uploads\/2026\/03\/image-217.png","type":"image\/png"}],"author":"Prensa 11","twitter_card":"summary_large_image","twitter_creator":"@innoticiasbo","twitter_site":"@innoticiasbo","twitter_misc":{"Escrito por":"Prensa 11","Tiempo de lectura":"3 minutos"},"schema":{"@context":"https:\/\/schema.org","@graph":[{"@type":"Article","@id":"https:\/\/innoticiasbo.com\/index.php\/2026\/03\/17\/paz-asegura-que-su-gobierno-sera-neutral-en-las-elecciones-locales-a-diferencia-del-mas\/#article","isPartOf":{"@id":"https:\/\/innoticiasbo.com\/index.php\/2026\/03\/17\/paz-asegura-que-su-gobierno-sera-neutral-en-las-elecciones-locales-a-diferencia-del-mas\/"},"author":{"name":"Prensa 11","@id":"https:\/\/innoticiasbo.com\/#\/schema\/person\/0b28481e8d0316f83a13bc702311def5"},"headline":"PAZ ASEGURA QUE SU GOBIERNO SER\u00c1 NEUTRAL EN LAS ELECCIONES LOCALES, A DIFERENCIA DEL MAS","datePublished":"2026-03-18T02:41:49+00:00","dateModified":"2026-03-18T02:41:51+00:00","mainEntityOfPage":{"@id":"https:\/\/innoticiasbo.com\/index.php\/2026\/03\/17\/paz-asegura-que-su-gobierno-sera-neutral-en-las-elecciones-locales-a-diferencia-del-mas\/"},"wordCount":492,"commentCount":0,"publisher":{"@id":"https:\/\/innoticiasbo.com\/#organization"},"image":{"@id":"https:\/\/innoticiasbo.com\/index.php\/2026\/03\/17\/paz-asegura-que-su-gobierno-sera-neutral-en-las-elecciones-locales-a-diferencia-del-mas\/#primaryimage"},"thumbnailUrl":"https:\/\/i0.wp.com\/innoticiasbo.com\/wp-content\/uploads\/2026\/03\/image-217.png?fit=1200%2C675&ssl=1","keywords":["Bolivia","elecciones","Elecciones 2026","elecciones subnacionales","Neutral","neutralidad","Pol\u00edtica","Rodrigo Paz","subnacionales","Subnacionales 2026"],"articleSection":["Pol\u00edtica"],"inLanguage":"es","potentialAction":[{"@type":"CommentAction","name":"Comment","target":["https:\/\/innoticiasbo.com\/index.php\/2026\/03\/17\/paz-asegura-que-su-gobierno-sera-neutral-en-las-elecciones-locales-a-diferencia-del-mas\/#respond"]}]},{"@type":"WebPage","@id":"https:\/\/innoticiasbo.com\/index.php\/2026\/03\/17\/paz-asegura-que-su-gobierno-sera-neutral-en-las-elecciones-locales-a-diferencia-del-mas\/","url":"https:\/\/innoticiasbo.com\/index.php\/2026\/03\/17\/paz-asegura-que-su-gobierno-sera-neutral-en-las-elecciones-locales-a-diferencia-del-mas\/","name":"PAZ ASEGURA QUE SU GOBIERNO SER\u00c1 NEUTRAL EN LAS ELECCIONES LOCALES, A DIFERENCIA DEL MAS - innoticiasbo.com","isPartOf":{"@id":"https:\/\/innoticiasbo.com\/#website"},"primaryImageOfPage":{"@id":"https:\/\/innoticiasbo.com\/index.php\/2026\/03\/17\/paz-asegura-que-su-gobierno-sera-neutral-en-las-elecciones-locales-a-diferencia-del-mas\/#primaryimage"},"image":{"@id":"https:\/\/innoticiasbo.com\/index.php\/2026\/03\/17\/paz-asegura-que-su-gobierno-sera-neutral-en-las-elecciones-locales-a-diferencia-del-mas\/#primaryimage"},"thumbnailUrl":"https:\/\/i0.wp.com\/innoticiasbo.com\/wp-content\/uploads\/2026\/03\/image-217.png?fit=1200%2C675&ssl=1","datePublished":"2026-03-18T02:41:49+00:00","dateModified":"2026-03-18T02:41:51+00:00","breadcrumb":{"@id":"https:\/\/innoticiasbo.com\/index.php\/2026\/03\/17\/paz-asegura-que-su-gobierno-sera-neutral-en-las-elecciones-locales-a-diferencia-del-mas\/#breadcrumb"},"inLanguage":"es","potentialAction":[{"@type":"ReadAction","target":["https:\/\/innoticiasbo.com\/index.php\/2026\/03\/17\/paz-asegura-que-su-gobierno-sera-neutral-en-las-elecciones-locales-a-diferencia-del-mas\/"]}]},{"@type":"ImageObject","inLanguage":"es","@id":"https:\/\/innoticiasbo.com\/index.php\/2026\/03\/17\/paz-asegura-que-su-gobierno-sera-neutral-en-las-elecciones-locales-a-diferencia-del-mas\/#primaryimage","url":"https:\/\/i0.wp.com\/innoticiasbo.com\/wp-content\/uploads\/2026\/03\/image-217.png?fit=1200%2C675&ssl=1","contentUrl":"https:\/\/i0.wp.com\/innoticiasbo.com\/wp-content\/uploads\/2026\/03\/image-217.png?fit=1200%2C675&ssl=1","width":1200,"height":675},{"@type":"BreadcrumbList","@id":"https:\/\/innoticiasbo.com\/index.php\/2026\/03\/17\/paz-asegura-que-su-gobierno-sera-neutral-en-las-elecciones-locales-a-diferencia-del-mas\/#breadcrumb","itemListElement":[{"@type":"ListItem","position":1,"name":"Portada","item":"https:\/\/innoticiasbo.com\/"},{"@type":"ListItem","position":2,"name":"PAZ ASEGURA QUE SU GOBIERNO SER\u00c1 NEUTRAL EN LAS ELECCIONES LOCALES, A DIFERENCIA DEL MAS"}]},{"@type":"WebSite","@id":"https:\/\/innoticiasbo.com\/#website","url":"https:\/\/innoticiasbo.com\/","name":"innoticiasbo.com","description":"","publisher":{"@id":"https:\/\/innoticiasbo.com\/#organization"},"potentialAction":[{"@type":"SearchAction","target":{"@type":"EntryPoint","urlTemplate":"https:\/\/innoticiasbo.com\/?s={search_term_string}"},"query-input":{"@type":"PropertyValueSpecification","valueRequired":true,"valueName":"search_term_string"}}],"inLanguage":"es"},{"@type":"Organization","@id":"https:\/\/innoticiasbo.com\/#organization","name":"innoticiasbo.com","url":"https:\/\/innoticiasbo.com\/","logo":{"@type":"ImageObject","inLanguage":"es","@id":"https:\/\/innoticiasbo.com\/#\/schema\/logo\/image\/","url":"https:\/\/i0.wp.com\/innoticiasbo.com\/wp-content\/uploads\/2026\/04\/cropped-IN-LOGO.png?fit=1476%2C1476&ssl=1","contentUrl":"https:\/\/i0.wp.com\/innoticiasbo.com\/wp-content\/uploads\/2026\/04\/cropped-IN-LOGO.png?fit=1476%2C1476&ssl=1","width":1476,"height":1476,"caption":"innoticiasbo.com"},"image":{"@id":"https:\/\/innoticiasbo.com\/#\/schema\/logo\/image\/"},"sameAs":["https:\/\/www.facebook.com\/innoticiasbolivia","https:\/\/x.com\/innoticiasbo","https:\/\/www.instagram.com\/innoticiasbo","https:\/\/www.youtube.com\/innoticiasbo"]},{"@type":"Person","@id":"https:\/\/innoticiasbo.com\/#\/schema\/person\/0b28481e8d0316f83a13bc702311def5","name":"Prensa 11","image":{"@type":"ImageObject","inLanguage":"es","@id":"https:\/\/innoticiasbo.com\/#\/schema\/person\/image\/","url":"https:\/\/secure.gravatar.com\/avatar\/696560c17349f1807a610bf83832bad0?s=96&d=mm&r=g","contentUrl":"https:\/\/secure.gravatar.com\/avatar\/696560c17349f1807a610bf83832bad0?s=96&d=mm&r=g","caption":"Prensa 11"},"sameAs":["http:\/\/www.innoticiasbo.com"],"url":"https:\/\/innoticiasbo.com\/index.php\/author\/prensa-11\/"}]}},"jetpack_featured_media_url":"https:\/\/i0.wp.com\/innoticiasbo.com\/wp-content\/uploads\/2026\/03\/image-217.png?fit=1200%2C675&ssl=1","jetpack_likes_enabled":true,"jetpack_sharing_enabled":true,"jetpack_shortlink":"https:\/\/wp.me\/pg298x-2xA","_links":{"self":[{"href":"https:\/\/innoticiasbo.com\/index.php\/wp-json\/wp\/v2\/posts\/9770","targetHints":{"allow":["GET"]}}],"collection":[{"href":"https:\/\/innoticiasbo.com\/index.php\/wp-json\/wp\/v2\/posts"}],"about":[{"href":"https:\/\/innoticiasbo.com\/index.php\/wp-json\/wp\/v2\/types\/post"}],"author":[{"embeddable":true,"href":"https:\/\/innoticiasbo.com\/index.php\/wp-json\/wp\/v2\/users\/11"}],"replies":[{"embeddable":true,"href":"https:\/\/innoticiasbo.com\/index.php\/wp-json\/wp\/v2\/comments?post=9770"}],"version-history":[{"count":1,"href":"https:\/\/innoticiasbo.com\/index.php\/wp-json\/wp\/v2\/posts\/9770\/revisions"}],"predecessor-version":[{"id":9772,"href":"https:\/\/innoticiasbo.com\/index.php\/wp-json\/wp\/v2\/posts\/9770\/revisions\/9772"}],"wp:featuredmedia":[{"embeddable":true,"href":"https:\/\/innoticiasbo.com\/index.php\/wp-json\/wp\/v2\/media\/9771"}],"wp:attachment":[{"href":"https:\/\/innoticiasbo.com\/index.php\/wp-json\/wp\/v2\/media?parent=9770"}],"wp:term":[{"taxonomy":"category","embeddable":true,"href":"https:\/\/innoticiasbo.com\/index.php\/wp-json\/wp\/v2\/categories?post=9770"},{"taxonomy":"post_tag","embeddable":true,"href":"https:\/\/innoticiasbo.com\/index.php\/wp-json\/wp\/v2\/tags?post=9770"}],"curies":[{"name":"wp","href":"https:\/\/api.w.org\/{rel}","templated":true}]}}