{"id":9761,"date":"2026-03-17T21:50:56","date_gmt":"2026-03-18T01:50:56","guid":{"rendered":"https:\/\/innoticiasbo.com\/?p=9761"},"modified":"2026-03-17T21:50:57","modified_gmt":"2026-03-18T01:50:57","slug":"paz-invita-a-empresarios-brasilenos-a-invertir-en-bolivia-con-apertura-absoluta","status":"publish","type":"post","link":"https:\/\/innoticiasbo.com\/index.php\/2026\/03\/17\/paz-invita-a-empresarios-brasilenos-a-invertir-en-bolivia-con-apertura-absoluta\/","title":{"rendered":"PAZ INVITA A EMPRESARIOS BRASILE\u00d1OS A INVERTIR EN BOLIVIA CON \u201cAPERTURA ABSOLUTA\u201d"},"content":{"rendered":"\n<figure class=\"wp-block-image size-full\"><img data-recalc-dims=\"1\" loading=\"lazy\" decoding=\"async\" width=\"640\" height=\"360\" src=\"https:\/\/i0.wp.com\/innoticiasbo.com\/wp-content\/uploads\/2026\/03\/image-214.png?resize=640%2C360&#038;ssl=1\" alt=\"\" class=\"wp-image-9762\" srcset=\"https:\/\/i0.wp.com\/innoticiasbo.com\/wp-content\/uploads\/2026\/03\/image-214.png?w=992&amp;ssl=1 992w, https:\/\/i0.wp.com\/innoticiasbo.com\/wp-content\/uploads\/2026\/03\/image-214.png?resize=300%2C169&amp;ssl=1 300w, https:\/\/i0.wp.com\/innoticiasbo.com\/wp-content\/uploads\/2026\/03\/image-214.png?resize=768%2C432&amp;ssl=1 768w\" sizes=\"auto, (max-width: 640px) 100vw, 640px\" \/><\/figure>\n\n\n\n<p><strong>Pa\u00eds, 17 de Marzo de 2026.- <\/strong>El presidente de Bolivia, Rodrigo Paz, consolid\u00f3 este martes los lazos econ\u00f3micos y comerciales con Brasil durante su segundo d\u00eda de visita oficial, destacando la \u201capertura absoluta\u201d a la inversi\u00f3n extranjera y cooperaci\u00f3n tecnol\u00f3gica.<\/p>\n\n\n\n<p>En un encuentro con cerca de 300 empresarios bolivianos y brasile\u00f1os en la sede de la Federaci\u00f3n de Industrias del Estado de Sao Paulo (FIESP), Paz invit\u00f3 a los inversionistas a participar de manera activa en el desarrollo del pa\u00eds, asegurando una \u201capertura absoluta\u201d basada en reformas econ\u00f3micas que buscan generar previsibilidad y confianza.<\/p>\n\n\n\n<p>\u201cBolivia est\u00e1 con la apertura absoluta, con aquello que es bueno para construir, producir y desarrollar un pa\u00eds fuerte\u201d, declar\u00f3 el mandatario, quien tambi\u00e9n resalt\u00f3 la importancia de la integraci\u00f3n regional y la cooperaci\u00f3n estrat\u00e9gica con la industria brasile\u00f1a.<\/p>\n\n\n\n<p>El foro permiti\u00f3 dialogar sobre la conectividad productiva y el intercambio tecnol\u00f3gico, as\u00ed como sobre nuevas oportunidades de inversi\u00f3n en sectores como agricultura, miner\u00eda, energ\u00eda y litio. El ministro de Hidrocarburos y Energ\u00eda, Mauricio Medinaceli, inform\u00f3 que se preparan cuatro leyes clave para flexibilizar la actividad privada, fomentar biocombustibles y atraer inversiones en \u00e1reas minerales estrat\u00e9gicas.<\/p>\n\n\n\n<p>Durante la jornada, Paz fue condecorado con la medalla de la Orden del M\u00e9rito Industrial de Sao Paulo, reconocimiento que subray\u00f3 su compromiso con la modernizaci\u00f3n de Bolivia y la promoci\u00f3n de la inversi\u00f3n extranjera. El mandatario destac\u00f3 la necesidad de que los bolivianos abandonen el \u201cenclaustramiento mental\u201d y se enfoquen en aprovechar oportunidades que generen empleo y desarrollo para toda la poblaci\u00f3n.<\/p>\n\n\n\n<p>Autoridades brasile\u00f1as, entre ellas, el ministro de Agricultura, Carlos F\u00e1varo, y el viceministro de Industria y Comercio, M\u00e1rcio Elias Rosa, manifestaron su disposici\u00f3n a fortalecer la relaci\u00f3n bilateral y resaltaron la seguridad jur\u00eddica y las tierras f\u00e9rtiles de Bolivia como factores atractivos para la inversi\u00f3n.<\/p>\n\n\n\n<p>Por su parte, el presidente de ApexBrasil, Jorge Viana, y Jos\u00e9 Serrador, vicepresidente de la aeron\u00e1utica Embraer, destacaron el inter\u00e9s de ampliar la cooperaci\u00f3n industrial y tecnol\u00f3gica en \u00e1reas estrat\u00e9gicas como defensa, agricultura y aviaci\u00f3n comercial.<\/p>\n\n\n\n<p>Paz reiter\u00f3 la importancia de que Brasil incremente la compra de productos bolivianos para equilibrar la balanza comercial, que ha ca\u00eddo de $us 5.500 millones en 2013 a $us 2.600 millones en 2025, y reafirm\u00f3 que la modernizaci\u00f3n del pa\u00eds ser\u00e1 posible gracias a alianzas estrat\u00e9gicas, apertura econ\u00f3mica y cooperaci\u00f3n regional.<\/p>\n\n\n\n<p>Fuente: Opini\u00f3n<\/p>\n\n\n\n<p><\/p>\n","protected":false},"excerpt":{"rendered":"<p>Pa\u00eds, 17 de Marzo de 2026.- El presidente de Bolivia, Rodrigo Paz, consolid\u00f3 este martes los lazos econ\u00f3micos y comerciales con Brasil durante su segundo d\u00eda de visita oficial, destacando la \u201capertura absoluta\u201d a la inversi\u00f3n extranjera y cooperaci\u00f3n tecnol\u00f3gica. En un encuentro con cerca de 300 empresarios bolivianos y brasile\u00f1os en la sede de&#8230;<\/p>\n","protected":false},"author":11,"featured_media":9762,"comment_status":"open","ping_status":"open","sticky":false,"template":"","format":"standard","meta":{"_jetpack_memberships_contains_paid_content":false,"footnotes":"","jetpack_publicize_message":"","jetpack_publicize_feature_enabled":true,"jetpack_social_post_already_shared":true,"jetpack_social_options":{"image_generator_settings":{"template":"highway","enabled":false},"version":2}},"categories":[1,16],"tags":[7,1535,18,1569,1462,345],"class_list":["post-9761","post","type-post","status-publish","format-standard","has-post-thumbnail","hentry","category-bolivia","category-economia","tag-bolivia","tag-brasil","tag-economia","tag-federacion-de-industrias-del-estado-de-sao-paulo","tag-inversion","tag-rodrigo-paz"],"jetpack_publicize_connections":[],"yoast_head":"<!-- This site is optimized with the Yoast SEO plugin v23.4 - https:\/\/yoast.com\/wordpress\/plugins\/seo\/ -->\n<title>PAZ INVITA A EMPRESARIOS BRASILE\u00d1OS A INVERTIR EN BOLIVIA CON \u201cAPERTURA ABSOLUTA\u201d - innoticiasbo.com<\/title>\n<meta name=\"robots\" content=\"index, follow, max-snippet:-1, max-image-preview:large, max-video-preview:-1\" \/>\n<link rel=\"canonical\" href=\"https:\/\/innoticiasbo.com\/index.php\/2026\/03\/17\/paz-invita-a-empresarios-brasilenos-a-invertir-en-bolivia-con-apertura-absoluta\/\" \/>\n<meta property=\"og:locale\" content=\"es_ES\" \/>\n<meta property=\"og:type\" content=\"article\" \/>\n<meta property=\"og:title\" content=\"PAZ INVITA A EMPRESARIOS BRASILE\u00d1OS A INVERTIR EN BOLIVIA CON \u201cAPERTURA ABSOLUTA\u201d - innoticiasbo.com\" \/>\n<meta property=\"og:description\" content=\"Pa\u00eds, 17 de Marzo de 2026.- El presidente de Bolivia, Rodrigo Paz, consolid\u00f3 este martes los lazos econ\u00f3micos y comerciales con Brasil durante su segundo d\u00eda de visita oficial, destacando la \u201capertura absoluta\u201d a la inversi\u00f3n extranjera y cooperaci\u00f3n tecnol\u00f3gica. En un encuentro con cerca de 300 empresarios bolivianos y brasile\u00f1os en la sede de...\" \/>\n<meta property=\"og:url\" content=\"https:\/\/innoticiasbo.com\/index.php\/2026\/03\/17\/paz-invita-a-empresarios-brasilenos-a-invertir-en-bolivia-con-apertura-absoluta\/\" \/>\n<meta property=\"og:site_name\" content=\"innoticiasbo.com\" \/>\n<meta property=\"article:publisher\" content=\"https:\/\/www.facebook.com\/innoticiasbolivia\" \/>\n<meta property=\"article:published_time\" content=\"2026-03-18T01:50:56+00:00\" \/>\n<meta property=\"article:modified_time\" content=\"2026-03-18T01:50:57+00:00\" \/>\n<meta property=\"og:image\" content=\"https:\/\/innoticiasbo.com\/wp-content\/uploads\/2026\/03\/image-214.png\" \/>\n\t<meta property=\"og:image:width\" content=\"992\" \/>\n\t<meta property=\"og:image:height\" content=\"558\" \/>\n\t<meta property=\"og:image:type\" content=\"image\/png\" \/>\n<meta name=\"author\" content=\"Prensa 11\" \/>\n<meta name=\"twitter:card\" content=\"summary_large_image\" \/>\n<meta name=\"twitter:creator\" content=\"@innoticiasbo\" \/>\n<meta name=\"twitter:site\" content=\"@innoticiasbo\" \/>\n<meta name=\"twitter:label1\" content=\"Escrito por\" \/>\n\t<meta name=\"twitter:data1\" content=\"Prensa 11\" \/>\n\t<meta name=\"twitter:label2\" content=\"Tiempo de lectura\" \/>\n\t<meta name=\"twitter:data2\" content=\"3 minutos\" \/>\n<script type=\"application\/ld+json\" class=\"yoast-schema-graph\">{\"@context\":\"https:\/\/schema.org\",\"@graph\":[{\"@type\":\"Article\",\"@id\":\"https:\/\/innoticiasbo.com\/index.php\/2026\/03\/17\/paz-invita-a-empresarios-brasilenos-a-invertir-en-bolivia-con-apertura-absoluta\/#article\",\"isPartOf\":{\"@id\":\"https:\/\/innoticiasbo.com\/index.php\/2026\/03\/17\/paz-invita-a-empresarios-brasilenos-a-invertir-en-bolivia-con-apertura-absoluta\/\"},\"author\":{\"name\":\"Prensa 11\",\"@id\":\"https:\/\/innoticiasbo.com\/#\/schema\/person\/0b28481e8d0316f83a13bc702311def5\"},\"headline\":\"PAZ INVITA A EMPRESARIOS BRASILE\u00d1OS A INVERTIR EN BOLIVIA CON \u201cAPERTURA ABSOLUTA\u201d\",\"datePublished\":\"2026-03-18T01:50:56+00:00\",\"dateModified\":\"2026-03-18T01:50:57+00:00\",\"mainEntityOfPage\":{\"@id\":\"https:\/\/innoticiasbo.com\/index.php\/2026\/03\/17\/paz-invita-a-empresarios-brasilenos-a-invertir-en-bolivia-con-apertura-absoluta\/\"},\"wordCount\":441,\"commentCount\":0,\"publisher\":{\"@id\":\"https:\/\/innoticiasbo.com\/#organization\"},\"image\":{\"@id\":\"https:\/\/innoticiasbo.com\/index.php\/2026\/03\/17\/paz-invita-a-empresarios-brasilenos-a-invertir-en-bolivia-con-apertura-absoluta\/#primaryimage\"},\"thumbnailUrl\":\"https:\/\/i0.wp.com\/innoticiasbo.com\/wp-content\/uploads\/2026\/03\/image-214.png?fit=992%2C558&ssl=1\",\"keywords\":[\"Bolivia\",\"Brasil\",\"econom\u00eda\",\"Federaci\u00f3n de Industrias del Estado de Sao Paulo\",\"inversion\",\"Rodrigo Paz\"],\"articleSection\":[\"Bolivia\",\"Econom\u00eda\"],\"inLanguage\":\"es\",\"potentialAction\":[{\"@type\":\"CommentAction\",\"name\":\"Comment\",\"target\":[\"https:\/\/innoticiasbo.com\/index.php\/2026\/03\/17\/paz-invita-a-empresarios-brasilenos-a-invertir-en-bolivia-con-apertura-absoluta\/#respond\"]}]},{\"@type\":\"WebPage\",\"@id\":\"https:\/\/innoticiasbo.com\/index.php\/2026\/03\/17\/paz-invita-a-empresarios-brasilenos-a-invertir-en-bolivia-con-apertura-absoluta\/\",\"url\":\"https:\/\/innoticiasbo.com\/index.php\/2026\/03\/17\/paz-invita-a-empresarios-brasilenos-a-invertir-en-bolivia-con-apertura-absoluta\/\",\"name\":\"PAZ INVITA A EMPRESARIOS BRASILE\u00d1OS A INVERTIR EN BOLIVIA CON \u201cAPERTURA ABSOLUTA\u201d - innoticiasbo.com\",\"isPartOf\":{\"@id\":\"https:\/\/innoticiasbo.com\/#website\"},\"primaryImageOfPage\":{\"@id\":\"https:\/\/innoticiasbo.com\/index.php\/2026\/03\/17\/paz-invita-a-empresarios-brasilenos-a-invertir-en-bolivia-con-apertura-absoluta\/#primaryimage\"},\"image\":{\"@id\":\"https:\/\/innoticiasbo.com\/index.php\/2026\/03\/17\/paz-invita-a-empresarios-brasilenos-a-invertir-en-bolivia-con-apertura-absoluta\/#primaryimage\"},\"thumbnailUrl\":\"https:\/\/i0.wp.com\/innoticiasbo.com\/wp-content\/uploads\/2026\/03\/image-214.png?fit=992%2C558&ssl=1\",\"datePublished\":\"2026-03-18T01:50:56+00:00\",\"dateModified\":\"2026-03-18T01:50:57+00:00\",\"breadcrumb\":{\"@id\":\"https:\/\/innoticiasbo.com\/index.php\/2026\/03\/17\/paz-invita-a-empresarios-brasilenos-a-invertir-en-bolivia-con-apertura-absoluta\/#breadcrumb\"},\"inLanguage\":\"es\",\"potentialAction\":[{\"@type\":\"ReadAction\",\"target\":[\"https:\/\/innoticiasbo.com\/index.php\/2026\/03\/17\/paz-invita-a-empresarios-brasilenos-a-invertir-en-bolivia-con-apertura-absoluta\/\"]}]},{\"@type\":\"ImageObject\",\"inLanguage\":\"es\",\"@id\":\"https:\/\/innoticiasbo.com\/index.php\/2026\/03\/17\/paz-invita-a-empresarios-brasilenos-a-invertir-en-bolivia-con-apertura-absoluta\/#primaryimage\",\"url\":\"https:\/\/i0.wp.com\/innoticiasbo.com\/wp-content\/uploads\/2026\/03\/image-214.png?fit=992%2C558&ssl=1\",\"contentUrl\":\"https:\/\/i0.wp.com\/innoticiasbo.com\/wp-content\/uploads\/2026\/03\/image-214.png?fit=992%2C558&ssl=1\",\"width\":992,\"height\":558},{\"@type\":\"BreadcrumbList\",\"@id\":\"https:\/\/innoticiasbo.com\/index.php\/2026\/03\/17\/paz-invita-a-empresarios-brasilenos-a-invertir-en-bolivia-con-apertura-absoluta\/#breadcrumb\",\"itemListElement\":[{\"@type\":\"ListItem\",\"position\":1,\"name\":\"Portada\",\"item\":\"https:\/\/innoticiasbo.com\/\"},{\"@type\":\"ListItem\",\"position\":2,\"name\":\"PAZ INVITA A EMPRESARIOS BRASILE\u00d1OS A INVERTIR EN BOLIVIA CON \u201cAPERTURA ABSOLUTA\u201d\"}]},{\"@type\":\"WebSite\",\"@id\":\"https:\/\/innoticiasbo.com\/#website\",\"url\":\"https:\/\/innoticiasbo.com\/\",\"name\":\"innoticiasbo.com\",\"description\":\"\",\"publisher\":{\"@id\":\"https:\/\/innoticiasbo.com\/#organization\"},\"potentialAction\":[{\"@type\":\"SearchAction\",\"target\":{\"@type\":\"EntryPoint\",\"urlTemplate\":\"https:\/\/innoticiasbo.com\/?s={search_term_string}\"},\"query-input\":{\"@type\":\"PropertyValueSpecification\",\"valueRequired\":true,\"valueName\":\"search_term_string\"}}],\"inLanguage\":\"es\"},{\"@type\":\"Organization\",\"@id\":\"https:\/\/innoticiasbo.com\/#organization\",\"name\":\"innoticiasbo.com\",\"url\":\"https:\/\/innoticiasbo.com\/\",\"logo\":{\"@type\":\"ImageObject\",\"inLanguage\":\"es\",\"@id\":\"https:\/\/innoticiasbo.com\/#\/schema\/logo\/image\/\",\"url\":\"https:\/\/i0.wp.com\/innoticiasbo.com\/wp-content\/uploads\/2026\/04\/cropped-IN-LOGO.png?fit=1476%2C1476&ssl=1\",\"contentUrl\":\"https:\/\/i0.wp.com\/innoticiasbo.com\/wp-content\/uploads\/2026\/04\/cropped-IN-LOGO.png?fit=1476%2C1476&ssl=1\",\"width\":1476,\"height\":1476,\"caption\":\"innoticiasbo.com\"},\"image\":{\"@id\":\"https:\/\/innoticiasbo.com\/#\/schema\/logo\/image\/\"},\"sameAs\":[\"https:\/\/www.facebook.com\/innoticiasbolivia\",\"https:\/\/x.com\/innoticiasbo\",\"https:\/\/www.instagram.com\/innoticiasbo\",\"https:\/\/www.youtube.com\/innoticiasbo\"]},{\"@type\":\"Person\",\"@id\":\"https:\/\/innoticiasbo.com\/#\/schema\/person\/0b28481e8d0316f83a13bc702311def5\",\"name\":\"Prensa 11\",\"image\":{\"@type\":\"ImageObject\",\"inLanguage\":\"es\",\"@id\":\"https:\/\/innoticiasbo.com\/#\/schema\/person\/image\/\",\"url\":\"https:\/\/secure.gravatar.com\/avatar\/696560c17349f1807a610bf83832bad0?s=96&d=mm&r=g\",\"contentUrl\":\"https:\/\/secure.gravatar.com\/avatar\/696560c17349f1807a610bf83832bad0?s=96&d=mm&r=g\",\"caption\":\"Prensa 11\"},\"sameAs\":[\"http:\/\/www.innoticiasbo.com\"],\"url\":\"https:\/\/innoticiasbo.com\/index.php\/author\/prensa-11\/\"}]}<\/script>\n<!-- \/ Yoast SEO plugin. -->","yoast_head_json":{"title":"PAZ INVITA A EMPRESARIOS BRASILE\u00d1OS A INVERTIR EN BOLIVIA CON \u201cAPERTURA ABSOLUTA\u201d - innoticiasbo.com","robots":{"index":"index","follow":"follow","max-snippet":"max-snippet:-1","max-image-preview":"max-image-preview:large","max-video-preview":"max-video-preview:-1"},"canonical":"https:\/\/innoticiasbo.com\/index.php\/2026\/03\/17\/paz-invita-a-empresarios-brasilenos-a-invertir-en-bolivia-con-apertura-absoluta\/","og_locale":"es_ES","og_type":"article","og_title":"PAZ INVITA A EMPRESARIOS BRASILE\u00d1OS A INVERTIR EN BOLIVIA CON \u201cAPERTURA ABSOLUTA\u201d - innoticiasbo.com","og_description":"Pa\u00eds, 17 de Marzo de 2026.- El presidente de Bolivia, Rodrigo Paz, consolid\u00f3 este martes los lazos econ\u00f3micos y comerciales con Brasil durante su segundo d\u00eda de visita oficial, destacando la \u201capertura absoluta\u201d a la inversi\u00f3n extranjera y cooperaci\u00f3n tecnol\u00f3gica. En un encuentro con cerca de 300 empresarios bolivianos y brasile\u00f1os en la sede de...","og_url":"https:\/\/innoticiasbo.com\/index.php\/2026\/03\/17\/paz-invita-a-empresarios-brasilenos-a-invertir-en-bolivia-con-apertura-absoluta\/","og_site_name":"innoticiasbo.com","article_publisher":"https:\/\/www.facebook.com\/innoticiasbolivia","article_published_time":"2026-03-18T01:50:56+00:00","article_modified_time":"2026-03-18T01:50:57+00:00","og_image":[{"width":992,"height":558,"url":"https:\/\/innoticiasbo.com\/wp-content\/uploads\/2026\/03\/image-214.png","type":"image\/png"}],"author":"Prensa 11","twitter_card":"summary_large_image","twitter_creator":"@innoticiasbo","twitter_site":"@innoticiasbo","twitter_misc":{"Escrito por":"Prensa 11","Tiempo de lectura":"3 minutos"},"schema":{"@context":"https:\/\/schema.org","@graph":[{"@type":"Article","@id":"https:\/\/innoticiasbo.com\/index.php\/2026\/03\/17\/paz-invita-a-empresarios-brasilenos-a-invertir-en-bolivia-con-apertura-absoluta\/#article","isPartOf":{"@id":"https:\/\/innoticiasbo.com\/index.php\/2026\/03\/17\/paz-invita-a-empresarios-brasilenos-a-invertir-en-bolivia-con-apertura-absoluta\/"},"author":{"name":"Prensa 11","@id":"https:\/\/innoticiasbo.com\/#\/schema\/person\/0b28481e8d0316f83a13bc702311def5"},"headline":"PAZ INVITA A EMPRESARIOS BRASILE\u00d1OS A INVERTIR EN BOLIVIA CON \u201cAPERTURA ABSOLUTA\u201d","datePublished":"2026-03-18T01:50:56+00:00","dateModified":"2026-03-18T01:50:57+00:00","mainEntityOfPage":{"@id":"https:\/\/innoticiasbo.com\/index.php\/2026\/03\/17\/paz-invita-a-empresarios-brasilenos-a-invertir-en-bolivia-con-apertura-absoluta\/"},"wordCount":441,"commentCount":0,"publisher":{"@id":"https:\/\/innoticiasbo.com\/#organization"},"image":{"@id":"https:\/\/innoticiasbo.com\/index.php\/2026\/03\/17\/paz-invita-a-empresarios-brasilenos-a-invertir-en-bolivia-con-apertura-absoluta\/#primaryimage"},"thumbnailUrl":"https:\/\/i0.wp.com\/innoticiasbo.com\/wp-content\/uploads\/2026\/03\/image-214.png?fit=992%2C558&ssl=1","keywords":["Bolivia","Brasil","econom\u00eda","Federaci\u00f3n de Industrias del Estado de Sao Paulo","inversion","Rodrigo Paz"],"articleSection":["Bolivia","Econom\u00eda"],"inLanguage":"es","potentialAction":[{"@type":"CommentAction","name":"Comment","target":["https:\/\/innoticiasbo.com\/index.php\/2026\/03\/17\/paz-invita-a-empresarios-brasilenos-a-invertir-en-bolivia-con-apertura-absoluta\/#respond"]}]},{"@type":"WebPage","@id":"https:\/\/innoticiasbo.com\/index.php\/2026\/03\/17\/paz-invita-a-empresarios-brasilenos-a-invertir-en-bolivia-con-apertura-absoluta\/","url":"https:\/\/innoticiasbo.com\/index.php\/2026\/03\/17\/paz-invita-a-empresarios-brasilenos-a-invertir-en-bolivia-con-apertura-absoluta\/","name":"PAZ INVITA A EMPRESARIOS BRASILE\u00d1OS A INVERTIR EN BOLIVIA CON \u201cAPERTURA ABSOLUTA\u201d - innoticiasbo.com","isPartOf":{"@id":"https:\/\/innoticiasbo.com\/#website"},"primaryImageOfPage":{"@id":"https:\/\/innoticiasbo.com\/index.php\/2026\/03\/17\/paz-invita-a-empresarios-brasilenos-a-invertir-en-bolivia-con-apertura-absoluta\/#primaryimage"},"image":{"@id":"https:\/\/innoticiasbo.com\/index.php\/2026\/03\/17\/paz-invita-a-empresarios-brasilenos-a-invertir-en-bolivia-con-apertura-absoluta\/#primaryimage"},"thumbnailUrl":"https:\/\/i0.wp.com\/innoticiasbo.com\/wp-content\/uploads\/2026\/03\/image-214.png?fit=992%2C558&ssl=1","datePublished":"2026-03-18T01:50:56+00:00","dateModified":"2026-03-18T01:50:57+00:00","breadcrumb":{"@id":"https:\/\/innoticiasbo.com\/index.php\/2026\/03\/17\/paz-invita-a-empresarios-brasilenos-a-invertir-en-bolivia-con-apertura-absoluta\/#breadcrumb"},"inLanguage":"es","potentialAction":[{"@type":"ReadAction","target":["https:\/\/innoticiasbo.com\/index.php\/2026\/03\/17\/paz-invita-a-empresarios-brasilenos-a-invertir-en-bolivia-con-apertura-absoluta\/"]}]},{"@type":"ImageObject","inLanguage":"es","@id":"https:\/\/innoticiasbo.com\/index.php\/2026\/03\/17\/paz-invita-a-empresarios-brasilenos-a-invertir-en-bolivia-con-apertura-absoluta\/#primaryimage","url":"https:\/\/i0.wp.com\/innoticiasbo.com\/wp-content\/uploads\/2026\/03\/image-214.png?fit=992%2C558&ssl=1","contentUrl":"https:\/\/i0.wp.com\/innoticiasbo.com\/wp-content\/uploads\/2026\/03\/image-214.png?fit=992%2C558&ssl=1","width":992,"height":558},{"@type":"BreadcrumbList","@id":"https:\/\/innoticiasbo.com\/index.php\/2026\/03\/17\/paz-invita-a-empresarios-brasilenos-a-invertir-en-bolivia-con-apertura-absoluta\/#breadcrumb","itemListElement":[{"@type":"ListItem","position":1,"name":"Portada","item":"https:\/\/innoticiasbo.com\/"},{"@type":"ListItem","position":2,"name":"PAZ INVITA A EMPRESARIOS BRASILE\u00d1OS A INVERTIR EN BOLIVIA CON \u201cAPERTURA ABSOLUTA\u201d"}]},{"@type":"WebSite","@id":"https:\/\/innoticiasbo.com\/#website","url":"https:\/\/innoticiasbo.com\/","name":"innoticiasbo.com","description":"","publisher":{"@id":"https:\/\/innoticiasbo.com\/#organization"},"potentialAction":[{"@type":"SearchAction","target":{"@type":"EntryPoint","urlTemplate":"https:\/\/innoticiasbo.com\/?s={search_term_string}"},"query-input":{"@type":"PropertyValueSpecification","valueRequired":true,"valueName":"search_term_string"}}],"inLanguage":"es"},{"@type":"Organization","@id":"https:\/\/innoticiasbo.com\/#organization","name":"innoticiasbo.com","url":"https:\/\/innoticiasbo.com\/","logo":{"@type":"ImageObject","inLanguage":"es","@id":"https:\/\/innoticiasbo.com\/#\/schema\/logo\/image\/","url":"https:\/\/i0.wp.com\/innoticiasbo.com\/wp-content\/uploads\/2026\/04\/cropped-IN-LOGO.png?fit=1476%2C1476&ssl=1","contentUrl":"https:\/\/i0.wp.com\/innoticiasbo.com\/wp-content\/uploads\/2026\/04\/cropped-IN-LOGO.png?fit=1476%2C1476&ssl=1","width":1476,"height":1476,"caption":"innoticiasbo.com"},"image":{"@id":"https:\/\/innoticiasbo.com\/#\/schema\/logo\/image\/"},"sameAs":["https:\/\/www.facebook.com\/innoticiasbolivia","https:\/\/x.com\/innoticiasbo","https:\/\/www.instagram.com\/innoticiasbo","https:\/\/www.youtube.com\/innoticiasbo"]},{"@type":"Person","@id":"https:\/\/innoticiasbo.com\/#\/schema\/person\/0b28481e8d0316f83a13bc702311def5","name":"Prensa 11","image":{"@type":"ImageObject","inLanguage":"es","@id":"https:\/\/innoticiasbo.com\/#\/schema\/person\/image\/","url":"https:\/\/secure.gravatar.com\/avatar\/696560c17349f1807a610bf83832bad0?s=96&d=mm&r=g","contentUrl":"https:\/\/secure.gravatar.com\/avatar\/696560c17349f1807a610bf83832bad0?s=96&d=mm&r=g","caption":"Prensa 11"},"sameAs":["http:\/\/www.innoticiasbo.com"],"url":"https:\/\/innoticiasbo.com\/index.php\/author\/prensa-11\/"}]}},"jetpack_featured_media_url":"https:\/\/i0.wp.com\/innoticiasbo.com\/wp-content\/uploads\/2026\/03\/image-214.png?fit=992%2C558&ssl=1","jetpack_likes_enabled":true,"jetpack_sharing_enabled":true,"jetpack_shortlink":"https:\/\/wp.me\/pg298x-2xr","_links":{"self":[{"href":"https:\/\/innoticiasbo.com\/index.php\/wp-json\/wp\/v2\/posts\/9761","targetHints":{"allow":["GET"]}}],"collection":[{"href":"https:\/\/innoticiasbo.com\/index.php\/wp-json\/wp\/v2\/posts"}],"about":[{"href":"https:\/\/innoticiasbo.com\/index.php\/wp-json\/wp\/v2\/types\/post"}],"author":[{"embeddable":true,"href":"https:\/\/innoticiasbo.com\/index.php\/wp-json\/wp\/v2\/users\/11"}],"replies":[{"embeddable":true,"href":"https:\/\/innoticiasbo.com\/index.php\/wp-json\/wp\/v2\/comments?post=9761"}],"version-history":[{"count":1,"href":"https:\/\/innoticiasbo.com\/index.php\/wp-json\/wp\/v2\/posts\/9761\/revisions"}],"predecessor-version":[{"id":9763,"href":"https:\/\/innoticiasbo.com\/index.php\/wp-json\/wp\/v2\/posts\/9761\/revisions\/9763"}],"wp:featuredmedia":[{"embeddable":true,"href":"https:\/\/innoticiasbo.com\/index.php\/wp-json\/wp\/v2\/media\/9762"}],"wp:attachment":[{"href":"https:\/\/innoticiasbo.com\/index.php\/wp-json\/wp\/v2\/media?parent=9761"}],"wp:term":[{"taxonomy":"category","embeddable":true,"href":"https:\/\/innoticiasbo.com\/index.php\/wp-json\/wp\/v2\/categories?post=9761"},{"taxonomy":"post_tag","embeddable":true,"href":"https:\/\/innoticiasbo.com\/index.php\/wp-json\/wp\/v2\/tags?post=9761"}],"curies":[{"name":"wp","href":"https:\/\/api.w.org\/{rel}","templated":true}]}}