{"id":9758,"date":"2026-03-17T21:32:14","date_gmt":"2026-03-18T01:32:14","guid":{"rendered":"https:\/\/innoticiasbo.com\/?p=9758"},"modified":"2026-03-17T21:32:14","modified_gmt":"2026-03-18T01:32:14","slug":"reportan-que-el-senador-que-impulsa-la-reduccion-salarial-esta-en-riesgo-de-ser-suspendido","status":"publish","type":"post","link":"https:\/\/innoticiasbo.com\/index.php\/2026\/03\/17\/reportan-que-el-senador-que-impulsa-la-reduccion-salarial-esta-en-riesgo-de-ser-suspendido\/","title":{"rendered":"REPORTAN QUE EL SENADOR QUE IMPULSA LA REDUCCI\u00d3N SALARIAL EST\u00c1 EN RIESGO DE SER SUSPENDIDO"},"content":{"rendered":"\n<figure class=\"wp-block-image size-full\"><img data-recalc-dims=\"1\" loading=\"lazy\" decoding=\"async\" width=\"640\" height=\"360\" src=\"https:\/\/i0.wp.com\/innoticiasbo.com\/wp-content\/uploads\/2026\/03\/image-213.png?resize=640%2C360&#038;ssl=1\" alt=\"\" class=\"wp-image-9759\" srcset=\"https:\/\/i0.wp.com\/innoticiasbo.com\/wp-content\/uploads\/2026\/03\/image-213.png?w=992&amp;ssl=1 992w, https:\/\/i0.wp.com\/innoticiasbo.com\/wp-content\/uploads\/2026\/03\/image-213.png?resize=300%2C169&amp;ssl=1 300w, https:\/\/i0.wp.com\/innoticiasbo.com\/wp-content\/uploads\/2026\/03\/image-213.png?resize=768%2C432&amp;ssl=1 768w\" sizes=\"auto, (max-width: 640px) 100vw, 640px\" \/><\/figure>\n\n\n\n<p><strong>Pa\u00eds, 17 de Marzo de 2026.-<\/strong> La primera vicepresidenta de la C\u00e1mara de Senadores, Soledad Chapet\u00f3n, inform\u00f3 este martes que el senador Nilt\u00f3n Condori podr\u00eda ser suspendido, luego de que tres denuncias en su contra fueran remitidas a la Comisi\u00f3n de \u00c9tica del Senado.<\/p>\n\n\n\n<p>\u201cHan le\u00eddo tres denuncias en el pleno para que el senador Nilt\u00f3n Condori vaya a la Comisi\u00f3n de \u00c9tica\u201d, se\u00f1al\u00f3 Chapet\u00f3n.<\/p>\n\n\n\n<p>La senadora explic\u00f3 que Condori ya fue notificado, ser\u00e1 convocado y deber\u00e1 presentarse ante la comisi\u00f3n, donde se detallar\u00e1n las denuncias y tendr\u00e1 oportunidad de exponer sus argumentos.<\/p>\n\n\n\n<p>Consultada sobre la suspensi\u00f3n, Chapet\u00f3n indic\u00f3 que \u201cesa es una de las sanciones\u201d, aunque existen distintos tipos de medidas seg\u00fan la infracci\u00f3n cometida. La decisi\u00f3n final depender\u00e1 de los miembros de la Comisi\u00f3n de \u00c9tica.<\/p>\n\n\n\n<p>Nilt\u00f3n Condori es actualmente suplente de Soledad Chapet\u00f3n en la C\u00e1mara de Senadores.<\/p>\n\n\n\n<p>Fuente: Opini\u00f3n<\/p>\n","protected":false},"excerpt":{"rendered":"<p>Pa\u00eds, 17 de Marzo de 2026.- La primera vicepresidenta de la C\u00e1mara de Senadores, Soledad Chapet\u00f3n, inform\u00f3 este martes que el senador Nilt\u00f3n Condori podr\u00eda ser suspendido, luego de que tres denuncias en su contra fueran remitidas a la Comisi\u00f3n de \u00c9tica del Senado. \u201cHan le\u00eddo tres denuncias en el pleno para que el senador&#8230;<\/p>\n","protected":false},"author":11,"featured_media":9759,"comment_status":"open","ping_status":"open","sticky":false,"template":"","format":"standard","meta":{"_jetpack_memberships_contains_paid_content":false,"footnotes":"","jetpack_publicize_message":"","jetpack_publicize_feature_enabled":true,"jetpack_social_post_already_shared":true,"jetpack_social_options":{"image_generator_settings":{"template":"highway","enabled":false},"version":2}},"categories":[3],"tags":[510,1566,10,1565,1567],"class_list":["post-9758","post","type-post","status-publish","format-standard","has-post-thumbnail","hentry","category-politica","tag-camara-de-senadores","tag-nilton-condori-2","tag-politica","tag-reduccion-de-salarios","tag-soledad-chapeton"],"jetpack_publicize_connections":[],"yoast_head":"<!-- This site is optimized with the Yoast SEO plugin v23.4 - https:\/\/yoast.com\/wordpress\/plugins\/seo\/ -->\n<title>REPORTAN QUE EL SENADOR QUE IMPULSA LA REDUCCI\u00d3N SALARIAL EST\u00c1 EN RIESGO DE SER SUSPENDIDO - innoticiasbo.com<\/title>\n<meta name=\"robots\" content=\"index, follow, max-snippet:-1, max-image-preview:large, max-video-preview:-1\" \/>\n<link rel=\"canonical\" href=\"https:\/\/innoticiasbo.com\/index.php\/2026\/03\/17\/reportan-que-el-senador-que-impulsa-la-reduccion-salarial-esta-en-riesgo-de-ser-suspendido\/\" \/>\n<meta property=\"og:locale\" content=\"es_ES\" \/>\n<meta property=\"og:type\" content=\"article\" \/>\n<meta property=\"og:title\" content=\"REPORTAN QUE EL SENADOR QUE IMPULSA LA REDUCCI\u00d3N SALARIAL EST\u00c1 EN RIESGO DE SER SUSPENDIDO - innoticiasbo.com\" \/>\n<meta property=\"og:description\" content=\"Pa\u00eds, 17 de Marzo de 2026.- La primera vicepresidenta de la C\u00e1mara de Senadores, Soledad Chapet\u00f3n, inform\u00f3 este martes que el senador Nilt\u00f3n Condori podr\u00eda ser suspendido, luego de que tres denuncias en su contra fueran remitidas a la Comisi\u00f3n de \u00c9tica del Senado. \u201cHan le\u00eddo tres denuncias en el pleno para que el senador...\" \/>\n<meta property=\"og:url\" content=\"https:\/\/innoticiasbo.com\/index.php\/2026\/03\/17\/reportan-que-el-senador-que-impulsa-la-reduccion-salarial-esta-en-riesgo-de-ser-suspendido\/\" \/>\n<meta property=\"og:site_name\" content=\"innoticiasbo.com\" \/>\n<meta property=\"article:publisher\" content=\"https:\/\/www.facebook.com\/innoticiasbolivia\" \/>\n<meta property=\"article:published_time\" content=\"2026-03-18T01:32:14+00:00\" \/>\n<meta property=\"og:image\" content=\"https:\/\/innoticiasbo.com\/wp-content\/uploads\/2026\/03\/image-213.png\" \/>\n\t<meta property=\"og:image:width\" content=\"992\" \/>\n\t<meta property=\"og:image:height\" content=\"558\" \/>\n\t<meta property=\"og:image:type\" content=\"image\/png\" \/>\n<meta name=\"author\" content=\"Prensa 11\" \/>\n<meta name=\"twitter:card\" content=\"summary_large_image\" \/>\n<meta name=\"twitter:creator\" content=\"@innoticiasbo\" \/>\n<meta name=\"twitter:site\" content=\"@innoticiasbo\" \/>\n<meta name=\"twitter:label1\" content=\"Escrito por\" \/>\n\t<meta name=\"twitter:data1\" content=\"Prensa 11\" \/>\n\t<meta name=\"twitter:label2\" content=\"Tiempo de lectura\" \/>\n\t<meta name=\"twitter:data2\" content=\"2 minutos\" \/>\n<script type=\"application\/ld+json\" class=\"yoast-schema-graph\">{\"@context\":\"https:\/\/schema.org\",\"@graph\":[{\"@type\":\"Article\",\"@id\":\"https:\/\/innoticiasbo.com\/index.php\/2026\/03\/17\/reportan-que-el-senador-que-impulsa-la-reduccion-salarial-esta-en-riesgo-de-ser-suspendido\/#article\",\"isPartOf\":{\"@id\":\"https:\/\/innoticiasbo.com\/index.php\/2026\/03\/17\/reportan-que-el-senador-que-impulsa-la-reduccion-salarial-esta-en-riesgo-de-ser-suspendido\/\"},\"author\":{\"name\":\"Prensa 11\",\"@id\":\"https:\/\/innoticiasbo.com\/#\/schema\/person\/0b28481e8d0316f83a13bc702311def5\"},\"headline\":\"REPORTAN QUE EL SENADOR QUE IMPULSA LA REDUCCI\u00d3N SALARIAL EST\u00c1 EN RIESGO DE SER SUSPENDIDO\",\"datePublished\":\"2026-03-18T01:32:14+00:00\",\"dateModified\":\"2026-03-18T01:32:14+00:00\",\"mainEntityOfPage\":{\"@id\":\"https:\/\/innoticiasbo.com\/index.php\/2026\/03\/17\/reportan-que-el-senador-que-impulsa-la-reduccion-salarial-esta-en-riesgo-de-ser-suspendido\/\"},\"wordCount\":181,\"commentCount\":0,\"publisher\":{\"@id\":\"https:\/\/innoticiasbo.com\/#organization\"},\"image\":{\"@id\":\"https:\/\/innoticiasbo.com\/index.php\/2026\/03\/17\/reportan-que-el-senador-que-impulsa-la-reduccion-salarial-esta-en-riesgo-de-ser-suspendido\/#primaryimage\"},\"thumbnailUrl\":\"https:\/\/i0.wp.com\/innoticiasbo.com\/wp-content\/uploads\/2026\/03\/image-213.png?fit=992%2C558&ssl=1\",\"keywords\":[\"C\u00e1mara de Senadores\",\"Nilt\u00f3n Condori\",\"Pol\u00edtica\",\"reducci\u00f3n de salarios\",\"Soledad Chapet\u00f3n\"],\"articleSection\":[\"Pol\u00edtica\"],\"inLanguage\":\"es\",\"potentialAction\":[{\"@type\":\"CommentAction\",\"name\":\"Comment\",\"target\":[\"https:\/\/innoticiasbo.com\/index.php\/2026\/03\/17\/reportan-que-el-senador-que-impulsa-la-reduccion-salarial-esta-en-riesgo-de-ser-suspendido\/#respond\"]}]},{\"@type\":\"WebPage\",\"@id\":\"https:\/\/innoticiasbo.com\/index.php\/2026\/03\/17\/reportan-que-el-senador-que-impulsa-la-reduccion-salarial-esta-en-riesgo-de-ser-suspendido\/\",\"url\":\"https:\/\/innoticiasbo.com\/index.php\/2026\/03\/17\/reportan-que-el-senador-que-impulsa-la-reduccion-salarial-esta-en-riesgo-de-ser-suspendido\/\",\"name\":\"REPORTAN QUE EL SENADOR QUE IMPULSA LA REDUCCI\u00d3N SALARIAL EST\u00c1 EN RIESGO DE SER SUSPENDIDO - innoticiasbo.com\",\"isPartOf\":{\"@id\":\"https:\/\/innoticiasbo.com\/#website\"},\"primaryImageOfPage\":{\"@id\":\"https:\/\/innoticiasbo.com\/index.php\/2026\/03\/17\/reportan-que-el-senador-que-impulsa-la-reduccion-salarial-esta-en-riesgo-de-ser-suspendido\/#primaryimage\"},\"image\":{\"@id\":\"https:\/\/innoticiasbo.com\/index.php\/2026\/03\/17\/reportan-que-el-senador-que-impulsa-la-reduccion-salarial-esta-en-riesgo-de-ser-suspendido\/#primaryimage\"},\"thumbnailUrl\":\"https:\/\/i0.wp.com\/innoticiasbo.com\/wp-content\/uploads\/2026\/03\/image-213.png?fit=992%2C558&ssl=1\",\"datePublished\":\"2026-03-18T01:32:14+00:00\",\"dateModified\":\"2026-03-18T01:32:14+00:00\",\"breadcrumb\":{\"@id\":\"https:\/\/innoticiasbo.com\/index.php\/2026\/03\/17\/reportan-que-el-senador-que-impulsa-la-reduccion-salarial-esta-en-riesgo-de-ser-suspendido\/#breadcrumb\"},\"inLanguage\":\"es\",\"potentialAction\":[{\"@type\":\"ReadAction\",\"target\":[\"https:\/\/innoticiasbo.com\/index.php\/2026\/03\/17\/reportan-que-el-senador-que-impulsa-la-reduccion-salarial-esta-en-riesgo-de-ser-suspendido\/\"]}]},{\"@type\":\"ImageObject\",\"inLanguage\":\"es\",\"@id\":\"https:\/\/innoticiasbo.com\/index.php\/2026\/03\/17\/reportan-que-el-senador-que-impulsa-la-reduccion-salarial-esta-en-riesgo-de-ser-suspendido\/#primaryimage\",\"url\":\"https:\/\/i0.wp.com\/innoticiasbo.com\/wp-content\/uploads\/2026\/03\/image-213.png?fit=992%2C558&ssl=1\",\"contentUrl\":\"https:\/\/i0.wp.com\/innoticiasbo.com\/wp-content\/uploads\/2026\/03\/image-213.png?fit=992%2C558&ssl=1\",\"width\":992,\"height\":558},{\"@type\":\"BreadcrumbList\",\"@id\":\"https:\/\/innoticiasbo.com\/index.php\/2026\/03\/17\/reportan-que-el-senador-que-impulsa-la-reduccion-salarial-esta-en-riesgo-de-ser-suspendido\/#breadcrumb\",\"itemListElement\":[{\"@type\":\"ListItem\",\"position\":1,\"name\":\"Portada\",\"item\":\"https:\/\/innoticiasbo.com\/\"},{\"@type\":\"ListItem\",\"position\":2,\"name\":\"REPORTAN QUE EL SENADOR QUE IMPULSA LA REDUCCI\u00d3N SALARIAL EST\u00c1 EN RIESGO DE SER SUSPENDIDO\"}]},{\"@type\":\"WebSite\",\"@id\":\"https:\/\/innoticiasbo.com\/#website\",\"url\":\"https:\/\/innoticiasbo.com\/\",\"name\":\"innoticiasbo.com\",\"description\":\"\",\"publisher\":{\"@id\":\"https:\/\/innoticiasbo.com\/#organization\"},\"potentialAction\":[{\"@type\":\"SearchAction\",\"target\":{\"@type\":\"EntryPoint\",\"urlTemplate\":\"https:\/\/innoticiasbo.com\/?s={search_term_string}\"},\"query-input\":{\"@type\":\"PropertyValueSpecification\",\"valueRequired\":true,\"valueName\":\"search_term_string\"}}],\"inLanguage\":\"es\"},{\"@type\":\"Organization\",\"@id\":\"https:\/\/innoticiasbo.com\/#organization\",\"name\":\"innoticiasbo.com\",\"url\":\"https:\/\/innoticiasbo.com\/\",\"logo\":{\"@type\":\"ImageObject\",\"inLanguage\":\"es\",\"@id\":\"https:\/\/innoticiasbo.com\/#\/schema\/logo\/image\/\",\"url\":\"https:\/\/i0.wp.com\/innoticiasbo.com\/wp-content\/uploads\/2026\/04\/cropped-IN-LOGO.png?fit=1476%2C1476&ssl=1\",\"contentUrl\":\"https:\/\/i0.wp.com\/innoticiasbo.com\/wp-content\/uploads\/2026\/04\/cropped-IN-LOGO.png?fit=1476%2C1476&ssl=1\",\"width\":1476,\"height\":1476,\"caption\":\"innoticiasbo.com\"},\"image\":{\"@id\":\"https:\/\/innoticiasbo.com\/#\/schema\/logo\/image\/\"},\"sameAs\":[\"https:\/\/www.facebook.com\/innoticiasbolivia\",\"https:\/\/x.com\/innoticiasbo\",\"https:\/\/www.instagram.com\/innoticiasbo\",\"https:\/\/www.youtube.com\/innoticiasbo\"]},{\"@type\":\"Person\",\"@id\":\"https:\/\/innoticiasbo.com\/#\/schema\/person\/0b28481e8d0316f83a13bc702311def5\",\"name\":\"Prensa 11\",\"image\":{\"@type\":\"ImageObject\",\"inLanguage\":\"es\",\"@id\":\"https:\/\/innoticiasbo.com\/#\/schema\/person\/image\/\",\"url\":\"https:\/\/secure.gravatar.com\/avatar\/696560c17349f1807a610bf83832bad0?s=96&d=mm&r=g\",\"contentUrl\":\"https:\/\/secure.gravatar.com\/avatar\/696560c17349f1807a610bf83832bad0?s=96&d=mm&r=g\",\"caption\":\"Prensa 11\"},\"sameAs\":[\"http:\/\/www.innoticiasbo.com\"],\"url\":\"https:\/\/innoticiasbo.com\/index.php\/author\/prensa-11\/\"}]}<\/script>\n<!-- \/ Yoast SEO plugin. -->","yoast_head_json":{"title":"REPORTAN QUE EL SENADOR QUE IMPULSA LA REDUCCI\u00d3N SALARIAL EST\u00c1 EN RIESGO DE SER SUSPENDIDO - innoticiasbo.com","robots":{"index":"index","follow":"follow","max-snippet":"max-snippet:-1","max-image-preview":"max-image-preview:large","max-video-preview":"max-video-preview:-1"},"canonical":"https:\/\/innoticiasbo.com\/index.php\/2026\/03\/17\/reportan-que-el-senador-que-impulsa-la-reduccion-salarial-esta-en-riesgo-de-ser-suspendido\/","og_locale":"es_ES","og_type":"article","og_title":"REPORTAN QUE EL SENADOR QUE IMPULSA LA REDUCCI\u00d3N SALARIAL EST\u00c1 EN RIESGO DE SER SUSPENDIDO - innoticiasbo.com","og_description":"Pa\u00eds, 17 de Marzo de 2026.- La primera vicepresidenta de la C\u00e1mara de Senadores, Soledad Chapet\u00f3n, inform\u00f3 este martes que el senador Nilt\u00f3n Condori podr\u00eda ser suspendido, luego de que tres denuncias en su contra fueran remitidas a la Comisi\u00f3n de \u00c9tica del Senado. \u201cHan le\u00eddo tres denuncias en el pleno para que el senador...","og_url":"https:\/\/innoticiasbo.com\/index.php\/2026\/03\/17\/reportan-que-el-senador-que-impulsa-la-reduccion-salarial-esta-en-riesgo-de-ser-suspendido\/","og_site_name":"innoticiasbo.com","article_publisher":"https:\/\/www.facebook.com\/innoticiasbolivia","article_published_time":"2026-03-18T01:32:14+00:00","og_image":[{"width":992,"height":558,"url":"https:\/\/innoticiasbo.com\/wp-content\/uploads\/2026\/03\/image-213.png","type":"image\/png"}],"author":"Prensa 11","twitter_card":"summary_large_image","twitter_creator":"@innoticiasbo","twitter_site":"@innoticiasbo","twitter_misc":{"Escrito por":"Prensa 11","Tiempo de lectura":"2 minutos"},"schema":{"@context":"https:\/\/schema.org","@graph":[{"@type":"Article","@id":"https:\/\/innoticiasbo.com\/index.php\/2026\/03\/17\/reportan-que-el-senador-que-impulsa-la-reduccion-salarial-esta-en-riesgo-de-ser-suspendido\/#article","isPartOf":{"@id":"https:\/\/innoticiasbo.com\/index.php\/2026\/03\/17\/reportan-que-el-senador-que-impulsa-la-reduccion-salarial-esta-en-riesgo-de-ser-suspendido\/"},"author":{"name":"Prensa 11","@id":"https:\/\/innoticiasbo.com\/#\/schema\/person\/0b28481e8d0316f83a13bc702311def5"},"headline":"REPORTAN QUE EL SENADOR QUE IMPULSA LA REDUCCI\u00d3N SALARIAL EST\u00c1 EN RIESGO DE SER SUSPENDIDO","datePublished":"2026-03-18T01:32:14+00:00","dateModified":"2026-03-18T01:32:14+00:00","mainEntityOfPage":{"@id":"https:\/\/innoticiasbo.com\/index.php\/2026\/03\/17\/reportan-que-el-senador-que-impulsa-la-reduccion-salarial-esta-en-riesgo-de-ser-suspendido\/"},"wordCount":181,"commentCount":0,"publisher":{"@id":"https:\/\/innoticiasbo.com\/#organization"},"image":{"@id":"https:\/\/innoticiasbo.com\/index.php\/2026\/03\/17\/reportan-que-el-senador-que-impulsa-la-reduccion-salarial-esta-en-riesgo-de-ser-suspendido\/#primaryimage"},"thumbnailUrl":"https:\/\/i0.wp.com\/innoticiasbo.com\/wp-content\/uploads\/2026\/03\/image-213.png?fit=992%2C558&ssl=1","keywords":["C\u00e1mara de Senadores","Nilt\u00f3n Condori","Pol\u00edtica","reducci\u00f3n de salarios","Soledad Chapet\u00f3n"],"articleSection":["Pol\u00edtica"],"inLanguage":"es","potentialAction":[{"@type":"CommentAction","name":"Comment","target":["https:\/\/innoticiasbo.com\/index.php\/2026\/03\/17\/reportan-que-el-senador-que-impulsa-la-reduccion-salarial-esta-en-riesgo-de-ser-suspendido\/#respond"]}]},{"@type":"WebPage","@id":"https:\/\/innoticiasbo.com\/index.php\/2026\/03\/17\/reportan-que-el-senador-que-impulsa-la-reduccion-salarial-esta-en-riesgo-de-ser-suspendido\/","url":"https:\/\/innoticiasbo.com\/index.php\/2026\/03\/17\/reportan-que-el-senador-que-impulsa-la-reduccion-salarial-esta-en-riesgo-de-ser-suspendido\/","name":"REPORTAN QUE EL SENADOR QUE IMPULSA LA REDUCCI\u00d3N SALARIAL EST\u00c1 EN RIESGO DE SER SUSPENDIDO - innoticiasbo.com","isPartOf":{"@id":"https:\/\/innoticiasbo.com\/#website"},"primaryImageOfPage":{"@id":"https:\/\/innoticiasbo.com\/index.php\/2026\/03\/17\/reportan-que-el-senador-que-impulsa-la-reduccion-salarial-esta-en-riesgo-de-ser-suspendido\/#primaryimage"},"image":{"@id":"https:\/\/innoticiasbo.com\/index.php\/2026\/03\/17\/reportan-que-el-senador-que-impulsa-la-reduccion-salarial-esta-en-riesgo-de-ser-suspendido\/#primaryimage"},"thumbnailUrl":"https:\/\/i0.wp.com\/innoticiasbo.com\/wp-content\/uploads\/2026\/03\/image-213.png?fit=992%2C558&ssl=1","datePublished":"2026-03-18T01:32:14+00:00","dateModified":"2026-03-18T01:32:14+00:00","breadcrumb":{"@id":"https:\/\/innoticiasbo.com\/index.php\/2026\/03\/17\/reportan-que-el-senador-que-impulsa-la-reduccion-salarial-esta-en-riesgo-de-ser-suspendido\/#breadcrumb"},"inLanguage":"es","potentialAction":[{"@type":"ReadAction","target":["https:\/\/innoticiasbo.com\/index.php\/2026\/03\/17\/reportan-que-el-senador-que-impulsa-la-reduccion-salarial-esta-en-riesgo-de-ser-suspendido\/"]}]},{"@type":"ImageObject","inLanguage":"es","@id":"https:\/\/innoticiasbo.com\/index.php\/2026\/03\/17\/reportan-que-el-senador-que-impulsa-la-reduccion-salarial-esta-en-riesgo-de-ser-suspendido\/#primaryimage","url":"https:\/\/i0.wp.com\/innoticiasbo.com\/wp-content\/uploads\/2026\/03\/image-213.png?fit=992%2C558&ssl=1","contentUrl":"https:\/\/i0.wp.com\/innoticiasbo.com\/wp-content\/uploads\/2026\/03\/image-213.png?fit=992%2C558&ssl=1","width":992,"height":558},{"@type":"BreadcrumbList","@id":"https:\/\/innoticiasbo.com\/index.php\/2026\/03\/17\/reportan-que-el-senador-que-impulsa-la-reduccion-salarial-esta-en-riesgo-de-ser-suspendido\/#breadcrumb","itemListElement":[{"@type":"ListItem","position":1,"name":"Portada","item":"https:\/\/innoticiasbo.com\/"},{"@type":"ListItem","position":2,"name":"REPORTAN QUE EL SENADOR QUE IMPULSA LA REDUCCI\u00d3N SALARIAL EST\u00c1 EN RIESGO DE SER SUSPENDIDO"}]},{"@type":"WebSite","@id":"https:\/\/innoticiasbo.com\/#website","url":"https:\/\/innoticiasbo.com\/","name":"innoticiasbo.com","description":"","publisher":{"@id":"https:\/\/innoticiasbo.com\/#organization"},"potentialAction":[{"@type":"SearchAction","target":{"@type":"EntryPoint","urlTemplate":"https:\/\/innoticiasbo.com\/?s={search_term_string}"},"query-input":{"@type":"PropertyValueSpecification","valueRequired":true,"valueName":"search_term_string"}}],"inLanguage":"es"},{"@type":"Organization","@id":"https:\/\/innoticiasbo.com\/#organization","name":"innoticiasbo.com","url":"https:\/\/innoticiasbo.com\/","logo":{"@type":"ImageObject","inLanguage":"es","@id":"https:\/\/innoticiasbo.com\/#\/schema\/logo\/image\/","url":"https:\/\/i0.wp.com\/innoticiasbo.com\/wp-content\/uploads\/2026\/04\/cropped-IN-LOGO.png?fit=1476%2C1476&ssl=1","contentUrl":"https:\/\/i0.wp.com\/innoticiasbo.com\/wp-content\/uploads\/2026\/04\/cropped-IN-LOGO.png?fit=1476%2C1476&ssl=1","width":1476,"height":1476,"caption":"innoticiasbo.com"},"image":{"@id":"https:\/\/innoticiasbo.com\/#\/schema\/logo\/image\/"},"sameAs":["https:\/\/www.facebook.com\/innoticiasbolivia","https:\/\/x.com\/innoticiasbo","https:\/\/www.instagram.com\/innoticiasbo","https:\/\/www.youtube.com\/innoticiasbo"]},{"@type":"Person","@id":"https:\/\/innoticiasbo.com\/#\/schema\/person\/0b28481e8d0316f83a13bc702311def5","name":"Prensa 11","image":{"@type":"ImageObject","inLanguage":"es","@id":"https:\/\/innoticiasbo.com\/#\/schema\/person\/image\/","url":"https:\/\/secure.gravatar.com\/avatar\/696560c17349f1807a610bf83832bad0?s=96&d=mm&r=g","contentUrl":"https:\/\/secure.gravatar.com\/avatar\/696560c17349f1807a610bf83832bad0?s=96&d=mm&r=g","caption":"Prensa 11"},"sameAs":["http:\/\/www.innoticiasbo.com"],"url":"https:\/\/innoticiasbo.com\/index.php\/author\/prensa-11\/"}]}},"jetpack_featured_media_url":"https:\/\/i0.wp.com\/innoticiasbo.com\/wp-content\/uploads\/2026\/03\/image-213.png?fit=992%2C558&ssl=1","jetpack_likes_enabled":true,"jetpack_sharing_enabled":true,"jetpack_shortlink":"https:\/\/wp.me\/pg298x-2xo","_links":{"self":[{"href":"https:\/\/innoticiasbo.com\/index.php\/wp-json\/wp\/v2\/posts\/9758","targetHints":{"allow":["GET"]}}],"collection":[{"href":"https:\/\/innoticiasbo.com\/index.php\/wp-json\/wp\/v2\/posts"}],"about":[{"href":"https:\/\/innoticiasbo.com\/index.php\/wp-json\/wp\/v2\/types\/post"}],"author":[{"embeddable":true,"href":"https:\/\/innoticiasbo.com\/index.php\/wp-json\/wp\/v2\/users\/11"}],"replies":[{"embeddable":true,"href":"https:\/\/innoticiasbo.com\/index.php\/wp-json\/wp\/v2\/comments?post=9758"}],"version-history":[{"count":1,"href":"https:\/\/innoticiasbo.com\/index.php\/wp-json\/wp\/v2\/posts\/9758\/revisions"}],"predecessor-version":[{"id":9760,"href":"https:\/\/innoticiasbo.com\/index.php\/wp-json\/wp\/v2\/posts\/9758\/revisions\/9760"}],"wp:featuredmedia":[{"embeddable":true,"href":"https:\/\/innoticiasbo.com\/index.php\/wp-json\/wp\/v2\/media\/9759"}],"wp:attachment":[{"href":"https:\/\/innoticiasbo.com\/index.php\/wp-json\/wp\/v2\/media?parent=9758"}],"wp:term":[{"taxonomy":"category","embeddable":true,"href":"https:\/\/innoticiasbo.com\/index.php\/wp-json\/wp\/v2\/categories?post=9758"},{"taxonomy":"post_tag","embeddable":true,"href":"https:\/\/innoticiasbo.com\/index.php\/wp-json\/wp\/v2\/tags?post=9758"}],"curies":[{"name":"wp","href":"https:\/\/api.w.org\/{rel}","templated":true}]}}