{"id":9755,"date":"2026-03-17T21:10:03","date_gmt":"2026-03-18T01:10:03","guid":{"rendered":"https:\/\/innoticiasbo.com\/?p=9755"},"modified":"2026-03-17T21:10:05","modified_gmt":"2026-03-18T01:10:05","slug":"murillo-condenado-por-difamacion-defensa-anjncia-apelacion-y-advierte-que-el-estado-pagaria-el-resarcimiento","status":"publish","type":"post","link":"https:\/\/innoticiasbo.com\/index.php\/2026\/03\/17\/murillo-condenado-por-difamacion-defensa-anjncia-apelacion-y-advierte-que-el-estado-pagaria-el-resarcimiento\/","title":{"rendered":"MURILLO CONDENADO POR DIFAMACI\u00d3N: DEFENSA ANJNCIA APELACI\u00d3N Y ADVIERTE QUE EL ESTADO PAGAR\u00cdA EL RESARCIMIENTO"},"content":{"rendered":"\n<figure class=\"wp-block-video\"><video controls src=\"https:\/\/innoticiasbo.com\/wp-content\/uploads\/2026\/03\/AQMSxeoPhNtsQ4A6Is9fhzwDVj5qudlqf80qodSysoXJ6SEONMvldxYDAXZfw1Dnn-Gsn9Dd7UdRskqzgEiRvO66xCiHfE8Rj-EkmAu-pUSfKQ11.mp4\"><\/video><\/figure>\n\n\n\n<p><strong>La Paz, 17 de abril de 2026.- <\/strong>El exministro de Gobierno Arturo Murillo fue sentenciado por el delito de difamaci\u00f3n en el denominado caso de la beb\u00e9 Samanta, tras haber acusado falsamente a Lourdes Pacheco de secuestro durante su gesti\u00f3n en el gobierno transitorio de Jeanine \u00c1\u00f1ez.<\/p>\n\n\n\n<p>El abogado defensor, Frank Campero, cuestion\u00f3 duramente el fallo judicial y anunci\u00f3 la presentaci\u00f3n de una apelaci\u00f3n. Seg\u00fan sostuvo, si la sentencia se confirma, el pago del resarcimiento no deber\u00eda recaer sobre Murillo, sino sobre el Estado boliviano, argumentando que su actuaci\u00f3n se dio en calidad de funcionario p\u00fablico.<\/p>\n\n\n\n<p>\u201cCuando comete este delito, no lo hace a t\u00edtulo personal, sino como Ministro de Gobierno; por lo tanto, el Estado es quien debe asumir la responsabilidad\u201d, afirm\u00f3.<\/p>\n\n\n\n<p>Campero tambi\u00e9n critic\u00f3 el sistema judicial, se\u00f1alando que \u201cla justicia no ha cambiado\u201d y que persisten fallos orientados a complacer intereses de poder. Asimismo, asegur\u00f3 que el caso habr\u00eda prescrito y calific\u00f3 la sentencia como \u201cimpensable\u201d, recordando que Murillo se limit\u00f3 \u2014seg\u00fan su versi\u00f3n\u2014 a replicar un informe policial y que posteriormente pidi\u00f3 disculpas p\u00fablicas, tanto en su momento como durante el proceso judicial.<\/p>\n\n\n\n<p>El proceso se extendi\u00f3 por seis a\u00f1os y a\u00fan resta que la justicia determine el monto del resarcimiento econ\u00f3mico. Mientras tanto, la defensa insiste en revertir el fallo en instancias superiores.<\/p>\n","protected":false},"excerpt":{"rendered":"<p>La Paz, 17 de abril de 2026.- El exministro de Gobierno Arturo Murillo fue sentenciado por el delito de difamaci\u00f3n en el denominado caso de la beb\u00e9 Samanta, tras haber acusado falsamente a Lourdes Pacheco de secuestro durante su gesti\u00f3n en el gobierno transitorio de Jeanine \u00c1\u00f1ez. El abogado defensor, Frank Campero, cuestion\u00f3 duramente el&#8230;<\/p>\n","protected":false},"author":11,"featured_media":0,"comment_status":"open","ping_status":"open","sticky":false,"template":"","format":"standard","meta":{"_jetpack_memberships_contains_paid_content":false,"footnotes":"","jetpack_publicize_message":"","jetpack_publicize_feature_enabled":true,"jetpack_social_post_already_shared":true,"jetpack_social_options":{"image_generator_settings":{"template":"highway","enabled":false},"version":2}},"categories":[3],"tags":[179,7,1563,10,1564],"class_list":["post-9755","post","type-post","status-publish","format-standard","hentry","category-politica","tag-arturo-murillo","tag-bolivia","tag-difamacion","tag-politica","tag-sentenciado"],"jetpack_publicize_connections":[],"yoast_head":"<!-- This site is optimized with the Yoast SEO plugin v23.4 - https:\/\/yoast.com\/wordpress\/plugins\/seo\/ -->\n<title>MURILLO CONDENADO POR DIFAMACI\u00d3N: DEFENSA ANJNCIA APELACI\u00d3N Y ADVIERTE QUE EL ESTADO PAGAR\u00cdA EL RESARCIMIENTO - innoticiasbo.com<\/title>\n<meta name=\"robots\" content=\"index, follow, max-snippet:-1, max-image-preview:large, max-video-preview:-1\" \/>\n<link rel=\"canonical\" href=\"https:\/\/innoticiasbo.com\/index.php\/2026\/03\/17\/murillo-condenado-por-difamacion-defensa-anjncia-apelacion-y-advierte-que-el-estado-pagaria-el-resarcimiento\/\" \/>\n<meta property=\"og:locale\" content=\"es_ES\" \/>\n<meta property=\"og:type\" content=\"article\" \/>\n<meta property=\"og:title\" content=\"MURILLO CONDENADO POR DIFAMACI\u00d3N: DEFENSA ANJNCIA APELACI\u00d3N Y ADVIERTE QUE EL ESTADO PAGAR\u00cdA EL RESARCIMIENTO - innoticiasbo.com\" \/>\n<meta property=\"og:description\" content=\"La Paz, 17 de abril de 2026.- El exministro de Gobierno Arturo Murillo fue sentenciado por el delito de difamaci\u00f3n en el denominado caso de la beb\u00e9 Samanta, tras haber acusado falsamente a Lourdes Pacheco de secuestro durante su gesti\u00f3n en el gobierno transitorio de Jeanine \u00c1\u00f1ez. El abogado defensor, Frank Campero, cuestion\u00f3 duramente el...\" \/>\n<meta property=\"og:url\" content=\"https:\/\/innoticiasbo.com\/index.php\/2026\/03\/17\/murillo-condenado-por-difamacion-defensa-anjncia-apelacion-y-advierte-que-el-estado-pagaria-el-resarcimiento\/\" \/>\n<meta property=\"og:site_name\" content=\"innoticiasbo.com\" \/>\n<meta property=\"article:publisher\" content=\"https:\/\/www.facebook.com\/innoticiasbolivia\" \/>\n<meta property=\"article:published_time\" content=\"2026-03-18T01:10:03+00:00\" \/>\n<meta property=\"article:modified_time\" content=\"2026-03-18T01:10:05+00:00\" \/>\n<meta name=\"author\" content=\"Prensa 11\" \/>\n<meta name=\"twitter:card\" content=\"summary_large_image\" \/>\n<meta name=\"twitter:creator\" content=\"@innoticiasbo\" \/>\n<meta name=\"twitter:site\" content=\"@innoticiasbo\" \/>\n<meta name=\"twitter:label1\" content=\"Escrito por\" \/>\n\t<meta name=\"twitter:data1\" content=\"Prensa 11\" \/>\n\t<meta name=\"twitter:label2\" content=\"Tiempo de lectura\" \/>\n\t<meta name=\"twitter:data2\" content=\"1 minuto\" \/>\n<script type=\"application\/ld+json\" class=\"yoast-schema-graph\">{\"@context\":\"https:\/\/schema.org\",\"@graph\":[{\"@type\":\"Article\",\"@id\":\"https:\/\/innoticiasbo.com\/index.php\/2026\/03\/17\/murillo-condenado-por-difamacion-defensa-anjncia-apelacion-y-advierte-que-el-estado-pagaria-el-resarcimiento\/#article\",\"isPartOf\":{\"@id\":\"https:\/\/innoticiasbo.com\/index.php\/2026\/03\/17\/murillo-condenado-por-difamacion-defensa-anjncia-apelacion-y-advierte-que-el-estado-pagaria-el-resarcimiento\/\"},\"author\":{\"name\":\"Prensa 11\",\"@id\":\"https:\/\/innoticiasbo.com\/#\/schema\/person\/0b28481e8d0316f83a13bc702311def5\"},\"headline\":\"MURILLO CONDENADO POR DIFAMACI\u00d3N: DEFENSA ANJNCIA APELACI\u00d3N Y ADVIERTE QUE EL ESTADO PAGAR\u00cdA EL RESARCIMIENTO\",\"datePublished\":\"2026-03-18T01:10:03+00:00\",\"dateModified\":\"2026-03-18T01:10:05+00:00\",\"mainEntityOfPage\":{\"@id\":\"https:\/\/innoticiasbo.com\/index.php\/2026\/03\/17\/murillo-condenado-por-difamacion-defensa-anjncia-apelacion-y-advierte-que-el-estado-pagaria-el-resarcimiento\/\"},\"wordCount\":253,\"commentCount\":0,\"publisher\":{\"@id\":\"https:\/\/innoticiasbo.com\/#organization\"},\"keywords\":[\"Arturo Murillo\",\"Bolivia\",\"difamaci\u00f3n\",\"Pol\u00edtica\",\"sentenciado\"],\"articleSection\":[\"Pol\u00edtica\"],\"inLanguage\":\"es\",\"potentialAction\":[{\"@type\":\"CommentAction\",\"name\":\"Comment\",\"target\":[\"https:\/\/innoticiasbo.com\/index.php\/2026\/03\/17\/murillo-condenado-por-difamacion-defensa-anjncia-apelacion-y-advierte-que-el-estado-pagaria-el-resarcimiento\/#respond\"]}]},{\"@type\":\"WebPage\",\"@id\":\"https:\/\/innoticiasbo.com\/index.php\/2026\/03\/17\/murillo-condenado-por-difamacion-defensa-anjncia-apelacion-y-advierte-que-el-estado-pagaria-el-resarcimiento\/\",\"url\":\"https:\/\/innoticiasbo.com\/index.php\/2026\/03\/17\/murillo-condenado-por-difamacion-defensa-anjncia-apelacion-y-advierte-que-el-estado-pagaria-el-resarcimiento\/\",\"name\":\"MURILLO CONDENADO POR DIFAMACI\u00d3N: DEFENSA ANJNCIA APELACI\u00d3N Y ADVIERTE QUE EL ESTADO PAGAR\u00cdA EL RESARCIMIENTO - innoticiasbo.com\",\"isPartOf\":{\"@id\":\"https:\/\/innoticiasbo.com\/#website\"},\"datePublished\":\"2026-03-18T01:10:03+00:00\",\"dateModified\":\"2026-03-18T01:10:05+00:00\",\"breadcrumb\":{\"@id\":\"https:\/\/innoticiasbo.com\/index.php\/2026\/03\/17\/murillo-condenado-por-difamacion-defensa-anjncia-apelacion-y-advierte-que-el-estado-pagaria-el-resarcimiento\/#breadcrumb\"},\"inLanguage\":\"es\",\"potentialAction\":[{\"@type\":\"ReadAction\",\"target\":[\"https:\/\/innoticiasbo.com\/index.php\/2026\/03\/17\/murillo-condenado-por-difamacion-defensa-anjncia-apelacion-y-advierte-que-el-estado-pagaria-el-resarcimiento\/\"]}]},{\"@type\":\"BreadcrumbList\",\"@id\":\"https:\/\/innoticiasbo.com\/index.php\/2026\/03\/17\/murillo-condenado-por-difamacion-defensa-anjncia-apelacion-y-advierte-que-el-estado-pagaria-el-resarcimiento\/#breadcrumb\",\"itemListElement\":[{\"@type\":\"ListItem\",\"position\":1,\"name\":\"Portada\",\"item\":\"https:\/\/innoticiasbo.com\/\"},{\"@type\":\"ListItem\",\"position\":2,\"name\":\"MURILLO CONDENADO POR DIFAMACI\u00d3N: DEFENSA ANJNCIA APELACI\u00d3N Y ADVIERTE QUE EL ESTADO PAGAR\u00cdA EL RESARCIMIENTO\"}]},{\"@type\":\"WebSite\",\"@id\":\"https:\/\/innoticiasbo.com\/#website\",\"url\":\"https:\/\/innoticiasbo.com\/\",\"name\":\"innoticiasbo.com\",\"description\":\"\",\"publisher\":{\"@id\":\"https:\/\/innoticiasbo.com\/#organization\"},\"potentialAction\":[{\"@type\":\"SearchAction\",\"target\":{\"@type\":\"EntryPoint\",\"urlTemplate\":\"https:\/\/innoticiasbo.com\/?s={search_term_string}\"},\"query-input\":{\"@type\":\"PropertyValueSpecification\",\"valueRequired\":true,\"valueName\":\"search_term_string\"}}],\"inLanguage\":\"es\"},{\"@type\":\"Organization\",\"@id\":\"https:\/\/innoticiasbo.com\/#organization\",\"name\":\"innoticiasbo.com\",\"url\":\"https:\/\/innoticiasbo.com\/\",\"logo\":{\"@type\":\"ImageObject\",\"inLanguage\":\"es\",\"@id\":\"https:\/\/innoticiasbo.com\/#\/schema\/logo\/image\/\",\"url\":\"https:\/\/i0.wp.com\/innoticiasbo.com\/wp-content\/uploads\/2026\/04\/cropped-IN-LOGO.png?fit=1476%2C1476&ssl=1\",\"contentUrl\":\"https:\/\/i0.wp.com\/innoticiasbo.com\/wp-content\/uploads\/2026\/04\/cropped-IN-LOGO.png?fit=1476%2C1476&ssl=1\",\"width\":1476,\"height\":1476,\"caption\":\"innoticiasbo.com\"},\"image\":{\"@id\":\"https:\/\/innoticiasbo.com\/#\/schema\/logo\/image\/\"},\"sameAs\":[\"https:\/\/www.facebook.com\/innoticiasbolivia\",\"https:\/\/x.com\/innoticiasbo\",\"https:\/\/www.instagram.com\/innoticiasbo\",\"https:\/\/www.youtube.com\/innoticiasbo\"]},{\"@type\":\"Person\",\"@id\":\"https:\/\/innoticiasbo.com\/#\/schema\/person\/0b28481e8d0316f83a13bc702311def5\",\"name\":\"Prensa 11\",\"image\":{\"@type\":\"ImageObject\",\"inLanguage\":\"es\",\"@id\":\"https:\/\/innoticiasbo.com\/#\/schema\/person\/image\/\",\"url\":\"https:\/\/secure.gravatar.com\/avatar\/696560c17349f1807a610bf83832bad0?s=96&d=mm&r=g\",\"contentUrl\":\"https:\/\/secure.gravatar.com\/avatar\/696560c17349f1807a610bf83832bad0?s=96&d=mm&r=g\",\"caption\":\"Prensa 11\"},\"sameAs\":[\"http:\/\/www.innoticiasbo.com\"],\"url\":\"https:\/\/innoticiasbo.com\/index.php\/author\/prensa-11\/\"}]}<\/script>\n<!-- \/ Yoast SEO plugin. -->","yoast_head_json":{"title":"MURILLO CONDENADO POR DIFAMACI\u00d3N: DEFENSA ANJNCIA APELACI\u00d3N Y ADVIERTE QUE EL ESTADO PAGAR\u00cdA EL RESARCIMIENTO - innoticiasbo.com","robots":{"index":"index","follow":"follow","max-snippet":"max-snippet:-1","max-image-preview":"max-image-preview:large","max-video-preview":"max-video-preview:-1"},"canonical":"https:\/\/innoticiasbo.com\/index.php\/2026\/03\/17\/murillo-condenado-por-difamacion-defensa-anjncia-apelacion-y-advierte-que-el-estado-pagaria-el-resarcimiento\/","og_locale":"es_ES","og_type":"article","og_title":"MURILLO CONDENADO POR DIFAMACI\u00d3N: DEFENSA ANJNCIA APELACI\u00d3N Y ADVIERTE QUE EL ESTADO PAGAR\u00cdA EL RESARCIMIENTO - innoticiasbo.com","og_description":"La Paz, 17 de abril de 2026.- El exministro de Gobierno Arturo Murillo fue sentenciado por el delito de difamaci\u00f3n en el denominado caso de la beb\u00e9 Samanta, tras haber acusado falsamente a Lourdes Pacheco de secuestro durante su gesti\u00f3n en el gobierno transitorio de Jeanine \u00c1\u00f1ez. El abogado defensor, Frank Campero, cuestion\u00f3 duramente el...","og_url":"https:\/\/innoticiasbo.com\/index.php\/2026\/03\/17\/murillo-condenado-por-difamacion-defensa-anjncia-apelacion-y-advierte-que-el-estado-pagaria-el-resarcimiento\/","og_site_name":"innoticiasbo.com","article_publisher":"https:\/\/www.facebook.com\/innoticiasbolivia","article_published_time":"2026-03-18T01:10:03+00:00","article_modified_time":"2026-03-18T01:10:05+00:00","author":"Prensa 11","twitter_card":"summary_large_image","twitter_creator":"@innoticiasbo","twitter_site":"@innoticiasbo","twitter_misc":{"Escrito por":"Prensa 11","Tiempo de lectura":"1 minuto"},"schema":{"@context":"https:\/\/schema.org","@graph":[{"@type":"Article","@id":"https:\/\/innoticiasbo.com\/index.php\/2026\/03\/17\/murillo-condenado-por-difamacion-defensa-anjncia-apelacion-y-advierte-que-el-estado-pagaria-el-resarcimiento\/#article","isPartOf":{"@id":"https:\/\/innoticiasbo.com\/index.php\/2026\/03\/17\/murillo-condenado-por-difamacion-defensa-anjncia-apelacion-y-advierte-que-el-estado-pagaria-el-resarcimiento\/"},"author":{"name":"Prensa 11","@id":"https:\/\/innoticiasbo.com\/#\/schema\/person\/0b28481e8d0316f83a13bc702311def5"},"headline":"MURILLO CONDENADO POR DIFAMACI\u00d3N: DEFENSA ANJNCIA APELACI\u00d3N Y ADVIERTE QUE EL ESTADO PAGAR\u00cdA EL RESARCIMIENTO","datePublished":"2026-03-18T01:10:03+00:00","dateModified":"2026-03-18T01:10:05+00:00","mainEntityOfPage":{"@id":"https:\/\/innoticiasbo.com\/index.php\/2026\/03\/17\/murillo-condenado-por-difamacion-defensa-anjncia-apelacion-y-advierte-que-el-estado-pagaria-el-resarcimiento\/"},"wordCount":253,"commentCount":0,"publisher":{"@id":"https:\/\/innoticiasbo.com\/#organization"},"keywords":["Arturo Murillo","Bolivia","difamaci\u00f3n","Pol\u00edtica","sentenciado"],"articleSection":["Pol\u00edtica"],"inLanguage":"es","potentialAction":[{"@type":"CommentAction","name":"Comment","target":["https:\/\/innoticiasbo.com\/index.php\/2026\/03\/17\/murillo-condenado-por-difamacion-defensa-anjncia-apelacion-y-advierte-que-el-estado-pagaria-el-resarcimiento\/#respond"]}]},{"@type":"WebPage","@id":"https:\/\/innoticiasbo.com\/index.php\/2026\/03\/17\/murillo-condenado-por-difamacion-defensa-anjncia-apelacion-y-advierte-que-el-estado-pagaria-el-resarcimiento\/","url":"https:\/\/innoticiasbo.com\/index.php\/2026\/03\/17\/murillo-condenado-por-difamacion-defensa-anjncia-apelacion-y-advierte-que-el-estado-pagaria-el-resarcimiento\/","name":"MURILLO CONDENADO POR DIFAMACI\u00d3N: DEFENSA ANJNCIA APELACI\u00d3N Y ADVIERTE QUE EL ESTADO PAGAR\u00cdA EL RESARCIMIENTO - innoticiasbo.com","isPartOf":{"@id":"https:\/\/innoticiasbo.com\/#website"},"datePublished":"2026-03-18T01:10:03+00:00","dateModified":"2026-03-18T01:10:05+00:00","breadcrumb":{"@id":"https:\/\/innoticiasbo.com\/index.php\/2026\/03\/17\/murillo-condenado-por-difamacion-defensa-anjncia-apelacion-y-advierte-que-el-estado-pagaria-el-resarcimiento\/#breadcrumb"},"inLanguage":"es","potentialAction":[{"@type":"ReadAction","target":["https:\/\/innoticiasbo.com\/index.php\/2026\/03\/17\/murillo-condenado-por-difamacion-defensa-anjncia-apelacion-y-advierte-que-el-estado-pagaria-el-resarcimiento\/"]}]},{"@type":"BreadcrumbList","@id":"https:\/\/innoticiasbo.com\/index.php\/2026\/03\/17\/murillo-condenado-por-difamacion-defensa-anjncia-apelacion-y-advierte-que-el-estado-pagaria-el-resarcimiento\/#breadcrumb","itemListElement":[{"@type":"ListItem","position":1,"name":"Portada","item":"https:\/\/innoticiasbo.com\/"},{"@type":"ListItem","position":2,"name":"MURILLO CONDENADO POR DIFAMACI\u00d3N: DEFENSA ANJNCIA APELACI\u00d3N Y ADVIERTE QUE EL ESTADO PAGAR\u00cdA EL RESARCIMIENTO"}]},{"@type":"WebSite","@id":"https:\/\/innoticiasbo.com\/#website","url":"https:\/\/innoticiasbo.com\/","name":"innoticiasbo.com","description":"","publisher":{"@id":"https:\/\/innoticiasbo.com\/#organization"},"potentialAction":[{"@type":"SearchAction","target":{"@type":"EntryPoint","urlTemplate":"https:\/\/innoticiasbo.com\/?s={search_term_string}"},"query-input":{"@type":"PropertyValueSpecification","valueRequired":true,"valueName":"search_term_string"}}],"inLanguage":"es"},{"@type":"Organization","@id":"https:\/\/innoticiasbo.com\/#organization","name":"innoticiasbo.com","url":"https:\/\/innoticiasbo.com\/","logo":{"@type":"ImageObject","inLanguage":"es","@id":"https:\/\/innoticiasbo.com\/#\/schema\/logo\/image\/","url":"https:\/\/i0.wp.com\/innoticiasbo.com\/wp-content\/uploads\/2026\/04\/cropped-IN-LOGO.png?fit=1476%2C1476&ssl=1","contentUrl":"https:\/\/i0.wp.com\/innoticiasbo.com\/wp-content\/uploads\/2026\/04\/cropped-IN-LOGO.png?fit=1476%2C1476&ssl=1","width":1476,"height":1476,"caption":"innoticiasbo.com"},"image":{"@id":"https:\/\/innoticiasbo.com\/#\/schema\/logo\/image\/"},"sameAs":["https:\/\/www.facebook.com\/innoticiasbolivia","https:\/\/x.com\/innoticiasbo","https:\/\/www.instagram.com\/innoticiasbo","https:\/\/www.youtube.com\/innoticiasbo"]},{"@type":"Person","@id":"https:\/\/innoticiasbo.com\/#\/schema\/person\/0b28481e8d0316f83a13bc702311def5","name":"Prensa 11","image":{"@type":"ImageObject","inLanguage":"es","@id":"https:\/\/innoticiasbo.com\/#\/schema\/person\/image\/","url":"https:\/\/secure.gravatar.com\/avatar\/696560c17349f1807a610bf83832bad0?s=96&d=mm&r=g","contentUrl":"https:\/\/secure.gravatar.com\/avatar\/696560c17349f1807a610bf83832bad0?s=96&d=mm&r=g","caption":"Prensa 11"},"sameAs":["http:\/\/www.innoticiasbo.com"],"url":"https:\/\/innoticiasbo.com\/index.php\/author\/prensa-11\/"}]}},"jetpack_featured_media_url":"","jetpack_likes_enabled":true,"jetpack_sharing_enabled":true,"jetpack_shortlink":"https:\/\/wp.me\/pg298x-2xl","_links":{"self":[{"href":"https:\/\/innoticiasbo.com\/index.php\/wp-json\/wp\/v2\/posts\/9755","targetHints":{"allow":["GET"]}}],"collection":[{"href":"https:\/\/innoticiasbo.com\/index.php\/wp-json\/wp\/v2\/posts"}],"about":[{"href":"https:\/\/innoticiasbo.com\/index.php\/wp-json\/wp\/v2\/types\/post"}],"author":[{"embeddable":true,"href":"https:\/\/innoticiasbo.com\/index.php\/wp-json\/wp\/v2\/users\/11"}],"replies":[{"embeddable":true,"href":"https:\/\/innoticiasbo.com\/index.php\/wp-json\/wp\/v2\/comments?post=9755"}],"version-history":[{"count":1,"href":"https:\/\/innoticiasbo.com\/index.php\/wp-json\/wp\/v2\/posts\/9755\/revisions"}],"predecessor-version":[{"id":9757,"href":"https:\/\/innoticiasbo.com\/index.php\/wp-json\/wp\/v2\/posts\/9755\/revisions\/9757"}],"wp:attachment":[{"href":"https:\/\/innoticiasbo.com\/index.php\/wp-json\/wp\/v2\/media?parent=9755"}],"wp:term":[{"taxonomy":"category","embeddable":true,"href":"https:\/\/innoticiasbo.com\/index.php\/wp-json\/wp\/v2\/categories?post=9755"},{"taxonomy":"post_tag","embeddable":true,"href":"https:\/\/innoticiasbo.com\/index.php\/wp-json\/wp\/v2\/tags?post=9755"}],"curies":[{"name":"wp","href":"https:\/\/api.w.org\/{rel}","templated":true}]}}