{"id":9751,"date":"2026-03-17T20:39:30","date_gmt":"2026-03-18T00:39:30","guid":{"rendered":"https:\/\/innoticiasbo.com\/?p=9751"},"modified":"2026-03-17T20:39:32","modified_gmt":"2026-03-18T00:39:32","slug":"renuncio-la-vocera-presidencial-carla-faval","status":"publish","type":"post","link":"https:\/\/innoticiasbo.com\/index.php\/2026\/03\/17\/renuncio-la-vocera-presidencial-carla-faval\/","title":{"rendered":"RENUNCI\u00d3 LA VOCERA PRESIDENCIAL CARLA FAVAL"},"content":{"rendered":"\n<figure class=\"wp-block-image size-full is-resized\"><img data-recalc-dims=\"1\" loading=\"lazy\" decoding=\"async\" width=\"590\" height=\"590\" src=\"https:\/\/i0.wp.com\/innoticiasbo.com\/wp-content\/uploads\/2026\/03\/image-212.png?resize=590%2C590&#038;ssl=1\" alt=\"\" class=\"wp-image-9752\" style=\"width:840px;height:auto\" srcset=\"https:\/\/i0.wp.com\/innoticiasbo.com\/wp-content\/uploads\/2026\/03\/image-212.png?w=590&amp;ssl=1 590w, https:\/\/i0.wp.com\/innoticiasbo.com\/wp-content\/uploads\/2026\/03\/image-212.png?resize=300%2C300&amp;ssl=1 300w, https:\/\/i0.wp.com\/innoticiasbo.com\/wp-content\/uploads\/2026\/03\/image-212.png?resize=150%2C150&amp;ssl=1 150w\" sizes=\"auto, (max-width: 590px) 100vw, 590px\" \/><\/figure>\n\n\n\n<p><strong>La Paz, 17 de Marzo de 2026.- <\/strong>La ahora exvocera presidencial, Carla Faval, anunci\u00f3 su decisi\u00f3n de concluir sus funciones al frente de la comunicaci\u00f3n del Ejecutivo, cargo que desempe\u00f1\u00f3 desde la asunci\u00f3n del presidente Rodrigo Paz.<\/p>\n\n\n\n<p>Mediante un comunicado oficial, Faval inform\u00f3 que su salida responde al inicio de una nueva etapa personal y profesional, desde la cual continuar\u00e1 aportando al pa\u00eds. \u201cHoy quiero comunicar que he decidido concluir mis funciones como Vocera Presidencial en el marco de una nueva etapa. Agradezco la confianza del Presidente y el trabajo realizado\u201d, expres\u00f3.<\/p>\n\n\n\n<p>Sostuvo que su decisi\u00f3n se basa en la convicci\u00f3n de que puede seguir sirviendo al pa\u00eds desde otros espacios, manteniendo el mismo compromiso de servicio p\u00fablico. Asimismo, manifest\u00f3 sentirse agradecida, tranquila y satisfecha por la labor cumplida durante su gesti\u00f3n.<\/p>\n\n\n\n<p>\u201cSeguir\u00e9 aportando a la gesti\u00f3n y al pa\u00eds desde otros espacios, con el mismo compromiso de servicio\u201d, a\u00f1adi\u00f3 Faval, quien cerr\u00f3 su mensaje resaltando el trabajo realizado junto al equipo de gobierno.<\/p>\n\n\n\n<p>Su salida marca el cierre de una etapa en la vocer\u00eda presidencial que recibi\u00f3 cr\u00edticas y elogios.<\/p>\n","protected":false},"excerpt":{"rendered":"<p>La Paz, 17 de Marzo de 2026.- La ahora exvocera presidencial, Carla Faval, anunci\u00f3 su decisi\u00f3n de concluir sus funciones al frente de la comunicaci\u00f3n del Ejecutivo, cargo que desempe\u00f1\u00f3 desde la asunci\u00f3n del presidente Rodrigo Paz. Mediante un comunicado oficial, Faval inform\u00f3 que su salida responde al inicio de una nueva etapa personal y&#8230;<\/p>\n","protected":false},"author":11,"featured_media":9753,"comment_status":"open","ping_status":"open","sticky":false,"template":"","format":"standard","meta":{"_jetpack_memberships_contains_paid_content":false,"footnotes":"","jetpack_publicize_message":"","jetpack_publicize_feature_enabled":true,"jetpack_social_post_already_shared":true,"jetpack_social_options":{"image_generator_settings":{"template":"highway","enabled":false},"version":2}},"categories":[1,3],"tags":[7,1562,10,771,1561],"class_list":["post-9751","post","type-post","status-publish","format-standard","has-post-thumbnail","hentry","category-bolivia","category-politica","tag-bolivia","tag-carla-faval","tag-politica","tag-renuncia","tag-vocera-presidencial"],"jetpack_publicize_connections":[],"yoast_head":"<!-- This site is optimized with the Yoast SEO plugin v23.4 - https:\/\/yoast.com\/wordpress\/plugins\/seo\/ -->\n<title>RENUNCI\u00d3 LA VOCERA PRESIDENCIAL CARLA FAVAL - innoticiasbo.com<\/title>\n<meta name=\"robots\" content=\"index, follow, max-snippet:-1, max-image-preview:large, max-video-preview:-1\" \/>\n<link rel=\"canonical\" href=\"https:\/\/innoticiasbo.com\/index.php\/2026\/03\/17\/renuncio-la-vocera-presidencial-carla-faval\/\" \/>\n<meta property=\"og:locale\" content=\"es_ES\" \/>\n<meta property=\"og:type\" content=\"article\" \/>\n<meta property=\"og:title\" content=\"RENUNCI\u00d3 LA VOCERA PRESIDENCIAL CARLA FAVAL - innoticiasbo.com\" \/>\n<meta property=\"og:description\" content=\"La Paz, 17 de Marzo de 2026.- La ahora exvocera presidencial, Carla Faval, anunci\u00f3 su decisi\u00f3n de concluir sus funciones al frente de la comunicaci\u00f3n del Ejecutivo, cargo que desempe\u00f1\u00f3 desde la asunci\u00f3n del presidente Rodrigo Paz. Mediante un comunicado oficial, Faval inform\u00f3 que su salida responde al inicio de una nueva etapa personal y...\" \/>\n<meta property=\"og:url\" content=\"https:\/\/innoticiasbo.com\/index.php\/2026\/03\/17\/renuncio-la-vocera-presidencial-carla-faval\/\" \/>\n<meta property=\"og:site_name\" content=\"innoticiasbo.com\" \/>\n<meta property=\"article:publisher\" content=\"https:\/\/www.facebook.com\/innoticiasbolivia\" \/>\n<meta property=\"article:published_time\" content=\"2026-03-18T00:39:30+00:00\" \/>\n<meta property=\"article:modified_time\" content=\"2026-03-18T00:39:32+00:00\" \/>\n<meta property=\"og:image\" content=\"https:\/\/innoticiasbo.com\/wp-content\/uploads\/2026\/03\/653363692_947484004467524_5950221893704882302_n.jpg\" \/>\n\t<meta property=\"og:image:width\" content=\"980\" \/>\n\t<meta property=\"og:image:height\" content=\"653\" \/>\n\t<meta property=\"og:image:type\" content=\"image\/jpeg\" \/>\n<meta name=\"author\" content=\"Prensa 11\" \/>\n<meta name=\"twitter:card\" content=\"summary_large_image\" \/>\n<meta name=\"twitter:creator\" content=\"@innoticiasbo\" \/>\n<meta name=\"twitter:site\" content=\"@innoticiasbo\" \/>\n<meta name=\"twitter:label1\" content=\"Escrito por\" \/>\n\t<meta name=\"twitter:data1\" content=\"Prensa 11\" \/>\n\t<meta name=\"twitter:label2\" content=\"Tiempo de lectura\" \/>\n\t<meta name=\"twitter:data2\" content=\"2 minutos\" \/>\n<script type=\"application\/ld+json\" class=\"yoast-schema-graph\">{\"@context\":\"https:\/\/schema.org\",\"@graph\":[{\"@type\":\"Article\",\"@id\":\"https:\/\/innoticiasbo.com\/index.php\/2026\/03\/17\/renuncio-la-vocera-presidencial-carla-faval\/#article\",\"isPartOf\":{\"@id\":\"https:\/\/innoticiasbo.com\/index.php\/2026\/03\/17\/renuncio-la-vocera-presidencial-carla-faval\/\"},\"author\":{\"name\":\"Prensa 11\",\"@id\":\"https:\/\/innoticiasbo.com\/#\/schema\/person\/0b28481e8d0316f83a13bc702311def5\"},\"headline\":\"RENUNCI\u00d3 LA VOCERA PRESIDENCIAL CARLA FAVAL\",\"datePublished\":\"2026-03-18T00:39:30+00:00\",\"dateModified\":\"2026-03-18T00:39:32+00:00\",\"mainEntityOfPage\":{\"@id\":\"https:\/\/innoticiasbo.com\/index.php\/2026\/03\/17\/renuncio-la-vocera-presidencial-carla-faval\/\"},\"wordCount\":200,\"commentCount\":0,\"publisher\":{\"@id\":\"https:\/\/innoticiasbo.com\/#organization\"},\"image\":{\"@id\":\"https:\/\/innoticiasbo.com\/index.php\/2026\/03\/17\/renuncio-la-vocera-presidencial-carla-faval\/#primaryimage\"},\"thumbnailUrl\":\"https:\/\/i0.wp.com\/innoticiasbo.com\/wp-content\/uploads\/2026\/03\/653363692_947484004467524_5950221893704882302_n.jpg?fit=980%2C653&ssl=1\",\"keywords\":[\"Bolivia\",\"Carla Faval\",\"Pol\u00edtica\",\"renuncia\",\"Vocera Presidencial\"],\"articleSection\":[\"Bolivia\",\"Pol\u00edtica\"],\"inLanguage\":\"es\",\"potentialAction\":[{\"@type\":\"CommentAction\",\"name\":\"Comment\",\"target\":[\"https:\/\/innoticiasbo.com\/index.php\/2026\/03\/17\/renuncio-la-vocera-presidencial-carla-faval\/#respond\"]}]},{\"@type\":\"WebPage\",\"@id\":\"https:\/\/innoticiasbo.com\/index.php\/2026\/03\/17\/renuncio-la-vocera-presidencial-carla-faval\/\",\"url\":\"https:\/\/innoticiasbo.com\/index.php\/2026\/03\/17\/renuncio-la-vocera-presidencial-carla-faval\/\",\"name\":\"RENUNCI\u00d3 LA VOCERA PRESIDENCIAL CARLA FAVAL - innoticiasbo.com\",\"isPartOf\":{\"@id\":\"https:\/\/innoticiasbo.com\/#website\"},\"primaryImageOfPage\":{\"@id\":\"https:\/\/innoticiasbo.com\/index.php\/2026\/03\/17\/renuncio-la-vocera-presidencial-carla-faval\/#primaryimage\"},\"image\":{\"@id\":\"https:\/\/innoticiasbo.com\/index.php\/2026\/03\/17\/renuncio-la-vocera-presidencial-carla-faval\/#primaryimage\"},\"thumbnailUrl\":\"https:\/\/i0.wp.com\/innoticiasbo.com\/wp-content\/uploads\/2026\/03\/653363692_947484004467524_5950221893704882302_n.jpg?fit=980%2C653&ssl=1\",\"datePublished\":\"2026-03-18T00:39:30+00:00\",\"dateModified\":\"2026-03-18T00:39:32+00:00\",\"breadcrumb\":{\"@id\":\"https:\/\/innoticiasbo.com\/index.php\/2026\/03\/17\/renuncio-la-vocera-presidencial-carla-faval\/#breadcrumb\"},\"inLanguage\":\"es\",\"potentialAction\":[{\"@type\":\"ReadAction\",\"target\":[\"https:\/\/innoticiasbo.com\/index.php\/2026\/03\/17\/renuncio-la-vocera-presidencial-carla-faval\/\"]}]},{\"@type\":\"ImageObject\",\"inLanguage\":\"es\",\"@id\":\"https:\/\/innoticiasbo.com\/index.php\/2026\/03\/17\/renuncio-la-vocera-presidencial-carla-faval\/#primaryimage\",\"url\":\"https:\/\/i0.wp.com\/innoticiasbo.com\/wp-content\/uploads\/2026\/03\/653363692_947484004467524_5950221893704882302_n.jpg?fit=980%2C653&ssl=1\",\"contentUrl\":\"https:\/\/i0.wp.com\/innoticiasbo.com\/wp-content\/uploads\/2026\/03\/653363692_947484004467524_5950221893704882302_n.jpg?fit=980%2C653&ssl=1\",\"width\":980,\"height\":653},{\"@type\":\"BreadcrumbList\",\"@id\":\"https:\/\/innoticiasbo.com\/index.php\/2026\/03\/17\/renuncio-la-vocera-presidencial-carla-faval\/#breadcrumb\",\"itemListElement\":[{\"@type\":\"ListItem\",\"position\":1,\"name\":\"Portada\",\"item\":\"https:\/\/innoticiasbo.com\/\"},{\"@type\":\"ListItem\",\"position\":2,\"name\":\"RENUNCI\u00d3 LA VOCERA PRESIDENCIAL CARLA FAVAL\"}]},{\"@type\":\"WebSite\",\"@id\":\"https:\/\/innoticiasbo.com\/#website\",\"url\":\"https:\/\/innoticiasbo.com\/\",\"name\":\"innoticiasbo.com\",\"description\":\"\",\"publisher\":{\"@id\":\"https:\/\/innoticiasbo.com\/#organization\"},\"potentialAction\":[{\"@type\":\"SearchAction\",\"target\":{\"@type\":\"EntryPoint\",\"urlTemplate\":\"https:\/\/innoticiasbo.com\/?s={search_term_string}\"},\"query-input\":{\"@type\":\"PropertyValueSpecification\",\"valueRequired\":true,\"valueName\":\"search_term_string\"}}],\"inLanguage\":\"es\"},{\"@type\":\"Organization\",\"@id\":\"https:\/\/innoticiasbo.com\/#organization\",\"name\":\"innoticiasbo.com\",\"url\":\"https:\/\/innoticiasbo.com\/\",\"logo\":{\"@type\":\"ImageObject\",\"inLanguage\":\"es\",\"@id\":\"https:\/\/innoticiasbo.com\/#\/schema\/logo\/image\/\",\"url\":\"https:\/\/i0.wp.com\/innoticiasbo.com\/wp-content\/uploads\/2026\/04\/cropped-IN-LOGO.png?fit=1476%2C1476&ssl=1\",\"contentUrl\":\"https:\/\/i0.wp.com\/innoticiasbo.com\/wp-content\/uploads\/2026\/04\/cropped-IN-LOGO.png?fit=1476%2C1476&ssl=1\",\"width\":1476,\"height\":1476,\"caption\":\"innoticiasbo.com\"},\"image\":{\"@id\":\"https:\/\/innoticiasbo.com\/#\/schema\/logo\/image\/\"},\"sameAs\":[\"https:\/\/www.facebook.com\/innoticiasbolivia\",\"https:\/\/x.com\/innoticiasbo\",\"https:\/\/www.instagram.com\/innoticiasbo\",\"https:\/\/www.youtube.com\/innoticiasbo\"]},{\"@type\":\"Person\",\"@id\":\"https:\/\/innoticiasbo.com\/#\/schema\/person\/0b28481e8d0316f83a13bc702311def5\",\"name\":\"Prensa 11\",\"image\":{\"@type\":\"ImageObject\",\"inLanguage\":\"es\",\"@id\":\"https:\/\/innoticiasbo.com\/#\/schema\/person\/image\/\",\"url\":\"https:\/\/secure.gravatar.com\/avatar\/696560c17349f1807a610bf83832bad0?s=96&d=mm&r=g\",\"contentUrl\":\"https:\/\/secure.gravatar.com\/avatar\/696560c17349f1807a610bf83832bad0?s=96&d=mm&r=g\",\"caption\":\"Prensa 11\"},\"sameAs\":[\"http:\/\/www.innoticiasbo.com\"],\"url\":\"https:\/\/innoticiasbo.com\/index.php\/author\/prensa-11\/\"}]}<\/script>\n<!-- \/ Yoast SEO plugin. -->","yoast_head_json":{"title":"RENUNCI\u00d3 LA VOCERA PRESIDENCIAL CARLA FAVAL - innoticiasbo.com","robots":{"index":"index","follow":"follow","max-snippet":"max-snippet:-1","max-image-preview":"max-image-preview:large","max-video-preview":"max-video-preview:-1"},"canonical":"https:\/\/innoticiasbo.com\/index.php\/2026\/03\/17\/renuncio-la-vocera-presidencial-carla-faval\/","og_locale":"es_ES","og_type":"article","og_title":"RENUNCI\u00d3 LA VOCERA PRESIDENCIAL CARLA FAVAL - innoticiasbo.com","og_description":"La Paz, 17 de Marzo de 2026.- La ahora exvocera presidencial, Carla Faval, anunci\u00f3 su decisi\u00f3n de concluir sus funciones al frente de la comunicaci\u00f3n del Ejecutivo, cargo que desempe\u00f1\u00f3 desde la asunci\u00f3n del presidente Rodrigo Paz. Mediante un comunicado oficial, Faval inform\u00f3 que su salida responde al inicio de una nueva etapa personal y...","og_url":"https:\/\/innoticiasbo.com\/index.php\/2026\/03\/17\/renuncio-la-vocera-presidencial-carla-faval\/","og_site_name":"innoticiasbo.com","article_publisher":"https:\/\/www.facebook.com\/innoticiasbolivia","article_published_time":"2026-03-18T00:39:30+00:00","article_modified_time":"2026-03-18T00:39:32+00:00","og_image":[{"width":980,"height":653,"url":"https:\/\/innoticiasbo.com\/wp-content\/uploads\/2026\/03\/653363692_947484004467524_5950221893704882302_n.jpg","type":"image\/jpeg"}],"author":"Prensa 11","twitter_card":"summary_large_image","twitter_creator":"@innoticiasbo","twitter_site":"@innoticiasbo","twitter_misc":{"Escrito por":"Prensa 11","Tiempo de lectura":"2 minutos"},"schema":{"@context":"https:\/\/schema.org","@graph":[{"@type":"Article","@id":"https:\/\/innoticiasbo.com\/index.php\/2026\/03\/17\/renuncio-la-vocera-presidencial-carla-faval\/#article","isPartOf":{"@id":"https:\/\/innoticiasbo.com\/index.php\/2026\/03\/17\/renuncio-la-vocera-presidencial-carla-faval\/"},"author":{"name":"Prensa 11","@id":"https:\/\/innoticiasbo.com\/#\/schema\/person\/0b28481e8d0316f83a13bc702311def5"},"headline":"RENUNCI\u00d3 LA VOCERA PRESIDENCIAL CARLA FAVAL","datePublished":"2026-03-18T00:39:30+00:00","dateModified":"2026-03-18T00:39:32+00:00","mainEntityOfPage":{"@id":"https:\/\/innoticiasbo.com\/index.php\/2026\/03\/17\/renuncio-la-vocera-presidencial-carla-faval\/"},"wordCount":200,"commentCount":0,"publisher":{"@id":"https:\/\/innoticiasbo.com\/#organization"},"image":{"@id":"https:\/\/innoticiasbo.com\/index.php\/2026\/03\/17\/renuncio-la-vocera-presidencial-carla-faval\/#primaryimage"},"thumbnailUrl":"https:\/\/i0.wp.com\/innoticiasbo.com\/wp-content\/uploads\/2026\/03\/653363692_947484004467524_5950221893704882302_n.jpg?fit=980%2C653&ssl=1","keywords":["Bolivia","Carla Faval","Pol\u00edtica","renuncia","Vocera Presidencial"],"articleSection":["Bolivia","Pol\u00edtica"],"inLanguage":"es","potentialAction":[{"@type":"CommentAction","name":"Comment","target":["https:\/\/innoticiasbo.com\/index.php\/2026\/03\/17\/renuncio-la-vocera-presidencial-carla-faval\/#respond"]}]},{"@type":"WebPage","@id":"https:\/\/innoticiasbo.com\/index.php\/2026\/03\/17\/renuncio-la-vocera-presidencial-carla-faval\/","url":"https:\/\/innoticiasbo.com\/index.php\/2026\/03\/17\/renuncio-la-vocera-presidencial-carla-faval\/","name":"RENUNCI\u00d3 LA VOCERA PRESIDENCIAL CARLA FAVAL - innoticiasbo.com","isPartOf":{"@id":"https:\/\/innoticiasbo.com\/#website"},"primaryImageOfPage":{"@id":"https:\/\/innoticiasbo.com\/index.php\/2026\/03\/17\/renuncio-la-vocera-presidencial-carla-faval\/#primaryimage"},"image":{"@id":"https:\/\/innoticiasbo.com\/index.php\/2026\/03\/17\/renuncio-la-vocera-presidencial-carla-faval\/#primaryimage"},"thumbnailUrl":"https:\/\/i0.wp.com\/innoticiasbo.com\/wp-content\/uploads\/2026\/03\/653363692_947484004467524_5950221893704882302_n.jpg?fit=980%2C653&ssl=1","datePublished":"2026-03-18T00:39:30+00:00","dateModified":"2026-03-18T00:39:32+00:00","breadcrumb":{"@id":"https:\/\/innoticiasbo.com\/index.php\/2026\/03\/17\/renuncio-la-vocera-presidencial-carla-faval\/#breadcrumb"},"inLanguage":"es","potentialAction":[{"@type":"ReadAction","target":["https:\/\/innoticiasbo.com\/index.php\/2026\/03\/17\/renuncio-la-vocera-presidencial-carla-faval\/"]}]},{"@type":"ImageObject","inLanguage":"es","@id":"https:\/\/innoticiasbo.com\/index.php\/2026\/03\/17\/renuncio-la-vocera-presidencial-carla-faval\/#primaryimage","url":"https:\/\/i0.wp.com\/innoticiasbo.com\/wp-content\/uploads\/2026\/03\/653363692_947484004467524_5950221893704882302_n.jpg?fit=980%2C653&ssl=1","contentUrl":"https:\/\/i0.wp.com\/innoticiasbo.com\/wp-content\/uploads\/2026\/03\/653363692_947484004467524_5950221893704882302_n.jpg?fit=980%2C653&ssl=1","width":980,"height":653},{"@type":"BreadcrumbList","@id":"https:\/\/innoticiasbo.com\/index.php\/2026\/03\/17\/renuncio-la-vocera-presidencial-carla-faval\/#breadcrumb","itemListElement":[{"@type":"ListItem","position":1,"name":"Portada","item":"https:\/\/innoticiasbo.com\/"},{"@type":"ListItem","position":2,"name":"RENUNCI\u00d3 LA VOCERA PRESIDENCIAL CARLA FAVAL"}]},{"@type":"WebSite","@id":"https:\/\/innoticiasbo.com\/#website","url":"https:\/\/innoticiasbo.com\/","name":"innoticiasbo.com","description":"","publisher":{"@id":"https:\/\/innoticiasbo.com\/#organization"},"potentialAction":[{"@type":"SearchAction","target":{"@type":"EntryPoint","urlTemplate":"https:\/\/innoticiasbo.com\/?s={search_term_string}"},"query-input":{"@type":"PropertyValueSpecification","valueRequired":true,"valueName":"search_term_string"}}],"inLanguage":"es"},{"@type":"Organization","@id":"https:\/\/innoticiasbo.com\/#organization","name":"innoticiasbo.com","url":"https:\/\/innoticiasbo.com\/","logo":{"@type":"ImageObject","inLanguage":"es","@id":"https:\/\/innoticiasbo.com\/#\/schema\/logo\/image\/","url":"https:\/\/i0.wp.com\/innoticiasbo.com\/wp-content\/uploads\/2026\/04\/cropped-IN-LOGO.png?fit=1476%2C1476&ssl=1","contentUrl":"https:\/\/i0.wp.com\/innoticiasbo.com\/wp-content\/uploads\/2026\/04\/cropped-IN-LOGO.png?fit=1476%2C1476&ssl=1","width":1476,"height":1476,"caption":"innoticiasbo.com"},"image":{"@id":"https:\/\/innoticiasbo.com\/#\/schema\/logo\/image\/"},"sameAs":["https:\/\/www.facebook.com\/innoticiasbolivia","https:\/\/x.com\/innoticiasbo","https:\/\/www.instagram.com\/innoticiasbo","https:\/\/www.youtube.com\/innoticiasbo"]},{"@type":"Person","@id":"https:\/\/innoticiasbo.com\/#\/schema\/person\/0b28481e8d0316f83a13bc702311def5","name":"Prensa 11","image":{"@type":"ImageObject","inLanguage":"es","@id":"https:\/\/innoticiasbo.com\/#\/schema\/person\/image\/","url":"https:\/\/secure.gravatar.com\/avatar\/696560c17349f1807a610bf83832bad0?s=96&d=mm&r=g","contentUrl":"https:\/\/secure.gravatar.com\/avatar\/696560c17349f1807a610bf83832bad0?s=96&d=mm&r=g","caption":"Prensa 11"},"sameAs":["http:\/\/www.innoticiasbo.com"],"url":"https:\/\/innoticiasbo.com\/index.php\/author\/prensa-11\/"}]}},"jetpack_featured_media_url":"https:\/\/i0.wp.com\/innoticiasbo.com\/wp-content\/uploads\/2026\/03\/653363692_947484004467524_5950221893704882302_n.jpg?fit=980%2C653&ssl=1","jetpack_likes_enabled":true,"jetpack_sharing_enabled":true,"jetpack_shortlink":"https:\/\/wp.me\/pg298x-2xh","_links":{"self":[{"href":"https:\/\/innoticiasbo.com\/index.php\/wp-json\/wp\/v2\/posts\/9751","targetHints":{"allow":["GET"]}}],"collection":[{"href":"https:\/\/innoticiasbo.com\/index.php\/wp-json\/wp\/v2\/posts"}],"about":[{"href":"https:\/\/innoticiasbo.com\/index.php\/wp-json\/wp\/v2\/types\/post"}],"author":[{"embeddable":true,"href":"https:\/\/innoticiasbo.com\/index.php\/wp-json\/wp\/v2\/users\/11"}],"replies":[{"embeddable":true,"href":"https:\/\/innoticiasbo.com\/index.php\/wp-json\/wp\/v2\/comments?post=9751"}],"version-history":[{"count":1,"href":"https:\/\/innoticiasbo.com\/index.php\/wp-json\/wp\/v2\/posts\/9751\/revisions"}],"predecessor-version":[{"id":9754,"href":"https:\/\/innoticiasbo.com\/index.php\/wp-json\/wp\/v2\/posts\/9751\/revisions\/9754"}],"wp:featuredmedia":[{"embeddable":true,"href":"https:\/\/innoticiasbo.com\/index.php\/wp-json\/wp\/v2\/media\/9753"}],"wp:attachment":[{"href":"https:\/\/innoticiasbo.com\/index.php\/wp-json\/wp\/v2\/media?parent=9751"}],"wp:term":[{"taxonomy":"category","embeddable":true,"href":"https:\/\/innoticiasbo.com\/index.php\/wp-json\/wp\/v2\/categories?post=9751"},{"taxonomy":"post_tag","embeddable":true,"href":"https:\/\/innoticiasbo.com\/index.php\/wp-json\/wp\/v2\/tags?post=9751"}],"curies":[{"name":"wp","href":"https:\/\/api.w.org\/{rel}","templated":true}]}}