{"id":9745,"date":"2026-03-17T13:34:06","date_gmt":"2026-03-17T17:34:06","guid":{"rendered":"https:\/\/innoticiasbo.com\/?p=9745"},"modified":"2026-03-17T13:34:08","modified_gmt":"2026-03-17T17:34:08","slug":"pelea-con-golpes-y-gritos-en-restaurante-de-la-zona-sur-involucra-a-jefe-de-moral-y-eventos-de-la-alcaldia","status":"publish","type":"post","link":"https:\/\/innoticiasbo.com\/index.php\/2026\/03\/17\/pelea-con-golpes-y-gritos-en-restaurante-de-la-zona-sur-involucra-a-jefe-de-moral-y-eventos-de-la-alcaldia\/","title":{"rendered":"PELEA CON GOLPES Y GRITOS EN RESTAURANTE DE LA ZONA SUR INVOLUCRA A JEFE DE MORAL Y EVENTOS DE LA ALCALD\u00cdA"},"content":{"rendered":"\n<figure class=\"wp-block-image size-full is-resized\"><img data-recalc-dims=\"1\" loading=\"lazy\" decoding=\"async\" width=\"518\" height=\"292\" src=\"https:\/\/i0.wp.com\/innoticiasbo.com\/wp-content\/uploads\/2026\/03\/Screenshot-2026-03-17-131847.png?resize=518%2C292&#038;ssl=1\" alt=\"\" class=\"wp-image-9746\" style=\"width:840px;height:auto\" srcset=\"https:\/\/i0.wp.com\/innoticiasbo.com\/wp-content\/uploads\/2026\/03\/Screenshot-2026-03-17-131847.png?w=518&amp;ssl=1 518w, https:\/\/i0.wp.com\/innoticiasbo.com\/wp-content\/uploads\/2026\/03\/Screenshot-2026-03-17-131847.png?resize=300%2C169&amp;ssl=1 300w\" sizes=\"auto, (max-width: 518px) 100vw, 518px\" \/><\/figure>\n\n\n\n<p><strong>Cochabamba, 17 de Marzo de 2026.-<\/strong> Un episodio de violencia se registr\u00f3 al mediod\u00eda del domingo en un local de la zona Sur, sector de la Fuerza A\u00e9rea, donde se produjeron golpes, gritos y momentos de tensi\u00f3n entre varios presentes, en un hecho que es objeto de versiones contrapuestas.<\/p>\n\n\n\n<p>Entre los implicados se encuentra Ruddy Arancibia, jefe del Departamento de Moral y Eventos de la Alcald\u00eda de Cochabamba, quien aparece en un fragmento de video participando de una pelea.<\/p>\n\n\n\n<p>En contacto con IN Noticias Arancibia relat\u00f3 que tras la caravana de apoyo a Manfred Reyes Villa \u00e9l y otros 3 militantes de Sumate junto a sus esposas e hijos se dirigieron a un local para almorzar y que en ese momento fueron insultados y agraviados por usar poleras con los colores de Sumate por lo que ante el ataque reaccion\u00f3 para proteger a su familia.<\/p>\n\n\n\n<p>\u201cYo no soy violento, estaba con mi esposa que est\u00e1 embarazada de 2 meses, mi hijita de 4 a\u00f1os. \u00bfCreen que me voy a poner violento arriesgando a mi familia, a mi hijita que estaba aterrorizada? Jam\u00e1s. Vinieron a agredirnos. Est\u00e1bamos esperando que nos sirven y nos empezaron a insultar, yo les dije por favor que respeten, estamos con familia, pero no se retiraron\u201d, afirm\u00f3.<\/p>\n\n\n\n<p>Seg\u00fan su versi\u00f3n, la situaci\u00f3n se agrav\u00f3 cuando llegaron m\u00e1s personas que ser\u00eda de la pandilla \u201cAnquichos\u201d.<\/p>\n\n\n\n<p>\u201cRetornaron varios y lo \u00fanico que hice fue defendernos como hemos podido, llegaron como pira\u00f1as por todo lado, eran unos 15 y empezaron a pegarnos. Nosotros \u00e9ramos cuatro hombres, tres mujeres y nuestros ni\u00f1os. Me causaron lesiones en el ojo, recib\u00ed patadas, golpes en la cabeza, tengo moretones\u201d, se\u00f1al\u00f3, asegurando que el hecho ocurri\u00f3 en presencia de sus familias..<\/p>\n\n\n\n<p>En medio del altercado, tambi\u00e9n se observa a una persona lanzando agua hacia algunos de los involucrados, en un intento de dispersar la pelea, que se tratar\u00eda de la hija de la due\u00f1a del local que exig\u00eda a los pandilleros que se retiren.<\/p>\n","protected":false},"excerpt":{"rendered":"<p>Cochabamba, 17 de Marzo de 2026.- Un episodio de violencia se registr\u00f3 al mediod\u00eda del domingo en un local de la zona Sur, sector de la Fuerza A\u00e9rea, donde se produjeron golpes, gritos y momentos de tensi\u00f3n entre varios presentes, en un hecho que es objeto de versiones contrapuestas. Entre los implicados se encuentra Ruddy&#8230;<\/p>\n","protected":false},"author":11,"featured_media":9746,"comment_status":"open","ping_status":"open","sticky":false,"template":"","format":"standard","meta":{"_jetpack_memberships_contains_paid_content":false,"footnotes":"","jetpack_publicize_message":"","jetpack_publicize_feature_enabled":true,"jetpack_social_post_already_shared":true,"jetpack_social_options":{"image_generator_settings":{"template":"highway","enabled":false},"version":2}},"categories":[2],"tags":[6,22,1558,1559,10,1557],"class_list":["post-9745","post","type-post","status-publish","format-standard","has-post-thumbnail","hentry","category-cochabamba","tag-cochabamba","tag-innoticias","tag-jefe-del-departamento-de-moral-y-eventos-de-la-alcaldia-de-cochabamba","tag-pelea","tag-politica","tag-ruddy-arancibia"],"jetpack_publicize_connections":[],"yoast_head":"<!-- This site is optimized with the Yoast SEO plugin v23.4 - https:\/\/yoast.com\/wordpress\/plugins\/seo\/ -->\n<title>PELEA CON GOLPES Y GRITOS EN RESTAURANTE DE LA ZONA SUR INVOLUCRA A JEFE DE MORAL Y EVENTOS DE LA ALCALD\u00cdA - innoticiasbo.com<\/title>\n<meta name=\"robots\" content=\"index, follow, max-snippet:-1, max-image-preview:large, max-video-preview:-1\" \/>\n<link rel=\"canonical\" href=\"https:\/\/innoticiasbo.com\/index.php\/2026\/03\/17\/pelea-con-golpes-y-gritos-en-restaurante-de-la-zona-sur-involucra-a-jefe-de-moral-y-eventos-de-la-alcaldia\/\" \/>\n<meta property=\"og:locale\" content=\"es_ES\" \/>\n<meta property=\"og:type\" content=\"article\" \/>\n<meta property=\"og:title\" content=\"PELEA CON GOLPES Y GRITOS EN RESTAURANTE DE LA ZONA SUR INVOLUCRA A JEFE DE MORAL Y EVENTOS DE LA ALCALD\u00cdA - innoticiasbo.com\" \/>\n<meta property=\"og:description\" content=\"Cochabamba, 17 de Marzo de 2026.- Un episodio de violencia se registr\u00f3 al mediod\u00eda del domingo en un local de la zona Sur, sector de la Fuerza A\u00e9rea, donde se produjeron golpes, gritos y momentos de tensi\u00f3n entre varios presentes, en un hecho que es objeto de versiones contrapuestas. Entre los implicados se encuentra Ruddy...\" \/>\n<meta property=\"og:url\" content=\"https:\/\/innoticiasbo.com\/index.php\/2026\/03\/17\/pelea-con-golpes-y-gritos-en-restaurante-de-la-zona-sur-involucra-a-jefe-de-moral-y-eventos-de-la-alcaldia\/\" \/>\n<meta property=\"og:site_name\" content=\"innoticiasbo.com\" \/>\n<meta property=\"article:publisher\" content=\"https:\/\/www.facebook.com\/innoticiasbolivia\" \/>\n<meta property=\"article:published_time\" content=\"2026-03-17T17:34:06+00:00\" \/>\n<meta property=\"article:modified_time\" content=\"2026-03-17T17:34:08+00:00\" \/>\n<meta property=\"og:image\" content=\"https:\/\/innoticiasbo.com\/wp-content\/uploads\/2026\/03\/Screenshot-2026-03-17-131847.png\" \/>\n\t<meta property=\"og:image:width\" content=\"518\" \/>\n\t<meta property=\"og:image:height\" content=\"292\" \/>\n\t<meta property=\"og:image:type\" content=\"image\/png\" \/>\n<meta name=\"author\" content=\"Prensa 11\" \/>\n<meta name=\"twitter:card\" content=\"summary_large_image\" \/>\n<meta name=\"twitter:creator\" content=\"@innoticiasbo\" \/>\n<meta name=\"twitter:site\" content=\"@innoticiasbo\" \/>\n<meta name=\"twitter:label1\" content=\"Escrito por\" \/>\n\t<meta name=\"twitter:data1\" content=\"Prensa 11\" \/>\n\t<meta name=\"twitter:label2\" content=\"Tiempo de lectura\" \/>\n\t<meta name=\"twitter:data2\" content=\"2 minutos\" \/>\n<script type=\"application\/ld+json\" class=\"yoast-schema-graph\">{\"@context\":\"https:\/\/schema.org\",\"@graph\":[{\"@type\":\"Article\",\"@id\":\"https:\/\/innoticiasbo.com\/index.php\/2026\/03\/17\/pelea-con-golpes-y-gritos-en-restaurante-de-la-zona-sur-involucra-a-jefe-de-moral-y-eventos-de-la-alcaldia\/#article\",\"isPartOf\":{\"@id\":\"https:\/\/innoticiasbo.com\/index.php\/2026\/03\/17\/pelea-con-golpes-y-gritos-en-restaurante-de-la-zona-sur-involucra-a-jefe-de-moral-y-eventos-de-la-alcaldia\/\"},\"author\":{\"name\":\"Prensa 11\",\"@id\":\"https:\/\/innoticiasbo.com\/#\/schema\/person\/0b28481e8d0316f83a13bc702311def5\"},\"headline\":\"PELEA CON GOLPES Y GRITOS EN RESTAURANTE DE LA ZONA SUR INVOLUCRA A JEFE DE MORAL Y EVENTOS DE LA ALCALD\u00cdA\",\"datePublished\":\"2026-03-17T17:34:06+00:00\",\"dateModified\":\"2026-03-17T17:34:08+00:00\",\"mainEntityOfPage\":{\"@id\":\"https:\/\/innoticiasbo.com\/index.php\/2026\/03\/17\/pelea-con-golpes-y-gritos-en-restaurante-de-la-zona-sur-involucra-a-jefe-de-moral-y-eventos-de-la-alcaldia\/\"},\"wordCount\":365,\"commentCount\":0,\"publisher\":{\"@id\":\"https:\/\/innoticiasbo.com\/#organization\"},\"image\":{\"@id\":\"https:\/\/innoticiasbo.com\/index.php\/2026\/03\/17\/pelea-con-golpes-y-gritos-en-restaurante-de-la-zona-sur-involucra-a-jefe-de-moral-y-eventos-de-la-alcaldia\/#primaryimage\"},\"thumbnailUrl\":\"https:\/\/i0.wp.com\/innoticiasbo.com\/wp-content\/uploads\/2026\/03\/Screenshot-2026-03-17-131847.png?fit=518%2C292&ssl=1\",\"keywords\":[\"Cochabamba\",\"innoticias\",\"jefe del Departamento de Moral y Eventos de la Alcald\u00eda de Cochabamba\",\"pelea\",\"Pol\u00edtica\",\"Ruddy Arancibia\"],\"articleSection\":[\"Cochabamba\"],\"inLanguage\":\"es\",\"potentialAction\":[{\"@type\":\"CommentAction\",\"name\":\"Comment\",\"target\":[\"https:\/\/innoticiasbo.com\/index.php\/2026\/03\/17\/pelea-con-golpes-y-gritos-en-restaurante-de-la-zona-sur-involucra-a-jefe-de-moral-y-eventos-de-la-alcaldia\/#respond\"]}]},{\"@type\":\"WebPage\",\"@id\":\"https:\/\/innoticiasbo.com\/index.php\/2026\/03\/17\/pelea-con-golpes-y-gritos-en-restaurante-de-la-zona-sur-involucra-a-jefe-de-moral-y-eventos-de-la-alcaldia\/\",\"url\":\"https:\/\/innoticiasbo.com\/index.php\/2026\/03\/17\/pelea-con-golpes-y-gritos-en-restaurante-de-la-zona-sur-involucra-a-jefe-de-moral-y-eventos-de-la-alcaldia\/\",\"name\":\"PELEA CON GOLPES Y GRITOS EN RESTAURANTE DE LA ZONA SUR INVOLUCRA A JEFE DE MORAL Y EVENTOS DE LA ALCALD\u00cdA - innoticiasbo.com\",\"isPartOf\":{\"@id\":\"https:\/\/innoticiasbo.com\/#website\"},\"primaryImageOfPage\":{\"@id\":\"https:\/\/innoticiasbo.com\/index.php\/2026\/03\/17\/pelea-con-golpes-y-gritos-en-restaurante-de-la-zona-sur-involucra-a-jefe-de-moral-y-eventos-de-la-alcaldia\/#primaryimage\"},\"image\":{\"@id\":\"https:\/\/innoticiasbo.com\/index.php\/2026\/03\/17\/pelea-con-golpes-y-gritos-en-restaurante-de-la-zona-sur-involucra-a-jefe-de-moral-y-eventos-de-la-alcaldia\/#primaryimage\"},\"thumbnailUrl\":\"https:\/\/i0.wp.com\/innoticiasbo.com\/wp-content\/uploads\/2026\/03\/Screenshot-2026-03-17-131847.png?fit=518%2C292&ssl=1\",\"datePublished\":\"2026-03-17T17:34:06+00:00\",\"dateModified\":\"2026-03-17T17:34:08+00:00\",\"breadcrumb\":{\"@id\":\"https:\/\/innoticiasbo.com\/index.php\/2026\/03\/17\/pelea-con-golpes-y-gritos-en-restaurante-de-la-zona-sur-involucra-a-jefe-de-moral-y-eventos-de-la-alcaldia\/#breadcrumb\"},\"inLanguage\":\"es\",\"potentialAction\":[{\"@type\":\"ReadAction\",\"target\":[\"https:\/\/innoticiasbo.com\/index.php\/2026\/03\/17\/pelea-con-golpes-y-gritos-en-restaurante-de-la-zona-sur-involucra-a-jefe-de-moral-y-eventos-de-la-alcaldia\/\"]}]},{\"@type\":\"ImageObject\",\"inLanguage\":\"es\",\"@id\":\"https:\/\/innoticiasbo.com\/index.php\/2026\/03\/17\/pelea-con-golpes-y-gritos-en-restaurante-de-la-zona-sur-involucra-a-jefe-de-moral-y-eventos-de-la-alcaldia\/#primaryimage\",\"url\":\"https:\/\/i0.wp.com\/innoticiasbo.com\/wp-content\/uploads\/2026\/03\/Screenshot-2026-03-17-131847.png?fit=518%2C292&ssl=1\",\"contentUrl\":\"https:\/\/i0.wp.com\/innoticiasbo.com\/wp-content\/uploads\/2026\/03\/Screenshot-2026-03-17-131847.png?fit=518%2C292&ssl=1\",\"width\":518,\"height\":292},{\"@type\":\"BreadcrumbList\",\"@id\":\"https:\/\/innoticiasbo.com\/index.php\/2026\/03\/17\/pelea-con-golpes-y-gritos-en-restaurante-de-la-zona-sur-involucra-a-jefe-de-moral-y-eventos-de-la-alcaldia\/#breadcrumb\",\"itemListElement\":[{\"@type\":\"ListItem\",\"position\":1,\"name\":\"Portada\",\"item\":\"https:\/\/innoticiasbo.com\/\"},{\"@type\":\"ListItem\",\"position\":2,\"name\":\"PELEA CON GOLPES Y GRITOS EN RESTAURANTE DE LA ZONA SUR INVOLUCRA A JEFE DE MORAL Y EVENTOS DE LA ALCALD\u00cdA\"}]},{\"@type\":\"WebSite\",\"@id\":\"https:\/\/innoticiasbo.com\/#website\",\"url\":\"https:\/\/innoticiasbo.com\/\",\"name\":\"innoticiasbo.com\",\"description\":\"\",\"publisher\":{\"@id\":\"https:\/\/innoticiasbo.com\/#organization\"},\"potentialAction\":[{\"@type\":\"SearchAction\",\"target\":{\"@type\":\"EntryPoint\",\"urlTemplate\":\"https:\/\/innoticiasbo.com\/?s={search_term_string}\"},\"query-input\":{\"@type\":\"PropertyValueSpecification\",\"valueRequired\":true,\"valueName\":\"search_term_string\"}}],\"inLanguage\":\"es\"},{\"@type\":\"Organization\",\"@id\":\"https:\/\/innoticiasbo.com\/#organization\",\"name\":\"innoticiasbo.com\",\"url\":\"https:\/\/innoticiasbo.com\/\",\"logo\":{\"@type\":\"ImageObject\",\"inLanguage\":\"es\",\"@id\":\"https:\/\/innoticiasbo.com\/#\/schema\/logo\/image\/\",\"url\":\"https:\/\/i0.wp.com\/innoticiasbo.com\/wp-content\/uploads\/2026\/04\/cropped-IN-LOGO.png?fit=1476%2C1476&ssl=1\",\"contentUrl\":\"https:\/\/i0.wp.com\/innoticiasbo.com\/wp-content\/uploads\/2026\/04\/cropped-IN-LOGO.png?fit=1476%2C1476&ssl=1\",\"width\":1476,\"height\":1476,\"caption\":\"innoticiasbo.com\"},\"image\":{\"@id\":\"https:\/\/innoticiasbo.com\/#\/schema\/logo\/image\/\"},\"sameAs\":[\"https:\/\/www.facebook.com\/innoticiasbolivia\",\"https:\/\/x.com\/innoticiasbo\",\"https:\/\/www.instagram.com\/innoticiasbo\",\"https:\/\/www.youtube.com\/innoticiasbo\"]},{\"@type\":\"Person\",\"@id\":\"https:\/\/innoticiasbo.com\/#\/schema\/person\/0b28481e8d0316f83a13bc702311def5\",\"name\":\"Prensa 11\",\"image\":{\"@type\":\"ImageObject\",\"inLanguage\":\"es\",\"@id\":\"https:\/\/innoticiasbo.com\/#\/schema\/person\/image\/\",\"url\":\"https:\/\/secure.gravatar.com\/avatar\/696560c17349f1807a610bf83832bad0?s=96&d=mm&r=g\",\"contentUrl\":\"https:\/\/secure.gravatar.com\/avatar\/696560c17349f1807a610bf83832bad0?s=96&d=mm&r=g\",\"caption\":\"Prensa 11\"},\"sameAs\":[\"http:\/\/www.innoticiasbo.com\"],\"url\":\"https:\/\/innoticiasbo.com\/index.php\/author\/prensa-11\/\"}]}<\/script>\n<!-- \/ Yoast SEO plugin. -->","yoast_head_json":{"title":"PELEA CON GOLPES Y GRITOS EN RESTAURANTE DE LA ZONA SUR INVOLUCRA A JEFE DE MORAL Y EVENTOS DE LA ALCALD\u00cdA - innoticiasbo.com","robots":{"index":"index","follow":"follow","max-snippet":"max-snippet:-1","max-image-preview":"max-image-preview:large","max-video-preview":"max-video-preview:-1"},"canonical":"https:\/\/innoticiasbo.com\/index.php\/2026\/03\/17\/pelea-con-golpes-y-gritos-en-restaurante-de-la-zona-sur-involucra-a-jefe-de-moral-y-eventos-de-la-alcaldia\/","og_locale":"es_ES","og_type":"article","og_title":"PELEA CON GOLPES Y GRITOS EN RESTAURANTE DE LA ZONA SUR INVOLUCRA A JEFE DE MORAL Y EVENTOS DE LA ALCALD\u00cdA - innoticiasbo.com","og_description":"Cochabamba, 17 de Marzo de 2026.- Un episodio de violencia se registr\u00f3 al mediod\u00eda del domingo en un local de la zona Sur, sector de la Fuerza A\u00e9rea, donde se produjeron golpes, gritos y momentos de tensi\u00f3n entre varios presentes, en un hecho que es objeto de versiones contrapuestas. Entre los implicados se encuentra Ruddy...","og_url":"https:\/\/innoticiasbo.com\/index.php\/2026\/03\/17\/pelea-con-golpes-y-gritos-en-restaurante-de-la-zona-sur-involucra-a-jefe-de-moral-y-eventos-de-la-alcaldia\/","og_site_name":"innoticiasbo.com","article_publisher":"https:\/\/www.facebook.com\/innoticiasbolivia","article_published_time":"2026-03-17T17:34:06+00:00","article_modified_time":"2026-03-17T17:34:08+00:00","og_image":[{"width":518,"height":292,"url":"https:\/\/innoticiasbo.com\/wp-content\/uploads\/2026\/03\/Screenshot-2026-03-17-131847.png","type":"image\/png"}],"author":"Prensa 11","twitter_card":"summary_large_image","twitter_creator":"@innoticiasbo","twitter_site":"@innoticiasbo","twitter_misc":{"Escrito por":"Prensa 11","Tiempo de lectura":"2 minutos"},"schema":{"@context":"https:\/\/schema.org","@graph":[{"@type":"Article","@id":"https:\/\/innoticiasbo.com\/index.php\/2026\/03\/17\/pelea-con-golpes-y-gritos-en-restaurante-de-la-zona-sur-involucra-a-jefe-de-moral-y-eventos-de-la-alcaldia\/#article","isPartOf":{"@id":"https:\/\/innoticiasbo.com\/index.php\/2026\/03\/17\/pelea-con-golpes-y-gritos-en-restaurante-de-la-zona-sur-involucra-a-jefe-de-moral-y-eventos-de-la-alcaldia\/"},"author":{"name":"Prensa 11","@id":"https:\/\/innoticiasbo.com\/#\/schema\/person\/0b28481e8d0316f83a13bc702311def5"},"headline":"PELEA CON GOLPES Y GRITOS EN RESTAURANTE DE LA ZONA SUR INVOLUCRA A JEFE DE MORAL Y EVENTOS DE LA ALCALD\u00cdA","datePublished":"2026-03-17T17:34:06+00:00","dateModified":"2026-03-17T17:34:08+00:00","mainEntityOfPage":{"@id":"https:\/\/innoticiasbo.com\/index.php\/2026\/03\/17\/pelea-con-golpes-y-gritos-en-restaurante-de-la-zona-sur-involucra-a-jefe-de-moral-y-eventos-de-la-alcaldia\/"},"wordCount":365,"commentCount":0,"publisher":{"@id":"https:\/\/innoticiasbo.com\/#organization"},"image":{"@id":"https:\/\/innoticiasbo.com\/index.php\/2026\/03\/17\/pelea-con-golpes-y-gritos-en-restaurante-de-la-zona-sur-involucra-a-jefe-de-moral-y-eventos-de-la-alcaldia\/#primaryimage"},"thumbnailUrl":"https:\/\/i0.wp.com\/innoticiasbo.com\/wp-content\/uploads\/2026\/03\/Screenshot-2026-03-17-131847.png?fit=518%2C292&ssl=1","keywords":["Cochabamba","innoticias","jefe del Departamento de Moral y Eventos de la Alcald\u00eda de Cochabamba","pelea","Pol\u00edtica","Ruddy Arancibia"],"articleSection":["Cochabamba"],"inLanguage":"es","potentialAction":[{"@type":"CommentAction","name":"Comment","target":["https:\/\/innoticiasbo.com\/index.php\/2026\/03\/17\/pelea-con-golpes-y-gritos-en-restaurante-de-la-zona-sur-involucra-a-jefe-de-moral-y-eventos-de-la-alcaldia\/#respond"]}]},{"@type":"WebPage","@id":"https:\/\/innoticiasbo.com\/index.php\/2026\/03\/17\/pelea-con-golpes-y-gritos-en-restaurante-de-la-zona-sur-involucra-a-jefe-de-moral-y-eventos-de-la-alcaldia\/","url":"https:\/\/innoticiasbo.com\/index.php\/2026\/03\/17\/pelea-con-golpes-y-gritos-en-restaurante-de-la-zona-sur-involucra-a-jefe-de-moral-y-eventos-de-la-alcaldia\/","name":"PELEA CON GOLPES Y GRITOS EN RESTAURANTE DE LA ZONA SUR INVOLUCRA A JEFE DE MORAL Y EVENTOS DE LA ALCALD\u00cdA - innoticiasbo.com","isPartOf":{"@id":"https:\/\/innoticiasbo.com\/#website"},"primaryImageOfPage":{"@id":"https:\/\/innoticiasbo.com\/index.php\/2026\/03\/17\/pelea-con-golpes-y-gritos-en-restaurante-de-la-zona-sur-involucra-a-jefe-de-moral-y-eventos-de-la-alcaldia\/#primaryimage"},"image":{"@id":"https:\/\/innoticiasbo.com\/index.php\/2026\/03\/17\/pelea-con-golpes-y-gritos-en-restaurante-de-la-zona-sur-involucra-a-jefe-de-moral-y-eventos-de-la-alcaldia\/#primaryimage"},"thumbnailUrl":"https:\/\/i0.wp.com\/innoticiasbo.com\/wp-content\/uploads\/2026\/03\/Screenshot-2026-03-17-131847.png?fit=518%2C292&ssl=1","datePublished":"2026-03-17T17:34:06+00:00","dateModified":"2026-03-17T17:34:08+00:00","breadcrumb":{"@id":"https:\/\/innoticiasbo.com\/index.php\/2026\/03\/17\/pelea-con-golpes-y-gritos-en-restaurante-de-la-zona-sur-involucra-a-jefe-de-moral-y-eventos-de-la-alcaldia\/#breadcrumb"},"inLanguage":"es","potentialAction":[{"@type":"ReadAction","target":["https:\/\/innoticiasbo.com\/index.php\/2026\/03\/17\/pelea-con-golpes-y-gritos-en-restaurante-de-la-zona-sur-involucra-a-jefe-de-moral-y-eventos-de-la-alcaldia\/"]}]},{"@type":"ImageObject","inLanguage":"es","@id":"https:\/\/innoticiasbo.com\/index.php\/2026\/03\/17\/pelea-con-golpes-y-gritos-en-restaurante-de-la-zona-sur-involucra-a-jefe-de-moral-y-eventos-de-la-alcaldia\/#primaryimage","url":"https:\/\/i0.wp.com\/innoticiasbo.com\/wp-content\/uploads\/2026\/03\/Screenshot-2026-03-17-131847.png?fit=518%2C292&ssl=1","contentUrl":"https:\/\/i0.wp.com\/innoticiasbo.com\/wp-content\/uploads\/2026\/03\/Screenshot-2026-03-17-131847.png?fit=518%2C292&ssl=1","width":518,"height":292},{"@type":"BreadcrumbList","@id":"https:\/\/innoticiasbo.com\/index.php\/2026\/03\/17\/pelea-con-golpes-y-gritos-en-restaurante-de-la-zona-sur-involucra-a-jefe-de-moral-y-eventos-de-la-alcaldia\/#breadcrumb","itemListElement":[{"@type":"ListItem","position":1,"name":"Portada","item":"https:\/\/innoticiasbo.com\/"},{"@type":"ListItem","position":2,"name":"PELEA CON GOLPES Y GRITOS EN RESTAURANTE DE LA ZONA SUR INVOLUCRA A JEFE DE MORAL Y EVENTOS DE LA ALCALD\u00cdA"}]},{"@type":"WebSite","@id":"https:\/\/innoticiasbo.com\/#website","url":"https:\/\/innoticiasbo.com\/","name":"innoticiasbo.com","description":"","publisher":{"@id":"https:\/\/innoticiasbo.com\/#organization"},"potentialAction":[{"@type":"SearchAction","target":{"@type":"EntryPoint","urlTemplate":"https:\/\/innoticiasbo.com\/?s={search_term_string}"},"query-input":{"@type":"PropertyValueSpecification","valueRequired":true,"valueName":"search_term_string"}}],"inLanguage":"es"},{"@type":"Organization","@id":"https:\/\/innoticiasbo.com\/#organization","name":"innoticiasbo.com","url":"https:\/\/innoticiasbo.com\/","logo":{"@type":"ImageObject","inLanguage":"es","@id":"https:\/\/innoticiasbo.com\/#\/schema\/logo\/image\/","url":"https:\/\/i0.wp.com\/innoticiasbo.com\/wp-content\/uploads\/2026\/04\/cropped-IN-LOGO.png?fit=1476%2C1476&ssl=1","contentUrl":"https:\/\/i0.wp.com\/innoticiasbo.com\/wp-content\/uploads\/2026\/04\/cropped-IN-LOGO.png?fit=1476%2C1476&ssl=1","width":1476,"height":1476,"caption":"innoticiasbo.com"},"image":{"@id":"https:\/\/innoticiasbo.com\/#\/schema\/logo\/image\/"},"sameAs":["https:\/\/www.facebook.com\/innoticiasbolivia","https:\/\/x.com\/innoticiasbo","https:\/\/www.instagram.com\/innoticiasbo","https:\/\/www.youtube.com\/innoticiasbo"]},{"@type":"Person","@id":"https:\/\/innoticiasbo.com\/#\/schema\/person\/0b28481e8d0316f83a13bc702311def5","name":"Prensa 11","image":{"@type":"ImageObject","inLanguage":"es","@id":"https:\/\/innoticiasbo.com\/#\/schema\/person\/image\/","url":"https:\/\/secure.gravatar.com\/avatar\/696560c17349f1807a610bf83832bad0?s=96&d=mm&r=g","contentUrl":"https:\/\/secure.gravatar.com\/avatar\/696560c17349f1807a610bf83832bad0?s=96&d=mm&r=g","caption":"Prensa 11"},"sameAs":["http:\/\/www.innoticiasbo.com"],"url":"https:\/\/innoticiasbo.com\/index.php\/author\/prensa-11\/"}]}},"jetpack_featured_media_url":"https:\/\/i0.wp.com\/innoticiasbo.com\/wp-content\/uploads\/2026\/03\/Screenshot-2026-03-17-131847.png?fit=518%2C292&ssl=1","jetpack_likes_enabled":true,"jetpack_sharing_enabled":true,"jetpack_shortlink":"https:\/\/wp.me\/pg298x-2xb","_links":{"self":[{"href":"https:\/\/innoticiasbo.com\/index.php\/wp-json\/wp\/v2\/posts\/9745","targetHints":{"allow":["GET"]}}],"collection":[{"href":"https:\/\/innoticiasbo.com\/index.php\/wp-json\/wp\/v2\/posts"}],"about":[{"href":"https:\/\/innoticiasbo.com\/index.php\/wp-json\/wp\/v2\/types\/post"}],"author":[{"embeddable":true,"href":"https:\/\/innoticiasbo.com\/index.php\/wp-json\/wp\/v2\/users\/11"}],"replies":[{"embeddable":true,"href":"https:\/\/innoticiasbo.com\/index.php\/wp-json\/wp\/v2\/comments?post=9745"}],"version-history":[{"count":1,"href":"https:\/\/innoticiasbo.com\/index.php\/wp-json\/wp\/v2\/posts\/9745\/revisions"}],"predecessor-version":[{"id":9747,"href":"https:\/\/innoticiasbo.com\/index.php\/wp-json\/wp\/v2\/posts\/9745\/revisions\/9747"}],"wp:featuredmedia":[{"embeddable":true,"href":"https:\/\/innoticiasbo.com\/index.php\/wp-json\/wp\/v2\/media\/9746"}],"wp:attachment":[{"href":"https:\/\/innoticiasbo.com\/index.php\/wp-json\/wp\/v2\/media?parent=9745"}],"wp:term":[{"taxonomy":"category","embeddable":true,"href":"https:\/\/innoticiasbo.com\/index.php\/wp-json\/wp\/v2\/categories?post=9745"},{"taxonomy":"post_tag","embeddable":true,"href":"https:\/\/innoticiasbo.com\/index.php\/wp-json\/wp\/v2\/tags?post=9745"}],"curies":[{"name":"wp","href":"https:\/\/api.w.org\/{rel}","templated":true}]}}