{"id":9739,"date":"2026-03-17T12:52:57","date_gmt":"2026-03-17T16:52:57","guid":{"rendered":"https:\/\/innoticiasbo.com\/?p=9739"},"modified":"2026-03-17T12:52:59","modified_gmt":"2026-03-17T16:52:59","slug":"para-tuto-evo-se-ve-acongojado-tras-la-captura-de-marset-insinua-que-pronto-sera-su-turno","status":"publish","type":"post","link":"https:\/\/innoticiasbo.com\/index.php\/2026\/03\/17\/para-tuto-evo-se-ve-acongojado-tras-la-captura-de-marset-insinua-que-pronto-sera-su-turno\/","title":{"rendered":"PARA TUTO, EVO SE VE \u2018ACONGOJADO\u2019 TRAS LA CAPTURA DE MARSET; INSIN\u00daA QUE PRONTO SER\u00c1 SU TURNO"},"content":{"rendered":"\n<figure class=\"wp-block-image size-full\"><img data-recalc-dims=\"1\" loading=\"lazy\" decoding=\"async\" width=\"640\" height=\"360\" src=\"https:\/\/i0.wp.com\/innoticiasbo.com\/wp-content\/uploads\/2026\/03\/image-209.png?resize=640%2C360&#038;ssl=1\" alt=\"\" class=\"wp-image-9740\" srcset=\"https:\/\/i0.wp.com\/innoticiasbo.com\/wp-content\/uploads\/2026\/03\/image-209.png?w=992&amp;ssl=1 992w, https:\/\/i0.wp.com\/innoticiasbo.com\/wp-content\/uploads\/2026\/03\/image-209.png?resize=300%2C169&amp;ssl=1 300w, https:\/\/i0.wp.com\/innoticiasbo.com\/wp-content\/uploads\/2026\/03\/image-209.png?resize=768%2C432&amp;ssl=1 768w\" sizes=\"auto, (max-width: 640px) 100vw, 640px\" \/><\/figure>\n\n\n\n<p><strong>Pa\u00eds, 17 de Marzo de 2026.-<\/strong> El l\u00edder del partido Libre, Jorge Tuto Quiroga, asever\u00f3 que Evo Morales se encuentra \u201cacongojado y compungido\u201d, tras la captura del narcotraficante Sebasti\u00e1n Marset.<\/p>\n\n\n\n<p>En entrevista con radio P\u00edo XII de la Red ERBOL, Quiroga respondi\u00f3 a declaraciones de Morales, quien denunci\u00f3 que la aprehensi\u00f3n de Marset era una traici\u00f3n del Gobierno hacia el uruguayo.<\/p>\n\n\n\n<p>Tuto acus\u00f3 a Morales de haber hecho de Bolivia un \u201csantuario para la criminalidad\u201d.<\/p>\n\n\n\n<p>Record\u00f3 la Ley 906, emitida durante el mandato de Evo y que legaliz\u00f3 la coca del Tr\u00f3pico de Cochabamba, y se\u00f1al\u00f3 que esa fue una \u201cinvitaci\u00f3n\u201d para organizaciones criminales como la de Marset, el PCC o el Comando Vermelho.<\/p>\n\n\n\n<p>Se\u00f1al\u00f3 que Morales est\u00e1 \u201cpreocupado\u201d por lo ocurrido recientemente, a nivel internacional, con la ca\u00edda de \u201cnarcos prominentes\u201d, entre los cuales mencion\u00f3 a Nicol\u00e1s Maduro, Nemesio Oseguera \u201cEl Mencho\u201d y Marset.<\/p>\n\n\n\n<p>\u201cEn enero Maduro con M cay\u00f3 en Venezuela. En febrero \u2018El Mencho\u2019 con M en M\u00e9xico fue victimado. En marzo en Bolivia, Marset. En abril con M, \u00bfqui\u00e9n ser\u00e1 con qui\u00e9n ser\u00e1 con M?\u201d, insinu\u00f3.<\/p>\n\n\n\n<p>Evo Morales actualmente se encuentra en el Tr\u00f3pico de Cochabamba resguardado por sus seguidores, puesto que tiene una orden de aprehensi\u00f3n en su contra por el delito de trata y tr\u00e1fico, que habr\u00eda cometido contra una adolescente cuando era presidente.&nbsp;&nbsp;<\/p>\n\n\n\n<p>Fuente: Opini\u00f3n<\/p>\n","protected":false},"excerpt":{"rendered":"<p>Pa\u00eds, 17 de Marzo de 2026.- El l\u00edder del partido Libre, Jorge Tuto Quiroga, asever\u00f3 que Evo Morales se encuentra \u201cacongojado y compungido\u201d, tras la captura del narcotraficante Sebasti\u00e1n Marset. En entrevista con radio P\u00edo XII de la Red ERBOL, Quiroga respondi\u00f3 a declaraciones de Morales, quien denunci\u00f3 que la aprehensi\u00f3n de Marset era una&#8230;<\/p>\n","protected":false},"author":11,"featured_media":9740,"comment_status":"open","ping_status":"open","sticky":false,"template":"","format":"standard","meta":{"_jetpack_memberships_contains_paid_content":false,"footnotes":"","jetpack_publicize_message":"","jetpack_publicize_feature_enabled":true,"jetpack_social_post_already_shared":true,"jetpack_social_options":{"image_generator_settings":{"template":"highway","enabled":false},"version":2}},"categories":[1,3],"tags":[7,1555,69,992,565,10,563,1019,393],"class_list":["post-9739","post","type-post","status-publish","format-standard","has-post-thumbnail","hentry","category-bolivia","category-politica","tag-bolivia","tag-captura","tag-evo-morales","tag-jorge-tuto-quiroga","tag-narcotrafico","tag-politica","tag-sebastian-marset","tag-tuto","tag-tuto-quiroga"],"jetpack_publicize_connections":[],"yoast_head":"<!-- This site is optimized with the Yoast SEO plugin v23.4 - https:\/\/yoast.com\/wordpress\/plugins\/seo\/ -->\n<title>PARA TUTO, EVO SE VE \u2018ACONGOJADO\u2019 TRAS LA CAPTURA DE MARSET; INSIN\u00daA QUE PRONTO SER\u00c1 SU TURNO - innoticiasbo.com<\/title>\n<meta name=\"robots\" content=\"index, follow, max-snippet:-1, max-image-preview:large, max-video-preview:-1\" \/>\n<link rel=\"canonical\" href=\"https:\/\/innoticiasbo.com\/index.php\/2026\/03\/17\/para-tuto-evo-se-ve-acongojado-tras-la-captura-de-marset-insinua-que-pronto-sera-su-turno\/\" \/>\n<meta property=\"og:locale\" content=\"es_ES\" \/>\n<meta property=\"og:type\" content=\"article\" \/>\n<meta property=\"og:title\" content=\"PARA TUTO, EVO SE VE \u2018ACONGOJADO\u2019 TRAS LA CAPTURA DE MARSET; INSIN\u00daA QUE PRONTO SER\u00c1 SU TURNO - innoticiasbo.com\" \/>\n<meta property=\"og:description\" content=\"Pa\u00eds, 17 de Marzo de 2026.- El l\u00edder del partido Libre, Jorge Tuto Quiroga, asever\u00f3 que Evo Morales se encuentra \u201cacongojado y compungido\u201d, tras la captura del narcotraficante Sebasti\u00e1n Marset. En entrevista con radio P\u00edo XII de la Red ERBOL, Quiroga respondi\u00f3 a declaraciones de Morales, quien denunci\u00f3 que la aprehensi\u00f3n de Marset era una...\" \/>\n<meta property=\"og:url\" content=\"https:\/\/innoticiasbo.com\/index.php\/2026\/03\/17\/para-tuto-evo-se-ve-acongojado-tras-la-captura-de-marset-insinua-que-pronto-sera-su-turno\/\" \/>\n<meta property=\"og:site_name\" content=\"innoticiasbo.com\" \/>\n<meta property=\"article:publisher\" content=\"https:\/\/www.facebook.com\/innoticiasbolivia\" \/>\n<meta property=\"article:published_time\" content=\"2026-03-17T16:52:57+00:00\" \/>\n<meta property=\"article:modified_time\" content=\"2026-03-17T16:52:59+00:00\" \/>\n<meta property=\"og:image\" content=\"https:\/\/innoticiasbo.com\/wp-content\/uploads\/2026\/03\/image-209.png\" \/>\n\t<meta property=\"og:image:width\" content=\"992\" \/>\n\t<meta property=\"og:image:height\" content=\"558\" \/>\n\t<meta property=\"og:image:type\" content=\"image\/png\" \/>\n<meta name=\"author\" content=\"Prensa 11\" \/>\n<meta name=\"twitter:card\" content=\"summary_large_image\" \/>\n<meta name=\"twitter:creator\" content=\"@innoticiasbo\" \/>\n<meta name=\"twitter:site\" content=\"@innoticiasbo\" \/>\n<meta name=\"twitter:label1\" content=\"Escrito por\" \/>\n\t<meta name=\"twitter:data1\" content=\"Prensa 11\" \/>\n\t<meta name=\"twitter:label2\" content=\"Tiempo de lectura\" \/>\n\t<meta name=\"twitter:data2\" content=\"2 minutos\" \/>\n<script type=\"application\/ld+json\" class=\"yoast-schema-graph\">{\"@context\":\"https:\/\/schema.org\",\"@graph\":[{\"@type\":\"Article\",\"@id\":\"https:\/\/innoticiasbo.com\/index.php\/2026\/03\/17\/para-tuto-evo-se-ve-acongojado-tras-la-captura-de-marset-insinua-que-pronto-sera-su-turno\/#article\",\"isPartOf\":{\"@id\":\"https:\/\/innoticiasbo.com\/index.php\/2026\/03\/17\/para-tuto-evo-se-ve-acongojado-tras-la-captura-de-marset-insinua-que-pronto-sera-su-turno\/\"},\"author\":{\"name\":\"Prensa 11\",\"@id\":\"https:\/\/innoticiasbo.com\/#\/schema\/person\/0b28481e8d0316f83a13bc702311def5\"},\"headline\":\"PARA TUTO, EVO SE VE \u2018ACONGOJADO\u2019 TRAS LA CAPTURA DE MARSET; INSIN\u00daA QUE PRONTO SER\u00c1 SU TURNO\",\"datePublished\":\"2026-03-17T16:52:57+00:00\",\"dateModified\":\"2026-03-17T16:52:59+00:00\",\"mainEntityOfPage\":{\"@id\":\"https:\/\/innoticiasbo.com\/index.php\/2026\/03\/17\/para-tuto-evo-se-ve-acongojado-tras-la-captura-de-marset-insinua-que-pronto-sera-su-turno\/\"},\"wordCount\":260,\"commentCount\":0,\"publisher\":{\"@id\":\"https:\/\/innoticiasbo.com\/#organization\"},\"image\":{\"@id\":\"https:\/\/innoticiasbo.com\/index.php\/2026\/03\/17\/para-tuto-evo-se-ve-acongojado-tras-la-captura-de-marset-insinua-que-pronto-sera-su-turno\/#primaryimage\"},\"thumbnailUrl\":\"https:\/\/i0.wp.com\/innoticiasbo.com\/wp-content\/uploads\/2026\/03\/image-209.png?fit=992%2C558&ssl=1\",\"keywords\":[\"Bolivia\",\"Captura\",\"Evo Morales\",\"Jorge Tuto Quiroga\",\"narcotr\u00e1fico\",\"Pol\u00edtica\",\"Sebasti\u00e1n Marset\",\"Tuto\",\"Tuto Quiroga\"],\"articleSection\":[\"Bolivia\",\"Pol\u00edtica\"],\"inLanguage\":\"es\",\"potentialAction\":[{\"@type\":\"CommentAction\",\"name\":\"Comment\",\"target\":[\"https:\/\/innoticiasbo.com\/index.php\/2026\/03\/17\/para-tuto-evo-se-ve-acongojado-tras-la-captura-de-marset-insinua-que-pronto-sera-su-turno\/#respond\"]}]},{\"@type\":\"WebPage\",\"@id\":\"https:\/\/innoticiasbo.com\/index.php\/2026\/03\/17\/para-tuto-evo-se-ve-acongojado-tras-la-captura-de-marset-insinua-que-pronto-sera-su-turno\/\",\"url\":\"https:\/\/innoticiasbo.com\/index.php\/2026\/03\/17\/para-tuto-evo-se-ve-acongojado-tras-la-captura-de-marset-insinua-que-pronto-sera-su-turno\/\",\"name\":\"PARA TUTO, EVO SE VE \u2018ACONGOJADO\u2019 TRAS LA CAPTURA DE MARSET; INSIN\u00daA QUE PRONTO SER\u00c1 SU TURNO - innoticiasbo.com\",\"isPartOf\":{\"@id\":\"https:\/\/innoticiasbo.com\/#website\"},\"primaryImageOfPage\":{\"@id\":\"https:\/\/innoticiasbo.com\/index.php\/2026\/03\/17\/para-tuto-evo-se-ve-acongojado-tras-la-captura-de-marset-insinua-que-pronto-sera-su-turno\/#primaryimage\"},\"image\":{\"@id\":\"https:\/\/innoticiasbo.com\/index.php\/2026\/03\/17\/para-tuto-evo-se-ve-acongojado-tras-la-captura-de-marset-insinua-que-pronto-sera-su-turno\/#primaryimage\"},\"thumbnailUrl\":\"https:\/\/i0.wp.com\/innoticiasbo.com\/wp-content\/uploads\/2026\/03\/image-209.png?fit=992%2C558&ssl=1\",\"datePublished\":\"2026-03-17T16:52:57+00:00\",\"dateModified\":\"2026-03-17T16:52:59+00:00\",\"breadcrumb\":{\"@id\":\"https:\/\/innoticiasbo.com\/index.php\/2026\/03\/17\/para-tuto-evo-se-ve-acongojado-tras-la-captura-de-marset-insinua-que-pronto-sera-su-turno\/#breadcrumb\"},\"inLanguage\":\"es\",\"potentialAction\":[{\"@type\":\"ReadAction\",\"target\":[\"https:\/\/innoticiasbo.com\/index.php\/2026\/03\/17\/para-tuto-evo-se-ve-acongojado-tras-la-captura-de-marset-insinua-que-pronto-sera-su-turno\/\"]}]},{\"@type\":\"ImageObject\",\"inLanguage\":\"es\",\"@id\":\"https:\/\/innoticiasbo.com\/index.php\/2026\/03\/17\/para-tuto-evo-se-ve-acongojado-tras-la-captura-de-marset-insinua-que-pronto-sera-su-turno\/#primaryimage\",\"url\":\"https:\/\/i0.wp.com\/innoticiasbo.com\/wp-content\/uploads\/2026\/03\/image-209.png?fit=992%2C558&ssl=1\",\"contentUrl\":\"https:\/\/i0.wp.com\/innoticiasbo.com\/wp-content\/uploads\/2026\/03\/image-209.png?fit=992%2C558&ssl=1\",\"width\":992,\"height\":558},{\"@type\":\"BreadcrumbList\",\"@id\":\"https:\/\/innoticiasbo.com\/index.php\/2026\/03\/17\/para-tuto-evo-se-ve-acongojado-tras-la-captura-de-marset-insinua-que-pronto-sera-su-turno\/#breadcrumb\",\"itemListElement\":[{\"@type\":\"ListItem\",\"position\":1,\"name\":\"Portada\",\"item\":\"https:\/\/innoticiasbo.com\/\"},{\"@type\":\"ListItem\",\"position\":2,\"name\":\"PARA TUTO, EVO SE VE \u2018ACONGOJADO\u2019 TRAS LA CAPTURA DE MARSET; INSIN\u00daA QUE PRONTO SER\u00c1 SU TURNO\"}]},{\"@type\":\"WebSite\",\"@id\":\"https:\/\/innoticiasbo.com\/#website\",\"url\":\"https:\/\/innoticiasbo.com\/\",\"name\":\"innoticiasbo.com\",\"description\":\"\",\"publisher\":{\"@id\":\"https:\/\/innoticiasbo.com\/#organization\"},\"potentialAction\":[{\"@type\":\"SearchAction\",\"target\":{\"@type\":\"EntryPoint\",\"urlTemplate\":\"https:\/\/innoticiasbo.com\/?s={search_term_string}\"},\"query-input\":{\"@type\":\"PropertyValueSpecification\",\"valueRequired\":true,\"valueName\":\"search_term_string\"}}],\"inLanguage\":\"es\"},{\"@type\":\"Organization\",\"@id\":\"https:\/\/innoticiasbo.com\/#organization\",\"name\":\"innoticiasbo.com\",\"url\":\"https:\/\/innoticiasbo.com\/\",\"logo\":{\"@type\":\"ImageObject\",\"inLanguage\":\"es\",\"@id\":\"https:\/\/innoticiasbo.com\/#\/schema\/logo\/image\/\",\"url\":\"https:\/\/i0.wp.com\/innoticiasbo.com\/wp-content\/uploads\/2026\/04\/cropped-IN-LOGO.png?fit=1476%2C1476&ssl=1\",\"contentUrl\":\"https:\/\/i0.wp.com\/innoticiasbo.com\/wp-content\/uploads\/2026\/04\/cropped-IN-LOGO.png?fit=1476%2C1476&ssl=1\",\"width\":1476,\"height\":1476,\"caption\":\"innoticiasbo.com\"},\"image\":{\"@id\":\"https:\/\/innoticiasbo.com\/#\/schema\/logo\/image\/\"},\"sameAs\":[\"https:\/\/www.facebook.com\/innoticiasbolivia\",\"https:\/\/x.com\/innoticiasbo\",\"https:\/\/www.instagram.com\/innoticiasbo\",\"https:\/\/www.youtube.com\/innoticiasbo\"]},{\"@type\":\"Person\",\"@id\":\"https:\/\/innoticiasbo.com\/#\/schema\/person\/0b28481e8d0316f83a13bc702311def5\",\"name\":\"Prensa 11\",\"image\":{\"@type\":\"ImageObject\",\"inLanguage\":\"es\",\"@id\":\"https:\/\/innoticiasbo.com\/#\/schema\/person\/image\/\",\"url\":\"https:\/\/secure.gravatar.com\/avatar\/696560c17349f1807a610bf83832bad0?s=96&d=mm&r=g\",\"contentUrl\":\"https:\/\/secure.gravatar.com\/avatar\/696560c17349f1807a610bf83832bad0?s=96&d=mm&r=g\",\"caption\":\"Prensa 11\"},\"sameAs\":[\"http:\/\/www.innoticiasbo.com\"],\"url\":\"https:\/\/innoticiasbo.com\/index.php\/author\/prensa-11\/\"}]}<\/script>\n<!-- \/ Yoast SEO plugin. -->","yoast_head_json":{"title":"PARA TUTO, EVO SE VE \u2018ACONGOJADO\u2019 TRAS LA CAPTURA DE MARSET; INSIN\u00daA QUE PRONTO SER\u00c1 SU TURNO - innoticiasbo.com","robots":{"index":"index","follow":"follow","max-snippet":"max-snippet:-1","max-image-preview":"max-image-preview:large","max-video-preview":"max-video-preview:-1"},"canonical":"https:\/\/innoticiasbo.com\/index.php\/2026\/03\/17\/para-tuto-evo-se-ve-acongojado-tras-la-captura-de-marset-insinua-que-pronto-sera-su-turno\/","og_locale":"es_ES","og_type":"article","og_title":"PARA TUTO, EVO SE VE \u2018ACONGOJADO\u2019 TRAS LA CAPTURA DE MARSET; INSIN\u00daA QUE PRONTO SER\u00c1 SU TURNO - innoticiasbo.com","og_description":"Pa\u00eds, 17 de Marzo de 2026.- El l\u00edder del partido Libre, Jorge Tuto Quiroga, asever\u00f3 que Evo Morales se encuentra \u201cacongojado y compungido\u201d, tras la captura del narcotraficante Sebasti\u00e1n Marset. En entrevista con radio P\u00edo XII de la Red ERBOL, Quiroga respondi\u00f3 a declaraciones de Morales, quien denunci\u00f3 que la aprehensi\u00f3n de Marset era una...","og_url":"https:\/\/innoticiasbo.com\/index.php\/2026\/03\/17\/para-tuto-evo-se-ve-acongojado-tras-la-captura-de-marset-insinua-que-pronto-sera-su-turno\/","og_site_name":"innoticiasbo.com","article_publisher":"https:\/\/www.facebook.com\/innoticiasbolivia","article_published_time":"2026-03-17T16:52:57+00:00","article_modified_time":"2026-03-17T16:52:59+00:00","og_image":[{"width":992,"height":558,"url":"https:\/\/innoticiasbo.com\/wp-content\/uploads\/2026\/03\/image-209.png","type":"image\/png"}],"author":"Prensa 11","twitter_card":"summary_large_image","twitter_creator":"@innoticiasbo","twitter_site":"@innoticiasbo","twitter_misc":{"Escrito por":"Prensa 11","Tiempo de lectura":"2 minutos"},"schema":{"@context":"https:\/\/schema.org","@graph":[{"@type":"Article","@id":"https:\/\/innoticiasbo.com\/index.php\/2026\/03\/17\/para-tuto-evo-se-ve-acongojado-tras-la-captura-de-marset-insinua-que-pronto-sera-su-turno\/#article","isPartOf":{"@id":"https:\/\/innoticiasbo.com\/index.php\/2026\/03\/17\/para-tuto-evo-se-ve-acongojado-tras-la-captura-de-marset-insinua-que-pronto-sera-su-turno\/"},"author":{"name":"Prensa 11","@id":"https:\/\/innoticiasbo.com\/#\/schema\/person\/0b28481e8d0316f83a13bc702311def5"},"headline":"PARA TUTO, EVO SE VE \u2018ACONGOJADO\u2019 TRAS LA CAPTURA DE MARSET; INSIN\u00daA QUE PRONTO SER\u00c1 SU TURNO","datePublished":"2026-03-17T16:52:57+00:00","dateModified":"2026-03-17T16:52:59+00:00","mainEntityOfPage":{"@id":"https:\/\/innoticiasbo.com\/index.php\/2026\/03\/17\/para-tuto-evo-se-ve-acongojado-tras-la-captura-de-marset-insinua-que-pronto-sera-su-turno\/"},"wordCount":260,"commentCount":0,"publisher":{"@id":"https:\/\/innoticiasbo.com\/#organization"},"image":{"@id":"https:\/\/innoticiasbo.com\/index.php\/2026\/03\/17\/para-tuto-evo-se-ve-acongojado-tras-la-captura-de-marset-insinua-que-pronto-sera-su-turno\/#primaryimage"},"thumbnailUrl":"https:\/\/i0.wp.com\/innoticiasbo.com\/wp-content\/uploads\/2026\/03\/image-209.png?fit=992%2C558&ssl=1","keywords":["Bolivia","Captura","Evo Morales","Jorge Tuto Quiroga","narcotr\u00e1fico","Pol\u00edtica","Sebasti\u00e1n Marset","Tuto","Tuto Quiroga"],"articleSection":["Bolivia","Pol\u00edtica"],"inLanguage":"es","potentialAction":[{"@type":"CommentAction","name":"Comment","target":["https:\/\/innoticiasbo.com\/index.php\/2026\/03\/17\/para-tuto-evo-se-ve-acongojado-tras-la-captura-de-marset-insinua-que-pronto-sera-su-turno\/#respond"]}]},{"@type":"WebPage","@id":"https:\/\/innoticiasbo.com\/index.php\/2026\/03\/17\/para-tuto-evo-se-ve-acongojado-tras-la-captura-de-marset-insinua-que-pronto-sera-su-turno\/","url":"https:\/\/innoticiasbo.com\/index.php\/2026\/03\/17\/para-tuto-evo-se-ve-acongojado-tras-la-captura-de-marset-insinua-que-pronto-sera-su-turno\/","name":"PARA TUTO, EVO SE VE \u2018ACONGOJADO\u2019 TRAS LA CAPTURA DE MARSET; INSIN\u00daA QUE PRONTO SER\u00c1 SU TURNO - innoticiasbo.com","isPartOf":{"@id":"https:\/\/innoticiasbo.com\/#website"},"primaryImageOfPage":{"@id":"https:\/\/innoticiasbo.com\/index.php\/2026\/03\/17\/para-tuto-evo-se-ve-acongojado-tras-la-captura-de-marset-insinua-que-pronto-sera-su-turno\/#primaryimage"},"image":{"@id":"https:\/\/innoticiasbo.com\/index.php\/2026\/03\/17\/para-tuto-evo-se-ve-acongojado-tras-la-captura-de-marset-insinua-que-pronto-sera-su-turno\/#primaryimage"},"thumbnailUrl":"https:\/\/i0.wp.com\/innoticiasbo.com\/wp-content\/uploads\/2026\/03\/image-209.png?fit=992%2C558&ssl=1","datePublished":"2026-03-17T16:52:57+00:00","dateModified":"2026-03-17T16:52:59+00:00","breadcrumb":{"@id":"https:\/\/innoticiasbo.com\/index.php\/2026\/03\/17\/para-tuto-evo-se-ve-acongojado-tras-la-captura-de-marset-insinua-que-pronto-sera-su-turno\/#breadcrumb"},"inLanguage":"es","potentialAction":[{"@type":"ReadAction","target":["https:\/\/innoticiasbo.com\/index.php\/2026\/03\/17\/para-tuto-evo-se-ve-acongojado-tras-la-captura-de-marset-insinua-que-pronto-sera-su-turno\/"]}]},{"@type":"ImageObject","inLanguage":"es","@id":"https:\/\/innoticiasbo.com\/index.php\/2026\/03\/17\/para-tuto-evo-se-ve-acongojado-tras-la-captura-de-marset-insinua-que-pronto-sera-su-turno\/#primaryimage","url":"https:\/\/i0.wp.com\/innoticiasbo.com\/wp-content\/uploads\/2026\/03\/image-209.png?fit=992%2C558&ssl=1","contentUrl":"https:\/\/i0.wp.com\/innoticiasbo.com\/wp-content\/uploads\/2026\/03\/image-209.png?fit=992%2C558&ssl=1","width":992,"height":558},{"@type":"BreadcrumbList","@id":"https:\/\/innoticiasbo.com\/index.php\/2026\/03\/17\/para-tuto-evo-se-ve-acongojado-tras-la-captura-de-marset-insinua-que-pronto-sera-su-turno\/#breadcrumb","itemListElement":[{"@type":"ListItem","position":1,"name":"Portada","item":"https:\/\/innoticiasbo.com\/"},{"@type":"ListItem","position":2,"name":"PARA TUTO, EVO SE VE \u2018ACONGOJADO\u2019 TRAS LA CAPTURA DE MARSET; INSIN\u00daA QUE PRONTO SER\u00c1 SU TURNO"}]},{"@type":"WebSite","@id":"https:\/\/innoticiasbo.com\/#website","url":"https:\/\/innoticiasbo.com\/","name":"innoticiasbo.com","description":"","publisher":{"@id":"https:\/\/innoticiasbo.com\/#organization"},"potentialAction":[{"@type":"SearchAction","target":{"@type":"EntryPoint","urlTemplate":"https:\/\/innoticiasbo.com\/?s={search_term_string}"},"query-input":{"@type":"PropertyValueSpecification","valueRequired":true,"valueName":"search_term_string"}}],"inLanguage":"es"},{"@type":"Organization","@id":"https:\/\/innoticiasbo.com\/#organization","name":"innoticiasbo.com","url":"https:\/\/innoticiasbo.com\/","logo":{"@type":"ImageObject","inLanguage":"es","@id":"https:\/\/innoticiasbo.com\/#\/schema\/logo\/image\/","url":"https:\/\/i0.wp.com\/innoticiasbo.com\/wp-content\/uploads\/2026\/04\/cropped-IN-LOGO.png?fit=1476%2C1476&ssl=1","contentUrl":"https:\/\/i0.wp.com\/innoticiasbo.com\/wp-content\/uploads\/2026\/04\/cropped-IN-LOGO.png?fit=1476%2C1476&ssl=1","width":1476,"height":1476,"caption":"innoticiasbo.com"},"image":{"@id":"https:\/\/innoticiasbo.com\/#\/schema\/logo\/image\/"},"sameAs":["https:\/\/www.facebook.com\/innoticiasbolivia","https:\/\/x.com\/innoticiasbo","https:\/\/www.instagram.com\/innoticiasbo","https:\/\/www.youtube.com\/innoticiasbo"]},{"@type":"Person","@id":"https:\/\/innoticiasbo.com\/#\/schema\/person\/0b28481e8d0316f83a13bc702311def5","name":"Prensa 11","image":{"@type":"ImageObject","inLanguage":"es","@id":"https:\/\/innoticiasbo.com\/#\/schema\/person\/image\/","url":"https:\/\/secure.gravatar.com\/avatar\/696560c17349f1807a610bf83832bad0?s=96&d=mm&r=g","contentUrl":"https:\/\/secure.gravatar.com\/avatar\/696560c17349f1807a610bf83832bad0?s=96&d=mm&r=g","caption":"Prensa 11"},"sameAs":["http:\/\/www.innoticiasbo.com"],"url":"https:\/\/innoticiasbo.com\/index.php\/author\/prensa-11\/"}]}},"jetpack_featured_media_url":"https:\/\/i0.wp.com\/innoticiasbo.com\/wp-content\/uploads\/2026\/03\/image-209.png?fit=992%2C558&ssl=1","jetpack_likes_enabled":true,"jetpack_sharing_enabled":true,"jetpack_shortlink":"https:\/\/wp.me\/pg298x-2x5","_links":{"self":[{"href":"https:\/\/innoticiasbo.com\/index.php\/wp-json\/wp\/v2\/posts\/9739","targetHints":{"allow":["GET"]}}],"collection":[{"href":"https:\/\/innoticiasbo.com\/index.php\/wp-json\/wp\/v2\/posts"}],"about":[{"href":"https:\/\/innoticiasbo.com\/index.php\/wp-json\/wp\/v2\/types\/post"}],"author":[{"embeddable":true,"href":"https:\/\/innoticiasbo.com\/index.php\/wp-json\/wp\/v2\/users\/11"}],"replies":[{"embeddable":true,"href":"https:\/\/innoticiasbo.com\/index.php\/wp-json\/wp\/v2\/comments?post=9739"}],"version-history":[{"count":1,"href":"https:\/\/innoticiasbo.com\/index.php\/wp-json\/wp\/v2\/posts\/9739\/revisions"}],"predecessor-version":[{"id":9741,"href":"https:\/\/innoticiasbo.com\/index.php\/wp-json\/wp\/v2\/posts\/9739\/revisions\/9741"}],"wp:featuredmedia":[{"embeddable":true,"href":"https:\/\/innoticiasbo.com\/index.php\/wp-json\/wp\/v2\/media\/9740"}],"wp:attachment":[{"href":"https:\/\/innoticiasbo.com\/index.php\/wp-json\/wp\/v2\/media?parent=9739"}],"wp:term":[{"taxonomy":"category","embeddable":true,"href":"https:\/\/innoticiasbo.com\/index.php\/wp-json\/wp\/v2\/categories?post=9739"},{"taxonomy":"post_tag","embeddable":true,"href":"https:\/\/innoticiasbo.com\/index.php\/wp-json\/wp\/v2\/tags?post=9739"}],"curies":[{"name":"wp","href":"https:\/\/api.w.org\/{rel}","templated":true}]}}