{"id":9732,"date":"2026-03-17T11:46:56","date_gmt":"2026-03-17T15:46:56","guid":{"rendered":"https:\/\/innoticiasbo.com\/?p=9732"},"modified":"2026-03-17T11:46:58","modified_gmt":"2026-03-17T15:46:58","slug":"reyes-villa-lamenta-ataque-y-pide-investigacion-ojala-no-sea-un-autoatentado","status":"publish","type":"post","link":"https:\/\/innoticiasbo.com\/index.php\/2026\/03\/17\/reyes-villa-lamenta-ataque-y-pide-investigacion-ojala-no-sea-un-autoatentado\/","title":{"rendered":"REYES VILLA LAMENTA ATAQUE Y PIDE INVESTIGACI\u00d3N: \u201cOJAL\u00c1 NO SEA UN AUTOATENTADO\u201d"},"content":{"rendered":"\n<figure class=\"wp-block-video\"><video controls src=\"https:\/\/innoticiasbo.com\/wp-content\/uploads\/2026\/03\/AQNW4TXPWVOpM0IEjrkmcSX0coJi2cLGDETQfj2VTTrRtaCi-A8Am00X4LV_0mXRpbtdSA2QhzQ7edAEYYFac4RLi-4unKIuv_OdIkt8XbGLwg.mp4\"><\/video><\/figure>\n\n\n\n<p><strong>Cochabamba, 17 de Marzo de 2026.-<\/strong> El alcalde y candidato Manfred Reyes Villa se refiri\u00f3 a los recientes hechos de vandalismo denunciados en la vivienda del candidato a la alcald\u00eda por \u201cAlianza Patria, Ram\u00f3n Daza, generando pol\u00e9mica en el contexto de la recta final del proceso electoral. La autoridad cuestion\u00f3 lo ocurrido y pidi\u00f3 que se investigue a fondo para esclarecer responsabilidades.<\/p>\n\n\n\n<p>\u201cMuy mal si es que es evidente, realmente yo no s\u00e9 qui\u00e9n puede estar detr\u00e1s de este tipo de actividades delincuenciales, dir\u00eda yo, pero ojal\u00e1 que no sea un autoatentado, \u00bfno? Faltan dos d\u00edas para una elecci\u00f3n que haya esto, o sea, usted sabe, es com\u00fan eso en candidatos que quieren crecer, que se quieren victimizar y ojal\u00e1 que no sea eso. Y si han filmado, tienen que dar con los autores\u201d, se\u00f1al\u00f3.<\/p>\n\n\n\n<p>Por su parte, Ram\u00f3n Daza sent\u00f3 denuncia ante la FELCC y pidi\u00f3 garant\u00edas para la seguridad de su familia.<\/p>\n","protected":false},"excerpt":{"rendered":"<p>Cochabamba, 17 de Marzo de 2026.- El alcalde y candidato Manfred Reyes Villa se refiri\u00f3 a los recientes hechos de vandalismo denunciados en la vivienda del candidato a la alcald\u00eda por \u201cAlianza Patria, Ram\u00f3n Daza, generando pol\u00e9mica en el contexto de la recta final del proceso electoral. La autoridad cuestion\u00f3 lo ocurrido y pidi\u00f3 que&#8230;<\/p>\n","protected":false},"author":11,"featured_media":9734,"comment_status":"open","ping_status":"open","sticky":false,"template":"","format":"standard","meta":{"_jetpack_memberships_contains_paid_content":false,"footnotes":"","jetpack_publicize_message":"","jetpack_publicize_feature_enabled":true,"jetpack_social_post_already_shared":true,"jetpack_social_options":{"image_generator_settings":{"template":"highway","enabled":false},"version":2}},"categories":[2,3],"tags":[1553,6,1244,1106,1290,31,10,1552,1011,1256],"class_list":["post-9732","post","type-post","status-publish","format-standard","has-post-thumbnail","hentry","category-cochabamba","category-politica","tag-autoatentando","tag-cochabamba","tag-elecciones-2026","tag-elecciones-subnacionales","tag-felcc","tag-manfred-reyes-villa","tag-politica","tag-ramon-daza-2","tag-subnacionales","tag-subnacionales-2026"],"jetpack_publicize_connections":[],"yoast_head":"<!-- This site is optimized with the Yoast SEO plugin v23.4 - https:\/\/yoast.com\/wordpress\/plugins\/seo\/ -->\n<title>REYES VILLA LAMENTA ATAQUE Y PIDE INVESTIGACI\u00d3N: \u201cOJAL\u00c1 NO SEA UN AUTOATENTADO\u201d - innoticiasbo.com<\/title>\n<meta name=\"robots\" content=\"index, follow, max-snippet:-1, max-image-preview:large, max-video-preview:-1\" \/>\n<link rel=\"canonical\" href=\"https:\/\/innoticiasbo.com\/index.php\/2026\/03\/17\/reyes-villa-lamenta-ataque-y-pide-investigacion-ojala-no-sea-un-autoatentado\/\" \/>\n<meta property=\"og:locale\" content=\"es_ES\" \/>\n<meta property=\"og:type\" content=\"article\" \/>\n<meta property=\"og:title\" content=\"REYES VILLA LAMENTA ATAQUE Y PIDE INVESTIGACI\u00d3N: \u201cOJAL\u00c1 NO SEA UN AUTOATENTADO\u201d - innoticiasbo.com\" \/>\n<meta property=\"og:description\" content=\"Cochabamba, 17 de Marzo de 2026.- El alcalde y candidato Manfred Reyes Villa se refiri\u00f3 a los recientes hechos de vandalismo denunciados en la vivienda del candidato a la alcald\u00eda por \u201cAlianza Patria, Ram\u00f3n Daza, generando pol\u00e9mica en el contexto de la recta final del proceso electoral. La autoridad cuestion\u00f3 lo ocurrido y pidi\u00f3 que...\" \/>\n<meta property=\"og:url\" content=\"https:\/\/innoticiasbo.com\/index.php\/2026\/03\/17\/reyes-villa-lamenta-ataque-y-pide-investigacion-ojala-no-sea-un-autoatentado\/\" \/>\n<meta property=\"og:site_name\" content=\"innoticiasbo.com\" \/>\n<meta property=\"article:publisher\" content=\"https:\/\/www.facebook.com\/innoticiasbolivia\" \/>\n<meta property=\"article:published_time\" content=\"2026-03-17T15:46:56+00:00\" \/>\n<meta property=\"article:modified_time\" content=\"2026-03-17T15:46:58+00:00\" \/>\n<meta property=\"og:image\" content=\"https:\/\/innoticiasbo.com\/wp-content\/uploads\/2026\/03\/Screenshot-2026-03-17-114207.png\" \/>\n\t<meta property=\"og:image:width\" content=\"1327\" \/>\n\t<meta property=\"og:image:height\" content=\"646\" \/>\n\t<meta property=\"og:image:type\" content=\"image\/png\" \/>\n<meta name=\"author\" content=\"Prensa 11\" \/>\n<meta name=\"twitter:card\" content=\"summary_large_image\" \/>\n<meta name=\"twitter:creator\" content=\"@innoticiasbo\" \/>\n<meta name=\"twitter:site\" content=\"@innoticiasbo\" \/>\n<meta name=\"twitter:label1\" content=\"Escrito por\" \/>\n\t<meta name=\"twitter:data1\" content=\"Prensa 11\" \/>\n\t<meta name=\"twitter:label2\" content=\"Tiempo de lectura\" \/>\n\t<meta name=\"twitter:data2\" content=\"1 minuto\" \/>\n<script type=\"application\/ld+json\" class=\"yoast-schema-graph\">{\"@context\":\"https:\/\/schema.org\",\"@graph\":[{\"@type\":\"Article\",\"@id\":\"https:\/\/innoticiasbo.com\/index.php\/2026\/03\/17\/reyes-villa-lamenta-ataque-y-pide-investigacion-ojala-no-sea-un-autoatentado\/#article\",\"isPartOf\":{\"@id\":\"https:\/\/innoticiasbo.com\/index.php\/2026\/03\/17\/reyes-villa-lamenta-ataque-y-pide-investigacion-ojala-no-sea-un-autoatentado\/\"},\"author\":{\"name\":\"Prensa 11\",\"@id\":\"https:\/\/innoticiasbo.com\/#\/schema\/person\/0b28481e8d0316f83a13bc702311def5\"},\"headline\":\"REYES VILLA LAMENTA ATAQUE Y PIDE INVESTIGACI\u00d3N: \u201cOJAL\u00c1 NO SEA UN AUTOATENTADO\u201d\",\"datePublished\":\"2026-03-17T15:46:56+00:00\",\"dateModified\":\"2026-03-17T15:46:58+00:00\",\"mainEntityOfPage\":{\"@id\":\"https:\/\/innoticiasbo.com\/index.php\/2026\/03\/17\/reyes-villa-lamenta-ataque-y-pide-investigacion-ojala-no-sea-un-autoatentado\/\"},\"wordCount\":178,\"commentCount\":0,\"publisher\":{\"@id\":\"https:\/\/innoticiasbo.com\/#organization\"},\"image\":{\"@id\":\"https:\/\/innoticiasbo.com\/index.php\/2026\/03\/17\/reyes-villa-lamenta-ataque-y-pide-investigacion-ojala-no-sea-un-autoatentado\/#primaryimage\"},\"thumbnailUrl\":\"https:\/\/i0.wp.com\/innoticiasbo.com\/wp-content\/uploads\/2026\/03\/Screenshot-2026-03-17-114207.png?fit=1327%2C646&ssl=1\",\"keywords\":[\"Autoatentando\",\"Cochabamba\",\"Elecciones 2026\",\"elecciones subnacionales\",\"FELCC\",\"Manfred Reyes Villa\",\"Pol\u00edtica\",\"Ram\u00f3n Daza\",\"subnacionales\",\"Subnacionales 2026\"],\"articleSection\":[\"Cochabamba\",\"Pol\u00edtica\"],\"inLanguage\":\"es\",\"potentialAction\":[{\"@type\":\"CommentAction\",\"name\":\"Comment\",\"target\":[\"https:\/\/innoticiasbo.com\/index.php\/2026\/03\/17\/reyes-villa-lamenta-ataque-y-pide-investigacion-ojala-no-sea-un-autoatentado\/#respond\"]}]},{\"@type\":\"WebPage\",\"@id\":\"https:\/\/innoticiasbo.com\/index.php\/2026\/03\/17\/reyes-villa-lamenta-ataque-y-pide-investigacion-ojala-no-sea-un-autoatentado\/\",\"url\":\"https:\/\/innoticiasbo.com\/index.php\/2026\/03\/17\/reyes-villa-lamenta-ataque-y-pide-investigacion-ojala-no-sea-un-autoatentado\/\",\"name\":\"REYES VILLA LAMENTA ATAQUE Y PIDE INVESTIGACI\u00d3N: \u201cOJAL\u00c1 NO SEA UN AUTOATENTADO\u201d - innoticiasbo.com\",\"isPartOf\":{\"@id\":\"https:\/\/innoticiasbo.com\/#website\"},\"primaryImageOfPage\":{\"@id\":\"https:\/\/innoticiasbo.com\/index.php\/2026\/03\/17\/reyes-villa-lamenta-ataque-y-pide-investigacion-ojala-no-sea-un-autoatentado\/#primaryimage\"},\"image\":{\"@id\":\"https:\/\/innoticiasbo.com\/index.php\/2026\/03\/17\/reyes-villa-lamenta-ataque-y-pide-investigacion-ojala-no-sea-un-autoatentado\/#primaryimage\"},\"thumbnailUrl\":\"https:\/\/i0.wp.com\/innoticiasbo.com\/wp-content\/uploads\/2026\/03\/Screenshot-2026-03-17-114207.png?fit=1327%2C646&ssl=1\",\"datePublished\":\"2026-03-17T15:46:56+00:00\",\"dateModified\":\"2026-03-17T15:46:58+00:00\",\"breadcrumb\":{\"@id\":\"https:\/\/innoticiasbo.com\/index.php\/2026\/03\/17\/reyes-villa-lamenta-ataque-y-pide-investigacion-ojala-no-sea-un-autoatentado\/#breadcrumb\"},\"inLanguage\":\"es\",\"potentialAction\":[{\"@type\":\"ReadAction\",\"target\":[\"https:\/\/innoticiasbo.com\/index.php\/2026\/03\/17\/reyes-villa-lamenta-ataque-y-pide-investigacion-ojala-no-sea-un-autoatentado\/\"]}]},{\"@type\":\"ImageObject\",\"inLanguage\":\"es\",\"@id\":\"https:\/\/innoticiasbo.com\/index.php\/2026\/03\/17\/reyes-villa-lamenta-ataque-y-pide-investigacion-ojala-no-sea-un-autoatentado\/#primaryimage\",\"url\":\"https:\/\/i0.wp.com\/innoticiasbo.com\/wp-content\/uploads\/2026\/03\/Screenshot-2026-03-17-114207.png?fit=1327%2C646&ssl=1\",\"contentUrl\":\"https:\/\/i0.wp.com\/innoticiasbo.com\/wp-content\/uploads\/2026\/03\/Screenshot-2026-03-17-114207.png?fit=1327%2C646&ssl=1\",\"width\":1327,\"height\":646},{\"@type\":\"BreadcrumbList\",\"@id\":\"https:\/\/innoticiasbo.com\/index.php\/2026\/03\/17\/reyes-villa-lamenta-ataque-y-pide-investigacion-ojala-no-sea-un-autoatentado\/#breadcrumb\",\"itemListElement\":[{\"@type\":\"ListItem\",\"position\":1,\"name\":\"Portada\",\"item\":\"https:\/\/innoticiasbo.com\/\"},{\"@type\":\"ListItem\",\"position\":2,\"name\":\"REYES VILLA LAMENTA ATAQUE Y PIDE INVESTIGACI\u00d3N: \u201cOJAL\u00c1 NO SEA UN AUTOATENTADO\u201d\"}]},{\"@type\":\"WebSite\",\"@id\":\"https:\/\/innoticiasbo.com\/#website\",\"url\":\"https:\/\/innoticiasbo.com\/\",\"name\":\"innoticiasbo.com\",\"description\":\"\",\"publisher\":{\"@id\":\"https:\/\/innoticiasbo.com\/#organization\"},\"potentialAction\":[{\"@type\":\"SearchAction\",\"target\":{\"@type\":\"EntryPoint\",\"urlTemplate\":\"https:\/\/innoticiasbo.com\/?s={search_term_string}\"},\"query-input\":{\"@type\":\"PropertyValueSpecification\",\"valueRequired\":true,\"valueName\":\"search_term_string\"}}],\"inLanguage\":\"es\"},{\"@type\":\"Organization\",\"@id\":\"https:\/\/innoticiasbo.com\/#organization\",\"name\":\"innoticiasbo.com\",\"url\":\"https:\/\/innoticiasbo.com\/\",\"logo\":{\"@type\":\"ImageObject\",\"inLanguage\":\"es\",\"@id\":\"https:\/\/innoticiasbo.com\/#\/schema\/logo\/image\/\",\"url\":\"https:\/\/i0.wp.com\/innoticiasbo.com\/wp-content\/uploads\/2026\/04\/cropped-IN-LOGO.png?fit=1476%2C1476&ssl=1\",\"contentUrl\":\"https:\/\/i0.wp.com\/innoticiasbo.com\/wp-content\/uploads\/2026\/04\/cropped-IN-LOGO.png?fit=1476%2C1476&ssl=1\",\"width\":1476,\"height\":1476,\"caption\":\"innoticiasbo.com\"},\"image\":{\"@id\":\"https:\/\/innoticiasbo.com\/#\/schema\/logo\/image\/\"},\"sameAs\":[\"https:\/\/www.facebook.com\/innoticiasbolivia\",\"https:\/\/x.com\/innoticiasbo\",\"https:\/\/www.instagram.com\/innoticiasbo\",\"https:\/\/www.youtube.com\/innoticiasbo\"]},{\"@type\":\"Person\",\"@id\":\"https:\/\/innoticiasbo.com\/#\/schema\/person\/0b28481e8d0316f83a13bc702311def5\",\"name\":\"Prensa 11\",\"image\":{\"@type\":\"ImageObject\",\"inLanguage\":\"es\",\"@id\":\"https:\/\/innoticiasbo.com\/#\/schema\/person\/image\/\",\"url\":\"https:\/\/secure.gravatar.com\/avatar\/696560c17349f1807a610bf83832bad0?s=96&d=mm&r=g\",\"contentUrl\":\"https:\/\/secure.gravatar.com\/avatar\/696560c17349f1807a610bf83832bad0?s=96&d=mm&r=g\",\"caption\":\"Prensa 11\"},\"sameAs\":[\"http:\/\/www.innoticiasbo.com\"],\"url\":\"https:\/\/innoticiasbo.com\/index.php\/author\/prensa-11\/\"}]}<\/script>\n<!-- \/ Yoast SEO plugin. -->","yoast_head_json":{"title":"REYES VILLA LAMENTA ATAQUE Y PIDE INVESTIGACI\u00d3N: \u201cOJAL\u00c1 NO SEA UN AUTOATENTADO\u201d - innoticiasbo.com","robots":{"index":"index","follow":"follow","max-snippet":"max-snippet:-1","max-image-preview":"max-image-preview:large","max-video-preview":"max-video-preview:-1"},"canonical":"https:\/\/innoticiasbo.com\/index.php\/2026\/03\/17\/reyes-villa-lamenta-ataque-y-pide-investigacion-ojala-no-sea-un-autoatentado\/","og_locale":"es_ES","og_type":"article","og_title":"REYES VILLA LAMENTA ATAQUE Y PIDE INVESTIGACI\u00d3N: \u201cOJAL\u00c1 NO SEA UN AUTOATENTADO\u201d - innoticiasbo.com","og_description":"Cochabamba, 17 de Marzo de 2026.- El alcalde y candidato Manfred Reyes Villa se refiri\u00f3 a los recientes hechos de vandalismo denunciados en la vivienda del candidato a la alcald\u00eda por \u201cAlianza Patria, Ram\u00f3n Daza, generando pol\u00e9mica en el contexto de la recta final del proceso electoral. La autoridad cuestion\u00f3 lo ocurrido y pidi\u00f3 que...","og_url":"https:\/\/innoticiasbo.com\/index.php\/2026\/03\/17\/reyes-villa-lamenta-ataque-y-pide-investigacion-ojala-no-sea-un-autoatentado\/","og_site_name":"innoticiasbo.com","article_publisher":"https:\/\/www.facebook.com\/innoticiasbolivia","article_published_time":"2026-03-17T15:46:56+00:00","article_modified_time":"2026-03-17T15:46:58+00:00","og_image":[{"width":1327,"height":646,"url":"https:\/\/innoticiasbo.com\/wp-content\/uploads\/2026\/03\/Screenshot-2026-03-17-114207.png","type":"image\/png"}],"author":"Prensa 11","twitter_card":"summary_large_image","twitter_creator":"@innoticiasbo","twitter_site":"@innoticiasbo","twitter_misc":{"Escrito por":"Prensa 11","Tiempo de lectura":"1 minuto"},"schema":{"@context":"https:\/\/schema.org","@graph":[{"@type":"Article","@id":"https:\/\/innoticiasbo.com\/index.php\/2026\/03\/17\/reyes-villa-lamenta-ataque-y-pide-investigacion-ojala-no-sea-un-autoatentado\/#article","isPartOf":{"@id":"https:\/\/innoticiasbo.com\/index.php\/2026\/03\/17\/reyes-villa-lamenta-ataque-y-pide-investigacion-ojala-no-sea-un-autoatentado\/"},"author":{"name":"Prensa 11","@id":"https:\/\/innoticiasbo.com\/#\/schema\/person\/0b28481e8d0316f83a13bc702311def5"},"headline":"REYES VILLA LAMENTA ATAQUE Y PIDE INVESTIGACI\u00d3N: \u201cOJAL\u00c1 NO SEA UN AUTOATENTADO\u201d","datePublished":"2026-03-17T15:46:56+00:00","dateModified":"2026-03-17T15:46:58+00:00","mainEntityOfPage":{"@id":"https:\/\/innoticiasbo.com\/index.php\/2026\/03\/17\/reyes-villa-lamenta-ataque-y-pide-investigacion-ojala-no-sea-un-autoatentado\/"},"wordCount":178,"commentCount":0,"publisher":{"@id":"https:\/\/innoticiasbo.com\/#organization"},"image":{"@id":"https:\/\/innoticiasbo.com\/index.php\/2026\/03\/17\/reyes-villa-lamenta-ataque-y-pide-investigacion-ojala-no-sea-un-autoatentado\/#primaryimage"},"thumbnailUrl":"https:\/\/i0.wp.com\/innoticiasbo.com\/wp-content\/uploads\/2026\/03\/Screenshot-2026-03-17-114207.png?fit=1327%2C646&ssl=1","keywords":["Autoatentando","Cochabamba","Elecciones 2026","elecciones subnacionales","FELCC","Manfred Reyes Villa","Pol\u00edtica","Ram\u00f3n Daza","subnacionales","Subnacionales 2026"],"articleSection":["Cochabamba","Pol\u00edtica"],"inLanguage":"es","potentialAction":[{"@type":"CommentAction","name":"Comment","target":["https:\/\/innoticiasbo.com\/index.php\/2026\/03\/17\/reyes-villa-lamenta-ataque-y-pide-investigacion-ojala-no-sea-un-autoatentado\/#respond"]}]},{"@type":"WebPage","@id":"https:\/\/innoticiasbo.com\/index.php\/2026\/03\/17\/reyes-villa-lamenta-ataque-y-pide-investigacion-ojala-no-sea-un-autoatentado\/","url":"https:\/\/innoticiasbo.com\/index.php\/2026\/03\/17\/reyes-villa-lamenta-ataque-y-pide-investigacion-ojala-no-sea-un-autoatentado\/","name":"REYES VILLA LAMENTA ATAQUE Y PIDE INVESTIGACI\u00d3N: \u201cOJAL\u00c1 NO SEA UN AUTOATENTADO\u201d - innoticiasbo.com","isPartOf":{"@id":"https:\/\/innoticiasbo.com\/#website"},"primaryImageOfPage":{"@id":"https:\/\/innoticiasbo.com\/index.php\/2026\/03\/17\/reyes-villa-lamenta-ataque-y-pide-investigacion-ojala-no-sea-un-autoatentado\/#primaryimage"},"image":{"@id":"https:\/\/innoticiasbo.com\/index.php\/2026\/03\/17\/reyes-villa-lamenta-ataque-y-pide-investigacion-ojala-no-sea-un-autoatentado\/#primaryimage"},"thumbnailUrl":"https:\/\/i0.wp.com\/innoticiasbo.com\/wp-content\/uploads\/2026\/03\/Screenshot-2026-03-17-114207.png?fit=1327%2C646&ssl=1","datePublished":"2026-03-17T15:46:56+00:00","dateModified":"2026-03-17T15:46:58+00:00","breadcrumb":{"@id":"https:\/\/innoticiasbo.com\/index.php\/2026\/03\/17\/reyes-villa-lamenta-ataque-y-pide-investigacion-ojala-no-sea-un-autoatentado\/#breadcrumb"},"inLanguage":"es","potentialAction":[{"@type":"ReadAction","target":["https:\/\/innoticiasbo.com\/index.php\/2026\/03\/17\/reyes-villa-lamenta-ataque-y-pide-investigacion-ojala-no-sea-un-autoatentado\/"]}]},{"@type":"ImageObject","inLanguage":"es","@id":"https:\/\/innoticiasbo.com\/index.php\/2026\/03\/17\/reyes-villa-lamenta-ataque-y-pide-investigacion-ojala-no-sea-un-autoatentado\/#primaryimage","url":"https:\/\/i0.wp.com\/innoticiasbo.com\/wp-content\/uploads\/2026\/03\/Screenshot-2026-03-17-114207.png?fit=1327%2C646&ssl=1","contentUrl":"https:\/\/i0.wp.com\/innoticiasbo.com\/wp-content\/uploads\/2026\/03\/Screenshot-2026-03-17-114207.png?fit=1327%2C646&ssl=1","width":1327,"height":646},{"@type":"BreadcrumbList","@id":"https:\/\/innoticiasbo.com\/index.php\/2026\/03\/17\/reyes-villa-lamenta-ataque-y-pide-investigacion-ojala-no-sea-un-autoatentado\/#breadcrumb","itemListElement":[{"@type":"ListItem","position":1,"name":"Portada","item":"https:\/\/innoticiasbo.com\/"},{"@type":"ListItem","position":2,"name":"REYES VILLA LAMENTA ATAQUE Y PIDE INVESTIGACI\u00d3N: \u201cOJAL\u00c1 NO SEA UN AUTOATENTADO\u201d"}]},{"@type":"WebSite","@id":"https:\/\/innoticiasbo.com\/#website","url":"https:\/\/innoticiasbo.com\/","name":"innoticiasbo.com","description":"","publisher":{"@id":"https:\/\/innoticiasbo.com\/#organization"},"potentialAction":[{"@type":"SearchAction","target":{"@type":"EntryPoint","urlTemplate":"https:\/\/innoticiasbo.com\/?s={search_term_string}"},"query-input":{"@type":"PropertyValueSpecification","valueRequired":true,"valueName":"search_term_string"}}],"inLanguage":"es"},{"@type":"Organization","@id":"https:\/\/innoticiasbo.com\/#organization","name":"innoticiasbo.com","url":"https:\/\/innoticiasbo.com\/","logo":{"@type":"ImageObject","inLanguage":"es","@id":"https:\/\/innoticiasbo.com\/#\/schema\/logo\/image\/","url":"https:\/\/i0.wp.com\/innoticiasbo.com\/wp-content\/uploads\/2026\/04\/cropped-IN-LOGO.png?fit=1476%2C1476&ssl=1","contentUrl":"https:\/\/i0.wp.com\/innoticiasbo.com\/wp-content\/uploads\/2026\/04\/cropped-IN-LOGO.png?fit=1476%2C1476&ssl=1","width":1476,"height":1476,"caption":"innoticiasbo.com"},"image":{"@id":"https:\/\/innoticiasbo.com\/#\/schema\/logo\/image\/"},"sameAs":["https:\/\/www.facebook.com\/innoticiasbolivia","https:\/\/x.com\/innoticiasbo","https:\/\/www.instagram.com\/innoticiasbo","https:\/\/www.youtube.com\/innoticiasbo"]},{"@type":"Person","@id":"https:\/\/innoticiasbo.com\/#\/schema\/person\/0b28481e8d0316f83a13bc702311def5","name":"Prensa 11","image":{"@type":"ImageObject","inLanguage":"es","@id":"https:\/\/innoticiasbo.com\/#\/schema\/person\/image\/","url":"https:\/\/secure.gravatar.com\/avatar\/696560c17349f1807a610bf83832bad0?s=96&d=mm&r=g","contentUrl":"https:\/\/secure.gravatar.com\/avatar\/696560c17349f1807a610bf83832bad0?s=96&d=mm&r=g","caption":"Prensa 11"},"sameAs":["http:\/\/www.innoticiasbo.com"],"url":"https:\/\/innoticiasbo.com\/index.php\/author\/prensa-11\/"}]}},"jetpack_featured_media_url":"https:\/\/i0.wp.com\/innoticiasbo.com\/wp-content\/uploads\/2026\/03\/Screenshot-2026-03-17-114207.png?fit=1327%2C646&ssl=1","jetpack_likes_enabled":true,"jetpack_sharing_enabled":true,"jetpack_shortlink":"https:\/\/wp.me\/pg298x-2wY","_links":{"self":[{"href":"https:\/\/innoticiasbo.com\/index.php\/wp-json\/wp\/v2\/posts\/9732","targetHints":{"allow":["GET"]}}],"collection":[{"href":"https:\/\/innoticiasbo.com\/index.php\/wp-json\/wp\/v2\/posts"}],"about":[{"href":"https:\/\/innoticiasbo.com\/index.php\/wp-json\/wp\/v2\/types\/post"}],"author":[{"embeddable":true,"href":"https:\/\/innoticiasbo.com\/index.php\/wp-json\/wp\/v2\/users\/11"}],"replies":[{"embeddable":true,"href":"https:\/\/innoticiasbo.com\/index.php\/wp-json\/wp\/v2\/comments?post=9732"}],"version-history":[{"count":1,"href":"https:\/\/innoticiasbo.com\/index.php\/wp-json\/wp\/v2\/posts\/9732\/revisions"}],"predecessor-version":[{"id":9735,"href":"https:\/\/innoticiasbo.com\/index.php\/wp-json\/wp\/v2\/posts\/9732\/revisions\/9735"}],"wp:featuredmedia":[{"embeddable":true,"href":"https:\/\/innoticiasbo.com\/index.php\/wp-json\/wp\/v2\/media\/9734"}],"wp:attachment":[{"href":"https:\/\/innoticiasbo.com\/index.php\/wp-json\/wp\/v2\/media?parent=9732"}],"wp:term":[{"taxonomy":"category","embeddable":true,"href":"https:\/\/innoticiasbo.com\/index.php\/wp-json\/wp\/v2\/categories?post=9732"},{"taxonomy":"post_tag","embeddable":true,"href":"https:\/\/innoticiasbo.com\/index.php\/wp-json\/wp\/v2\/tags?post=9732"}],"curies":[{"name":"wp","href":"https:\/\/api.w.org\/{rel}","templated":true}]}}