{"id":9727,"date":"2026-03-17T11:28:47","date_gmt":"2026-03-17T15:28:47","guid":{"rendered":"https:\/\/innoticiasbo.com\/?p=9727"},"modified":"2026-03-17T11:28:49","modified_gmt":"2026-03-17T15:28:49","slug":"albarracin-la-paz-estalla-en-vivo-con-maria-galindo-no-te-permito-que-me-ofendas-te-vas-a-la-m","status":"publish","type":"post","link":"https:\/\/innoticiasbo.com\/index.php\/2026\/03\/17\/albarracin-la-paz-estalla-en-vivo-con-maria-galindo-no-te-permito-que-me-ofendas-te-vas-a-la-m\/","title":{"rendered":"ALBARRAC\u00cdN LA PAZ ESTALLA EN VIVO CON MAR\u00cdA GALINDO: \u201cNO TE PERMITO QUE ME OFENDAS, TE VAS A LA M\u2026\u201d"},"content":{"rendered":"\n<figure class=\"wp-block-video\"><video controls src=\"https:\/\/innoticiasbo.com\/wp-content\/uploads\/2026\/03\/AQPe-ciza-rKxBBxLLWLwLSeHLf9-f9eWsaDKhmNCwrdqeG-2hFtcQrOoOn1gGyqreqqKLtkoY_DQy3A9Wt3vvj_YAtJnKAUzh6yixMJUQXexw-1.mp4\"><\/video><figcaption class=\"wp-element-caption\">Video: Radio Deseo<\/figcaption><\/figure>\n\n\n\n<p><strong>La Paz, 17 de marzo de 2026.- <\/strong>La barricada de Mar\u00eda Galindo termin\u00f3 con gritos, insultos y abandono. El candidato a la Alcald\u00eda pace\u00f1a, Waldo Albarrac\u00edn, y la activista feminista Mar\u00eda Galindo se gritaron<br>Galindo lo acus\u00f3 de haber cubierto a Luis Fernando Camacho para que escape de ella. En medio del debate, Albarrac\u00edn se indign\u00f3 se\u00f1alando:<br>\u201cNo te permito que ofendas mi dignidad\u201d. Galindo respondi\u00f3 con firmeza: \u201ct\u00fa no me puedes permitir nada\u201d, Albarrac\u00edn perdi\u00f3 la calma y le dijo \u201centonces te vas a la m\u2026 macha\u201d y abandon\u00f3 el set abruptamente el set en plena transmisi\u00f3n.<br>El hecho ocurri\u00f3 La Barricada, que es el espacio conducido por Galindo, vinculado al colectivo Mujeres Creando, caracterizado por su estilo directo y confrontacional. Durante la conversaci\u00f3n, el intercambio de ideas escal\u00f3 r\u00e1pidamente en intensidad, derivando en la salida del candidato, exrector de la UMSA y exdefensor del Pueblo de Bolivia.<br>El episodio fue ampliamente difundido en plataformas digitales, donde usuarios expresaron opiniones divididas. Mientras algunos respaldaron la reacci\u00f3n del candidato frente a lo que consideraron provocaciones, otros cuestionaron su actitud, se\u00f1alando falta de tolerancia y control emocional en un contexto de debate p\u00fablico.<\/p>\n\n\n\n<p><\/p>\n","protected":false},"excerpt":{"rendered":"<p>La Paz, 17 de marzo de 2026.- La barricada de Mar\u00eda Galindo termin\u00f3 con gritos, insultos y abandono. El candidato a la Alcald\u00eda pace\u00f1a, Waldo Albarrac\u00edn, y la activista feminista Mar\u00eda Galindo se gritaronGalindo lo acus\u00f3 de haber cubierto a Luis Fernando Camacho para que escape de ella. En medio del debate, Albarrac\u00edn se indign\u00f3&#8230;<\/p>\n","protected":false},"author":11,"featured_media":9730,"comment_status":"open","ping_status":"open","sticky":false,"template":"","format":"standard","meta":{"_jetpack_memberships_contains_paid_content":false,"footnotes":"","jetpack_publicize_message":"","jetpack_publicize_feature_enabled":true,"jetpack_social_post_already_shared":true,"jetpack_social_options":{"image_generator_settings":{"template":"highway","enabled":false},"version":2}},"categories":[1,3],"tags":[1550,1551,964,1549,994,615,1547,10,1011,1256,1548],"class_list":["post-9727","post","type-post","status-publish","format-standard","has-post-thumbnail","hentry","category-bolivia","category-politica","tag-abandono","tag-candidato-a-alcalde","tag-debate","tag-gritos","tag-insultos","tag-la-paz","tag-maria-galindo","tag-politica","tag-subnacionales","tag-subnacionales-2026","tag-waldo-albarracin"],"jetpack_publicize_connections":[],"yoast_head":"<!-- This site is optimized with the Yoast SEO plugin v23.4 - https:\/\/yoast.com\/wordpress\/plugins\/seo\/ -->\n<title>ALBARRAC\u00cdN LA PAZ ESTALLA EN VIVO CON MAR\u00cdA GALINDO: \u201cNO TE PERMITO QUE ME OFENDAS, TE VAS A LA M\u2026\u201d - innoticiasbo.com<\/title>\n<meta name=\"robots\" content=\"index, follow, max-snippet:-1, max-image-preview:large, max-video-preview:-1\" \/>\n<link rel=\"canonical\" href=\"https:\/\/innoticiasbo.com\/index.php\/2026\/03\/17\/albarracin-la-paz-estalla-en-vivo-con-maria-galindo-no-te-permito-que-me-ofendas-te-vas-a-la-m\/\" \/>\n<meta property=\"og:locale\" content=\"es_ES\" \/>\n<meta property=\"og:type\" content=\"article\" \/>\n<meta property=\"og:title\" content=\"ALBARRAC\u00cdN LA PAZ ESTALLA EN VIVO CON MAR\u00cdA GALINDO: \u201cNO TE PERMITO QUE ME OFENDAS, TE VAS A LA M\u2026\u201d - innoticiasbo.com\" \/>\n<meta property=\"og:description\" content=\"La Paz, 17 de marzo de 2026.- La barricada de Mar\u00eda Galindo termin\u00f3 con gritos, insultos y abandono. El candidato a la Alcald\u00eda pace\u00f1a, Waldo Albarrac\u00edn, y la activista feminista Mar\u00eda Galindo se gritaronGalindo lo acus\u00f3 de haber cubierto a Luis Fernando Camacho para que escape de ella. En medio del debate, Albarrac\u00edn se indign\u00f3...\" \/>\n<meta property=\"og:url\" content=\"https:\/\/innoticiasbo.com\/index.php\/2026\/03\/17\/albarracin-la-paz-estalla-en-vivo-con-maria-galindo-no-te-permito-que-me-ofendas-te-vas-a-la-m\/\" \/>\n<meta property=\"og:site_name\" content=\"innoticiasbo.com\" \/>\n<meta property=\"article:publisher\" content=\"https:\/\/www.facebook.com\/innoticiasbolivia\" \/>\n<meta property=\"article:published_time\" content=\"2026-03-17T15:28:47+00:00\" \/>\n<meta property=\"article:modified_time\" content=\"2026-03-17T15:28:49+00:00\" \/>\n<meta property=\"og:image\" content=\"https:\/\/innoticiasbo.com\/wp-content\/uploads\/2026\/03\/Screenshot-2026-03-17-112418.png\" \/>\n\t<meta property=\"og:image:width\" content=\"1332\" \/>\n\t<meta property=\"og:image:height\" content=\"637\" \/>\n\t<meta property=\"og:image:type\" content=\"image\/png\" \/>\n<meta name=\"author\" content=\"Prensa 11\" \/>\n<meta name=\"twitter:card\" content=\"summary_large_image\" \/>\n<meta name=\"twitter:creator\" content=\"@innoticiasbo\" \/>\n<meta name=\"twitter:site\" content=\"@innoticiasbo\" \/>\n<meta name=\"twitter:label1\" content=\"Escrito por\" \/>\n\t<meta name=\"twitter:data1\" content=\"Prensa 11\" \/>\n\t<meta name=\"twitter:label2\" content=\"Tiempo de lectura\" \/>\n\t<meta name=\"twitter:data2\" content=\"2 minutos\" \/>\n<script type=\"application\/ld+json\" class=\"yoast-schema-graph\">{\"@context\":\"https:\/\/schema.org\",\"@graph\":[{\"@type\":\"Article\",\"@id\":\"https:\/\/innoticiasbo.com\/index.php\/2026\/03\/17\/albarracin-la-paz-estalla-en-vivo-con-maria-galindo-no-te-permito-que-me-ofendas-te-vas-a-la-m\/#article\",\"isPartOf\":{\"@id\":\"https:\/\/innoticiasbo.com\/index.php\/2026\/03\/17\/albarracin-la-paz-estalla-en-vivo-con-maria-galindo-no-te-permito-que-me-ofendas-te-vas-a-la-m\/\"},\"author\":{\"name\":\"Prensa 11\",\"@id\":\"https:\/\/innoticiasbo.com\/#\/schema\/person\/0b28481e8d0316f83a13bc702311def5\"},\"headline\":\"ALBARRAC\u00cdN LA PAZ ESTALLA EN VIVO CON MAR\u00cdA GALINDO: \u201cNO TE PERMITO QUE ME OFENDAS, TE VAS A LA M\u2026\u201d\",\"datePublished\":\"2026-03-17T15:28:47+00:00\",\"dateModified\":\"2026-03-17T15:28:49+00:00\",\"mainEntityOfPage\":{\"@id\":\"https:\/\/innoticiasbo.com\/index.php\/2026\/03\/17\/albarracin-la-paz-estalla-en-vivo-con-maria-galindo-no-te-permito-que-me-ofendas-te-vas-a-la-m\/\"},\"wordCount\":229,\"commentCount\":0,\"publisher\":{\"@id\":\"https:\/\/innoticiasbo.com\/#organization\"},\"image\":{\"@id\":\"https:\/\/innoticiasbo.com\/index.php\/2026\/03\/17\/albarracin-la-paz-estalla-en-vivo-con-maria-galindo-no-te-permito-que-me-ofendas-te-vas-a-la-m\/#primaryimage\"},\"thumbnailUrl\":\"https:\/\/i0.wp.com\/innoticiasbo.com\/wp-content\/uploads\/2026\/03\/Screenshot-2026-03-17-112418.png?fit=1332%2C637&ssl=1\",\"keywords\":[\"Abandono\",\"candidato a alcalde\",\"debate\",\"Gritos\",\"insultos\",\"La Paz\",\"Mar\u00eda Galindo\",\"Pol\u00edtica\",\"subnacionales\",\"Subnacionales 2026\",\"Waldo Albarrac\u00edn\"],\"articleSection\":[\"Bolivia\",\"Pol\u00edtica\"],\"inLanguage\":\"es\",\"potentialAction\":[{\"@type\":\"CommentAction\",\"name\":\"Comment\",\"target\":[\"https:\/\/innoticiasbo.com\/index.php\/2026\/03\/17\/albarracin-la-paz-estalla-en-vivo-con-maria-galindo-no-te-permito-que-me-ofendas-te-vas-a-la-m\/#respond\"]}]},{\"@type\":\"WebPage\",\"@id\":\"https:\/\/innoticiasbo.com\/index.php\/2026\/03\/17\/albarracin-la-paz-estalla-en-vivo-con-maria-galindo-no-te-permito-que-me-ofendas-te-vas-a-la-m\/\",\"url\":\"https:\/\/innoticiasbo.com\/index.php\/2026\/03\/17\/albarracin-la-paz-estalla-en-vivo-con-maria-galindo-no-te-permito-que-me-ofendas-te-vas-a-la-m\/\",\"name\":\"ALBARRAC\u00cdN LA PAZ ESTALLA EN VIVO CON MAR\u00cdA GALINDO: \u201cNO TE PERMITO QUE ME OFENDAS, TE VAS A LA M\u2026\u201d - innoticiasbo.com\",\"isPartOf\":{\"@id\":\"https:\/\/innoticiasbo.com\/#website\"},\"primaryImageOfPage\":{\"@id\":\"https:\/\/innoticiasbo.com\/index.php\/2026\/03\/17\/albarracin-la-paz-estalla-en-vivo-con-maria-galindo-no-te-permito-que-me-ofendas-te-vas-a-la-m\/#primaryimage\"},\"image\":{\"@id\":\"https:\/\/innoticiasbo.com\/index.php\/2026\/03\/17\/albarracin-la-paz-estalla-en-vivo-con-maria-galindo-no-te-permito-que-me-ofendas-te-vas-a-la-m\/#primaryimage\"},\"thumbnailUrl\":\"https:\/\/i0.wp.com\/innoticiasbo.com\/wp-content\/uploads\/2026\/03\/Screenshot-2026-03-17-112418.png?fit=1332%2C637&ssl=1\",\"datePublished\":\"2026-03-17T15:28:47+00:00\",\"dateModified\":\"2026-03-17T15:28:49+00:00\",\"breadcrumb\":{\"@id\":\"https:\/\/innoticiasbo.com\/index.php\/2026\/03\/17\/albarracin-la-paz-estalla-en-vivo-con-maria-galindo-no-te-permito-que-me-ofendas-te-vas-a-la-m\/#breadcrumb\"},\"inLanguage\":\"es\",\"potentialAction\":[{\"@type\":\"ReadAction\",\"target\":[\"https:\/\/innoticiasbo.com\/index.php\/2026\/03\/17\/albarracin-la-paz-estalla-en-vivo-con-maria-galindo-no-te-permito-que-me-ofendas-te-vas-a-la-m\/\"]}]},{\"@type\":\"ImageObject\",\"inLanguage\":\"es\",\"@id\":\"https:\/\/innoticiasbo.com\/index.php\/2026\/03\/17\/albarracin-la-paz-estalla-en-vivo-con-maria-galindo-no-te-permito-que-me-ofendas-te-vas-a-la-m\/#primaryimage\",\"url\":\"https:\/\/i0.wp.com\/innoticiasbo.com\/wp-content\/uploads\/2026\/03\/Screenshot-2026-03-17-112418.png?fit=1332%2C637&ssl=1\",\"contentUrl\":\"https:\/\/i0.wp.com\/innoticiasbo.com\/wp-content\/uploads\/2026\/03\/Screenshot-2026-03-17-112418.png?fit=1332%2C637&ssl=1\",\"width\":1332,\"height\":637},{\"@type\":\"BreadcrumbList\",\"@id\":\"https:\/\/innoticiasbo.com\/index.php\/2026\/03\/17\/albarracin-la-paz-estalla-en-vivo-con-maria-galindo-no-te-permito-que-me-ofendas-te-vas-a-la-m\/#breadcrumb\",\"itemListElement\":[{\"@type\":\"ListItem\",\"position\":1,\"name\":\"Portada\",\"item\":\"https:\/\/innoticiasbo.com\/\"},{\"@type\":\"ListItem\",\"position\":2,\"name\":\"ALBARRAC\u00cdN LA PAZ ESTALLA EN VIVO CON MAR\u00cdA GALINDO: \u201cNO TE PERMITO QUE ME OFENDAS, TE VAS A LA M\u2026\u201d\"}]},{\"@type\":\"WebSite\",\"@id\":\"https:\/\/innoticiasbo.com\/#website\",\"url\":\"https:\/\/innoticiasbo.com\/\",\"name\":\"innoticiasbo.com\",\"description\":\"\",\"publisher\":{\"@id\":\"https:\/\/innoticiasbo.com\/#organization\"},\"potentialAction\":[{\"@type\":\"SearchAction\",\"target\":{\"@type\":\"EntryPoint\",\"urlTemplate\":\"https:\/\/innoticiasbo.com\/?s={search_term_string}\"},\"query-input\":{\"@type\":\"PropertyValueSpecification\",\"valueRequired\":true,\"valueName\":\"search_term_string\"}}],\"inLanguage\":\"es\"},{\"@type\":\"Organization\",\"@id\":\"https:\/\/innoticiasbo.com\/#organization\",\"name\":\"innoticiasbo.com\",\"url\":\"https:\/\/innoticiasbo.com\/\",\"logo\":{\"@type\":\"ImageObject\",\"inLanguage\":\"es\",\"@id\":\"https:\/\/innoticiasbo.com\/#\/schema\/logo\/image\/\",\"url\":\"https:\/\/i0.wp.com\/innoticiasbo.com\/wp-content\/uploads\/2026\/04\/cropped-IN-LOGO.png?fit=1476%2C1476&ssl=1\",\"contentUrl\":\"https:\/\/i0.wp.com\/innoticiasbo.com\/wp-content\/uploads\/2026\/04\/cropped-IN-LOGO.png?fit=1476%2C1476&ssl=1\",\"width\":1476,\"height\":1476,\"caption\":\"innoticiasbo.com\"},\"image\":{\"@id\":\"https:\/\/innoticiasbo.com\/#\/schema\/logo\/image\/\"},\"sameAs\":[\"https:\/\/www.facebook.com\/innoticiasbolivia\",\"https:\/\/x.com\/innoticiasbo\",\"https:\/\/www.instagram.com\/innoticiasbo\",\"https:\/\/www.youtube.com\/innoticiasbo\"]},{\"@type\":\"Person\",\"@id\":\"https:\/\/innoticiasbo.com\/#\/schema\/person\/0b28481e8d0316f83a13bc702311def5\",\"name\":\"Prensa 11\",\"image\":{\"@type\":\"ImageObject\",\"inLanguage\":\"es\",\"@id\":\"https:\/\/innoticiasbo.com\/#\/schema\/person\/image\/\",\"url\":\"https:\/\/secure.gravatar.com\/avatar\/696560c17349f1807a610bf83832bad0?s=96&d=mm&r=g\",\"contentUrl\":\"https:\/\/secure.gravatar.com\/avatar\/696560c17349f1807a610bf83832bad0?s=96&d=mm&r=g\",\"caption\":\"Prensa 11\"},\"sameAs\":[\"http:\/\/www.innoticiasbo.com\"],\"url\":\"https:\/\/innoticiasbo.com\/index.php\/author\/prensa-11\/\"}]}<\/script>\n<!-- \/ Yoast SEO plugin. -->","yoast_head_json":{"title":"ALBARRAC\u00cdN LA PAZ ESTALLA EN VIVO CON MAR\u00cdA GALINDO: \u201cNO TE PERMITO QUE ME OFENDAS, TE VAS A LA M\u2026\u201d - innoticiasbo.com","robots":{"index":"index","follow":"follow","max-snippet":"max-snippet:-1","max-image-preview":"max-image-preview:large","max-video-preview":"max-video-preview:-1"},"canonical":"https:\/\/innoticiasbo.com\/index.php\/2026\/03\/17\/albarracin-la-paz-estalla-en-vivo-con-maria-galindo-no-te-permito-que-me-ofendas-te-vas-a-la-m\/","og_locale":"es_ES","og_type":"article","og_title":"ALBARRAC\u00cdN LA PAZ ESTALLA EN VIVO CON MAR\u00cdA GALINDO: \u201cNO TE PERMITO QUE ME OFENDAS, TE VAS A LA M\u2026\u201d - innoticiasbo.com","og_description":"La Paz, 17 de marzo de 2026.- La barricada de Mar\u00eda Galindo termin\u00f3 con gritos, insultos y abandono. El candidato a la Alcald\u00eda pace\u00f1a, Waldo Albarrac\u00edn, y la activista feminista Mar\u00eda Galindo se gritaronGalindo lo acus\u00f3 de haber cubierto a Luis Fernando Camacho para que escape de ella. En medio del debate, Albarrac\u00edn se indign\u00f3...","og_url":"https:\/\/innoticiasbo.com\/index.php\/2026\/03\/17\/albarracin-la-paz-estalla-en-vivo-con-maria-galindo-no-te-permito-que-me-ofendas-te-vas-a-la-m\/","og_site_name":"innoticiasbo.com","article_publisher":"https:\/\/www.facebook.com\/innoticiasbolivia","article_published_time":"2026-03-17T15:28:47+00:00","article_modified_time":"2026-03-17T15:28:49+00:00","og_image":[{"width":1332,"height":637,"url":"https:\/\/innoticiasbo.com\/wp-content\/uploads\/2026\/03\/Screenshot-2026-03-17-112418.png","type":"image\/png"}],"author":"Prensa 11","twitter_card":"summary_large_image","twitter_creator":"@innoticiasbo","twitter_site":"@innoticiasbo","twitter_misc":{"Escrito por":"Prensa 11","Tiempo de lectura":"2 minutos"},"schema":{"@context":"https:\/\/schema.org","@graph":[{"@type":"Article","@id":"https:\/\/innoticiasbo.com\/index.php\/2026\/03\/17\/albarracin-la-paz-estalla-en-vivo-con-maria-galindo-no-te-permito-que-me-ofendas-te-vas-a-la-m\/#article","isPartOf":{"@id":"https:\/\/innoticiasbo.com\/index.php\/2026\/03\/17\/albarracin-la-paz-estalla-en-vivo-con-maria-galindo-no-te-permito-que-me-ofendas-te-vas-a-la-m\/"},"author":{"name":"Prensa 11","@id":"https:\/\/innoticiasbo.com\/#\/schema\/person\/0b28481e8d0316f83a13bc702311def5"},"headline":"ALBARRAC\u00cdN LA PAZ ESTALLA EN VIVO CON MAR\u00cdA GALINDO: \u201cNO TE PERMITO QUE ME OFENDAS, TE VAS A LA M\u2026\u201d","datePublished":"2026-03-17T15:28:47+00:00","dateModified":"2026-03-17T15:28:49+00:00","mainEntityOfPage":{"@id":"https:\/\/innoticiasbo.com\/index.php\/2026\/03\/17\/albarracin-la-paz-estalla-en-vivo-con-maria-galindo-no-te-permito-que-me-ofendas-te-vas-a-la-m\/"},"wordCount":229,"commentCount":0,"publisher":{"@id":"https:\/\/innoticiasbo.com\/#organization"},"image":{"@id":"https:\/\/innoticiasbo.com\/index.php\/2026\/03\/17\/albarracin-la-paz-estalla-en-vivo-con-maria-galindo-no-te-permito-que-me-ofendas-te-vas-a-la-m\/#primaryimage"},"thumbnailUrl":"https:\/\/i0.wp.com\/innoticiasbo.com\/wp-content\/uploads\/2026\/03\/Screenshot-2026-03-17-112418.png?fit=1332%2C637&ssl=1","keywords":["Abandono","candidato a alcalde","debate","Gritos","insultos","La Paz","Mar\u00eda Galindo","Pol\u00edtica","subnacionales","Subnacionales 2026","Waldo Albarrac\u00edn"],"articleSection":["Bolivia","Pol\u00edtica"],"inLanguage":"es","potentialAction":[{"@type":"CommentAction","name":"Comment","target":["https:\/\/innoticiasbo.com\/index.php\/2026\/03\/17\/albarracin-la-paz-estalla-en-vivo-con-maria-galindo-no-te-permito-que-me-ofendas-te-vas-a-la-m\/#respond"]}]},{"@type":"WebPage","@id":"https:\/\/innoticiasbo.com\/index.php\/2026\/03\/17\/albarracin-la-paz-estalla-en-vivo-con-maria-galindo-no-te-permito-que-me-ofendas-te-vas-a-la-m\/","url":"https:\/\/innoticiasbo.com\/index.php\/2026\/03\/17\/albarracin-la-paz-estalla-en-vivo-con-maria-galindo-no-te-permito-que-me-ofendas-te-vas-a-la-m\/","name":"ALBARRAC\u00cdN LA PAZ ESTALLA EN VIVO CON MAR\u00cdA GALINDO: \u201cNO TE PERMITO QUE ME OFENDAS, TE VAS A LA M\u2026\u201d - innoticiasbo.com","isPartOf":{"@id":"https:\/\/innoticiasbo.com\/#website"},"primaryImageOfPage":{"@id":"https:\/\/innoticiasbo.com\/index.php\/2026\/03\/17\/albarracin-la-paz-estalla-en-vivo-con-maria-galindo-no-te-permito-que-me-ofendas-te-vas-a-la-m\/#primaryimage"},"image":{"@id":"https:\/\/innoticiasbo.com\/index.php\/2026\/03\/17\/albarracin-la-paz-estalla-en-vivo-con-maria-galindo-no-te-permito-que-me-ofendas-te-vas-a-la-m\/#primaryimage"},"thumbnailUrl":"https:\/\/i0.wp.com\/innoticiasbo.com\/wp-content\/uploads\/2026\/03\/Screenshot-2026-03-17-112418.png?fit=1332%2C637&ssl=1","datePublished":"2026-03-17T15:28:47+00:00","dateModified":"2026-03-17T15:28:49+00:00","breadcrumb":{"@id":"https:\/\/innoticiasbo.com\/index.php\/2026\/03\/17\/albarracin-la-paz-estalla-en-vivo-con-maria-galindo-no-te-permito-que-me-ofendas-te-vas-a-la-m\/#breadcrumb"},"inLanguage":"es","potentialAction":[{"@type":"ReadAction","target":["https:\/\/innoticiasbo.com\/index.php\/2026\/03\/17\/albarracin-la-paz-estalla-en-vivo-con-maria-galindo-no-te-permito-que-me-ofendas-te-vas-a-la-m\/"]}]},{"@type":"ImageObject","inLanguage":"es","@id":"https:\/\/innoticiasbo.com\/index.php\/2026\/03\/17\/albarracin-la-paz-estalla-en-vivo-con-maria-galindo-no-te-permito-que-me-ofendas-te-vas-a-la-m\/#primaryimage","url":"https:\/\/i0.wp.com\/innoticiasbo.com\/wp-content\/uploads\/2026\/03\/Screenshot-2026-03-17-112418.png?fit=1332%2C637&ssl=1","contentUrl":"https:\/\/i0.wp.com\/innoticiasbo.com\/wp-content\/uploads\/2026\/03\/Screenshot-2026-03-17-112418.png?fit=1332%2C637&ssl=1","width":1332,"height":637},{"@type":"BreadcrumbList","@id":"https:\/\/innoticiasbo.com\/index.php\/2026\/03\/17\/albarracin-la-paz-estalla-en-vivo-con-maria-galindo-no-te-permito-que-me-ofendas-te-vas-a-la-m\/#breadcrumb","itemListElement":[{"@type":"ListItem","position":1,"name":"Portada","item":"https:\/\/innoticiasbo.com\/"},{"@type":"ListItem","position":2,"name":"ALBARRAC\u00cdN LA PAZ ESTALLA EN VIVO CON MAR\u00cdA GALINDO: \u201cNO TE PERMITO QUE ME OFENDAS, TE VAS A LA M\u2026\u201d"}]},{"@type":"WebSite","@id":"https:\/\/innoticiasbo.com\/#website","url":"https:\/\/innoticiasbo.com\/","name":"innoticiasbo.com","description":"","publisher":{"@id":"https:\/\/innoticiasbo.com\/#organization"},"potentialAction":[{"@type":"SearchAction","target":{"@type":"EntryPoint","urlTemplate":"https:\/\/innoticiasbo.com\/?s={search_term_string}"},"query-input":{"@type":"PropertyValueSpecification","valueRequired":true,"valueName":"search_term_string"}}],"inLanguage":"es"},{"@type":"Organization","@id":"https:\/\/innoticiasbo.com\/#organization","name":"innoticiasbo.com","url":"https:\/\/innoticiasbo.com\/","logo":{"@type":"ImageObject","inLanguage":"es","@id":"https:\/\/innoticiasbo.com\/#\/schema\/logo\/image\/","url":"https:\/\/i0.wp.com\/innoticiasbo.com\/wp-content\/uploads\/2026\/04\/cropped-IN-LOGO.png?fit=1476%2C1476&ssl=1","contentUrl":"https:\/\/i0.wp.com\/innoticiasbo.com\/wp-content\/uploads\/2026\/04\/cropped-IN-LOGO.png?fit=1476%2C1476&ssl=1","width":1476,"height":1476,"caption":"innoticiasbo.com"},"image":{"@id":"https:\/\/innoticiasbo.com\/#\/schema\/logo\/image\/"},"sameAs":["https:\/\/www.facebook.com\/innoticiasbolivia","https:\/\/x.com\/innoticiasbo","https:\/\/www.instagram.com\/innoticiasbo","https:\/\/www.youtube.com\/innoticiasbo"]},{"@type":"Person","@id":"https:\/\/innoticiasbo.com\/#\/schema\/person\/0b28481e8d0316f83a13bc702311def5","name":"Prensa 11","image":{"@type":"ImageObject","inLanguage":"es","@id":"https:\/\/innoticiasbo.com\/#\/schema\/person\/image\/","url":"https:\/\/secure.gravatar.com\/avatar\/696560c17349f1807a610bf83832bad0?s=96&d=mm&r=g","contentUrl":"https:\/\/secure.gravatar.com\/avatar\/696560c17349f1807a610bf83832bad0?s=96&d=mm&r=g","caption":"Prensa 11"},"sameAs":["http:\/\/www.innoticiasbo.com"],"url":"https:\/\/innoticiasbo.com\/index.php\/author\/prensa-11\/"}]}},"jetpack_featured_media_url":"https:\/\/i0.wp.com\/innoticiasbo.com\/wp-content\/uploads\/2026\/03\/Screenshot-2026-03-17-112418.png?fit=1332%2C637&ssl=1","jetpack_likes_enabled":true,"jetpack_sharing_enabled":true,"jetpack_shortlink":"https:\/\/wp.me\/pg298x-2wT","_links":{"self":[{"href":"https:\/\/innoticiasbo.com\/index.php\/wp-json\/wp\/v2\/posts\/9727","targetHints":{"allow":["GET"]}}],"collection":[{"href":"https:\/\/innoticiasbo.com\/index.php\/wp-json\/wp\/v2\/posts"}],"about":[{"href":"https:\/\/innoticiasbo.com\/index.php\/wp-json\/wp\/v2\/types\/post"}],"author":[{"embeddable":true,"href":"https:\/\/innoticiasbo.com\/index.php\/wp-json\/wp\/v2\/users\/11"}],"replies":[{"embeddable":true,"href":"https:\/\/innoticiasbo.com\/index.php\/wp-json\/wp\/v2\/comments?post=9727"}],"version-history":[{"count":1,"href":"https:\/\/innoticiasbo.com\/index.php\/wp-json\/wp\/v2\/posts\/9727\/revisions"}],"predecessor-version":[{"id":9731,"href":"https:\/\/innoticiasbo.com\/index.php\/wp-json\/wp\/v2\/posts\/9727\/revisions\/9731"}],"wp:featuredmedia":[{"embeddable":true,"href":"https:\/\/innoticiasbo.com\/index.php\/wp-json\/wp\/v2\/media\/9730"}],"wp:attachment":[{"href":"https:\/\/innoticiasbo.com\/index.php\/wp-json\/wp\/v2\/media?parent=9727"}],"wp:term":[{"taxonomy":"category","embeddable":true,"href":"https:\/\/innoticiasbo.com\/index.php\/wp-json\/wp\/v2\/categories?post=9727"},{"taxonomy":"post_tag","embeddable":true,"href":"https:\/\/innoticiasbo.com\/index.php\/wp-json\/wp\/v2\/tags?post=9727"}],"curies":[{"name":"wp","href":"https:\/\/api.w.org\/{rel}","templated":true}]}}