{"id":9711,"date":"2026-03-16T22:09:53","date_gmt":"2026-03-17T02:09:53","guid":{"rendered":"https:\/\/innoticiasbo.com\/?p=9711"},"modified":"2026-03-16T22:09:55","modified_gmt":"2026-03-17T02:09:55","slug":"arce-niega-proteccion-a-marset-y-esta-dispuesto-a-colaborar-con-la-investigacion-segun-abogado","status":"publish","type":"post","link":"https:\/\/innoticiasbo.com\/index.php\/2026\/03\/16\/arce-niega-proteccion-a-marset-y-esta-dispuesto-a-colaborar-con-la-investigacion-segun-abogado\/","title":{"rendered":"ARCE NIEGA PROTECCI\u00d3N A MARSET Y EST\u00c1 DISPUESTO A COLABORAR CON LA INVESTIGACI\u00d3N, SEG\u00daN ABOGADO"},"content":{"rendered":"\n<figure class=\"wp-block-image size-full\"><img data-recalc-dims=\"1\" loading=\"lazy\" decoding=\"async\" width=\"640\" height=\"360\" src=\"https:\/\/i0.wp.com\/innoticiasbo.com\/wp-content\/uploads\/2026\/03\/image-207.png?resize=640%2C360&#038;ssl=1\" alt=\"\" class=\"wp-image-9712\" srcset=\"https:\/\/i0.wp.com\/innoticiasbo.com\/wp-content\/uploads\/2026\/03\/image-207.png?w=992&amp;ssl=1 992w, https:\/\/i0.wp.com\/innoticiasbo.com\/wp-content\/uploads\/2026\/03\/image-207.png?resize=300%2C169&amp;ssl=1 300w, https:\/\/i0.wp.com\/innoticiasbo.com\/wp-content\/uploads\/2026\/03\/image-207.png?resize=768%2C432&amp;ssl=1 768w\" sizes=\"auto, (max-width: 640px) 100vw, 640px\" \/><\/figure>\n\n\n\n<p><strong>Pa\u00eds, 16 de Marzo de 2026.- <\/strong>Arce lleva encarcelado tres meses por el caso Fondo Ind\u00edgena, tiempo en el cual ha sufrido un deterioro en su estado de salud, que ya ven\u00eda golpeado tras haber sufrido c\u00e1ncer, indic\u00f3 el abogado.<\/p>\n\n\n\n<p>El abogado Fernando Rivadeneira, abogado del expresidente Luis Arce, neg\u00f3 que el Gobierno de su defendido haya protegido al narcotraficante Sebasti\u00e1n Marset y abri\u00f3 la posibilidad de que incluso pueda declarar en este caso y colaborar con la investigaci\u00f3n.<\/p>\n\n\n\n<p>El jurista respondi\u00f3 a afirmaciones del ministro de Gobierno, Marco Oviedo, quien manifest\u00f3 que hubo impunidad y protecci\u00f3n del anterior Gobierno hacia Marset, por lo cual el uruguayo ten\u00eda su centro de operaci\u00f3n en Bolivia.<\/p>\n\n\n\n<p>\u201cLa respuesta es rotunda: en el Gobierno de Arce no se ha protegido ninguna situaci\u00f3n respecto de esta persona, de este se\u00f1or Marset\u201d, manifest\u00f3 Rivadeneira.<\/p>\n\n\n\n<p>Dijo que el expresidente est\u00e1 dispuesto a declarar y someterse a un proceso.<\/p>\n\n\n\n<p>\u201cLuis Arce tiene toda la intenci\u00f3n de permanecer al pa\u00eds y colaborar con la investigaci\u00f3n de cualquier proceso que considera el Gobierno (\u2026) Pero obviamente el gobierno de Luis Arce y, Luis Arce particularmente, no ha encubierto a nadie\u201d, enfatiz\u00f3.<\/p>\n\n\n\n<p>El abogado tambi\u00e9n cuestion\u00f3 al ministro Oviedo, a tiempo de recordar que form\u00f3 parte del gobierno de Jaime Paz Zamora, que estuvo involucrado en el caso narcov\u00ednculos.<\/p>\n\n\n\n<p>Tambi\u00e9n cuestion\u00f3 que el Gobierno de Paz haya realizado los operativos despu\u00e9s de que un ministro paraguayo se\u00f1al\u00f3 que Marset estaba en Bolivia. Cree que, de lo contrario, el uruguayo pod\u00eda haber seguido con una protecci\u00f3n gubernamental.&nbsp; &nbsp; &nbsp;&nbsp;<\/p>\n\n\n\n<p>Durante el Gobierno de Arce, en 2023, se intent\u00f3 la aprehensi\u00f3n de Marset en Santa Cruz, sin embargo, el uruguayo logr\u00f3 escapar.&nbsp;&nbsp;<\/p>\n\n\n\n<h2 class=\"wp-block-heading\"><strong>Alerta por la salud del exmandatario<\/strong><\/h2>\n\n\n\n<p>Arce lleva encarcelado tres meses por el caso Fondo Ind\u00edgena, tiempo en el cual ha sufrido un deterioro en su estado de salud, que ya ven\u00eda golpeado tras haber sufrido c\u00e1ncer, indic\u00f3 el abogado.<\/p>\n\n\n\n<p>Inform\u00f3 que, seg\u00fan un informe m\u00e9dico, se observ\u00f3 que su presi\u00f3n no disminuye durante la noche, como normalmente deber\u00eda ocurrir, m\u00e1s al contrario sube.<\/p>\n\n\n\n<p>\u201cEste hallazgo en un paciente nefr\u00f3pata, que cuenta con una enfermedad renal de base, puede asociarse con mayor riesgo para el coraz\u00f3n y los ri\u00f1ones\u201d, coment\u00f3.<\/p>\n\n\n\n<p>En ese sentido, anunci\u00f3 que pedir\u00e1 a la justicia permitir que Arce se haga valoraciones, chequeos y an\u00e1lisis en alguna cl\u00ednica u hospital.<\/p>\n\n\n\n<p>Fuente: Opini\u00f3n<\/p>\n","protected":false},"excerpt":{"rendered":"<p>Pa\u00eds, 16 de Marzo de 2026.- Arce lleva encarcelado tres meses por el caso Fondo Ind\u00edgena, tiempo en el cual ha sufrido un deterioro en su estado de salud, que ya ven\u00eda golpeado tras haber sufrido c\u00e1ncer, indic\u00f3 el abogado. El abogado Fernando Rivadeneira, abogado del expresidente Luis Arce, neg\u00f3 que el Gobierno de su&#8230;<\/p>\n","protected":false},"author":11,"featured_media":9712,"comment_status":"open","ping_status":"open","sticky":false,"template":"","format":"standard","meta":{"_jetpack_memberships_contains_paid_content":false,"footnotes":"","jetpack_publicize_message":"","jetpack_publicize_feature_enabled":true,"jetpack_social_post_already_shared":true,"jetpack_social_options":{"image_generator_settings":{"template":"highway","enabled":false},"version":2}},"categories":[1,3],"tags":[7,1540,43,46,10,131,563],"class_list":["post-9711","post","type-post","status-publish","format-standard","has-post-thumbnail","hentry","category-bolivia","category-politica","tag-bolivia","tag-caso-fondo-indigena","tag-luis-arce","tag-luis-arce-catacora","tag-politica","tag-proteccion","tag-sebastian-marset"],"jetpack_publicize_connections":[],"yoast_head":"<!-- This site is optimized with the Yoast SEO plugin v23.4 - https:\/\/yoast.com\/wordpress\/plugins\/seo\/ -->\n<title>ARCE NIEGA PROTECCI\u00d3N A MARSET Y EST\u00c1 DISPUESTO A COLABORAR CON LA INVESTIGACI\u00d3N, SEG\u00daN ABOGADO - innoticiasbo.com<\/title>\n<meta name=\"robots\" content=\"index, follow, max-snippet:-1, max-image-preview:large, max-video-preview:-1\" \/>\n<link rel=\"canonical\" href=\"https:\/\/innoticiasbo.com\/index.php\/2026\/03\/16\/arce-niega-proteccion-a-marset-y-esta-dispuesto-a-colaborar-con-la-investigacion-segun-abogado\/\" \/>\n<meta property=\"og:locale\" content=\"es_ES\" \/>\n<meta property=\"og:type\" content=\"article\" \/>\n<meta property=\"og:title\" content=\"ARCE NIEGA PROTECCI\u00d3N A MARSET Y EST\u00c1 DISPUESTO A COLABORAR CON LA INVESTIGACI\u00d3N, SEG\u00daN ABOGADO - innoticiasbo.com\" \/>\n<meta property=\"og:description\" content=\"Pa\u00eds, 16 de Marzo de 2026.- Arce lleva encarcelado tres meses por el caso Fondo Ind\u00edgena, tiempo en el cual ha sufrido un deterioro en su estado de salud, que ya ven\u00eda golpeado tras haber sufrido c\u00e1ncer, indic\u00f3 el abogado. El abogado Fernando Rivadeneira, abogado del expresidente Luis Arce, neg\u00f3 que el Gobierno de su...\" \/>\n<meta property=\"og:url\" content=\"https:\/\/innoticiasbo.com\/index.php\/2026\/03\/16\/arce-niega-proteccion-a-marset-y-esta-dispuesto-a-colaborar-con-la-investigacion-segun-abogado\/\" \/>\n<meta property=\"og:site_name\" content=\"innoticiasbo.com\" \/>\n<meta property=\"article:publisher\" content=\"https:\/\/www.facebook.com\/innoticiasbolivia\" \/>\n<meta property=\"article:published_time\" content=\"2026-03-17T02:09:53+00:00\" \/>\n<meta property=\"article:modified_time\" content=\"2026-03-17T02:09:55+00:00\" \/>\n<meta property=\"og:image\" content=\"https:\/\/innoticiasbo.com\/wp-content\/uploads\/2026\/03\/image-207.png\" \/>\n\t<meta property=\"og:image:width\" content=\"992\" \/>\n\t<meta property=\"og:image:height\" content=\"558\" \/>\n\t<meta property=\"og:image:type\" content=\"image\/png\" \/>\n<meta name=\"author\" content=\"Prensa 11\" \/>\n<meta name=\"twitter:card\" content=\"summary_large_image\" \/>\n<meta name=\"twitter:creator\" content=\"@innoticiasbo\" \/>\n<meta name=\"twitter:site\" content=\"@innoticiasbo\" \/>\n<meta name=\"twitter:label1\" content=\"Escrito por\" \/>\n\t<meta name=\"twitter:data1\" content=\"Prensa 11\" \/>\n\t<meta name=\"twitter:label2\" content=\"Tiempo de lectura\" \/>\n\t<meta name=\"twitter:data2\" content=\"3 minutos\" \/>\n<script type=\"application\/ld+json\" class=\"yoast-schema-graph\">{\"@context\":\"https:\/\/schema.org\",\"@graph\":[{\"@type\":\"Article\",\"@id\":\"https:\/\/innoticiasbo.com\/index.php\/2026\/03\/16\/arce-niega-proteccion-a-marset-y-esta-dispuesto-a-colaborar-con-la-investigacion-segun-abogado\/#article\",\"isPartOf\":{\"@id\":\"https:\/\/innoticiasbo.com\/index.php\/2026\/03\/16\/arce-niega-proteccion-a-marset-y-esta-dispuesto-a-colaborar-con-la-investigacion-segun-abogado\/\"},\"author\":{\"name\":\"Prensa 11\",\"@id\":\"https:\/\/innoticiasbo.com\/#\/schema\/person\/0b28481e8d0316f83a13bc702311def5\"},\"headline\":\"ARCE NIEGA PROTECCI\u00d3N A MARSET Y EST\u00c1 DISPUESTO A COLABORAR CON LA INVESTIGACI\u00d3N, SEG\u00daN ABOGADO\",\"datePublished\":\"2026-03-17T02:09:53+00:00\",\"dateModified\":\"2026-03-17T02:09:55+00:00\",\"mainEntityOfPage\":{\"@id\":\"https:\/\/innoticiasbo.com\/index.php\/2026\/03\/16\/arce-niega-proteccion-a-marset-y-esta-dispuesto-a-colaborar-con-la-investigacion-segun-abogado\/\"},\"wordCount\":450,\"commentCount\":0,\"publisher\":{\"@id\":\"https:\/\/innoticiasbo.com\/#organization\"},\"image\":{\"@id\":\"https:\/\/innoticiasbo.com\/index.php\/2026\/03\/16\/arce-niega-proteccion-a-marset-y-esta-dispuesto-a-colaborar-con-la-investigacion-segun-abogado\/#primaryimage\"},\"thumbnailUrl\":\"https:\/\/i0.wp.com\/innoticiasbo.com\/wp-content\/uploads\/2026\/03\/image-207.png?fit=992%2C558&ssl=1\",\"keywords\":[\"Bolivia\",\"Caso Fondo Ind\u00edgena\",\"Luis Arce\",\"Luis Arce Catacora\",\"Pol\u00edtica\",\"protecci\u00f3n\",\"Sebasti\u00e1n Marset\"],\"articleSection\":[\"Bolivia\",\"Pol\u00edtica\"],\"inLanguage\":\"es\",\"potentialAction\":[{\"@type\":\"CommentAction\",\"name\":\"Comment\",\"target\":[\"https:\/\/innoticiasbo.com\/index.php\/2026\/03\/16\/arce-niega-proteccion-a-marset-y-esta-dispuesto-a-colaborar-con-la-investigacion-segun-abogado\/#respond\"]}]},{\"@type\":\"WebPage\",\"@id\":\"https:\/\/innoticiasbo.com\/index.php\/2026\/03\/16\/arce-niega-proteccion-a-marset-y-esta-dispuesto-a-colaborar-con-la-investigacion-segun-abogado\/\",\"url\":\"https:\/\/innoticiasbo.com\/index.php\/2026\/03\/16\/arce-niega-proteccion-a-marset-y-esta-dispuesto-a-colaborar-con-la-investigacion-segun-abogado\/\",\"name\":\"ARCE NIEGA PROTECCI\u00d3N A MARSET Y EST\u00c1 DISPUESTO A COLABORAR CON LA INVESTIGACI\u00d3N, SEG\u00daN ABOGADO - innoticiasbo.com\",\"isPartOf\":{\"@id\":\"https:\/\/innoticiasbo.com\/#website\"},\"primaryImageOfPage\":{\"@id\":\"https:\/\/innoticiasbo.com\/index.php\/2026\/03\/16\/arce-niega-proteccion-a-marset-y-esta-dispuesto-a-colaborar-con-la-investigacion-segun-abogado\/#primaryimage\"},\"image\":{\"@id\":\"https:\/\/innoticiasbo.com\/index.php\/2026\/03\/16\/arce-niega-proteccion-a-marset-y-esta-dispuesto-a-colaborar-con-la-investigacion-segun-abogado\/#primaryimage\"},\"thumbnailUrl\":\"https:\/\/i0.wp.com\/innoticiasbo.com\/wp-content\/uploads\/2026\/03\/image-207.png?fit=992%2C558&ssl=1\",\"datePublished\":\"2026-03-17T02:09:53+00:00\",\"dateModified\":\"2026-03-17T02:09:55+00:00\",\"breadcrumb\":{\"@id\":\"https:\/\/innoticiasbo.com\/index.php\/2026\/03\/16\/arce-niega-proteccion-a-marset-y-esta-dispuesto-a-colaborar-con-la-investigacion-segun-abogado\/#breadcrumb\"},\"inLanguage\":\"es\",\"potentialAction\":[{\"@type\":\"ReadAction\",\"target\":[\"https:\/\/innoticiasbo.com\/index.php\/2026\/03\/16\/arce-niega-proteccion-a-marset-y-esta-dispuesto-a-colaborar-con-la-investigacion-segun-abogado\/\"]}]},{\"@type\":\"ImageObject\",\"inLanguage\":\"es\",\"@id\":\"https:\/\/innoticiasbo.com\/index.php\/2026\/03\/16\/arce-niega-proteccion-a-marset-y-esta-dispuesto-a-colaborar-con-la-investigacion-segun-abogado\/#primaryimage\",\"url\":\"https:\/\/i0.wp.com\/innoticiasbo.com\/wp-content\/uploads\/2026\/03\/image-207.png?fit=992%2C558&ssl=1\",\"contentUrl\":\"https:\/\/i0.wp.com\/innoticiasbo.com\/wp-content\/uploads\/2026\/03\/image-207.png?fit=992%2C558&ssl=1\",\"width\":992,\"height\":558},{\"@type\":\"BreadcrumbList\",\"@id\":\"https:\/\/innoticiasbo.com\/index.php\/2026\/03\/16\/arce-niega-proteccion-a-marset-y-esta-dispuesto-a-colaborar-con-la-investigacion-segun-abogado\/#breadcrumb\",\"itemListElement\":[{\"@type\":\"ListItem\",\"position\":1,\"name\":\"Portada\",\"item\":\"https:\/\/innoticiasbo.com\/\"},{\"@type\":\"ListItem\",\"position\":2,\"name\":\"ARCE NIEGA PROTECCI\u00d3N A MARSET Y EST\u00c1 DISPUESTO A COLABORAR CON LA INVESTIGACI\u00d3N, SEG\u00daN ABOGADO\"}]},{\"@type\":\"WebSite\",\"@id\":\"https:\/\/innoticiasbo.com\/#website\",\"url\":\"https:\/\/innoticiasbo.com\/\",\"name\":\"innoticiasbo.com\",\"description\":\"\",\"publisher\":{\"@id\":\"https:\/\/innoticiasbo.com\/#organization\"},\"potentialAction\":[{\"@type\":\"SearchAction\",\"target\":{\"@type\":\"EntryPoint\",\"urlTemplate\":\"https:\/\/innoticiasbo.com\/?s={search_term_string}\"},\"query-input\":{\"@type\":\"PropertyValueSpecification\",\"valueRequired\":true,\"valueName\":\"search_term_string\"}}],\"inLanguage\":\"es\"},{\"@type\":\"Organization\",\"@id\":\"https:\/\/innoticiasbo.com\/#organization\",\"name\":\"innoticiasbo.com\",\"url\":\"https:\/\/innoticiasbo.com\/\",\"logo\":{\"@type\":\"ImageObject\",\"inLanguage\":\"es\",\"@id\":\"https:\/\/innoticiasbo.com\/#\/schema\/logo\/image\/\",\"url\":\"https:\/\/i0.wp.com\/innoticiasbo.com\/wp-content\/uploads\/2026\/04\/cropped-IN-LOGO.png?fit=1476%2C1476&ssl=1\",\"contentUrl\":\"https:\/\/i0.wp.com\/innoticiasbo.com\/wp-content\/uploads\/2026\/04\/cropped-IN-LOGO.png?fit=1476%2C1476&ssl=1\",\"width\":1476,\"height\":1476,\"caption\":\"innoticiasbo.com\"},\"image\":{\"@id\":\"https:\/\/innoticiasbo.com\/#\/schema\/logo\/image\/\"},\"sameAs\":[\"https:\/\/www.facebook.com\/innoticiasbolivia\",\"https:\/\/x.com\/innoticiasbo\",\"https:\/\/www.instagram.com\/innoticiasbo\",\"https:\/\/www.youtube.com\/innoticiasbo\"]},{\"@type\":\"Person\",\"@id\":\"https:\/\/innoticiasbo.com\/#\/schema\/person\/0b28481e8d0316f83a13bc702311def5\",\"name\":\"Prensa 11\",\"image\":{\"@type\":\"ImageObject\",\"inLanguage\":\"es\",\"@id\":\"https:\/\/innoticiasbo.com\/#\/schema\/person\/image\/\",\"url\":\"https:\/\/secure.gravatar.com\/avatar\/696560c17349f1807a610bf83832bad0?s=96&d=mm&r=g\",\"contentUrl\":\"https:\/\/secure.gravatar.com\/avatar\/696560c17349f1807a610bf83832bad0?s=96&d=mm&r=g\",\"caption\":\"Prensa 11\"},\"sameAs\":[\"http:\/\/www.innoticiasbo.com\"],\"url\":\"https:\/\/innoticiasbo.com\/index.php\/author\/prensa-11\/\"}]}<\/script>\n<!-- \/ Yoast SEO plugin. -->","yoast_head_json":{"title":"ARCE NIEGA PROTECCI\u00d3N A MARSET Y EST\u00c1 DISPUESTO A COLABORAR CON LA INVESTIGACI\u00d3N, SEG\u00daN ABOGADO - innoticiasbo.com","robots":{"index":"index","follow":"follow","max-snippet":"max-snippet:-1","max-image-preview":"max-image-preview:large","max-video-preview":"max-video-preview:-1"},"canonical":"https:\/\/innoticiasbo.com\/index.php\/2026\/03\/16\/arce-niega-proteccion-a-marset-y-esta-dispuesto-a-colaborar-con-la-investigacion-segun-abogado\/","og_locale":"es_ES","og_type":"article","og_title":"ARCE NIEGA PROTECCI\u00d3N A MARSET Y EST\u00c1 DISPUESTO A COLABORAR CON LA INVESTIGACI\u00d3N, SEG\u00daN ABOGADO - innoticiasbo.com","og_description":"Pa\u00eds, 16 de Marzo de 2026.- Arce lleva encarcelado tres meses por el caso Fondo Ind\u00edgena, tiempo en el cual ha sufrido un deterioro en su estado de salud, que ya ven\u00eda golpeado tras haber sufrido c\u00e1ncer, indic\u00f3 el abogado. El abogado Fernando Rivadeneira, abogado del expresidente Luis Arce, neg\u00f3 que el Gobierno de su...","og_url":"https:\/\/innoticiasbo.com\/index.php\/2026\/03\/16\/arce-niega-proteccion-a-marset-y-esta-dispuesto-a-colaborar-con-la-investigacion-segun-abogado\/","og_site_name":"innoticiasbo.com","article_publisher":"https:\/\/www.facebook.com\/innoticiasbolivia","article_published_time":"2026-03-17T02:09:53+00:00","article_modified_time":"2026-03-17T02:09:55+00:00","og_image":[{"width":992,"height":558,"url":"https:\/\/innoticiasbo.com\/wp-content\/uploads\/2026\/03\/image-207.png","type":"image\/png"}],"author":"Prensa 11","twitter_card":"summary_large_image","twitter_creator":"@innoticiasbo","twitter_site":"@innoticiasbo","twitter_misc":{"Escrito por":"Prensa 11","Tiempo de lectura":"3 minutos"},"schema":{"@context":"https:\/\/schema.org","@graph":[{"@type":"Article","@id":"https:\/\/innoticiasbo.com\/index.php\/2026\/03\/16\/arce-niega-proteccion-a-marset-y-esta-dispuesto-a-colaborar-con-la-investigacion-segun-abogado\/#article","isPartOf":{"@id":"https:\/\/innoticiasbo.com\/index.php\/2026\/03\/16\/arce-niega-proteccion-a-marset-y-esta-dispuesto-a-colaborar-con-la-investigacion-segun-abogado\/"},"author":{"name":"Prensa 11","@id":"https:\/\/innoticiasbo.com\/#\/schema\/person\/0b28481e8d0316f83a13bc702311def5"},"headline":"ARCE NIEGA PROTECCI\u00d3N A MARSET Y EST\u00c1 DISPUESTO A COLABORAR CON LA INVESTIGACI\u00d3N, SEG\u00daN ABOGADO","datePublished":"2026-03-17T02:09:53+00:00","dateModified":"2026-03-17T02:09:55+00:00","mainEntityOfPage":{"@id":"https:\/\/innoticiasbo.com\/index.php\/2026\/03\/16\/arce-niega-proteccion-a-marset-y-esta-dispuesto-a-colaborar-con-la-investigacion-segun-abogado\/"},"wordCount":450,"commentCount":0,"publisher":{"@id":"https:\/\/innoticiasbo.com\/#organization"},"image":{"@id":"https:\/\/innoticiasbo.com\/index.php\/2026\/03\/16\/arce-niega-proteccion-a-marset-y-esta-dispuesto-a-colaborar-con-la-investigacion-segun-abogado\/#primaryimage"},"thumbnailUrl":"https:\/\/i0.wp.com\/innoticiasbo.com\/wp-content\/uploads\/2026\/03\/image-207.png?fit=992%2C558&ssl=1","keywords":["Bolivia","Caso Fondo Ind\u00edgena","Luis Arce","Luis Arce Catacora","Pol\u00edtica","protecci\u00f3n","Sebasti\u00e1n Marset"],"articleSection":["Bolivia","Pol\u00edtica"],"inLanguage":"es","potentialAction":[{"@type":"CommentAction","name":"Comment","target":["https:\/\/innoticiasbo.com\/index.php\/2026\/03\/16\/arce-niega-proteccion-a-marset-y-esta-dispuesto-a-colaborar-con-la-investigacion-segun-abogado\/#respond"]}]},{"@type":"WebPage","@id":"https:\/\/innoticiasbo.com\/index.php\/2026\/03\/16\/arce-niega-proteccion-a-marset-y-esta-dispuesto-a-colaborar-con-la-investigacion-segun-abogado\/","url":"https:\/\/innoticiasbo.com\/index.php\/2026\/03\/16\/arce-niega-proteccion-a-marset-y-esta-dispuesto-a-colaborar-con-la-investigacion-segun-abogado\/","name":"ARCE NIEGA PROTECCI\u00d3N A MARSET Y EST\u00c1 DISPUESTO A COLABORAR CON LA INVESTIGACI\u00d3N, SEG\u00daN ABOGADO - innoticiasbo.com","isPartOf":{"@id":"https:\/\/innoticiasbo.com\/#website"},"primaryImageOfPage":{"@id":"https:\/\/innoticiasbo.com\/index.php\/2026\/03\/16\/arce-niega-proteccion-a-marset-y-esta-dispuesto-a-colaborar-con-la-investigacion-segun-abogado\/#primaryimage"},"image":{"@id":"https:\/\/innoticiasbo.com\/index.php\/2026\/03\/16\/arce-niega-proteccion-a-marset-y-esta-dispuesto-a-colaborar-con-la-investigacion-segun-abogado\/#primaryimage"},"thumbnailUrl":"https:\/\/i0.wp.com\/innoticiasbo.com\/wp-content\/uploads\/2026\/03\/image-207.png?fit=992%2C558&ssl=1","datePublished":"2026-03-17T02:09:53+00:00","dateModified":"2026-03-17T02:09:55+00:00","breadcrumb":{"@id":"https:\/\/innoticiasbo.com\/index.php\/2026\/03\/16\/arce-niega-proteccion-a-marset-y-esta-dispuesto-a-colaborar-con-la-investigacion-segun-abogado\/#breadcrumb"},"inLanguage":"es","potentialAction":[{"@type":"ReadAction","target":["https:\/\/innoticiasbo.com\/index.php\/2026\/03\/16\/arce-niega-proteccion-a-marset-y-esta-dispuesto-a-colaborar-con-la-investigacion-segun-abogado\/"]}]},{"@type":"ImageObject","inLanguage":"es","@id":"https:\/\/innoticiasbo.com\/index.php\/2026\/03\/16\/arce-niega-proteccion-a-marset-y-esta-dispuesto-a-colaborar-con-la-investigacion-segun-abogado\/#primaryimage","url":"https:\/\/i0.wp.com\/innoticiasbo.com\/wp-content\/uploads\/2026\/03\/image-207.png?fit=992%2C558&ssl=1","contentUrl":"https:\/\/i0.wp.com\/innoticiasbo.com\/wp-content\/uploads\/2026\/03\/image-207.png?fit=992%2C558&ssl=1","width":992,"height":558},{"@type":"BreadcrumbList","@id":"https:\/\/innoticiasbo.com\/index.php\/2026\/03\/16\/arce-niega-proteccion-a-marset-y-esta-dispuesto-a-colaborar-con-la-investigacion-segun-abogado\/#breadcrumb","itemListElement":[{"@type":"ListItem","position":1,"name":"Portada","item":"https:\/\/innoticiasbo.com\/"},{"@type":"ListItem","position":2,"name":"ARCE NIEGA PROTECCI\u00d3N A MARSET Y EST\u00c1 DISPUESTO A COLABORAR CON LA INVESTIGACI\u00d3N, SEG\u00daN ABOGADO"}]},{"@type":"WebSite","@id":"https:\/\/innoticiasbo.com\/#website","url":"https:\/\/innoticiasbo.com\/","name":"innoticiasbo.com","description":"","publisher":{"@id":"https:\/\/innoticiasbo.com\/#organization"},"potentialAction":[{"@type":"SearchAction","target":{"@type":"EntryPoint","urlTemplate":"https:\/\/innoticiasbo.com\/?s={search_term_string}"},"query-input":{"@type":"PropertyValueSpecification","valueRequired":true,"valueName":"search_term_string"}}],"inLanguage":"es"},{"@type":"Organization","@id":"https:\/\/innoticiasbo.com\/#organization","name":"innoticiasbo.com","url":"https:\/\/innoticiasbo.com\/","logo":{"@type":"ImageObject","inLanguage":"es","@id":"https:\/\/innoticiasbo.com\/#\/schema\/logo\/image\/","url":"https:\/\/i0.wp.com\/innoticiasbo.com\/wp-content\/uploads\/2026\/04\/cropped-IN-LOGO.png?fit=1476%2C1476&ssl=1","contentUrl":"https:\/\/i0.wp.com\/innoticiasbo.com\/wp-content\/uploads\/2026\/04\/cropped-IN-LOGO.png?fit=1476%2C1476&ssl=1","width":1476,"height":1476,"caption":"innoticiasbo.com"},"image":{"@id":"https:\/\/innoticiasbo.com\/#\/schema\/logo\/image\/"},"sameAs":["https:\/\/www.facebook.com\/innoticiasbolivia","https:\/\/x.com\/innoticiasbo","https:\/\/www.instagram.com\/innoticiasbo","https:\/\/www.youtube.com\/innoticiasbo"]},{"@type":"Person","@id":"https:\/\/innoticiasbo.com\/#\/schema\/person\/0b28481e8d0316f83a13bc702311def5","name":"Prensa 11","image":{"@type":"ImageObject","inLanguage":"es","@id":"https:\/\/innoticiasbo.com\/#\/schema\/person\/image\/","url":"https:\/\/secure.gravatar.com\/avatar\/696560c17349f1807a610bf83832bad0?s=96&d=mm&r=g","contentUrl":"https:\/\/secure.gravatar.com\/avatar\/696560c17349f1807a610bf83832bad0?s=96&d=mm&r=g","caption":"Prensa 11"},"sameAs":["http:\/\/www.innoticiasbo.com"],"url":"https:\/\/innoticiasbo.com\/index.php\/author\/prensa-11\/"}]}},"jetpack_featured_media_url":"https:\/\/i0.wp.com\/innoticiasbo.com\/wp-content\/uploads\/2026\/03\/image-207.png?fit=992%2C558&ssl=1","jetpack_likes_enabled":true,"jetpack_sharing_enabled":true,"jetpack_shortlink":"https:\/\/wp.me\/pg298x-2wD","_links":{"self":[{"href":"https:\/\/innoticiasbo.com\/index.php\/wp-json\/wp\/v2\/posts\/9711","targetHints":{"allow":["GET"]}}],"collection":[{"href":"https:\/\/innoticiasbo.com\/index.php\/wp-json\/wp\/v2\/posts"}],"about":[{"href":"https:\/\/innoticiasbo.com\/index.php\/wp-json\/wp\/v2\/types\/post"}],"author":[{"embeddable":true,"href":"https:\/\/innoticiasbo.com\/index.php\/wp-json\/wp\/v2\/users\/11"}],"replies":[{"embeddable":true,"href":"https:\/\/innoticiasbo.com\/index.php\/wp-json\/wp\/v2\/comments?post=9711"}],"version-history":[{"count":1,"href":"https:\/\/innoticiasbo.com\/index.php\/wp-json\/wp\/v2\/posts\/9711\/revisions"}],"predecessor-version":[{"id":9713,"href":"https:\/\/innoticiasbo.com\/index.php\/wp-json\/wp\/v2\/posts\/9711\/revisions\/9713"}],"wp:featuredmedia":[{"embeddable":true,"href":"https:\/\/innoticiasbo.com\/index.php\/wp-json\/wp\/v2\/media\/9712"}],"wp:attachment":[{"href":"https:\/\/innoticiasbo.com\/index.php\/wp-json\/wp\/v2\/media?parent=9711"}],"wp:term":[{"taxonomy":"category","embeddable":true,"href":"https:\/\/innoticiasbo.com\/index.php\/wp-json\/wp\/v2\/categories?post=9711"},{"taxonomy":"post_tag","embeddable":true,"href":"https:\/\/innoticiasbo.com\/index.php\/wp-json\/wp\/v2\/tags?post=9711"}],"curies":[{"name":"wp","href":"https:\/\/api.w.org\/{rel}","templated":true}]}}