{"id":9708,"date":"2026-03-16T21:33:32","date_gmt":"2026-03-17T01:33:32","guid":{"rendered":"https:\/\/innoticiasbo.com\/?p=9708"},"modified":"2026-03-16T21:33:34","modified_gmt":"2026-03-17T01:33:34","slug":"bolivia-y-brasil-acuerdan-estrategia-de-vigilancia-fronteriza-con-drones-y-radares","status":"publish","type":"post","link":"https:\/\/innoticiasbo.com\/index.php\/2026\/03\/16\/bolivia-y-brasil-acuerdan-estrategia-de-vigilancia-fronteriza-con-drones-y-radares\/","title":{"rendered":"BOLIVIA Y BRASIL ACUERDAN ESTRATEGIA DE VIGILANCIA FRONTERIZA CON DRONES Y RADARES"},"content":{"rendered":"\n<figure class=\"wp-block-image size-large\"><img data-recalc-dims=\"1\" loading=\"lazy\" decoding=\"async\" width=\"640\" height=\"405\" src=\"https:\/\/i0.wp.com\/innoticiasbo.com\/wp-content\/uploads\/2026\/03\/image-206.png?resize=640%2C405&#038;ssl=1\" alt=\"\" class=\"wp-image-9709\" srcset=\"https:\/\/i0.wp.com\/innoticiasbo.com\/wp-content\/uploads\/2026\/03\/image-206.png?resize=1024%2C648&amp;ssl=1 1024w, https:\/\/i0.wp.com\/innoticiasbo.com\/wp-content\/uploads\/2026\/03\/image-206.png?resize=300%2C190&amp;ssl=1 300w, https:\/\/i0.wp.com\/innoticiasbo.com\/wp-content\/uploads\/2026\/03\/image-206.png?resize=768%2C486&amp;ssl=1 768w, https:\/\/i0.wp.com\/innoticiasbo.com\/wp-content\/uploads\/2026\/03\/image-206.png?resize=1536%2C972&amp;ssl=1 1536w, https:\/\/i0.wp.com\/innoticiasbo.com\/wp-content\/uploads\/2026\/03\/image-206.png?resize=150%2C95&amp;ssl=1 150w, https:\/\/i0.wp.com\/innoticiasbo.com\/wp-content\/uploads\/2026\/03\/image-206.png?w=1600&amp;ssl=1 1600w, https:\/\/i0.wp.com\/innoticiasbo.com\/wp-content\/uploads\/2026\/03\/image-206.png?w=1280&amp;ssl=1 1280w\" sizes=\"auto, (max-width: 640px) 100vw, 640px\" \/><\/figure>\n\n\n\n<p><strong>Brasilia, 16 de Marzo de 2026.- <\/strong>En el marco de la visita oficial del presidente de Bolivia, Rodrigo Paz Pereira, a su hom\u00f3logo de Brasil, Luiz In\u00e1cio Lula da Silva, el ministro de Defensa de Bolivia, Marcelo Salinas, sostuvo una reuni\u00f3n bilateral con el ministro de Defensa de Brasil, Jos\u00e9 M\u00facio Monteiro Filho, en la ciudad de Brasilia.<\/p>\n\n\n\n<p>Durante el encuentro, ambas autoridades acordaron impulsar una estrategia de vigilancia integral en la frontera com\u00fan, que incorporar\u00e1 el uso de tecnolog\u00eda como drones, radares y otros sistemas de monitoreo, con el objetivo de fortalecer el control territorial y enfrentar amenazas transnacionales.<\/p>\n\n\n\n<p>Asimismo, los ministros definieron impulsar operaciones coordinadas, particularmente en la regi\u00f3n amaz\u00f3nica, y establecieron una agenda de trabajo para una pr\u00f3xima reuni\u00f3n bilateral enfocada en el fortalecimiento de la seguridad en las zonas fronterizas.<\/p>\n\n\n\n<p>Entre los principales temas de esta agenda se encuentran la navegaci\u00f3n fluvio-mar\u00edtima, la seguridad fronteriza, la lucha contra la miner\u00eda ilegal y el intercambio de informaci\u00f3n, con el fin de mejorar la capacidad de respuesta conjunta frente a actividades il\u00edcitas en la regi\u00f3n.<\/p>\n\n\n\n<p>En el marco de las conversaciones, tambi\u00e9n se avanza en la negociaci\u00f3n de una importante donaci\u00f3n por parte de Brasil, destinada a mejorar las capacidades operativas de las Fuerzas Armadas de Bolivia.<\/p>\n\n\n\n<p>Durante la reuni\u00f3n, el ministro Salinas destac\u00f3 que Bolivia impulsa una pol\u00edtica de seguridad cooperativa para enfrentar desaf\u00edos cada vez m\u00e1s complejos y transnacionales, como el crimen organizado, la narco-subversi\u00f3n, los incendios forestales, la ciberdefensa y la explotaci\u00f3n ilegal de recursos naturales.<\/p>\n\n\n\n<p>Las autoridades coincidieron en que el objetivo com\u00fan es consolidar fronteras seguras que se transformen en espacios de integraci\u00f3n, estabilidad y desarrollo compartido, fortaleciendo la cooperaci\u00f3n estrat\u00e9gica entre ambos pa\u00edses en materia de defensa y seguridad regional.<\/p>\n","protected":false},"excerpt":{"rendered":"<p>Brasilia, 16 de Marzo de 2026.- En el marco de la visita oficial del presidente de Bolivia, Rodrigo Paz Pereira, a su hom\u00f3logo de Brasil, Luiz In\u00e1cio Lula da Silva, el ministro de Defensa de Bolivia, Marcelo Salinas, sostuvo una reuni\u00f3n bilateral con el ministro de Defensa de Brasil, Jos\u00e9 M\u00facio Monteiro Filho, en la&#8230;<\/p>\n","protected":false},"author":11,"featured_media":9709,"comment_status":"open","ping_status":"open","sticky":false,"template":"","format":"standard","meta":{"_jetpack_memberships_contains_paid_content":false,"footnotes":"","jetpack_publicize_message":"","jetpack_publicize_feature_enabled":true,"jetpack_social_post_already_shared":true,"jetpack_social_options":{"image_generator_settings":{"template":"highway","enabled":false},"version":2}},"categories":[684,3],"tags":[1535,1269,267,1536,8,1539,10,1538,345,1537],"class_list":["post-9708","post","type-post","status-publish","format-standard","has-post-thumbnail","hentry","category-internacional","category-politica","tag-brasil","tag-cibervigilancia","tag-drones","tag-estrategia-fronteriza","tag-internacional","tag-luiz-inacio-lula-da-silva","tag-politica","tag-radares","tag-rodrigo-paz","tag-vigilancia-fronteriza"],"jetpack_publicize_connections":[],"yoast_head":"<!-- This site is optimized with the Yoast SEO plugin v23.4 - https:\/\/yoast.com\/wordpress\/plugins\/seo\/ -->\n<title>BOLIVIA Y BRASIL ACUERDAN ESTRATEGIA DE VIGILANCIA FRONTERIZA CON DRONES Y RADARES - innoticiasbo.com<\/title>\n<meta name=\"robots\" content=\"index, follow, max-snippet:-1, max-image-preview:large, max-video-preview:-1\" \/>\n<link rel=\"canonical\" href=\"https:\/\/innoticiasbo.com\/index.php\/2026\/03\/16\/bolivia-y-brasil-acuerdan-estrategia-de-vigilancia-fronteriza-con-drones-y-radares\/\" \/>\n<meta property=\"og:locale\" content=\"es_ES\" \/>\n<meta property=\"og:type\" content=\"article\" \/>\n<meta property=\"og:title\" content=\"BOLIVIA Y BRASIL ACUERDAN ESTRATEGIA DE VIGILANCIA FRONTERIZA CON DRONES Y RADARES - innoticiasbo.com\" \/>\n<meta property=\"og:description\" content=\"Brasilia, 16 de Marzo de 2026.- En el marco de la visita oficial del presidente de Bolivia, Rodrigo Paz Pereira, a su hom\u00f3logo de Brasil, Luiz In\u00e1cio Lula da Silva, el ministro de Defensa de Bolivia, Marcelo Salinas, sostuvo una reuni\u00f3n bilateral con el ministro de Defensa de Brasil, Jos\u00e9 M\u00facio Monteiro Filho, en la...\" \/>\n<meta property=\"og:url\" content=\"https:\/\/innoticiasbo.com\/index.php\/2026\/03\/16\/bolivia-y-brasil-acuerdan-estrategia-de-vigilancia-fronteriza-con-drones-y-radares\/\" \/>\n<meta property=\"og:site_name\" content=\"innoticiasbo.com\" \/>\n<meta property=\"article:publisher\" content=\"https:\/\/www.facebook.com\/innoticiasbolivia\" \/>\n<meta property=\"article:published_time\" content=\"2026-03-17T01:33:32+00:00\" \/>\n<meta property=\"article:modified_time\" content=\"2026-03-17T01:33:34+00:00\" \/>\n<meta property=\"og:image\" content=\"https:\/\/innoticiasbo.com\/wp-content\/uploads\/2026\/03\/image-206.png\" \/>\n\t<meta property=\"og:image:width\" content=\"1600\" \/>\n\t<meta property=\"og:image:height\" content=\"1013\" \/>\n\t<meta property=\"og:image:type\" content=\"image\/png\" \/>\n<meta name=\"author\" content=\"Prensa 11\" \/>\n<meta name=\"twitter:card\" content=\"summary_large_image\" \/>\n<meta name=\"twitter:creator\" content=\"@innoticiasbo\" \/>\n<meta name=\"twitter:site\" content=\"@innoticiasbo\" \/>\n<meta name=\"twitter:label1\" content=\"Escrito por\" \/>\n\t<meta name=\"twitter:data1\" content=\"Prensa 11\" \/>\n\t<meta name=\"twitter:label2\" content=\"Tiempo de lectura\" \/>\n\t<meta name=\"twitter:data2\" content=\"2 minutos\" \/>\n<script type=\"application\/ld+json\" class=\"yoast-schema-graph\">{\"@context\":\"https:\/\/schema.org\",\"@graph\":[{\"@type\":\"Article\",\"@id\":\"https:\/\/innoticiasbo.com\/index.php\/2026\/03\/16\/bolivia-y-brasil-acuerdan-estrategia-de-vigilancia-fronteriza-con-drones-y-radares\/#article\",\"isPartOf\":{\"@id\":\"https:\/\/innoticiasbo.com\/index.php\/2026\/03\/16\/bolivia-y-brasil-acuerdan-estrategia-de-vigilancia-fronteriza-con-drones-y-radares\/\"},\"author\":{\"name\":\"Prensa 11\",\"@id\":\"https:\/\/innoticiasbo.com\/#\/schema\/person\/0b28481e8d0316f83a13bc702311def5\"},\"headline\":\"BOLIVIA Y BRASIL ACUERDAN ESTRATEGIA DE VIGILANCIA FRONTERIZA CON DRONES Y RADARES\",\"datePublished\":\"2026-03-17T01:33:32+00:00\",\"dateModified\":\"2026-03-17T01:33:34+00:00\",\"mainEntityOfPage\":{\"@id\":\"https:\/\/innoticiasbo.com\/index.php\/2026\/03\/16\/bolivia-y-brasil-acuerdan-estrategia-de-vigilancia-fronteriza-con-drones-y-radares\/\"},\"wordCount\":329,\"commentCount\":0,\"publisher\":{\"@id\":\"https:\/\/innoticiasbo.com\/#organization\"},\"image\":{\"@id\":\"https:\/\/innoticiasbo.com\/index.php\/2026\/03\/16\/bolivia-y-brasil-acuerdan-estrategia-de-vigilancia-fronteriza-con-drones-y-radares\/#primaryimage\"},\"thumbnailUrl\":\"https:\/\/i0.wp.com\/innoticiasbo.com\/wp-content\/uploads\/2026\/03\/image-206.png?fit=1600%2C1013&ssl=1\",\"keywords\":[\"Brasil\",\"Cibervigilancia\",\"drones\",\"estrategia fronteriza\",\"Internacional\",\"Luiz In\u00e1cio Lula da Silva\",\"Pol\u00edtica\",\"radares\",\"Rodrigo Paz\",\"vigilancia fronteriza\"],\"articleSection\":[\"Internacional\",\"Pol\u00edtica\"],\"inLanguage\":\"es\",\"potentialAction\":[{\"@type\":\"CommentAction\",\"name\":\"Comment\",\"target\":[\"https:\/\/innoticiasbo.com\/index.php\/2026\/03\/16\/bolivia-y-brasil-acuerdan-estrategia-de-vigilancia-fronteriza-con-drones-y-radares\/#respond\"]}]},{\"@type\":\"WebPage\",\"@id\":\"https:\/\/innoticiasbo.com\/index.php\/2026\/03\/16\/bolivia-y-brasil-acuerdan-estrategia-de-vigilancia-fronteriza-con-drones-y-radares\/\",\"url\":\"https:\/\/innoticiasbo.com\/index.php\/2026\/03\/16\/bolivia-y-brasil-acuerdan-estrategia-de-vigilancia-fronteriza-con-drones-y-radares\/\",\"name\":\"BOLIVIA Y BRASIL ACUERDAN ESTRATEGIA DE VIGILANCIA FRONTERIZA CON DRONES Y RADARES - innoticiasbo.com\",\"isPartOf\":{\"@id\":\"https:\/\/innoticiasbo.com\/#website\"},\"primaryImageOfPage\":{\"@id\":\"https:\/\/innoticiasbo.com\/index.php\/2026\/03\/16\/bolivia-y-brasil-acuerdan-estrategia-de-vigilancia-fronteriza-con-drones-y-radares\/#primaryimage\"},\"image\":{\"@id\":\"https:\/\/innoticiasbo.com\/index.php\/2026\/03\/16\/bolivia-y-brasil-acuerdan-estrategia-de-vigilancia-fronteriza-con-drones-y-radares\/#primaryimage\"},\"thumbnailUrl\":\"https:\/\/i0.wp.com\/innoticiasbo.com\/wp-content\/uploads\/2026\/03\/image-206.png?fit=1600%2C1013&ssl=1\",\"datePublished\":\"2026-03-17T01:33:32+00:00\",\"dateModified\":\"2026-03-17T01:33:34+00:00\",\"breadcrumb\":{\"@id\":\"https:\/\/innoticiasbo.com\/index.php\/2026\/03\/16\/bolivia-y-brasil-acuerdan-estrategia-de-vigilancia-fronteriza-con-drones-y-radares\/#breadcrumb\"},\"inLanguage\":\"es\",\"potentialAction\":[{\"@type\":\"ReadAction\",\"target\":[\"https:\/\/innoticiasbo.com\/index.php\/2026\/03\/16\/bolivia-y-brasil-acuerdan-estrategia-de-vigilancia-fronteriza-con-drones-y-radares\/\"]}]},{\"@type\":\"ImageObject\",\"inLanguage\":\"es\",\"@id\":\"https:\/\/innoticiasbo.com\/index.php\/2026\/03\/16\/bolivia-y-brasil-acuerdan-estrategia-de-vigilancia-fronteriza-con-drones-y-radares\/#primaryimage\",\"url\":\"https:\/\/i0.wp.com\/innoticiasbo.com\/wp-content\/uploads\/2026\/03\/image-206.png?fit=1600%2C1013&ssl=1\",\"contentUrl\":\"https:\/\/i0.wp.com\/innoticiasbo.com\/wp-content\/uploads\/2026\/03\/image-206.png?fit=1600%2C1013&ssl=1\",\"width\":1600,\"height\":1013},{\"@type\":\"BreadcrumbList\",\"@id\":\"https:\/\/innoticiasbo.com\/index.php\/2026\/03\/16\/bolivia-y-brasil-acuerdan-estrategia-de-vigilancia-fronteriza-con-drones-y-radares\/#breadcrumb\",\"itemListElement\":[{\"@type\":\"ListItem\",\"position\":1,\"name\":\"Portada\",\"item\":\"https:\/\/innoticiasbo.com\/\"},{\"@type\":\"ListItem\",\"position\":2,\"name\":\"BOLIVIA Y BRASIL ACUERDAN ESTRATEGIA DE VIGILANCIA FRONTERIZA CON DRONES Y RADARES\"}]},{\"@type\":\"WebSite\",\"@id\":\"https:\/\/innoticiasbo.com\/#website\",\"url\":\"https:\/\/innoticiasbo.com\/\",\"name\":\"innoticiasbo.com\",\"description\":\"\",\"publisher\":{\"@id\":\"https:\/\/innoticiasbo.com\/#organization\"},\"potentialAction\":[{\"@type\":\"SearchAction\",\"target\":{\"@type\":\"EntryPoint\",\"urlTemplate\":\"https:\/\/innoticiasbo.com\/?s={search_term_string}\"},\"query-input\":{\"@type\":\"PropertyValueSpecification\",\"valueRequired\":true,\"valueName\":\"search_term_string\"}}],\"inLanguage\":\"es\"},{\"@type\":\"Organization\",\"@id\":\"https:\/\/innoticiasbo.com\/#organization\",\"name\":\"innoticiasbo.com\",\"url\":\"https:\/\/innoticiasbo.com\/\",\"logo\":{\"@type\":\"ImageObject\",\"inLanguage\":\"es\",\"@id\":\"https:\/\/innoticiasbo.com\/#\/schema\/logo\/image\/\",\"url\":\"https:\/\/i0.wp.com\/innoticiasbo.com\/wp-content\/uploads\/2026\/04\/cropped-IN-LOGO.png?fit=1476%2C1476&ssl=1\",\"contentUrl\":\"https:\/\/i0.wp.com\/innoticiasbo.com\/wp-content\/uploads\/2026\/04\/cropped-IN-LOGO.png?fit=1476%2C1476&ssl=1\",\"width\":1476,\"height\":1476,\"caption\":\"innoticiasbo.com\"},\"image\":{\"@id\":\"https:\/\/innoticiasbo.com\/#\/schema\/logo\/image\/\"},\"sameAs\":[\"https:\/\/www.facebook.com\/innoticiasbolivia\",\"https:\/\/x.com\/innoticiasbo\",\"https:\/\/www.instagram.com\/innoticiasbo\",\"https:\/\/www.youtube.com\/innoticiasbo\"]},{\"@type\":\"Person\",\"@id\":\"https:\/\/innoticiasbo.com\/#\/schema\/person\/0b28481e8d0316f83a13bc702311def5\",\"name\":\"Prensa 11\",\"image\":{\"@type\":\"ImageObject\",\"inLanguage\":\"es\",\"@id\":\"https:\/\/innoticiasbo.com\/#\/schema\/person\/image\/\",\"url\":\"https:\/\/secure.gravatar.com\/avatar\/696560c17349f1807a610bf83832bad0?s=96&d=mm&r=g\",\"contentUrl\":\"https:\/\/secure.gravatar.com\/avatar\/696560c17349f1807a610bf83832bad0?s=96&d=mm&r=g\",\"caption\":\"Prensa 11\"},\"sameAs\":[\"http:\/\/www.innoticiasbo.com\"],\"url\":\"https:\/\/innoticiasbo.com\/index.php\/author\/prensa-11\/\"}]}<\/script>\n<!-- \/ Yoast SEO plugin. -->","yoast_head_json":{"title":"BOLIVIA Y BRASIL ACUERDAN ESTRATEGIA DE VIGILANCIA FRONTERIZA CON DRONES Y RADARES - innoticiasbo.com","robots":{"index":"index","follow":"follow","max-snippet":"max-snippet:-1","max-image-preview":"max-image-preview:large","max-video-preview":"max-video-preview:-1"},"canonical":"https:\/\/innoticiasbo.com\/index.php\/2026\/03\/16\/bolivia-y-brasil-acuerdan-estrategia-de-vigilancia-fronteriza-con-drones-y-radares\/","og_locale":"es_ES","og_type":"article","og_title":"BOLIVIA Y BRASIL ACUERDAN ESTRATEGIA DE VIGILANCIA FRONTERIZA CON DRONES Y RADARES - innoticiasbo.com","og_description":"Brasilia, 16 de Marzo de 2026.- En el marco de la visita oficial del presidente de Bolivia, Rodrigo Paz Pereira, a su hom\u00f3logo de Brasil, Luiz In\u00e1cio Lula da Silva, el ministro de Defensa de Bolivia, Marcelo Salinas, sostuvo una reuni\u00f3n bilateral con el ministro de Defensa de Brasil, Jos\u00e9 M\u00facio Monteiro Filho, en la...","og_url":"https:\/\/innoticiasbo.com\/index.php\/2026\/03\/16\/bolivia-y-brasil-acuerdan-estrategia-de-vigilancia-fronteriza-con-drones-y-radares\/","og_site_name":"innoticiasbo.com","article_publisher":"https:\/\/www.facebook.com\/innoticiasbolivia","article_published_time":"2026-03-17T01:33:32+00:00","article_modified_time":"2026-03-17T01:33:34+00:00","og_image":[{"width":1600,"height":1013,"url":"https:\/\/innoticiasbo.com\/wp-content\/uploads\/2026\/03\/image-206.png","type":"image\/png"}],"author":"Prensa 11","twitter_card":"summary_large_image","twitter_creator":"@innoticiasbo","twitter_site":"@innoticiasbo","twitter_misc":{"Escrito por":"Prensa 11","Tiempo de lectura":"2 minutos"},"schema":{"@context":"https:\/\/schema.org","@graph":[{"@type":"Article","@id":"https:\/\/innoticiasbo.com\/index.php\/2026\/03\/16\/bolivia-y-brasil-acuerdan-estrategia-de-vigilancia-fronteriza-con-drones-y-radares\/#article","isPartOf":{"@id":"https:\/\/innoticiasbo.com\/index.php\/2026\/03\/16\/bolivia-y-brasil-acuerdan-estrategia-de-vigilancia-fronteriza-con-drones-y-radares\/"},"author":{"name":"Prensa 11","@id":"https:\/\/innoticiasbo.com\/#\/schema\/person\/0b28481e8d0316f83a13bc702311def5"},"headline":"BOLIVIA Y BRASIL ACUERDAN ESTRATEGIA DE VIGILANCIA FRONTERIZA CON DRONES Y RADARES","datePublished":"2026-03-17T01:33:32+00:00","dateModified":"2026-03-17T01:33:34+00:00","mainEntityOfPage":{"@id":"https:\/\/innoticiasbo.com\/index.php\/2026\/03\/16\/bolivia-y-brasil-acuerdan-estrategia-de-vigilancia-fronteriza-con-drones-y-radares\/"},"wordCount":329,"commentCount":0,"publisher":{"@id":"https:\/\/innoticiasbo.com\/#organization"},"image":{"@id":"https:\/\/innoticiasbo.com\/index.php\/2026\/03\/16\/bolivia-y-brasil-acuerdan-estrategia-de-vigilancia-fronteriza-con-drones-y-radares\/#primaryimage"},"thumbnailUrl":"https:\/\/i0.wp.com\/innoticiasbo.com\/wp-content\/uploads\/2026\/03\/image-206.png?fit=1600%2C1013&ssl=1","keywords":["Brasil","Cibervigilancia","drones","estrategia fronteriza","Internacional","Luiz In\u00e1cio Lula da Silva","Pol\u00edtica","radares","Rodrigo Paz","vigilancia fronteriza"],"articleSection":["Internacional","Pol\u00edtica"],"inLanguage":"es","potentialAction":[{"@type":"CommentAction","name":"Comment","target":["https:\/\/innoticiasbo.com\/index.php\/2026\/03\/16\/bolivia-y-brasil-acuerdan-estrategia-de-vigilancia-fronteriza-con-drones-y-radares\/#respond"]}]},{"@type":"WebPage","@id":"https:\/\/innoticiasbo.com\/index.php\/2026\/03\/16\/bolivia-y-brasil-acuerdan-estrategia-de-vigilancia-fronteriza-con-drones-y-radares\/","url":"https:\/\/innoticiasbo.com\/index.php\/2026\/03\/16\/bolivia-y-brasil-acuerdan-estrategia-de-vigilancia-fronteriza-con-drones-y-radares\/","name":"BOLIVIA Y BRASIL ACUERDAN ESTRATEGIA DE VIGILANCIA FRONTERIZA CON DRONES Y RADARES - innoticiasbo.com","isPartOf":{"@id":"https:\/\/innoticiasbo.com\/#website"},"primaryImageOfPage":{"@id":"https:\/\/innoticiasbo.com\/index.php\/2026\/03\/16\/bolivia-y-brasil-acuerdan-estrategia-de-vigilancia-fronteriza-con-drones-y-radares\/#primaryimage"},"image":{"@id":"https:\/\/innoticiasbo.com\/index.php\/2026\/03\/16\/bolivia-y-brasil-acuerdan-estrategia-de-vigilancia-fronteriza-con-drones-y-radares\/#primaryimage"},"thumbnailUrl":"https:\/\/i0.wp.com\/innoticiasbo.com\/wp-content\/uploads\/2026\/03\/image-206.png?fit=1600%2C1013&ssl=1","datePublished":"2026-03-17T01:33:32+00:00","dateModified":"2026-03-17T01:33:34+00:00","breadcrumb":{"@id":"https:\/\/innoticiasbo.com\/index.php\/2026\/03\/16\/bolivia-y-brasil-acuerdan-estrategia-de-vigilancia-fronteriza-con-drones-y-radares\/#breadcrumb"},"inLanguage":"es","potentialAction":[{"@type":"ReadAction","target":["https:\/\/innoticiasbo.com\/index.php\/2026\/03\/16\/bolivia-y-brasil-acuerdan-estrategia-de-vigilancia-fronteriza-con-drones-y-radares\/"]}]},{"@type":"ImageObject","inLanguage":"es","@id":"https:\/\/innoticiasbo.com\/index.php\/2026\/03\/16\/bolivia-y-brasil-acuerdan-estrategia-de-vigilancia-fronteriza-con-drones-y-radares\/#primaryimage","url":"https:\/\/i0.wp.com\/innoticiasbo.com\/wp-content\/uploads\/2026\/03\/image-206.png?fit=1600%2C1013&ssl=1","contentUrl":"https:\/\/i0.wp.com\/innoticiasbo.com\/wp-content\/uploads\/2026\/03\/image-206.png?fit=1600%2C1013&ssl=1","width":1600,"height":1013},{"@type":"BreadcrumbList","@id":"https:\/\/innoticiasbo.com\/index.php\/2026\/03\/16\/bolivia-y-brasil-acuerdan-estrategia-de-vigilancia-fronteriza-con-drones-y-radares\/#breadcrumb","itemListElement":[{"@type":"ListItem","position":1,"name":"Portada","item":"https:\/\/innoticiasbo.com\/"},{"@type":"ListItem","position":2,"name":"BOLIVIA Y BRASIL ACUERDAN ESTRATEGIA DE VIGILANCIA FRONTERIZA CON DRONES Y RADARES"}]},{"@type":"WebSite","@id":"https:\/\/innoticiasbo.com\/#website","url":"https:\/\/innoticiasbo.com\/","name":"innoticiasbo.com","description":"","publisher":{"@id":"https:\/\/innoticiasbo.com\/#organization"},"potentialAction":[{"@type":"SearchAction","target":{"@type":"EntryPoint","urlTemplate":"https:\/\/innoticiasbo.com\/?s={search_term_string}"},"query-input":{"@type":"PropertyValueSpecification","valueRequired":true,"valueName":"search_term_string"}}],"inLanguage":"es"},{"@type":"Organization","@id":"https:\/\/innoticiasbo.com\/#organization","name":"innoticiasbo.com","url":"https:\/\/innoticiasbo.com\/","logo":{"@type":"ImageObject","inLanguage":"es","@id":"https:\/\/innoticiasbo.com\/#\/schema\/logo\/image\/","url":"https:\/\/i0.wp.com\/innoticiasbo.com\/wp-content\/uploads\/2026\/04\/cropped-IN-LOGO.png?fit=1476%2C1476&ssl=1","contentUrl":"https:\/\/i0.wp.com\/innoticiasbo.com\/wp-content\/uploads\/2026\/04\/cropped-IN-LOGO.png?fit=1476%2C1476&ssl=1","width":1476,"height":1476,"caption":"innoticiasbo.com"},"image":{"@id":"https:\/\/innoticiasbo.com\/#\/schema\/logo\/image\/"},"sameAs":["https:\/\/www.facebook.com\/innoticiasbolivia","https:\/\/x.com\/innoticiasbo","https:\/\/www.instagram.com\/innoticiasbo","https:\/\/www.youtube.com\/innoticiasbo"]},{"@type":"Person","@id":"https:\/\/innoticiasbo.com\/#\/schema\/person\/0b28481e8d0316f83a13bc702311def5","name":"Prensa 11","image":{"@type":"ImageObject","inLanguage":"es","@id":"https:\/\/innoticiasbo.com\/#\/schema\/person\/image\/","url":"https:\/\/secure.gravatar.com\/avatar\/696560c17349f1807a610bf83832bad0?s=96&d=mm&r=g","contentUrl":"https:\/\/secure.gravatar.com\/avatar\/696560c17349f1807a610bf83832bad0?s=96&d=mm&r=g","caption":"Prensa 11"},"sameAs":["http:\/\/www.innoticiasbo.com"],"url":"https:\/\/innoticiasbo.com\/index.php\/author\/prensa-11\/"}]}},"jetpack_featured_media_url":"https:\/\/i0.wp.com\/innoticiasbo.com\/wp-content\/uploads\/2026\/03\/image-206.png?fit=1600%2C1013&ssl=1","jetpack_likes_enabled":true,"jetpack_sharing_enabled":true,"jetpack_shortlink":"https:\/\/wp.me\/pg298x-2wA","_links":{"self":[{"href":"https:\/\/innoticiasbo.com\/index.php\/wp-json\/wp\/v2\/posts\/9708","targetHints":{"allow":["GET"]}}],"collection":[{"href":"https:\/\/innoticiasbo.com\/index.php\/wp-json\/wp\/v2\/posts"}],"about":[{"href":"https:\/\/innoticiasbo.com\/index.php\/wp-json\/wp\/v2\/types\/post"}],"author":[{"embeddable":true,"href":"https:\/\/innoticiasbo.com\/index.php\/wp-json\/wp\/v2\/users\/11"}],"replies":[{"embeddable":true,"href":"https:\/\/innoticiasbo.com\/index.php\/wp-json\/wp\/v2\/comments?post=9708"}],"version-history":[{"count":1,"href":"https:\/\/innoticiasbo.com\/index.php\/wp-json\/wp\/v2\/posts\/9708\/revisions"}],"predecessor-version":[{"id":9710,"href":"https:\/\/innoticiasbo.com\/index.php\/wp-json\/wp\/v2\/posts\/9708\/revisions\/9710"}],"wp:featuredmedia":[{"embeddable":true,"href":"https:\/\/innoticiasbo.com\/index.php\/wp-json\/wp\/v2\/media\/9709"}],"wp:attachment":[{"href":"https:\/\/innoticiasbo.com\/index.php\/wp-json\/wp\/v2\/media?parent=9708"}],"wp:term":[{"taxonomy":"category","embeddable":true,"href":"https:\/\/innoticiasbo.com\/index.php\/wp-json\/wp\/v2\/categories?post=9708"},{"taxonomy":"post_tag","embeddable":true,"href":"https:\/\/innoticiasbo.com\/index.php\/wp-json\/wp\/v2\/tags?post=9708"}],"curies":[{"name":"wp","href":"https:\/\/api.w.org\/{rel}","templated":true}]}}