{"id":9705,"date":"2026-03-16T21:17:08","date_gmt":"2026-03-17T01:17:08","guid":{"rendered":"https:\/\/innoticiasbo.com\/?p=9705"},"modified":"2026-03-16T21:17:09","modified_gmt":"2026-03-17T01:17:09","slug":"bellott-acudio-a-la-plaza-14-de-septiembre-para-esperar-a-manfred-reyes-villa-para-debatir-en-quechua","status":"publish","type":"post","link":"https:\/\/innoticiasbo.com\/index.php\/2026\/03\/16\/bellott-acudio-a-la-plaza-14-de-septiembre-para-esperar-a-manfred-reyes-villa-para-debatir-en-quechua\/","title":{"rendered":"BELLOTT ACUDI\u00d3 A LA PLAZA 14 DE SEPTIEMBRE PARA ESPERAR A MANFRED REYES VILLA PARA DEBATIR EN QUECHUA"},"content":{"rendered":"\n<figure class=\"wp-block-image size-full\"><img data-recalc-dims=\"1\" loading=\"lazy\" decoding=\"async\" width=\"640\" height=\"360\" src=\"https:\/\/i0.wp.com\/innoticiasbo.com\/wp-content\/uploads\/2026\/03\/image-205.png?resize=640%2C360&#038;ssl=1\" alt=\"\" class=\"wp-image-9706\" srcset=\"https:\/\/i0.wp.com\/innoticiasbo.com\/wp-content\/uploads\/2026\/03\/image-205.png?w=960&amp;ssl=1 960w, https:\/\/i0.wp.com\/innoticiasbo.com\/wp-content\/uploads\/2026\/03\/image-205.png?resize=300%2C169&amp;ssl=1 300w, https:\/\/i0.wp.com\/innoticiasbo.com\/wp-content\/uploads\/2026\/03\/image-205.png?resize=768%2C432&amp;ssl=1 768w\" sizes=\"auto, (max-width: 640px) 100vw, 640px\" \/><\/figure>\n\n\n\n<p><strong>Cochabamba, 16 de Marzo de 2026.-<\/strong> El candidato Javier Bellott se present\u00f3 el 16 de marzo en la Plaza 14 de Septiembre de Cochabamba para participar en un debate p\u00fablico que hab\u00eda convocado al actual alcalde y candidato Manfred Reyes Villa que no se present\u00f3.<\/p>\n\n\n\n<p>Bellott afirm\u00f3 que Cochabamba merece una gesti\u00f3n transparente y cuestion\u00f3 la falta de voluntad del oficialismo para debatir propuestas frente a la ciudadan\u00eda. Se\u00f1al\u00f3 que el debate es una oportunidad democr\u00e1tica para rendir cuentas y demostrar compromiso con la poblaci\u00f3n.<\/p>\n\n\n\n<p>Tambi\u00e9n critic\u00f3 la negativa de Reyes Villa a debatir en quechua, recordando que la Constituci\u00f3n exige que las autoridades dominen al menos dos idiomas oficiales. Seg\u00fan Bellott, esta situaci\u00f3n genera barreras para que sectores quechua hablantes puedan ser escuchados y participar plenamente en la discusi\u00f3n sobre el futuro del municipio.<\/p>\n\n\n\n<p>El candidato de la alianza Soluciones con Todos reiter\u00f3 su llamado a un proceso electoral abierto y con di\u00e1logo, afirmando que evitar el debate significa evitar responder a los problemas de Cochabamba.<\/p>\n","protected":false},"excerpt":{"rendered":"<p>Cochabamba, 16 de Marzo de 2026.- El candidato Javier Bellott se present\u00f3 el 16 de marzo en la Plaza 14 de Septiembre de Cochabamba para participar en un debate p\u00fablico que hab\u00eda convocado al actual alcalde y candidato Manfred Reyes Villa que no se present\u00f3. Bellott afirm\u00f3 que Cochabamba merece una gesti\u00f3n transparente y cuestion\u00f3&#8230;<\/p>\n","protected":false},"author":11,"featured_media":9706,"comment_status":"open","ping_status":"open","sticky":false,"template":"","format":"standard","meta":{"_jetpack_memberships_contains_paid_content":false,"footnotes":"","jetpack_publicize_message":"","jetpack_publicize_feature_enabled":true,"jetpack_social_post_already_shared":true,"jetpack_social_options":{"image_generator_settings":{"template":"highway","enabled":false},"version":2}},"categories":[2],"tags":[6,964,48,1244,1106,1517,31,10,1011,1256],"class_list":["post-9705","post","type-post","status-publish","format-standard","has-post-thumbnail","hentry","category-cochabamba","tag-cochabamba","tag-debate","tag-elecciones","tag-elecciones-2026","tag-elecciones-subnacionales","tag-javier-bellott","tag-manfred-reyes-villa","tag-politica","tag-subnacionales","tag-subnacionales-2026"],"jetpack_publicize_connections":[],"yoast_head":"<!-- This site is optimized with the Yoast SEO plugin v23.4 - https:\/\/yoast.com\/wordpress\/plugins\/seo\/ -->\n<title>BELLOTT ACUDI\u00d3 A LA PLAZA 14 DE SEPTIEMBRE PARA ESPERAR A MANFRED REYES VILLA PARA DEBATIR EN QUECHUA - innoticiasbo.com<\/title>\n<meta name=\"robots\" content=\"index, follow, max-snippet:-1, max-image-preview:large, max-video-preview:-1\" \/>\n<link rel=\"canonical\" href=\"https:\/\/innoticiasbo.com\/index.php\/2026\/03\/16\/bellott-acudio-a-la-plaza-14-de-septiembre-para-esperar-a-manfred-reyes-villa-para-debatir-en-quechua\/\" \/>\n<meta property=\"og:locale\" content=\"es_ES\" \/>\n<meta property=\"og:type\" content=\"article\" \/>\n<meta property=\"og:title\" content=\"BELLOTT ACUDI\u00d3 A LA PLAZA 14 DE SEPTIEMBRE PARA ESPERAR A MANFRED REYES VILLA PARA DEBATIR EN QUECHUA - innoticiasbo.com\" \/>\n<meta property=\"og:description\" content=\"Cochabamba, 16 de Marzo de 2026.- El candidato Javier Bellott se present\u00f3 el 16 de marzo en la Plaza 14 de Septiembre de Cochabamba para participar en un debate p\u00fablico que hab\u00eda convocado al actual alcalde y candidato Manfred Reyes Villa que no se present\u00f3. Bellott afirm\u00f3 que Cochabamba merece una gesti\u00f3n transparente y cuestion\u00f3...\" \/>\n<meta property=\"og:url\" content=\"https:\/\/innoticiasbo.com\/index.php\/2026\/03\/16\/bellott-acudio-a-la-plaza-14-de-septiembre-para-esperar-a-manfred-reyes-villa-para-debatir-en-quechua\/\" \/>\n<meta property=\"og:site_name\" content=\"innoticiasbo.com\" \/>\n<meta property=\"article:publisher\" content=\"https:\/\/www.facebook.com\/innoticiasbolivia\" \/>\n<meta property=\"article:published_time\" content=\"2026-03-17T01:17:08+00:00\" \/>\n<meta property=\"article:modified_time\" content=\"2026-03-17T01:17:09+00:00\" \/>\n<meta property=\"og:image\" content=\"https:\/\/innoticiasbo.com\/wp-content\/uploads\/2026\/03\/image-205.png\" \/>\n\t<meta property=\"og:image:width\" content=\"960\" \/>\n\t<meta property=\"og:image:height\" content=\"540\" \/>\n\t<meta property=\"og:image:type\" content=\"image\/png\" \/>\n<meta name=\"author\" content=\"Prensa 11\" \/>\n<meta name=\"twitter:card\" content=\"summary_large_image\" \/>\n<meta name=\"twitter:creator\" content=\"@innoticiasbo\" \/>\n<meta name=\"twitter:site\" content=\"@innoticiasbo\" \/>\n<meta name=\"twitter:label1\" content=\"Escrito por\" \/>\n\t<meta name=\"twitter:data1\" content=\"Prensa 11\" \/>\n\t<meta name=\"twitter:label2\" content=\"Tiempo de lectura\" \/>\n\t<meta name=\"twitter:data2\" content=\"2 minutos\" \/>\n<script type=\"application\/ld+json\" class=\"yoast-schema-graph\">{\"@context\":\"https:\/\/schema.org\",\"@graph\":[{\"@type\":\"Article\",\"@id\":\"https:\/\/innoticiasbo.com\/index.php\/2026\/03\/16\/bellott-acudio-a-la-plaza-14-de-septiembre-para-esperar-a-manfred-reyes-villa-para-debatir-en-quechua\/#article\",\"isPartOf\":{\"@id\":\"https:\/\/innoticiasbo.com\/index.php\/2026\/03\/16\/bellott-acudio-a-la-plaza-14-de-septiembre-para-esperar-a-manfred-reyes-villa-para-debatir-en-quechua\/\"},\"author\":{\"name\":\"Prensa 11\",\"@id\":\"https:\/\/innoticiasbo.com\/#\/schema\/person\/0b28481e8d0316f83a13bc702311def5\"},\"headline\":\"BELLOTT ACUDI\u00d3 A LA PLAZA 14 DE SEPTIEMBRE PARA ESPERAR A MANFRED REYES VILLA PARA DEBATIR EN QUECHUA\",\"datePublished\":\"2026-03-17T01:17:08+00:00\",\"dateModified\":\"2026-03-17T01:17:09+00:00\",\"mainEntityOfPage\":{\"@id\":\"https:\/\/innoticiasbo.com\/index.php\/2026\/03\/16\/bellott-acudio-a-la-plaza-14-de-septiembre-para-esperar-a-manfred-reyes-villa-para-debatir-en-quechua\/\"},\"wordCount\":194,\"commentCount\":0,\"publisher\":{\"@id\":\"https:\/\/innoticiasbo.com\/#organization\"},\"image\":{\"@id\":\"https:\/\/innoticiasbo.com\/index.php\/2026\/03\/16\/bellott-acudio-a-la-plaza-14-de-septiembre-para-esperar-a-manfred-reyes-villa-para-debatir-en-quechua\/#primaryimage\"},\"thumbnailUrl\":\"https:\/\/i0.wp.com\/innoticiasbo.com\/wp-content\/uploads\/2026\/03\/image-205.png?fit=960%2C540&ssl=1\",\"keywords\":[\"Cochabamba\",\"debate\",\"elecciones\",\"Elecciones 2026\",\"elecciones subnacionales\",\"Javier Bellott\",\"Manfred Reyes Villa\",\"Pol\u00edtica\",\"subnacionales\",\"Subnacionales 2026\"],\"articleSection\":[\"Cochabamba\"],\"inLanguage\":\"es\",\"potentialAction\":[{\"@type\":\"CommentAction\",\"name\":\"Comment\",\"target\":[\"https:\/\/innoticiasbo.com\/index.php\/2026\/03\/16\/bellott-acudio-a-la-plaza-14-de-septiembre-para-esperar-a-manfred-reyes-villa-para-debatir-en-quechua\/#respond\"]}]},{\"@type\":\"WebPage\",\"@id\":\"https:\/\/innoticiasbo.com\/index.php\/2026\/03\/16\/bellott-acudio-a-la-plaza-14-de-septiembre-para-esperar-a-manfred-reyes-villa-para-debatir-en-quechua\/\",\"url\":\"https:\/\/innoticiasbo.com\/index.php\/2026\/03\/16\/bellott-acudio-a-la-plaza-14-de-septiembre-para-esperar-a-manfred-reyes-villa-para-debatir-en-quechua\/\",\"name\":\"BELLOTT ACUDI\u00d3 A LA PLAZA 14 DE SEPTIEMBRE PARA ESPERAR A MANFRED REYES VILLA PARA DEBATIR EN QUECHUA - innoticiasbo.com\",\"isPartOf\":{\"@id\":\"https:\/\/innoticiasbo.com\/#website\"},\"primaryImageOfPage\":{\"@id\":\"https:\/\/innoticiasbo.com\/index.php\/2026\/03\/16\/bellott-acudio-a-la-plaza-14-de-septiembre-para-esperar-a-manfred-reyes-villa-para-debatir-en-quechua\/#primaryimage\"},\"image\":{\"@id\":\"https:\/\/innoticiasbo.com\/index.php\/2026\/03\/16\/bellott-acudio-a-la-plaza-14-de-septiembre-para-esperar-a-manfred-reyes-villa-para-debatir-en-quechua\/#primaryimage\"},\"thumbnailUrl\":\"https:\/\/i0.wp.com\/innoticiasbo.com\/wp-content\/uploads\/2026\/03\/image-205.png?fit=960%2C540&ssl=1\",\"datePublished\":\"2026-03-17T01:17:08+00:00\",\"dateModified\":\"2026-03-17T01:17:09+00:00\",\"breadcrumb\":{\"@id\":\"https:\/\/innoticiasbo.com\/index.php\/2026\/03\/16\/bellott-acudio-a-la-plaza-14-de-septiembre-para-esperar-a-manfred-reyes-villa-para-debatir-en-quechua\/#breadcrumb\"},\"inLanguage\":\"es\",\"potentialAction\":[{\"@type\":\"ReadAction\",\"target\":[\"https:\/\/innoticiasbo.com\/index.php\/2026\/03\/16\/bellott-acudio-a-la-plaza-14-de-septiembre-para-esperar-a-manfred-reyes-villa-para-debatir-en-quechua\/\"]}]},{\"@type\":\"ImageObject\",\"inLanguage\":\"es\",\"@id\":\"https:\/\/innoticiasbo.com\/index.php\/2026\/03\/16\/bellott-acudio-a-la-plaza-14-de-septiembre-para-esperar-a-manfred-reyes-villa-para-debatir-en-quechua\/#primaryimage\",\"url\":\"https:\/\/i0.wp.com\/innoticiasbo.com\/wp-content\/uploads\/2026\/03\/image-205.png?fit=960%2C540&ssl=1\",\"contentUrl\":\"https:\/\/i0.wp.com\/innoticiasbo.com\/wp-content\/uploads\/2026\/03\/image-205.png?fit=960%2C540&ssl=1\",\"width\":960,\"height\":540},{\"@type\":\"BreadcrumbList\",\"@id\":\"https:\/\/innoticiasbo.com\/index.php\/2026\/03\/16\/bellott-acudio-a-la-plaza-14-de-septiembre-para-esperar-a-manfred-reyes-villa-para-debatir-en-quechua\/#breadcrumb\",\"itemListElement\":[{\"@type\":\"ListItem\",\"position\":1,\"name\":\"Portada\",\"item\":\"https:\/\/innoticiasbo.com\/\"},{\"@type\":\"ListItem\",\"position\":2,\"name\":\"BELLOTT ACUDI\u00d3 A LA PLAZA 14 DE SEPTIEMBRE PARA ESPERAR A MANFRED REYES VILLA PARA DEBATIR EN QUECHUA\"}]},{\"@type\":\"WebSite\",\"@id\":\"https:\/\/innoticiasbo.com\/#website\",\"url\":\"https:\/\/innoticiasbo.com\/\",\"name\":\"innoticiasbo.com\",\"description\":\"\",\"publisher\":{\"@id\":\"https:\/\/innoticiasbo.com\/#organization\"},\"potentialAction\":[{\"@type\":\"SearchAction\",\"target\":{\"@type\":\"EntryPoint\",\"urlTemplate\":\"https:\/\/innoticiasbo.com\/?s={search_term_string}\"},\"query-input\":{\"@type\":\"PropertyValueSpecification\",\"valueRequired\":true,\"valueName\":\"search_term_string\"}}],\"inLanguage\":\"es\"},{\"@type\":\"Organization\",\"@id\":\"https:\/\/innoticiasbo.com\/#organization\",\"name\":\"innoticiasbo.com\",\"url\":\"https:\/\/innoticiasbo.com\/\",\"logo\":{\"@type\":\"ImageObject\",\"inLanguage\":\"es\",\"@id\":\"https:\/\/innoticiasbo.com\/#\/schema\/logo\/image\/\",\"url\":\"https:\/\/i0.wp.com\/innoticiasbo.com\/wp-content\/uploads\/2026\/04\/cropped-IN-LOGO.png?fit=1476%2C1476&ssl=1\",\"contentUrl\":\"https:\/\/i0.wp.com\/innoticiasbo.com\/wp-content\/uploads\/2026\/04\/cropped-IN-LOGO.png?fit=1476%2C1476&ssl=1\",\"width\":1476,\"height\":1476,\"caption\":\"innoticiasbo.com\"},\"image\":{\"@id\":\"https:\/\/innoticiasbo.com\/#\/schema\/logo\/image\/\"},\"sameAs\":[\"https:\/\/www.facebook.com\/innoticiasbolivia\",\"https:\/\/x.com\/innoticiasbo\",\"https:\/\/www.instagram.com\/innoticiasbo\",\"https:\/\/www.youtube.com\/innoticiasbo\"]},{\"@type\":\"Person\",\"@id\":\"https:\/\/innoticiasbo.com\/#\/schema\/person\/0b28481e8d0316f83a13bc702311def5\",\"name\":\"Prensa 11\",\"image\":{\"@type\":\"ImageObject\",\"inLanguage\":\"es\",\"@id\":\"https:\/\/innoticiasbo.com\/#\/schema\/person\/image\/\",\"url\":\"https:\/\/secure.gravatar.com\/avatar\/696560c17349f1807a610bf83832bad0?s=96&d=mm&r=g\",\"contentUrl\":\"https:\/\/secure.gravatar.com\/avatar\/696560c17349f1807a610bf83832bad0?s=96&d=mm&r=g\",\"caption\":\"Prensa 11\"},\"sameAs\":[\"http:\/\/www.innoticiasbo.com\"],\"url\":\"https:\/\/innoticiasbo.com\/index.php\/author\/prensa-11\/\"}]}<\/script>\n<!-- \/ Yoast SEO plugin. -->","yoast_head_json":{"title":"BELLOTT ACUDI\u00d3 A LA PLAZA 14 DE SEPTIEMBRE PARA ESPERAR A MANFRED REYES VILLA PARA DEBATIR EN QUECHUA - innoticiasbo.com","robots":{"index":"index","follow":"follow","max-snippet":"max-snippet:-1","max-image-preview":"max-image-preview:large","max-video-preview":"max-video-preview:-1"},"canonical":"https:\/\/innoticiasbo.com\/index.php\/2026\/03\/16\/bellott-acudio-a-la-plaza-14-de-septiembre-para-esperar-a-manfred-reyes-villa-para-debatir-en-quechua\/","og_locale":"es_ES","og_type":"article","og_title":"BELLOTT ACUDI\u00d3 A LA PLAZA 14 DE SEPTIEMBRE PARA ESPERAR A MANFRED REYES VILLA PARA DEBATIR EN QUECHUA - innoticiasbo.com","og_description":"Cochabamba, 16 de Marzo de 2026.- El candidato Javier Bellott se present\u00f3 el 16 de marzo en la Plaza 14 de Septiembre de Cochabamba para participar en un debate p\u00fablico que hab\u00eda convocado al actual alcalde y candidato Manfred Reyes Villa que no se present\u00f3. Bellott afirm\u00f3 que Cochabamba merece una gesti\u00f3n transparente y cuestion\u00f3...","og_url":"https:\/\/innoticiasbo.com\/index.php\/2026\/03\/16\/bellott-acudio-a-la-plaza-14-de-septiembre-para-esperar-a-manfred-reyes-villa-para-debatir-en-quechua\/","og_site_name":"innoticiasbo.com","article_publisher":"https:\/\/www.facebook.com\/innoticiasbolivia","article_published_time":"2026-03-17T01:17:08+00:00","article_modified_time":"2026-03-17T01:17:09+00:00","og_image":[{"width":960,"height":540,"url":"https:\/\/innoticiasbo.com\/wp-content\/uploads\/2026\/03\/image-205.png","type":"image\/png"}],"author":"Prensa 11","twitter_card":"summary_large_image","twitter_creator":"@innoticiasbo","twitter_site":"@innoticiasbo","twitter_misc":{"Escrito por":"Prensa 11","Tiempo de lectura":"2 minutos"},"schema":{"@context":"https:\/\/schema.org","@graph":[{"@type":"Article","@id":"https:\/\/innoticiasbo.com\/index.php\/2026\/03\/16\/bellott-acudio-a-la-plaza-14-de-septiembre-para-esperar-a-manfred-reyes-villa-para-debatir-en-quechua\/#article","isPartOf":{"@id":"https:\/\/innoticiasbo.com\/index.php\/2026\/03\/16\/bellott-acudio-a-la-plaza-14-de-septiembre-para-esperar-a-manfred-reyes-villa-para-debatir-en-quechua\/"},"author":{"name":"Prensa 11","@id":"https:\/\/innoticiasbo.com\/#\/schema\/person\/0b28481e8d0316f83a13bc702311def5"},"headline":"BELLOTT ACUDI\u00d3 A LA PLAZA 14 DE SEPTIEMBRE PARA ESPERAR A MANFRED REYES VILLA PARA DEBATIR EN QUECHUA","datePublished":"2026-03-17T01:17:08+00:00","dateModified":"2026-03-17T01:17:09+00:00","mainEntityOfPage":{"@id":"https:\/\/innoticiasbo.com\/index.php\/2026\/03\/16\/bellott-acudio-a-la-plaza-14-de-septiembre-para-esperar-a-manfred-reyes-villa-para-debatir-en-quechua\/"},"wordCount":194,"commentCount":0,"publisher":{"@id":"https:\/\/innoticiasbo.com\/#organization"},"image":{"@id":"https:\/\/innoticiasbo.com\/index.php\/2026\/03\/16\/bellott-acudio-a-la-plaza-14-de-septiembre-para-esperar-a-manfred-reyes-villa-para-debatir-en-quechua\/#primaryimage"},"thumbnailUrl":"https:\/\/i0.wp.com\/innoticiasbo.com\/wp-content\/uploads\/2026\/03\/image-205.png?fit=960%2C540&ssl=1","keywords":["Cochabamba","debate","elecciones","Elecciones 2026","elecciones subnacionales","Javier Bellott","Manfred Reyes Villa","Pol\u00edtica","subnacionales","Subnacionales 2026"],"articleSection":["Cochabamba"],"inLanguage":"es","potentialAction":[{"@type":"CommentAction","name":"Comment","target":["https:\/\/innoticiasbo.com\/index.php\/2026\/03\/16\/bellott-acudio-a-la-plaza-14-de-septiembre-para-esperar-a-manfred-reyes-villa-para-debatir-en-quechua\/#respond"]}]},{"@type":"WebPage","@id":"https:\/\/innoticiasbo.com\/index.php\/2026\/03\/16\/bellott-acudio-a-la-plaza-14-de-septiembre-para-esperar-a-manfred-reyes-villa-para-debatir-en-quechua\/","url":"https:\/\/innoticiasbo.com\/index.php\/2026\/03\/16\/bellott-acudio-a-la-plaza-14-de-septiembre-para-esperar-a-manfred-reyes-villa-para-debatir-en-quechua\/","name":"BELLOTT ACUDI\u00d3 A LA PLAZA 14 DE SEPTIEMBRE PARA ESPERAR A MANFRED REYES VILLA PARA DEBATIR EN QUECHUA - innoticiasbo.com","isPartOf":{"@id":"https:\/\/innoticiasbo.com\/#website"},"primaryImageOfPage":{"@id":"https:\/\/innoticiasbo.com\/index.php\/2026\/03\/16\/bellott-acudio-a-la-plaza-14-de-septiembre-para-esperar-a-manfred-reyes-villa-para-debatir-en-quechua\/#primaryimage"},"image":{"@id":"https:\/\/innoticiasbo.com\/index.php\/2026\/03\/16\/bellott-acudio-a-la-plaza-14-de-septiembre-para-esperar-a-manfred-reyes-villa-para-debatir-en-quechua\/#primaryimage"},"thumbnailUrl":"https:\/\/i0.wp.com\/innoticiasbo.com\/wp-content\/uploads\/2026\/03\/image-205.png?fit=960%2C540&ssl=1","datePublished":"2026-03-17T01:17:08+00:00","dateModified":"2026-03-17T01:17:09+00:00","breadcrumb":{"@id":"https:\/\/innoticiasbo.com\/index.php\/2026\/03\/16\/bellott-acudio-a-la-plaza-14-de-septiembre-para-esperar-a-manfred-reyes-villa-para-debatir-en-quechua\/#breadcrumb"},"inLanguage":"es","potentialAction":[{"@type":"ReadAction","target":["https:\/\/innoticiasbo.com\/index.php\/2026\/03\/16\/bellott-acudio-a-la-plaza-14-de-septiembre-para-esperar-a-manfred-reyes-villa-para-debatir-en-quechua\/"]}]},{"@type":"ImageObject","inLanguage":"es","@id":"https:\/\/innoticiasbo.com\/index.php\/2026\/03\/16\/bellott-acudio-a-la-plaza-14-de-septiembre-para-esperar-a-manfred-reyes-villa-para-debatir-en-quechua\/#primaryimage","url":"https:\/\/i0.wp.com\/innoticiasbo.com\/wp-content\/uploads\/2026\/03\/image-205.png?fit=960%2C540&ssl=1","contentUrl":"https:\/\/i0.wp.com\/innoticiasbo.com\/wp-content\/uploads\/2026\/03\/image-205.png?fit=960%2C540&ssl=1","width":960,"height":540},{"@type":"BreadcrumbList","@id":"https:\/\/innoticiasbo.com\/index.php\/2026\/03\/16\/bellott-acudio-a-la-plaza-14-de-septiembre-para-esperar-a-manfred-reyes-villa-para-debatir-en-quechua\/#breadcrumb","itemListElement":[{"@type":"ListItem","position":1,"name":"Portada","item":"https:\/\/innoticiasbo.com\/"},{"@type":"ListItem","position":2,"name":"BELLOTT ACUDI\u00d3 A LA PLAZA 14 DE SEPTIEMBRE PARA ESPERAR A MANFRED REYES VILLA PARA DEBATIR EN QUECHUA"}]},{"@type":"WebSite","@id":"https:\/\/innoticiasbo.com\/#website","url":"https:\/\/innoticiasbo.com\/","name":"innoticiasbo.com","description":"","publisher":{"@id":"https:\/\/innoticiasbo.com\/#organization"},"potentialAction":[{"@type":"SearchAction","target":{"@type":"EntryPoint","urlTemplate":"https:\/\/innoticiasbo.com\/?s={search_term_string}"},"query-input":{"@type":"PropertyValueSpecification","valueRequired":true,"valueName":"search_term_string"}}],"inLanguage":"es"},{"@type":"Organization","@id":"https:\/\/innoticiasbo.com\/#organization","name":"innoticiasbo.com","url":"https:\/\/innoticiasbo.com\/","logo":{"@type":"ImageObject","inLanguage":"es","@id":"https:\/\/innoticiasbo.com\/#\/schema\/logo\/image\/","url":"https:\/\/i0.wp.com\/innoticiasbo.com\/wp-content\/uploads\/2026\/04\/cropped-IN-LOGO.png?fit=1476%2C1476&ssl=1","contentUrl":"https:\/\/i0.wp.com\/innoticiasbo.com\/wp-content\/uploads\/2026\/04\/cropped-IN-LOGO.png?fit=1476%2C1476&ssl=1","width":1476,"height":1476,"caption":"innoticiasbo.com"},"image":{"@id":"https:\/\/innoticiasbo.com\/#\/schema\/logo\/image\/"},"sameAs":["https:\/\/www.facebook.com\/innoticiasbolivia","https:\/\/x.com\/innoticiasbo","https:\/\/www.instagram.com\/innoticiasbo","https:\/\/www.youtube.com\/innoticiasbo"]},{"@type":"Person","@id":"https:\/\/innoticiasbo.com\/#\/schema\/person\/0b28481e8d0316f83a13bc702311def5","name":"Prensa 11","image":{"@type":"ImageObject","inLanguage":"es","@id":"https:\/\/innoticiasbo.com\/#\/schema\/person\/image\/","url":"https:\/\/secure.gravatar.com\/avatar\/696560c17349f1807a610bf83832bad0?s=96&d=mm&r=g","contentUrl":"https:\/\/secure.gravatar.com\/avatar\/696560c17349f1807a610bf83832bad0?s=96&d=mm&r=g","caption":"Prensa 11"},"sameAs":["http:\/\/www.innoticiasbo.com"],"url":"https:\/\/innoticiasbo.com\/index.php\/author\/prensa-11\/"}]}},"jetpack_featured_media_url":"https:\/\/i0.wp.com\/innoticiasbo.com\/wp-content\/uploads\/2026\/03\/image-205.png?fit=960%2C540&ssl=1","jetpack_likes_enabled":true,"jetpack_sharing_enabled":true,"jetpack_shortlink":"https:\/\/wp.me\/pg298x-2wx","_links":{"self":[{"href":"https:\/\/innoticiasbo.com\/index.php\/wp-json\/wp\/v2\/posts\/9705","targetHints":{"allow":["GET"]}}],"collection":[{"href":"https:\/\/innoticiasbo.com\/index.php\/wp-json\/wp\/v2\/posts"}],"about":[{"href":"https:\/\/innoticiasbo.com\/index.php\/wp-json\/wp\/v2\/types\/post"}],"author":[{"embeddable":true,"href":"https:\/\/innoticiasbo.com\/index.php\/wp-json\/wp\/v2\/users\/11"}],"replies":[{"embeddable":true,"href":"https:\/\/innoticiasbo.com\/index.php\/wp-json\/wp\/v2\/comments?post=9705"}],"version-history":[{"count":1,"href":"https:\/\/innoticiasbo.com\/index.php\/wp-json\/wp\/v2\/posts\/9705\/revisions"}],"predecessor-version":[{"id":9707,"href":"https:\/\/innoticiasbo.com\/index.php\/wp-json\/wp\/v2\/posts\/9705\/revisions\/9707"}],"wp:featuredmedia":[{"embeddable":true,"href":"https:\/\/innoticiasbo.com\/index.php\/wp-json\/wp\/v2\/media\/9706"}],"wp:attachment":[{"href":"https:\/\/innoticiasbo.com\/index.php\/wp-json\/wp\/v2\/media?parent=9705"}],"wp:term":[{"taxonomy":"category","embeddable":true,"href":"https:\/\/innoticiasbo.com\/index.php\/wp-json\/wp\/v2\/categories?post=9705"},{"taxonomy":"post_tag","embeddable":true,"href":"https:\/\/innoticiasbo.com\/index.php\/wp-json\/wp\/v2\/tags?post=9705"}],"curies":[{"name":"wp","href":"https:\/\/api.w.org\/{rel}","templated":true}]}}