{"id":9701,"date":"2026-03-16T21:02:51","date_gmt":"2026-03-17T01:02:51","guid":{"rendered":"https:\/\/innoticiasbo.com\/?p=9701"},"modified":"2026-03-16T21:04:56","modified_gmt":"2026-03-17T01:04:56","slug":"giovann-arzabe-no-es-que-me-haya-dicho-a-mi-fue-un-reclamo-conto-sobre-la-frase-de-bellot-que-lo-llamo-masista-huevon","status":"publish","type":"post","link":"https:\/\/innoticiasbo.com\/index.php\/2026\/03\/16\/giovann-arzabe-no-es-que-me-haya-dicho-a-mi-fue-un-reclamo-conto-sobre-la-frase-de-bellot-que-lo-llamo-masista-huevon\/","title":{"rendered":"GIOVANN ARZABE: \u201cNO ES QUE ME HAYA DICHO A MI, FUE UN RECLAMO\u201d CONT\u00d3 SOBRE LA FRASE DE BELLOT QUE LO LLAM\u00d3 \u201cMASISTA HUEV\u00d3N\u201d"},"content":{"rendered":"\n<figure class=\"wp-block-video\"><video controls src=\"https:\/\/innoticiasbo.com\/wp-content\/uploads\/2026\/03\/AQPnSjYjPdcjdDdst9GhJyFOcxHR_EsiocYaXrFDILKx1AewsTGvucjX-9oVHVXNpf9nsbpN54S6sqzpEFmY7ZUPJXKA-SCtUhcc4zCXoe2LAA.mp4\"><\/video><\/figure>\n\n\n\n<p><strong>Cochabamba, 16 de Marzo de 2026.- <\/strong>El candidato Giovann Arzabe revel\u00f3 en El Avispero los entretelones del inc\u00f3modo momento que protagoniz\u00f3 junto a Javier Bellot durante el debate organizado por el Tribunal Electoral Departamental de Cochabamba (TED). Arzave asegur\u00f3 que el primer roce surgi\u00f3 por una pregunta que incomod\u00f3 a Bellot. Seg\u00fan explic\u00f3, la reacci\u00f3n de su colega no fue por un insulto, sino por el tono de reclamo.<\/p>\n\n\n\n<p>\u201cNo le gust\u00f3 la pregunta, no le cay\u00f3 bien la pregunta, era un reproche a la pregunta, pero sin mala intenci\u00f3n, es un reproche, Javier es mi amigo, creo que \u00e9l no esperaba que le haga esa pregunta\u201d, se\u00f1al\u00f3.<\/p>\n\n\n\n<p>El candidato insisti\u00f3 en que el intercambio no deb\u00eda interpretarse como un ataque personal. \u201cNo la veo la pregunta del lado negativo, creo que fue reproche como amigo (\u2026)Entre varones usamos palabras que suenan fuertes, no es que me haya dicho a m\u00ed, fue un reclamo\u201d.<\/p>\n\n\n\n<p>EL DEBATE, EL ABANDONO Y EL RETORNO<\/p>\n\n\n\n<p>Arzabe relat\u00f3 que el debate se hizo tenso cuando llegaron los candidatos notaron la ausencia del atril destinado al candidato Manfred Reyes Villa, quien no asisti\u00f3 al evento.<\/p>\n\n\n\n<p>Seg\u00fan su versi\u00f3n, los candidatos presentes tuvieron que exigir p\u00fablicamente que se coloque el espacio vac\u00edo. \u201cHab\u00edamos acordado irnos si no pon\u00edan el atril de Manfred\u201d. Tras ese primer momento inc\u00f3modo, surgi\u00f3 una nueva controversia cuando propusieron utilizar su tiempo para dirigir preguntas al candidato ausente. \u201cAh\u00ed se me ocurri\u00f3 lo de las preguntas al ausente, pero el TED nos negaba, y les dije a los candidatos que yo iba a usar mi tiempo.\u201d<\/p>\n\n\n\n<p>Arzabe revel\u00f3 que la decisi\u00f3n de abandonar el debate no fue totalmente improvisada. Exist\u00eda una coordinaci\u00f3n previa entre varios participantes para respaldarse si el tribunal no respond\u00eda a sus demandas. \u201cMe dijeron que s\u00ed me iban a apoyar y cuando me sal\u00ed yo pensaba que todos se iban a salir.\u201d<\/p>\n\n\n\n<p>Javier Bellot lo sigui\u00f3, pero el resto decidi\u00f3 permanecer en el set porque el programa fue a pausa mientras se realizaba la negociaci\u00f3n.<\/p>\n\n\n\n<p>DURAS CR\u00cdTICAS AL TRIBUNAL<\/p>\n\n\n\n<p>El candidato tambi\u00e9n lanz\u00f3 cr\u00edticas directas contra la conducci\u00f3n del evento y la actitud del presidente del tribunal electoral durante el incidente. \u201cEl presidente del TED estaba calladito, sentado, no dialog\u00f3 con los candidatos, hablaba con Alvaro Gomez, no se dirigi\u00f3 el presidente del TED a nosotros (\u2026) Hab\u00eda favoritismo para evitar que se note la ausencia de Manfred\u201d, afirm\u00f3.<\/p>\n\n\n\n<p>Las revelaciones del candidato dejan abierta una pol\u00e9mica que promete seguir escalando en la arena pol\u00edtica, mientras el episodio del debate ya se perfila como uno de los momentos m\u00e1s pol\u00e9micos de la campa\u00f1a.<\/p>\n","protected":false},"excerpt":{"rendered":"<p>Cochabamba, 16 de Marzo de 2026.- El candidato Giovann Arzabe revel\u00f3 en El Avispero los entretelones del inc\u00f3modo momento que protagoniz\u00f3 junto a Javier Bellot durante el debate organizado por el Tribunal Electoral Departamental de Cochabamba (TED). Arzave asegur\u00f3 que el primer roce surgi\u00f3 por una pregunta que incomod\u00f3 a Bellot. Seg\u00fan explic\u00f3, la reacci\u00f3n&#8230;<\/p>\n","protected":false},"author":11,"featured_media":9704,"comment_status":"open","ping_status":"open","sticky":false,"template":"","format":"standard","meta":{"_jetpack_memberships_contains_paid_content":false,"footnotes":"","jetpack_publicize_message":"","jetpack_publicize_feature_enabled":true,"jetpack_social_post_already_shared":true,"jetpack_social_options":{"image_generator_settings":{"template":"highway","enabled":false},"version":2}},"categories":[1,3],"tags":[6,48,1244,1106,1518,1517,10,1011,1256],"class_list":["post-9701","post","type-post","status-publish","format-standard","has-post-thumbnail","hentry","category-bolivia","category-politica","tag-cochabamba","tag-elecciones","tag-elecciones-2026","tag-elecciones-subnacionales","tag-giovann-arzabe","tag-javier-bellott","tag-politica","tag-subnacionales","tag-subnacionales-2026"],"jetpack_publicize_connections":[],"yoast_head":"<!-- This site is optimized with the Yoast SEO plugin v23.4 - https:\/\/yoast.com\/wordpress\/plugins\/seo\/ -->\n<title>GIOVANN ARZABE: \u201cNO ES QUE ME HAYA DICHO A MI, FUE UN RECLAMO\u201d CONT\u00d3 SOBRE LA FRASE DE BELLOT QUE LO LLAM\u00d3 \u201cMASISTA HUEV\u00d3N\u201d - innoticiasbo.com<\/title>\n<meta name=\"robots\" content=\"index, follow, max-snippet:-1, max-image-preview:large, max-video-preview:-1\" \/>\n<link rel=\"canonical\" href=\"https:\/\/innoticiasbo.com\/index.php\/2026\/03\/16\/giovann-arzabe-no-es-que-me-haya-dicho-a-mi-fue-un-reclamo-conto-sobre-la-frase-de-bellot-que-lo-llamo-masista-huevon\/\" \/>\n<meta property=\"og:locale\" content=\"es_ES\" \/>\n<meta property=\"og:type\" content=\"article\" \/>\n<meta property=\"og:title\" content=\"GIOVANN ARZABE: \u201cNO ES QUE ME HAYA DICHO A MI, FUE UN RECLAMO\u201d CONT\u00d3 SOBRE LA FRASE DE BELLOT QUE LO LLAM\u00d3 \u201cMASISTA HUEV\u00d3N\u201d - innoticiasbo.com\" \/>\n<meta property=\"og:description\" content=\"Cochabamba, 16 de Marzo de 2026.- El candidato Giovann Arzabe revel\u00f3 en El Avispero los entretelones del inc\u00f3modo momento que protagoniz\u00f3 junto a Javier Bellot durante el debate organizado por el Tribunal Electoral Departamental de Cochabamba (TED). Arzave asegur\u00f3 que el primer roce surgi\u00f3 por una pregunta que incomod\u00f3 a Bellot. Seg\u00fan explic\u00f3, la reacci\u00f3n...\" \/>\n<meta property=\"og:url\" content=\"https:\/\/innoticiasbo.com\/index.php\/2026\/03\/16\/giovann-arzabe-no-es-que-me-haya-dicho-a-mi-fue-un-reclamo-conto-sobre-la-frase-de-bellot-que-lo-llamo-masista-huevon\/\" \/>\n<meta property=\"og:site_name\" content=\"innoticiasbo.com\" \/>\n<meta property=\"article:publisher\" content=\"https:\/\/www.facebook.com\/innoticiasbolivia\" \/>\n<meta property=\"article:published_time\" content=\"2026-03-17T01:02:51+00:00\" \/>\n<meta property=\"article:modified_time\" content=\"2026-03-17T01:04:56+00:00\" \/>\n<meta property=\"og:image\" content=\"https:\/\/innoticiasbo.com\/wp-content\/uploads\/2026\/03\/Screenshot-2026-03-16-210327.png\" \/>\n\t<meta property=\"og:image:width\" content=\"1048\" \/>\n\t<meta property=\"og:image:height\" content=\"588\" \/>\n\t<meta property=\"og:image:type\" content=\"image\/png\" \/>\n<meta name=\"author\" content=\"Prensa 11\" \/>\n<meta name=\"twitter:card\" content=\"summary_large_image\" \/>\n<meta name=\"twitter:creator\" content=\"@innoticiasbo\" \/>\n<meta name=\"twitter:site\" content=\"@innoticiasbo\" \/>\n<meta name=\"twitter:label1\" content=\"Escrito por\" \/>\n\t<meta name=\"twitter:data1\" content=\"Prensa 11\" \/>\n\t<meta name=\"twitter:label2\" content=\"Tiempo de lectura\" \/>\n\t<meta name=\"twitter:data2\" content=\"3 minutos\" \/>\n<script type=\"application\/ld+json\" class=\"yoast-schema-graph\">{\"@context\":\"https:\/\/schema.org\",\"@graph\":[{\"@type\":\"Article\",\"@id\":\"https:\/\/innoticiasbo.com\/index.php\/2026\/03\/16\/giovann-arzabe-no-es-que-me-haya-dicho-a-mi-fue-un-reclamo-conto-sobre-la-frase-de-bellot-que-lo-llamo-masista-huevon\/#article\",\"isPartOf\":{\"@id\":\"https:\/\/innoticiasbo.com\/index.php\/2026\/03\/16\/giovann-arzabe-no-es-que-me-haya-dicho-a-mi-fue-un-reclamo-conto-sobre-la-frase-de-bellot-que-lo-llamo-masista-huevon\/\"},\"author\":{\"name\":\"Prensa 11\",\"@id\":\"https:\/\/innoticiasbo.com\/#\/schema\/person\/0b28481e8d0316f83a13bc702311def5\"},\"headline\":\"GIOVANN ARZABE: \u201cNO ES QUE ME HAYA DICHO A MI, FUE UN RECLAMO\u201d CONT\u00d3 SOBRE LA FRASE DE BELLOT QUE LO LLAM\u00d3 \u201cMASISTA HUEV\u00d3N\u201d\",\"datePublished\":\"2026-03-17T01:02:51+00:00\",\"dateModified\":\"2026-03-17T01:04:56+00:00\",\"mainEntityOfPage\":{\"@id\":\"https:\/\/innoticiasbo.com\/index.php\/2026\/03\/16\/giovann-arzabe-no-es-que-me-haya-dicho-a-mi-fue-un-reclamo-conto-sobre-la-frase-de-bellot-que-lo-llamo-masista-huevon\/\"},\"wordCount\":485,\"commentCount\":0,\"publisher\":{\"@id\":\"https:\/\/innoticiasbo.com\/#organization\"},\"image\":{\"@id\":\"https:\/\/innoticiasbo.com\/index.php\/2026\/03\/16\/giovann-arzabe-no-es-que-me-haya-dicho-a-mi-fue-un-reclamo-conto-sobre-la-frase-de-bellot-que-lo-llamo-masista-huevon\/#primaryimage\"},\"thumbnailUrl\":\"https:\/\/i0.wp.com\/innoticiasbo.com\/wp-content\/uploads\/2026\/03\/Screenshot-2026-03-16-210327.png?fit=1048%2C588&ssl=1\",\"keywords\":[\"Cochabamba\",\"elecciones\",\"Elecciones 2026\",\"elecciones subnacionales\",\"Giovann Arzabe\",\"Javier Bellott\",\"Pol\u00edtica\",\"subnacionales\",\"Subnacionales 2026\"],\"articleSection\":[\"Bolivia\",\"Pol\u00edtica\"],\"inLanguage\":\"es\",\"potentialAction\":[{\"@type\":\"CommentAction\",\"name\":\"Comment\",\"target\":[\"https:\/\/innoticiasbo.com\/index.php\/2026\/03\/16\/giovann-arzabe-no-es-que-me-haya-dicho-a-mi-fue-un-reclamo-conto-sobre-la-frase-de-bellot-que-lo-llamo-masista-huevon\/#respond\"]}]},{\"@type\":\"WebPage\",\"@id\":\"https:\/\/innoticiasbo.com\/index.php\/2026\/03\/16\/giovann-arzabe-no-es-que-me-haya-dicho-a-mi-fue-un-reclamo-conto-sobre-la-frase-de-bellot-que-lo-llamo-masista-huevon\/\",\"url\":\"https:\/\/innoticiasbo.com\/index.php\/2026\/03\/16\/giovann-arzabe-no-es-que-me-haya-dicho-a-mi-fue-un-reclamo-conto-sobre-la-frase-de-bellot-que-lo-llamo-masista-huevon\/\",\"name\":\"GIOVANN ARZABE: \u201cNO ES QUE ME HAYA DICHO A MI, FUE UN RECLAMO\u201d CONT\u00d3 SOBRE LA FRASE DE BELLOT QUE LO LLAM\u00d3 \u201cMASISTA HUEV\u00d3N\u201d - innoticiasbo.com\",\"isPartOf\":{\"@id\":\"https:\/\/innoticiasbo.com\/#website\"},\"primaryImageOfPage\":{\"@id\":\"https:\/\/innoticiasbo.com\/index.php\/2026\/03\/16\/giovann-arzabe-no-es-que-me-haya-dicho-a-mi-fue-un-reclamo-conto-sobre-la-frase-de-bellot-que-lo-llamo-masista-huevon\/#primaryimage\"},\"image\":{\"@id\":\"https:\/\/innoticiasbo.com\/index.php\/2026\/03\/16\/giovann-arzabe-no-es-que-me-haya-dicho-a-mi-fue-un-reclamo-conto-sobre-la-frase-de-bellot-que-lo-llamo-masista-huevon\/#primaryimage\"},\"thumbnailUrl\":\"https:\/\/i0.wp.com\/innoticiasbo.com\/wp-content\/uploads\/2026\/03\/Screenshot-2026-03-16-210327.png?fit=1048%2C588&ssl=1\",\"datePublished\":\"2026-03-17T01:02:51+00:00\",\"dateModified\":\"2026-03-17T01:04:56+00:00\",\"breadcrumb\":{\"@id\":\"https:\/\/innoticiasbo.com\/index.php\/2026\/03\/16\/giovann-arzabe-no-es-que-me-haya-dicho-a-mi-fue-un-reclamo-conto-sobre-la-frase-de-bellot-que-lo-llamo-masista-huevon\/#breadcrumb\"},\"inLanguage\":\"es\",\"potentialAction\":[{\"@type\":\"ReadAction\",\"target\":[\"https:\/\/innoticiasbo.com\/index.php\/2026\/03\/16\/giovann-arzabe-no-es-que-me-haya-dicho-a-mi-fue-un-reclamo-conto-sobre-la-frase-de-bellot-que-lo-llamo-masista-huevon\/\"]}]},{\"@type\":\"ImageObject\",\"inLanguage\":\"es\",\"@id\":\"https:\/\/innoticiasbo.com\/index.php\/2026\/03\/16\/giovann-arzabe-no-es-que-me-haya-dicho-a-mi-fue-un-reclamo-conto-sobre-la-frase-de-bellot-que-lo-llamo-masista-huevon\/#primaryimage\",\"url\":\"https:\/\/i0.wp.com\/innoticiasbo.com\/wp-content\/uploads\/2026\/03\/Screenshot-2026-03-16-210327.png?fit=1048%2C588&ssl=1\",\"contentUrl\":\"https:\/\/i0.wp.com\/innoticiasbo.com\/wp-content\/uploads\/2026\/03\/Screenshot-2026-03-16-210327.png?fit=1048%2C588&ssl=1\",\"width\":1048,\"height\":588},{\"@type\":\"BreadcrumbList\",\"@id\":\"https:\/\/innoticiasbo.com\/index.php\/2026\/03\/16\/giovann-arzabe-no-es-que-me-haya-dicho-a-mi-fue-un-reclamo-conto-sobre-la-frase-de-bellot-que-lo-llamo-masista-huevon\/#breadcrumb\",\"itemListElement\":[{\"@type\":\"ListItem\",\"position\":1,\"name\":\"Portada\",\"item\":\"https:\/\/innoticiasbo.com\/\"},{\"@type\":\"ListItem\",\"position\":2,\"name\":\"GIOVANN ARZABE: \u201cNO ES QUE ME HAYA DICHO A MI, FUE UN RECLAMO\u201d CONT\u00d3 SOBRE LA FRASE DE BELLOT QUE LO LLAM\u00d3 \u201cMASISTA HUEV\u00d3N\u201d\"}]},{\"@type\":\"WebSite\",\"@id\":\"https:\/\/innoticiasbo.com\/#website\",\"url\":\"https:\/\/innoticiasbo.com\/\",\"name\":\"innoticiasbo.com\",\"description\":\"\",\"publisher\":{\"@id\":\"https:\/\/innoticiasbo.com\/#organization\"},\"potentialAction\":[{\"@type\":\"SearchAction\",\"target\":{\"@type\":\"EntryPoint\",\"urlTemplate\":\"https:\/\/innoticiasbo.com\/?s={search_term_string}\"},\"query-input\":{\"@type\":\"PropertyValueSpecification\",\"valueRequired\":true,\"valueName\":\"search_term_string\"}}],\"inLanguage\":\"es\"},{\"@type\":\"Organization\",\"@id\":\"https:\/\/innoticiasbo.com\/#organization\",\"name\":\"innoticiasbo.com\",\"url\":\"https:\/\/innoticiasbo.com\/\",\"logo\":{\"@type\":\"ImageObject\",\"inLanguage\":\"es\",\"@id\":\"https:\/\/innoticiasbo.com\/#\/schema\/logo\/image\/\",\"url\":\"https:\/\/i0.wp.com\/innoticiasbo.com\/wp-content\/uploads\/2026\/04\/cropped-IN-LOGO.png?fit=1476%2C1476&ssl=1\",\"contentUrl\":\"https:\/\/i0.wp.com\/innoticiasbo.com\/wp-content\/uploads\/2026\/04\/cropped-IN-LOGO.png?fit=1476%2C1476&ssl=1\",\"width\":1476,\"height\":1476,\"caption\":\"innoticiasbo.com\"},\"image\":{\"@id\":\"https:\/\/innoticiasbo.com\/#\/schema\/logo\/image\/\"},\"sameAs\":[\"https:\/\/www.facebook.com\/innoticiasbolivia\",\"https:\/\/x.com\/innoticiasbo\",\"https:\/\/www.instagram.com\/innoticiasbo\",\"https:\/\/www.youtube.com\/innoticiasbo\"]},{\"@type\":\"Person\",\"@id\":\"https:\/\/innoticiasbo.com\/#\/schema\/person\/0b28481e8d0316f83a13bc702311def5\",\"name\":\"Prensa 11\",\"image\":{\"@type\":\"ImageObject\",\"inLanguage\":\"es\",\"@id\":\"https:\/\/innoticiasbo.com\/#\/schema\/person\/image\/\",\"url\":\"https:\/\/secure.gravatar.com\/avatar\/696560c17349f1807a610bf83832bad0?s=96&d=mm&r=g\",\"contentUrl\":\"https:\/\/secure.gravatar.com\/avatar\/696560c17349f1807a610bf83832bad0?s=96&d=mm&r=g\",\"caption\":\"Prensa 11\"},\"sameAs\":[\"http:\/\/www.innoticiasbo.com\"],\"url\":\"https:\/\/innoticiasbo.com\/index.php\/author\/prensa-11\/\"}]}<\/script>\n<!-- \/ Yoast SEO plugin. -->","yoast_head_json":{"title":"GIOVANN ARZABE: \u201cNO ES QUE ME HAYA DICHO A MI, FUE UN RECLAMO\u201d CONT\u00d3 SOBRE LA FRASE DE BELLOT QUE LO LLAM\u00d3 \u201cMASISTA HUEV\u00d3N\u201d - innoticiasbo.com","robots":{"index":"index","follow":"follow","max-snippet":"max-snippet:-1","max-image-preview":"max-image-preview:large","max-video-preview":"max-video-preview:-1"},"canonical":"https:\/\/innoticiasbo.com\/index.php\/2026\/03\/16\/giovann-arzabe-no-es-que-me-haya-dicho-a-mi-fue-un-reclamo-conto-sobre-la-frase-de-bellot-que-lo-llamo-masista-huevon\/","og_locale":"es_ES","og_type":"article","og_title":"GIOVANN ARZABE: \u201cNO ES QUE ME HAYA DICHO A MI, FUE UN RECLAMO\u201d CONT\u00d3 SOBRE LA FRASE DE BELLOT QUE LO LLAM\u00d3 \u201cMASISTA HUEV\u00d3N\u201d - innoticiasbo.com","og_description":"Cochabamba, 16 de Marzo de 2026.- El candidato Giovann Arzabe revel\u00f3 en El Avispero los entretelones del inc\u00f3modo momento que protagoniz\u00f3 junto a Javier Bellot durante el debate organizado por el Tribunal Electoral Departamental de Cochabamba (TED). Arzave asegur\u00f3 que el primer roce surgi\u00f3 por una pregunta que incomod\u00f3 a Bellot. Seg\u00fan explic\u00f3, la reacci\u00f3n...","og_url":"https:\/\/innoticiasbo.com\/index.php\/2026\/03\/16\/giovann-arzabe-no-es-que-me-haya-dicho-a-mi-fue-un-reclamo-conto-sobre-la-frase-de-bellot-que-lo-llamo-masista-huevon\/","og_site_name":"innoticiasbo.com","article_publisher":"https:\/\/www.facebook.com\/innoticiasbolivia","article_published_time":"2026-03-17T01:02:51+00:00","article_modified_time":"2026-03-17T01:04:56+00:00","og_image":[{"width":1048,"height":588,"url":"https:\/\/innoticiasbo.com\/wp-content\/uploads\/2026\/03\/Screenshot-2026-03-16-210327.png","type":"image\/png"}],"author":"Prensa 11","twitter_card":"summary_large_image","twitter_creator":"@innoticiasbo","twitter_site":"@innoticiasbo","twitter_misc":{"Escrito por":"Prensa 11","Tiempo de lectura":"3 minutos"},"schema":{"@context":"https:\/\/schema.org","@graph":[{"@type":"Article","@id":"https:\/\/innoticiasbo.com\/index.php\/2026\/03\/16\/giovann-arzabe-no-es-que-me-haya-dicho-a-mi-fue-un-reclamo-conto-sobre-la-frase-de-bellot-que-lo-llamo-masista-huevon\/#article","isPartOf":{"@id":"https:\/\/innoticiasbo.com\/index.php\/2026\/03\/16\/giovann-arzabe-no-es-que-me-haya-dicho-a-mi-fue-un-reclamo-conto-sobre-la-frase-de-bellot-que-lo-llamo-masista-huevon\/"},"author":{"name":"Prensa 11","@id":"https:\/\/innoticiasbo.com\/#\/schema\/person\/0b28481e8d0316f83a13bc702311def5"},"headline":"GIOVANN ARZABE: \u201cNO ES QUE ME HAYA DICHO A MI, FUE UN RECLAMO\u201d CONT\u00d3 SOBRE LA FRASE DE BELLOT QUE LO LLAM\u00d3 \u201cMASISTA HUEV\u00d3N\u201d","datePublished":"2026-03-17T01:02:51+00:00","dateModified":"2026-03-17T01:04:56+00:00","mainEntityOfPage":{"@id":"https:\/\/innoticiasbo.com\/index.php\/2026\/03\/16\/giovann-arzabe-no-es-que-me-haya-dicho-a-mi-fue-un-reclamo-conto-sobre-la-frase-de-bellot-que-lo-llamo-masista-huevon\/"},"wordCount":485,"commentCount":0,"publisher":{"@id":"https:\/\/innoticiasbo.com\/#organization"},"image":{"@id":"https:\/\/innoticiasbo.com\/index.php\/2026\/03\/16\/giovann-arzabe-no-es-que-me-haya-dicho-a-mi-fue-un-reclamo-conto-sobre-la-frase-de-bellot-que-lo-llamo-masista-huevon\/#primaryimage"},"thumbnailUrl":"https:\/\/i0.wp.com\/innoticiasbo.com\/wp-content\/uploads\/2026\/03\/Screenshot-2026-03-16-210327.png?fit=1048%2C588&ssl=1","keywords":["Cochabamba","elecciones","Elecciones 2026","elecciones subnacionales","Giovann Arzabe","Javier Bellott","Pol\u00edtica","subnacionales","Subnacionales 2026"],"articleSection":["Bolivia","Pol\u00edtica"],"inLanguage":"es","potentialAction":[{"@type":"CommentAction","name":"Comment","target":["https:\/\/innoticiasbo.com\/index.php\/2026\/03\/16\/giovann-arzabe-no-es-que-me-haya-dicho-a-mi-fue-un-reclamo-conto-sobre-la-frase-de-bellot-que-lo-llamo-masista-huevon\/#respond"]}]},{"@type":"WebPage","@id":"https:\/\/innoticiasbo.com\/index.php\/2026\/03\/16\/giovann-arzabe-no-es-que-me-haya-dicho-a-mi-fue-un-reclamo-conto-sobre-la-frase-de-bellot-que-lo-llamo-masista-huevon\/","url":"https:\/\/innoticiasbo.com\/index.php\/2026\/03\/16\/giovann-arzabe-no-es-que-me-haya-dicho-a-mi-fue-un-reclamo-conto-sobre-la-frase-de-bellot-que-lo-llamo-masista-huevon\/","name":"GIOVANN ARZABE: \u201cNO ES QUE ME HAYA DICHO A MI, FUE UN RECLAMO\u201d CONT\u00d3 SOBRE LA FRASE DE BELLOT QUE LO LLAM\u00d3 \u201cMASISTA HUEV\u00d3N\u201d - innoticiasbo.com","isPartOf":{"@id":"https:\/\/innoticiasbo.com\/#website"},"primaryImageOfPage":{"@id":"https:\/\/innoticiasbo.com\/index.php\/2026\/03\/16\/giovann-arzabe-no-es-que-me-haya-dicho-a-mi-fue-un-reclamo-conto-sobre-la-frase-de-bellot-que-lo-llamo-masista-huevon\/#primaryimage"},"image":{"@id":"https:\/\/innoticiasbo.com\/index.php\/2026\/03\/16\/giovann-arzabe-no-es-que-me-haya-dicho-a-mi-fue-un-reclamo-conto-sobre-la-frase-de-bellot-que-lo-llamo-masista-huevon\/#primaryimage"},"thumbnailUrl":"https:\/\/i0.wp.com\/innoticiasbo.com\/wp-content\/uploads\/2026\/03\/Screenshot-2026-03-16-210327.png?fit=1048%2C588&ssl=1","datePublished":"2026-03-17T01:02:51+00:00","dateModified":"2026-03-17T01:04:56+00:00","breadcrumb":{"@id":"https:\/\/innoticiasbo.com\/index.php\/2026\/03\/16\/giovann-arzabe-no-es-que-me-haya-dicho-a-mi-fue-un-reclamo-conto-sobre-la-frase-de-bellot-que-lo-llamo-masista-huevon\/#breadcrumb"},"inLanguage":"es","potentialAction":[{"@type":"ReadAction","target":["https:\/\/innoticiasbo.com\/index.php\/2026\/03\/16\/giovann-arzabe-no-es-que-me-haya-dicho-a-mi-fue-un-reclamo-conto-sobre-la-frase-de-bellot-que-lo-llamo-masista-huevon\/"]}]},{"@type":"ImageObject","inLanguage":"es","@id":"https:\/\/innoticiasbo.com\/index.php\/2026\/03\/16\/giovann-arzabe-no-es-que-me-haya-dicho-a-mi-fue-un-reclamo-conto-sobre-la-frase-de-bellot-que-lo-llamo-masista-huevon\/#primaryimage","url":"https:\/\/i0.wp.com\/innoticiasbo.com\/wp-content\/uploads\/2026\/03\/Screenshot-2026-03-16-210327.png?fit=1048%2C588&ssl=1","contentUrl":"https:\/\/i0.wp.com\/innoticiasbo.com\/wp-content\/uploads\/2026\/03\/Screenshot-2026-03-16-210327.png?fit=1048%2C588&ssl=1","width":1048,"height":588},{"@type":"BreadcrumbList","@id":"https:\/\/innoticiasbo.com\/index.php\/2026\/03\/16\/giovann-arzabe-no-es-que-me-haya-dicho-a-mi-fue-un-reclamo-conto-sobre-la-frase-de-bellot-que-lo-llamo-masista-huevon\/#breadcrumb","itemListElement":[{"@type":"ListItem","position":1,"name":"Portada","item":"https:\/\/innoticiasbo.com\/"},{"@type":"ListItem","position":2,"name":"GIOVANN ARZABE: \u201cNO ES QUE ME HAYA DICHO A MI, FUE UN RECLAMO\u201d CONT\u00d3 SOBRE LA FRASE DE BELLOT QUE LO LLAM\u00d3 \u201cMASISTA HUEV\u00d3N\u201d"}]},{"@type":"WebSite","@id":"https:\/\/innoticiasbo.com\/#website","url":"https:\/\/innoticiasbo.com\/","name":"innoticiasbo.com","description":"","publisher":{"@id":"https:\/\/innoticiasbo.com\/#organization"},"potentialAction":[{"@type":"SearchAction","target":{"@type":"EntryPoint","urlTemplate":"https:\/\/innoticiasbo.com\/?s={search_term_string}"},"query-input":{"@type":"PropertyValueSpecification","valueRequired":true,"valueName":"search_term_string"}}],"inLanguage":"es"},{"@type":"Organization","@id":"https:\/\/innoticiasbo.com\/#organization","name":"innoticiasbo.com","url":"https:\/\/innoticiasbo.com\/","logo":{"@type":"ImageObject","inLanguage":"es","@id":"https:\/\/innoticiasbo.com\/#\/schema\/logo\/image\/","url":"https:\/\/i0.wp.com\/innoticiasbo.com\/wp-content\/uploads\/2026\/04\/cropped-IN-LOGO.png?fit=1476%2C1476&ssl=1","contentUrl":"https:\/\/i0.wp.com\/innoticiasbo.com\/wp-content\/uploads\/2026\/04\/cropped-IN-LOGO.png?fit=1476%2C1476&ssl=1","width":1476,"height":1476,"caption":"innoticiasbo.com"},"image":{"@id":"https:\/\/innoticiasbo.com\/#\/schema\/logo\/image\/"},"sameAs":["https:\/\/www.facebook.com\/innoticiasbolivia","https:\/\/x.com\/innoticiasbo","https:\/\/www.instagram.com\/innoticiasbo","https:\/\/www.youtube.com\/innoticiasbo"]},{"@type":"Person","@id":"https:\/\/innoticiasbo.com\/#\/schema\/person\/0b28481e8d0316f83a13bc702311def5","name":"Prensa 11","image":{"@type":"ImageObject","inLanguage":"es","@id":"https:\/\/innoticiasbo.com\/#\/schema\/person\/image\/","url":"https:\/\/secure.gravatar.com\/avatar\/696560c17349f1807a610bf83832bad0?s=96&d=mm&r=g","contentUrl":"https:\/\/secure.gravatar.com\/avatar\/696560c17349f1807a610bf83832bad0?s=96&d=mm&r=g","caption":"Prensa 11"},"sameAs":["http:\/\/www.innoticiasbo.com"],"url":"https:\/\/innoticiasbo.com\/index.php\/author\/prensa-11\/"}]}},"jetpack_featured_media_url":"https:\/\/i0.wp.com\/innoticiasbo.com\/wp-content\/uploads\/2026\/03\/Screenshot-2026-03-16-210327.png?fit=1048%2C588&ssl=1","jetpack_likes_enabled":true,"jetpack_sharing_enabled":true,"jetpack_shortlink":"https:\/\/wp.me\/pg298x-2wt","_links":{"self":[{"href":"https:\/\/innoticiasbo.com\/index.php\/wp-json\/wp\/v2\/posts\/9701","targetHints":{"allow":["GET"]}}],"collection":[{"href":"https:\/\/innoticiasbo.com\/index.php\/wp-json\/wp\/v2\/posts"}],"about":[{"href":"https:\/\/innoticiasbo.com\/index.php\/wp-json\/wp\/v2\/types\/post"}],"author":[{"embeddable":true,"href":"https:\/\/innoticiasbo.com\/index.php\/wp-json\/wp\/v2\/users\/11"}],"replies":[{"embeddable":true,"href":"https:\/\/innoticiasbo.com\/index.php\/wp-json\/wp\/v2\/comments?post=9701"}],"version-history":[{"count":1,"href":"https:\/\/innoticiasbo.com\/index.php\/wp-json\/wp\/v2\/posts\/9701\/revisions"}],"predecessor-version":[{"id":9703,"href":"https:\/\/innoticiasbo.com\/index.php\/wp-json\/wp\/v2\/posts\/9701\/revisions\/9703"}],"wp:featuredmedia":[{"embeddable":true,"href":"https:\/\/innoticiasbo.com\/index.php\/wp-json\/wp\/v2\/media\/9704"}],"wp:attachment":[{"href":"https:\/\/innoticiasbo.com\/index.php\/wp-json\/wp\/v2\/media?parent=9701"}],"wp:term":[{"taxonomy":"category","embeddable":true,"href":"https:\/\/innoticiasbo.com\/index.php\/wp-json\/wp\/v2\/categories?post=9701"},{"taxonomy":"post_tag","embeddable":true,"href":"https:\/\/innoticiasbo.com\/index.php\/wp-json\/wp\/v2\/tags?post=9701"}],"curies":[{"name":"wp","href":"https:\/\/api.w.org\/{rel}","templated":true}]}}