{"id":9698,"date":"2026-03-16T14:28:17","date_gmt":"2026-03-16T18:28:17","guid":{"rendered":"https:\/\/innoticiasbo.com\/?p=9698"},"modified":"2026-03-16T14:28:19","modified_gmt":"2026-03-16T18:28:19","slug":"arranca-campana-masiva-contra-el-dengue-y-chikungunya-en-cochabamba","status":"publish","type":"post","link":"https:\/\/innoticiasbo.com\/index.php\/2026\/03\/16\/arranca-campana-masiva-contra-el-dengue-y-chikungunya-en-cochabamba\/","title":{"rendered":"ARRANCA CAMPA\u00d1A MASIVA CONTRA EL DENGUE Y CHIKUNGUNYA EN COCHABAMBA"},"content":{"rendered":"\n<figure class=\"wp-block-image size-large\"><img data-recalc-dims=\"1\" loading=\"lazy\" decoding=\"async\" width=\"640\" height=\"288\" src=\"https:\/\/i0.wp.com\/innoticiasbo.com\/wp-content\/uploads\/2026\/03\/image-204.png?resize=640%2C288&#038;ssl=1\" alt=\"\" class=\"wp-image-9699\" srcset=\"https:\/\/i0.wp.com\/innoticiasbo.com\/wp-content\/uploads\/2026\/03\/image-204.png?resize=1024%2C461&amp;ssl=1 1024w, https:\/\/i0.wp.com\/innoticiasbo.com\/wp-content\/uploads\/2026\/03\/image-204.png?resize=300%2C135&amp;ssl=1 300w, https:\/\/i0.wp.com\/innoticiasbo.com\/wp-content\/uploads\/2026\/03\/image-204.png?resize=768%2C346&amp;ssl=1 768w, https:\/\/i0.wp.com\/innoticiasbo.com\/wp-content\/uploads\/2026\/03\/image-204.png?w=1280&amp;ssl=1 1280w\" sizes=\"auto, (max-width: 640px) 100vw, 640px\" \/><\/figure>\n\n\n\n<p><strong>Cochabamba, 16 de Marzo de 2026.-<\/strong> El secretario de Salud de la Alcald\u00eda, An\u00edbal Cruz, inform\u00f3 que la iniciativa se desarrolla de manera coordinada entre el Servicio Departamental de Salud (Sedes), el Municipio, Empresa Municipal de Servicios de Aseo (EMSA) y el Ej\u00e9rcito de Bolivia.<\/p>\n\n\n\n<p>Explic\u00f3 que&nbsp;la campa\u00f1a fue lanzada el pasado fin de semana y <strong>se extender\u00e1 durante dos semanas, hasta el 29 de marzo, cuando se realizar\u00e1 una minga de limpieza en distintos sectores de la ciudad.<\/strong><\/p>\n\n\n\n<p>Durante el inicio de la campa\u00f1a se movilizaron 780 efectivos militares y cerca de 70 compactadoras de EMSA. <strong>En las primeras tareas de limpieza tambi\u00e9n se retiraron alrededor de 65 toneladas de residuos del lecho del r\u00edo Rocha.<\/strong><\/p>\n\n\n\n<p><strong>La iniciativa busca eliminar los criaderos del mosquito Aedes aegypti, principal transmisor de estas enfermedades.<\/strong> Las acciones incluyen la limpieza de patios, la eliminaci\u00f3n de recipientes que acumulen agua y la recolecci\u00f3n de objetos en desuso que pueden convertirse en focos de reproducci\u00f3n del insecto.<\/p>\n\n\n\n<p>Cruz explic\u00f3 que estas enfermedades pueden generar fiebre, fuerte dolor muscular e incluso incapacidad temporal, por lo que destac\u00f3 la importancia de la participaci\u00f3n ciudadana.<\/p>\n\n\n\n<p>\u201cSi la sociedad se compromete a trabajar con las recomendaciones de los gestores de salud, podemos tener buenos resultados\u201d, se\u00f1al\u00f3.<\/p>\n\n\n\n<p>La autoridad tambi\u00e9n expres\u00f3 preocupaci\u00f3n por la cobertura de vacunaci\u00f3n contra el sarampi\u00f3n y pidi\u00f3 a la poblaci\u00f3n acudir a los centros de salud para completar los esquemas de inmunizaci\u00f3n.<\/p>\n\n\n\n<p>Fuente: Red Uno<\/p>\n","protected":false},"excerpt":{"rendered":"<p>Cochabamba, 16 de Marzo de 2026.- El secretario de Salud de la Alcald\u00eda, An\u00edbal Cruz, inform\u00f3 que la iniciativa se desarrolla de manera coordinada entre el Servicio Departamental de Salud (Sedes), el Municipio, Empresa Municipal de Servicios de Aseo (EMSA) y el Ej\u00e9rcito de Bolivia. Explic\u00f3 que&nbsp;la campa\u00f1a fue lanzada el pasado fin de semana&#8230;<\/p>\n","protected":false},"author":11,"featured_media":9699,"comment_status":"open","ping_status":"open","sticky":false,"template":"","format":"standard","meta":{"_jetpack_memberships_contains_paid_content":false,"footnotes":"","jetpack_publicize_message":"","jetpack_publicize_feature_enabled":true,"jetpack_social_post_already_shared":true,"jetpack_social_options":{"image_generator_settings":{"template":"highway","enabled":false},"version":2}},"categories":[2,187],"tags":[1297,6,1534,553,94,1364],"class_list":["post-9698","post","type-post","status-publish","format-standard","has-post-thumbnail","hentry","category-cochabamba","category-salud","tag-chikungunya","tag-cochabamba","tag-dengue","tag-emsa","tag-salud","tag-sedes"],"jetpack_publicize_connections":[],"yoast_head":"<!-- This site is optimized with the Yoast SEO plugin v23.4 - https:\/\/yoast.com\/wordpress\/plugins\/seo\/ -->\n<title>ARRANCA CAMPA\u00d1A MASIVA CONTRA EL DENGUE Y CHIKUNGUNYA EN COCHABAMBA - innoticiasbo.com<\/title>\n<meta name=\"robots\" content=\"index, follow, max-snippet:-1, max-image-preview:large, max-video-preview:-1\" \/>\n<link rel=\"canonical\" href=\"https:\/\/innoticiasbo.com\/index.php\/2026\/03\/16\/arranca-campana-masiva-contra-el-dengue-y-chikungunya-en-cochabamba\/\" \/>\n<meta property=\"og:locale\" content=\"es_ES\" \/>\n<meta property=\"og:type\" content=\"article\" \/>\n<meta property=\"og:title\" content=\"ARRANCA CAMPA\u00d1A MASIVA CONTRA EL DENGUE Y CHIKUNGUNYA EN COCHABAMBA - innoticiasbo.com\" \/>\n<meta property=\"og:description\" content=\"Cochabamba, 16 de Marzo de 2026.- El secretario de Salud de la Alcald\u00eda, An\u00edbal Cruz, inform\u00f3 que la iniciativa se desarrolla de manera coordinada entre el Servicio Departamental de Salud (Sedes), el Municipio, Empresa Municipal de Servicios de Aseo (EMSA) y el Ej\u00e9rcito de Bolivia. Explic\u00f3 que&nbsp;la campa\u00f1a fue lanzada el pasado fin de semana...\" \/>\n<meta property=\"og:url\" content=\"https:\/\/innoticiasbo.com\/index.php\/2026\/03\/16\/arranca-campana-masiva-contra-el-dengue-y-chikungunya-en-cochabamba\/\" \/>\n<meta property=\"og:site_name\" content=\"innoticiasbo.com\" \/>\n<meta property=\"article:publisher\" content=\"https:\/\/www.facebook.com\/innoticiasbolivia\" \/>\n<meta property=\"article:published_time\" content=\"2026-03-16T18:28:17+00:00\" \/>\n<meta property=\"article:modified_time\" content=\"2026-03-16T18:28:19+00:00\" \/>\n<meta property=\"og:image\" content=\"https:\/\/innoticiasbo.com\/wp-content\/uploads\/2026\/03\/image-204.png\" \/>\n\t<meta property=\"og:image:width\" content=\"1280\" \/>\n\t<meta property=\"og:image:height\" content=\"576\" \/>\n\t<meta property=\"og:image:type\" content=\"image\/png\" \/>\n<meta name=\"author\" content=\"Prensa 11\" \/>\n<meta name=\"twitter:card\" content=\"summary_large_image\" \/>\n<meta name=\"twitter:creator\" content=\"@innoticiasbo\" \/>\n<meta name=\"twitter:site\" content=\"@innoticiasbo\" \/>\n<meta name=\"twitter:label1\" content=\"Escrito por\" \/>\n\t<meta name=\"twitter:data1\" content=\"Prensa 11\" \/>\n\t<meta name=\"twitter:label2\" content=\"Tiempo de lectura\" \/>\n\t<meta name=\"twitter:data2\" content=\"2 minutos\" \/>\n<script type=\"application\/ld+json\" class=\"yoast-schema-graph\">{\"@context\":\"https:\/\/schema.org\",\"@graph\":[{\"@type\":\"Article\",\"@id\":\"https:\/\/innoticiasbo.com\/index.php\/2026\/03\/16\/arranca-campana-masiva-contra-el-dengue-y-chikungunya-en-cochabamba\/#article\",\"isPartOf\":{\"@id\":\"https:\/\/innoticiasbo.com\/index.php\/2026\/03\/16\/arranca-campana-masiva-contra-el-dengue-y-chikungunya-en-cochabamba\/\"},\"author\":{\"name\":\"Prensa 11\",\"@id\":\"https:\/\/innoticiasbo.com\/#\/schema\/person\/0b28481e8d0316f83a13bc702311def5\"},\"headline\":\"ARRANCA CAMPA\u00d1A MASIVA CONTRA EL DENGUE Y CHIKUNGUNYA EN COCHABAMBA\",\"datePublished\":\"2026-03-16T18:28:17+00:00\",\"dateModified\":\"2026-03-16T18:28:19+00:00\",\"mainEntityOfPage\":{\"@id\":\"https:\/\/innoticiasbo.com\/index.php\/2026\/03\/16\/arranca-campana-masiva-contra-el-dengue-y-chikungunya-en-cochabamba\/\"},\"wordCount\":266,\"commentCount\":0,\"publisher\":{\"@id\":\"https:\/\/innoticiasbo.com\/#organization\"},\"image\":{\"@id\":\"https:\/\/innoticiasbo.com\/index.php\/2026\/03\/16\/arranca-campana-masiva-contra-el-dengue-y-chikungunya-en-cochabamba\/#primaryimage\"},\"thumbnailUrl\":\"https:\/\/i0.wp.com\/innoticiasbo.com\/wp-content\/uploads\/2026\/03\/image-204.png?fit=1280%2C576&ssl=1\",\"keywords\":[\"chikungunya\",\"Cochabamba\",\"Dengue\",\"emsa\",\"Salud\",\"SEDES\"],\"articleSection\":[\"Cochabamba\",\"Salud\"],\"inLanguage\":\"es\",\"potentialAction\":[{\"@type\":\"CommentAction\",\"name\":\"Comment\",\"target\":[\"https:\/\/innoticiasbo.com\/index.php\/2026\/03\/16\/arranca-campana-masiva-contra-el-dengue-y-chikungunya-en-cochabamba\/#respond\"]}]},{\"@type\":\"WebPage\",\"@id\":\"https:\/\/innoticiasbo.com\/index.php\/2026\/03\/16\/arranca-campana-masiva-contra-el-dengue-y-chikungunya-en-cochabamba\/\",\"url\":\"https:\/\/innoticiasbo.com\/index.php\/2026\/03\/16\/arranca-campana-masiva-contra-el-dengue-y-chikungunya-en-cochabamba\/\",\"name\":\"ARRANCA CAMPA\u00d1A MASIVA CONTRA EL DENGUE Y CHIKUNGUNYA EN COCHABAMBA - innoticiasbo.com\",\"isPartOf\":{\"@id\":\"https:\/\/innoticiasbo.com\/#website\"},\"primaryImageOfPage\":{\"@id\":\"https:\/\/innoticiasbo.com\/index.php\/2026\/03\/16\/arranca-campana-masiva-contra-el-dengue-y-chikungunya-en-cochabamba\/#primaryimage\"},\"image\":{\"@id\":\"https:\/\/innoticiasbo.com\/index.php\/2026\/03\/16\/arranca-campana-masiva-contra-el-dengue-y-chikungunya-en-cochabamba\/#primaryimage\"},\"thumbnailUrl\":\"https:\/\/i0.wp.com\/innoticiasbo.com\/wp-content\/uploads\/2026\/03\/image-204.png?fit=1280%2C576&ssl=1\",\"datePublished\":\"2026-03-16T18:28:17+00:00\",\"dateModified\":\"2026-03-16T18:28:19+00:00\",\"breadcrumb\":{\"@id\":\"https:\/\/innoticiasbo.com\/index.php\/2026\/03\/16\/arranca-campana-masiva-contra-el-dengue-y-chikungunya-en-cochabamba\/#breadcrumb\"},\"inLanguage\":\"es\",\"potentialAction\":[{\"@type\":\"ReadAction\",\"target\":[\"https:\/\/innoticiasbo.com\/index.php\/2026\/03\/16\/arranca-campana-masiva-contra-el-dengue-y-chikungunya-en-cochabamba\/\"]}]},{\"@type\":\"ImageObject\",\"inLanguage\":\"es\",\"@id\":\"https:\/\/innoticiasbo.com\/index.php\/2026\/03\/16\/arranca-campana-masiva-contra-el-dengue-y-chikungunya-en-cochabamba\/#primaryimage\",\"url\":\"https:\/\/i0.wp.com\/innoticiasbo.com\/wp-content\/uploads\/2026\/03\/image-204.png?fit=1280%2C576&ssl=1\",\"contentUrl\":\"https:\/\/i0.wp.com\/innoticiasbo.com\/wp-content\/uploads\/2026\/03\/image-204.png?fit=1280%2C576&ssl=1\",\"width\":1280,\"height\":576},{\"@type\":\"BreadcrumbList\",\"@id\":\"https:\/\/innoticiasbo.com\/index.php\/2026\/03\/16\/arranca-campana-masiva-contra-el-dengue-y-chikungunya-en-cochabamba\/#breadcrumb\",\"itemListElement\":[{\"@type\":\"ListItem\",\"position\":1,\"name\":\"Portada\",\"item\":\"https:\/\/innoticiasbo.com\/\"},{\"@type\":\"ListItem\",\"position\":2,\"name\":\"ARRANCA CAMPA\u00d1A MASIVA CONTRA EL DENGUE Y CHIKUNGUNYA EN COCHABAMBA\"}]},{\"@type\":\"WebSite\",\"@id\":\"https:\/\/innoticiasbo.com\/#website\",\"url\":\"https:\/\/innoticiasbo.com\/\",\"name\":\"innoticiasbo.com\",\"description\":\"\",\"publisher\":{\"@id\":\"https:\/\/innoticiasbo.com\/#organization\"},\"potentialAction\":[{\"@type\":\"SearchAction\",\"target\":{\"@type\":\"EntryPoint\",\"urlTemplate\":\"https:\/\/innoticiasbo.com\/?s={search_term_string}\"},\"query-input\":{\"@type\":\"PropertyValueSpecification\",\"valueRequired\":true,\"valueName\":\"search_term_string\"}}],\"inLanguage\":\"es\"},{\"@type\":\"Organization\",\"@id\":\"https:\/\/innoticiasbo.com\/#organization\",\"name\":\"innoticiasbo.com\",\"url\":\"https:\/\/innoticiasbo.com\/\",\"logo\":{\"@type\":\"ImageObject\",\"inLanguage\":\"es\",\"@id\":\"https:\/\/innoticiasbo.com\/#\/schema\/logo\/image\/\",\"url\":\"https:\/\/i0.wp.com\/innoticiasbo.com\/wp-content\/uploads\/2026\/04\/cropped-IN-LOGO.png?fit=1476%2C1476&ssl=1\",\"contentUrl\":\"https:\/\/i0.wp.com\/innoticiasbo.com\/wp-content\/uploads\/2026\/04\/cropped-IN-LOGO.png?fit=1476%2C1476&ssl=1\",\"width\":1476,\"height\":1476,\"caption\":\"innoticiasbo.com\"},\"image\":{\"@id\":\"https:\/\/innoticiasbo.com\/#\/schema\/logo\/image\/\"},\"sameAs\":[\"https:\/\/www.facebook.com\/innoticiasbolivia\",\"https:\/\/x.com\/innoticiasbo\",\"https:\/\/www.instagram.com\/innoticiasbo\",\"https:\/\/www.youtube.com\/innoticiasbo\"]},{\"@type\":\"Person\",\"@id\":\"https:\/\/innoticiasbo.com\/#\/schema\/person\/0b28481e8d0316f83a13bc702311def5\",\"name\":\"Prensa 11\",\"image\":{\"@type\":\"ImageObject\",\"inLanguage\":\"es\",\"@id\":\"https:\/\/innoticiasbo.com\/#\/schema\/person\/image\/\",\"url\":\"https:\/\/secure.gravatar.com\/avatar\/696560c17349f1807a610bf83832bad0?s=96&d=mm&r=g\",\"contentUrl\":\"https:\/\/secure.gravatar.com\/avatar\/696560c17349f1807a610bf83832bad0?s=96&d=mm&r=g\",\"caption\":\"Prensa 11\"},\"sameAs\":[\"http:\/\/www.innoticiasbo.com\"],\"url\":\"https:\/\/innoticiasbo.com\/index.php\/author\/prensa-11\/\"}]}<\/script>\n<!-- \/ Yoast SEO plugin. -->","yoast_head_json":{"title":"ARRANCA CAMPA\u00d1A MASIVA CONTRA EL DENGUE Y CHIKUNGUNYA EN COCHABAMBA - innoticiasbo.com","robots":{"index":"index","follow":"follow","max-snippet":"max-snippet:-1","max-image-preview":"max-image-preview:large","max-video-preview":"max-video-preview:-1"},"canonical":"https:\/\/innoticiasbo.com\/index.php\/2026\/03\/16\/arranca-campana-masiva-contra-el-dengue-y-chikungunya-en-cochabamba\/","og_locale":"es_ES","og_type":"article","og_title":"ARRANCA CAMPA\u00d1A MASIVA CONTRA EL DENGUE Y CHIKUNGUNYA EN COCHABAMBA - innoticiasbo.com","og_description":"Cochabamba, 16 de Marzo de 2026.- El secretario de Salud de la Alcald\u00eda, An\u00edbal Cruz, inform\u00f3 que la iniciativa se desarrolla de manera coordinada entre el Servicio Departamental de Salud (Sedes), el Municipio, Empresa Municipal de Servicios de Aseo (EMSA) y el Ej\u00e9rcito de Bolivia. Explic\u00f3 que&nbsp;la campa\u00f1a fue lanzada el pasado fin de semana...","og_url":"https:\/\/innoticiasbo.com\/index.php\/2026\/03\/16\/arranca-campana-masiva-contra-el-dengue-y-chikungunya-en-cochabamba\/","og_site_name":"innoticiasbo.com","article_publisher":"https:\/\/www.facebook.com\/innoticiasbolivia","article_published_time":"2026-03-16T18:28:17+00:00","article_modified_time":"2026-03-16T18:28:19+00:00","og_image":[{"width":1280,"height":576,"url":"https:\/\/innoticiasbo.com\/wp-content\/uploads\/2026\/03\/image-204.png","type":"image\/png"}],"author":"Prensa 11","twitter_card":"summary_large_image","twitter_creator":"@innoticiasbo","twitter_site":"@innoticiasbo","twitter_misc":{"Escrito por":"Prensa 11","Tiempo de lectura":"2 minutos"},"schema":{"@context":"https:\/\/schema.org","@graph":[{"@type":"Article","@id":"https:\/\/innoticiasbo.com\/index.php\/2026\/03\/16\/arranca-campana-masiva-contra-el-dengue-y-chikungunya-en-cochabamba\/#article","isPartOf":{"@id":"https:\/\/innoticiasbo.com\/index.php\/2026\/03\/16\/arranca-campana-masiva-contra-el-dengue-y-chikungunya-en-cochabamba\/"},"author":{"name":"Prensa 11","@id":"https:\/\/innoticiasbo.com\/#\/schema\/person\/0b28481e8d0316f83a13bc702311def5"},"headline":"ARRANCA CAMPA\u00d1A MASIVA CONTRA EL DENGUE Y CHIKUNGUNYA EN COCHABAMBA","datePublished":"2026-03-16T18:28:17+00:00","dateModified":"2026-03-16T18:28:19+00:00","mainEntityOfPage":{"@id":"https:\/\/innoticiasbo.com\/index.php\/2026\/03\/16\/arranca-campana-masiva-contra-el-dengue-y-chikungunya-en-cochabamba\/"},"wordCount":266,"commentCount":0,"publisher":{"@id":"https:\/\/innoticiasbo.com\/#organization"},"image":{"@id":"https:\/\/innoticiasbo.com\/index.php\/2026\/03\/16\/arranca-campana-masiva-contra-el-dengue-y-chikungunya-en-cochabamba\/#primaryimage"},"thumbnailUrl":"https:\/\/i0.wp.com\/innoticiasbo.com\/wp-content\/uploads\/2026\/03\/image-204.png?fit=1280%2C576&ssl=1","keywords":["chikungunya","Cochabamba","Dengue","emsa","Salud","SEDES"],"articleSection":["Cochabamba","Salud"],"inLanguage":"es","potentialAction":[{"@type":"CommentAction","name":"Comment","target":["https:\/\/innoticiasbo.com\/index.php\/2026\/03\/16\/arranca-campana-masiva-contra-el-dengue-y-chikungunya-en-cochabamba\/#respond"]}]},{"@type":"WebPage","@id":"https:\/\/innoticiasbo.com\/index.php\/2026\/03\/16\/arranca-campana-masiva-contra-el-dengue-y-chikungunya-en-cochabamba\/","url":"https:\/\/innoticiasbo.com\/index.php\/2026\/03\/16\/arranca-campana-masiva-contra-el-dengue-y-chikungunya-en-cochabamba\/","name":"ARRANCA CAMPA\u00d1A MASIVA CONTRA EL DENGUE Y CHIKUNGUNYA EN COCHABAMBA - innoticiasbo.com","isPartOf":{"@id":"https:\/\/innoticiasbo.com\/#website"},"primaryImageOfPage":{"@id":"https:\/\/innoticiasbo.com\/index.php\/2026\/03\/16\/arranca-campana-masiva-contra-el-dengue-y-chikungunya-en-cochabamba\/#primaryimage"},"image":{"@id":"https:\/\/innoticiasbo.com\/index.php\/2026\/03\/16\/arranca-campana-masiva-contra-el-dengue-y-chikungunya-en-cochabamba\/#primaryimage"},"thumbnailUrl":"https:\/\/i0.wp.com\/innoticiasbo.com\/wp-content\/uploads\/2026\/03\/image-204.png?fit=1280%2C576&ssl=1","datePublished":"2026-03-16T18:28:17+00:00","dateModified":"2026-03-16T18:28:19+00:00","breadcrumb":{"@id":"https:\/\/innoticiasbo.com\/index.php\/2026\/03\/16\/arranca-campana-masiva-contra-el-dengue-y-chikungunya-en-cochabamba\/#breadcrumb"},"inLanguage":"es","potentialAction":[{"@type":"ReadAction","target":["https:\/\/innoticiasbo.com\/index.php\/2026\/03\/16\/arranca-campana-masiva-contra-el-dengue-y-chikungunya-en-cochabamba\/"]}]},{"@type":"ImageObject","inLanguage":"es","@id":"https:\/\/innoticiasbo.com\/index.php\/2026\/03\/16\/arranca-campana-masiva-contra-el-dengue-y-chikungunya-en-cochabamba\/#primaryimage","url":"https:\/\/i0.wp.com\/innoticiasbo.com\/wp-content\/uploads\/2026\/03\/image-204.png?fit=1280%2C576&ssl=1","contentUrl":"https:\/\/i0.wp.com\/innoticiasbo.com\/wp-content\/uploads\/2026\/03\/image-204.png?fit=1280%2C576&ssl=1","width":1280,"height":576},{"@type":"BreadcrumbList","@id":"https:\/\/innoticiasbo.com\/index.php\/2026\/03\/16\/arranca-campana-masiva-contra-el-dengue-y-chikungunya-en-cochabamba\/#breadcrumb","itemListElement":[{"@type":"ListItem","position":1,"name":"Portada","item":"https:\/\/innoticiasbo.com\/"},{"@type":"ListItem","position":2,"name":"ARRANCA CAMPA\u00d1A MASIVA CONTRA EL DENGUE Y CHIKUNGUNYA EN COCHABAMBA"}]},{"@type":"WebSite","@id":"https:\/\/innoticiasbo.com\/#website","url":"https:\/\/innoticiasbo.com\/","name":"innoticiasbo.com","description":"","publisher":{"@id":"https:\/\/innoticiasbo.com\/#organization"},"potentialAction":[{"@type":"SearchAction","target":{"@type":"EntryPoint","urlTemplate":"https:\/\/innoticiasbo.com\/?s={search_term_string}"},"query-input":{"@type":"PropertyValueSpecification","valueRequired":true,"valueName":"search_term_string"}}],"inLanguage":"es"},{"@type":"Organization","@id":"https:\/\/innoticiasbo.com\/#organization","name":"innoticiasbo.com","url":"https:\/\/innoticiasbo.com\/","logo":{"@type":"ImageObject","inLanguage":"es","@id":"https:\/\/innoticiasbo.com\/#\/schema\/logo\/image\/","url":"https:\/\/i0.wp.com\/innoticiasbo.com\/wp-content\/uploads\/2026\/04\/cropped-IN-LOGO.png?fit=1476%2C1476&ssl=1","contentUrl":"https:\/\/i0.wp.com\/innoticiasbo.com\/wp-content\/uploads\/2026\/04\/cropped-IN-LOGO.png?fit=1476%2C1476&ssl=1","width":1476,"height":1476,"caption":"innoticiasbo.com"},"image":{"@id":"https:\/\/innoticiasbo.com\/#\/schema\/logo\/image\/"},"sameAs":["https:\/\/www.facebook.com\/innoticiasbolivia","https:\/\/x.com\/innoticiasbo","https:\/\/www.instagram.com\/innoticiasbo","https:\/\/www.youtube.com\/innoticiasbo"]},{"@type":"Person","@id":"https:\/\/innoticiasbo.com\/#\/schema\/person\/0b28481e8d0316f83a13bc702311def5","name":"Prensa 11","image":{"@type":"ImageObject","inLanguage":"es","@id":"https:\/\/innoticiasbo.com\/#\/schema\/person\/image\/","url":"https:\/\/secure.gravatar.com\/avatar\/696560c17349f1807a610bf83832bad0?s=96&d=mm&r=g","contentUrl":"https:\/\/secure.gravatar.com\/avatar\/696560c17349f1807a610bf83832bad0?s=96&d=mm&r=g","caption":"Prensa 11"},"sameAs":["http:\/\/www.innoticiasbo.com"],"url":"https:\/\/innoticiasbo.com\/index.php\/author\/prensa-11\/"}]}},"jetpack_featured_media_url":"https:\/\/i0.wp.com\/innoticiasbo.com\/wp-content\/uploads\/2026\/03\/image-204.png?fit=1280%2C576&ssl=1","jetpack_likes_enabled":true,"jetpack_sharing_enabled":true,"jetpack_shortlink":"https:\/\/wp.me\/pg298x-2wq","_links":{"self":[{"href":"https:\/\/innoticiasbo.com\/index.php\/wp-json\/wp\/v2\/posts\/9698","targetHints":{"allow":["GET"]}}],"collection":[{"href":"https:\/\/innoticiasbo.com\/index.php\/wp-json\/wp\/v2\/posts"}],"about":[{"href":"https:\/\/innoticiasbo.com\/index.php\/wp-json\/wp\/v2\/types\/post"}],"author":[{"embeddable":true,"href":"https:\/\/innoticiasbo.com\/index.php\/wp-json\/wp\/v2\/users\/11"}],"replies":[{"embeddable":true,"href":"https:\/\/innoticiasbo.com\/index.php\/wp-json\/wp\/v2\/comments?post=9698"}],"version-history":[{"count":1,"href":"https:\/\/innoticiasbo.com\/index.php\/wp-json\/wp\/v2\/posts\/9698\/revisions"}],"predecessor-version":[{"id":9700,"href":"https:\/\/innoticiasbo.com\/index.php\/wp-json\/wp\/v2\/posts\/9698\/revisions\/9700"}],"wp:featuredmedia":[{"embeddable":true,"href":"https:\/\/innoticiasbo.com\/index.php\/wp-json\/wp\/v2\/media\/9699"}],"wp:attachment":[{"href":"https:\/\/innoticiasbo.com\/index.php\/wp-json\/wp\/v2\/media?parent=9698"}],"wp:term":[{"taxonomy":"category","embeddable":true,"href":"https:\/\/innoticiasbo.com\/index.php\/wp-json\/wp\/v2\/categories?post=9698"},{"taxonomy":"post_tag","embeddable":true,"href":"https:\/\/innoticiasbo.com\/index.php\/wp-json\/wp\/v2\/tags?post=9698"}],"curies":[{"name":"wp","href":"https:\/\/api.w.org\/{rel}","templated":true}]}}