{"id":9695,"date":"2026-03-16T14:20:30","date_gmt":"2026-03-16T18:20:30","guid":{"rendered":"https:\/\/innoticiasbo.com\/?p=9695"},"modified":"2026-03-16T14:20:32","modified_gmt":"2026-03-16T18:20:32","slug":"cochabamba-ausencia-de-reyes-villa-en-debate-provoca-protestas-y-retiro-momentaneo-de-dos-candidatos","status":"publish","type":"post","link":"https:\/\/innoticiasbo.com\/index.php\/2026\/03\/16\/cochabamba-ausencia-de-reyes-villa-en-debate-provoca-protestas-y-retiro-momentaneo-de-dos-candidatos\/","title":{"rendered":"COCHABAMBA: AUSENCIA DE REYES VILLA EN DEBATE PROVOCA PROTESTAS Y RETIRO MOMENT\u00c1NEO DE DOS CANDIDATOS"},"content":{"rendered":"\n<figure class=\"wp-block-image size-full\"><img data-recalc-dims=\"1\" loading=\"lazy\" decoding=\"async\" width=\"640\" height=\"357\" src=\"https:\/\/i0.wp.com\/innoticiasbo.com\/wp-content\/uploads\/2026\/03\/image-203.png?resize=640%2C357&#038;ssl=1\" alt=\"\" class=\"wp-image-9696\" srcset=\"https:\/\/i0.wp.com\/innoticiasbo.com\/wp-content\/uploads\/2026\/03\/image-203.png?w=992&amp;ssl=1 992w, https:\/\/i0.wp.com\/innoticiasbo.com\/wp-content\/uploads\/2026\/03\/image-203.png?resize=300%2C167&amp;ssl=1 300w, https:\/\/i0.wp.com\/innoticiasbo.com\/wp-content\/uploads\/2026\/03\/image-203.png?resize=768%2C428&amp;ssl=1 768w\" sizes=\"auto, (max-width: 640px) 100vw, 640px\" \/><\/figure>\n\n\n\n<p><strong>Cochabamba, 16 de Marzo de 2026.-<\/strong> D\u00edas antes del evento, el actual alcalde y candidato a la reelecci\u00f3n descart\u00f3 participar en el debate al considerar que este tipo de encuentros se convirti\u00f3 en un espacio de \u201cconfrontaci\u00f3n y ataques\u201d contra su gesti\u00f3n municipal.<\/p>\n\n\n\n<p>La ausencia del candidato a la reelecci\u00f3n por la alianza APB-S\u00famate, Manfred Reyes Villa, en el debate organizado por el \u00d3rgano Electoral Plurinacional (OEP) gener\u00f3 protestas de los dem\u00e1s postulantes e incluso el retiro moment\u00e1neo de dos candidatos del estudio.<\/p>\n\n\n\n<p>El evento se desarrollaba con normalidad durante los primeros minutos; sin embargo, la situaci\u00f3n cambi\u00f3 cuando el candidato Giovann&nbsp;Arzabe (Libre) intent\u00f3 formular una pregunta al actual alcalde.<\/p>\n\n\n\n<p>Desde el Tribunal Electoral Departamental (TED) de Cochabamba se pidi\u00f3 que la consulta sea dirigida a los candidatos presentes. La respuesta provoc\u00f3 el reclamo de Arzabe, quien cuestion\u00f3 que no se permita plantear preguntas al postulante ausente.<\/p>\n\n\n\n<p>\u201cTodos queremos hacer valer nuestro derecho democr\u00e1tico de por lo menos lanzar las preguntas, aunque \u00e9l (Manfred Reyes Villa) no las vaya a responder\u201d, se\u00f1al\u00f3 Arzabe antes de anunciar su retiro del estudio.<\/p>\n\n\n\n<p>El candidato Francisco Bellot (Soluciones con Todos) se sum\u00f3 al reclamo y tambi\u00e9n decidi\u00f3 abandonar moment\u00e1neamente el set, sin presentar su propuesta.<\/p>\n\n\n\n<p>Ante la situaci\u00f3n, el debate fue suspendido durante algunos minutos hasta que el Tribunal Electoral Departamental determin\u00f3 permitir que los nueve candidatos presentes formulen preguntas dirigidas a Reyes Villa, pese a su ausencia.<\/p>\n\n\n\n<p>D\u00edas antes del evento, el actual alcalde y candidato a la reelecci\u00f3n descart\u00f3 participar en el debate al considerar que este tipo de encuentros se convirti\u00f3 en un espacio de \u201cconfrontaci\u00f3n y ataques\u201d contra su gesti\u00f3n municipal.<\/p>\n\n\n\n<p>Fuente: Opini\u00f3n<\/p>\n","protected":false},"excerpt":{"rendered":"<p>Cochabamba, 16 de Marzo de 2026.- D\u00edas antes del evento, el actual alcalde y candidato a la reelecci\u00f3n descart\u00f3 participar en el debate al considerar que este tipo de encuentros se convirti\u00f3 en un espacio de \u201cconfrontaci\u00f3n y ataques\u201d contra su gesti\u00f3n municipal. La ausencia del candidato a la reelecci\u00f3n por la alianza APB-S\u00famate, Manfred&#8230;<\/p>\n","protected":false},"author":11,"featured_media":9696,"comment_status":"open","ping_status":"open","sticky":false,"template":"","format":"standard","meta":{"_jetpack_memberships_contains_paid_content":false,"footnotes":"","jetpack_publicize_message":"","jetpack_publicize_feature_enabled":true,"jetpack_social_post_already_shared":true,"jetpack_social_options":{"image_generator_settings":{"template":"highway","enabled":false},"version":2}},"categories":[2,3],"tags":[6,1057,48,1244,1106,31,10,1533,1011,1256],"class_list":["post-9695","post","type-post","status-publish","format-standard","has-post-thumbnail","hentry","category-cochabamba","category-politica","tag-cochabamba","tag-eleccion","tag-elecciones","tag-elecciones-2026","tag-elecciones-subnacionales","tag-manfred-reyes-villa","tag-politica","tag-protestas","tag-subnacionales","tag-subnacionales-2026"],"jetpack_publicize_connections":[],"yoast_head":"<!-- This site is optimized with the Yoast SEO plugin v23.4 - https:\/\/yoast.com\/wordpress\/plugins\/seo\/ -->\n<title>COCHABAMBA: AUSENCIA DE REYES VILLA EN DEBATE PROVOCA PROTESTAS Y RETIRO MOMENT\u00c1NEO DE DOS CANDIDATOS - innoticiasbo.com<\/title>\n<meta name=\"robots\" content=\"index, follow, max-snippet:-1, max-image-preview:large, max-video-preview:-1\" \/>\n<link rel=\"canonical\" href=\"https:\/\/innoticiasbo.com\/index.php\/2026\/03\/16\/cochabamba-ausencia-de-reyes-villa-en-debate-provoca-protestas-y-retiro-momentaneo-de-dos-candidatos\/\" \/>\n<meta property=\"og:locale\" content=\"es_ES\" \/>\n<meta property=\"og:type\" content=\"article\" \/>\n<meta property=\"og:title\" content=\"COCHABAMBA: AUSENCIA DE REYES VILLA EN DEBATE PROVOCA PROTESTAS Y RETIRO MOMENT\u00c1NEO DE DOS CANDIDATOS - innoticiasbo.com\" \/>\n<meta property=\"og:description\" content=\"Cochabamba, 16 de Marzo de 2026.- D\u00edas antes del evento, el actual alcalde y candidato a la reelecci\u00f3n descart\u00f3 participar en el debate al considerar que este tipo de encuentros se convirti\u00f3 en un espacio de \u201cconfrontaci\u00f3n y ataques\u201d contra su gesti\u00f3n municipal. La ausencia del candidato a la reelecci\u00f3n por la alianza APB-S\u00famate, Manfred...\" \/>\n<meta property=\"og:url\" content=\"https:\/\/innoticiasbo.com\/index.php\/2026\/03\/16\/cochabamba-ausencia-de-reyes-villa-en-debate-provoca-protestas-y-retiro-momentaneo-de-dos-candidatos\/\" \/>\n<meta property=\"og:site_name\" content=\"innoticiasbo.com\" \/>\n<meta property=\"article:publisher\" content=\"https:\/\/www.facebook.com\/innoticiasbolivia\" \/>\n<meta property=\"article:published_time\" content=\"2026-03-16T18:20:30+00:00\" \/>\n<meta property=\"article:modified_time\" content=\"2026-03-16T18:20:32+00:00\" \/>\n<meta property=\"og:image\" content=\"https:\/\/innoticiasbo.com\/wp-content\/uploads\/2026\/03\/image-203.png\" \/>\n\t<meta property=\"og:image:width\" content=\"992\" \/>\n\t<meta property=\"og:image:height\" content=\"553\" \/>\n\t<meta property=\"og:image:type\" content=\"image\/png\" \/>\n<meta name=\"author\" content=\"Prensa 11\" \/>\n<meta name=\"twitter:card\" content=\"summary_large_image\" \/>\n<meta name=\"twitter:creator\" content=\"@innoticiasbo\" \/>\n<meta name=\"twitter:site\" content=\"@innoticiasbo\" \/>\n<meta name=\"twitter:label1\" content=\"Escrito por\" \/>\n\t<meta name=\"twitter:data1\" content=\"Prensa 11\" \/>\n\t<meta name=\"twitter:label2\" content=\"Tiempo de lectura\" \/>\n\t<meta name=\"twitter:data2\" content=\"2 minutos\" \/>\n<script type=\"application\/ld+json\" class=\"yoast-schema-graph\">{\"@context\":\"https:\/\/schema.org\",\"@graph\":[{\"@type\":\"Article\",\"@id\":\"https:\/\/innoticiasbo.com\/index.php\/2026\/03\/16\/cochabamba-ausencia-de-reyes-villa-en-debate-provoca-protestas-y-retiro-momentaneo-de-dos-candidatos\/#article\",\"isPartOf\":{\"@id\":\"https:\/\/innoticiasbo.com\/index.php\/2026\/03\/16\/cochabamba-ausencia-de-reyes-villa-en-debate-provoca-protestas-y-retiro-momentaneo-de-dos-candidatos\/\"},\"author\":{\"name\":\"Prensa 11\",\"@id\":\"https:\/\/innoticiasbo.com\/#\/schema\/person\/0b28481e8d0316f83a13bc702311def5\"},\"headline\":\"COCHABAMBA: AUSENCIA DE REYES VILLA EN DEBATE PROVOCA PROTESTAS Y RETIRO MOMENT\u00c1NEO DE DOS CANDIDATOS\",\"datePublished\":\"2026-03-16T18:20:30+00:00\",\"dateModified\":\"2026-03-16T18:20:32+00:00\",\"mainEntityOfPage\":{\"@id\":\"https:\/\/innoticiasbo.com\/index.php\/2026\/03\/16\/cochabamba-ausencia-de-reyes-villa-en-debate-provoca-protestas-y-retiro-momentaneo-de-dos-candidatos\/\"},\"wordCount\":310,\"commentCount\":0,\"publisher\":{\"@id\":\"https:\/\/innoticiasbo.com\/#organization\"},\"image\":{\"@id\":\"https:\/\/innoticiasbo.com\/index.php\/2026\/03\/16\/cochabamba-ausencia-de-reyes-villa-en-debate-provoca-protestas-y-retiro-momentaneo-de-dos-candidatos\/#primaryimage\"},\"thumbnailUrl\":\"https:\/\/i0.wp.com\/innoticiasbo.com\/wp-content\/uploads\/2026\/03\/image-203.png?fit=992%2C553&ssl=1\",\"keywords\":[\"Cochabamba\",\"elecci\u00f3n\",\"elecciones\",\"Elecciones 2026\",\"elecciones subnacionales\",\"Manfred Reyes Villa\",\"Pol\u00edtica\",\"protestas\",\"subnacionales\",\"Subnacionales 2026\"],\"articleSection\":[\"Cochabamba\",\"Pol\u00edtica\"],\"inLanguage\":\"es\",\"potentialAction\":[{\"@type\":\"CommentAction\",\"name\":\"Comment\",\"target\":[\"https:\/\/innoticiasbo.com\/index.php\/2026\/03\/16\/cochabamba-ausencia-de-reyes-villa-en-debate-provoca-protestas-y-retiro-momentaneo-de-dos-candidatos\/#respond\"]}]},{\"@type\":\"WebPage\",\"@id\":\"https:\/\/innoticiasbo.com\/index.php\/2026\/03\/16\/cochabamba-ausencia-de-reyes-villa-en-debate-provoca-protestas-y-retiro-momentaneo-de-dos-candidatos\/\",\"url\":\"https:\/\/innoticiasbo.com\/index.php\/2026\/03\/16\/cochabamba-ausencia-de-reyes-villa-en-debate-provoca-protestas-y-retiro-momentaneo-de-dos-candidatos\/\",\"name\":\"COCHABAMBA: AUSENCIA DE REYES VILLA EN DEBATE PROVOCA PROTESTAS Y RETIRO MOMENT\u00c1NEO DE DOS CANDIDATOS - innoticiasbo.com\",\"isPartOf\":{\"@id\":\"https:\/\/innoticiasbo.com\/#website\"},\"primaryImageOfPage\":{\"@id\":\"https:\/\/innoticiasbo.com\/index.php\/2026\/03\/16\/cochabamba-ausencia-de-reyes-villa-en-debate-provoca-protestas-y-retiro-momentaneo-de-dos-candidatos\/#primaryimage\"},\"image\":{\"@id\":\"https:\/\/innoticiasbo.com\/index.php\/2026\/03\/16\/cochabamba-ausencia-de-reyes-villa-en-debate-provoca-protestas-y-retiro-momentaneo-de-dos-candidatos\/#primaryimage\"},\"thumbnailUrl\":\"https:\/\/i0.wp.com\/innoticiasbo.com\/wp-content\/uploads\/2026\/03\/image-203.png?fit=992%2C553&ssl=1\",\"datePublished\":\"2026-03-16T18:20:30+00:00\",\"dateModified\":\"2026-03-16T18:20:32+00:00\",\"breadcrumb\":{\"@id\":\"https:\/\/innoticiasbo.com\/index.php\/2026\/03\/16\/cochabamba-ausencia-de-reyes-villa-en-debate-provoca-protestas-y-retiro-momentaneo-de-dos-candidatos\/#breadcrumb\"},\"inLanguage\":\"es\",\"potentialAction\":[{\"@type\":\"ReadAction\",\"target\":[\"https:\/\/innoticiasbo.com\/index.php\/2026\/03\/16\/cochabamba-ausencia-de-reyes-villa-en-debate-provoca-protestas-y-retiro-momentaneo-de-dos-candidatos\/\"]}]},{\"@type\":\"ImageObject\",\"inLanguage\":\"es\",\"@id\":\"https:\/\/innoticiasbo.com\/index.php\/2026\/03\/16\/cochabamba-ausencia-de-reyes-villa-en-debate-provoca-protestas-y-retiro-momentaneo-de-dos-candidatos\/#primaryimage\",\"url\":\"https:\/\/i0.wp.com\/innoticiasbo.com\/wp-content\/uploads\/2026\/03\/image-203.png?fit=992%2C553&ssl=1\",\"contentUrl\":\"https:\/\/i0.wp.com\/innoticiasbo.com\/wp-content\/uploads\/2026\/03\/image-203.png?fit=992%2C553&ssl=1\",\"width\":992,\"height\":553},{\"@type\":\"BreadcrumbList\",\"@id\":\"https:\/\/innoticiasbo.com\/index.php\/2026\/03\/16\/cochabamba-ausencia-de-reyes-villa-en-debate-provoca-protestas-y-retiro-momentaneo-de-dos-candidatos\/#breadcrumb\",\"itemListElement\":[{\"@type\":\"ListItem\",\"position\":1,\"name\":\"Portada\",\"item\":\"https:\/\/innoticiasbo.com\/\"},{\"@type\":\"ListItem\",\"position\":2,\"name\":\"COCHABAMBA: AUSENCIA DE REYES VILLA EN DEBATE PROVOCA PROTESTAS Y RETIRO MOMENT\u00c1NEO DE DOS CANDIDATOS\"}]},{\"@type\":\"WebSite\",\"@id\":\"https:\/\/innoticiasbo.com\/#website\",\"url\":\"https:\/\/innoticiasbo.com\/\",\"name\":\"innoticiasbo.com\",\"description\":\"\",\"publisher\":{\"@id\":\"https:\/\/innoticiasbo.com\/#organization\"},\"potentialAction\":[{\"@type\":\"SearchAction\",\"target\":{\"@type\":\"EntryPoint\",\"urlTemplate\":\"https:\/\/innoticiasbo.com\/?s={search_term_string}\"},\"query-input\":{\"@type\":\"PropertyValueSpecification\",\"valueRequired\":true,\"valueName\":\"search_term_string\"}}],\"inLanguage\":\"es\"},{\"@type\":\"Organization\",\"@id\":\"https:\/\/innoticiasbo.com\/#organization\",\"name\":\"innoticiasbo.com\",\"url\":\"https:\/\/innoticiasbo.com\/\",\"logo\":{\"@type\":\"ImageObject\",\"inLanguage\":\"es\",\"@id\":\"https:\/\/innoticiasbo.com\/#\/schema\/logo\/image\/\",\"url\":\"https:\/\/i0.wp.com\/innoticiasbo.com\/wp-content\/uploads\/2026\/04\/cropped-IN-LOGO.png?fit=1476%2C1476&ssl=1\",\"contentUrl\":\"https:\/\/i0.wp.com\/innoticiasbo.com\/wp-content\/uploads\/2026\/04\/cropped-IN-LOGO.png?fit=1476%2C1476&ssl=1\",\"width\":1476,\"height\":1476,\"caption\":\"innoticiasbo.com\"},\"image\":{\"@id\":\"https:\/\/innoticiasbo.com\/#\/schema\/logo\/image\/\"},\"sameAs\":[\"https:\/\/www.facebook.com\/innoticiasbolivia\",\"https:\/\/x.com\/innoticiasbo\",\"https:\/\/www.instagram.com\/innoticiasbo\",\"https:\/\/www.youtube.com\/innoticiasbo\"]},{\"@type\":\"Person\",\"@id\":\"https:\/\/innoticiasbo.com\/#\/schema\/person\/0b28481e8d0316f83a13bc702311def5\",\"name\":\"Prensa 11\",\"image\":{\"@type\":\"ImageObject\",\"inLanguage\":\"es\",\"@id\":\"https:\/\/innoticiasbo.com\/#\/schema\/person\/image\/\",\"url\":\"https:\/\/secure.gravatar.com\/avatar\/696560c17349f1807a610bf83832bad0?s=96&d=mm&r=g\",\"contentUrl\":\"https:\/\/secure.gravatar.com\/avatar\/696560c17349f1807a610bf83832bad0?s=96&d=mm&r=g\",\"caption\":\"Prensa 11\"},\"sameAs\":[\"http:\/\/www.innoticiasbo.com\"],\"url\":\"https:\/\/innoticiasbo.com\/index.php\/author\/prensa-11\/\"}]}<\/script>\n<!-- \/ Yoast SEO plugin. -->","yoast_head_json":{"title":"COCHABAMBA: AUSENCIA DE REYES VILLA EN DEBATE PROVOCA PROTESTAS Y RETIRO MOMENT\u00c1NEO DE DOS CANDIDATOS - innoticiasbo.com","robots":{"index":"index","follow":"follow","max-snippet":"max-snippet:-1","max-image-preview":"max-image-preview:large","max-video-preview":"max-video-preview:-1"},"canonical":"https:\/\/innoticiasbo.com\/index.php\/2026\/03\/16\/cochabamba-ausencia-de-reyes-villa-en-debate-provoca-protestas-y-retiro-momentaneo-de-dos-candidatos\/","og_locale":"es_ES","og_type":"article","og_title":"COCHABAMBA: AUSENCIA DE REYES VILLA EN DEBATE PROVOCA PROTESTAS Y RETIRO MOMENT\u00c1NEO DE DOS CANDIDATOS - innoticiasbo.com","og_description":"Cochabamba, 16 de Marzo de 2026.- D\u00edas antes del evento, el actual alcalde y candidato a la reelecci\u00f3n descart\u00f3 participar en el debate al considerar que este tipo de encuentros se convirti\u00f3 en un espacio de \u201cconfrontaci\u00f3n y ataques\u201d contra su gesti\u00f3n municipal. La ausencia del candidato a la reelecci\u00f3n por la alianza APB-S\u00famate, Manfred...","og_url":"https:\/\/innoticiasbo.com\/index.php\/2026\/03\/16\/cochabamba-ausencia-de-reyes-villa-en-debate-provoca-protestas-y-retiro-momentaneo-de-dos-candidatos\/","og_site_name":"innoticiasbo.com","article_publisher":"https:\/\/www.facebook.com\/innoticiasbolivia","article_published_time":"2026-03-16T18:20:30+00:00","article_modified_time":"2026-03-16T18:20:32+00:00","og_image":[{"width":992,"height":553,"url":"https:\/\/innoticiasbo.com\/wp-content\/uploads\/2026\/03\/image-203.png","type":"image\/png"}],"author":"Prensa 11","twitter_card":"summary_large_image","twitter_creator":"@innoticiasbo","twitter_site":"@innoticiasbo","twitter_misc":{"Escrito por":"Prensa 11","Tiempo de lectura":"2 minutos"},"schema":{"@context":"https:\/\/schema.org","@graph":[{"@type":"Article","@id":"https:\/\/innoticiasbo.com\/index.php\/2026\/03\/16\/cochabamba-ausencia-de-reyes-villa-en-debate-provoca-protestas-y-retiro-momentaneo-de-dos-candidatos\/#article","isPartOf":{"@id":"https:\/\/innoticiasbo.com\/index.php\/2026\/03\/16\/cochabamba-ausencia-de-reyes-villa-en-debate-provoca-protestas-y-retiro-momentaneo-de-dos-candidatos\/"},"author":{"name":"Prensa 11","@id":"https:\/\/innoticiasbo.com\/#\/schema\/person\/0b28481e8d0316f83a13bc702311def5"},"headline":"COCHABAMBA: AUSENCIA DE REYES VILLA EN DEBATE PROVOCA PROTESTAS Y RETIRO MOMENT\u00c1NEO DE DOS CANDIDATOS","datePublished":"2026-03-16T18:20:30+00:00","dateModified":"2026-03-16T18:20:32+00:00","mainEntityOfPage":{"@id":"https:\/\/innoticiasbo.com\/index.php\/2026\/03\/16\/cochabamba-ausencia-de-reyes-villa-en-debate-provoca-protestas-y-retiro-momentaneo-de-dos-candidatos\/"},"wordCount":310,"commentCount":0,"publisher":{"@id":"https:\/\/innoticiasbo.com\/#organization"},"image":{"@id":"https:\/\/innoticiasbo.com\/index.php\/2026\/03\/16\/cochabamba-ausencia-de-reyes-villa-en-debate-provoca-protestas-y-retiro-momentaneo-de-dos-candidatos\/#primaryimage"},"thumbnailUrl":"https:\/\/i0.wp.com\/innoticiasbo.com\/wp-content\/uploads\/2026\/03\/image-203.png?fit=992%2C553&ssl=1","keywords":["Cochabamba","elecci\u00f3n","elecciones","Elecciones 2026","elecciones subnacionales","Manfred Reyes Villa","Pol\u00edtica","protestas","subnacionales","Subnacionales 2026"],"articleSection":["Cochabamba","Pol\u00edtica"],"inLanguage":"es","potentialAction":[{"@type":"CommentAction","name":"Comment","target":["https:\/\/innoticiasbo.com\/index.php\/2026\/03\/16\/cochabamba-ausencia-de-reyes-villa-en-debate-provoca-protestas-y-retiro-momentaneo-de-dos-candidatos\/#respond"]}]},{"@type":"WebPage","@id":"https:\/\/innoticiasbo.com\/index.php\/2026\/03\/16\/cochabamba-ausencia-de-reyes-villa-en-debate-provoca-protestas-y-retiro-momentaneo-de-dos-candidatos\/","url":"https:\/\/innoticiasbo.com\/index.php\/2026\/03\/16\/cochabamba-ausencia-de-reyes-villa-en-debate-provoca-protestas-y-retiro-momentaneo-de-dos-candidatos\/","name":"COCHABAMBA: AUSENCIA DE REYES VILLA EN DEBATE PROVOCA PROTESTAS Y RETIRO MOMENT\u00c1NEO DE DOS CANDIDATOS - innoticiasbo.com","isPartOf":{"@id":"https:\/\/innoticiasbo.com\/#website"},"primaryImageOfPage":{"@id":"https:\/\/innoticiasbo.com\/index.php\/2026\/03\/16\/cochabamba-ausencia-de-reyes-villa-en-debate-provoca-protestas-y-retiro-momentaneo-de-dos-candidatos\/#primaryimage"},"image":{"@id":"https:\/\/innoticiasbo.com\/index.php\/2026\/03\/16\/cochabamba-ausencia-de-reyes-villa-en-debate-provoca-protestas-y-retiro-momentaneo-de-dos-candidatos\/#primaryimage"},"thumbnailUrl":"https:\/\/i0.wp.com\/innoticiasbo.com\/wp-content\/uploads\/2026\/03\/image-203.png?fit=992%2C553&ssl=1","datePublished":"2026-03-16T18:20:30+00:00","dateModified":"2026-03-16T18:20:32+00:00","breadcrumb":{"@id":"https:\/\/innoticiasbo.com\/index.php\/2026\/03\/16\/cochabamba-ausencia-de-reyes-villa-en-debate-provoca-protestas-y-retiro-momentaneo-de-dos-candidatos\/#breadcrumb"},"inLanguage":"es","potentialAction":[{"@type":"ReadAction","target":["https:\/\/innoticiasbo.com\/index.php\/2026\/03\/16\/cochabamba-ausencia-de-reyes-villa-en-debate-provoca-protestas-y-retiro-momentaneo-de-dos-candidatos\/"]}]},{"@type":"ImageObject","inLanguage":"es","@id":"https:\/\/innoticiasbo.com\/index.php\/2026\/03\/16\/cochabamba-ausencia-de-reyes-villa-en-debate-provoca-protestas-y-retiro-momentaneo-de-dos-candidatos\/#primaryimage","url":"https:\/\/i0.wp.com\/innoticiasbo.com\/wp-content\/uploads\/2026\/03\/image-203.png?fit=992%2C553&ssl=1","contentUrl":"https:\/\/i0.wp.com\/innoticiasbo.com\/wp-content\/uploads\/2026\/03\/image-203.png?fit=992%2C553&ssl=1","width":992,"height":553},{"@type":"BreadcrumbList","@id":"https:\/\/innoticiasbo.com\/index.php\/2026\/03\/16\/cochabamba-ausencia-de-reyes-villa-en-debate-provoca-protestas-y-retiro-momentaneo-de-dos-candidatos\/#breadcrumb","itemListElement":[{"@type":"ListItem","position":1,"name":"Portada","item":"https:\/\/innoticiasbo.com\/"},{"@type":"ListItem","position":2,"name":"COCHABAMBA: AUSENCIA DE REYES VILLA EN DEBATE PROVOCA PROTESTAS Y RETIRO MOMENT\u00c1NEO DE DOS CANDIDATOS"}]},{"@type":"WebSite","@id":"https:\/\/innoticiasbo.com\/#website","url":"https:\/\/innoticiasbo.com\/","name":"innoticiasbo.com","description":"","publisher":{"@id":"https:\/\/innoticiasbo.com\/#organization"},"potentialAction":[{"@type":"SearchAction","target":{"@type":"EntryPoint","urlTemplate":"https:\/\/innoticiasbo.com\/?s={search_term_string}"},"query-input":{"@type":"PropertyValueSpecification","valueRequired":true,"valueName":"search_term_string"}}],"inLanguage":"es"},{"@type":"Organization","@id":"https:\/\/innoticiasbo.com\/#organization","name":"innoticiasbo.com","url":"https:\/\/innoticiasbo.com\/","logo":{"@type":"ImageObject","inLanguage":"es","@id":"https:\/\/innoticiasbo.com\/#\/schema\/logo\/image\/","url":"https:\/\/i0.wp.com\/innoticiasbo.com\/wp-content\/uploads\/2026\/04\/cropped-IN-LOGO.png?fit=1476%2C1476&ssl=1","contentUrl":"https:\/\/i0.wp.com\/innoticiasbo.com\/wp-content\/uploads\/2026\/04\/cropped-IN-LOGO.png?fit=1476%2C1476&ssl=1","width":1476,"height":1476,"caption":"innoticiasbo.com"},"image":{"@id":"https:\/\/innoticiasbo.com\/#\/schema\/logo\/image\/"},"sameAs":["https:\/\/www.facebook.com\/innoticiasbolivia","https:\/\/x.com\/innoticiasbo","https:\/\/www.instagram.com\/innoticiasbo","https:\/\/www.youtube.com\/innoticiasbo"]},{"@type":"Person","@id":"https:\/\/innoticiasbo.com\/#\/schema\/person\/0b28481e8d0316f83a13bc702311def5","name":"Prensa 11","image":{"@type":"ImageObject","inLanguage":"es","@id":"https:\/\/innoticiasbo.com\/#\/schema\/person\/image\/","url":"https:\/\/secure.gravatar.com\/avatar\/696560c17349f1807a610bf83832bad0?s=96&d=mm&r=g","contentUrl":"https:\/\/secure.gravatar.com\/avatar\/696560c17349f1807a610bf83832bad0?s=96&d=mm&r=g","caption":"Prensa 11"},"sameAs":["http:\/\/www.innoticiasbo.com"],"url":"https:\/\/innoticiasbo.com\/index.php\/author\/prensa-11\/"}]}},"jetpack_featured_media_url":"https:\/\/i0.wp.com\/innoticiasbo.com\/wp-content\/uploads\/2026\/03\/image-203.png?fit=992%2C553&ssl=1","jetpack_likes_enabled":true,"jetpack_sharing_enabled":true,"jetpack_shortlink":"https:\/\/wp.me\/pg298x-2wn","_links":{"self":[{"href":"https:\/\/innoticiasbo.com\/index.php\/wp-json\/wp\/v2\/posts\/9695","targetHints":{"allow":["GET"]}}],"collection":[{"href":"https:\/\/innoticiasbo.com\/index.php\/wp-json\/wp\/v2\/posts"}],"about":[{"href":"https:\/\/innoticiasbo.com\/index.php\/wp-json\/wp\/v2\/types\/post"}],"author":[{"embeddable":true,"href":"https:\/\/innoticiasbo.com\/index.php\/wp-json\/wp\/v2\/users\/11"}],"replies":[{"embeddable":true,"href":"https:\/\/innoticiasbo.com\/index.php\/wp-json\/wp\/v2\/comments?post=9695"}],"version-history":[{"count":1,"href":"https:\/\/innoticiasbo.com\/index.php\/wp-json\/wp\/v2\/posts\/9695\/revisions"}],"predecessor-version":[{"id":9697,"href":"https:\/\/innoticiasbo.com\/index.php\/wp-json\/wp\/v2\/posts\/9695\/revisions\/9697"}],"wp:featuredmedia":[{"embeddable":true,"href":"https:\/\/innoticiasbo.com\/index.php\/wp-json\/wp\/v2\/media\/9696"}],"wp:attachment":[{"href":"https:\/\/innoticiasbo.com\/index.php\/wp-json\/wp\/v2\/media?parent=9695"}],"wp:term":[{"taxonomy":"category","embeddable":true,"href":"https:\/\/innoticiasbo.com\/index.php\/wp-json\/wp\/v2\/categories?post=9695"},{"taxonomy":"post_tag","embeddable":true,"href":"https:\/\/innoticiasbo.com\/index.php\/wp-json\/wp\/v2\/tags?post=9695"}],"curies":[{"name":"wp","href":"https:\/\/api.w.org\/{rel}","templated":true}]}}