{"id":9689,"date":"2026-03-16T14:02:47","date_gmt":"2026-03-16T18:02:47","guid":{"rendered":"https:\/\/innoticiasbo.com\/?p=9689"},"modified":"2026-03-16T14:02:48","modified_gmt":"2026-03-16T18:02:48","slug":"elecciones-subnacionales-desde-cuando-rige-la-ley-seca","status":"publish","type":"post","link":"https:\/\/innoticiasbo.com\/index.php\/2026\/03\/16\/elecciones-subnacionales-desde-cuando-rige-la-ley-seca\/","title":{"rendered":"ELECCIONES SUBNACIONALES: \u00bfDESDE CU\u00c1NDO RIGE LA LEY SECA?"},"content":{"rendered":"\n<figure class=\"wp-block-image size-full\"><img data-recalc-dims=\"1\" loading=\"lazy\" decoding=\"async\" width=\"640\" height=\"360\" src=\"https:\/\/i0.wp.com\/innoticiasbo.com\/wp-content\/uploads\/2026\/03\/image-201.png?resize=640%2C360&#038;ssl=1\" alt=\"\" class=\"wp-image-9690\" srcset=\"https:\/\/i0.wp.com\/innoticiasbo.com\/wp-content\/uploads\/2026\/03\/image-201.png?w=800&amp;ssl=1 800w, https:\/\/i0.wp.com\/innoticiasbo.com\/wp-content\/uploads\/2026\/03\/image-201.png?resize=300%2C169&amp;ssl=1 300w, https:\/\/i0.wp.com\/innoticiasbo.com\/wp-content\/uploads\/2026\/03\/image-201.png?resize=768%2C432&amp;ssl=1 768w\" sizes=\"auto, (max-width: 640px) 100vw, 640px\" \/><\/figure>\n\n\n\n<p><strong>Pa\u00eds, 16 de Marzo de 2026.- <\/strong>La prohibici\u00f3n de venta y consumo de bebidas alcoh\u00f3licas se aplica en todo el pa\u00eds desde las 00:00 del viernes 20 de marzo para garantizar una jornada electoral tranquila y ordenada.<\/p>\n\n\n\n<p>La denominada \u201cLey Seca\u201d entrar\u00e1 en vigencia en Bolivia desde las 00:00 del viernes 20 de marzo, previo a la jornada electoral del domingo 22, y se mantiene hasta el mediod\u00eda del lunes 23, posterior a las elecciones, como parte de las restricciones establecidas para garantizar el normal desarrollo de los comicios subnacionales.<\/p>\n\n\n\n<p>La medida est\u00e1 respaldada por la Ley N\u00ba 026 del R\u00e9gimen Electoral y los Autos de Buen Gobierno emitidos por las gobernaciones y autoridades locales, que facultan la aplicaci\u00f3n de restricciones temporales durante los procesos electorales.<\/p>\n\n\n\n<p>Durante este periodo queda prohibida la venta, distribuci\u00f3n y consumo de bebidas alcoh\u00f3licas en domicilios, tiendas, restaurantes, bares y cualquier establecimiento p\u00fablico o privado en todo el territorio nacional.<\/p>\n\n\n\n<p>Adem\u00e1s de la ley seca, el Tribunal Supremo Electoral (TSE) establece otras prohibiciones para la jornada electoral, como la restricci\u00f3n de reuniones o espect\u00e1culos p\u00fablicos, el traslado irregular de electores y la circulaci\u00f3n de veh\u00edculos sin autorizaci\u00f3n el d\u00eda de la votaci\u00f3n, adem\u00e1s de viajes regionales e interdepartamentales.<\/p>\n\n\n\n<p>Las autoridades advierten que el incumplimiento de estas disposiciones puede derivar en multas econ\u00f3micas y otras sanciones establecidas en la normativa electoral vigente.<\/p>\n\n\n\n<p>Estas medidas forman parte del conjunto de disposiciones destinadas a preservar el orden p\u00fablico y garantizar que la ciudadan\u00eda pueda ejercer su derecho al voto en condiciones de seguridad y tranquilidad durante las elecciones subnacionales.<\/p>\n\n\n\n<p>Fuente: Red Uno<\/p>\n","protected":false},"excerpt":{"rendered":"<p>Pa\u00eds, 16 de Marzo de 2026.- La prohibici\u00f3n de venta y consumo de bebidas alcoh\u00f3licas se aplica en todo el pa\u00eds desde las 00:00 del viernes 20 de marzo para garantizar una jornada electoral tranquila y ordenada. La denominada \u201cLey Seca\u201d entrar\u00e1 en vigencia en Bolivia desde las 00:00 del viernes 20 de marzo, previo&#8230;<\/p>\n","protected":false},"author":11,"featured_media":9690,"comment_status":"open","ping_status":"open","sticky":false,"template":"","format":"standard","meta":{"_jetpack_memberships_contains_paid_content":false,"footnotes":"","jetpack_publicize_message":"","jetpack_publicize_feature_enabled":true,"jetpack_social_post_already_shared":true,"jetpack_social_options":{"image_generator_settings":{"template":"highway","enabled":false},"version":2}},"categories":[1,3],"tags":[7,48,1244,1106,1532,10,1011,1256],"class_list":["post-9689","post","type-post","status-publish","format-standard","has-post-thumbnail","hentry","category-bolivia","category-politica","tag-bolivia","tag-elecciones","tag-elecciones-2026","tag-elecciones-subnacionales","tag-ley-seca","tag-politica","tag-subnacionales","tag-subnacionales-2026"],"jetpack_publicize_connections":[],"yoast_head":"<!-- This site is optimized with the Yoast SEO plugin v23.4 - https:\/\/yoast.com\/wordpress\/plugins\/seo\/ -->\n<title>ELECCIONES SUBNACIONALES: \u00bfDESDE CU\u00c1NDO RIGE LA LEY SECA? - innoticiasbo.com<\/title>\n<meta name=\"robots\" content=\"index, follow, max-snippet:-1, max-image-preview:large, max-video-preview:-1\" \/>\n<link rel=\"canonical\" href=\"https:\/\/innoticiasbo.com\/index.php\/2026\/03\/16\/elecciones-subnacionales-desde-cuando-rige-la-ley-seca\/\" \/>\n<meta property=\"og:locale\" content=\"es_ES\" \/>\n<meta property=\"og:type\" content=\"article\" \/>\n<meta property=\"og:title\" content=\"ELECCIONES SUBNACIONALES: \u00bfDESDE CU\u00c1NDO RIGE LA LEY SECA? - innoticiasbo.com\" \/>\n<meta property=\"og:description\" content=\"Pa\u00eds, 16 de Marzo de 2026.- La prohibici\u00f3n de venta y consumo de bebidas alcoh\u00f3licas se aplica en todo el pa\u00eds desde las 00:00 del viernes 20 de marzo para garantizar una jornada electoral tranquila y ordenada. La denominada \u201cLey Seca\u201d entrar\u00e1 en vigencia en Bolivia desde las 00:00 del viernes 20 de marzo, previo...\" \/>\n<meta property=\"og:url\" content=\"https:\/\/innoticiasbo.com\/index.php\/2026\/03\/16\/elecciones-subnacionales-desde-cuando-rige-la-ley-seca\/\" \/>\n<meta property=\"og:site_name\" content=\"innoticiasbo.com\" \/>\n<meta property=\"article:publisher\" content=\"https:\/\/www.facebook.com\/innoticiasbolivia\" \/>\n<meta property=\"article:published_time\" content=\"2026-03-16T18:02:47+00:00\" \/>\n<meta property=\"article:modified_time\" content=\"2026-03-16T18:02:48+00:00\" \/>\n<meta property=\"og:image\" content=\"https:\/\/innoticiasbo.com\/wp-content\/uploads\/2026\/03\/image-201.png\" \/>\n\t<meta property=\"og:image:width\" content=\"800\" \/>\n\t<meta property=\"og:image:height\" content=\"450\" \/>\n\t<meta property=\"og:image:type\" content=\"image\/png\" \/>\n<meta name=\"author\" content=\"Prensa 11\" \/>\n<meta name=\"twitter:card\" content=\"summary_large_image\" \/>\n<meta name=\"twitter:creator\" content=\"@innoticiasbo\" \/>\n<meta name=\"twitter:site\" content=\"@innoticiasbo\" \/>\n<meta name=\"twitter:label1\" content=\"Escrito por\" \/>\n\t<meta name=\"twitter:data1\" content=\"Prensa 11\" \/>\n\t<meta name=\"twitter:label2\" content=\"Tiempo de lectura\" \/>\n\t<meta name=\"twitter:data2\" content=\"2 minutos\" \/>\n<script type=\"application\/ld+json\" class=\"yoast-schema-graph\">{\"@context\":\"https:\/\/schema.org\",\"@graph\":[{\"@type\":\"Article\",\"@id\":\"https:\/\/innoticiasbo.com\/index.php\/2026\/03\/16\/elecciones-subnacionales-desde-cuando-rige-la-ley-seca\/#article\",\"isPartOf\":{\"@id\":\"https:\/\/innoticiasbo.com\/index.php\/2026\/03\/16\/elecciones-subnacionales-desde-cuando-rige-la-ley-seca\/\"},\"author\":{\"name\":\"Prensa 11\",\"@id\":\"https:\/\/innoticiasbo.com\/#\/schema\/person\/0b28481e8d0316f83a13bc702311def5\"},\"headline\":\"ELECCIONES SUBNACIONALES: \u00bfDESDE CU\u00c1NDO RIGE LA LEY SECA?\",\"datePublished\":\"2026-03-16T18:02:47+00:00\",\"dateModified\":\"2026-03-16T18:02:48+00:00\",\"mainEntityOfPage\":{\"@id\":\"https:\/\/innoticiasbo.com\/index.php\/2026\/03\/16\/elecciones-subnacionales-desde-cuando-rige-la-ley-seca\/\"},\"wordCount\":288,\"commentCount\":0,\"publisher\":{\"@id\":\"https:\/\/innoticiasbo.com\/#organization\"},\"image\":{\"@id\":\"https:\/\/innoticiasbo.com\/index.php\/2026\/03\/16\/elecciones-subnacionales-desde-cuando-rige-la-ley-seca\/#primaryimage\"},\"thumbnailUrl\":\"https:\/\/i0.wp.com\/innoticiasbo.com\/wp-content\/uploads\/2026\/03\/image-201.png?fit=800%2C450&ssl=1\",\"keywords\":[\"Bolivia\",\"elecciones\",\"Elecciones 2026\",\"elecciones subnacionales\",\"Ley Seca\",\"Pol\u00edtica\",\"subnacionales\",\"Subnacionales 2026\"],\"articleSection\":[\"Bolivia\",\"Pol\u00edtica\"],\"inLanguage\":\"es\",\"potentialAction\":[{\"@type\":\"CommentAction\",\"name\":\"Comment\",\"target\":[\"https:\/\/innoticiasbo.com\/index.php\/2026\/03\/16\/elecciones-subnacionales-desde-cuando-rige-la-ley-seca\/#respond\"]}]},{\"@type\":\"WebPage\",\"@id\":\"https:\/\/innoticiasbo.com\/index.php\/2026\/03\/16\/elecciones-subnacionales-desde-cuando-rige-la-ley-seca\/\",\"url\":\"https:\/\/innoticiasbo.com\/index.php\/2026\/03\/16\/elecciones-subnacionales-desde-cuando-rige-la-ley-seca\/\",\"name\":\"ELECCIONES SUBNACIONALES: \u00bfDESDE CU\u00c1NDO RIGE LA LEY SECA? - innoticiasbo.com\",\"isPartOf\":{\"@id\":\"https:\/\/innoticiasbo.com\/#website\"},\"primaryImageOfPage\":{\"@id\":\"https:\/\/innoticiasbo.com\/index.php\/2026\/03\/16\/elecciones-subnacionales-desde-cuando-rige-la-ley-seca\/#primaryimage\"},\"image\":{\"@id\":\"https:\/\/innoticiasbo.com\/index.php\/2026\/03\/16\/elecciones-subnacionales-desde-cuando-rige-la-ley-seca\/#primaryimage\"},\"thumbnailUrl\":\"https:\/\/i0.wp.com\/innoticiasbo.com\/wp-content\/uploads\/2026\/03\/image-201.png?fit=800%2C450&ssl=1\",\"datePublished\":\"2026-03-16T18:02:47+00:00\",\"dateModified\":\"2026-03-16T18:02:48+00:00\",\"breadcrumb\":{\"@id\":\"https:\/\/innoticiasbo.com\/index.php\/2026\/03\/16\/elecciones-subnacionales-desde-cuando-rige-la-ley-seca\/#breadcrumb\"},\"inLanguage\":\"es\",\"potentialAction\":[{\"@type\":\"ReadAction\",\"target\":[\"https:\/\/innoticiasbo.com\/index.php\/2026\/03\/16\/elecciones-subnacionales-desde-cuando-rige-la-ley-seca\/\"]}]},{\"@type\":\"ImageObject\",\"inLanguage\":\"es\",\"@id\":\"https:\/\/innoticiasbo.com\/index.php\/2026\/03\/16\/elecciones-subnacionales-desde-cuando-rige-la-ley-seca\/#primaryimage\",\"url\":\"https:\/\/i0.wp.com\/innoticiasbo.com\/wp-content\/uploads\/2026\/03\/image-201.png?fit=800%2C450&ssl=1\",\"contentUrl\":\"https:\/\/i0.wp.com\/innoticiasbo.com\/wp-content\/uploads\/2026\/03\/image-201.png?fit=800%2C450&ssl=1\",\"width\":800,\"height\":450},{\"@type\":\"BreadcrumbList\",\"@id\":\"https:\/\/innoticiasbo.com\/index.php\/2026\/03\/16\/elecciones-subnacionales-desde-cuando-rige-la-ley-seca\/#breadcrumb\",\"itemListElement\":[{\"@type\":\"ListItem\",\"position\":1,\"name\":\"Portada\",\"item\":\"https:\/\/innoticiasbo.com\/\"},{\"@type\":\"ListItem\",\"position\":2,\"name\":\"ELECCIONES SUBNACIONALES: \u00bfDESDE CU\u00c1NDO RIGE LA LEY SECA?\"}]},{\"@type\":\"WebSite\",\"@id\":\"https:\/\/innoticiasbo.com\/#website\",\"url\":\"https:\/\/innoticiasbo.com\/\",\"name\":\"innoticiasbo.com\",\"description\":\"\",\"publisher\":{\"@id\":\"https:\/\/innoticiasbo.com\/#organization\"},\"potentialAction\":[{\"@type\":\"SearchAction\",\"target\":{\"@type\":\"EntryPoint\",\"urlTemplate\":\"https:\/\/innoticiasbo.com\/?s={search_term_string}\"},\"query-input\":{\"@type\":\"PropertyValueSpecification\",\"valueRequired\":true,\"valueName\":\"search_term_string\"}}],\"inLanguage\":\"es\"},{\"@type\":\"Organization\",\"@id\":\"https:\/\/innoticiasbo.com\/#organization\",\"name\":\"innoticiasbo.com\",\"url\":\"https:\/\/innoticiasbo.com\/\",\"logo\":{\"@type\":\"ImageObject\",\"inLanguage\":\"es\",\"@id\":\"https:\/\/innoticiasbo.com\/#\/schema\/logo\/image\/\",\"url\":\"https:\/\/i0.wp.com\/innoticiasbo.com\/wp-content\/uploads\/2026\/04\/cropped-IN-LOGO.png?fit=1476%2C1476&ssl=1\",\"contentUrl\":\"https:\/\/i0.wp.com\/innoticiasbo.com\/wp-content\/uploads\/2026\/04\/cropped-IN-LOGO.png?fit=1476%2C1476&ssl=1\",\"width\":1476,\"height\":1476,\"caption\":\"innoticiasbo.com\"},\"image\":{\"@id\":\"https:\/\/innoticiasbo.com\/#\/schema\/logo\/image\/\"},\"sameAs\":[\"https:\/\/www.facebook.com\/innoticiasbolivia\",\"https:\/\/x.com\/innoticiasbo\",\"https:\/\/www.instagram.com\/innoticiasbo\",\"https:\/\/www.youtube.com\/innoticiasbo\"]},{\"@type\":\"Person\",\"@id\":\"https:\/\/innoticiasbo.com\/#\/schema\/person\/0b28481e8d0316f83a13bc702311def5\",\"name\":\"Prensa 11\",\"image\":{\"@type\":\"ImageObject\",\"inLanguage\":\"es\",\"@id\":\"https:\/\/innoticiasbo.com\/#\/schema\/person\/image\/\",\"url\":\"https:\/\/secure.gravatar.com\/avatar\/696560c17349f1807a610bf83832bad0?s=96&d=mm&r=g\",\"contentUrl\":\"https:\/\/secure.gravatar.com\/avatar\/696560c17349f1807a610bf83832bad0?s=96&d=mm&r=g\",\"caption\":\"Prensa 11\"},\"sameAs\":[\"http:\/\/www.innoticiasbo.com\"],\"url\":\"https:\/\/innoticiasbo.com\/index.php\/author\/prensa-11\/\"}]}<\/script>\n<!-- \/ Yoast SEO plugin. -->","yoast_head_json":{"title":"ELECCIONES SUBNACIONALES: \u00bfDESDE CU\u00c1NDO RIGE LA LEY SECA? - innoticiasbo.com","robots":{"index":"index","follow":"follow","max-snippet":"max-snippet:-1","max-image-preview":"max-image-preview:large","max-video-preview":"max-video-preview:-1"},"canonical":"https:\/\/innoticiasbo.com\/index.php\/2026\/03\/16\/elecciones-subnacionales-desde-cuando-rige-la-ley-seca\/","og_locale":"es_ES","og_type":"article","og_title":"ELECCIONES SUBNACIONALES: \u00bfDESDE CU\u00c1NDO RIGE LA LEY SECA? - innoticiasbo.com","og_description":"Pa\u00eds, 16 de Marzo de 2026.- La prohibici\u00f3n de venta y consumo de bebidas alcoh\u00f3licas se aplica en todo el pa\u00eds desde las 00:00 del viernes 20 de marzo para garantizar una jornada electoral tranquila y ordenada. La denominada \u201cLey Seca\u201d entrar\u00e1 en vigencia en Bolivia desde las 00:00 del viernes 20 de marzo, previo...","og_url":"https:\/\/innoticiasbo.com\/index.php\/2026\/03\/16\/elecciones-subnacionales-desde-cuando-rige-la-ley-seca\/","og_site_name":"innoticiasbo.com","article_publisher":"https:\/\/www.facebook.com\/innoticiasbolivia","article_published_time":"2026-03-16T18:02:47+00:00","article_modified_time":"2026-03-16T18:02:48+00:00","og_image":[{"width":800,"height":450,"url":"https:\/\/innoticiasbo.com\/wp-content\/uploads\/2026\/03\/image-201.png","type":"image\/png"}],"author":"Prensa 11","twitter_card":"summary_large_image","twitter_creator":"@innoticiasbo","twitter_site":"@innoticiasbo","twitter_misc":{"Escrito por":"Prensa 11","Tiempo de lectura":"2 minutos"},"schema":{"@context":"https:\/\/schema.org","@graph":[{"@type":"Article","@id":"https:\/\/innoticiasbo.com\/index.php\/2026\/03\/16\/elecciones-subnacionales-desde-cuando-rige-la-ley-seca\/#article","isPartOf":{"@id":"https:\/\/innoticiasbo.com\/index.php\/2026\/03\/16\/elecciones-subnacionales-desde-cuando-rige-la-ley-seca\/"},"author":{"name":"Prensa 11","@id":"https:\/\/innoticiasbo.com\/#\/schema\/person\/0b28481e8d0316f83a13bc702311def5"},"headline":"ELECCIONES SUBNACIONALES: \u00bfDESDE CU\u00c1NDO RIGE LA LEY SECA?","datePublished":"2026-03-16T18:02:47+00:00","dateModified":"2026-03-16T18:02:48+00:00","mainEntityOfPage":{"@id":"https:\/\/innoticiasbo.com\/index.php\/2026\/03\/16\/elecciones-subnacionales-desde-cuando-rige-la-ley-seca\/"},"wordCount":288,"commentCount":0,"publisher":{"@id":"https:\/\/innoticiasbo.com\/#organization"},"image":{"@id":"https:\/\/innoticiasbo.com\/index.php\/2026\/03\/16\/elecciones-subnacionales-desde-cuando-rige-la-ley-seca\/#primaryimage"},"thumbnailUrl":"https:\/\/i0.wp.com\/innoticiasbo.com\/wp-content\/uploads\/2026\/03\/image-201.png?fit=800%2C450&ssl=1","keywords":["Bolivia","elecciones","Elecciones 2026","elecciones subnacionales","Ley Seca","Pol\u00edtica","subnacionales","Subnacionales 2026"],"articleSection":["Bolivia","Pol\u00edtica"],"inLanguage":"es","potentialAction":[{"@type":"CommentAction","name":"Comment","target":["https:\/\/innoticiasbo.com\/index.php\/2026\/03\/16\/elecciones-subnacionales-desde-cuando-rige-la-ley-seca\/#respond"]}]},{"@type":"WebPage","@id":"https:\/\/innoticiasbo.com\/index.php\/2026\/03\/16\/elecciones-subnacionales-desde-cuando-rige-la-ley-seca\/","url":"https:\/\/innoticiasbo.com\/index.php\/2026\/03\/16\/elecciones-subnacionales-desde-cuando-rige-la-ley-seca\/","name":"ELECCIONES SUBNACIONALES: \u00bfDESDE CU\u00c1NDO RIGE LA LEY SECA? - innoticiasbo.com","isPartOf":{"@id":"https:\/\/innoticiasbo.com\/#website"},"primaryImageOfPage":{"@id":"https:\/\/innoticiasbo.com\/index.php\/2026\/03\/16\/elecciones-subnacionales-desde-cuando-rige-la-ley-seca\/#primaryimage"},"image":{"@id":"https:\/\/innoticiasbo.com\/index.php\/2026\/03\/16\/elecciones-subnacionales-desde-cuando-rige-la-ley-seca\/#primaryimage"},"thumbnailUrl":"https:\/\/i0.wp.com\/innoticiasbo.com\/wp-content\/uploads\/2026\/03\/image-201.png?fit=800%2C450&ssl=1","datePublished":"2026-03-16T18:02:47+00:00","dateModified":"2026-03-16T18:02:48+00:00","breadcrumb":{"@id":"https:\/\/innoticiasbo.com\/index.php\/2026\/03\/16\/elecciones-subnacionales-desde-cuando-rige-la-ley-seca\/#breadcrumb"},"inLanguage":"es","potentialAction":[{"@type":"ReadAction","target":["https:\/\/innoticiasbo.com\/index.php\/2026\/03\/16\/elecciones-subnacionales-desde-cuando-rige-la-ley-seca\/"]}]},{"@type":"ImageObject","inLanguage":"es","@id":"https:\/\/innoticiasbo.com\/index.php\/2026\/03\/16\/elecciones-subnacionales-desde-cuando-rige-la-ley-seca\/#primaryimage","url":"https:\/\/i0.wp.com\/innoticiasbo.com\/wp-content\/uploads\/2026\/03\/image-201.png?fit=800%2C450&ssl=1","contentUrl":"https:\/\/i0.wp.com\/innoticiasbo.com\/wp-content\/uploads\/2026\/03\/image-201.png?fit=800%2C450&ssl=1","width":800,"height":450},{"@type":"BreadcrumbList","@id":"https:\/\/innoticiasbo.com\/index.php\/2026\/03\/16\/elecciones-subnacionales-desde-cuando-rige-la-ley-seca\/#breadcrumb","itemListElement":[{"@type":"ListItem","position":1,"name":"Portada","item":"https:\/\/innoticiasbo.com\/"},{"@type":"ListItem","position":2,"name":"ELECCIONES SUBNACIONALES: \u00bfDESDE CU\u00c1NDO RIGE LA LEY SECA?"}]},{"@type":"WebSite","@id":"https:\/\/innoticiasbo.com\/#website","url":"https:\/\/innoticiasbo.com\/","name":"innoticiasbo.com","description":"","publisher":{"@id":"https:\/\/innoticiasbo.com\/#organization"},"potentialAction":[{"@type":"SearchAction","target":{"@type":"EntryPoint","urlTemplate":"https:\/\/innoticiasbo.com\/?s={search_term_string}"},"query-input":{"@type":"PropertyValueSpecification","valueRequired":true,"valueName":"search_term_string"}}],"inLanguage":"es"},{"@type":"Organization","@id":"https:\/\/innoticiasbo.com\/#organization","name":"innoticiasbo.com","url":"https:\/\/innoticiasbo.com\/","logo":{"@type":"ImageObject","inLanguage":"es","@id":"https:\/\/innoticiasbo.com\/#\/schema\/logo\/image\/","url":"https:\/\/i0.wp.com\/innoticiasbo.com\/wp-content\/uploads\/2026\/04\/cropped-IN-LOGO.png?fit=1476%2C1476&ssl=1","contentUrl":"https:\/\/i0.wp.com\/innoticiasbo.com\/wp-content\/uploads\/2026\/04\/cropped-IN-LOGO.png?fit=1476%2C1476&ssl=1","width":1476,"height":1476,"caption":"innoticiasbo.com"},"image":{"@id":"https:\/\/innoticiasbo.com\/#\/schema\/logo\/image\/"},"sameAs":["https:\/\/www.facebook.com\/innoticiasbolivia","https:\/\/x.com\/innoticiasbo","https:\/\/www.instagram.com\/innoticiasbo","https:\/\/www.youtube.com\/innoticiasbo"]},{"@type":"Person","@id":"https:\/\/innoticiasbo.com\/#\/schema\/person\/0b28481e8d0316f83a13bc702311def5","name":"Prensa 11","image":{"@type":"ImageObject","inLanguage":"es","@id":"https:\/\/innoticiasbo.com\/#\/schema\/person\/image\/","url":"https:\/\/secure.gravatar.com\/avatar\/696560c17349f1807a610bf83832bad0?s=96&d=mm&r=g","contentUrl":"https:\/\/secure.gravatar.com\/avatar\/696560c17349f1807a610bf83832bad0?s=96&d=mm&r=g","caption":"Prensa 11"},"sameAs":["http:\/\/www.innoticiasbo.com"],"url":"https:\/\/innoticiasbo.com\/index.php\/author\/prensa-11\/"}]}},"jetpack_featured_media_url":"https:\/\/i0.wp.com\/innoticiasbo.com\/wp-content\/uploads\/2026\/03\/image-201.png?fit=800%2C450&ssl=1","jetpack_likes_enabled":true,"jetpack_sharing_enabled":true,"jetpack_shortlink":"https:\/\/wp.me\/pg298x-2wh","_links":{"self":[{"href":"https:\/\/innoticiasbo.com\/index.php\/wp-json\/wp\/v2\/posts\/9689","targetHints":{"allow":["GET"]}}],"collection":[{"href":"https:\/\/innoticiasbo.com\/index.php\/wp-json\/wp\/v2\/posts"}],"about":[{"href":"https:\/\/innoticiasbo.com\/index.php\/wp-json\/wp\/v2\/types\/post"}],"author":[{"embeddable":true,"href":"https:\/\/innoticiasbo.com\/index.php\/wp-json\/wp\/v2\/users\/11"}],"replies":[{"embeddable":true,"href":"https:\/\/innoticiasbo.com\/index.php\/wp-json\/wp\/v2\/comments?post=9689"}],"version-history":[{"count":1,"href":"https:\/\/innoticiasbo.com\/index.php\/wp-json\/wp\/v2\/posts\/9689\/revisions"}],"predecessor-version":[{"id":9691,"href":"https:\/\/innoticiasbo.com\/index.php\/wp-json\/wp\/v2\/posts\/9689\/revisions\/9691"}],"wp:featuredmedia":[{"embeddable":true,"href":"https:\/\/innoticiasbo.com\/index.php\/wp-json\/wp\/v2\/media\/9690"}],"wp:attachment":[{"href":"https:\/\/innoticiasbo.com\/index.php\/wp-json\/wp\/v2\/media?parent=9689"}],"wp:term":[{"taxonomy":"category","embeddable":true,"href":"https:\/\/innoticiasbo.com\/index.php\/wp-json\/wp\/v2\/categories?post=9689"},{"taxonomy":"post_tag","embeddable":true,"href":"https:\/\/innoticiasbo.com\/index.php\/wp-json\/wp\/v2\/tags?post=9689"}],"curies":[{"name":"wp","href":"https:\/\/api.w.org\/{rel}","templated":true}]}}