{"id":9686,"date":"2026-03-16T13:53:13","date_gmt":"2026-03-16T17:53:13","guid":{"rendered":"https:\/\/innoticiasbo.com\/?p=9686"},"modified":"2026-03-16T13:53:14","modified_gmt":"2026-03-16T17:53:14","slug":"papa-pide-alto-al-fuego-en-medio-oriente-y-retomar-dialogo","status":"publish","type":"post","link":"https:\/\/innoticiasbo.com\/index.php\/2026\/03\/16\/papa-pide-alto-al-fuego-en-medio-oriente-y-retomar-dialogo\/","title":{"rendered":"PAPA PIDE ALTO AL FUEGO EN MEDIO ORIENTE Y RETOMAR DI\u00c1LOGO"},"content":{"rendered":"\n<figure class=\"wp-block-image size-full\"><img data-recalc-dims=\"1\" loading=\"lazy\" decoding=\"async\" width=\"640\" height=\"357\" src=\"https:\/\/i0.wp.com\/innoticiasbo.com\/wp-content\/uploads\/2026\/03\/image-200.png?resize=640%2C357&#038;ssl=1\" alt=\"\" class=\"wp-image-9687\" srcset=\"https:\/\/i0.wp.com\/innoticiasbo.com\/wp-content\/uploads\/2026\/03\/image-200.png?w=770&amp;ssl=1 770w, https:\/\/i0.wp.com\/innoticiasbo.com\/wp-content\/uploads\/2026\/03\/image-200.png?resize=300%2C168&amp;ssl=1 300w, https:\/\/i0.wp.com\/innoticiasbo.com\/wp-content\/uploads\/2026\/03\/image-200.png?resize=768%2C429&amp;ssl=1 768w\" sizes=\"auto, (max-width: 640px) 100vw, 640px\" \/><\/figure>\n\n\n\n<p><strong>Mundo, 16 de Marzo de 2026.- <\/strong>El papa Le\u00f3n XIV pidi\u00f3 este domingo (15.03.2026) a los responsables del conflicto en Medio Oriente que pongan fin a las hostilidades, tras denunciar la \u00abatroz violencia\u00bb que sufren los pueblos de la regi\u00f3n desde hace dos semanas.<\/p>\n\n\n\n<p>\u00abEn nombre de los cristianos de Medio Oriente y todas las personas de buena voluntad, hago un llamado a los responsables de este conflicto: alto al fuego\u00bb, expres\u00f3 el sumo pont\u00edfice desde la ventana del Palacio Apost\u00f3lico.<\/p>\n\n\n\n<p>\u00abEs imprescindible reabrir las v\u00edas del di\u00e1logo. La violencia jam\u00e1s conducir\u00e1 a la justicia, la estabilidad y la paz que anhelan los pueblos\u00bb, agreg\u00f3.<\/p>\n\n\n\n<p>Le\u00f3n XIV denunci\u00f3 que desde hace dos semanas los pueblos de la regi\u00f3n \u00absufren la atroz violencia de la guerra\u00bb y \u00abmiles de personas inocentes han muerto y much\u00edsimas m\u00e1s se han visto obligadas a abandonar sus hogares\u00bb.<\/p>\n\n\n\n<p>Asimismo, expres\u00f3 su \u00abgran preocupaci\u00f3n\u00bb por la situaci\u00f3n en L\u00edbano, pa\u00eds al que viaj\u00f3 el pasado diciembre como parte de su primer viaje internacional y donde esta semana un sacerdote maronita muri\u00f3 tras ser alcanzado por un proyectil durante un bombardeo.<\/p>\n\n\n\n<p>Fuente: Los Tiempos<\/p>\n","protected":false},"excerpt":{"rendered":"<p>Mundo, 16 de Marzo de 2026.- El papa Le\u00f3n XIV pidi\u00f3 este domingo (15.03.2026) a los responsables del conflicto en Medio Oriente que pongan fin a las hostilidades, tras denunciar la \u00abatroz violencia\u00bb que sufren los pueblos de la regi\u00f3n desde hace dos semanas. \u00abEn nombre de los cristianos de Medio Oriente y todas las&#8230;<\/p>\n","protected":false},"author":11,"featured_media":9687,"comment_status":"open","ping_status":"open","sticky":false,"template":"","format":"standard","meta":{"_jetpack_memberships_contains_paid_content":false,"footnotes":"","jetpack_publicize_message":"","jetpack_publicize_feature_enabled":true,"jetpack_social_post_already_shared":true,"jetpack_social_options":{"image_generator_settings":{"template":"highway","enabled":false},"version":2}},"categories":[5],"tags":[1531,836,1240,1246,849,1270,97,306,10],"class_list":["post-9686","post","type-post","status-publish","format-standard","has-post-thumbnail","hentry","category-mundo","tag-alto-al-fuego","tag-ataque-a-iran","tag-guerra","tag-guerra-en-iran","tag-iran","tag-iran-2","tag-mundo","tag-papa-leon-xiv","tag-politica"],"jetpack_publicize_connections":[],"yoast_head":"<!-- This site is optimized with the Yoast SEO plugin v23.4 - https:\/\/yoast.com\/wordpress\/plugins\/seo\/ -->\n<title>PAPA PIDE ALTO AL FUEGO EN MEDIO ORIENTE Y RETOMAR DI\u00c1LOGO - innoticiasbo.com<\/title>\n<meta name=\"robots\" content=\"index, follow, max-snippet:-1, max-image-preview:large, max-video-preview:-1\" \/>\n<link rel=\"canonical\" href=\"https:\/\/innoticiasbo.com\/index.php\/2026\/03\/16\/papa-pide-alto-al-fuego-en-medio-oriente-y-retomar-dialogo\/\" \/>\n<meta property=\"og:locale\" content=\"es_ES\" \/>\n<meta property=\"og:type\" content=\"article\" \/>\n<meta property=\"og:title\" content=\"PAPA PIDE ALTO AL FUEGO EN MEDIO ORIENTE Y RETOMAR DI\u00c1LOGO - innoticiasbo.com\" \/>\n<meta property=\"og:description\" content=\"Mundo, 16 de Marzo de 2026.- El papa Le\u00f3n XIV pidi\u00f3 este domingo (15.03.2026) a los responsables del conflicto en Medio Oriente que pongan fin a las hostilidades, tras denunciar la \u00abatroz violencia\u00bb que sufren los pueblos de la regi\u00f3n desde hace dos semanas. \u00abEn nombre de los cristianos de Medio Oriente y todas las...\" \/>\n<meta property=\"og:url\" content=\"https:\/\/innoticiasbo.com\/index.php\/2026\/03\/16\/papa-pide-alto-al-fuego-en-medio-oriente-y-retomar-dialogo\/\" \/>\n<meta property=\"og:site_name\" content=\"innoticiasbo.com\" \/>\n<meta property=\"article:publisher\" content=\"https:\/\/www.facebook.com\/innoticiasbolivia\" \/>\n<meta property=\"article:published_time\" content=\"2026-03-16T17:53:13+00:00\" \/>\n<meta property=\"article:modified_time\" content=\"2026-03-16T17:53:14+00:00\" \/>\n<meta property=\"og:image\" content=\"https:\/\/innoticiasbo.com\/wp-content\/uploads\/2026\/03\/image-200.png\" \/>\n\t<meta property=\"og:image:width\" content=\"770\" \/>\n\t<meta property=\"og:image:height\" content=\"430\" \/>\n\t<meta property=\"og:image:type\" content=\"image\/png\" \/>\n<meta name=\"author\" content=\"Prensa 11\" \/>\n<meta name=\"twitter:card\" content=\"summary_large_image\" \/>\n<meta name=\"twitter:creator\" content=\"@innoticiasbo\" \/>\n<meta name=\"twitter:site\" content=\"@innoticiasbo\" \/>\n<meta name=\"twitter:label1\" content=\"Escrito por\" \/>\n\t<meta name=\"twitter:data1\" content=\"Prensa 11\" \/>\n\t<meta name=\"twitter:label2\" content=\"Tiempo de lectura\" \/>\n\t<meta name=\"twitter:data2\" content=\"2 minutos\" \/>\n<script type=\"application\/ld+json\" class=\"yoast-schema-graph\">{\"@context\":\"https:\/\/schema.org\",\"@graph\":[{\"@type\":\"Article\",\"@id\":\"https:\/\/innoticiasbo.com\/index.php\/2026\/03\/16\/papa-pide-alto-al-fuego-en-medio-oriente-y-retomar-dialogo\/#article\",\"isPartOf\":{\"@id\":\"https:\/\/innoticiasbo.com\/index.php\/2026\/03\/16\/papa-pide-alto-al-fuego-en-medio-oriente-y-retomar-dialogo\/\"},\"author\":{\"name\":\"Prensa 11\",\"@id\":\"https:\/\/innoticiasbo.com\/#\/schema\/person\/0b28481e8d0316f83a13bc702311def5\"},\"headline\":\"PAPA PIDE ALTO AL FUEGO EN MEDIO ORIENTE Y RETOMAR DI\u00c1LOGO\",\"datePublished\":\"2026-03-16T17:53:13+00:00\",\"dateModified\":\"2026-03-16T17:53:14+00:00\",\"mainEntityOfPage\":{\"@id\":\"https:\/\/innoticiasbo.com\/index.php\/2026\/03\/16\/papa-pide-alto-al-fuego-en-medio-oriente-y-retomar-dialogo\/\"},\"wordCount\":212,\"commentCount\":0,\"publisher\":{\"@id\":\"https:\/\/innoticiasbo.com\/#organization\"},\"image\":{\"@id\":\"https:\/\/innoticiasbo.com\/index.php\/2026\/03\/16\/papa-pide-alto-al-fuego-en-medio-oriente-y-retomar-dialogo\/#primaryimage\"},\"thumbnailUrl\":\"https:\/\/i0.wp.com\/innoticiasbo.com\/wp-content\/uploads\/2026\/03\/image-200.png?fit=770%2C430&ssl=1\",\"keywords\":[\"Alto al fuego\",\"ataque a Ir\u00e1n\",\"guerra\",\"Guerra en Iran\",\"ir\u00e1n\",\"Iran\",\"Mundo\",\"Papa Leon XIV\",\"Pol\u00edtica\"],\"articleSection\":[\"Mundo\"],\"inLanguage\":\"es\",\"potentialAction\":[{\"@type\":\"CommentAction\",\"name\":\"Comment\",\"target\":[\"https:\/\/innoticiasbo.com\/index.php\/2026\/03\/16\/papa-pide-alto-al-fuego-en-medio-oriente-y-retomar-dialogo\/#respond\"]}]},{\"@type\":\"WebPage\",\"@id\":\"https:\/\/innoticiasbo.com\/index.php\/2026\/03\/16\/papa-pide-alto-al-fuego-en-medio-oriente-y-retomar-dialogo\/\",\"url\":\"https:\/\/innoticiasbo.com\/index.php\/2026\/03\/16\/papa-pide-alto-al-fuego-en-medio-oriente-y-retomar-dialogo\/\",\"name\":\"PAPA PIDE ALTO AL FUEGO EN MEDIO ORIENTE Y RETOMAR DI\u00c1LOGO - innoticiasbo.com\",\"isPartOf\":{\"@id\":\"https:\/\/innoticiasbo.com\/#website\"},\"primaryImageOfPage\":{\"@id\":\"https:\/\/innoticiasbo.com\/index.php\/2026\/03\/16\/papa-pide-alto-al-fuego-en-medio-oriente-y-retomar-dialogo\/#primaryimage\"},\"image\":{\"@id\":\"https:\/\/innoticiasbo.com\/index.php\/2026\/03\/16\/papa-pide-alto-al-fuego-en-medio-oriente-y-retomar-dialogo\/#primaryimage\"},\"thumbnailUrl\":\"https:\/\/i0.wp.com\/innoticiasbo.com\/wp-content\/uploads\/2026\/03\/image-200.png?fit=770%2C430&ssl=1\",\"datePublished\":\"2026-03-16T17:53:13+00:00\",\"dateModified\":\"2026-03-16T17:53:14+00:00\",\"breadcrumb\":{\"@id\":\"https:\/\/innoticiasbo.com\/index.php\/2026\/03\/16\/papa-pide-alto-al-fuego-en-medio-oriente-y-retomar-dialogo\/#breadcrumb\"},\"inLanguage\":\"es\",\"potentialAction\":[{\"@type\":\"ReadAction\",\"target\":[\"https:\/\/innoticiasbo.com\/index.php\/2026\/03\/16\/papa-pide-alto-al-fuego-en-medio-oriente-y-retomar-dialogo\/\"]}]},{\"@type\":\"ImageObject\",\"inLanguage\":\"es\",\"@id\":\"https:\/\/innoticiasbo.com\/index.php\/2026\/03\/16\/papa-pide-alto-al-fuego-en-medio-oriente-y-retomar-dialogo\/#primaryimage\",\"url\":\"https:\/\/i0.wp.com\/innoticiasbo.com\/wp-content\/uploads\/2026\/03\/image-200.png?fit=770%2C430&ssl=1\",\"contentUrl\":\"https:\/\/i0.wp.com\/innoticiasbo.com\/wp-content\/uploads\/2026\/03\/image-200.png?fit=770%2C430&ssl=1\",\"width\":770,\"height\":430},{\"@type\":\"BreadcrumbList\",\"@id\":\"https:\/\/innoticiasbo.com\/index.php\/2026\/03\/16\/papa-pide-alto-al-fuego-en-medio-oriente-y-retomar-dialogo\/#breadcrumb\",\"itemListElement\":[{\"@type\":\"ListItem\",\"position\":1,\"name\":\"Portada\",\"item\":\"https:\/\/innoticiasbo.com\/\"},{\"@type\":\"ListItem\",\"position\":2,\"name\":\"PAPA PIDE ALTO AL FUEGO EN MEDIO ORIENTE Y RETOMAR DI\u00c1LOGO\"}]},{\"@type\":\"WebSite\",\"@id\":\"https:\/\/innoticiasbo.com\/#website\",\"url\":\"https:\/\/innoticiasbo.com\/\",\"name\":\"innoticiasbo.com\",\"description\":\"\",\"publisher\":{\"@id\":\"https:\/\/innoticiasbo.com\/#organization\"},\"potentialAction\":[{\"@type\":\"SearchAction\",\"target\":{\"@type\":\"EntryPoint\",\"urlTemplate\":\"https:\/\/innoticiasbo.com\/?s={search_term_string}\"},\"query-input\":{\"@type\":\"PropertyValueSpecification\",\"valueRequired\":true,\"valueName\":\"search_term_string\"}}],\"inLanguage\":\"es\"},{\"@type\":\"Organization\",\"@id\":\"https:\/\/innoticiasbo.com\/#organization\",\"name\":\"innoticiasbo.com\",\"url\":\"https:\/\/innoticiasbo.com\/\",\"logo\":{\"@type\":\"ImageObject\",\"inLanguage\":\"es\",\"@id\":\"https:\/\/innoticiasbo.com\/#\/schema\/logo\/image\/\",\"url\":\"https:\/\/i0.wp.com\/innoticiasbo.com\/wp-content\/uploads\/2026\/04\/cropped-IN-LOGO.png?fit=1476%2C1476&ssl=1\",\"contentUrl\":\"https:\/\/i0.wp.com\/innoticiasbo.com\/wp-content\/uploads\/2026\/04\/cropped-IN-LOGO.png?fit=1476%2C1476&ssl=1\",\"width\":1476,\"height\":1476,\"caption\":\"innoticiasbo.com\"},\"image\":{\"@id\":\"https:\/\/innoticiasbo.com\/#\/schema\/logo\/image\/\"},\"sameAs\":[\"https:\/\/www.facebook.com\/innoticiasbolivia\",\"https:\/\/x.com\/innoticiasbo\",\"https:\/\/www.instagram.com\/innoticiasbo\",\"https:\/\/www.youtube.com\/innoticiasbo\"]},{\"@type\":\"Person\",\"@id\":\"https:\/\/innoticiasbo.com\/#\/schema\/person\/0b28481e8d0316f83a13bc702311def5\",\"name\":\"Prensa 11\",\"image\":{\"@type\":\"ImageObject\",\"inLanguage\":\"es\",\"@id\":\"https:\/\/innoticiasbo.com\/#\/schema\/person\/image\/\",\"url\":\"https:\/\/secure.gravatar.com\/avatar\/696560c17349f1807a610bf83832bad0?s=96&d=mm&r=g\",\"contentUrl\":\"https:\/\/secure.gravatar.com\/avatar\/696560c17349f1807a610bf83832bad0?s=96&d=mm&r=g\",\"caption\":\"Prensa 11\"},\"sameAs\":[\"http:\/\/www.innoticiasbo.com\"],\"url\":\"https:\/\/innoticiasbo.com\/index.php\/author\/prensa-11\/\"}]}<\/script>\n<!-- \/ Yoast SEO plugin. -->","yoast_head_json":{"title":"PAPA PIDE ALTO AL FUEGO EN MEDIO ORIENTE Y RETOMAR DI\u00c1LOGO - innoticiasbo.com","robots":{"index":"index","follow":"follow","max-snippet":"max-snippet:-1","max-image-preview":"max-image-preview:large","max-video-preview":"max-video-preview:-1"},"canonical":"https:\/\/innoticiasbo.com\/index.php\/2026\/03\/16\/papa-pide-alto-al-fuego-en-medio-oriente-y-retomar-dialogo\/","og_locale":"es_ES","og_type":"article","og_title":"PAPA PIDE ALTO AL FUEGO EN MEDIO ORIENTE Y RETOMAR DI\u00c1LOGO - innoticiasbo.com","og_description":"Mundo, 16 de Marzo de 2026.- El papa Le\u00f3n XIV pidi\u00f3 este domingo (15.03.2026) a los responsables del conflicto en Medio Oriente que pongan fin a las hostilidades, tras denunciar la \u00abatroz violencia\u00bb que sufren los pueblos de la regi\u00f3n desde hace dos semanas. \u00abEn nombre de los cristianos de Medio Oriente y todas las...","og_url":"https:\/\/innoticiasbo.com\/index.php\/2026\/03\/16\/papa-pide-alto-al-fuego-en-medio-oriente-y-retomar-dialogo\/","og_site_name":"innoticiasbo.com","article_publisher":"https:\/\/www.facebook.com\/innoticiasbolivia","article_published_time":"2026-03-16T17:53:13+00:00","article_modified_time":"2026-03-16T17:53:14+00:00","og_image":[{"width":770,"height":430,"url":"https:\/\/innoticiasbo.com\/wp-content\/uploads\/2026\/03\/image-200.png","type":"image\/png"}],"author":"Prensa 11","twitter_card":"summary_large_image","twitter_creator":"@innoticiasbo","twitter_site":"@innoticiasbo","twitter_misc":{"Escrito por":"Prensa 11","Tiempo de lectura":"2 minutos"},"schema":{"@context":"https:\/\/schema.org","@graph":[{"@type":"Article","@id":"https:\/\/innoticiasbo.com\/index.php\/2026\/03\/16\/papa-pide-alto-al-fuego-en-medio-oriente-y-retomar-dialogo\/#article","isPartOf":{"@id":"https:\/\/innoticiasbo.com\/index.php\/2026\/03\/16\/papa-pide-alto-al-fuego-en-medio-oriente-y-retomar-dialogo\/"},"author":{"name":"Prensa 11","@id":"https:\/\/innoticiasbo.com\/#\/schema\/person\/0b28481e8d0316f83a13bc702311def5"},"headline":"PAPA PIDE ALTO AL FUEGO EN MEDIO ORIENTE Y RETOMAR DI\u00c1LOGO","datePublished":"2026-03-16T17:53:13+00:00","dateModified":"2026-03-16T17:53:14+00:00","mainEntityOfPage":{"@id":"https:\/\/innoticiasbo.com\/index.php\/2026\/03\/16\/papa-pide-alto-al-fuego-en-medio-oriente-y-retomar-dialogo\/"},"wordCount":212,"commentCount":0,"publisher":{"@id":"https:\/\/innoticiasbo.com\/#organization"},"image":{"@id":"https:\/\/innoticiasbo.com\/index.php\/2026\/03\/16\/papa-pide-alto-al-fuego-en-medio-oriente-y-retomar-dialogo\/#primaryimage"},"thumbnailUrl":"https:\/\/i0.wp.com\/innoticiasbo.com\/wp-content\/uploads\/2026\/03\/image-200.png?fit=770%2C430&ssl=1","keywords":["Alto al fuego","ataque a Ir\u00e1n","guerra","Guerra en Iran","ir\u00e1n","Iran","Mundo","Papa Leon XIV","Pol\u00edtica"],"articleSection":["Mundo"],"inLanguage":"es","potentialAction":[{"@type":"CommentAction","name":"Comment","target":["https:\/\/innoticiasbo.com\/index.php\/2026\/03\/16\/papa-pide-alto-al-fuego-en-medio-oriente-y-retomar-dialogo\/#respond"]}]},{"@type":"WebPage","@id":"https:\/\/innoticiasbo.com\/index.php\/2026\/03\/16\/papa-pide-alto-al-fuego-en-medio-oriente-y-retomar-dialogo\/","url":"https:\/\/innoticiasbo.com\/index.php\/2026\/03\/16\/papa-pide-alto-al-fuego-en-medio-oriente-y-retomar-dialogo\/","name":"PAPA PIDE ALTO AL FUEGO EN MEDIO ORIENTE Y RETOMAR DI\u00c1LOGO - innoticiasbo.com","isPartOf":{"@id":"https:\/\/innoticiasbo.com\/#website"},"primaryImageOfPage":{"@id":"https:\/\/innoticiasbo.com\/index.php\/2026\/03\/16\/papa-pide-alto-al-fuego-en-medio-oriente-y-retomar-dialogo\/#primaryimage"},"image":{"@id":"https:\/\/innoticiasbo.com\/index.php\/2026\/03\/16\/papa-pide-alto-al-fuego-en-medio-oriente-y-retomar-dialogo\/#primaryimage"},"thumbnailUrl":"https:\/\/i0.wp.com\/innoticiasbo.com\/wp-content\/uploads\/2026\/03\/image-200.png?fit=770%2C430&ssl=1","datePublished":"2026-03-16T17:53:13+00:00","dateModified":"2026-03-16T17:53:14+00:00","breadcrumb":{"@id":"https:\/\/innoticiasbo.com\/index.php\/2026\/03\/16\/papa-pide-alto-al-fuego-en-medio-oriente-y-retomar-dialogo\/#breadcrumb"},"inLanguage":"es","potentialAction":[{"@type":"ReadAction","target":["https:\/\/innoticiasbo.com\/index.php\/2026\/03\/16\/papa-pide-alto-al-fuego-en-medio-oriente-y-retomar-dialogo\/"]}]},{"@type":"ImageObject","inLanguage":"es","@id":"https:\/\/innoticiasbo.com\/index.php\/2026\/03\/16\/papa-pide-alto-al-fuego-en-medio-oriente-y-retomar-dialogo\/#primaryimage","url":"https:\/\/i0.wp.com\/innoticiasbo.com\/wp-content\/uploads\/2026\/03\/image-200.png?fit=770%2C430&ssl=1","contentUrl":"https:\/\/i0.wp.com\/innoticiasbo.com\/wp-content\/uploads\/2026\/03\/image-200.png?fit=770%2C430&ssl=1","width":770,"height":430},{"@type":"BreadcrumbList","@id":"https:\/\/innoticiasbo.com\/index.php\/2026\/03\/16\/papa-pide-alto-al-fuego-en-medio-oriente-y-retomar-dialogo\/#breadcrumb","itemListElement":[{"@type":"ListItem","position":1,"name":"Portada","item":"https:\/\/innoticiasbo.com\/"},{"@type":"ListItem","position":2,"name":"PAPA PIDE ALTO AL FUEGO EN MEDIO ORIENTE Y RETOMAR DI\u00c1LOGO"}]},{"@type":"WebSite","@id":"https:\/\/innoticiasbo.com\/#website","url":"https:\/\/innoticiasbo.com\/","name":"innoticiasbo.com","description":"","publisher":{"@id":"https:\/\/innoticiasbo.com\/#organization"},"potentialAction":[{"@type":"SearchAction","target":{"@type":"EntryPoint","urlTemplate":"https:\/\/innoticiasbo.com\/?s={search_term_string}"},"query-input":{"@type":"PropertyValueSpecification","valueRequired":true,"valueName":"search_term_string"}}],"inLanguage":"es"},{"@type":"Organization","@id":"https:\/\/innoticiasbo.com\/#organization","name":"innoticiasbo.com","url":"https:\/\/innoticiasbo.com\/","logo":{"@type":"ImageObject","inLanguage":"es","@id":"https:\/\/innoticiasbo.com\/#\/schema\/logo\/image\/","url":"https:\/\/i0.wp.com\/innoticiasbo.com\/wp-content\/uploads\/2026\/04\/cropped-IN-LOGO.png?fit=1476%2C1476&ssl=1","contentUrl":"https:\/\/i0.wp.com\/innoticiasbo.com\/wp-content\/uploads\/2026\/04\/cropped-IN-LOGO.png?fit=1476%2C1476&ssl=1","width":1476,"height":1476,"caption":"innoticiasbo.com"},"image":{"@id":"https:\/\/innoticiasbo.com\/#\/schema\/logo\/image\/"},"sameAs":["https:\/\/www.facebook.com\/innoticiasbolivia","https:\/\/x.com\/innoticiasbo","https:\/\/www.instagram.com\/innoticiasbo","https:\/\/www.youtube.com\/innoticiasbo"]},{"@type":"Person","@id":"https:\/\/innoticiasbo.com\/#\/schema\/person\/0b28481e8d0316f83a13bc702311def5","name":"Prensa 11","image":{"@type":"ImageObject","inLanguage":"es","@id":"https:\/\/innoticiasbo.com\/#\/schema\/person\/image\/","url":"https:\/\/secure.gravatar.com\/avatar\/696560c17349f1807a610bf83832bad0?s=96&d=mm&r=g","contentUrl":"https:\/\/secure.gravatar.com\/avatar\/696560c17349f1807a610bf83832bad0?s=96&d=mm&r=g","caption":"Prensa 11"},"sameAs":["http:\/\/www.innoticiasbo.com"],"url":"https:\/\/innoticiasbo.com\/index.php\/author\/prensa-11\/"}]}},"jetpack_featured_media_url":"https:\/\/i0.wp.com\/innoticiasbo.com\/wp-content\/uploads\/2026\/03\/image-200.png?fit=770%2C430&ssl=1","jetpack_likes_enabled":true,"jetpack_sharing_enabled":true,"jetpack_shortlink":"https:\/\/wp.me\/pg298x-2we","_links":{"self":[{"href":"https:\/\/innoticiasbo.com\/index.php\/wp-json\/wp\/v2\/posts\/9686","targetHints":{"allow":["GET"]}}],"collection":[{"href":"https:\/\/innoticiasbo.com\/index.php\/wp-json\/wp\/v2\/posts"}],"about":[{"href":"https:\/\/innoticiasbo.com\/index.php\/wp-json\/wp\/v2\/types\/post"}],"author":[{"embeddable":true,"href":"https:\/\/innoticiasbo.com\/index.php\/wp-json\/wp\/v2\/users\/11"}],"replies":[{"embeddable":true,"href":"https:\/\/innoticiasbo.com\/index.php\/wp-json\/wp\/v2\/comments?post=9686"}],"version-history":[{"count":1,"href":"https:\/\/innoticiasbo.com\/index.php\/wp-json\/wp\/v2\/posts\/9686\/revisions"}],"predecessor-version":[{"id":9688,"href":"https:\/\/innoticiasbo.com\/index.php\/wp-json\/wp\/v2\/posts\/9686\/revisions\/9688"}],"wp:featuredmedia":[{"embeddable":true,"href":"https:\/\/innoticiasbo.com\/index.php\/wp-json\/wp\/v2\/media\/9687"}],"wp:attachment":[{"href":"https:\/\/innoticiasbo.com\/index.php\/wp-json\/wp\/v2\/media?parent=9686"}],"wp:term":[{"taxonomy":"category","embeddable":true,"href":"https:\/\/innoticiasbo.com\/index.php\/wp-json\/wp\/v2\/categories?post=9686"},{"taxonomy":"post_tag","embeddable":true,"href":"https:\/\/innoticiasbo.com\/index.php\/wp-json\/wp\/v2\/tags?post=9686"}],"curies":[{"name":"wp","href":"https:\/\/api.w.org\/{rel}","templated":true}]}}