{"id":9683,"date":"2026-03-16T13:43:21","date_gmt":"2026-03-16T17:43:21","guid":{"rendered":"https:\/\/innoticiasbo.com\/?p=9683"},"modified":"2026-03-16T13:43:22","modified_gmt":"2026-03-16T17:43:22","slug":"evo-sobre-el-caso-marset-el-gobierno-de-rodrigo-paz-pretende-vincularme","status":"publish","type":"post","link":"https:\/\/innoticiasbo.com\/index.php\/2026\/03\/16\/evo-sobre-el-caso-marset-el-gobierno-de-rodrigo-paz-pretende-vincularme\/","title":{"rendered":"EVO, SOBRE EL CASO MARSET: \u2018EL GOBIERNO DE RODRIGO PAZ PRETENDE VINCULARME\u2019"},"content":{"rendered":"\n<figure class=\"wp-block-image size-full\"><img data-recalc-dims=\"1\" loading=\"lazy\" decoding=\"async\" width=\"640\" height=\"359\" src=\"https:\/\/i0.wp.com\/innoticiasbo.com\/wp-content\/uploads\/2026\/03\/image-199.png?resize=640%2C359&#038;ssl=1\" alt=\"\" class=\"wp-image-9684\" srcset=\"https:\/\/i0.wp.com\/innoticiasbo.com\/wp-content\/uploads\/2026\/03\/image-199.png?w=992&amp;ssl=1 992w, https:\/\/i0.wp.com\/innoticiasbo.com\/wp-content\/uploads\/2026\/03\/image-199.png?resize=300%2C168&amp;ssl=1 300w, https:\/\/i0.wp.com\/innoticiasbo.com\/wp-content\/uploads\/2026\/03\/image-199.png?resize=768%2C431&amp;ssl=1 768w\" sizes=\"auto, (max-width: 640px) 100vw, 640px\" \/><\/figure>\n\n\n\n<p><strong>Pa\u00eds, 16 de Marzo de 2026.-<\/strong> Esto, mediante la supuesta construcci\u00f3n de \u201cfalsos casos\u201d, tras la reciente captura del uruguayo en Bolivia.<\/p>\n\n\n\n<p>El expresidente Evo Morales denunci\u00f3 que el Gobierno pretende vincularlo con el narcotraficante Sebasti\u00e1n Marset mediante la supuesta construcci\u00f3n de \u201cfalsos casos\u201d, tras la reciente captura del uruguayo en Bolivia.<\/p>\n\n\n\n<p>A trav\u00e9s de una publicaci\u00f3n en redes sociales, Morales afirm\u00f3 que recibi\u00f3 informaci\u00f3n sobre un presunto intento de implicarlo a \u00e9l y a otros dirigentes en actividades relacionadas con Marset.<\/p>\n\n\n\n<p>\u201cNos informan que usando a algunos jefes policiales, el gobierno de Rodrigo Paz pretende vincularme, tambi\u00e9n a otros dirigentes con Marset -montando falsos casos- solo con el fin de encubrir a los verdaderos protectores de ese narcotraficante que oper\u00f3, libre e impunemente, en las narices de las autoridades nacionales y departamentales de Santa Cruz, durante la gesti\u00f3n de Arce y Paz\u201d, se\u00f1al\u00f3.<\/p>\n\n\n\n<p>El exmandatario cuestion\u00f3, adem\u00e1s, c\u00f3mo el narcotraficante pudo operar durante largo tiempo en el pa\u00eds con recursos y log\u00edstica significativos sin ser detectado por las autoridades.<\/p>\n\n\n\n<p>\u201cTodo el mundo se cuestiona por qu\u00e9 dejaron a Marset ejecutar su plan criminal con m\u00e1s de 15 avionetas, armas de fuego, veh\u00edculos blindados, casas y haciendas, llevando adem\u00e1s una intensa vida social lujosa en barrios en los que viven varias autoridades y personalidades\u201d, escribi\u00f3.<\/p>\n\n\n\n<p>Morales plante\u00f3 interrogantes sobre el conocimiento que habr\u00edan tenido las autoridades respecto a las actividades de Marset.<\/p>\n\n\n\n<p>\u00ab\u00bfNo escuchaban nada de \u00e9l? \u00bfNo se enteraban siquiera de rumores? \u00bfNo les llamaba la atenci\u00f3n sus millonarios movimientos econ\u00f3micos y su vida ostentosa p\u00fablica y privada? \u00bfPor qu\u00e9 negaron que Marset estaba en Santa Cruz cuando el gobierno de Paraguay lo denunci\u00f3 varias veces?\u201d, agreg\u00f3.<\/p>\n\n\n\n<p>Fuente: Opini\u00f3n<\/p>\n","protected":false},"excerpt":{"rendered":"<p>Pa\u00eds, 16 de Marzo de 2026.- Esto, mediante la supuesta construcci\u00f3n de \u201cfalsos casos\u201d, tras la reciente captura del uruguayo en Bolivia. El expresidente Evo Morales denunci\u00f3 que el Gobierno pretende vincularlo con el narcotraficante Sebasti\u00e1n Marset mediante la supuesta construcci\u00f3n de \u201cfalsos casos\u201d, tras la reciente captura del uruguayo en Bolivia. A trav\u00e9s de&#8230;<\/p>\n","protected":false},"author":11,"featured_media":9684,"comment_status":"open","ping_status":"open","sticky":false,"template":"","format":"standard","meta":{"_jetpack_memberships_contains_paid_content":false,"footnotes":"","jetpack_publicize_message":"","jetpack_publicize_feature_enabled":true,"jetpack_social_post_already_shared":true,"jetpack_social_options":{"image_generator_settings":{"template":"highway","enabled":false},"version":2}},"categories":[1,3],"tags":[7,69,1530,1529,10,345,563],"class_list":["post-9683","post","type-post","status-publish","format-standard","has-post-thumbnail","hentry","category-bolivia","category-politica","tag-bolivia","tag-evo-morales","tag-falsos-casos","tag-implicacion","tag-politica","tag-rodrigo-paz","tag-sebastian-marset"],"jetpack_publicize_connections":[],"yoast_head":"<!-- This site is optimized with the Yoast SEO plugin v23.4 - https:\/\/yoast.com\/wordpress\/plugins\/seo\/ -->\n<title>EVO, SOBRE EL CASO MARSET: \u2018EL GOBIERNO DE RODRIGO PAZ PRETENDE VINCULARME\u2019 - innoticiasbo.com<\/title>\n<meta name=\"robots\" content=\"index, follow, max-snippet:-1, max-image-preview:large, max-video-preview:-1\" \/>\n<link rel=\"canonical\" href=\"https:\/\/innoticiasbo.com\/index.php\/2026\/03\/16\/evo-sobre-el-caso-marset-el-gobierno-de-rodrigo-paz-pretende-vincularme\/\" \/>\n<meta property=\"og:locale\" content=\"es_ES\" \/>\n<meta property=\"og:type\" content=\"article\" \/>\n<meta property=\"og:title\" content=\"EVO, SOBRE EL CASO MARSET: \u2018EL GOBIERNO DE RODRIGO PAZ PRETENDE VINCULARME\u2019 - innoticiasbo.com\" \/>\n<meta property=\"og:description\" content=\"Pa\u00eds, 16 de Marzo de 2026.- Esto, mediante la supuesta construcci\u00f3n de \u201cfalsos casos\u201d, tras la reciente captura del uruguayo en Bolivia. El expresidente Evo Morales denunci\u00f3 que el Gobierno pretende vincularlo con el narcotraficante Sebasti\u00e1n Marset mediante la supuesta construcci\u00f3n de \u201cfalsos casos\u201d, tras la reciente captura del uruguayo en Bolivia. A trav\u00e9s de...\" \/>\n<meta property=\"og:url\" content=\"https:\/\/innoticiasbo.com\/index.php\/2026\/03\/16\/evo-sobre-el-caso-marset-el-gobierno-de-rodrigo-paz-pretende-vincularme\/\" \/>\n<meta property=\"og:site_name\" content=\"innoticiasbo.com\" \/>\n<meta property=\"article:publisher\" content=\"https:\/\/www.facebook.com\/innoticiasbolivia\" \/>\n<meta property=\"article:published_time\" content=\"2026-03-16T17:43:21+00:00\" \/>\n<meta property=\"article:modified_time\" content=\"2026-03-16T17:43:22+00:00\" \/>\n<meta property=\"og:image\" content=\"https:\/\/innoticiasbo.com\/wp-content\/uploads\/2026\/03\/image-199.png\" \/>\n\t<meta property=\"og:image:width\" content=\"992\" \/>\n\t<meta property=\"og:image:height\" content=\"557\" \/>\n\t<meta property=\"og:image:type\" content=\"image\/png\" \/>\n<meta name=\"author\" content=\"Prensa 11\" \/>\n<meta name=\"twitter:card\" content=\"summary_large_image\" \/>\n<meta name=\"twitter:creator\" content=\"@innoticiasbo\" \/>\n<meta name=\"twitter:site\" content=\"@innoticiasbo\" \/>\n<meta name=\"twitter:label1\" content=\"Escrito por\" \/>\n\t<meta name=\"twitter:data1\" content=\"Prensa 11\" \/>\n\t<meta name=\"twitter:label2\" content=\"Tiempo de lectura\" \/>\n\t<meta name=\"twitter:data2\" content=\"2 minutos\" \/>\n<script type=\"application\/ld+json\" class=\"yoast-schema-graph\">{\"@context\":\"https:\/\/schema.org\",\"@graph\":[{\"@type\":\"Article\",\"@id\":\"https:\/\/innoticiasbo.com\/index.php\/2026\/03\/16\/evo-sobre-el-caso-marset-el-gobierno-de-rodrigo-paz-pretende-vincularme\/#article\",\"isPartOf\":{\"@id\":\"https:\/\/innoticiasbo.com\/index.php\/2026\/03\/16\/evo-sobre-el-caso-marset-el-gobierno-de-rodrigo-paz-pretende-vincularme\/\"},\"author\":{\"name\":\"Prensa 11\",\"@id\":\"https:\/\/innoticiasbo.com\/#\/schema\/person\/0b28481e8d0316f83a13bc702311def5\"},\"headline\":\"EVO, SOBRE EL CASO MARSET: \u2018EL GOBIERNO DE RODRIGO PAZ PRETENDE VINCULARME\u2019\",\"datePublished\":\"2026-03-16T17:43:21+00:00\",\"dateModified\":\"2026-03-16T17:43:22+00:00\",\"mainEntityOfPage\":{\"@id\":\"https:\/\/innoticiasbo.com\/index.php\/2026\/03\/16\/evo-sobre-el-caso-marset-el-gobierno-de-rodrigo-paz-pretende-vincularme\/\"},\"wordCount\":312,\"commentCount\":0,\"publisher\":{\"@id\":\"https:\/\/innoticiasbo.com\/#organization\"},\"image\":{\"@id\":\"https:\/\/innoticiasbo.com\/index.php\/2026\/03\/16\/evo-sobre-el-caso-marset-el-gobierno-de-rodrigo-paz-pretende-vincularme\/#primaryimage\"},\"thumbnailUrl\":\"https:\/\/i0.wp.com\/innoticiasbo.com\/wp-content\/uploads\/2026\/03\/image-199.png?fit=992%2C557&ssl=1\",\"keywords\":[\"Bolivia\",\"Evo Morales\",\"falsos casos\",\"implicaci\u00f3n\",\"Pol\u00edtica\",\"Rodrigo Paz\",\"Sebasti\u00e1n Marset\"],\"articleSection\":[\"Bolivia\",\"Pol\u00edtica\"],\"inLanguage\":\"es\",\"potentialAction\":[{\"@type\":\"CommentAction\",\"name\":\"Comment\",\"target\":[\"https:\/\/innoticiasbo.com\/index.php\/2026\/03\/16\/evo-sobre-el-caso-marset-el-gobierno-de-rodrigo-paz-pretende-vincularme\/#respond\"]}]},{\"@type\":\"WebPage\",\"@id\":\"https:\/\/innoticiasbo.com\/index.php\/2026\/03\/16\/evo-sobre-el-caso-marset-el-gobierno-de-rodrigo-paz-pretende-vincularme\/\",\"url\":\"https:\/\/innoticiasbo.com\/index.php\/2026\/03\/16\/evo-sobre-el-caso-marset-el-gobierno-de-rodrigo-paz-pretende-vincularme\/\",\"name\":\"EVO, SOBRE EL CASO MARSET: \u2018EL GOBIERNO DE RODRIGO PAZ PRETENDE VINCULARME\u2019 - innoticiasbo.com\",\"isPartOf\":{\"@id\":\"https:\/\/innoticiasbo.com\/#website\"},\"primaryImageOfPage\":{\"@id\":\"https:\/\/innoticiasbo.com\/index.php\/2026\/03\/16\/evo-sobre-el-caso-marset-el-gobierno-de-rodrigo-paz-pretende-vincularme\/#primaryimage\"},\"image\":{\"@id\":\"https:\/\/innoticiasbo.com\/index.php\/2026\/03\/16\/evo-sobre-el-caso-marset-el-gobierno-de-rodrigo-paz-pretende-vincularme\/#primaryimage\"},\"thumbnailUrl\":\"https:\/\/i0.wp.com\/innoticiasbo.com\/wp-content\/uploads\/2026\/03\/image-199.png?fit=992%2C557&ssl=1\",\"datePublished\":\"2026-03-16T17:43:21+00:00\",\"dateModified\":\"2026-03-16T17:43:22+00:00\",\"breadcrumb\":{\"@id\":\"https:\/\/innoticiasbo.com\/index.php\/2026\/03\/16\/evo-sobre-el-caso-marset-el-gobierno-de-rodrigo-paz-pretende-vincularme\/#breadcrumb\"},\"inLanguage\":\"es\",\"potentialAction\":[{\"@type\":\"ReadAction\",\"target\":[\"https:\/\/innoticiasbo.com\/index.php\/2026\/03\/16\/evo-sobre-el-caso-marset-el-gobierno-de-rodrigo-paz-pretende-vincularme\/\"]}]},{\"@type\":\"ImageObject\",\"inLanguage\":\"es\",\"@id\":\"https:\/\/innoticiasbo.com\/index.php\/2026\/03\/16\/evo-sobre-el-caso-marset-el-gobierno-de-rodrigo-paz-pretende-vincularme\/#primaryimage\",\"url\":\"https:\/\/i0.wp.com\/innoticiasbo.com\/wp-content\/uploads\/2026\/03\/image-199.png?fit=992%2C557&ssl=1\",\"contentUrl\":\"https:\/\/i0.wp.com\/innoticiasbo.com\/wp-content\/uploads\/2026\/03\/image-199.png?fit=992%2C557&ssl=1\",\"width\":992,\"height\":557},{\"@type\":\"BreadcrumbList\",\"@id\":\"https:\/\/innoticiasbo.com\/index.php\/2026\/03\/16\/evo-sobre-el-caso-marset-el-gobierno-de-rodrigo-paz-pretende-vincularme\/#breadcrumb\",\"itemListElement\":[{\"@type\":\"ListItem\",\"position\":1,\"name\":\"Portada\",\"item\":\"https:\/\/innoticiasbo.com\/\"},{\"@type\":\"ListItem\",\"position\":2,\"name\":\"EVO, SOBRE EL CASO MARSET: \u2018EL GOBIERNO DE RODRIGO PAZ PRETENDE VINCULARME\u2019\"}]},{\"@type\":\"WebSite\",\"@id\":\"https:\/\/innoticiasbo.com\/#website\",\"url\":\"https:\/\/innoticiasbo.com\/\",\"name\":\"innoticiasbo.com\",\"description\":\"\",\"publisher\":{\"@id\":\"https:\/\/innoticiasbo.com\/#organization\"},\"potentialAction\":[{\"@type\":\"SearchAction\",\"target\":{\"@type\":\"EntryPoint\",\"urlTemplate\":\"https:\/\/innoticiasbo.com\/?s={search_term_string}\"},\"query-input\":{\"@type\":\"PropertyValueSpecification\",\"valueRequired\":true,\"valueName\":\"search_term_string\"}}],\"inLanguage\":\"es\"},{\"@type\":\"Organization\",\"@id\":\"https:\/\/innoticiasbo.com\/#organization\",\"name\":\"innoticiasbo.com\",\"url\":\"https:\/\/innoticiasbo.com\/\",\"logo\":{\"@type\":\"ImageObject\",\"inLanguage\":\"es\",\"@id\":\"https:\/\/innoticiasbo.com\/#\/schema\/logo\/image\/\",\"url\":\"https:\/\/i0.wp.com\/innoticiasbo.com\/wp-content\/uploads\/2026\/04\/cropped-IN-LOGO.png?fit=1476%2C1476&ssl=1\",\"contentUrl\":\"https:\/\/i0.wp.com\/innoticiasbo.com\/wp-content\/uploads\/2026\/04\/cropped-IN-LOGO.png?fit=1476%2C1476&ssl=1\",\"width\":1476,\"height\":1476,\"caption\":\"innoticiasbo.com\"},\"image\":{\"@id\":\"https:\/\/innoticiasbo.com\/#\/schema\/logo\/image\/\"},\"sameAs\":[\"https:\/\/www.facebook.com\/innoticiasbolivia\",\"https:\/\/x.com\/innoticiasbo\",\"https:\/\/www.instagram.com\/innoticiasbo\",\"https:\/\/www.youtube.com\/innoticiasbo\"]},{\"@type\":\"Person\",\"@id\":\"https:\/\/innoticiasbo.com\/#\/schema\/person\/0b28481e8d0316f83a13bc702311def5\",\"name\":\"Prensa 11\",\"image\":{\"@type\":\"ImageObject\",\"inLanguage\":\"es\",\"@id\":\"https:\/\/innoticiasbo.com\/#\/schema\/person\/image\/\",\"url\":\"https:\/\/secure.gravatar.com\/avatar\/696560c17349f1807a610bf83832bad0?s=96&d=mm&r=g\",\"contentUrl\":\"https:\/\/secure.gravatar.com\/avatar\/696560c17349f1807a610bf83832bad0?s=96&d=mm&r=g\",\"caption\":\"Prensa 11\"},\"sameAs\":[\"http:\/\/www.innoticiasbo.com\"],\"url\":\"https:\/\/innoticiasbo.com\/index.php\/author\/prensa-11\/\"}]}<\/script>\n<!-- \/ Yoast SEO plugin. -->","yoast_head_json":{"title":"EVO, SOBRE EL CASO MARSET: \u2018EL GOBIERNO DE RODRIGO PAZ PRETENDE VINCULARME\u2019 - innoticiasbo.com","robots":{"index":"index","follow":"follow","max-snippet":"max-snippet:-1","max-image-preview":"max-image-preview:large","max-video-preview":"max-video-preview:-1"},"canonical":"https:\/\/innoticiasbo.com\/index.php\/2026\/03\/16\/evo-sobre-el-caso-marset-el-gobierno-de-rodrigo-paz-pretende-vincularme\/","og_locale":"es_ES","og_type":"article","og_title":"EVO, SOBRE EL CASO MARSET: \u2018EL GOBIERNO DE RODRIGO PAZ PRETENDE VINCULARME\u2019 - innoticiasbo.com","og_description":"Pa\u00eds, 16 de Marzo de 2026.- Esto, mediante la supuesta construcci\u00f3n de \u201cfalsos casos\u201d, tras la reciente captura del uruguayo en Bolivia. El expresidente Evo Morales denunci\u00f3 que el Gobierno pretende vincularlo con el narcotraficante Sebasti\u00e1n Marset mediante la supuesta construcci\u00f3n de \u201cfalsos casos\u201d, tras la reciente captura del uruguayo en Bolivia. A trav\u00e9s de...","og_url":"https:\/\/innoticiasbo.com\/index.php\/2026\/03\/16\/evo-sobre-el-caso-marset-el-gobierno-de-rodrigo-paz-pretende-vincularme\/","og_site_name":"innoticiasbo.com","article_publisher":"https:\/\/www.facebook.com\/innoticiasbolivia","article_published_time":"2026-03-16T17:43:21+00:00","article_modified_time":"2026-03-16T17:43:22+00:00","og_image":[{"width":992,"height":557,"url":"https:\/\/innoticiasbo.com\/wp-content\/uploads\/2026\/03\/image-199.png","type":"image\/png"}],"author":"Prensa 11","twitter_card":"summary_large_image","twitter_creator":"@innoticiasbo","twitter_site":"@innoticiasbo","twitter_misc":{"Escrito por":"Prensa 11","Tiempo de lectura":"2 minutos"},"schema":{"@context":"https:\/\/schema.org","@graph":[{"@type":"Article","@id":"https:\/\/innoticiasbo.com\/index.php\/2026\/03\/16\/evo-sobre-el-caso-marset-el-gobierno-de-rodrigo-paz-pretende-vincularme\/#article","isPartOf":{"@id":"https:\/\/innoticiasbo.com\/index.php\/2026\/03\/16\/evo-sobre-el-caso-marset-el-gobierno-de-rodrigo-paz-pretende-vincularme\/"},"author":{"name":"Prensa 11","@id":"https:\/\/innoticiasbo.com\/#\/schema\/person\/0b28481e8d0316f83a13bc702311def5"},"headline":"EVO, SOBRE EL CASO MARSET: \u2018EL GOBIERNO DE RODRIGO PAZ PRETENDE VINCULARME\u2019","datePublished":"2026-03-16T17:43:21+00:00","dateModified":"2026-03-16T17:43:22+00:00","mainEntityOfPage":{"@id":"https:\/\/innoticiasbo.com\/index.php\/2026\/03\/16\/evo-sobre-el-caso-marset-el-gobierno-de-rodrigo-paz-pretende-vincularme\/"},"wordCount":312,"commentCount":0,"publisher":{"@id":"https:\/\/innoticiasbo.com\/#organization"},"image":{"@id":"https:\/\/innoticiasbo.com\/index.php\/2026\/03\/16\/evo-sobre-el-caso-marset-el-gobierno-de-rodrigo-paz-pretende-vincularme\/#primaryimage"},"thumbnailUrl":"https:\/\/i0.wp.com\/innoticiasbo.com\/wp-content\/uploads\/2026\/03\/image-199.png?fit=992%2C557&ssl=1","keywords":["Bolivia","Evo Morales","falsos casos","implicaci\u00f3n","Pol\u00edtica","Rodrigo Paz","Sebasti\u00e1n Marset"],"articleSection":["Bolivia","Pol\u00edtica"],"inLanguage":"es","potentialAction":[{"@type":"CommentAction","name":"Comment","target":["https:\/\/innoticiasbo.com\/index.php\/2026\/03\/16\/evo-sobre-el-caso-marset-el-gobierno-de-rodrigo-paz-pretende-vincularme\/#respond"]}]},{"@type":"WebPage","@id":"https:\/\/innoticiasbo.com\/index.php\/2026\/03\/16\/evo-sobre-el-caso-marset-el-gobierno-de-rodrigo-paz-pretende-vincularme\/","url":"https:\/\/innoticiasbo.com\/index.php\/2026\/03\/16\/evo-sobre-el-caso-marset-el-gobierno-de-rodrigo-paz-pretende-vincularme\/","name":"EVO, SOBRE EL CASO MARSET: \u2018EL GOBIERNO DE RODRIGO PAZ PRETENDE VINCULARME\u2019 - innoticiasbo.com","isPartOf":{"@id":"https:\/\/innoticiasbo.com\/#website"},"primaryImageOfPage":{"@id":"https:\/\/innoticiasbo.com\/index.php\/2026\/03\/16\/evo-sobre-el-caso-marset-el-gobierno-de-rodrigo-paz-pretende-vincularme\/#primaryimage"},"image":{"@id":"https:\/\/innoticiasbo.com\/index.php\/2026\/03\/16\/evo-sobre-el-caso-marset-el-gobierno-de-rodrigo-paz-pretende-vincularme\/#primaryimage"},"thumbnailUrl":"https:\/\/i0.wp.com\/innoticiasbo.com\/wp-content\/uploads\/2026\/03\/image-199.png?fit=992%2C557&ssl=1","datePublished":"2026-03-16T17:43:21+00:00","dateModified":"2026-03-16T17:43:22+00:00","breadcrumb":{"@id":"https:\/\/innoticiasbo.com\/index.php\/2026\/03\/16\/evo-sobre-el-caso-marset-el-gobierno-de-rodrigo-paz-pretende-vincularme\/#breadcrumb"},"inLanguage":"es","potentialAction":[{"@type":"ReadAction","target":["https:\/\/innoticiasbo.com\/index.php\/2026\/03\/16\/evo-sobre-el-caso-marset-el-gobierno-de-rodrigo-paz-pretende-vincularme\/"]}]},{"@type":"ImageObject","inLanguage":"es","@id":"https:\/\/innoticiasbo.com\/index.php\/2026\/03\/16\/evo-sobre-el-caso-marset-el-gobierno-de-rodrigo-paz-pretende-vincularme\/#primaryimage","url":"https:\/\/i0.wp.com\/innoticiasbo.com\/wp-content\/uploads\/2026\/03\/image-199.png?fit=992%2C557&ssl=1","contentUrl":"https:\/\/i0.wp.com\/innoticiasbo.com\/wp-content\/uploads\/2026\/03\/image-199.png?fit=992%2C557&ssl=1","width":992,"height":557},{"@type":"BreadcrumbList","@id":"https:\/\/innoticiasbo.com\/index.php\/2026\/03\/16\/evo-sobre-el-caso-marset-el-gobierno-de-rodrigo-paz-pretende-vincularme\/#breadcrumb","itemListElement":[{"@type":"ListItem","position":1,"name":"Portada","item":"https:\/\/innoticiasbo.com\/"},{"@type":"ListItem","position":2,"name":"EVO, SOBRE EL CASO MARSET: \u2018EL GOBIERNO DE RODRIGO PAZ PRETENDE VINCULARME\u2019"}]},{"@type":"WebSite","@id":"https:\/\/innoticiasbo.com\/#website","url":"https:\/\/innoticiasbo.com\/","name":"innoticiasbo.com","description":"","publisher":{"@id":"https:\/\/innoticiasbo.com\/#organization"},"potentialAction":[{"@type":"SearchAction","target":{"@type":"EntryPoint","urlTemplate":"https:\/\/innoticiasbo.com\/?s={search_term_string}"},"query-input":{"@type":"PropertyValueSpecification","valueRequired":true,"valueName":"search_term_string"}}],"inLanguage":"es"},{"@type":"Organization","@id":"https:\/\/innoticiasbo.com\/#organization","name":"innoticiasbo.com","url":"https:\/\/innoticiasbo.com\/","logo":{"@type":"ImageObject","inLanguage":"es","@id":"https:\/\/innoticiasbo.com\/#\/schema\/logo\/image\/","url":"https:\/\/i0.wp.com\/innoticiasbo.com\/wp-content\/uploads\/2026\/04\/cropped-IN-LOGO.png?fit=1476%2C1476&ssl=1","contentUrl":"https:\/\/i0.wp.com\/innoticiasbo.com\/wp-content\/uploads\/2026\/04\/cropped-IN-LOGO.png?fit=1476%2C1476&ssl=1","width":1476,"height":1476,"caption":"innoticiasbo.com"},"image":{"@id":"https:\/\/innoticiasbo.com\/#\/schema\/logo\/image\/"},"sameAs":["https:\/\/www.facebook.com\/innoticiasbolivia","https:\/\/x.com\/innoticiasbo","https:\/\/www.instagram.com\/innoticiasbo","https:\/\/www.youtube.com\/innoticiasbo"]},{"@type":"Person","@id":"https:\/\/innoticiasbo.com\/#\/schema\/person\/0b28481e8d0316f83a13bc702311def5","name":"Prensa 11","image":{"@type":"ImageObject","inLanguage":"es","@id":"https:\/\/innoticiasbo.com\/#\/schema\/person\/image\/","url":"https:\/\/secure.gravatar.com\/avatar\/696560c17349f1807a610bf83832bad0?s=96&d=mm&r=g","contentUrl":"https:\/\/secure.gravatar.com\/avatar\/696560c17349f1807a610bf83832bad0?s=96&d=mm&r=g","caption":"Prensa 11"},"sameAs":["http:\/\/www.innoticiasbo.com"],"url":"https:\/\/innoticiasbo.com\/index.php\/author\/prensa-11\/"}]}},"jetpack_featured_media_url":"https:\/\/i0.wp.com\/innoticiasbo.com\/wp-content\/uploads\/2026\/03\/image-199.png?fit=992%2C557&ssl=1","jetpack_likes_enabled":true,"jetpack_sharing_enabled":true,"jetpack_shortlink":"https:\/\/wp.me\/pg298x-2wb","_links":{"self":[{"href":"https:\/\/innoticiasbo.com\/index.php\/wp-json\/wp\/v2\/posts\/9683","targetHints":{"allow":["GET"]}}],"collection":[{"href":"https:\/\/innoticiasbo.com\/index.php\/wp-json\/wp\/v2\/posts"}],"about":[{"href":"https:\/\/innoticiasbo.com\/index.php\/wp-json\/wp\/v2\/types\/post"}],"author":[{"embeddable":true,"href":"https:\/\/innoticiasbo.com\/index.php\/wp-json\/wp\/v2\/users\/11"}],"replies":[{"embeddable":true,"href":"https:\/\/innoticiasbo.com\/index.php\/wp-json\/wp\/v2\/comments?post=9683"}],"version-history":[{"count":1,"href":"https:\/\/innoticiasbo.com\/index.php\/wp-json\/wp\/v2\/posts\/9683\/revisions"}],"predecessor-version":[{"id":9685,"href":"https:\/\/innoticiasbo.com\/index.php\/wp-json\/wp\/v2\/posts\/9683\/revisions\/9685"}],"wp:featuredmedia":[{"embeddable":true,"href":"https:\/\/innoticiasbo.com\/index.php\/wp-json\/wp\/v2\/media\/9684"}],"wp:attachment":[{"href":"https:\/\/innoticiasbo.com\/index.php\/wp-json\/wp\/v2\/media?parent=9683"}],"wp:term":[{"taxonomy":"category","embeddable":true,"href":"https:\/\/innoticiasbo.com\/index.php\/wp-json\/wp\/v2\/categories?post=9683"},{"taxonomy":"post_tag","embeddable":true,"href":"https:\/\/innoticiasbo.com\/index.php\/wp-json\/wp\/v2\/tags?post=9683"}],"curies":[{"name":"wp","href":"https:\/\/api.w.org\/{rel}","templated":true}]}}