{"id":9680,"date":"2026-03-16T13:20:20","date_gmt":"2026-03-16T17:20:20","guid":{"rendered":"https:\/\/innoticiasbo.com\/?p=9680"},"modified":"2026-03-16T13:20:21","modified_gmt":"2026-03-16T17:20:21","slug":"manfred-vamos-a-llevar-a-cochabamba-al-primer-lugar-en-desarrollo-humano","status":"publish","type":"post","link":"https:\/\/innoticiasbo.com\/index.php\/2026\/03\/16\/manfred-vamos-a-llevar-a-cochabamba-al-primer-lugar-en-desarrollo-humano\/","title":{"rendered":"MANFRED: \u201cVAMOS A LLEVAR A COCHABAMBA AL PRIMER LUGAR EN DESARROLLO HUMANO\u201d"},"content":{"rendered":"\n<figure class=\"wp-block-image size-full\"><img data-recalc-dims=\"1\" loading=\"lazy\" decoding=\"async\" width=\"640\" height=\"357\" src=\"https:\/\/i0.wp.com\/innoticiasbo.com\/wp-content\/uploads\/2026\/03\/image-198.png?resize=640%2C357&#038;ssl=1\" alt=\"\" class=\"wp-image-9681\" srcset=\"https:\/\/i0.wp.com\/innoticiasbo.com\/wp-content\/uploads\/2026\/03\/image-198.png?w=770&amp;ssl=1 770w, https:\/\/i0.wp.com\/innoticiasbo.com\/wp-content\/uploads\/2026\/03\/image-198.png?resize=300%2C168&amp;ssl=1 300w, https:\/\/i0.wp.com\/innoticiasbo.com\/wp-content\/uploads\/2026\/03\/image-198.png?resize=768%2C429&amp;ssl=1 768w\" sizes=\"auto, (max-width: 640px) 100vw, 640px\" \/><\/figure>\n\n\n\n<p><strong>Cochabamba, 16 de Marzo de 2026.-<\/strong> Posicionar a Cochabamba como un polo atractivo para las inversiones y convertir a la ciudad en un referente de desarrollo a nivel nacional, son los dos grandes objetivos de Manfred Reyes Villa, candidato a la alcald\u00eda de Cochabamba por APB-S\u00famate.\u00a0<br><br>Las elecciones\u00a0 subnacionles en todo el pa\u00eds se realizar\u00e1n el pr\u00f3ximo 22 de marzo.<br><br>El candidato y actual burgomaestre visit\u00f3 Los Tiempos y expuso sus propuestas electorales para las redes sociales de este medio y en lo que sigue les ofrecemos un resumen del plan que tiene para el desarrollo del municipio.<br><br>Seg\u00fan cuenta Manfred Reyes Villa,\u00a0 una de las motivaciones que tuvo para retornar a la alcald\u00eda para su anterior gesti\u00f3n en 2021, fue la gran cantidad de proyectos que vio que quedaron sin consolidarse y a medias en la ciudad.<br><br>\u201cRecuerdo cuando era Prefecto estaba haciendo la carretera a La Paz que ha quedado sin consolidar; una ciclov\u00eda que que yo la hice cuando era alcalde y la v\u00ed totalmente descuidada;\u00a0 una laguna Alalay con malos olores y abandonada, el telef\u00e9rico casi destrozado\u201d, rememor\u00f3 Reyes Villa.<br><br>Agreg\u00f3 a su lista el puente ca\u00eddo, las jardineras de la ciudad convertidas en basureros, \u201ces decir una ciudad que reflejaba que no hab\u00eda autoridades, entonces me propuse a levantar nuevamente la ciudad\u201d, sentenci\u00f3 el alcalde.<\/p>\n\n\n\n<p><strong>Propuesta<\/strong><br><br>Y las motivaciones que hoy lo mueven para presentarse a la reelecci\u00f3n son los varios proyectos para la alcald\u00eda que tiene y est\u00e1n enmarcados\u00a0 en el desarrollo econ\u00f3mico local sostenible, el desarrollo humano y el medio ambiente.<br><br>\u201cNecesitamos terminar estos proyectos porque cuando yo era alcalde hace muchos a\u00f1os expropiamos un predio en la avenida Am\u00e9rica y Potos\u00ed para hacer un centro de convenciones\u201d , explic\u00f3.\u00a0<br><br>Ese proyecto ten\u00eda el objetivo de hacer de Cochabamba un referente nacional en la organizaci\u00f3n de grandes eventos para que venga mucha gente y realzar la ciudad. El plan es realizar este proyecto respetando los espacios que tiene en museo de historia natural.<br><br>El centro de convenciones de Reyes Villa podr\u00eda albergar hasta 1.200 personas.<br><br>\u201cEste centro tendr\u00e1 los est\u00e1ndares y los requisitos a nivel internacional. Queremos que Bolivia tenga un centro aqu\u00ed en Cochabamba para este tipo de reuniones. Yo tengo que terminar todos estos proyectos en estos cinco a\u00f1os\u201d, asegur\u00f3.<br><br>El candidato Manfred Reyes Villa tambi\u00e9n comprometi\u00f3 la consolidaci\u00f3n para Cochabamba de un C\u00f3digo Urbano. \u201cEs la primera vez que una ciudad de Bolivia tendr\u00e1 un plan de esta naturaleza,\u00a0 no m\u00e1s leyes que se aprueban en funci\u00f3n del calor y del inter\u00e9s del momentos\u201d, asegur\u00f3 el alcalde.<br><br>\u201cAhora tendremos un C\u00f3digo Urbano para que todo se sujete en el crecimientos de la ciudad. Tendremos adem\u00e1s una Carta Org\u00e1nica que ya est\u00e1 en manos del\u00a0 Tribunal Constitucional y estamos esperando su aprobaci\u00f3n.<br><br>En infraestructura destac\u00f3 el\u00a0 \u201cT\u00fanel de la Integraci\u00f3n\u201d y el Parque de los Dinosaurios, en el exparque Escuela. Adem\u00e1s, de un parque tem\u00e1tico en el sur.<br><br>En cuanto a algunos logros de su gesti\u00f3n Reyes Villa mencion\u00f3 que han avanzado en dotar de agua potable a Cochabamba. \u201cNecesitamos completar otros servicios b\u00e1sicos y dejar a la ciudad nuevamente en primer lugar en Desarrollo Humano\u201d, finaliz\u00f3 Reyes Villa.<\/p>\n\n\n\n<p>Fuente: Los Tiempos<\/p>\n","protected":false},"excerpt":{"rendered":"<p>Cochabamba, 16 de Marzo de 2026.- Posicionar a Cochabamba como un polo atractivo para las inversiones y convertir a la ciudad en un referente de desarrollo a nivel nacional, son los dos grandes objetivos de Manfred Reyes Villa, candidato a la alcald\u00eda de Cochabamba por APB-S\u00famate.\u00a0 Las elecciones\u00a0 subnacionles en todo el pa\u00eds se realizar\u00e1n&#8230;<\/p>\n","protected":false},"author":11,"featured_media":9681,"comment_status":"open","ping_status":"open","sticky":false,"template":"","format":"standard","meta":{"_jetpack_memberships_contains_paid_content":false,"footnotes":"","jetpack_publicize_message":"","jetpack_publicize_feature_enabled":true,"jetpack_social_post_already_shared":true,"jetpack_social_options":{"image_generator_settings":{"template":"highway","enabled":false},"version":2}},"categories":[2,3],"tags":[6,1057,48,1244,1106,31,10,1011,1256],"class_list":["post-9680","post","type-post","status-publish","format-standard","has-post-thumbnail","hentry","category-cochabamba","category-politica","tag-cochabamba","tag-eleccion","tag-elecciones","tag-elecciones-2026","tag-elecciones-subnacionales","tag-manfred-reyes-villa","tag-politica","tag-subnacionales","tag-subnacionales-2026"],"jetpack_publicize_connections":[],"yoast_head":"<!-- This site is optimized with the Yoast SEO plugin v23.4 - https:\/\/yoast.com\/wordpress\/plugins\/seo\/ -->\n<title>MANFRED: \u201cVAMOS A LLEVAR A COCHABAMBA AL PRIMER LUGAR EN DESARROLLO HUMANO\u201d - innoticiasbo.com<\/title>\n<meta name=\"robots\" content=\"index, follow, max-snippet:-1, max-image-preview:large, max-video-preview:-1\" \/>\n<link rel=\"canonical\" href=\"https:\/\/innoticiasbo.com\/index.php\/2026\/03\/16\/manfred-vamos-a-llevar-a-cochabamba-al-primer-lugar-en-desarrollo-humano\/\" \/>\n<meta property=\"og:locale\" content=\"es_ES\" \/>\n<meta property=\"og:type\" content=\"article\" \/>\n<meta property=\"og:title\" content=\"MANFRED: \u201cVAMOS A LLEVAR A COCHABAMBA AL PRIMER LUGAR EN DESARROLLO HUMANO\u201d - innoticiasbo.com\" \/>\n<meta property=\"og:description\" content=\"Cochabamba, 16 de Marzo de 2026.- Posicionar a Cochabamba como un polo atractivo para las inversiones y convertir a la ciudad en un referente de desarrollo a nivel nacional, son los dos grandes objetivos de Manfred Reyes Villa, candidato a la alcald\u00eda de Cochabamba por APB-S\u00famate.\u00a0 Las elecciones\u00a0 subnacionles en todo el pa\u00eds se realizar\u00e1n...\" \/>\n<meta property=\"og:url\" content=\"https:\/\/innoticiasbo.com\/index.php\/2026\/03\/16\/manfred-vamos-a-llevar-a-cochabamba-al-primer-lugar-en-desarrollo-humano\/\" \/>\n<meta property=\"og:site_name\" content=\"innoticiasbo.com\" \/>\n<meta property=\"article:publisher\" content=\"https:\/\/www.facebook.com\/innoticiasbolivia\" \/>\n<meta property=\"article:published_time\" content=\"2026-03-16T17:20:20+00:00\" \/>\n<meta property=\"article:modified_time\" content=\"2026-03-16T17:20:21+00:00\" \/>\n<meta property=\"og:image\" content=\"https:\/\/innoticiasbo.com\/wp-content\/uploads\/2026\/03\/image-198.png\" \/>\n\t<meta property=\"og:image:width\" content=\"770\" \/>\n\t<meta property=\"og:image:height\" content=\"430\" \/>\n\t<meta property=\"og:image:type\" content=\"image\/png\" \/>\n<meta name=\"author\" content=\"Prensa 11\" \/>\n<meta name=\"twitter:card\" content=\"summary_large_image\" \/>\n<meta name=\"twitter:creator\" content=\"@innoticiasbo\" \/>\n<meta name=\"twitter:site\" content=\"@innoticiasbo\" \/>\n<meta name=\"twitter:label1\" content=\"Escrito por\" \/>\n\t<meta name=\"twitter:data1\" content=\"Prensa 11\" \/>\n\t<meta name=\"twitter:label2\" content=\"Tiempo de lectura\" \/>\n\t<meta name=\"twitter:data2\" content=\"3 minutos\" \/>\n<script type=\"application\/ld+json\" class=\"yoast-schema-graph\">{\"@context\":\"https:\/\/schema.org\",\"@graph\":[{\"@type\":\"Article\",\"@id\":\"https:\/\/innoticiasbo.com\/index.php\/2026\/03\/16\/manfred-vamos-a-llevar-a-cochabamba-al-primer-lugar-en-desarrollo-humano\/#article\",\"isPartOf\":{\"@id\":\"https:\/\/innoticiasbo.com\/index.php\/2026\/03\/16\/manfred-vamos-a-llevar-a-cochabamba-al-primer-lugar-en-desarrollo-humano\/\"},\"author\":{\"name\":\"Prensa 11\",\"@id\":\"https:\/\/innoticiasbo.com\/#\/schema\/person\/0b28481e8d0316f83a13bc702311def5\"},\"headline\":\"MANFRED: \u201cVAMOS A LLEVAR A COCHABAMBA AL PRIMER LUGAR EN DESARROLLO HUMANO\u201d\",\"datePublished\":\"2026-03-16T17:20:20+00:00\",\"dateModified\":\"2026-03-16T17:20:21+00:00\",\"mainEntityOfPage\":{\"@id\":\"https:\/\/innoticiasbo.com\/index.php\/2026\/03\/16\/manfred-vamos-a-llevar-a-cochabamba-al-primer-lugar-en-desarrollo-humano\/\"},\"wordCount\":577,\"commentCount\":0,\"publisher\":{\"@id\":\"https:\/\/innoticiasbo.com\/#organization\"},\"image\":{\"@id\":\"https:\/\/innoticiasbo.com\/index.php\/2026\/03\/16\/manfred-vamos-a-llevar-a-cochabamba-al-primer-lugar-en-desarrollo-humano\/#primaryimage\"},\"thumbnailUrl\":\"https:\/\/i0.wp.com\/innoticiasbo.com\/wp-content\/uploads\/2026\/03\/image-198.png?fit=770%2C430&ssl=1\",\"keywords\":[\"Cochabamba\",\"elecci\u00f3n\",\"elecciones\",\"Elecciones 2026\",\"elecciones subnacionales\",\"Manfred Reyes Villa\",\"Pol\u00edtica\",\"subnacionales\",\"Subnacionales 2026\"],\"articleSection\":[\"Cochabamba\",\"Pol\u00edtica\"],\"inLanguage\":\"es\",\"potentialAction\":[{\"@type\":\"CommentAction\",\"name\":\"Comment\",\"target\":[\"https:\/\/innoticiasbo.com\/index.php\/2026\/03\/16\/manfred-vamos-a-llevar-a-cochabamba-al-primer-lugar-en-desarrollo-humano\/#respond\"]}]},{\"@type\":\"WebPage\",\"@id\":\"https:\/\/innoticiasbo.com\/index.php\/2026\/03\/16\/manfred-vamos-a-llevar-a-cochabamba-al-primer-lugar-en-desarrollo-humano\/\",\"url\":\"https:\/\/innoticiasbo.com\/index.php\/2026\/03\/16\/manfred-vamos-a-llevar-a-cochabamba-al-primer-lugar-en-desarrollo-humano\/\",\"name\":\"MANFRED: \u201cVAMOS A LLEVAR A COCHABAMBA AL PRIMER LUGAR EN DESARROLLO HUMANO\u201d - innoticiasbo.com\",\"isPartOf\":{\"@id\":\"https:\/\/innoticiasbo.com\/#website\"},\"primaryImageOfPage\":{\"@id\":\"https:\/\/innoticiasbo.com\/index.php\/2026\/03\/16\/manfred-vamos-a-llevar-a-cochabamba-al-primer-lugar-en-desarrollo-humano\/#primaryimage\"},\"image\":{\"@id\":\"https:\/\/innoticiasbo.com\/index.php\/2026\/03\/16\/manfred-vamos-a-llevar-a-cochabamba-al-primer-lugar-en-desarrollo-humano\/#primaryimage\"},\"thumbnailUrl\":\"https:\/\/i0.wp.com\/innoticiasbo.com\/wp-content\/uploads\/2026\/03\/image-198.png?fit=770%2C430&ssl=1\",\"datePublished\":\"2026-03-16T17:20:20+00:00\",\"dateModified\":\"2026-03-16T17:20:21+00:00\",\"breadcrumb\":{\"@id\":\"https:\/\/innoticiasbo.com\/index.php\/2026\/03\/16\/manfred-vamos-a-llevar-a-cochabamba-al-primer-lugar-en-desarrollo-humano\/#breadcrumb\"},\"inLanguage\":\"es\",\"potentialAction\":[{\"@type\":\"ReadAction\",\"target\":[\"https:\/\/innoticiasbo.com\/index.php\/2026\/03\/16\/manfred-vamos-a-llevar-a-cochabamba-al-primer-lugar-en-desarrollo-humano\/\"]}]},{\"@type\":\"ImageObject\",\"inLanguage\":\"es\",\"@id\":\"https:\/\/innoticiasbo.com\/index.php\/2026\/03\/16\/manfred-vamos-a-llevar-a-cochabamba-al-primer-lugar-en-desarrollo-humano\/#primaryimage\",\"url\":\"https:\/\/i0.wp.com\/innoticiasbo.com\/wp-content\/uploads\/2026\/03\/image-198.png?fit=770%2C430&ssl=1\",\"contentUrl\":\"https:\/\/i0.wp.com\/innoticiasbo.com\/wp-content\/uploads\/2026\/03\/image-198.png?fit=770%2C430&ssl=1\",\"width\":770,\"height\":430},{\"@type\":\"BreadcrumbList\",\"@id\":\"https:\/\/innoticiasbo.com\/index.php\/2026\/03\/16\/manfred-vamos-a-llevar-a-cochabamba-al-primer-lugar-en-desarrollo-humano\/#breadcrumb\",\"itemListElement\":[{\"@type\":\"ListItem\",\"position\":1,\"name\":\"Portada\",\"item\":\"https:\/\/innoticiasbo.com\/\"},{\"@type\":\"ListItem\",\"position\":2,\"name\":\"MANFRED: \u201cVAMOS A LLEVAR A COCHABAMBA AL PRIMER LUGAR EN DESARROLLO HUMANO\u201d\"}]},{\"@type\":\"WebSite\",\"@id\":\"https:\/\/innoticiasbo.com\/#website\",\"url\":\"https:\/\/innoticiasbo.com\/\",\"name\":\"innoticiasbo.com\",\"description\":\"\",\"publisher\":{\"@id\":\"https:\/\/innoticiasbo.com\/#organization\"},\"potentialAction\":[{\"@type\":\"SearchAction\",\"target\":{\"@type\":\"EntryPoint\",\"urlTemplate\":\"https:\/\/innoticiasbo.com\/?s={search_term_string}\"},\"query-input\":{\"@type\":\"PropertyValueSpecification\",\"valueRequired\":true,\"valueName\":\"search_term_string\"}}],\"inLanguage\":\"es\"},{\"@type\":\"Organization\",\"@id\":\"https:\/\/innoticiasbo.com\/#organization\",\"name\":\"innoticiasbo.com\",\"url\":\"https:\/\/innoticiasbo.com\/\",\"logo\":{\"@type\":\"ImageObject\",\"inLanguage\":\"es\",\"@id\":\"https:\/\/innoticiasbo.com\/#\/schema\/logo\/image\/\",\"url\":\"https:\/\/i0.wp.com\/innoticiasbo.com\/wp-content\/uploads\/2026\/04\/cropped-IN-LOGO.png?fit=1476%2C1476&ssl=1\",\"contentUrl\":\"https:\/\/i0.wp.com\/innoticiasbo.com\/wp-content\/uploads\/2026\/04\/cropped-IN-LOGO.png?fit=1476%2C1476&ssl=1\",\"width\":1476,\"height\":1476,\"caption\":\"innoticiasbo.com\"},\"image\":{\"@id\":\"https:\/\/innoticiasbo.com\/#\/schema\/logo\/image\/\"},\"sameAs\":[\"https:\/\/www.facebook.com\/innoticiasbolivia\",\"https:\/\/x.com\/innoticiasbo\",\"https:\/\/www.instagram.com\/innoticiasbo\",\"https:\/\/www.youtube.com\/innoticiasbo\"]},{\"@type\":\"Person\",\"@id\":\"https:\/\/innoticiasbo.com\/#\/schema\/person\/0b28481e8d0316f83a13bc702311def5\",\"name\":\"Prensa 11\",\"image\":{\"@type\":\"ImageObject\",\"inLanguage\":\"es\",\"@id\":\"https:\/\/innoticiasbo.com\/#\/schema\/person\/image\/\",\"url\":\"https:\/\/secure.gravatar.com\/avatar\/696560c17349f1807a610bf83832bad0?s=96&d=mm&r=g\",\"contentUrl\":\"https:\/\/secure.gravatar.com\/avatar\/696560c17349f1807a610bf83832bad0?s=96&d=mm&r=g\",\"caption\":\"Prensa 11\"},\"sameAs\":[\"http:\/\/www.innoticiasbo.com\"],\"url\":\"https:\/\/innoticiasbo.com\/index.php\/author\/prensa-11\/\"}]}<\/script>\n<!-- \/ Yoast SEO plugin. -->","yoast_head_json":{"title":"MANFRED: \u201cVAMOS A LLEVAR A COCHABAMBA AL PRIMER LUGAR EN DESARROLLO HUMANO\u201d - innoticiasbo.com","robots":{"index":"index","follow":"follow","max-snippet":"max-snippet:-1","max-image-preview":"max-image-preview:large","max-video-preview":"max-video-preview:-1"},"canonical":"https:\/\/innoticiasbo.com\/index.php\/2026\/03\/16\/manfred-vamos-a-llevar-a-cochabamba-al-primer-lugar-en-desarrollo-humano\/","og_locale":"es_ES","og_type":"article","og_title":"MANFRED: \u201cVAMOS A LLEVAR A COCHABAMBA AL PRIMER LUGAR EN DESARROLLO HUMANO\u201d - innoticiasbo.com","og_description":"Cochabamba, 16 de Marzo de 2026.- Posicionar a Cochabamba como un polo atractivo para las inversiones y convertir a la ciudad en un referente de desarrollo a nivel nacional, son los dos grandes objetivos de Manfred Reyes Villa, candidato a la alcald\u00eda de Cochabamba por APB-S\u00famate.\u00a0 Las elecciones\u00a0 subnacionles en todo el pa\u00eds se realizar\u00e1n...","og_url":"https:\/\/innoticiasbo.com\/index.php\/2026\/03\/16\/manfred-vamos-a-llevar-a-cochabamba-al-primer-lugar-en-desarrollo-humano\/","og_site_name":"innoticiasbo.com","article_publisher":"https:\/\/www.facebook.com\/innoticiasbolivia","article_published_time":"2026-03-16T17:20:20+00:00","article_modified_time":"2026-03-16T17:20:21+00:00","og_image":[{"width":770,"height":430,"url":"https:\/\/innoticiasbo.com\/wp-content\/uploads\/2026\/03\/image-198.png","type":"image\/png"}],"author":"Prensa 11","twitter_card":"summary_large_image","twitter_creator":"@innoticiasbo","twitter_site":"@innoticiasbo","twitter_misc":{"Escrito por":"Prensa 11","Tiempo de lectura":"3 minutos"},"schema":{"@context":"https:\/\/schema.org","@graph":[{"@type":"Article","@id":"https:\/\/innoticiasbo.com\/index.php\/2026\/03\/16\/manfred-vamos-a-llevar-a-cochabamba-al-primer-lugar-en-desarrollo-humano\/#article","isPartOf":{"@id":"https:\/\/innoticiasbo.com\/index.php\/2026\/03\/16\/manfred-vamos-a-llevar-a-cochabamba-al-primer-lugar-en-desarrollo-humano\/"},"author":{"name":"Prensa 11","@id":"https:\/\/innoticiasbo.com\/#\/schema\/person\/0b28481e8d0316f83a13bc702311def5"},"headline":"MANFRED: \u201cVAMOS A LLEVAR A COCHABAMBA AL PRIMER LUGAR EN DESARROLLO HUMANO\u201d","datePublished":"2026-03-16T17:20:20+00:00","dateModified":"2026-03-16T17:20:21+00:00","mainEntityOfPage":{"@id":"https:\/\/innoticiasbo.com\/index.php\/2026\/03\/16\/manfred-vamos-a-llevar-a-cochabamba-al-primer-lugar-en-desarrollo-humano\/"},"wordCount":577,"commentCount":0,"publisher":{"@id":"https:\/\/innoticiasbo.com\/#organization"},"image":{"@id":"https:\/\/innoticiasbo.com\/index.php\/2026\/03\/16\/manfred-vamos-a-llevar-a-cochabamba-al-primer-lugar-en-desarrollo-humano\/#primaryimage"},"thumbnailUrl":"https:\/\/i0.wp.com\/innoticiasbo.com\/wp-content\/uploads\/2026\/03\/image-198.png?fit=770%2C430&ssl=1","keywords":["Cochabamba","elecci\u00f3n","elecciones","Elecciones 2026","elecciones subnacionales","Manfred Reyes Villa","Pol\u00edtica","subnacionales","Subnacionales 2026"],"articleSection":["Cochabamba","Pol\u00edtica"],"inLanguage":"es","potentialAction":[{"@type":"CommentAction","name":"Comment","target":["https:\/\/innoticiasbo.com\/index.php\/2026\/03\/16\/manfred-vamos-a-llevar-a-cochabamba-al-primer-lugar-en-desarrollo-humano\/#respond"]}]},{"@type":"WebPage","@id":"https:\/\/innoticiasbo.com\/index.php\/2026\/03\/16\/manfred-vamos-a-llevar-a-cochabamba-al-primer-lugar-en-desarrollo-humano\/","url":"https:\/\/innoticiasbo.com\/index.php\/2026\/03\/16\/manfred-vamos-a-llevar-a-cochabamba-al-primer-lugar-en-desarrollo-humano\/","name":"MANFRED: \u201cVAMOS A LLEVAR A COCHABAMBA AL PRIMER LUGAR EN DESARROLLO HUMANO\u201d - innoticiasbo.com","isPartOf":{"@id":"https:\/\/innoticiasbo.com\/#website"},"primaryImageOfPage":{"@id":"https:\/\/innoticiasbo.com\/index.php\/2026\/03\/16\/manfred-vamos-a-llevar-a-cochabamba-al-primer-lugar-en-desarrollo-humano\/#primaryimage"},"image":{"@id":"https:\/\/innoticiasbo.com\/index.php\/2026\/03\/16\/manfred-vamos-a-llevar-a-cochabamba-al-primer-lugar-en-desarrollo-humano\/#primaryimage"},"thumbnailUrl":"https:\/\/i0.wp.com\/innoticiasbo.com\/wp-content\/uploads\/2026\/03\/image-198.png?fit=770%2C430&ssl=1","datePublished":"2026-03-16T17:20:20+00:00","dateModified":"2026-03-16T17:20:21+00:00","breadcrumb":{"@id":"https:\/\/innoticiasbo.com\/index.php\/2026\/03\/16\/manfred-vamos-a-llevar-a-cochabamba-al-primer-lugar-en-desarrollo-humano\/#breadcrumb"},"inLanguage":"es","potentialAction":[{"@type":"ReadAction","target":["https:\/\/innoticiasbo.com\/index.php\/2026\/03\/16\/manfred-vamos-a-llevar-a-cochabamba-al-primer-lugar-en-desarrollo-humano\/"]}]},{"@type":"ImageObject","inLanguage":"es","@id":"https:\/\/innoticiasbo.com\/index.php\/2026\/03\/16\/manfred-vamos-a-llevar-a-cochabamba-al-primer-lugar-en-desarrollo-humano\/#primaryimage","url":"https:\/\/i0.wp.com\/innoticiasbo.com\/wp-content\/uploads\/2026\/03\/image-198.png?fit=770%2C430&ssl=1","contentUrl":"https:\/\/i0.wp.com\/innoticiasbo.com\/wp-content\/uploads\/2026\/03\/image-198.png?fit=770%2C430&ssl=1","width":770,"height":430},{"@type":"BreadcrumbList","@id":"https:\/\/innoticiasbo.com\/index.php\/2026\/03\/16\/manfred-vamos-a-llevar-a-cochabamba-al-primer-lugar-en-desarrollo-humano\/#breadcrumb","itemListElement":[{"@type":"ListItem","position":1,"name":"Portada","item":"https:\/\/innoticiasbo.com\/"},{"@type":"ListItem","position":2,"name":"MANFRED: \u201cVAMOS A LLEVAR A COCHABAMBA AL PRIMER LUGAR EN DESARROLLO HUMANO\u201d"}]},{"@type":"WebSite","@id":"https:\/\/innoticiasbo.com\/#website","url":"https:\/\/innoticiasbo.com\/","name":"innoticiasbo.com","description":"","publisher":{"@id":"https:\/\/innoticiasbo.com\/#organization"},"potentialAction":[{"@type":"SearchAction","target":{"@type":"EntryPoint","urlTemplate":"https:\/\/innoticiasbo.com\/?s={search_term_string}"},"query-input":{"@type":"PropertyValueSpecification","valueRequired":true,"valueName":"search_term_string"}}],"inLanguage":"es"},{"@type":"Organization","@id":"https:\/\/innoticiasbo.com\/#organization","name":"innoticiasbo.com","url":"https:\/\/innoticiasbo.com\/","logo":{"@type":"ImageObject","inLanguage":"es","@id":"https:\/\/innoticiasbo.com\/#\/schema\/logo\/image\/","url":"https:\/\/i0.wp.com\/innoticiasbo.com\/wp-content\/uploads\/2026\/04\/cropped-IN-LOGO.png?fit=1476%2C1476&ssl=1","contentUrl":"https:\/\/i0.wp.com\/innoticiasbo.com\/wp-content\/uploads\/2026\/04\/cropped-IN-LOGO.png?fit=1476%2C1476&ssl=1","width":1476,"height":1476,"caption":"innoticiasbo.com"},"image":{"@id":"https:\/\/innoticiasbo.com\/#\/schema\/logo\/image\/"},"sameAs":["https:\/\/www.facebook.com\/innoticiasbolivia","https:\/\/x.com\/innoticiasbo","https:\/\/www.instagram.com\/innoticiasbo","https:\/\/www.youtube.com\/innoticiasbo"]},{"@type":"Person","@id":"https:\/\/innoticiasbo.com\/#\/schema\/person\/0b28481e8d0316f83a13bc702311def5","name":"Prensa 11","image":{"@type":"ImageObject","inLanguage":"es","@id":"https:\/\/innoticiasbo.com\/#\/schema\/person\/image\/","url":"https:\/\/secure.gravatar.com\/avatar\/696560c17349f1807a610bf83832bad0?s=96&d=mm&r=g","contentUrl":"https:\/\/secure.gravatar.com\/avatar\/696560c17349f1807a610bf83832bad0?s=96&d=mm&r=g","caption":"Prensa 11"},"sameAs":["http:\/\/www.innoticiasbo.com"],"url":"https:\/\/innoticiasbo.com\/index.php\/author\/prensa-11\/"}]}},"jetpack_featured_media_url":"https:\/\/i0.wp.com\/innoticiasbo.com\/wp-content\/uploads\/2026\/03\/image-198.png?fit=770%2C430&ssl=1","jetpack_likes_enabled":true,"jetpack_sharing_enabled":true,"jetpack_shortlink":"https:\/\/wp.me\/pg298x-2w8","_links":{"self":[{"href":"https:\/\/innoticiasbo.com\/index.php\/wp-json\/wp\/v2\/posts\/9680","targetHints":{"allow":["GET"]}}],"collection":[{"href":"https:\/\/innoticiasbo.com\/index.php\/wp-json\/wp\/v2\/posts"}],"about":[{"href":"https:\/\/innoticiasbo.com\/index.php\/wp-json\/wp\/v2\/types\/post"}],"author":[{"embeddable":true,"href":"https:\/\/innoticiasbo.com\/index.php\/wp-json\/wp\/v2\/users\/11"}],"replies":[{"embeddable":true,"href":"https:\/\/innoticiasbo.com\/index.php\/wp-json\/wp\/v2\/comments?post=9680"}],"version-history":[{"count":1,"href":"https:\/\/innoticiasbo.com\/index.php\/wp-json\/wp\/v2\/posts\/9680\/revisions"}],"predecessor-version":[{"id":9682,"href":"https:\/\/innoticiasbo.com\/index.php\/wp-json\/wp\/v2\/posts\/9680\/revisions\/9682"}],"wp:featuredmedia":[{"embeddable":true,"href":"https:\/\/innoticiasbo.com\/index.php\/wp-json\/wp\/v2\/media\/9681"}],"wp:attachment":[{"href":"https:\/\/innoticiasbo.com\/index.php\/wp-json\/wp\/v2\/media?parent=9680"}],"wp:term":[{"taxonomy":"category","embeddable":true,"href":"https:\/\/innoticiasbo.com\/index.php\/wp-json\/wp\/v2\/categories?post=9680"},{"taxonomy":"post_tag","embeddable":true,"href":"https:\/\/innoticiasbo.com\/index.php\/wp-json\/wp\/v2\/tags?post=9680"}],"curies":[{"name":"wp","href":"https:\/\/api.w.org\/{rel}","templated":true}]}}