{"id":9661,"date":"2026-03-16T12:00:11","date_gmt":"2026-03-16T16:00:11","guid":{"rendered":"https:\/\/innoticiasbo.com\/?p=9661"},"modified":"2026-03-16T12:00:13","modified_gmt":"2026-03-16T16:00:13","slug":"marset-no-se-acogio-al-silencio-y-declaro-en-eeuu-senala-zar-antidrogas-de-bolivia","status":"publish","type":"post","link":"https:\/\/innoticiasbo.com\/index.php\/2026\/03\/16\/marset-no-se-acogio-al-silencio-y-declaro-en-eeuu-senala-zar-antidrogas-de-bolivia\/","title":{"rendered":"MARSET NO SE ACOGI\u00d3 AL SILENCIO Y DECLAR\u00d3 EN EEUU, SE\u00d1ALA ZAR ANTIDROGAS DE BOLIVIA"},"content":{"rendered":"\n<figure class=\"wp-block-image size-large\"><img data-recalc-dims=\"1\" loading=\"lazy\" decoding=\"async\" width=\"640\" height=\"273\" src=\"https:\/\/i0.wp.com\/innoticiasbo.com\/wp-content\/uploads\/2026\/03\/image-192.png?resize=640%2C273&#038;ssl=1\" alt=\"\" class=\"wp-image-9662\" srcset=\"https:\/\/i0.wp.com\/innoticiasbo.com\/wp-content\/uploads\/2026\/03\/image-192.png?resize=1024%2C436&amp;ssl=1 1024w, https:\/\/i0.wp.com\/innoticiasbo.com\/wp-content\/uploads\/2026\/03\/image-192.png?resize=300%2C128&amp;ssl=1 300w, https:\/\/i0.wp.com\/innoticiasbo.com\/wp-content\/uploads\/2026\/03\/image-192.png?resize=768%2C327&amp;ssl=1 768w, https:\/\/i0.wp.com\/innoticiasbo.com\/wp-content\/uploads\/2026\/03\/image-192.png?w=1280&amp;ssl=1 1280w\" sizes=\"auto, (max-width: 640px) 100vw, 640px\" \/><\/figure>\n\n\n\n<p><strong>Internacional, 16 de Marzo de 2026.- <\/strong>Sebasti\u00e1n Marset fue capturado en Bolivia y expulsado a EEUU, donde fue puesto ante las autoridades judiciales de ese pa\u00eds para responder por delitos vinculados al narcotr\u00e1fico<\/p>\n\n\n\n<p>El narcotraficante uruguayo Sebasti\u00e1n Marset, capturado en Bolivia y expulsado a Estados Unidos, estar\u00eda dando declaraciones a las autoridades estadounidenses, seg\u00fan el viceministro de Sustancias Controladas, Ernesto Justiniano.<\/p>\n\n\n\n<p>\u201cTenemos informaci\u00f3n de que s\u00ed, que est\u00e1 dando declaraciones. La verdad, Estados Unidos tiene un sistema interesante, seguramente ha entablado alg\u00fan tipo de relaci\u00f3n para que pueda dar alg\u00fan tipo de declaraciones\u201d, dijo Justiniano en declaraciones a ERBOL.<\/p>\n\n\n\n<p>Marset est\u00e1 acusado de conspiraci\u00f3n y lavado de dinero proveniente del narcotr\u00e1fico, y se lo sindica de haber intentado legitimar ganancias de env\u00edos de droga hacia Europa.<\/p>\n\n\n\n<p>Su captura es vista como un duro golpe al narcotr\u00e1fico y un mensaje claro sobre las consecuencias de intentar operar estructuras criminales con alcance global desde pa\u00edses de la regi\u00f3n.<\/p>\n\n\n\n<p>La DEA hab\u00eda incluido a Marset en la lista de fugitivos m\u00e1s buscados y ofreci\u00f3 una recompensa de 2 millones de d\u00f3lares por informaci\u00f3n que condujera a su captura.<\/p>\n\n\n\n<p>Fuente: Unitel<\/p>\n","protected":false},"excerpt":{"rendered":"<p>Internacional, 16 de Marzo de 2026.- Sebasti\u00e1n Marset fue capturado en Bolivia y expulsado a EEUU, donde fue puesto ante las autoridades judiciales de ese pa\u00eds para responder por delitos vinculados al narcotr\u00e1fico El narcotraficante uruguayo Sebasti\u00e1n Marset, capturado en Bolivia y expulsado a Estados Unidos, estar\u00eda dando declaraciones a las autoridades estadounidenses, seg\u00fan el&#8230;<\/p>\n","protected":false},"author":11,"featured_media":9662,"comment_status":"open","ping_status":"open","sticky":false,"template":"","format":"standard","meta":{"_jetpack_memberships_contains_paid_content":false,"footnotes":"","jetpack_publicize_message":"","jetpack_publicize_feature_enabled":true,"jetpack_social_post_already_shared":true,"jetpack_social_options":{"image_generator_settings":{"template":"highway","enabled":false},"version":2}},"categories":[1,684,15],"tags":[7,1486,564,18,1028,565,563,1521],"class_list":["post-9661","post","type-post","status-publish","format-standard","has-post-thumbnail","hentry","category-bolivia","category-internacional","category-seguridad","tag-bolivia","tag-capturado","tag-dea","tag-economia","tag-ee-uu-2","tag-narcotrafico","tag-sebastian-marset","tag-zar-antidrogas"],"jetpack_publicize_connections":[],"yoast_head":"<!-- This site is optimized with the Yoast SEO plugin v23.4 - https:\/\/yoast.com\/wordpress\/plugins\/seo\/ -->\n<title>MARSET NO SE ACOGI\u00d3 AL SILENCIO Y DECLAR\u00d3 EN EEUU, SE\u00d1ALA ZAR ANTIDROGAS DE BOLIVIA - innoticiasbo.com<\/title>\n<meta name=\"robots\" content=\"index, follow, max-snippet:-1, max-image-preview:large, max-video-preview:-1\" \/>\n<link rel=\"canonical\" href=\"https:\/\/innoticiasbo.com\/index.php\/2026\/03\/16\/marset-no-se-acogio-al-silencio-y-declaro-en-eeuu-senala-zar-antidrogas-de-bolivia\/\" \/>\n<meta property=\"og:locale\" content=\"es_ES\" \/>\n<meta property=\"og:type\" content=\"article\" \/>\n<meta property=\"og:title\" content=\"MARSET NO SE ACOGI\u00d3 AL SILENCIO Y DECLAR\u00d3 EN EEUU, SE\u00d1ALA ZAR ANTIDROGAS DE BOLIVIA - innoticiasbo.com\" \/>\n<meta property=\"og:description\" content=\"Internacional, 16 de Marzo de 2026.- Sebasti\u00e1n Marset fue capturado en Bolivia y expulsado a EEUU, donde fue puesto ante las autoridades judiciales de ese pa\u00eds para responder por delitos vinculados al narcotr\u00e1fico El narcotraficante uruguayo Sebasti\u00e1n Marset, capturado en Bolivia y expulsado a Estados Unidos, estar\u00eda dando declaraciones a las autoridades estadounidenses, seg\u00fan el...\" \/>\n<meta property=\"og:url\" content=\"https:\/\/innoticiasbo.com\/index.php\/2026\/03\/16\/marset-no-se-acogio-al-silencio-y-declaro-en-eeuu-senala-zar-antidrogas-de-bolivia\/\" \/>\n<meta property=\"og:site_name\" content=\"innoticiasbo.com\" \/>\n<meta property=\"article:publisher\" content=\"https:\/\/www.facebook.com\/innoticiasbolivia\" \/>\n<meta property=\"article:published_time\" content=\"2026-03-16T16:00:11+00:00\" \/>\n<meta property=\"article:modified_time\" content=\"2026-03-16T16:00:13+00:00\" \/>\n<meta property=\"og:image\" content=\"https:\/\/innoticiasbo.com\/wp-content\/uploads\/2026\/03\/image-192.png\" \/>\n\t<meta property=\"og:image:width\" content=\"1280\" \/>\n\t<meta property=\"og:image:height\" content=\"545\" \/>\n\t<meta property=\"og:image:type\" content=\"image\/png\" \/>\n<meta name=\"author\" content=\"Prensa 11\" \/>\n<meta name=\"twitter:card\" content=\"summary_large_image\" \/>\n<meta name=\"twitter:creator\" content=\"@innoticiasbo\" \/>\n<meta name=\"twitter:site\" content=\"@innoticiasbo\" \/>\n<meta name=\"twitter:label1\" content=\"Escrito por\" \/>\n\t<meta name=\"twitter:data1\" content=\"Prensa 11\" \/>\n\t<meta name=\"twitter:label2\" content=\"Tiempo de lectura\" \/>\n\t<meta name=\"twitter:data2\" content=\"2 minutos\" \/>\n<script type=\"application\/ld+json\" class=\"yoast-schema-graph\">{\"@context\":\"https:\/\/schema.org\",\"@graph\":[{\"@type\":\"Article\",\"@id\":\"https:\/\/innoticiasbo.com\/index.php\/2026\/03\/16\/marset-no-se-acogio-al-silencio-y-declaro-en-eeuu-senala-zar-antidrogas-de-bolivia\/#article\",\"isPartOf\":{\"@id\":\"https:\/\/innoticiasbo.com\/index.php\/2026\/03\/16\/marset-no-se-acogio-al-silencio-y-declaro-en-eeuu-senala-zar-antidrogas-de-bolivia\/\"},\"author\":{\"name\":\"Prensa 11\",\"@id\":\"https:\/\/innoticiasbo.com\/#\/schema\/person\/0b28481e8d0316f83a13bc702311def5\"},\"headline\":\"MARSET NO SE ACOGI\u00d3 AL SILENCIO Y DECLAR\u00d3 EN EEUU, SE\u00d1ALA ZAR ANTIDROGAS DE BOLIVIA\",\"datePublished\":\"2026-03-16T16:00:11+00:00\",\"dateModified\":\"2026-03-16T16:00:13+00:00\",\"mainEntityOfPage\":{\"@id\":\"https:\/\/innoticiasbo.com\/index.php\/2026\/03\/16\/marset-no-se-acogio-al-silencio-y-declaro-en-eeuu-senala-zar-antidrogas-de-bolivia\/\"},\"wordCount\":221,\"commentCount\":0,\"publisher\":{\"@id\":\"https:\/\/innoticiasbo.com\/#organization\"},\"image\":{\"@id\":\"https:\/\/innoticiasbo.com\/index.php\/2026\/03\/16\/marset-no-se-acogio-al-silencio-y-declaro-en-eeuu-senala-zar-antidrogas-de-bolivia\/#primaryimage\"},\"thumbnailUrl\":\"https:\/\/i0.wp.com\/innoticiasbo.com\/wp-content\/uploads\/2026\/03\/image-192.png?fit=1280%2C545&ssl=1\",\"keywords\":[\"Bolivia\",\"capturado\",\"DEA\",\"econom\u00eda\",\"EE.UU.\",\"narcotr\u00e1fico\",\"Sebasti\u00e1n Marset\",\"zar antidrogas\"],\"articleSection\":[\"Bolivia\",\"Internacional\",\"Seguridad\"],\"inLanguage\":\"es\",\"potentialAction\":[{\"@type\":\"CommentAction\",\"name\":\"Comment\",\"target\":[\"https:\/\/innoticiasbo.com\/index.php\/2026\/03\/16\/marset-no-se-acogio-al-silencio-y-declaro-en-eeuu-senala-zar-antidrogas-de-bolivia\/#respond\"]}]},{\"@type\":\"WebPage\",\"@id\":\"https:\/\/innoticiasbo.com\/index.php\/2026\/03\/16\/marset-no-se-acogio-al-silencio-y-declaro-en-eeuu-senala-zar-antidrogas-de-bolivia\/\",\"url\":\"https:\/\/innoticiasbo.com\/index.php\/2026\/03\/16\/marset-no-se-acogio-al-silencio-y-declaro-en-eeuu-senala-zar-antidrogas-de-bolivia\/\",\"name\":\"MARSET NO SE ACOGI\u00d3 AL SILENCIO Y DECLAR\u00d3 EN EEUU, SE\u00d1ALA ZAR ANTIDROGAS DE BOLIVIA - innoticiasbo.com\",\"isPartOf\":{\"@id\":\"https:\/\/innoticiasbo.com\/#website\"},\"primaryImageOfPage\":{\"@id\":\"https:\/\/innoticiasbo.com\/index.php\/2026\/03\/16\/marset-no-se-acogio-al-silencio-y-declaro-en-eeuu-senala-zar-antidrogas-de-bolivia\/#primaryimage\"},\"image\":{\"@id\":\"https:\/\/innoticiasbo.com\/index.php\/2026\/03\/16\/marset-no-se-acogio-al-silencio-y-declaro-en-eeuu-senala-zar-antidrogas-de-bolivia\/#primaryimage\"},\"thumbnailUrl\":\"https:\/\/i0.wp.com\/innoticiasbo.com\/wp-content\/uploads\/2026\/03\/image-192.png?fit=1280%2C545&ssl=1\",\"datePublished\":\"2026-03-16T16:00:11+00:00\",\"dateModified\":\"2026-03-16T16:00:13+00:00\",\"breadcrumb\":{\"@id\":\"https:\/\/innoticiasbo.com\/index.php\/2026\/03\/16\/marset-no-se-acogio-al-silencio-y-declaro-en-eeuu-senala-zar-antidrogas-de-bolivia\/#breadcrumb\"},\"inLanguage\":\"es\",\"potentialAction\":[{\"@type\":\"ReadAction\",\"target\":[\"https:\/\/innoticiasbo.com\/index.php\/2026\/03\/16\/marset-no-se-acogio-al-silencio-y-declaro-en-eeuu-senala-zar-antidrogas-de-bolivia\/\"]}]},{\"@type\":\"ImageObject\",\"inLanguage\":\"es\",\"@id\":\"https:\/\/innoticiasbo.com\/index.php\/2026\/03\/16\/marset-no-se-acogio-al-silencio-y-declaro-en-eeuu-senala-zar-antidrogas-de-bolivia\/#primaryimage\",\"url\":\"https:\/\/i0.wp.com\/innoticiasbo.com\/wp-content\/uploads\/2026\/03\/image-192.png?fit=1280%2C545&ssl=1\",\"contentUrl\":\"https:\/\/i0.wp.com\/innoticiasbo.com\/wp-content\/uploads\/2026\/03\/image-192.png?fit=1280%2C545&ssl=1\",\"width\":1280,\"height\":545},{\"@type\":\"BreadcrumbList\",\"@id\":\"https:\/\/innoticiasbo.com\/index.php\/2026\/03\/16\/marset-no-se-acogio-al-silencio-y-declaro-en-eeuu-senala-zar-antidrogas-de-bolivia\/#breadcrumb\",\"itemListElement\":[{\"@type\":\"ListItem\",\"position\":1,\"name\":\"Portada\",\"item\":\"https:\/\/innoticiasbo.com\/\"},{\"@type\":\"ListItem\",\"position\":2,\"name\":\"MARSET NO SE ACOGI\u00d3 AL SILENCIO Y DECLAR\u00d3 EN EEUU, SE\u00d1ALA ZAR ANTIDROGAS DE BOLIVIA\"}]},{\"@type\":\"WebSite\",\"@id\":\"https:\/\/innoticiasbo.com\/#website\",\"url\":\"https:\/\/innoticiasbo.com\/\",\"name\":\"innoticiasbo.com\",\"description\":\"\",\"publisher\":{\"@id\":\"https:\/\/innoticiasbo.com\/#organization\"},\"potentialAction\":[{\"@type\":\"SearchAction\",\"target\":{\"@type\":\"EntryPoint\",\"urlTemplate\":\"https:\/\/innoticiasbo.com\/?s={search_term_string}\"},\"query-input\":{\"@type\":\"PropertyValueSpecification\",\"valueRequired\":true,\"valueName\":\"search_term_string\"}}],\"inLanguage\":\"es\"},{\"@type\":\"Organization\",\"@id\":\"https:\/\/innoticiasbo.com\/#organization\",\"name\":\"innoticiasbo.com\",\"url\":\"https:\/\/innoticiasbo.com\/\",\"logo\":{\"@type\":\"ImageObject\",\"inLanguage\":\"es\",\"@id\":\"https:\/\/innoticiasbo.com\/#\/schema\/logo\/image\/\",\"url\":\"https:\/\/i0.wp.com\/innoticiasbo.com\/wp-content\/uploads\/2026\/04\/cropped-IN-LOGO.png?fit=1476%2C1476&ssl=1\",\"contentUrl\":\"https:\/\/i0.wp.com\/innoticiasbo.com\/wp-content\/uploads\/2026\/04\/cropped-IN-LOGO.png?fit=1476%2C1476&ssl=1\",\"width\":1476,\"height\":1476,\"caption\":\"innoticiasbo.com\"},\"image\":{\"@id\":\"https:\/\/innoticiasbo.com\/#\/schema\/logo\/image\/\"},\"sameAs\":[\"https:\/\/www.facebook.com\/innoticiasbolivia\",\"https:\/\/x.com\/innoticiasbo\",\"https:\/\/www.instagram.com\/innoticiasbo\",\"https:\/\/www.youtube.com\/innoticiasbo\"]},{\"@type\":\"Person\",\"@id\":\"https:\/\/innoticiasbo.com\/#\/schema\/person\/0b28481e8d0316f83a13bc702311def5\",\"name\":\"Prensa 11\",\"image\":{\"@type\":\"ImageObject\",\"inLanguage\":\"es\",\"@id\":\"https:\/\/innoticiasbo.com\/#\/schema\/person\/image\/\",\"url\":\"https:\/\/secure.gravatar.com\/avatar\/696560c17349f1807a610bf83832bad0?s=96&d=mm&r=g\",\"contentUrl\":\"https:\/\/secure.gravatar.com\/avatar\/696560c17349f1807a610bf83832bad0?s=96&d=mm&r=g\",\"caption\":\"Prensa 11\"},\"sameAs\":[\"http:\/\/www.innoticiasbo.com\"],\"url\":\"https:\/\/innoticiasbo.com\/index.php\/author\/prensa-11\/\"}]}<\/script>\n<!-- \/ Yoast SEO plugin. -->","yoast_head_json":{"title":"MARSET NO SE ACOGI\u00d3 AL SILENCIO Y DECLAR\u00d3 EN EEUU, SE\u00d1ALA ZAR ANTIDROGAS DE BOLIVIA - innoticiasbo.com","robots":{"index":"index","follow":"follow","max-snippet":"max-snippet:-1","max-image-preview":"max-image-preview:large","max-video-preview":"max-video-preview:-1"},"canonical":"https:\/\/innoticiasbo.com\/index.php\/2026\/03\/16\/marset-no-se-acogio-al-silencio-y-declaro-en-eeuu-senala-zar-antidrogas-de-bolivia\/","og_locale":"es_ES","og_type":"article","og_title":"MARSET NO SE ACOGI\u00d3 AL SILENCIO Y DECLAR\u00d3 EN EEUU, SE\u00d1ALA ZAR ANTIDROGAS DE BOLIVIA - innoticiasbo.com","og_description":"Internacional, 16 de Marzo de 2026.- Sebasti\u00e1n Marset fue capturado en Bolivia y expulsado a EEUU, donde fue puesto ante las autoridades judiciales de ese pa\u00eds para responder por delitos vinculados al narcotr\u00e1fico El narcotraficante uruguayo Sebasti\u00e1n Marset, capturado en Bolivia y expulsado a Estados Unidos, estar\u00eda dando declaraciones a las autoridades estadounidenses, seg\u00fan el...","og_url":"https:\/\/innoticiasbo.com\/index.php\/2026\/03\/16\/marset-no-se-acogio-al-silencio-y-declaro-en-eeuu-senala-zar-antidrogas-de-bolivia\/","og_site_name":"innoticiasbo.com","article_publisher":"https:\/\/www.facebook.com\/innoticiasbolivia","article_published_time":"2026-03-16T16:00:11+00:00","article_modified_time":"2026-03-16T16:00:13+00:00","og_image":[{"width":1280,"height":545,"url":"https:\/\/innoticiasbo.com\/wp-content\/uploads\/2026\/03\/image-192.png","type":"image\/png"}],"author":"Prensa 11","twitter_card":"summary_large_image","twitter_creator":"@innoticiasbo","twitter_site":"@innoticiasbo","twitter_misc":{"Escrito por":"Prensa 11","Tiempo de lectura":"2 minutos"},"schema":{"@context":"https:\/\/schema.org","@graph":[{"@type":"Article","@id":"https:\/\/innoticiasbo.com\/index.php\/2026\/03\/16\/marset-no-se-acogio-al-silencio-y-declaro-en-eeuu-senala-zar-antidrogas-de-bolivia\/#article","isPartOf":{"@id":"https:\/\/innoticiasbo.com\/index.php\/2026\/03\/16\/marset-no-se-acogio-al-silencio-y-declaro-en-eeuu-senala-zar-antidrogas-de-bolivia\/"},"author":{"name":"Prensa 11","@id":"https:\/\/innoticiasbo.com\/#\/schema\/person\/0b28481e8d0316f83a13bc702311def5"},"headline":"MARSET NO SE ACOGI\u00d3 AL SILENCIO Y DECLAR\u00d3 EN EEUU, SE\u00d1ALA ZAR ANTIDROGAS DE BOLIVIA","datePublished":"2026-03-16T16:00:11+00:00","dateModified":"2026-03-16T16:00:13+00:00","mainEntityOfPage":{"@id":"https:\/\/innoticiasbo.com\/index.php\/2026\/03\/16\/marset-no-se-acogio-al-silencio-y-declaro-en-eeuu-senala-zar-antidrogas-de-bolivia\/"},"wordCount":221,"commentCount":0,"publisher":{"@id":"https:\/\/innoticiasbo.com\/#organization"},"image":{"@id":"https:\/\/innoticiasbo.com\/index.php\/2026\/03\/16\/marset-no-se-acogio-al-silencio-y-declaro-en-eeuu-senala-zar-antidrogas-de-bolivia\/#primaryimage"},"thumbnailUrl":"https:\/\/i0.wp.com\/innoticiasbo.com\/wp-content\/uploads\/2026\/03\/image-192.png?fit=1280%2C545&ssl=1","keywords":["Bolivia","capturado","DEA","econom\u00eda","EE.UU.","narcotr\u00e1fico","Sebasti\u00e1n Marset","zar antidrogas"],"articleSection":["Bolivia","Internacional","Seguridad"],"inLanguage":"es","potentialAction":[{"@type":"CommentAction","name":"Comment","target":["https:\/\/innoticiasbo.com\/index.php\/2026\/03\/16\/marset-no-se-acogio-al-silencio-y-declaro-en-eeuu-senala-zar-antidrogas-de-bolivia\/#respond"]}]},{"@type":"WebPage","@id":"https:\/\/innoticiasbo.com\/index.php\/2026\/03\/16\/marset-no-se-acogio-al-silencio-y-declaro-en-eeuu-senala-zar-antidrogas-de-bolivia\/","url":"https:\/\/innoticiasbo.com\/index.php\/2026\/03\/16\/marset-no-se-acogio-al-silencio-y-declaro-en-eeuu-senala-zar-antidrogas-de-bolivia\/","name":"MARSET NO SE ACOGI\u00d3 AL SILENCIO Y DECLAR\u00d3 EN EEUU, SE\u00d1ALA ZAR ANTIDROGAS DE BOLIVIA - innoticiasbo.com","isPartOf":{"@id":"https:\/\/innoticiasbo.com\/#website"},"primaryImageOfPage":{"@id":"https:\/\/innoticiasbo.com\/index.php\/2026\/03\/16\/marset-no-se-acogio-al-silencio-y-declaro-en-eeuu-senala-zar-antidrogas-de-bolivia\/#primaryimage"},"image":{"@id":"https:\/\/innoticiasbo.com\/index.php\/2026\/03\/16\/marset-no-se-acogio-al-silencio-y-declaro-en-eeuu-senala-zar-antidrogas-de-bolivia\/#primaryimage"},"thumbnailUrl":"https:\/\/i0.wp.com\/innoticiasbo.com\/wp-content\/uploads\/2026\/03\/image-192.png?fit=1280%2C545&ssl=1","datePublished":"2026-03-16T16:00:11+00:00","dateModified":"2026-03-16T16:00:13+00:00","breadcrumb":{"@id":"https:\/\/innoticiasbo.com\/index.php\/2026\/03\/16\/marset-no-se-acogio-al-silencio-y-declaro-en-eeuu-senala-zar-antidrogas-de-bolivia\/#breadcrumb"},"inLanguage":"es","potentialAction":[{"@type":"ReadAction","target":["https:\/\/innoticiasbo.com\/index.php\/2026\/03\/16\/marset-no-se-acogio-al-silencio-y-declaro-en-eeuu-senala-zar-antidrogas-de-bolivia\/"]}]},{"@type":"ImageObject","inLanguage":"es","@id":"https:\/\/innoticiasbo.com\/index.php\/2026\/03\/16\/marset-no-se-acogio-al-silencio-y-declaro-en-eeuu-senala-zar-antidrogas-de-bolivia\/#primaryimage","url":"https:\/\/i0.wp.com\/innoticiasbo.com\/wp-content\/uploads\/2026\/03\/image-192.png?fit=1280%2C545&ssl=1","contentUrl":"https:\/\/i0.wp.com\/innoticiasbo.com\/wp-content\/uploads\/2026\/03\/image-192.png?fit=1280%2C545&ssl=1","width":1280,"height":545},{"@type":"BreadcrumbList","@id":"https:\/\/innoticiasbo.com\/index.php\/2026\/03\/16\/marset-no-se-acogio-al-silencio-y-declaro-en-eeuu-senala-zar-antidrogas-de-bolivia\/#breadcrumb","itemListElement":[{"@type":"ListItem","position":1,"name":"Portada","item":"https:\/\/innoticiasbo.com\/"},{"@type":"ListItem","position":2,"name":"MARSET NO SE ACOGI\u00d3 AL SILENCIO Y DECLAR\u00d3 EN EEUU, SE\u00d1ALA ZAR ANTIDROGAS DE BOLIVIA"}]},{"@type":"WebSite","@id":"https:\/\/innoticiasbo.com\/#website","url":"https:\/\/innoticiasbo.com\/","name":"innoticiasbo.com","description":"","publisher":{"@id":"https:\/\/innoticiasbo.com\/#organization"},"potentialAction":[{"@type":"SearchAction","target":{"@type":"EntryPoint","urlTemplate":"https:\/\/innoticiasbo.com\/?s={search_term_string}"},"query-input":{"@type":"PropertyValueSpecification","valueRequired":true,"valueName":"search_term_string"}}],"inLanguage":"es"},{"@type":"Organization","@id":"https:\/\/innoticiasbo.com\/#organization","name":"innoticiasbo.com","url":"https:\/\/innoticiasbo.com\/","logo":{"@type":"ImageObject","inLanguage":"es","@id":"https:\/\/innoticiasbo.com\/#\/schema\/logo\/image\/","url":"https:\/\/i0.wp.com\/innoticiasbo.com\/wp-content\/uploads\/2026\/04\/cropped-IN-LOGO.png?fit=1476%2C1476&ssl=1","contentUrl":"https:\/\/i0.wp.com\/innoticiasbo.com\/wp-content\/uploads\/2026\/04\/cropped-IN-LOGO.png?fit=1476%2C1476&ssl=1","width":1476,"height":1476,"caption":"innoticiasbo.com"},"image":{"@id":"https:\/\/innoticiasbo.com\/#\/schema\/logo\/image\/"},"sameAs":["https:\/\/www.facebook.com\/innoticiasbolivia","https:\/\/x.com\/innoticiasbo","https:\/\/www.instagram.com\/innoticiasbo","https:\/\/www.youtube.com\/innoticiasbo"]},{"@type":"Person","@id":"https:\/\/innoticiasbo.com\/#\/schema\/person\/0b28481e8d0316f83a13bc702311def5","name":"Prensa 11","image":{"@type":"ImageObject","inLanguage":"es","@id":"https:\/\/innoticiasbo.com\/#\/schema\/person\/image\/","url":"https:\/\/secure.gravatar.com\/avatar\/696560c17349f1807a610bf83832bad0?s=96&d=mm&r=g","contentUrl":"https:\/\/secure.gravatar.com\/avatar\/696560c17349f1807a610bf83832bad0?s=96&d=mm&r=g","caption":"Prensa 11"},"sameAs":["http:\/\/www.innoticiasbo.com"],"url":"https:\/\/innoticiasbo.com\/index.php\/author\/prensa-11\/"}]}},"jetpack_featured_media_url":"https:\/\/i0.wp.com\/innoticiasbo.com\/wp-content\/uploads\/2026\/03\/image-192.png?fit=1280%2C545&ssl=1","jetpack_likes_enabled":true,"jetpack_sharing_enabled":true,"jetpack_shortlink":"https:\/\/wp.me\/pg298x-2vP","_links":{"self":[{"href":"https:\/\/innoticiasbo.com\/index.php\/wp-json\/wp\/v2\/posts\/9661","targetHints":{"allow":["GET"]}}],"collection":[{"href":"https:\/\/innoticiasbo.com\/index.php\/wp-json\/wp\/v2\/posts"}],"about":[{"href":"https:\/\/innoticiasbo.com\/index.php\/wp-json\/wp\/v2\/types\/post"}],"author":[{"embeddable":true,"href":"https:\/\/innoticiasbo.com\/index.php\/wp-json\/wp\/v2\/users\/11"}],"replies":[{"embeddable":true,"href":"https:\/\/innoticiasbo.com\/index.php\/wp-json\/wp\/v2\/comments?post=9661"}],"version-history":[{"count":1,"href":"https:\/\/innoticiasbo.com\/index.php\/wp-json\/wp\/v2\/posts\/9661\/revisions"}],"predecessor-version":[{"id":9663,"href":"https:\/\/innoticiasbo.com\/index.php\/wp-json\/wp\/v2\/posts\/9661\/revisions\/9663"}],"wp:featuredmedia":[{"embeddable":true,"href":"https:\/\/innoticiasbo.com\/index.php\/wp-json\/wp\/v2\/media\/9662"}],"wp:attachment":[{"href":"https:\/\/innoticiasbo.com\/index.php\/wp-json\/wp\/v2\/media?parent=9661"}],"wp:term":[{"taxonomy":"category","embeddable":true,"href":"https:\/\/innoticiasbo.com\/index.php\/wp-json\/wp\/v2\/categories?post=9661"},{"taxonomy":"post_tag","embeddable":true,"href":"https:\/\/innoticiasbo.com\/index.php\/wp-json\/wp\/v2\/tags?post=9661"}],"curies":[{"name":"wp","href":"https:\/\/api.w.org\/{rel}","templated":true}]}}