{"id":9656,"date":"2026-03-15T22:36:52","date_gmt":"2026-03-16T02:36:52","guid":{"rendered":"https:\/\/innoticiasbo.com\/?p=9656"},"modified":"2026-03-15T22:37:54","modified_gmt":"2026-03-16T02:37:54","slug":"bellott-llama-masista-huevon-a-giovann-arzabe-al-ir-a-la-pausa-creyo-que-el-microfono-estaba-cerrado","status":"publish","type":"post","link":"https:\/\/innoticiasbo.com\/index.php\/2026\/03\/15\/bellott-llama-masista-huevon-a-giovann-arzabe-al-ir-a-la-pausa-creyo-que-el-microfono-estaba-cerrado\/","title":{"rendered":"BELLOTT LLAMA \u201cMASISTA HUEV\u00d3N \u201d A GIOVANN ARZABE AL IR A LA PAUSA: CREY\u00d3 QUE EL MICR\u00d3FONO ESTABA CERRADO"},"content":{"rendered":"<p>Cochabamba, 15 de marzo de 2026.- Un momento de micr\u00f3fono abierto encendi\u00f3 la pol\u00e9mica cuando el candidato Javier Bellot lanz\u00f3 un comentario contra su rival Giovann Arzabe justo cuando el programa entraba en la pausa publicitaria.<\/p>\n<p><img data-recalc-dims=\"1\" loading=\"lazy\" decoding=\"async\" src=\"https:\/\/i0.wp.com\/innoticiasbo.com\/wp-content\/uploads\/2026\/03\/screenshot_20260315_223632_capcut5470365663173904148.jpg?resize=640%2C375&#038;ssl=1\" class=\"alignnone size-full wp-image-9658\" width=\"640\" height=\"375\" srcset=\"https:\/\/i0.wp.com\/innoticiasbo.com\/wp-content\/uploads\/2026\/03\/screenshot_20260315_223632_capcut5470365663173904148.jpg?w=1079&amp;ssl=1 1079w, https:\/\/i0.wp.com\/innoticiasbo.com\/wp-content\/uploads\/2026\/03\/screenshot_20260315_223632_capcut5470365663173904148.jpg?resize=300%2C176&amp;ssl=1 300w, https:\/\/i0.wp.com\/innoticiasbo.com\/wp-content\/uploads\/2026\/03\/screenshot_20260315_223632_capcut5470365663173904148.jpg?resize=1024%2C601&amp;ssl=1 1024w, https:\/\/i0.wp.com\/innoticiasbo.com\/wp-content\/uploads\/2026\/03\/screenshot_20260315_223632_capcut5470365663173904148.jpg?resize=768%2C451&amp;ssl=1 768w\" sizes=\"auto, (max-width: 640px) 100vw, 640px\" \/><\/p>\n<p>El incidente ocurri\u00f3 segundos despu\u00e9s de un intercambio tenso en vivo. Durante el debate, Arzabe cuestion\u00f3 a Bellot por su cercan\u00eda con gobiernos del Movimiento al Socialismo (MAS) cuando era representante del sector empresarial. Bellot respondi\u00f3 que, en su momento, se sent\u00f3 con todos los gobiernos por el bien del gremio al que representaba.<\/p>\n<p>Sin embargo, cuando el programa se dirig\u00eda al corte comercial Bellot fue captado por los micr\u00f3fonos diciendo: \u201cmasista huev\u00f3n\u201d, en referencia a Arzabe, aunque no qued\u00f3 claro si la expresi\u00f3n iba dirigida al candidato o si se trataba de una reacci\u00f3n \u00abcoloquial\u00bb a la pregunta que le hab\u00eda hecho minutos antes.<\/p>\n<p>El comentario, que deb\u00eda quedar fuera del aire, fue escuchado por la audiencia debido a que el micr\u00f3fono permanec\u00eda abierto.<\/p>\n<p>Situaciones similares han ocurrido en otros espacios televisivos cuando el audio permanece al aire cuando debe estar silenciado. Uno de los casos recordados fue cuando la presentadora Gabriela Oviedo, del canal Unitel, realiz\u00f3 un comentario sobre Edman Lara mientras los micr\u00f3fonos segu\u00edan abiertos.<\/p>\n","protected":false},"excerpt":{"rendered":"<p>Cochabamba, 15 de marzo de 2026.- Un momento de micr\u00f3fono abierto encendi\u00f3 la pol\u00e9mica cuando el candidato Javier Bellot lanz\u00f3 un comentario contra su rival Giovann Arzabe justo cuando el programa entraba en la pausa publicitaria. El incidente ocurri\u00f3 segundos despu\u00e9s de un intercambio tenso en vivo. Durante el debate, Arzabe cuestion\u00f3 a Bellot por&#8230;<\/p>\n","protected":false},"author":2,"featured_media":9659,"comment_status":"open","ping_status":"open","sticky":false,"template":"","format":"standard","meta":{"_jetpack_memberships_contains_paid_content":false,"footnotes":"","jetpack_publicize_message":"","jetpack_publicize_feature_enabled":true,"jetpack_social_post_already_shared":true,"jetpack_social_options":{"image_generator_settings":{"template":"highway","enabled":false},"version":2}},"categories":[2,3],"tags":[964,1518,1517,1519],"class_list":["post-9656","post","type-post","status-publish","format-standard","has-post-thumbnail","hentry","category-cochabamba","category-politica","tag-debate","tag-giovann-arzabe","tag-javier-bellott","tag-microfono-abierto"],"jetpack_publicize_connections":[],"yoast_head":"<!-- This site is optimized with the Yoast SEO plugin v23.4 - https:\/\/yoast.com\/wordpress\/plugins\/seo\/ -->\n<title>BELLOTT LLAMA \u201cMASISTA HUEV\u00d3N \u201d A GIOVANN ARZABE AL IR A LA PAUSA: CREY\u00d3 QUE EL MICR\u00d3FONO ESTABA CERRADO - innoticiasbo.com<\/title>\n<meta name=\"robots\" content=\"index, follow, max-snippet:-1, max-image-preview:large, max-video-preview:-1\" \/>\n<link rel=\"canonical\" href=\"https:\/\/innoticiasbo.com\/index.php\/2026\/03\/15\/bellott-llama-masista-huevon-a-giovann-arzabe-al-ir-a-la-pausa-creyo-que-el-microfono-estaba-cerrado\/\" \/>\n<meta property=\"og:locale\" content=\"es_ES\" \/>\n<meta property=\"og:type\" content=\"article\" \/>\n<meta property=\"og:title\" content=\"BELLOTT LLAMA \u201cMASISTA HUEV\u00d3N \u201d A GIOVANN ARZABE AL IR A LA PAUSA: CREY\u00d3 QUE EL MICR\u00d3FONO ESTABA CERRADO - innoticiasbo.com\" \/>\n<meta property=\"og:description\" content=\"Cochabamba, 15 de marzo de 2026.- Un momento de micr\u00f3fono abierto encendi\u00f3 la pol\u00e9mica cuando el candidato Javier Bellot lanz\u00f3 un comentario contra su rival Giovann Arzabe justo cuando el programa entraba en la pausa publicitaria. El incidente ocurri\u00f3 segundos despu\u00e9s de un intercambio tenso en vivo. Durante el debate, Arzabe cuestion\u00f3 a Bellot por...\" \/>\n<meta property=\"og:url\" content=\"https:\/\/innoticiasbo.com\/index.php\/2026\/03\/15\/bellott-llama-masista-huevon-a-giovann-arzabe-al-ir-a-la-pausa-creyo-que-el-microfono-estaba-cerrado\/\" \/>\n<meta property=\"og:site_name\" content=\"innoticiasbo.com\" \/>\n<meta property=\"article:publisher\" content=\"https:\/\/www.facebook.com\/innoticiasbolivia\" \/>\n<meta property=\"article:published_time\" content=\"2026-03-16T02:36:52+00:00\" \/>\n<meta property=\"article:modified_time\" content=\"2026-03-16T02:37:54+00:00\" \/>\n<meta property=\"og:image\" content=\"https:\/\/i0.wp.com\/innoticiasbo.com\/wp-content\/uploads\/2026\/03\/Screenshot_20260315_223632_CapCut.jpg?fit=1079%2C633&ssl=1\" \/>\n\t<meta property=\"og:image:width\" content=\"1079\" \/>\n\t<meta property=\"og:image:height\" content=\"633\" \/>\n\t<meta property=\"og:image:type\" content=\"image\/jpeg\" \/>\n<meta name=\"author\" content=\"Prensa\" \/>\n<meta name=\"twitter:card\" content=\"summary_large_image\" \/>\n<meta name=\"twitter:creator\" content=\"@innoticiasbo\" \/>\n<meta name=\"twitter:site\" content=\"@innoticiasbo\" \/>\n<meta name=\"twitter:label1\" content=\"Escrito por\" \/>\n\t<meta name=\"twitter:data1\" content=\"Prensa\" \/>\n\t<meta name=\"twitter:label2\" content=\"Tiempo de lectura\" \/>\n\t<meta name=\"twitter:data2\" content=\"1 minuto\" \/>\n<script type=\"application\/ld+json\" class=\"yoast-schema-graph\">{\"@context\":\"https:\/\/schema.org\",\"@graph\":[{\"@type\":\"Article\",\"@id\":\"https:\/\/innoticiasbo.com\/index.php\/2026\/03\/15\/bellott-llama-masista-huevon-a-giovann-arzabe-al-ir-a-la-pausa-creyo-que-el-microfono-estaba-cerrado\/#article\",\"isPartOf\":{\"@id\":\"https:\/\/innoticiasbo.com\/index.php\/2026\/03\/15\/bellott-llama-masista-huevon-a-giovann-arzabe-al-ir-a-la-pausa-creyo-que-el-microfono-estaba-cerrado\/\"},\"author\":{\"name\":\"Prensa\",\"@id\":\"https:\/\/innoticiasbo.com\/#\/schema\/person\/589cd527c4211df1b943bdad85ec07ce\"},\"headline\":\"BELLOTT LLAMA \u201cMASISTA HUEV\u00d3N \u201d A GIOVANN ARZABE AL IR A LA PAUSA: CREY\u00d3 QUE EL MICR\u00d3FONO ESTABA CERRADO\",\"datePublished\":\"2026-03-16T02:36:52+00:00\",\"dateModified\":\"2026-03-16T02:37:54+00:00\",\"mainEntityOfPage\":{\"@id\":\"https:\/\/innoticiasbo.com\/index.php\/2026\/03\/15\/bellott-llama-masista-huevon-a-giovann-arzabe-al-ir-a-la-pausa-creyo-que-el-microfono-estaba-cerrado\/\"},\"wordCount\":238,\"commentCount\":0,\"publisher\":{\"@id\":\"https:\/\/innoticiasbo.com\/#organization\"},\"image\":{\"@id\":\"https:\/\/innoticiasbo.com\/index.php\/2026\/03\/15\/bellott-llama-masista-huevon-a-giovann-arzabe-al-ir-a-la-pausa-creyo-que-el-microfono-estaba-cerrado\/#primaryimage\"},\"thumbnailUrl\":\"https:\/\/i0.wp.com\/innoticiasbo.com\/wp-content\/uploads\/2026\/03\/Screenshot_20260315_223632_CapCut.jpg?fit=1079%2C633&ssl=1\",\"keywords\":[\"debate\",\"Giovann Arzabe\",\"Javier Bellott\",\"micr\u00f3fono abierto\"],\"articleSection\":[\"Cochabamba\",\"Pol\u00edtica\"],\"inLanguage\":\"es\",\"potentialAction\":[{\"@type\":\"CommentAction\",\"name\":\"Comment\",\"target\":[\"https:\/\/innoticiasbo.com\/index.php\/2026\/03\/15\/bellott-llama-masista-huevon-a-giovann-arzabe-al-ir-a-la-pausa-creyo-que-el-microfono-estaba-cerrado\/#respond\"]}]},{\"@type\":\"WebPage\",\"@id\":\"https:\/\/innoticiasbo.com\/index.php\/2026\/03\/15\/bellott-llama-masista-huevon-a-giovann-arzabe-al-ir-a-la-pausa-creyo-que-el-microfono-estaba-cerrado\/\",\"url\":\"https:\/\/innoticiasbo.com\/index.php\/2026\/03\/15\/bellott-llama-masista-huevon-a-giovann-arzabe-al-ir-a-la-pausa-creyo-que-el-microfono-estaba-cerrado\/\",\"name\":\"BELLOTT LLAMA \u201cMASISTA HUEV\u00d3N \u201d A GIOVANN ARZABE AL IR A LA PAUSA: CREY\u00d3 QUE EL MICR\u00d3FONO ESTABA CERRADO - innoticiasbo.com\",\"isPartOf\":{\"@id\":\"https:\/\/innoticiasbo.com\/#website\"},\"primaryImageOfPage\":{\"@id\":\"https:\/\/innoticiasbo.com\/index.php\/2026\/03\/15\/bellott-llama-masista-huevon-a-giovann-arzabe-al-ir-a-la-pausa-creyo-que-el-microfono-estaba-cerrado\/#primaryimage\"},\"image\":{\"@id\":\"https:\/\/innoticiasbo.com\/index.php\/2026\/03\/15\/bellott-llama-masista-huevon-a-giovann-arzabe-al-ir-a-la-pausa-creyo-que-el-microfono-estaba-cerrado\/#primaryimage\"},\"thumbnailUrl\":\"https:\/\/i0.wp.com\/innoticiasbo.com\/wp-content\/uploads\/2026\/03\/Screenshot_20260315_223632_CapCut.jpg?fit=1079%2C633&ssl=1\",\"datePublished\":\"2026-03-16T02:36:52+00:00\",\"dateModified\":\"2026-03-16T02:37:54+00:00\",\"breadcrumb\":{\"@id\":\"https:\/\/innoticiasbo.com\/index.php\/2026\/03\/15\/bellott-llama-masista-huevon-a-giovann-arzabe-al-ir-a-la-pausa-creyo-que-el-microfono-estaba-cerrado\/#breadcrumb\"},\"inLanguage\":\"es\",\"potentialAction\":[{\"@type\":\"ReadAction\",\"target\":[\"https:\/\/innoticiasbo.com\/index.php\/2026\/03\/15\/bellott-llama-masista-huevon-a-giovann-arzabe-al-ir-a-la-pausa-creyo-que-el-microfono-estaba-cerrado\/\"]}]},{\"@type\":\"ImageObject\",\"inLanguage\":\"es\",\"@id\":\"https:\/\/innoticiasbo.com\/index.php\/2026\/03\/15\/bellott-llama-masista-huevon-a-giovann-arzabe-al-ir-a-la-pausa-creyo-que-el-microfono-estaba-cerrado\/#primaryimage\",\"url\":\"https:\/\/i0.wp.com\/innoticiasbo.com\/wp-content\/uploads\/2026\/03\/Screenshot_20260315_223632_CapCut.jpg?fit=1079%2C633&ssl=1\",\"contentUrl\":\"https:\/\/i0.wp.com\/innoticiasbo.com\/wp-content\/uploads\/2026\/03\/Screenshot_20260315_223632_CapCut.jpg?fit=1079%2C633&ssl=1\",\"width\":1079,\"height\":633},{\"@type\":\"BreadcrumbList\",\"@id\":\"https:\/\/innoticiasbo.com\/index.php\/2026\/03\/15\/bellott-llama-masista-huevon-a-giovann-arzabe-al-ir-a-la-pausa-creyo-que-el-microfono-estaba-cerrado\/#breadcrumb\",\"itemListElement\":[{\"@type\":\"ListItem\",\"position\":1,\"name\":\"Portada\",\"item\":\"https:\/\/innoticiasbo.com\/\"},{\"@type\":\"ListItem\",\"position\":2,\"name\":\"BELLOTT LLAMA \u201cMASISTA HUEV\u00d3N \u201d A GIOVANN ARZABE AL IR A LA PAUSA: CREY\u00d3 QUE EL MICR\u00d3FONO ESTABA CERRADO\"}]},{\"@type\":\"WebSite\",\"@id\":\"https:\/\/innoticiasbo.com\/#website\",\"url\":\"https:\/\/innoticiasbo.com\/\",\"name\":\"innoticiasbo.com\",\"description\":\"\",\"publisher\":{\"@id\":\"https:\/\/innoticiasbo.com\/#organization\"},\"potentialAction\":[{\"@type\":\"SearchAction\",\"target\":{\"@type\":\"EntryPoint\",\"urlTemplate\":\"https:\/\/innoticiasbo.com\/?s={search_term_string}\"},\"query-input\":{\"@type\":\"PropertyValueSpecification\",\"valueRequired\":true,\"valueName\":\"search_term_string\"}}],\"inLanguage\":\"es\"},{\"@type\":\"Organization\",\"@id\":\"https:\/\/innoticiasbo.com\/#organization\",\"name\":\"innoticiasbo.com\",\"url\":\"https:\/\/innoticiasbo.com\/\",\"logo\":{\"@type\":\"ImageObject\",\"inLanguage\":\"es\",\"@id\":\"https:\/\/innoticiasbo.com\/#\/schema\/logo\/image\/\",\"url\":\"https:\/\/i0.wp.com\/innoticiasbo.com\/wp-content\/uploads\/2026\/04\/cropped-IN-LOGO.png?fit=1476%2C1476&ssl=1\",\"contentUrl\":\"https:\/\/i0.wp.com\/innoticiasbo.com\/wp-content\/uploads\/2026\/04\/cropped-IN-LOGO.png?fit=1476%2C1476&ssl=1\",\"width\":1476,\"height\":1476,\"caption\":\"innoticiasbo.com\"},\"image\":{\"@id\":\"https:\/\/innoticiasbo.com\/#\/schema\/logo\/image\/\"},\"sameAs\":[\"https:\/\/www.facebook.com\/innoticiasbolivia\",\"https:\/\/x.com\/innoticiasbo\",\"https:\/\/www.instagram.com\/innoticiasbo\",\"https:\/\/www.youtube.com\/innoticiasbo\"]},{\"@type\":\"Person\",\"@id\":\"https:\/\/innoticiasbo.com\/#\/schema\/person\/589cd527c4211df1b943bdad85ec07ce\",\"name\":\"Prensa\",\"image\":{\"@type\":\"ImageObject\",\"inLanguage\":\"es\",\"@id\":\"https:\/\/innoticiasbo.com\/#\/schema\/person\/image\/\",\"url\":\"https:\/\/secure.gravatar.com\/avatar\/d359bbdf112023c1c0a3ec7fe1600657?s=96&d=mm&r=g\",\"contentUrl\":\"https:\/\/secure.gravatar.com\/avatar\/d359bbdf112023c1c0a3ec7fe1600657?s=96&d=mm&r=g\",\"caption\":\"Prensa\"},\"sameAs\":[\"http:\/\/www.innoticiasbo.com\"],\"url\":\"https:\/\/innoticiasbo.com\/index.php\/author\/prensa\/\"}]}<\/script>\n<!-- \/ Yoast SEO plugin. -->","yoast_head_json":{"title":"BELLOTT LLAMA \u201cMASISTA HUEV\u00d3N \u201d A GIOVANN ARZABE AL IR A LA PAUSA: CREY\u00d3 QUE EL MICR\u00d3FONO ESTABA CERRADO - innoticiasbo.com","robots":{"index":"index","follow":"follow","max-snippet":"max-snippet:-1","max-image-preview":"max-image-preview:large","max-video-preview":"max-video-preview:-1"},"canonical":"https:\/\/innoticiasbo.com\/index.php\/2026\/03\/15\/bellott-llama-masista-huevon-a-giovann-arzabe-al-ir-a-la-pausa-creyo-que-el-microfono-estaba-cerrado\/","og_locale":"es_ES","og_type":"article","og_title":"BELLOTT LLAMA \u201cMASISTA HUEV\u00d3N \u201d A GIOVANN ARZABE AL IR A LA PAUSA: CREY\u00d3 QUE EL MICR\u00d3FONO ESTABA CERRADO - innoticiasbo.com","og_description":"Cochabamba, 15 de marzo de 2026.- Un momento de micr\u00f3fono abierto encendi\u00f3 la pol\u00e9mica cuando el candidato Javier Bellot lanz\u00f3 un comentario contra su rival Giovann Arzabe justo cuando el programa entraba en la pausa publicitaria. El incidente ocurri\u00f3 segundos despu\u00e9s de un intercambio tenso en vivo. Durante el debate, Arzabe cuestion\u00f3 a Bellot por...","og_url":"https:\/\/innoticiasbo.com\/index.php\/2026\/03\/15\/bellott-llama-masista-huevon-a-giovann-arzabe-al-ir-a-la-pausa-creyo-que-el-microfono-estaba-cerrado\/","og_site_name":"innoticiasbo.com","article_publisher":"https:\/\/www.facebook.com\/innoticiasbolivia","article_published_time":"2026-03-16T02:36:52+00:00","article_modified_time":"2026-03-16T02:37:54+00:00","og_image":[{"width":1079,"height":633,"url":"https:\/\/i0.wp.com\/innoticiasbo.com\/wp-content\/uploads\/2026\/03\/Screenshot_20260315_223632_CapCut.jpg?fit=1079%2C633&ssl=1","type":"image\/jpeg"}],"author":"Prensa","twitter_card":"summary_large_image","twitter_creator":"@innoticiasbo","twitter_site":"@innoticiasbo","twitter_misc":{"Escrito por":"Prensa","Tiempo de lectura":"1 minuto"},"schema":{"@context":"https:\/\/schema.org","@graph":[{"@type":"Article","@id":"https:\/\/innoticiasbo.com\/index.php\/2026\/03\/15\/bellott-llama-masista-huevon-a-giovann-arzabe-al-ir-a-la-pausa-creyo-que-el-microfono-estaba-cerrado\/#article","isPartOf":{"@id":"https:\/\/innoticiasbo.com\/index.php\/2026\/03\/15\/bellott-llama-masista-huevon-a-giovann-arzabe-al-ir-a-la-pausa-creyo-que-el-microfono-estaba-cerrado\/"},"author":{"name":"Prensa","@id":"https:\/\/innoticiasbo.com\/#\/schema\/person\/589cd527c4211df1b943bdad85ec07ce"},"headline":"BELLOTT LLAMA \u201cMASISTA HUEV\u00d3N \u201d A GIOVANN ARZABE AL IR A LA PAUSA: CREY\u00d3 QUE EL MICR\u00d3FONO ESTABA CERRADO","datePublished":"2026-03-16T02:36:52+00:00","dateModified":"2026-03-16T02:37:54+00:00","mainEntityOfPage":{"@id":"https:\/\/innoticiasbo.com\/index.php\/2026\/03\/15\/bellott-llama-masista-huevon-a-giovann-arzabe-al-ir-a-la-pausa-creyo-que-el-microfono-estaba-cerrado\/"},"wordCount":238,"commentCount":0,"publisher":{"@id":"https:\/\/innoticiasbo.com\/#organization"},"image":{"@id":"https:\/\/innoticiasbo.com\/index.php\/2026\/03\/15\/bellott-llama-masista-huevon-a-giovann-arzabe-al-ir-a-la-pausa-creyo-que-el-microfono-estaba-cerrado\/#primaryimage"},"thumbnailUrl":"https:\/\/i0.wp.com\/innoticiasbo.com\/wp-content\/uploads\/2026\/03\/Screenshot_20260315_223632_CapCut.jpg?fit=1079%2C633&ssl=1","keywords":["debate","Giovann Arzabe","Javier Bellott","micr\u00f3fono abierto"],"articleSection":["Cochabamba","Pol\u00edtica"],"inLanguage":"es","potentialAction":[{"@type":"CommentAction","name":"Comment","target":["https:\/\/innoticiasbo.com\/index.php\/2026\/03\/15\/bellott-llama-masista-huevon-a-giovann-arzabe-al-ir-a-la-pausa-creyo-que-el-microfono-estaba-cerrado\/#respond"]}]},{"@type":"WebPage","@id":"https:\/\/innoticiasbo.com\/index.php\/2026\/03\/15\/bellott-llama-masista-huevon-a-giovann-arzabe-al-ir-a-la-pausa-creyo-que-el-microfono-estaba-cerrado\/","url":"https:\/\/innoticiasbo.com\/index.php\/2026\/03\/15\/bellott-llama-masista-huevon-a-giovann-arzabe-al-ir-a-la-pausa-creyo-que-el-microfono-estaba-cerrado\/","name":"BELLOTT LLAMA \u201cMASISTA HUEV\u00d3N \u201d A GIOVANN ARZABE AL IR A LA PAUSA: CREY\u00d3 QUE EL MICR\u00d3FONO ESTABA CERRADO - innoticiasbo.com","isPartOf":{"@id":"https:\/\/innoticiasbo.com\/#website"},"primaryImageOfPage":{"@id":"https:\/\/innoticiasbo.com\/index.php\/2026\/03\/15\/bellott-llama-masista-huevon-a-giovann-arzabe-al-ir-a-la-pausa-creyo-que-el-microfono-estaba-cerrado\/#primaryimage"},"image":{"@id":"https:\/\/innoticiasbo.com\/index.php\/2026\/03\/15\/bellott-llama-masista-huevon-a-giovann-arzabe-al-ir-a-la-pausa-creyo-que-el-microfono-estaba-cerrado\/#primaryimage"},"thumbnailUrl":"https:\/\/i0.wp.com\/innoticiasbo.com\/wp-content\/uploads\/2026\/03\/Screenshot_20260315_223632_CapCut.jpg?fit=1079%2C633&ssl=1","datePublished":"2026-03-16T02:36:52+00:00","dateModified":"2026-03-16T02:37:54+00:00","breadcrumb":{"@id":"https:\/\/innoticiasbo.com\/index.php\/2026\/03\/15\/bellott-llama-masista-huevon-a-giovann-arzabe-al-ir-a-la-pausa-creyo-que-el-microfono-estaba-cerrado\/#breadcrumb"},"inLanguage":"es","potentialAction":[{"@type":"ReadAction","target":["https:\/\/innoticiasbo.com\/index.php\/2026\/03\/15\/bellott-llama-masista-huevon-a-giovann-arzabe-al-ir-a-la-pausa-creyo-que-el-microfono-estaba-cerrado\/"]}]},{"@type":"ImageObject","inLanguage":"es","@id":"https:\/\/innoticiasbo.com\/index.php\/2026\/03\/15\/bellott-llama-masista-huevon-a-giovann-arzabe-al-ir-a-la-pausa-creyo-que-el-microfono-estaba-cerrado\/#primaryimage","url":"https:\/\/i0.wp.com\/innoticiasbo.com\/wp-content\/uploads\/2026\/03\/Screenshot_20260315_223632_CapCut.jpg?fit=1079%2C633&ssl=1","contentUrl":"https:\/\/i0.wp.com\/innoticiasbo.com\/wp-content\/uploads\/2026\/03\/Screenshot_20260315_223632_CapCut.jpg?fit=1079%2C633&ssl=1","width":1079,"height":633},{"@type":"BreadcrumbList","@id":"https:\/\/innoticiasbo.com\/index.php\/2026\/03\/15\/bellott-llama-masista-huevon-a-giovann-arzabe-al-ir-a-la-pausa-creyo-que-el-microfono-estaba-cerrado\/#breadcrumb","itemListElement":[{"@type":"ListItem","position":1,"name":"Portada","item":"https:\/\/innoticiasbo.com\/"},{"@type":"ListItem","position":2,"name":"BELLOTT LLAMA \u201cMASISTA HUEV\u00d3N \u201d A GIOVANN ARZABE AL IR A LA PAUSA: CREY\u00d3 QUE EL MICR\u00d3FONO ESTABA CERRADO"}]},{"@type":"WebSite","@id":"https:\/\/innoticiasbo.com\/#website","url":"https:\/\/innoticiasbo.com\/","name":"innoticiasbo.com","description":"","publisher":{"@id":"https:\/\/innoticiasbo.com\/#organization"},"potentialAction":[{"@type":"SearchAction","target":{"@type":"EntryPoint","urlTemplate":"https:\/\/innoticiasbo.com\/?s={search_term_string}"},"query-input":{"@type":"PropertyValueSpecification","valueRequired":true,"valueName":"search_term_string"}}],"inLanguage":"es"},{"@type":"Organization","@id":"https:\/\/innoticiasbo.com\/#organization","name":"innoticiasbo.com","url":"https:\/\/innoticiasbo.com\/","logo":{"@type":"ImageObject","inLanguage":"es","@id":"https:\/\/innoticiasbo.com\/#\/schema\/logo\/image\/","url":"https:\/\/i0.wp.com\/innoticiasbo.com\/wp-content\/uploads\/2026\/04\/cropped-IN-LOGO.png?fit=1476%2C1476&ssl=1","contentUrl":"https:\/\/i0.wp.com\/innoticiasbo.com\/wp-content\/uploads\/2026\/04\/cropped-IN-LOGO.png?fit=1476%2C1476&ssl=1","width":1476,"height":1476,"caption":"innoticiasbo.com"},"image":{"@id":"https:\/\/innoticiasbo.com\/#\/schema\/logo\/image\/"},"sameAs":["https:\/\/www.facebook.com\/innoticiasbolivia","https:\/\/x.com\/innoticiasbo","https:\/\/www.instagram.com\/innoticiasbo","https:\/\/www.youtube.com\/innoticiasbo"]},{"@type":"Person","@id":"https:\/\/innoticiasbo.com\/#\/schema\/person\/589cd527c4211df1b943bdad85ec07ce","name":"Prensa","image":{"@type":"ImageObject","inLanguage":"es","@id":"https:\/\/innoticiasbo.com\/#\/schema\/person\/image\/","url":"https:\/\/secure.gravatar.com\/avatar\/d359bbdf112023c1c0a3ec7fe1600657?s=96&d=mm&r=g","contentUrl":"https:\/\/secure.gravatar.com\/avatar\/d359bbdf112023c1c0a3ec7fe1600657?s=96&d=mm&r=g","caption":"Prensa"},"sameAs":["http:\/\/www.innoticiasbo.com"],"url":"https:\/\/innoticiasbo.com\/index.php\/author\/prensa\/"}]}},"jetpack_featured_media_url":"https:\/\/i0.wp.com\/innoticiasbo.com\/wp-content\/uploads\/2026\/03\/Screenshot_20260315_223632_CapCut.jpg?fit=1079%2C633&ssl=1","jetpack_likes_enabled":true,"jetpack_sharing_enabled":true,"jetpack_shortlink":"https:\/\/wp.me\/pg298x-2vK","_links":{"self":[{"href":"https:\/\/innoticiasbo.com\/index.php\/wp-json\/wp\/v2\/posts\/9656","targetHints":{"allow":["GET"]}}],"collection":[{"href":"https:\/\/innoticiasbo.com\/index.php\/wp-json\/wp\/v2\/posts"}],"about":[{"href":"https:\/\/innoticiasbo.com\/index.php\/wp-json\/wp\/v2\/types\/post"}],"author":[{"embeddable":true,"href":"https:\/\/innoticiasbo.com\/index.php\/wp-json\/wp\/v2\/users\/2"}],"replies":[{"embeddable":true,"href":"https:\/\/innoticiasbo.com\/index.php\/wp-json\/wp\/v2\/comments?post=9656"}],"version-history":[{"count":2,"href":"https:\/\/innoticiasbo.com\/index.php\/wp-json\/wp\/v2\/posts\/9656\/revisions"}],"predecessor-version":[{"id":9660,"href":"https:\/\/innoticiasbo.com\/index.php\/wp-json\/wp\/v2\/posts\/9656\/revisions\/9660"}],"wp:featuredmedia":[{"embeddable":true,"href":"https:\/\/innoticiasbo.com\/index.php\/wp-json\/wp\/v2\/media\/9659"}],"wp:attachment":[{"href":"https:\/\/innoticiasbo.com\/index.php\/wp-json\/wp\/v2\/media?parent=9656"}],"wp:term":[{"taxonomy":"category","embeddable":true,"href":"https:\/\/innoticiasbo.com\/index.php\/wp-json\/wp\/v2\/categories?post=9656"},{"taxonomy":"post_tag","embeddable":true,"href":"https:\/\/innoticiasbo.com\/index.php\/wp-json\/wp\/v2\/tags?post=9656"}],"curies":[{"name":"wp","href":"https:\/\/api.w.org\/{rel}","templated":true}]}}