{"id":9654,"date":"2026-03-15T20:43:05","date_gmt":"2026-03-16T00:43:05","guid":{"rendered":"https:\/\/innoticiasbo.com\/?p=9654"},"modified":"2026-03-15T20:43:56","modified_gmt":"2026-03-16T00:43:56","slug":"marset-las-maletas-y-los-silencios-del-poder-en-bolivia-siempre-se-sabia-antes","status":"publish","type":"post","link":"https:\/\/innoticiasbo.com\/index.php\/2026\/03\/15\/marset-las-maletas-y-los-silencios-del-poder-en-bolivia-siempre-se-sabia-antes\/","title":{"rendered":"MARSET, LAS MALETAS Y LOS SILENCIOS DEL PODER: \u00bfEN BOLIVIA SIEMPRE SE SAB\u00cdA ANTES?"},"content":{"rendered":"<p><img data-recalc-dims=\"1\" loading=\"lazy\" decoding=\"async\" src=\"https:\/\/i0.wp.com\/innoticiasbo.com\/wp-content\/uploads\/2026\/03\/img-20260315-wa0142898228947019724000.jpg?resize=640%2C640&#038;ssl=1\" class=\"wp-image-9652 alignnone size-full\" width=\"640\" height=\"640\" srcset=\"https:\/\/i0.wp.com\/innoticiasbo.com\/wp-content\/uploads\/2026\/03\/img-20260315-wa0142898228947019724000.jpg?w=1080&amp;ssl=1 1080w, https:\/\/i0.wp.com\/innoticiasbo.com\/wp-content\/uploads\/2026\/03\/img-20260315-wa0142898228947019724000.jpg?resize=300%2C300&amp;ssl=1 300w, https:\/\/i0.wp.com\/innoticiasbo.com\/wp-content\/uploads\/2026\/03\/img-20260315-wa0142898228947019724000.jpg?resize=1024%2C1024&amp;ssl=1 1024w, https:\/\/i0.wp.com\/innoticiasbo.com\/wp-content\/uploads\/2026\/03\/img-20260315-wa0142898228947019724000.jpg?resize=150%2C150&amp;ssl=1 150w, https:\/\/i0.wp.com\/innoticiasbo.com\/wp-content\/uploads\/2026\/03\/img-20260315-wa0142898228947019724000.jpg?resize=768%2C768&amp;ssl=1 768w\" sizes=\"auto, (max-width: 640px) 100vw, 640px\" \/><\/p>\n<p>Atrapan a Marset en Santa Cruz y surge una pregunta inevitable: \u00bfde verdad nadie sab\u00eda nada antes? No ser\u00eda la primera vez. Cuando estall\u00f3 el caso de las 32 maletas vinculadas al narcotr\u00e1fico, el propio presidente Rodrigo Paz admiti\u00f3 que su gobierno ya manejaba esa informaci\u00f3n tiempo atr\u00e1s, es decir, que \u00e9l y sus ministros lo sab\u00edan antes de que el pa\u00eds se enterara. Mientras tanto, Bolivia tambi\u00e9n ha acumulado otros esc\u00e1ndalos que aparentemente ya eran conocidos dentro del poder: la gasolina \u201cbasura\u201d que arruin\u00f3 miles de veh\u00edculos, los sobreprecios en la importaci\u00f3n de di\u00e9sel y petr\u00f3leo, la anulaci\u00f3n de series de billetes tras los hechos de El Alto \u2014que termin\u00f3 asesinando la confianza en el dinero fiduciario\u2014, ministros cuestionados y un pa\u00eds cada vez m\u00e1s endeudado. Por eso la duda del ciudadano com\u00fan sigue siendo la misma: si muchas cosas ya se sab\u00edan dentro del poder, por qu\u00e9 el pa\u00eds siempre se entera despu\u00e9s.<\/p>\n<p>En Bolivia pasan cosas curiosas. Muchas veces los esc\u00e1ndalos aparecen primero en los titulares, en las redes sociales o en los rumores de la gente, y solo despu\u00e9s llegan las explicaciones oficiales. Entonces aparecen conferencias de prensa, rostros serios y promesas de investigaci\u00f3n. Pero queda una duda inevitable flotando en el aire: \u00bfde verdad nadie sab\u00eda nada antes?<\/p>\n<p>Ahora que se habla de la captura de Marset en Santa Cruz, vuelve esa sensaci\u00f3n conocida. Porque cuando se trata de informaci\u00f3n delicada, parece que en el Estado siempre alguien sab\u00eda algo, pero el pa\u00eds se entera reci\u00e9n cuando el esc\u00e1ndalo ya es imposible de ocultar. Y ah\u00ed es donde muchos recuerdan una frase que marc\u00f3 otro episodio pol\u00e9mico: cuando explot\u00f3 el caso de las 32 maletas vinculadas al narcotr\u00e1fico, el propio Rodrigo Paz admiti\u00f3 que su gobierno conoc\u00eda el tema desde antes. No era un rumor ni una suposici\u00f3n: \u00e9l mismo dijo que esa informaci\u00f3n la manejaban tiempo atr\u00e1s. Es decir, Paz lo sab\u00eda, y lo sab\u00edan tambi\u00e9n sus ministros.<\/p>\n<p>Ese detalle no es menor. Porque si el gobierno ya conoc\u00eda el caso de las maletas, la pregunta que inevitablemente surge es qu\u00e9 otras cosas se conoc\u00edan con anticipaci\u00f3n. \u00bfSe sab\u00eda tambi\u00e9n del paradero de Marset? \u00bfSe sab\u00eda de otros hechos que solo salieron a la luz cuando el esc\u00e1ndalo ya era p\u00fablico? La sensaci\u00f3n ciudadana es que muchas veces la informaci\u00f3n existe dentro del Estado, pero se guarda hasta que ya no queda otra opci\u00f3n que reconocerla.<\/p>\n<p>A esto se suma una larga lista de problemas y esc\u00e1ndalos que han marcado la gesti\u00f3n p\u00fablica en los \u00faltimos a\u00f1os. Miles de autos y motocicletas da\u00f1ados por la llamada gasolina \u201cbasura\u201d, denuncias de sobreprecio en la importaci\u00f3n de petr\u00f3leo y di\u00e9sel, y decisiones como la anulaci\u00f3n de series de billetes despu\u00e9s de los hechos violentos en El Alto \u2014medidas que terminaron asesinando la confianza en el dinero fiduciario\u2014. Todo esto deja una pregunta inevitable: \u00bfacaso el presidente del Banco Central de Bolivia y el ministro de Econom\u00eda pasaron por la universidad estudiando pol\u00edtica monetaria? Porque decisiones de ese tipo no solo generan confusi\u00f3n, tambi\u00e9n golpean directamente la credibilidad del sistema financiero. A esto se suman, adem\u00e1s, las acusaciones contra autoridades del propio gobierno.<\/p>\n<p>En varios de esos episodios se repite el mismo patr\u00f3n: decisiones costosas para el pa\u00eds y explicaciones que llegan despu\u00e9s. Tambi\u00e9n se han conocido casos de ministros cuestionados, como el de Obras P\u00fablicas, que contaba con una condena de tres a\u00f1os y un d\u00eda y aun as\u00ed termin\u00f3 siendo ministro en el gobierno de Rodrigo Paz. A la vez, figuras pol\u00edticas vinculadas a campa\u00f1as electorales, como Luis Revilla o Luis Fernando Camacho, enfrentan procesos judiciales que alimentan a\u00fan m\u00e1s la polarizaci\u00f3n pol\u00edtica del pa\u00eds.<\/p>\n<p>Mientras tanto, el escenario institucional se vuelve cada vez m\u00e1s complejo. Un ministro de Econom\u00eda con arraigos, un presidente con procesos en su ciudad natal de Tarija y un clima pol\u00edtico donde las acusaciones de persecuci\u00f3n se cruzan con denuncias de impunidad. Para unos hay persecuci\u00f3n pol\u00edtica; para otros, liberaciones inexplicables de personas que ya ten\u00edan condenas, incluso despu\u00e9s de hechos graves ocurridos durante el gobierno de Jeanine A\u00f1ez.<\/p>\n<p>Pero quiz\u00e1s el tema m\u00e1s silencioso \u2014y al mismo tiempo m\u00e1s preocupante\u2014 es el econ\u00f3mico. Bolivia sigue recurriendo a pr\u00e9stamos de organismos multilaterales como la CAF, el BID, el Fondo Monetario Internacional (FMI), la Reserva Federal de Estados Unidos (FED) o el Banco Mundial. En medio de este panorama surge otra pregunta inc\u00f3moda: \u00bfpor qu\u00e9 Bolivia se est\u00e1 endeudando tanto y, al mismo tiempo, no logra reactivar con fuerza su aparato productivo primario, como la miner\u00eda, los hidrocarburos o los recursos evapor\u00edticos? \u00bfSer\u00e1 que esa deuda realmente se est\u00e1 adquiriendo para impulsar la producci\u00f3n y generar riqueza para el pa\u00eds, o terminar\u00e1 beneficiando principalmente a ciertos sectores privados mientras la carga final la pagan todos los bolivianos? Tambi\u00e9n queda la sospecha de si parte de esos recursos termina cubriendo gastos del propio Estado, como viajes oficiales del presidente acompa\u00f1ados por su familia o la creaci\u00f3n de nuevas oficinas, como la de la primera dama, adem\u00e1s del funcionamiento de estructuras burocr\u00e1ticas cada vez m\u00e1s amplias, en lugar de destinarse a proyectos que realmente fortalezcan la econom\u00eda real del pa\u00eds.<\/p>\n<p>Tambi\u00e9n se ha mencionado que el ministro de Econom\u00eda lleg\u00f3 a gestionar alrededor de 200 millones de d\u00f3lares del Banco Mundial para financiar el pago del llamado Bono \u201cPepe\u201d impulsado por el gobierno de Rodrigo Paz. Esto abre un debate inevitable sobre la sostenibilidad de estas pol\u00edticas: hasta qu\u00e9 punto es responsable financiar bonos sociales con deuda externa y qu\u00e9 consecuencias tendr\u00e1 eso para las finanzas del pa\u00eds en el futuro.<\/p>\n<p>Todo esto lleva a una reflexi\u00f3n m\u00e1s profunda sobre la forma en que se est\u00e1 manejando el Estado. Cuando los propios gobernantes reconocen que ciertos hechos se conoc\u00edan desde antes \u2014como ocurri\u00f3 con el caso de las 32 maletas\u2014 la ciudadan\u00eda empieza a preguntarse qu\u00e9 m\u00e1s se sab\u00eda y por qu\u00e9 no se actu\u00f3 a tiempo. Porque si Rodrigo Paz y sus ministros ya ten\u00edan informaci\u00f3n previa sobre ese esc\u00e1ndalo, el problema deja de ser solo el hecho en s\u00ed y pasa a ser la forma en que se administr\u00f3 esa informaci\u00f3n.<\/p>\n<p>El problema, en realidad, no es que existan esc\u00e1ndalos. Todas las democracias los tienen. El problema es cuando la sensaci\u00f3n generalizada es que el Estado siempre llega tarde a la verdad. Siempre aparece alguien diciendo que el tema ya se conoc\u00eda, que se manejaba informaci\u00f3n desde antes o que reci\u00e9n ahora se est\u00e1 investigando.<\/p>\n<p>Mientras tanto, el ciudadano com\u00fan \u2014el que paga impuestos, el que llena el tanque de gasolina basura sin saber si da\u00f1ar\u00e1 su veh\u00edculo y el que escucha hablar cada vez m\u00e1s de deuda externa\u2014 se queda con una sospecha dif\u00edcil de ignorar: que en Bolivia muchas veces la informaci\u00f3n existe dentro del poder, pero solo sale a la luz cuando el esc\u00e1ndalo ya es imposible de ocultar.<\/p>\n<p>Y cuando la verdad siempre aparece despu\u00e9s del problema, la pregunta deja de ser si el Estado sab\u00eda o no sab\u00eda. La verdadera pregunta pasa a ser otra: por qu\u00e9, si ya se sab\u00eda, nadie actu\u00f3 antes.<\/p>\n","protected":false},"excerpt":{"rendered":"<p>Atrapan a Marset en Santa Cruz y surge una pregunta inevitable: \u00bfde verdad nadie sab\u00eda nada antes? No ser\u00eda la primera vez. Cuando estall\u00f3 el caso de las 32 maletas vinculadas al narcotr\u00e1fico, el propio presidente Rodrigo Paz admiti\u00f3 que su gobierno ya manejaba esa informaci\u00f3n tiempo atr\u00e1s, es decir, que \u00e9l y sus ministros&#8230;<\/p>\n","protected":false},"author":2,"featured_media":9653,"comment_status":"open","ping_status":"open","sticky":false,"template":"","format":"standard","meta":{"_jetpack_memberships_contains_paid_content":false,"footnotes":"","jetpack_publicize_message":"","jetpack_publicize_feature_enabled":true,"jetpack_social_post_already_shared":true,"jetpack_social_options":{"image_generator_settings":{"template":"highway","enabled":false},"version":2}},"categories":[1,17,3],"tags":[1126,1006,563],"class_list":["post-9654","post","type-post","status-publish","format-standard","has-post-thumbnail","hentry","category-bolivia","category-opinion","category-politica","tag-caso-maletas","tag-martin-moreira","tag-sebastian-marset"],"jetpack_publicize_connections":[],"yoast_head":"<!-- This site is optimized with the Yoast SEO plugin v23.4 - https:\/\/yoast.com\/wordpress\/plugins\/seo\/ -->\n<title>MARSET, LAS MALETAS Y LOS SILENCIOS DEL PODER: \u00bfEN BOLIVIA SIEMPRE SE SAB\u00cdA ANTES? - innoticiasbo.com<\/title>\n<meta name=\"robots\" content=\"index, follow, max-snippet:-1, max-image-preview:large, max-video-preview:-1\" \/>\n<link rel=\"canonical\" href=\"https:\/\/innoticiasbo.com\/index.php\/2026\/03\/15\/marset-las-maletas-y-los-silencios-del-poder-en-bolivia-siempre-se-sabia-antes\/\" \/>\n<meta property=\"og:locale\" content=\"es_ES\" \/>\n<meta property=\"og:type\" content=\"article\" \/>\n<meta property=\"og:title\" content=\"MARSET, LAS MALETAS Y LOS SILENCIOS DEL PODER: \u00bfEN BOLIVIA SIEMPRE SE SAB\u00cdA ANTES? - innoticiasbo.com\" \/>\n<meta property=\"og:description\" content=\"Atrapan a Marset en Santa Cruz y surge una pregunta inevitable: \u00bfde verdad nadie sab\u00eda nada antes? No ser\u00eda la primera vez. Cuando estall\u00f3 el caso de las 32 maletas vinculadas al narcotr\u00e1fico, el propio presidente Rodrigo Paz admiti\u00f3 que su gobierno ya manejaba esa informaci\u00f3n tiempo atr\u00e1s, es decir, que \u00e9l y sus ministros...\" \/>\n<meta property=\"og:url\" content=\"https:\/\/innoticiasbo.com\/index.php\/2026\/03\/15\/marset-las-maletas-y-los-silencios-del-poder-en-bolivia-siempre-se-sabia-antes\/\" \/>\n<meta property=\"og:site_name\" content=\"innoticiasbo.com\" \/>\n<meta property=\"article:publisher\" content=\"https:\/\/www.facebook.com\/innoticiasbolivia\" \/>\n<meta property=\"article:published_time\" content=\"2026-03-16T00:43:05+00:00\" \/>\n<meta property=\"article:modified_time\" content=\"2026-03-16T00:43:56+00:00\" \/>\n<meta property=\"og:image\" content=\"https:\/\/i0.wp.com\/innoticiasbo.com\/wp-content\/uploads\/2026\/03\/IMG-20260315-WA0142.jpg?fit=1080%2C1080&ssl=1\" \/>\n\t<meta property=\"og:image:width\" content=\"1080\" \/>\n\t<meta property=\"og:image:height\" content=\"1080\" \/>\n\t<meta property=\"og:image:type\" content=\"image\/jpeg\" \/>\n<meta name=\"author\" content=\"Prensa\" \/>\n<meta name=\"twitter:card\" content=\"summary_large_image\" \/>\n<meta name=\"twitter:creator\" content=\"@innoticiasbo\" \/>\n<meta name=\"twitter:site\" content=\"@innoticiasbo\" \/>\n<meta name=\"twitter:label1\" content=\"Escrito por\" \/>\n\t<meta name=\"twitter:data1\" content=\"Prensa\" \/>\n\t<meta name=\"twitter:label2\" content=\"Tiempo de lectura\" \/>\n\t<meta name=\"twitter:data2\" content=\"7 minutos\" \/>\n<script type=\"application\/ld+json\" class=\"yoast-schema-graph\">{\"@context\":\"https:\/\/schema.org\",\"@graph\":[{\"@type\":\"Article\",\"@id\":\"https:\/\/innoticiasbo.com\/index.php\/2026\/03\/15\/marset-las-maletas-y-los-silencios-del-poder-en-bolivia-siempre-se-sabia-antes\/#article\",\"isPartOf\":{\"@id\":\"https:\/\/innoticiasbo.com\/index.php\/2026\/03\/15\/marset-las-maletas-y-los-silencios-del-poder-en-bolivia-siempre-se-sabia-antes\/\"},\"author\":{\"name\":\"Prensa\",\"@id\":\"https:\/\/innoticiasbo.com\/#\/schema\/person\/589cd527c4211df1b943bdad85ec07ce\"},\"headline\":\"MARSET, LAS MALETAS Y LOS SILENCIOS DEL PODER: \u00bfEN BOLIVIA SIEMPRE SE SAB\u00cdA ANTES?\",\"datePublished\":\"2026-03-16T00:43:05+00:00\",\"dateModified\":\"2026-03-16T00:43:56+00:00\",\"mainEntityOfPage\":{\"@id\":\"https:\/\/innoticiasbo.com\/index.php\/2026\/03\/15\/marset-las-maletas-y-los-silencios-del-poder-en-bolivia-siempre-se-sabia-antes\/\"},\"wordCount\":1326,\"commentCount\":0,\"publisher\":{\"@id\":\"https:\/\/innoticiasbo.com\/#organization\"},\"image\":{\"@id\":\"https:\/\/innoticiasbo.com\/index.php\/2026\/03\/15\/marset-las-maletas-y-los-silencios-del-poder-en-bolivia-siempre-se-sabia-antes\/#primaryimage\"},\"thumbnailUrl\":\"https:\/\/i0.wp.com\/innoticiasbo.com\/wp-content\/uploads\/2026\/03\/IMG-20260315-WA0142.jpg?fit=1080%2C1080&ssl=1\",\"keywords\":[\"caso maletas\",\"Martin Moreira\",\"Sebasti\u00e1n Marset\"],\"articleSection\":[\"Bolivia\",\"Opini\u00f3n\",\"Pol\u00edtica\"],\"inLanguage\":\"es\",\"potentialAction\":[{\"@type\":\"CommentAction\",\"name\":\"Comment\",\"target\":[\"https:\/\/innoticiasbo.com\/index.php\/2026\/03\/15\/marset-las-maletas-y-los-silencios-del-poder-en-bolivia-siempre-se-sabia-antes\/#respond\"]}]},{\"@type\":\"WebPage\",\"@id\":\"https:\/\/innoticiasbo.com\/index.php\/2026\/03\/15\/marset-las-maletas-y-los-silencios-del-poder-en-bolivia-siempre-se-sabia-antes\/\",\"url\":\"https:\/\/innoticiasbo.com\/index.php\/2026\/03\/15\/marset-las-maletas-y-los-silencios-del-poder-en-bolivia-siempre-se-sabia-antes\/\",\"name\":\"MARSET, LAS MALETAS Y LOS SILENCIOS DEL PODER: \u00bfEN BOLIVIA SIEMPRE SE SAB\u00cdA ANTES? - innoticiasbo.com\",\"isPartOf\":{\"@id\":\"https:\/\/innoticiasbo.com\/#website\"},\"primaryImageOfPage\":{\"@id\":\"https:\/\/innoticiasbo.com\/index.php\/2026\/03\/15\/marset-las-maletas-y-los-silencios-del-poder-en-bolivia-siempre-se-sabia-antes\/#primaryimage\"},\"image\":{\"@id\":\"https:\/\/innoticiasbo.com\/index.php\/2026\/03\/15\/marset-las-maletas-y-los-silencios-del-poder-en-bolivia-siempre-se-sabia-antes\/#primaryimage\"},\"thumbnailUrl\":\"https:\/\/i0.wp.com\/innoticiasbo.com\/wp-content\/uploads\/2026\/03\/IMG-20260315-WA0142.jpg?fit=1080%2C1080&ssl=1\",\"datePublished\":\"2026-03-16T00:43:05+00:00\",\"dateModified\":\"2026-03-16T00:43:56+00:00\",\"breadcrumb\":{\"@id\":\"https:\/\/innoticiasbo.com\/index.php\/2026\/03\/15\/marset-las-maletas-y-los-silencios-del-poder-en-bolivia-siempre-se-sabia-antes\/#breadcrumb\"},\"inLanguage\":\"es\",\"potentialAction\":[{\"@type\":\"ReadAction\",\"target\":[\"https:\/\/innoticiasbo.com\/index.php\/2026\/03\/15\/marset-las-maletas-y-los-silencios-del-poder-en-bolivia-siempre-se-sabia-antes\/\"]}]},{\"@type\":\"ImageObject\",\"inLanguage\":\"es\",\"@id\":\"https:\/\/innoticiasbo.com\/index.php\/2026\/03\/15\/marset-las-maletas-y-los-silencios-del-poder-en-bolivia-siempre-se-sabia-antes\/#primaryimage\",\"url\":\"https:\/\/i0.wp.com\/innoticiasbo.com\/wp-content\/uploads\/2026\/03\/IMG-20260315-WA0142.jpg?fit=1080%2C1080&ssl=1\",\"contentUrl\":\"https:\/\/i0.wp.com\/innoticiasbo.com\/wp-content\/uploads\/2026\/03\/IMG-20260315-WA0142.jpg?fit=1080%2C1080&ssl=1\",\"width\":1080,\"height\":1080},{\"@type\":\"BreadcrumbList\",\"@id\":\"https:\/\/innoticiasbo.com\/index.php\/2026\/03\/15\/marset-las-maletas-y-los-silencios-del-poder-en-bolivia-siempre-se-sabia-antes\/#breadcrumb\",\"itemListElement\":[{\"@type\":\"ListItem\",\"position\":1,\"name\":\"Portada\",\"item\":\"https:\/\/innoticiasbo.com\/\"},{\"@type\":\"ListItem\",\"position\":2,\"name\":\"MARSET, LAS MALETAS Y LOS SILENCIOS DEL PODER: \u00bfEN BOLIVIA SIEMPRE SE SAB\u00cdA ANTES?\"}]},{\"@type\":\"WebSite\",\"@id\":\"https:\/\/innoticiasbo.com\/#website\",\"url\":\"https:\/\/innoticiasbo.com\/\",\"name\":\"innoticiasbo.com\",\"description\":\"\",\"publisher\":{\"@id\":\"https:\/\/innoticiasbo.com\/#organization\"},\"potentialAction\":[{\"@type\":\"SearchAction\",\"target\":{\"@type\":\"EntryPoint\",\"urlTemplate\":\"https:\/\/innoticiasbo.com\/?s={search_term_string}\"},\"query-input\":{\"@type\":\"PropertyValueSpecification\",\"valueRequired\":true,\"valueName\":\"search_term_string\"}}],\"inLanguage\":\"es\"},{\"@type\":\"Organization\",\"@id\":\"https:\/\/innoticiasbo.com\/#organization\",\"name\":\"innoticiasbo.com\",\"url\":\"https:\/\/innoticiasbo.com\/\",\"logo\":{\"@type\":\"ImageObject\",\"inLanguage\":\"es\",\"@id\":\"https:\/\/innoticiasbo.com\/#\/schema\/logo\/image\/\",\"url\":\"https:\/\/i0.wp.com\/innoticiasbo.com\/wp-content\/uploads\/2026\/04\/cropped-IN-LOGO.png?fit=1476%2C1476&ssl=1\",\"contentUrl\":\"https:\/\/i0.wp.com\/innoticiasbo.com\/wp-content\/uploads\/2026\/04\/cropped-IN-LOGO.png?fit=1476%2C1476&ssl=1\",\"width\":1476,\"height\":1476,\"caption\":\"innoticiasbo.com\"},\"image\":{\"@id\":\"https:\/\/innoticiasbo.com\/#\/schema\/logo\/image\/\"},\"sameAs\":[\"https:\/\/www.facebook.com\/innoticiasbolivia\",\"https:\/\/x.com\/innoticiasbo\",\"https:\/\/www.instagram.com\/innoticiasbo\",\"https:\/\/www.youtube.com\/innoticiasbo\"]},{\"@type\":\"Person\",\"@id\":\"https:\/\/innoticiasbo.com\/#\/schema\/person\/589cd527c4211df1b943bdad85ec07ce\",\"name\":\"Prensa\",\"image\":{\"@type\":\"ImageObject\",\"inLanguage\":\"es\",\"@id\":\"https:\/\/innoticiasbo.com\/#\/schema\/person\/image\/\",\"url\":\"https:\/\/secure.gravatar.com\/avatar\/d359bbdf112023c1c0a3ec7fe1600657?s=96&d=mm&r=g\",\"contentUrl\":\"https:\/\/secure.gravatar.com\/avatar\/d359bbdf112023c1c0a3ec7fe1600657?s=96&d=mm&r=g\",\"caption\":\"Prensa\"},\"sameAs\":[\"http:\/\/www.innoticiasbo.com\"],\"url\":\"https:\/\/innoticiasbo.com\/index.php\/author\/prensa\/\"}]}<\/script>\n<!-- \/ Yoast SEO plugin. -->","yoast_head_json":{"title":"MARSET, LAS MALETAS Y LOS SILENCIOS DEL PODER: \u00bfEN BOLIVIA SIEMPRE SE SAB\u00cdA ANTES? - innoticiasbo.com","robots":{"index":"index","follow":"follow","max-snippet":"max-snippet:-1","max-image-preview":"max-image-preview:large","max-video-preview":"max-video-preview:-1"},"canonical":"https:\/\/innoticiasbo.com\/index.php\/2026\/03\/15\/marset-las-maletas-y-los-silencios-del-poder-en-bolivia-siempre-se-sabia-antes\/","og_locale":"es_ES","og_type":"article","og_title":"MARSET, LAS MALETAS Y LOS SILENCIOS DEL PODER: \u00bfEN BOLIVIA SIEMPRE SE SAB\u00cdA ANTES? - innoticiasbo.com","og_description":"Atrapan a Marset en Santa Cruz y surge una pregunta inevitable: \u00bfde verdad nadie sab\u00eda nada antes? No ser\u00eda la primera vez. Cuando estall\u00f3 el caso de las 32 maletas vinculadas al narcotr\u00e1fico, el propio presidente Rodrigo Paz admiti\u00f3 que su gobierno ya manejaba esa informaci\u00f3n tiempo atr\u00e1s, es decir, que \u00e9l y sus ministros...","og_url":"https:\/\/innoticiasbo.com\/index.php\/2026\/03\/15\/marset-las-maletas-y-los-silencios-del-poder-en-bolivia-siempre-se-sabia-antes\/","og_site_name":"innoticiasbo.com","article_publisher":"https:\/\/www.facebook.com\/innoticiasbolivia","article_published_time":"2026-03-16T00:43:05+00:00","article_modified_time":"2026-03-16T00:43:56+00:00","og_image":[{"width":1080,"height":1080,"url":"https:\/\/i0.wp.com\/innoticiasbo.com\/wp-content\/uploads\/2026\/03\/IMG-20260315-WA0142.jpg?fit=1080%2C1080&ssl=1","type":"image\/jpeg"}],"author":"Prensa","twitter_card":"summary_large_image","twitter_creator":"@innoticiasbo","twitter_site":"@innoticiasbo","twitter_misc":{"Escrito por":"Prensa","Tiempo de lectura":"7 minutos"},"schema":{"@context":"https:\/\/schema.org","@graph":[{"@type":"Article","@id":"https:\/\/innoticiasbo.com\/index.php\/2026\/03\/15\/marset-las-maletas-y-los-silencios-del-poder-en-bolivia-siempre-se-sabia-antes\/#article","isPartOf":{"@id":"https:\/\/innoticiasbo.com\/index.php\/2026\/03\/15\/marset-las-maletas-y-los-silencios-del-poder-en-bolivia-siempre-se-sabia-antes\/"},"author":{"name":"Prensa","@id":"https:\/\/innoticiasbo.com\/#\/schema\/person\/589cd527c4211df1b943bdad85ec07ce"},"headline":"MARSET, LAS MALETAS Y LOS SILENCIOS DEL PODER: \u00bfEN BOLIVIA SIEMPRE SE SAB\u00cdA ANTES?","datePublished":"2026-03-16T00:43:05+00:00","dateModified":"2026-03-16T00:43:56+00:00","mainEntityOfPage":{"@id":"https:\/\/innoticiasbo.com\/index.php\/2026\/03\/15\/marset-las-maletas-y-los-silencios-del-poder-en-bolivia-siempre-se-sabia-antes\/"},"wordCount":1326,"commentCount":0,"publisher":{"@id":"https:\/\/innoticiasbo.com\/#organization"},"image":{"@id":"https:\/\/innoticiasbo.com\/index.php\/2026\/03\/15\/marset-las-maletas-y-los-silencios-del-poder-en-bolivia-siempre-se-sabia-antes\/#primaryimage"},"thumbnailUrl":"https:\/\/i0.wp.com\/innoticiasbo.com\/wp-content\/uploads\/2026\/03\/IMG-20260315-WA0142.jpg?fit=1080%2C1080&ssl=1","keywords":["caso maletas","Martin Moreira","Sebasti\u00e1n Marset"],"articleSection":["Bolivia","Opini\u00f3n","Pol\u00edtica"],"inLanguage":"es","potentialAction":[{"@type":"CommentAction","name":"Comment","target":["https:\/\/innoticiasbo.com\/index.php\/2026\/03\/15\/marset-las-maletas-y-los-silencios-del-poder-en-bolivia-siempre-se-sabia-antes\/#respond"]}]},{"@type":"WebPage","@id":"https:\/\/innoticiasbo.com\/index.php\/2026\/03\/15\/marset-las-maletas-y-los-silencios-del-poder-en-bolivia-siempre-se-sabia-antes\/","url":"https:\/\/innoticiasbo.com\/index.php\/2026\/03\/15\/marset-las-maletas-y-los-silencios-del-poder-en-bolivia-siempre-se-sabia-antes\/","name":"MARSET, LAS MALETAS Y LOS SILENCIOS DEL PODER: \u00bfEN BOLIVIA SIEMPRE SE SAB\u00cdA ANTES? - innoticiasbo.com","isPartOf":{"@id":"https:\/\/innoticiasbo.com\/#website"},"primaryImageOfPage":{"@id":"https:\/\/innoticiasbo.com\/index.php\/2026\/03\/15\/marset-las-maletas-y-los-silencios-del-poder-en-bolivia-siempre-se-sabia-antes\/#primaryimage"},"image":{"@id":"https:\/\/innoticiasbo.com\/index.php\/2026\/03\/15\/marset-las-maletas-y-los-silencios-del-poder-en-bolivia-siempre-se-sabia-antes\/#primaryimage"},"thumbnailUrl":"https:\/\/i0.wp.com\/innoticiasbo.com\/wp-content\/uploads\/2026\/03\/IMG-20260315-WA0142.jpg?fit=1080%2C1080&ssl=1","datePublished":"2026-03-16T00:43:05+00:00","dateModified":"2026-03-16T00:43:56+00:00","breadcrumb":{"@id":"https:\/\/innoticiasbo.com\/index.php\/2026\/03\/15\/marset-las-maletas-y-los-silencios-del-poder-en-bolivia-siempre-se-sabia-antes\/#breadcrumb"},"inLanguage":"es","potentialAction":[{"@type":"ReadAction","target":["https:\/\/innoticiasbo.com\/index.php\/2026\/03\/15\/marset-las-maletas-y-los-silencios-del-poder-en-bolivia-siempre-se-sabia-antes\/"]}]},{"@type":"ImageObject","inLanguage":"es","@id":"https:\/\/innoticiasbo.com\/index.php\/2026\/03\/15\/marset-las-maletas-y-los-silencios-del-poder-en-bolivia-siempre-se-sabia-antes\/#primaryimage","url":"https:\/\/i0.wp.com\/innoticiasbo.com\/wp-content\/uploads\/2026\/03\/IMG-20260315-WA0142.jpg?fit=1080%2C1080&ssl=1","contentUrl":"https:\/\/i0.wp.com\/innoticiasbo.com\/wp-content\/uploads\/2026\/03\/IMG-20260315-WA0142.jpg?fit=1080%2C1080&ssl=1","width":1080,"height":1080},{"@type":"BreadcrumbList","@id":"https:\/\/innoticiasbo.com\/index.php\/2026\/03\/15\/marset-las-maletas-y-los-silencios-del-poder-en-bolivia-siempre-se-sabia-antes\/#breadcrumb","itemListElement":[{"@type":"ListItem","position":1,"name":"Portada","item":"https:\/\/innoticiasbo.com\/"},{"@type":"ListItem","position":2,"name":"MARSET, LAS MALETAS Y LOS SILENCIOS DEL PODER: \u00bfEN BOLIVIA SIEMPRE SE SAB\u00cdA ANTES?"}]},{"@type":"WebSite","@id":"https:\/\/innoticiasbo.com\/#website","url":"https:\/\/innoticiasbo.com\/","name":"innoticiasbo.com","description":"","publisher":{"@id":"https:\/\/innoticiasbo.com\/#organization"},"potentialAction":[{"@type":"SearchAction","target":{"@type":"EntryPoint","urlTemplate":"https:\/\/innoticiasbo.com\/?s={search_term_string}"},"query-input":{"@type":"PropertyValueSpecification","valueRequired":true,"valueName":"search_term_string"}}],"inLanguage":"es"},{"@type":"Organization","@id":"https:\/\/innoticiasbo.com\/#organization","name":"innoticiasbo.com","url":"https:\/\/innoticiasbo.com\/","logo":{"@type":"ImageObject","inLanguage":"es","@id":"https:\/\/innoticiasbo.com\/#\/schema\/logo\/image\/","url":"https:\/\/i0.wp.com\/innoticiasbo.com\/wp-content\/uploads\/2026\/04\/cropped-IN-LOGO.png?fit=1476%2C1476&ssl=1","contentUrl":"https:\/\/i0.wp.com\/innoticiasbo.com\/wp-content\/uploads\/2026\/04\/cropped-IN-LOGO.png?fit=1476%2C1476&ssl=1","width":1476,"height":1476,"caption":"innoticiasbo.com"},"image":{"@id":"https:\/\/innoticiasbo.com\/#\/schema\/logo\/image\/"},"sameAs":["https:\/\/www.facebook.com\/innoticiasbolivia","https:\/\/x.com\/innoticiasbo","https:\/\/www.instagram.com\/innoticiasbo","https:\/\/www.youtube.com\/innoticiasbo"]},{"@type":"Person","@id":"https:\/\/innoticiasbo.com\/#\/schema\/person\/589cd527c4211df1b943bdad85ec07ce","name":"Prensa","image":{"@type":"ImageObject","inLanguage":"es","@id":"https:\/\/innoticiasbo.com\/#\/schema\/person\/image\/","url":"https:\/\/secure.gravatar.com\/avatar\/d359bbdf112023c1c0a3ec7fe1600657?s=96&d=mm&r=g","contentUrl":"https:\/\/secure.gravatar.com\/avatar\/d359bbdf112023c1c0a3ec7fe1600657?s=96&d=mm&r=g","caption":"Prensa"},"sameAs":["http:\/\/www.innoticiasbo.com"],"url":"https:\/\/innoticiasbo.com\/index.php\/author\/prensa\/"}]}},"jetpack_featured_media_url":"https:\/\/i0.wp.com\/innoticiasbo.com\/wp-content\/uploads\/2026\/03\/IMG-20260315-WA0142.jpg?fit=1080%2C1080&ssl=1","jetpack_likes_enabled":true,"jetpack_sharing_enabled":true,"jetpack_shortlink":"https:\/\/wp.me\/pg298x-2vI","_links":{"self":[{"href":"https:\/\/innoticiasbo.com\/index.php\/wp-json\/wp\/v2\/posts\/9654","targetHints":{"allow":["GET"]}}],"collection":[{"href":"https:\/\/innoticiasbo.com\/index.php\/wp-json\/wp\/v2\/posts"}],"about":[{"href":"https:\/\/innoticiasbo.com\/index.php\/wp-json\/wp\/v2\/types\/post"}],"author":[{"embeddable":true,"href":"https:\/\/innoticiasbo.com\/index.php\/wp-json\/wp\/v2\/users\/2"}],"replies":[{"embeddable":true,"href":"https:\/\/innoticiasbo.com\/index.php\/wp-json\/wp\/v2\/comments?post=9654"}],"version-history":[{"count":1,"href":"https:\/\/innoticiasbo.com\/index.php\/wp-json\/wp\/v2\/posts\/9654\/revisions"}],"predecessor-version":[{"id":9655,"href":"https:\/\/innoticiasbo.com\/index.php\/wp-json\/wp\/v2\/posts\/9654\/revisions\/9655"}],"wp:featuredmedia":[{"embeddable":true,"href":"https:\/\/innoticiasbo.com\/index.php\/wp-json\/wp\/v2\/media\/9653"}],"wp:attachment":[{"href":"https:\/\/innoticiasbo.com\/index.php\/wp-json\/wp\/v2\/media?parent=9654"}],"wp:term":[{"taxonomy":"category","embeddable":true,"href":"https:\/\/innoticiasbo.com\/index.php\/wp-json\/wp\/v2\/categories?post=9654"},{"taxonomy":"post_tag","embeddable":true,"href":"https:\/\/innoticiasbo.com\/index.php\/wp-json\/wp\/v2\/tags?post=9654"}],"curies":[{"name":"wp","href":"https:\/\/api.w.org\/{rel}","templated":true}]}}