{"id":9642,"date":"2026-03-14T18:16:50","date_gmt":"2026-03-14T22:16:50","guid":{"rendered":"https:\/\/innoticiasbo.com\/?p=9642"},"modified":"2026-03-14T18:20:11","modified_gmt":"2026-03-14T22:20:11","slug":"india-y-cochabamba-fortalecen-vinculos-economicos-en-reunion-empresarial-de-alto-nivel","status":"publish","type":"post","link":"https:\/\/innoticiasbo.com\/index.php\/2026\/03\/14\/india-y-cochabamba-fortalecen-vinculos-economicos-en-reunion-empresarial-de-alto-nivel\/","title":{"rendered":"INDIA Y COCHABAMBA FORTALECEN V\u00cdNCULOS ECON\u00d3MICOS EN REUNI\u00d3N EMPRESARIAL DE ALTO NIVEL"},"content":{"rendered":"<p>Cochabamba, 14 de marzo de 2026.- La Embajada de India en Bolivia organiz\u00f3 un encuentro empresarial de alto nivel el viernes 13 de marzo de 2026 en el Hotel Avanti, que reuni\u00f3 a m\u00e1s de 60 destacados l\u00edderes empresariales y emprendedores de Cochabamba con el objetivo de explorar nuevas oportunidades de comercio, inversi\u00f3n y cooperaci\u00f3n econ\u00f3mica entre India y Bolivia.<\/p>\n<figure style=\"width: 2000px\" class=\"wp-caption alignnone\"><img data-recalc-dims=\"1\" loading=\"lazy\" decoding=\"async\" src=\"https:\/\/i0.wp.com\/innoticiasbo.com\/wp-content\/uploads\/2026\/03\/img_79582610852474906408271.jpg?resize=640%2C427&#038;ssl=1\" class=\"size-full wp-image-9636\" width=\"640\" height=\"427\" srcset=\"https:\/\/i0.wp.com\/innoticiasbo.com\/wp-content\/uploads\/2026\/03\/img_79582610852474906408271.jpg?w=2000&amp;ssl=1 2000w, https:\/\/i0.wp.com\/innoticiasbo.com\/wp-content\/uploads\/2026\/03\/img_79582610852474906408271.jpg?resize=300%2C200&amp;ssl=1 300w, https:\/\/i0.wp.com\/innoticiasbo.com\/wp-content\/uploads\/2026\/03\/img_79582610852474906408271.jpg?resize=1024%2C682&amp;ssl=1 1024w, https:\/\/i0.wp.com\/innoticiasbo.com\/wp-content\/uploads\/2026\/03\/img_79582610852474906408271.jpg?resize=768%2C512&amp;ssl=1 768w, https:\/\/i0.wp.com\/innoticiasbo.com\/wp-content\/uploads\/2026\/03\/img_79582610852474906408271.jpg?resize=1536%2C1024&amp;ssl=1 1536w, https:\/\/i0.wp.com\/innoticiasbo.com\/wp-content\/uploads\/2026\/03\/img_79582610852474906408271.jpg?resize=600%2C400&amp;ssl=1 600w, https:\/\/i0.wp.com\/innoticiasbo.com\/wp-content\/uploads\/2026\/03\/img_79582610852474906408271.jpg?w=1280&amp;ssl=1 1280w, https:\/\/i0.wp.com\/innoticiasbo.com\/wp-content\/uploads\/2026\/03\/img_79582610852474906408271.jpg?w=1920&amp;ssl=1 1920w\" sizes=\"auto, (max-width: 640px) 100vw, 640px\" \/><figcaption class=\"wp-caption-text\">El embajador Rohit Vadhwana con l\u00edderes empresariales<\/figcaption><\/figure>\n<p>El evento fue organizado en colaboraci\u00f3n con la Federaci\u00f3n de Entidades Empresariales Privadas de Cochabamba (FEPC) y la C\u00e1mara de Industria, Comercio y Servicios de Cochabamba (ICAM), dos de las instituciones empresariales m\u00e1s representativas de la regi\u00f3n.<\/p>\n<p>La reuni\u00f3n constituy\u00f3 una importante plataforma de di\u00e1logo directo entre la misi\u00f3n diplom\u00e1tica de India y la comunidad empresarial cochabambina, permitiendo a los participantes intercambiar perspectivas sobre las oportunidades de comercio bilateral y posibles \u00e1reas de colaboraci\u00f3n estrat\u00e9gica.<\/p>\n<p><img data-recalc-dims=\"1\" loading=\"lazy\" decoding=\"async\" src=\"https:\/\/i0.wp.com\/innoticiasbo.com\/wp-content\/uploads\/2026\/03\/img_78349059298369227928763.jpg?resize=640%2C427&#038;ssl=1\" class=\"alignnone size-full wp-image-9637\" width=\"640\" height=\"427\" srcset=\"https:\/\/i0.wp.com\/innoticiasbo.com\/wp-content\/uploads\/2026\/03\/img_78349059298369227928763.jpg?w=2000&amp;ssl=1 2000w, https:\/\/i0.wp.com\/innoticiasbo.com\/wp-content\/uploads\/2026\/03\/img_78349059298369227928763.jpg?resize=300%2C200&amp;ssl=1 300w, https:\/\/i0.wp.com\/innoticiasbo.com\/wp-content\/uploads\/2026\/03\/img_78349059298369227928763.jpg?resize=1024%2C682&amp;ssl=1 1024w, https:\/\/i0.wp.com\/innoticiasbo.com\/wp-content\/uploads\/2026\/03\/img_78349059298369227928763.jpg?resize=768%2C512&amp;ssl=1 768w, https:\/\/i0.wp.com\/innoticiasbo.com\/wp-content\/uploads\/2026\/03\/img_78349059298369227928763.jpg?resize=1536%2C1024&amp;ssl=1 1536w, https:\/\/i0.wp.com\/innoticiasbo.com\/wp-content\/uploads\/2026\/03\/img_78349059298369227928763.jpg?resize=600%2C400&amp;ssl=1 600w, https:\/\/i0.wp.com\/innoticiasbo.com\/wp-content\/uploads\/2026\/03\/img_78349059298369227928763.jpg?w=1280&amp;ssl=1 1280w, https:\/\/i0.wp.com\/innoticiasbo.com\/wp-content\/uploads\/2026\/03\/img_78349059298369227928763.jpg?w=1920&amp;ssl=1 1920w\" sizes=\"auto, (max-width: 640px) 100vw, 640px\" \/><\/p>\n<p>El Embajador Rohit Vadhwana present\u00f3 a los participantes una exposici\u00f3n sobre India, en la que destac\u00f3 el creciente potencial de asociaci\u00f3n econ\u00f3mica entre India y Bolivia, se\u00f1alando que ambos pa\u00edses poseen fortalezas complementarias y amplias oportunidades de cooperaci\u00f3n en sectores como tecnolog\u00eda, farmac\u00e9utica, manufactura, agroindustria, innovaci\u00f3n, educaci\u00f3n y servicios.<\/p>\n<p><img data-recalc-dims=\"1\" loading=\"lazy\" decoding=\"async\" src=\"https:\/\/i0.wp.com\/innoticiasbo.com\/wp-content\/uploads\/2026\/03\/img_79593229671216054162752.jpg?resize=640%2C427&#038;ssl=1\" class=\"wp-image-9638 alignnone size-full\" width=\"640\" height=\"427\" srcset=\"https:\/\/i0.wp.com\/innoticiasbo.com\/wp-content\/uploads\/2026\/03\/img_79593229671216054162752.jpg?w=2000&amp;ssl=1 2000w, https:\/\/i0.wp.com\/innoticiasbo.com\/wp-content\/uploads\/2026\/03\/img_79593229671216054162752.jpg?resize=300%2C200&amp;ssl=1 300w, https:\/\/i0.wp.com\/innoticiasbo.com\/wp-content\/uploads\/2026\/03\/img_79593229671216054162752.jpg?resize=1024%2C682&amp;ssl=1 1024w, https:\/\/i0.wp.com\/innoticiasbo.com\/wp-content\/uploads\/2026\/03\/img_79593229671216054162752.jpg?resize=768%2C512&amp;ssl=1 768w, https:\/\/i0.wp.com\/innoticiasbo.com\/wp-content\/uploads\/2026\/03\/img_79593229671216054162752.jpg?resize=1536%2C1024&amp;ssl=1 1536w, https:\/\/i0.wp.com\/innoticiasbo.com\/wp-content\/uploads\/2026\/03\/img_79593229671216054162752.jpg?resize=600%2C400&amp;ssl=1 600w, https:\/\/i0.wp.com\/innoticiasbo.com\/wp-content\/uploads\/2026\/03\/img_79593229671216054162752.jpg?w=1280&amp;ssl=1 1280w, https:\/\/i0.wp.com\/innoticiasbo.com\/wp-content\/uploads\/2026\/03\/img_79593229671216054162752.jpg?w=1920&amp;ssl=1 1920w\" sizes=\"auto, (max-width: 640px) 100vw, 640px\" \/><\/p>\n<p>India es actualmente la econom\u00eda de mayor crecimiento entre las principales econom\u00edas del mundo y est\u00e1 interesada en profundizar su relaci\u00f3n con Bolivia a trav\u00e9s de s\u00f3lidas alianzas con el sector privado. El Embajador se\u00f1al\u00f3 que Bolivia en general, y Cochabamba en particular, ofrecen un entorno empresarial din\u00e1mico y prometedor para futuras colaboraciones.<\/p>\n<p>Por su parte, el Sr. Wildo Dolz V\u00e1squez, Presidente de la C\u00e1mara de Industria, Comercio y Servicios de Cochabamba (ICAM), en sus palabras de apertura destac\u00f3 la importancia de fortalecer las redes empresariales internacionales y subray\u00f3 el valor de construir alianzas estrat\u00e9gicas con India para impulsar el desarrollo industrial, la innovaci\u00f3n y nuevas oportunidades de inversi\u00f3n para las empresas de Cochabamba.<\/p>\n<p><img data-recalc-dims=\"1\" loading=\"lazy\" decoding=\"async\" src=\"https:\/\/i0.wp.com\/innoticiasbo.com\/wp-content\/uploads\/2026\/03\/img_80016611065011274354902.jpg?resize=640%2C427&#038;ssl=1\" class=\"wp-image-9639 alignnone size-full\" width=\"640\" height=\"427\" srcset=\"https:\/\/i0.wp.com\/innoticiasbo.com\/wp-content\/uploads\/2026\/03\/img_80016611065011274354902.jpg?w=2000&amp;ssl=1 2000w, https:\/\/i0.wp.com\/innoticiasbo.com\/wp-content\/uploads\/2026\/03\/img_80016611065011274354902.jpg?resize=300%2C200&amp;ssl=1 300w, https:\/\/i0.wp.com\/innoticiasbo.com\/wp-content\/uploads\/2026\/03\/img_80016611065011274354902.jpg?resize=1024%2C682&amp;ssl=1 1024w, https:\/\/i0.wp.com\/innoticiasbo.com\/wp-content\/uploads\/2026\/03\/img_80016611065011274354902.jpg?resize=768%2C512&amp;ssl=1 768w, https:\/\/i0.wp.com\/innoticiasbo.com\/wp-content\/uploads\/2026\/03\/img_80016611065011274354902.jpg?resize=1536%2C1024&amp;ssl=1 1536w, https:\/\/i0.wp.com\/innoticiasbo.com\/wp-content\/uploads\/2026\/03\/img_80016611065011274354902.jpg?resize=600%2C400&amp;ssl=1 600w, https:\/\/i0.wp.com\/innoticiasbo.com\/wp-content\/uploads\/2026\/03\/img_80016611065011274354902.jpg?w=1280&amp;ssl=1 1280w, https:\/\/i0.wp.com\/innoticiasbo.com\/wp-content\/uploads\/2026\/03\/img_80016611065011274354902.jpg?w=1920&amp;ssl=1 1920w\" sizes=\"auto, (max-width: 640px) 100vw, 640px\" \/><\/p>\n<p>El Sr. Juan Pablo Demeure Ram\u00edrez, Presidente de la Federaci\u00f3n de Entidades Empresariales Privadas de Cochabamba (FEPC), en sus palabras de cierre resalt\u00f3 la importancia de ampliar la cooperaci\u00f3n econ\u00f3mica con socios globales emergentes como India e incentiv\u00f3 a los sectores privados de ambos pa\u00edses a explorar nuevas oportunidades de comercio, inversi\u00f3n e intercambio de conocimientos.<\/p>\n<p>Representantes empresariales de la FEPC y de la ICAM valoraron positivamente la iniciativa, destacando la importancia de fortalecer las conexiones internacionales de las empresas bolivianas, fomentar nuevas oportunidades de inversi\u00f3n y promover el intercambio de conocimiento y tecnolog\u00eda con la cuarta econom\u00eda m\u00e1s grande del mundo.<\/p>\n<p>La reuni\u00f3n tambi\u00e9n permiti\u00f3 identificar caminos concretos para la cooperaci\u00f3n futura, incluyendo misiones empresariales, alianzas institucionales e iniciativas conjuntas orientadas a ampliar el comercio y la innovaci\u00f3n entre ambos pa\u00edses.<\/p>\n<p><img data-recalc-dims=\"1\" loading=\"lazy\" decoding=\"async\" src=\"https:\/\/i0.wp.com\/innoticiasbo.com\/wp-content\/uploads\/2026\/03\/img_7906633034088297746158.jpg?resize=640%2C356&#038;ssl=1\" class=\"wp-image-9640 alignnone size-full\" width=\"640\" height=\"356\" srcset=\"https:\/\/i0.wp.com\/innoticiasbo.com\/wp-content\/uploads\/2026\/03\/img_7906633034088297746158.jpg?w=1999&amp;ssl=1 1999w, https:\/\/i0.wp.com\/innoticiasbo.com\/wp-content\/uploads\/2026\/03\/img_7906633034088297746158.jpg?resize=300%2C167&amp;ssl=1 300w, https:\/\/i0.wp.com\/innoticiasbo.com\/wp-content\/uploads\/2026\/03\/img_7906633034088297746158.jpg?resize=1024%2C569&amp;ssl=1 1024w, https:\/\/i0.wp.com\/innoticiasbo.com\/wp-content\/uploads\/2026\/03\/img_7906633034088297746158.jpg?resize=768%2C427&amp;ssl=1 768w, https:\/\/i0.wp.com\/innoticiasbo.com\/wp-content\/uploads\/2026\/03\/img_7906633034088297746158.jpg?resize=1536%2C854&amp;ssl=1 1536w, https:\/\/i0.wp.com\/innoticiasbo.com\/wp-content\/uploads\/2026\/03\/img_7906633034088297746158.jpg?w=1280&amp;ssl=1 1280w, https:\/\/i0.wp.com\/innoticiasbo.com\/wp-content\/uploads\/2026\/03\/img_7906633034088297746158.jpg?w=1920&amp;ssl=1 1920w\" sizes=\"auto, (max-width: 640px) 100vw, 640px\" \/><\/p>\n<p>A trav\u00e9s de iniciativas como esta, la Embajada de India reafirma su compromiso de profundizar el relacionamiento econ\u00f3mico entre India y Bolivia, construyendo puentes m\u00e1s s\u00f3lidos entre empresarios, instituciones y sectores productivos de ambas naciones. La Embajada de India, ICAM y FEPC expresaron su compromiso de continuar trabajando conjuntamente para promover el comercio y la inversi\u00f3n entre Cochabamba y la India.<\/p>\n","protected":false},"excerpt":{"rendered":"<p>Cochabamba, 14 de marzo de 2026.- La Embajada de India en Bolivia organiz\u00f3 un encuentro empresarial de alto nivel el viernes 13 de marzo de 2026 en el Hotel Avanti, que reuni\u00f3 a m\u00e1s de 60 destacados l\u00edderes empresariales y emprendedores de Cochabamba con el objetivo de explorar nuevas oportunidades de comercio, inversi\u00f3n y cooperaci\u00f3n&#8230;<\/p>\n","protected":false},"author":2,"featured_media":9641,"comment_status":"open","ping_status":"open","sticky":false,"template":"","format":"standard","meta":{"_jetpack_memberships_contains_paid_content":false,"footnotes":"","jetpack_publicize_message":"","jetpack_publicize_feature_enabled":true,"jetpack_social_post_already_shared":true,"jetpack_social_options":{"image_generator_settings":{"template":"highway","enabled":false},"version":2}},"categories":[2,16],"tags":[18,1510,1512,1511],"class_list":["post-9642","post","type-post","status-publish","format-standard","has-post-thumbnail","hentry","category-cochabamba","category-economia","tag-economia","tag-embajada-de-la-india","tag-encuentro-empresarial","tag-rohitvadhwana"],"jetpack_publicize_connections":[],"yoast_head":"<!-- This site is optimized with the Yoast SEO plugin v23.4 - https:\/\/yoast.com\/wordpress\/plugins\/seo\/ -->\n<title>INDIA Y COCHABAMBA FORTALECEN V\u00cdNCULOS ECON\u00d3MICOS EN REUNI\u00d3N EMPRESARIAL DE ALTO NIVEL - innoticiasbo.com<\/title>\n<meta name=\"robots\" content=\"index, follow, max-snippet:-1, max-image-preview:large, max-video-preview:-1\" \/>\n<link rel=\"canonical\" href=\"https:\/\/innoticiasbo.com\/index.php\/2026\/03\/14\/india-y-cochabamba-fortalecen-vinculos-economicos-en-reunion-empresarial-de-alto-nivel\/\" \/>\n<meta property=\"og:locale\" content=\"es_ES\" \/>\n<meta property=\"og:type\" content=\"article\" \/>\n<meta property=\"og:title\" content=\"INDIA Y COCHABAMBA FORTALECEN V\u00cdNCULOS ECON\u00d3MICOS EN REUNI\u00d3N EMPRESARIAL DE ALTO NIVEL - innoticiasbo.com\" \/>\n<meta property=\"og:description\" content=\"Cochabamba, 14 de marzo de 2026.- La Embajada de India en Bolivia organiz\u00f3 un encuentro empresarial de alto nivel el viernes 13 de marzo de 2026 en el Hotel Avanti, que reuni\u00f3 a m\u00e1s de 60 destacados l\u00edderes empresariales y emprendedores de Cochabamba con el objetivo de explorar nuevas oportunidades de comercio, inversi\u00f3n y cooperaci\u00f3n...\" \/>\n<meta property=\"og:url\" content=\"https:\/\/innoticiasbo.com\/index.php\/2026\/03\/14\/india-y-cochabamba-fortalecen-vinculos-economicos-en-reunion-empresarial-de-alto-nivel\/\" \/>\n<meta property=\"og:site_name\" content=\"innoticiasbo.com\" \/>\n<meta property=\"article:publisher\" content=\"https:\/\/www.facebook.com\/innoticiasbolivia\" \/>\n<meta property=\"article:published_time\" content=\"2026-03-14T22:16:50+00:00\" \/>\n<meta property=\"article:modified_time\" content=\"2026-03-14T22:20:11+00:00\" \/>\n<meta property=\"og:image\" content=\"https:\/\/i0.wp.com\/innoticiasbo.com\/wp-content\/uploads\/2026\/03\/IMG_7958-scaled.jpg?fit=2560%2C1707&ssl=1\" \/>\n\t<meta property=\"og:image:width\" content=\"2560\" \/>\n\t<meta property=\"og:image:height\" content=\"1707\" \/>\n\t<meta property=\"og:image:type\" content=\"image\/jpeg\" \/>\n<meta name=\"author\" content=\"Prensa\" \/>\n<meta name=\"twitter:card\" content=\"summary_large_image\" \/>\n<meta name=\"twitter:creator\" content=\"@innoticiasbo\" \/>\n<meta name=\"twitter:site\" content=\"@innoticiasbo\" \/>\n<meta name=\"twitter:label1\" content=\"Escrito por\" \/>\n\t<meta name=\"twitter:data1\" content=\"Prensa\" \/>\n\t<meta name=\"twitter:label2\" content=\"Tiempo de lectura\" \/>\n\t<meta name=\"twitter:data2\" content=\"3 minutos\" \/>\n<script type=\"application\/ld+json\" class=\"yoast-schema-graph\">{\"@context\":\"https:\/\/schema.org\",\"@graph\":[{\"@type\":\"Article\",\"@id\":\"https:\/\/innoticiasbo.com\/index.php\/2026\/03\/14\/india-y-cochabamba-fortalecen-vinculos-economicos-en-reunion-empresarial-de-alto-nivel\/#article\",\"isPartOf\":{\"@id\":\"https:\/\/innoticiasbo.com\/index.php\/2026\/03\/14\/india-y-cochabamba-fortalecen-vinculos-economicos-en-reunion-empresarial-de-alto-nivel\/\"},\"author\":{\"name\":\"Prensa\",\"@id\":\"https:\/\/innoticiasbo.com\/#\/schema\/person\/589cd527c4211df1b943bdad85ec07ce\"},\"headline\":\"INDIA Y COCHABAMBA FORTALECEN V\u00cdNCULOS ECON\u00d3MICOS EN REUNI\u00d3N EMPRESARIAL DE ALTO NIVEL\",\"datePublished\":\"2026-03-14T22:16:50+00:00\",\"dateModified\":\"2026-03-14T22:20:11+00:00\",\"mainEntityOfPage\":{\"@id\":\"https:\/\/innoticiasbo.com\/index.php\/2026\/03\/14\/india-y-cochabamba-fortalecen-vinculos-economicos-en-reunion-empresarial-de-alto-nivel\/\"},\"wordCount\":571,\"commentCount\":0,\"publisher\":{\"@id\":\"https:\/\/innoticiasbo.com\/#organization\"},\"image\":{\"@id\":\"https:\/\/innoticiasbo.com\/index.php\/2026\/03\/14\/india-y-cochabamba-fortalecen-vinculos-economicos-en-reunion-empresarial-de-alto-nivel\/#primaryimage\"},\"thumbnailUrl\":\"https:\/\/i0.wp.com\/innoticiasbo.com\/wp-content\/uploads\/2026\/03\/IMG_7958-scaled.jpg?fit=2560%2C1707&ssl=1\",\"keywords\":[\"econom\u00eda\",\"Embajada de la india\",\"encuentro empresarial\",\"RohitVadhwana\"],\"articleSection\":[\"Cochabamba\",\"Econom\u00eda\"],\"inLanguage\":\"es\",\"potentialAction\":[{\"@type\":\"CommentAction\",\"name\":\"Comment\",\"target\":[\"https:\/\/innoticiasbo.com\/index.php\/2026\/03\/14\/india-y-cochabamba-fortalecen-vinculos-economicos-en-reunion-empresarial-de-alto-nivel\/#respond\"]}]},{\"@type\":\"WebPage\",\"@id\":\"https:\/\/innoticiasbo.com\/index.php\/2026\/03\/14\/india-y-cochabamba-fortalecen-vinculos-economicos-en-reunion-empresarial-de-alto-nivel\/\",\"url\":\"https:\/\/innoticiasbo.com\/index.php\/2026\/03\/14\/india-y-cochabamba-fortalecen-vinculos-economicos-en-reunion-empresarial-de-alto-nivel\/\",\"name\":\"INDIA Y COCHABAMBA FORTALECEN V\u00cdNCULOS ECON\u00d3MICOS EN REUNI\u00d3N EMPRESARIAL DE ALTO NIVEL - innoticiasbo.com\",\"isPartOf\":{\"@id\":\"https:\/\/innoticiasbo.com\/#website\"},\"primaryImageOfPage\":{\"@id\":\"https:\/\/innoticiasbo.com\/index.php\/2026\/03\/14\/india-y-cochabamba-fortalecen-vinculos-economicos-en-reunion-empresarial-de-alto-nivel\/#primaryimage\"},\"image\":{\"@id\":\"https:\/\/innoticiasbo.com\/index.php\/2026\/03\/14\/india-y-cochabamba-fortalecen-vinculos-economicos-en-reunion-empresarial-de-alto-nivel\/#primaryimage\"},\"thumbnailUrl\":\"https:\/\/i0.wp.com\/innoticiasbo.com\/wp-content\/uploads\/2026\/03\/IMG_7958-scaled.jpg?fit=2560%2C1707&ssl=1\",\"datePublished\":\"2026-03-14T22:16:50+00:00\",\"dateModified\":\"2026-03-14T22:20:11+00:00\",\"breadcrumb\":{\"@id\":\"https:\/\/innoticiasbo.com\/index.php\/2026\/03\/14\/india-y-cochabamba-fortalecen-vinculos-economicos-en-reunion-empresarial-de-alto-nivel\/#breadcrumb\"},\"inLanguage\":\"es\",\"potentialAction\":[{\"@type\":\"ReadAction\",\"target\":[\"https:\/\/innoticiasbo.com\/index.php\/2026\/03\/14\/india-y-cochabamba-fortalecen-vinculos-economicos-en-reunion-empresarial-de-alto-nivel\/\"]}]},{\"@type\":\"ImageObject\",\"inLanguage\":\"es\",\"@id\":\"https:\/\/innoticiasbo.com\/index.php\/2026\/03\/14\/india-y-cochabamba-fortalecen-vinculos-economicos-en-reunion-empresarial-de-alto-nivel\/#primaryimage\",\"url\":\"https:\/\/i0.wp.com\/innoticiasbo.com\/wp-content\/uploads\/2026\/03\/IMG_7958-scaled.jpg?fit=2560%2C1707&ssl=1\",\"contentUrl\":\"https:\/\/i0.wp.com\/innoticiasbo.com\/wp-content\/uploads\/2026\/03\/IMG_7958-scaled.jpg?fit=2560%2C1707&ssl=1\",\"width\":2560,\"height\":1707},{\"@type\":\"BreadcrumbList\",\"@id\":\"https:\/\/innoticiasbo.com\/index.php\/2026\/03\/14\/india-y-cochabamba-fortalecen-vinculos-economicos-en-reunion-empresarial-de-alto-nivel\/#breadcrumb\",\"itemListElement\":[{\"@type\":\"ListItem\",\"position\":1,\"name\":\"Portada\",\"item\":\"https:\/\/innoticiasbo.com\/\"},{\"@type\":\"ListItem\",\"position\":2,\"name\":\"INDIA Y COCHABAMBA FORTALECEN V\u00cdNCULOS ECON\u00d3MICOS EN REUNI\u00d3N EMPRESARIAL DE ALTO NIVEL\"}]},{\"@type\":\"WebSite\",\"@id\":\"https:\/\/innoticiasbo.com\/#website\",\"url\":\"https:\/\/innoticiasbo.com\/\",\"name\":\"innoticiasbo.com\",\"description\":\"\",\"publisher\":{\"@id\":\"https:\/\/innoticiasbo.com\/#organization\"},\"potentialAction\":[{\"@type\":\"SearchAction\",\"target\":{\"@type\":\"EntryPoint\",\"urlTemplate\":\"https:\/\/innoticiasbo.com\/?s={search_term_string}\"},\"query-input\":{\"@type\":\"PropertyValueSpecification\",\"valueRequired\":true,\"valueName\":\"search_term_string\"}}],\"inLanguage\":\"es\"},{\"@type\":\"Organization\",\"@id\":\"https:\/\/innoticiasbo.com\/#organization\",\"name\":\"innoticiasbo.com\",\"url\":\"https:\/\/innoticiasbo.com\/\",\"logo\":{\"@type\":\"ImageObject\",\"inLanguage\":\"es\",\"@id\":\"https:\/\/innoticiasbo.com\/#\/schema\/logo\/image\/\",\"url\":\"https:\/\/i0.wp.com\/innoticiasbo.com\/wp-content\/uploads\/2026\/04\/cropped-IN-LOGO.png?fit=1476%2C1476&ssl=1\",\"contentUrl\":\"https:\/\/i0.wp.com\/innoticiasbo.com\/wp-content\/uploads\/2026\/04\/cropped-IN-LOGO.png?fit=1476%2C1476&ssl=1\",\"width\":1476,\"height\":1476,\"caption\":\"innoticiasbo.com\"},\"image\":{\"@id\":\"https:\/\/innoticiasbo.com\/#\/schema\/logo\/image\/\"},\"sameAs\":[\"https:\/\/www.facebook.com\/innoticiasbolivia\",\"https:\/\/x.com\/innoticiasbo\",\"https:\/\/www.instagram.com\/innoticiasbo\",\"https:\/\/www.youtube.com\/innoticiasbo\"]},{\"@type\":\"Person\",\"@id\":\"https:\/\/innoticiasbo.com\/#\/schema\/person\/589cd527c4211df1b943bdad85ec07ce\",\"name\":\"Prensa\",\"image\":{\"@type\":\"ImageObject\",\"inLanguage\":\"es\",\"@id\":\"https:\/\/innoticiasbo.com\/#\/schema\/person\/image\/\",\"url\":\"https:\/\/secure.gravatar.com\/avatar\/d359bbdf112023c1c0a3ec7fe1600657?s=96&d=mm&r=g\",\"contentUrl\":\"https:\/\/secure.gravatar.com\/avatar\/d359bbdf112023c1c0a3ec7fe1600657?s=96&d=mm&r=g\",\"caption\":\"Prensa\"},\"sameAs\":[\"http:\/\/www.innoticiasbo.com\"],\"url\":\"https:\/\/innoticiasbo.com\/index.php\/author\/prensa\/\"}]}<\/script>\n<!-- \/ Yoast SEO plugin. -->","yoast_head_json":{"title":"INDIA Y COCHABAMBA FORTALECEN V\u00cdNCULOS ECON\u00d3MICOS EN REUNI\u00d3N EMPRESARIAL DE ALTO NIVEL - innoticiasbo.com","robots":{"index":"index","follow":"follow","max-snippet":"max-snippet:-1","max-image-preview":"max-image-preview:large","max-video-preview":"max-video-preview:-1"},"canonical":"https:\/\/innoticiasbo.com\/index.php\/2026\/03\/14\/india-y-cochabamba-fortalecen-vinculos-economicos-en-reunion-empresarial-de-alto-nivel\/","og_locale":"es_ES","og_type":"article","og_title":"INDIA Y COCHABAMBA FORTALECEN V\u00cdNCULOS ECON\u00d3MICOS EN REUNI\u00d3N EMPRESARIAL DE ALTO NIVEL - innoticiasbo.com","og_description":"Cochabamba, 14 de marzo de 2026.- La Embajada de India en Bolivia organiz\u00f3 un encuentro empresarial de alto nivel el viernes 13 de marzo de 2026 en el Hotel Avanti, que reuni\u00f3 a m\u00e1s de 60 destacados l\u00edderes empresariales y emprendedores de Cochabamba con el objetivo de explorar nuevas oportunidades de comercio, inversi\u00f3n y cooperaci\u00f3n...","og_url":"https:\/\/innoticiasbo.com\/index.php\/2026\/03\/14\/india-y-cochabamba-fortalecen-vinculos-economicos-en-reunion-empresarial-de-alto-nivel\/","og_site_name":"innoticiasbo.com","article_publisher":"https:\/\/www.facebook.com\/innoticiasbolivia","article_published_time":"2026-03-14T22:16:50+00:00","article_modified_time":"2026-03-14T22:20:11+00:00","og_image":[{"width":2560,"height":1707,"url":"https:\/\/i0.wp.com\/innoticiasbo.com\/wp-content\/uploads\/2026\/03\/IMG_7958-scaled.jpg?fit=2560%2C1707&ssl=1","type":"image\/jpeg"}],"author":"Prensa","twitter_card":"summary_large_image","twitter_creator":"@innoticiasbo","twitter_site":"@innoticiasbo","twitter_misc":{"Escrito por":"Prensa","Tiempo de lectura":"3 minutos"},"schema":{"@context":"https:\/\/schema.org","@graph":[{"@type":"Article","@id":"https:\/\/innoticiasbo.com\/index.php\/2026\/03\/14\/india-y-cochabamba-fortalecen-vinculos-economicos-en-reunion-empresarial-de-alto-nivel\/#article","isPartOf":{"@id":"https:\/\/innoticiasbo.com\/index.php\/2026\/03\/14\/india-y-cochabamba-fortalecen-vinculos-economicos-en-reunion-empresarial-de-alto-nivel\/"},"author":{"name":"Prensa","@id":"https:\/\/innoticiasbo.com\/#\/schema\/person\/589cd527c4211df1b943bdad85ec07ce"},"headline":"INDIA Y COCHABAMBA FORTALECEN V\u00cdNCULOS ECON\u00d3MICOS EN REUNI\u00d3N EMPRESARIAL DE ALTO NIVEL","datePublished":"2026-03-14T22:16:50+00:00","dateModified":"2026-03-14T22:20:11+00:00","mainEntityOfPage":{"@id":"https:\/\/innoticiasbo.com\/index.php\/2026\/03\/14\/india-y-cochabamba-fortalecen-vinculos-economicos-en-reunion-empresarial-de-alto-nivel\/"},"wordCount":571,"commentCount":0,"publisher":{"@id":"https:\/\/innoticiasbo.com\/#organization"},"image":{"@id":"https:\/\/innoticiasbo.com\/index.php\/2026\/03\/14\/india-y-cochabamba-fortalecen-vinculos-economicos-en-reunion-empresarial-de-alto-nivel\/#primaryimage"},"thumbnailUrl":"https:\/\/i0.wp.com\/innoticiasbo.com\/wp-content\/uploads\/2026\/03\/IMG_7958-scaled.jpg?fit=2560%2C1707&ssl=1","keywords":["econom\u00eda","Embajada de la india","encuentro empresarial","RohitVadhwana"],"articleSection":["Cochabamba","Econom\u00eda"],"inLanguage":"es","potentialAction":[{"@type":"CommentAction","name":"Comment","target":["https:\/\/innoticiasbo.com\/index.php\/2026\/03\/14\/india-y-cochabamba-fortalecen-vinculos-economicos-en-reunion-empresarial-de-alto-nivel\/#respond"]}]},{"@type":"WebPage","@id":"https:\/\/innoticiasbo.com\/index.php\/2026\/03\/14\/india-y-cochabamba-fortalecen-vinculos-economicos-en-reunion-empresarial-de-alto-nivel\/","url":"https:\/\/innoticiasbo.com\/index.php\/2026\/03\/14\/india-y-cochabamba-fortalecen-vinculos-economicos-en-reunion-empresarial-de-alto-nivel\/","name":"INDIA Y COCHABAMBA FORTALECEN V\u00cdNCULOS ECON\u00d3MICOS EN REUNI\u00d3N EMPRESARIAL DE ALTO NIVEL - innoticiasbo.com","isPartOf":{"@id":"https:\/\/innoticiasbo.com\/#website"},"primaryImageOfPage":{"@id":"https:\/\/innoticiasbo.com\/index.php\/2026\/03\/14\/india-y-cochabamba-fortalecen-vinculos-economicos-en-reunion-empresarial-de-alto-nivel\/#primaryimage"},"image":{"@id":"https:\/\/innoticiasbo.com\/index.php\/2026\/03\/14\/india-y-cochabamba-fortalecen-vinculos-economicos-en-reunion-empresarial-de-alto-nivel\/#primaryimage"},"thumbnailUrl":"https:\/\/i0.wp.com\/innoticiasbo.com\/wp-content\/uploads\/2026\/03\/IMG_7958-scaled.jpg?fit=2560%2C1707&ssl=1","datePublished":"2026-03-14T22:16:50+00:00","dateModified":"2026-03-14T22:20:11+00:00","breadcrumb":{"@id":"https:\/\/innoticiasbo.com\/index.php\/2026\/03\/14\/india-y-cochabamba-fortalecen-vinculos-economicos-en-reunion-empresarial-de-alto-nivel\/#breadcrumb"},"inLanguage":"es","potentialAction":[{"@type":"ReadAction","target":["https:\/\/innoticiasbo.com\/index.php\/2026\/03\/14\/india-y-cochabamba-fortalecen-vinculos-economicos-en-reunion-empresarial-de-alto-nivel\/"]}]},{"@type":"ImageObject","inLanguage":"es","@id":"https:\/\/innoticiasbo.com\/index.php\/2026\/03\/14\/india-y-cochabamba-fortalecen-vinculos-economicos-en-reunion-empresarial-de-alto-nivel\/#primaryimage","url":"https:\/\/i0.wp.com\/innoticiasbo.com\/wp-content\/uploads\/2026\/03\/IMG_7958-scaled.jpg?fit=2560%2C1707&ssl=1","contentUrl":"https:\/\/i0.wp.com\/innoticiasbo.com\/wp-content\/uploads\/2026\/03\/IMG_7958-scaled.jpg?fit=2560%2C1707&ssl=1","width":2560,"height":1707},{"@type":"BreadcrumbList","@id":"https:\/\/innoticiasbo.com\/index.php\/2026\/03\/14\/india-y-cochabamba-fortalecen-vinculos-economicos-en-reunion-empresarial-de-alto-nivel\/#breadcrumb","itemListElement":[{"@type":"ListItem","position":1,"name":"Portada","item":"https:\/\/innoticiasbo.com\/"},{"@type":"ListItem","position":2,"name":"INDIA Y COCHABAMBA FORTALECEN V\u00cdNCULOS ECON\u00d3MICOS EN REUNI\u00d3N EMPRESARIAL DE ALTO NIVEL"}]},{"@type":"WebSite","@id":"https:\/\/innoticiasbo.com\/#website","url":"https:\/\/innoticiasbo.com\/","name":"innoticiasbo.com","description":"","publisher":{"@id":"https:\/\/innoticiasbo.com\/#organization"},"potentialAction":[{"@type":"SearchAction","target":{"@type":"EntryPoint","urlTemplate":"https:\/\/innoticiasbo.com\/?s={search_term_string}"},"query-input":{"@type":"PropertyValueSpecification","valueRequired":true,"valueName":"search_term_string"}}],"inLanguage":"es"},{"@type":"Organization","@id":"https:\/\/innoticiasbo.com\/#organization","name":"innoticiasbo.com","url":"https:\/\/innoticiasbo.com\/","logo":{"@type":"ImageObject","inLanguage":"es","@id":"https:\/\/innoticiasbo.com\/#\/schema\/logo\/image\/","url":"https:\/\/i0.wp.com\/innoticiasbo.com\/wp-content\/uploads\/2026\/04\/cropped-IN-LOGO.png?fit=1476%2C1476&ssl=1","contentUrl":"https:\/\/i0.wp.com\/innoticiasbo.com\/wp-content\/uploads\/2026\/04\/cropped-IN-LOGO.png?fit=1476%2C1476&ssl=1","width":1476,"height":1476,"caption":"innoticiasbo.com"},"image":{"@id":"https:\/\/innoticiasbo.com\/#\/schema\/logo\/image\/"},"sameAs":["https:\/\/www.facebook.com\/innoticiasbolivia","https:\/\/x.com\/innoticiasbo","https:\/\/www.instagram.com\/innoticiasbo","https:\/\/www.youtube.com\/innoticiasbo"]},{"@type":"Person","@id":"https:\/\/innoticiasbo.com\/#\/schema\/person\/589cd527c4211df1b943bdad85ec07ce","name":"Prensa","image":{"@type":"ImageObject","inLanguage":"es","@id":"https:\/\/innoticiasbo.com\/#\/schema\/person\/image\/","url":"https:\/\/secure.gravatar.com\/avatar\/d359bbdf112023c1c0a3ec7fe1600657?s=96&d=mm&r=g","contentUrl":"https:\/\/secure.gravatar.com\/avatar\/d359bbdf112023c1c0a3ec7fe1600657?s=96&d=mm&r=g","caption":"Prensa"},"sameAs":["http:\/\/www.innoticiasbo.com"],"url":"https:\/\/innoticiasbo.com\/index.php\/author\/prensa\/"}]}},"jetpack_featured_media_url":"https:\/\/i0.wp.com\/innoticiasbo.com\/wp-content\/uploads\/2026\/03\/IMG_7958-scaled.jpg?fit=2560%2C1707&ssl=1","jetpack_likes_enabled":true,"jetpack_sharing_enabled":true,"jetpack_shortlink":"https:\/\/wp.me\/pg298x-2vw","_links":{"self":[{"href":"https:\/\/innoticiasbo.com\/index.php\/wp-json\/wp\/v2\/posts\/9642","targetHints":{"allow":["GET"]}}],"collection":[{"href":"https:\/\/innoticiasbo.com\/index.php\/wp-json\/wp\/v2\/posts"}],"about":[{"href":"https:\/\/innoticiasbo.com\/index.php\/wp-json\/wp\/v2\/types\/post"}],"author":[{"embeddable":true,"href":"https:\/\/innoticiasbo.com\/index.php\/wp-json\/wp\/v2\/users\/2"}],"replies":[{"embeddable":true,"href":"https:\/\/innoticiasbo.com\/index.php\/wp-json\/wp\/v2\/comments?post=9642"}],"version-history":[{"count":1,"href":"https:\/\/innoticiasbo.com\/index.php\/wp-json\/wp\/v2\/posts\/9642\/revisions"}],"predecessor-version":[{"id":9643,"href":"https:\/\/innoticiasbo.com\/index.php\/wp-json\/wp\/v2\/posts\/9642\/revisions\/9643"}],"wp:featuredmedia":[{"embeddable":true,"href":"https:\/\/innoticiasbo.com\/index.php\/wp-json\/wp\/v2\/media\/9641"}],"wp:attachment":[{"href":"https:\/\/innoticiasbo.com\/index.php\/wp-json\/wp\/v2\/media?parent=9642"}],"wp:term":[{"taxonomy":"category","embeddable":true,"href":"https:\/\/innoticiasbo.com\/index.php\/wp-json\/wp\/v2\/categories?post=9642"},{"taxonomy":"post_tag","embeddable":true,"href":"https:\/\/innoticiasbo.com\/index.php\/wp-json\/wp\/v2\/tags?post=9642"}],"curies":[{"name":"wp","href":"https:\/\/api.w.org\/{rel}","templated":true}]}}