{"id":9630,"date":"2026-03-13T14:27:07","date_gmt":"2026-03-13T18:27:07","guid":{"rendered":"https:\/\/innoticiasbo.com\/?p=9630"},"modified":"2026-03-13T14:27:43","modified_gmt":"2026-03-13T18:27:43","slug":"fiscal-general-asegura-que-la-extradicion-de-marset-no-es-el-final-se-mantienen-seis-acusaciones-en-su-contra-y-se-abrio-un-nuevo-caso","status":"publish","type":"post","link":"https:\/\/innoticiasbo.com\/index.php\/2026\/03\/13\/fiscal-general-asegura-que-la-extradicion-de-marset-no-es-el-final-se-mantienen-seis-acusaciones-en-su-contra-y-se-abrio-un-nuevo-caso\/","title":{"rendered":"FISCAL GENERAL ASEGURA QUE LA EXTRADICI\u00d3N DE MARSET NO ES EL FINAL, SE MANTIENEN SEIS ACUSACIONES EN SU CONTRA Y SE ABRI\u00d3 UN NUEVO CASO"},"content":{"rendered":"<p>Santa Cruz, 13 de marzode 2026.-El Fiscal General del Estado, Roger Mariaca Montenegro, inform\u00f3 que el Ministerio P\u00fablico de Bolivia mantiene activos seis procesos penales con acusaci\u00f3n formal contra el uruguayo Sebasti\u00e1n Marset, en diferentes departamentos. La autoridad asegur\u00f3 que la salida del pa\u00eds del acusado no extingue su responsabilidad penal ante la justicia boliviana.<\/p>\n<p><img data-recalc-dims=\"1\" loading=\"lazy\" decoding=\"async\" src=\"https:\/\/i0.wp.com\/innoticiasbo.com\/wp-content\/uploads\/2026\/03\/img-20260313-wa0251999166360860974240.jpg?resize=640%2C360&#038;ssl=1\" class=\"alignnone size-full wp-image-9626\" width=\"640\" height=\"360\" srcset=\"https:\/\/i0.wp.com\/innoticiasbo.com\/wp-content\/uploads\/2026\/03\/img-20260313-wa0251999166360860974240.jpg?w=1600&amp;ssl=1 1600w, https:\/\/i0.wp.com\/innoticiasbo.com\/wp-content\/uploads\/2026\/03\/img-20260313-wa0251999166360860974240.jpg?resize=300%2C169&amp;ssl=1 300w, https:\/\/i0.wp.com\/innoticiasbo.com\/wp-content\/uploads\/2026\/03\/img-20260313-wa0251999166360860974240.jpg?resize=1024%2C576&amp;ssl=1 1024w, https:\/\/i0.wp.com\/innoticiasbo.com\/wp-content\/uploads\/2026\/03\/img-20260313-wa0251999166360860974240.jpg?resize=768%2C432&amp;ssl=1 768w, https:\/\/i0.wp.com\/innoticiasbo.com\/wp-content\/uploads\/2026\/03\/img-20260313-wa0251999166360860974240.jpg?resize=1536%2C864&amp;ssl=1 1536w, https:\/\/i0.wp.com\/innoticiasbo.com\/wp-content\/uploads\/2026\/03\/img-20260313-wa0251999166360860974240.jpg?w=1280&amp;ssl=1 1280w\" sizes=\"auto, (max-width: 640px) 100vw, 640px\" \/><\/p>\n<p>\u00abEstamos requiriendo justamente no solo a la justicia boliviana, sino a la justicia paraguaya, a la uruguaya, a la argentina y evidentemente a la americana, que son los pa\u00edses donde se ha estado trabajando. Evidentemente hay diferentes diligencias que se tienen que realizar en este proceso penal. Tenemos la obligaci\u00f3n de trabajar de la mano con la Polic\u00eda Boliviana y con el Ministerio de Gobierno\u00bb, explic\u00f3 Mariaca en conferencia de prensa.<\/p>\n<p><img data-recalc-dims=\"1\" loading=\"lazy\" decoding=\"async\" src=\"https:\/\/i0.wp.com\/innoticiasbo.com\/wp-content\/uploads\/2026\/03\/img-20260313-wa02534615942583664759783.jpg?resize=640%2C376&#038;ssl=1\" class=\"wp-image-9627 alignnone size-full\" width=\"640\" height=\"376\" srcset=\"https:\/\/i0.wp.com\/innoticiasbo.com\/wp-content\/uploads\/2026\/03\/img-20260313-wa02534615942583664759783.jpg?w=1093&amp;ssl=1 1093w, https:\/\/i0.wp.com\/innoticiasbo.com\/wp-content\/uploads\/2026\/03\/img-20260313-wa02534615942583664759783.jpg?resize=300%2C176&amp;ssl=1 300w, https:\/\/i0.wp.com\/innoticiasbo.com\/wp-content\/uploads\/2026\/03\/img-20260313-wa02534615942583664759783.jpg?resize=1024%2C601&amp;ssl=1 1024w, https:\/\/i0.wp.com\/innoticiasbo.com\/wp-content\/uploads\/2026\/03\/img-20260313-wa02534615942583664759783.jpg?resize=768%2C451&amp;ssl=1 768w\" sizes=\"auto, (max-width: 640px) 100vw, 640px\" \/><\/p>\n<p>La autoridad inform\u00f3 que se abrir\u00e1 un nuevo caso por los delitos de Tr\u00e1fico de Armas, Organizaci\u00f3n Criminal y Asociaci\u00f3n Delictuosa, luego del operativo realizado este viernes en la zona de Las Palmas de la ciudad de Santa Cruz, donde se aprehendi\u00f3 a Sebasti\u00e1n Marset y a cuatro personas de nacionalidad venezolana y colombiana, entre ellos, Tatiana Marset Alba, presunta familiar del capturado, quienes estaban en posesi\u00f3n de armas de grueso calibre. Esto deriv\u00f3 en la apertura inmediata de un proceso penal.<\/p>\n<p>Asimismo, se\u00f1al\u00f3 que el Ministerio P\u00fablico conform\u00f3 de manera urgente una comisi\u00f3n especial de fiscales encabezada por el Fiscal Departamental de Santa Cruz, Alberto Zeballos Flores, y el Coordinador de la Fiscal\u00eda Especializada en Delitos de Narcotr\u00e1fico para revisar el estado de los seis procesos de Narcotr\u00e1fico, Legitimaci\u00f3n de Ganancias Il\u00edcitas, Falsedad Material e Ideol\u00f3gica, Uso de Instrumentos Falsificados y Delitos Patrimoniales, adem\u00e1s deber\u00e1n evaluar el cumplimiento de las medidas sustitutivas vigentes sobre varios imputados vinculados a Marset, entre ellos la esposa del pr\u00f3fugo, tambi\u00e9n investigada por Uso de Instrumentos Falsificados.<\/p>\n<p><img data-recalc-dims=\"1\" loading=\"lazy\" decoding=\"async\" src=\"https:\/\/i0.wp.com\/innoticiasbo.com\/wp-content\/uploads\/2026\/03\/fb_img_17734219343962570968765261868973.jpg?resize=640%2C360&#038;ssl=1\" class=\"wp-image-9628 alignnone size-full\" width=\"640\" height=\"360\" srcset=\"https:\/\/i0.wp.com\/innoticiasbo.com\/wp-content\/uploads\/2026\/03\/fb_img_17734219343962570968765261868973.jpg?w=1600&amp;ssl=1 1600w, https:\/\/i0.wp.com\/innoticiasbo.com\/wp-content\/uploads\/2026\/03\/fb_img_17734219343962570968765261868973.jpg?resize=300%2C169&amp;ssl=1 300w, https:\/\/i0.wp.com\/innoticiasbo.com\/wp-content\/uploads\/2026\/03\/fb_img_17734219343962570968765261868973.jpg?resize=1024%2C576&amp;ssl=1 1024w, https:\/\/i0.wp.com\/innoticiasbo.com\/wp-content\/uploads\/2026\/03\/fb_img_17734219343962570968765261868973.jpg?resize=768%2C432&amp;ssl=1 768w, https:\/\/i0.wp.com\/innoticiasbo.com\/wp-content\/uploads\/2026\/03\/fb_img_17734219343962570968765261868973.jpg?resize=1536%2C864&amp;ssl=1 1536w, https:\/\/i0.wp.com\/innoticiasbo.com\/wp-content\/uploads\/2026\/03\/fb_img_17734219343962570968765261868973.jpg?w=1280&amp;ssl=1 1280w\" sizes=\"auto, (max-width: 640px) 100vw, 640px\" \/><\/p>\n<p>La M\u00e1xima Autoridad del Ministerio P\u00fablico record\u00f3 que el ciudadano mencionado contaba con una notificaci\u00f3n roja emitida por INTERPOL, mecanismo internacional de cooperaci\u00f3n policial que permite la localizaci\u00f3n y detenci\u00f3n de personas requeridas por autoridades judiciales con fines de extradici\u00f3n o entrega conforme al derecho internacional.<\/p>\n<p>En ese marco, la autoridad explic\u00f3 que el traslado de Sebasti\u00e1n Marset hacia los Estados Unidos se realiza en cumplimiento de los mecanismos de cooperaci\u00f3n judicial internacional y la Ley N\u00ba 370 de Migraci\u00f3n. Este procedimiento responde a una solicitud formal de cooperaci\u00f3n internacional en el marco de investigaciones vinculadas a delitos relacionados con el tr\u00e1fico internacional de sustancias controladas y otras actividades del crimen organizado transnacional.<br \/>\n#fiscalia #RogerMariaca #procesospenales #innoticias #ElAvispero<\/p>\n","protected":false},"excerpt":{"rendered":"<p>Santa Cruz, 13 de marzode 2026.-El Fiscal General del Estado, Roger Mariaca Montenegro, inform\u00f3 que el Ministerio P\u00fablico de Bolivia mantiene activos seis procesos penales con acusaci\u00f3n formal contra el uruguayo Sebasti\u00e1n Marset, en diferentes departamentos. La autoridad asegur\u00f3 que la salida del pa\u00eds del acusado no extingue su responsabilidad penal ante la justicia boliviana&#8230;.<\/p>\n","protected":false},"author":2,"featured_media":9629,"comment_status":"open","ping_status":"open","sticky":false,"template":"","format":"standard","meta":{"_jetpack_memberships_contains_paid_content":false,"footnotes":"","jetpack_publicize_message":"","jetpack_publicize_feature_enabled":true,"jetpack_social_post_already_shared":true,"jetpack_social_options":{"image_generator_settings":{"template":"highway","enabled":false},"version":2}},"categories":[1,15],"tags":[363,565,974,563],"class_list":["post-9630","post","type-post","status-publish","format-standard","has-post-thumbnail","hentry","category-bolivia","category-seguridad","tag-fiscalia","tag-narcotrafico","tag-roger-mariaca","tag-sebastian-marset"],"jetpack_publicize_connections":[],"yoast_head":"<!-- This site is optimized with the Yoast SEO plugin v23.4 - https:\/\/yoast.com\/wordpress\/plugins\/seo\/ -->\n<title>FISCAL GENERAL ASEGURA QUE LA EXTRADICI\u00d3N DE MARSET NO ES EL FINAL, SE MANTIENEN SEIS ACUSACIONES EN SU CONTRA Y SE ABRI\u00d3 UN NUEVO CASO - innoticiasbo.com<\/title>\n<meta name=\"robots\" content=\"index, follow, max-snippet:-1, max-image-preview:large, max-video-preview:-1\" \/>\n<link rel=\"canonical\" href=\"https:\/\/innoticiasbo.com\/index.php\/2026\/03\/13\/fiscal-general-asegura-que-la-extradicion-de-marset-no-es-el-final-se-mantienen-seis-acusaciones-en-su-contra-y-se-abrio-un-nuevo-caso\/\" \/>\n<meta property=\"og:locale\" content=\"es_ES\" \/>\n<meta property=\"og:type\" content=\"article\" \/>\n<meta property=\"og:title\" content=\"FISCAL GENERAL ASEGURA QUE LA EXTRADICI\u00d3N DE MARSET NO ES EL FINAL, SE MANTIENEN SEIS ACUSACIONES EN SU CONTRA Y SE ABRI\u00d3 UN NUEVO CASO - innoticiasbo.com\" \/>\n<meta property=\"og:description\" content=\"Santa Cruz, 13 de marzode 2026.-El Fiscal General del Estado, Roger Mariaca Montenegro, inform\u00f3 que el Ministerio P\u00fablico de Bolivia mantiene activos seis procesos penales con acusaci\u00f3n formal contra el uruguayo Sebasti\u00e1n Marset, en diferentes departamentos. La autoridad asegur\u00f3 que la salida del pa\u00eds del acusado no extingue su responsabilidad penal ante la justicia boliviana....\" \/>\n<meta property=\"og:url\" content=\"https:\/\/innoticiasbo.com\/index.php\/2026\/03\/13\/fiscal-general-asegura-que-la-extradicion-de-marset-no-es-el-final-se-mantienen-seis-acusaciones-en-su-contra-y-se-abrio-un-nuevo-caso\/\" \/>\n<meta property=\"og:site_name\" content=\"innoticiasbo.com\" \/>\n<meta property=\"article:publisher\" content=\"https:\/\/www.facebook.com\/innoticiasbolivia\" \/>\n<meta property=\"article:published_time\" content=\"2026-03-13T18:27:07+00:00\" \/>\n<meta property=\"article:modified_time\" content=\"2026-03-13T18:27:43+00:00\" \/>\n<meta property=\"og:image\" content=\"https:\/\/i0.wp.com\/innoticiasbo.com\/wp-content\/uploads\/2026\/03\/IMG-20260313-WA0251.jpg?fit=1600%2C900&ssl=1\" \/>\n\t<meta property=\"og:image:width\" content=\"1600\" \/>\n\t<meta property=\"og:image:height\" content=\"900\" \/>\n\t<meta property=\"og:image:type\" content=\"image\/jpeg\" \/>\n<meta name=\"author\" content=\"Prensa\" \/>\n<meta name=\"twitter:card\" content=\"summary_large_image\" \/>\n<meta name=\"twitter:creator\" content=\"@innoticiasbo\" \/>\n<meta name=\"twitter:site\" content=\"@innoticiasbo\" \/>\n<meta name=\"twitter:label1\" content=\"Escrito por\" \/>\n\t<meta name=\"twitter:data1\" content=\"Prensa\" \/>\n\t<meta name=\"twitter:label2\" content=\"Tiempo de lectura\" \/>\n\t<meta name=\"twitter:data2\" content=\"2 minutos\" \/>\n<script type=\"application\/ld+json\" class=\"yoast-schema-graph\">{\"@context\":\"https:\/\/schema.org\",\"@graph\":[{\"@type\":\"Article\",\"@id\":\"https:\/\/innoticiasbo.com\/index.php\/2026\/03\/13\/fiscal-general-asegura-que-la-extradicion-de-marset-no-es-el-final-se-mantienen-seis-acusaciones-en-su-contra-y-se-abrio-un-nuevo-caso\/#article\",\"isPartOf\":{\"@id\":\"https:\/\/innoticiasbo.com\/index.php\/2026\/03\/13\/fiscal-general-asegura-que-la-extradicion-de-marset-no-es-el-final-se-mantienen-seis-acusaciones-en-su-contra-y-se-abrio-un-nuevo-caso\/\"},\"author\":{\"name\":\"Prensa\",\"@id\":\"https:\/\/innoticiasbo.com\/#\/schema\/person\/589cd527c4211df1b943bdad85ec07ce\"},\"headline\":\"FISCAL GENERAL ASEGURA QUE LA EXTRADICI\u00d3N DE MARSET NO ES EL FINAL, SE MANTIENEN SEIS ACUSACIONES EN SU CONTRA Y SE ABRI\u00d3 UN NUEVO CASO\",\"datePublished\":\"2026-03-13T18:27:07+00:00\",\"dateModified\":\"2026-03-13T18:27:43+00:00\",\"mainEntityOfPage\":{\"@id\":\"https:\/\/innoticiasbo.com\/index.php\/2026\/03\/13\/fiscal-general-asegura-que-la-extradicion-de-marset-no-es-el-final-se-mantienen-seis-acusaciones-en-su-contra-y-se-abrio-un-nuevo-caso\/\"},\"wordCount\":478,\"commentCount\":0,\"publisher\":{\"@id\":\"https:\/\/innoticiasbo.com\/#organization\"},\"image\":{\"@id\":\"https:\/\/innoticiasbo.com\/index.php\/2026\/03\/13\/fiscal-general-asegura-que-la-extradicion-de-marset-no-es-el-final-se-mantienen-seis-acusaciones-en-su-contra-y-se-abrio-un-nuevo-caso\/#primaryimage\"},\"thumbnailUrl\":\"https:\/\/i0.wp.com\/innoticiasbo.com\/wp-content\/uploads\/2026\/03\/IMG-20260313-WA0251.jpg?fit=1600%2C900&ssl=1\",\"keywords\":[\"Fiscal\u00eda\",\"narcotr\u00e1fico\",\"Roger Mariaca\",\"Sebasti\u00e1n Marset\"],\"articleSection\":[\"Bolivia\",\"Seguridad\"],\"inLanguage\":\"es\",\"potentialAction\":[{\"@type\":\"CommentAction\",\"name\":\"Comment\",\"target\":[\"https:\/\/innoticiasbo.com\/index.php\/2026\/03\/13\/fiscal-general-asegura-que-la-extradicion-de-marset-no-es-el-final-se-mantienen-seis-acusaciones-en-su-contra-y-se-abrio-un-nuevo-caso\/#respond\"]}]},{\"@type\":\"WebPage\",\"@id\":\"https:\/\/innoticiasbo.com\/index.php\/2026\/03\/13\/fiscal-general-asegura-que-la-extradicion-de-marset-no-es-el-final-se-mantienen-seis-acusaciones-en-su-contra-y-se-abrio-un-nuevo-caso\/\",\"url\":\"https:\/\/innoticiasbo.com\/index.php\/2026\/03\/13\/fiscal-general-asegura-que-la-extradicion-de-marset-no-es-el-final-se-mantienen-seis-acusaciones-en-su-contra-y-se-abrio-un-nuevo-caso\/\",\"name\":\"FISCAL GENERAL ASEGURA QUE LA EXTRADICI\u00d3N DE MARSET NO ES EL FINAL, SE MANTIENEN SEIS ACUSACIONES EN SU CONTRA Y SE ABRI\u00d3 UN NUEVO CASO - innoticiasbo.com\",\"isPartOf\":{\"@id\":\"https:\/\/innoticiasbo.com\/#website\"},\"primaryImageOfPage\":{\"@id\":\"https:\/\/innoticiasbo.com\/index.php\/2026\/03\/13\/fiscal-general-asegura-que-la-extradicion-de-marset-no-es-el-final-se-mantienen-seis-acusaciones-en-su-contra-y-se-abrio-un-nuevo-caso\/#primaryimage\"},\"image\":{\"@id\":\"https:\/\/innoticiasbo.com\/index.php\/2026\/03\/13\/fiscal-general-asegura-que-la-extradicion-de-marset-no-es-el-final-se-mantienen-seis-acusaciones-en-su-contra-y-se-abrio-un-nuevo-caso\/#primaryimage\"},\"thumbnailUrl\":\"https:\/\/i0.wp.com\/innoticiasbo.com\/wp-content\/uploads\/2026\/03\/IMG-20260313-WA0251.jpg?fit=1600%2C900&ssl=1\",\"datePublished\":\"2026-03-13T18:27:07+00:00\",\"dateModified\":\"2026-03-13T18:27:43+00:00\",\"breadcrumb\":{\"@id\":\"https:\/\/innoticiasbo.com\/index.php\/2026\/03\/13\/fiscal-general-asegura-que-la-extradicion-de-marset-no-es-el-final-se-mantienen-seis-acusaciones-en-su-contra-y-se-abrio-un-nuevo-caso\/#breadcrumb\"},\"inLanguage\":\"es\",\"potentialAction\":[{\"@type\":\"ReadAction\",\"target\":[\"https:\/\/innoticiasbo.com\/index.php\/2026\/03\/13\/fiscal-general-asegura-que-la-extradicion-de-marset-no-es-el-final-se-mantienen-seis-acusaciones-en-su-contra-y-se-abrio-un-nuevo-caso\/\"]}]},{\"@type\":\"ImageObject\",\"inLanguage\":\"es\",\"@id\":\"https:\/\/innoticiasbo.com\/index.php\/2026\/03\/13\/fiscal-general-asegura-que-la-extradicion-de-marset-no-es-el-final-se-mantienen-seis-acusaciones-en-su-contra-y-se-abrio-un-nuevo-caso\/#primaryimage\",\"url\":\"https:\/\/i0.wp.com\/innoticiasbo.com\/wp-content\/uploads\/2026\/03\/IMG-20260313-WA0251.jpg?fit=1600%2C900&ssl=1\",\"contentUrl\":\"https:\/\/i0.wp.com\/innoticiasbo.com\/wp-content\/uploads\/2026\/03\/IMG-20260313-WA0251.jpg?fit=1600%2C900&ssl=1\",\"width\":1600,\"height\":900},{\"@type\":\"BreadcrumbList\",\"@id\":\"https:\/\/innoticiasbo.com\/index.php\/2026\/03\/13\/fiscal-general-asegura-que-la-extradicion-de-marset-no-es-el-final-se-mantienen-seis-acusaciones-en-su-contra-y-se-abrio-un-nuevo-caso\/#breadcrumb\",\"itemListElement\":[{\"@type\":\"ListItem\",\"position\":1,\"name\":\"Portada\",\"item\":\"https:\/\/innoticiasbo.com\/\"},{\"@type\":\"ListItem\",\"position\":2,\"name\":\"FISCAL GENERAL ASEGURA QUE LA EXTRADICI\u00d3N DE MARSET NO ES EL FINAL, SE MANTIENEN SEIS ACUSACIONES EN SU CONTRA Y SE ABRI\u00d3 UN NUEVO CASO\"}]},{\"@type\":\"WebSite\",\"@id\":\"https:\/\/innoticiasbo.com\/#website\",\"url\":\"https:\/\/innoticiasbo.com\/\",\"name\":\"innoticiasbo.com\",\"description\":\"\",\"publisher\":{\"@id\":\"https:\/\/innoticiasbo.com\/#organization\"},\"potentialAction\":[{\"@type\":\"SearchAction\",\"target\":{\"@type\":\"EntryPoint\",\"urlTemplate\":\"https:\/\/innoticiasbo.com\/?s={search_term_string}\"},\"query-input\":{\"@type\":\"PropertyValueSpecification\",\"valueRequired\":true,\"valueName\":\"search_term_string\"}}],\"inLanguage\":\"es\"},{\"@type\":\"Organization\",\"@id\":\"https:\/\/innoticiasbo.com\/#organization\",\"name\":\"innoticiasbo.com\",\"url\":\"https:\/\/innoticiasbo.com\/\",\"logo\":{\"@type\":\"ImageObject\",\"inLanguage\":\"es\",\"@id\":\"https:\/\/innoticiasbo.com\/#\/schema\/logo\/image\/\",\"url\":\"https:\/\/i0.wp.com\/innoticiasbo.com\/wp-content\/uploads\/2026\/04\/cropped-IN-LOGO.png?fit=1476%2C1476&ssl=1\",\"contentUrl\":\"https:\/\/i0.wp.com\/innoticiasbo.com\/wp-content\/uploads\/2026\/04\/cropped-IN-LOGO.png?fit=1476%2C1476&ssl=1\",\"width\":1476,\"height\":1476,\"caption\":\"innoticiasbo.com\"},\"image\":{\"@id\":\"https:\/\/innoticiasbo.com\/#\/schema\/logo\/image\/\"},\"sameAs\":[\"https:\/\/www.facebook.com\/innoticiasbolivia\",\"https:\/\/x.com\/innoticiasbo\",\"https:\/\/www.instagram.com\/innoticiasbo\",\"https:\/\/www.youtube.com\/innoticiasbo\"]},{\"@type\":\"Person\",\"@id\":\"https:\/\/innoticiasbo.com\/#\/schema\/person\/589cd527c4211df1b943bdad85ec07ce\",\"name\":\"Prensa\",\"image\":{\"@type\":\"ImageObject\",\"inLanguage\":\"es\",\"@id\":\"https:\/\/innoticiasbo.com\/#\/schema\/person\/image\/\",\"url\":\"https:\/\/secure.gravatar.com\/avatar\/d359bbdf112023c1c0a3ec7fe1600657?s=96&d=mm&r=g\",\"contentUrl\":\"https:\/\/secure.gravatar.com\/avatar\/d359bbdf112023c1c0a3ec7fe1600657?s=96&d=mm&r=g\",\"caption\":\"Prensa\"},\"sameAs\":[\"http:\/\/www.innoticiasbo.com\"],\"url\":\"https:\/\/innoticiasbo.com\/index.php\/author\/prensa\/\"}]}<\/script>\n<!-- \/ Yoast SEO plugin. -->","yoast_head_json":{"title":"FISCAL GENERAL ASEGURA QUE LA EXTRADICI\u00d3N DE MARSET NO ES EL FINAL, SE MANTIENEN SEIS ACUSACIONES EN SU CONTRA Y SE ABRI\u00d3 UN NUEVO CASO - innoticiasbo.com","robots":{"index":"index","follow":"follow","max-snippet":"max-snippet:-1","max-image-preview":"max-image-preview:large","max-video-preview":"max-video-preview:-1"},"canonical":"https:\/\/innoticiasbo.com\/index.php\/2026\/03\/13\/fiscal-general-asegura-que-la-extradicion-de-marset-no-es-el-final-se-mantienen-seis-acusaciones-en-su-contra-y-se-abrio-un-nuevo-caso\/","og_locale":"es_ES","og_type":"article","og_title":"FISCAL GENERAL ASEGURA QUE LA EXTRADICI\u00d3N DE MARSET NO ES EL FINAL, SE MANTIENEN SEIS ACUSACIONES EN SU CONTRA Y SE ABRI\u00d3 UN NUEVO CASO - innoticiasbo.com","og_description":"Santa Cruz, 13 de marzode 2026.-El Fiscal General del Estado, Roger Mariaca Montenegro, inform\u00f3 que el Ministerio P\u00fablico de Bolivia mantiene activos seis procesos penales con acusaci\u00f3n formal contra el uruguayo Sebasti\u00e1n Marset, en diferentes departamentos. La autoridad asegur\u00f3 que la salida del pa\u00eds del acusado no extingue su responsabilidad penal ante la justicia boliviana....","og_url":"https:\/\/innoticiasbo.com\/index.php\/2026\/03\/13\/fiscal-general-asegura-que-la-extradicion-de-marset-no-es-el-final-se-mantienen-seis-acusaciones-en-su-contra-y-se-abrio-un-nuevo-caso\/","og_site_name":"innoticiasbo.com","article_publisher":"https:\/\/www.facebook.com\/innoticiasbolivia","article_published_time":"2026-03-13T18:27:07+00:00","article_modified_time":"2026-03-13T18:27:43+00:00","og_image":[{"width":1600,"height":900,"url":"https:\/\/i0.wp.com\/innoticiasbo.com\/wp-content\/uploads\/2026\/03\/IMG-20260313-WA0251.jpg?fit=1600%2C900&ssl=1","type":"image\/jpeg"}],"author":"Prensa","twitter_card":"summary_large_image","twitter_creator":"@innoticiasbo","twitter_site":"@innoticiasbo","twitter_misc":{"Escrito por":"Prensa","Tiempo de lectura":"2 minutos"},"schema":{"@context":"https:\/\/schema.org","@graph":[{"@type":"Article","@id":"https:\/\/innoticiasbo.com\/index.php\/2026\/03\/13\/fiscal-general-asegura-que-la-extradicion-de-marset-no-es-el-final-se-mantienen-seis-acusaciones-en-su-contra-y-se-abrio-un-nuevo-caso\/#article","isPartOf":{"@id":"https:\/\/innoticiasbo.com\/index.php\/2026\/03\/13\/fiscal-general-asegura-que-la-extradicion-de-marset-no-es-el-final-se-mantienen-seis-acusaciones-en-su-contra-y-se-abrio-un-nuevo-caso\/"},"author":{"name":"Prensa","@id":"https:\/\/innoticiasbo.com\/#\/schema\/person\/589cd527c4211df1b943bdad85ec07ce"},"headline":"FISCAL GENERAL ASEGURA QUE LA EXTRADICI\u00d3N DE MARSET NO ES EL FINAL, SE MANTIENEN SEIS ACUSACIONES EN SU CONTRA Y SE ABRI\u00d3 UN NUEVO CASO","datePublished":"2026-03-13T18:27:07+00:00","dateModified":"2026-03-13T18:27:43+00:00","mainEntityOfPage":{"@id":"https:\/\/innoticiasbo.com\/index.php\/2026\/03\/13\/fiscal-general-asegura-que-la-extradicion-de-marset-no-es-el-final-se-mantienen-seis-acusaciones-en-su-contra-y-se-abrio-un-nuevo-caso\/"},"wordCount":478,"commentCount":0,"publisher":{"@id":"https:\/\/innoticiasbo.com\/#organization"},"image":{"@id":"https:\/\/innoticiasbo.com\/index.php\/2026\/03\/13\/fiscal-general-asegura-que-la-extradicion-de-marset-no-es-el-final-se-mantienen-seis-acusaciones-en-su-contra-y-se-abrio-un-nuevo-caso\/#primaryimage"},"thumbnailUrl":"https:\/\/i0.wp.com\/innoticiasbo.com\/wp-content\/uploads\/2026\/03\/IMG-20260313-WA0251.jpg?fit=1600%2C900&ssl=1","keywords":["Fiscal\u00eda","narcotr\u00e1fico","Roger Mariaca","Sebasti\u00e1n Marset"],"articleSection":["Bolivia","Seguridad"],"inLanguage":"es","potentialAction":[{"@type":"CommentAction","name":"Comment","target":["https:\/\/innoticiasbo.com\/index.php\/2026\/03\/13\/fiscal-general-asegura-que-la-extradicion-de-marset-no-es-el-final-se-mantienen-seis-acusaciones-en-su-contra-y-se-abrio-un-nuevo-caso\/#respond"]}]},{"@type":"WebPage","@id":"https:\/\/innoticiasbo.com\/index.php\/2026\/03\/13\/fiscal-general-asegura-que-la-extradicion-de-marset-no-es-el-final-se-mantienen-seis-acusaciones-en-su-contra-y-se-abrio-un-nuevo-caso\/","url":"https:\/\/innoticiasbo.com\/index.php\/2026\/03\/13\/fiscal-general-asegura-que-la-extradicion-de-marset-no-es-el-final-se-mantienen-seis-acusaciones-en-su-contra-y-se-abrio-un-nuevo-caso\/","name":"FISCAL GENERAL ASEGURA QUE LA EXTRADICI\u00d3N DE MARSET NO ES EL FINAL, SE MANTIENEN SEIS ACUSACIONES EN SU CONTRA Y SE ABRI\u00d3 UN NUEVO CASO - innoticiasbo.com","isPartOf":{"@id":"https:\/\/innoticiasbo.com\/#website"},"primaryImageOfPage":{"@id":"https:\/\/innoticiasbo.com\/index.php\/2026\/03\/13\/fiscal-general-asegura-que-la-extradicion-de-marset-no-es-el-final-se-mantienen-seis-acusaciones-en-su-contra-y-se-abrio-un-nuevo-caso\/#primaryimage"},"image":{"@id":"https:\/\/innoticiasbo.com\/index.php\/2026\/03\/13\/fiscal-general-asegura-que-la-extradicion-de-marset-no-es-el-final-se-mantienen-seis-acusaciones-en-su-contra-y-se-abrio-un-nuevo-caso\/#primaryimage"},"thumbnailUrl":"https:\/\/i0.wp.com\/innoticiasbo.com\/wp-content\/uploads\/2026\/03\/IMG-20260313-WA0251.jpg?fit=1600%2C900&ssl=1","datePublished":"2026-03-13T18:27:07+00:00","dateModified":"2026-03-13T18:27:43+00:00","breadcrumb":{"@id":"https:\/\/innoticiasbo.com\/index.php\/2026\/03\/13\/fiscal-general-asegura-que-la-extradicion-de-marset-no-es-el-final-se-mantienen-seis-acusaciones-en-su-contra-y-se-abrio-un-nuevo-caso\/#breadcrumb"},"inLanguage":"es","potentialAction":[{"@type":"ReadAction","target":["https:\/\/innoticiasbo.com\/index.php\/2026\/03\/13\/fiscal-general-asegura-que-la-extradicion-de-marset-no-es-el-final-se-mantienen-seis-acusaciones-en-su-contra-y-se-abrio-un-nuevo-caso\/"]}]},{"@type":"ImageObject","inLanguage":"es","@id":"https:\/\/innoticiasbo.com\/index.php\/2026\/03\/13\/fiscal-general-asegura-que-la-extradicion-de-marset-no-es-el-final-se-mantienen-seis-acusaciones-en-su-contra-y-se-abrio-un-nuevo-caso\/#primaryimage","url":"https:\/\/i0.wp.com\/innoticiasbo.com\/wp-content\/uploads\/2026\/03\/IMG-20260313-WA0251.jpg?fit=1600%2C900&ssl=1","contentUrl":"https:\/\/i0.wp.com\/innoticiasbo.com\/wp-content\/uploads\/2026\/03\/IMG-20260313-WA0251.jpg?fit=1600%2C900&ssl=1","width":1600,"height":900},{"@type":"BreadcrumbList","@id":"https:\/\/innoticiasbo.com\/index.php\/2026\/03\/13\/fiscal-general-asegura-que-la-extradicion-de-marset-no-es-el-final-se-mantienen-seis-acusaciones-en-su-contra-y-se-abrio-un-nuevo-caso\/#breadcrumb","itemListElement":[{"@type":"ListItem","position":1,"name":"Portada","item":"https:\/\/innoticiasbo.com\/"},{"@type":"ListItem","position":2,"name":"FISCAL GENERAL ASEGURA QUE LA EXTRADICI\u00d3N DE MARSET NO ES EL FINAL, SE MANTIENEN SEIS ACUSACIONES EN SU CONTRA Y SE ABRI\u00d3 UN NUEVO CASO"}]},{"@type":"WebSite","@id":"https:\/\/innoticiasbo.com\/#website","url":"https:\/\/innoticiasbo.com\/","name":"innoticiasbo.com","description":"","publisher":{"@id":"https:\/\/innoticiasbo.com\/#organization"},"potentialAction":[{"@type":"SearchAction","target":{"@type":"EntryPoint","urlTemplate":"https:\/\/innoticiasbo.com\/?s={search_term_string}"},"query-input":{"@type":"PropertyValueSpecification","valueRequired":true,"valueName":"search_term_string"}}],"inLanguage":"es"},{"@type":"Organization","@id":"https:\/\/innoticiasbo.com\/#organization","name":"innoticiasbo.com","url":"https:\/\/innoticiasbo.com\/","logo":{"@type":"ImageObject","inLanguage":"es","@id":"https:\/\/innoticiasbo.com\/#\/schema\/logo\/image\/","url":"https:\/\/i0.wp.com\/innoticiasbo.com\/wp-content\/uploads\/2026\/04\/cropped-IN-LOGO.png?fit=1476%2C1476&ssl=1","contentUrl":"https:\/\/i0.wp.com\/innoticiasbo.com\/wp-content\/uploads\/2026\/04\/cropped-IN-LOGO.png?fit=1476%2C1476&ssl=1","width":1476,"height":1476,"caption":"innoticiasbo.com"},"image":{"@id":"https:\/\/innoticiasbo.com\/#\/schema\/logo\/image\/"},"sameAs":["https:\/\/www.facebook.com\/innoticiasbolivia","https:\/\/x.com\/innoticiasbo","https:\/\/www.instagram.com\/innoticiasbo","https:\/\/www.youtube.com\/innoticiasbo"]},{"@type":"Person","@id":"https:\/\/innoticiasbo.com\/#\/schema\/person\/589cd527c4211df1b943bdad85ec07ce","name":"Prensa","image":{"@type":"ImageObject","inLanguage":"es","@id":"https:\/\/innoticiasbo.com\/#\/schema\/person\/image\/","url":"https:\/\/secure.gravatar.com\/avatar\/d359bbdf112023c1c0a3ec7fe1600657?s=96&d=mm&r=g","contentUrl":"https:\/\/secure.gravatar.com\/avatar\/d359bbdf112023c1c0a3ec7fe1600657?s=96&d=mm&r=g","caption":"Prensa"},"sameAs":["http:\/\/www.innoticiasbo.com"],"url":"https:\/\/innoticiasbo.com\/index.php\/author\/prensa\/"}]}},"jetpack_featured_media_url":"https:\/\/i0.wp.com\/innoticiasbo.com\/wp-content\/uploads\/2026\/03\/IMG-20260313-WA0251.jpg?fit=1600%2C900&ssl=1","jetpack_likes_enabled":true,"jetpack_sharing_enabled":true,"jetpack_shortlink":"https:\/\/wp.me\/pg298x-2vk","_links":{"self":[{"href":"https:\/\/innoticiasbo.com\/index.php\/wp-json\/wp\/v2\/posts\/9630","targetHints":{"allow":["GET"]}}],"collection":[{"href":"https:\/\/innoticiasbo.com\/index.php\/wp-json\/wp\/v2\/posts"}],"about":[{"href":"https:\/\/innoticiasbo.com\/index.php\/wp-json\/wp\/v2\/types\/post"}],"author":[{"embeddable":true,"href":"https:\/\/innoticiasbo.com\/index.php\/wp-json\/wp\/v2\/users\/2"}],"replies":[{"embeddable":true,"href":"https:\/\/innoticiasbo.com\/index.php\/wp-json\/wp\/v2\/comments?post=9630"}],"version-history":[{"count":1,"href":"https:\/\/innoticiasbo.com\/index.php\/wp-json\/wp\/v2\/posts\/9630\/revisions"}],"predecessor-version":[{"id":9631,"href":"https:\/\/innoticiasbo.com\/index.php\/wp-json\/wp\/v2\/posts\/9630\/revisions\/9631"}],"wp:featuredmedia":[{"embeddable":true,"href":"https:\/\/innoticiasbo.com\/index.php\/wp-json\/wp\/v2\/media\/9629"}],"wp:attachment":[{"href":"https:\/\/innoticiasbo.com\/index.php\/wp-json\/wp\/v2\/media?parent=9630"}],"wp:term":[{"taxonomy":"category","embeddable":true,"href":"https:\/\/innoticiasbo.com\/index.php\/wp-json\/wp\/v2\/categories?post=9630"},{"taxonomy":"post_tag","embeddable":true,"href":"https:\/\/innoticiasbo.com\/index.php\/wp-json\/wp\/v2\/tags?post=9630"}],"curies":[{"name":"wp","href":"https:\/\/api.w.org\/{rel}","templated":true}]}}