{"id":9623,"date":"2026-03-13T14:11:14","date_gmt":"2026-03-13T18:11:14","guid":{"rendered":"https:\/\/innoticiasbo.com\/?p=9623"},"modified":"2026-03-13T14:11:16","modified_gmt":"2026-03-13T18:11:16","slug":"sellan-acuerdo-humanitario-cuba-libera-a-51-presos-tras-pacto-con-el-vaticano","status":"publish","type":"post","link":"https:\/\/innoticiasbo.com\/index.php\/2026\/03\/13\/sellan-acuerdo-humanitario-cuba-libera-a-51-presos-tras-pacto-con-el-vaticano\/","title":{"rendered":"SELLAN ACUERDO HUMANITARIO: CUBA LIBERA A 51 PRESOS TRAS PACTO CON EL VATICANO"},"content":{"rendered":"\n<figure class=\"wp-block-image size-full\"><img data-recalc-dims=\"1\" loading=\"lazy\" decoding=\"async\" width=\"640\" height=\"360\" src=\"https:\/\/i0.wp.com\/innoticiasbo.com\/wp-content\/uploads\/2026\/03\/image-191.png?resize=640%2C360&#038;ssl=1\" alt=\"\" class=\"wp-image-9624\" srcset=\"https:\/\/i0.wp.com\/innoticiasbo.com\/wp-content\/uploads\/2026\/03\/image-191.png?w=800&amp;ssl=1 800w, https:\/\/i0.wp.com\/innoticiasbo.com\/wp-content\/uploads\/2026\/03\/image-191.png?resize=300%2C169&amp;ssl=1 300w, https:\/\/i0.wp.com\/innoticiasbo.com\/wp-content\/uploads\/2026\/03\/image-191.png?resize=768%2C432&amp;ssl=1 768w\" sizes=\"auto, (max-width: 640px) 100vw, 640px\" \/><\/figure>\n\n\n\n<p><strong>Internacional, 13 de Marzo de 2026.- <\/strong>La medida llega en un contexto de m\u00e1xima presi\u00f3n por parte de Washington y tras el retorno de la isla a la \u00ablista negra\u00bb de EEUU.<\/p>\n\n\n\n<p>El Gobierno de Cuba anunci\u00f3 oficialmente este jueves la pr\u00f3xima excarcelaci\u00f3n de 51 personas privadas de libertad. La decisi\u00f3n se fundamenta en un acuerdo estrat\u00e9gico con el Vaticano, manteniendo la tradici\u00f3n de mediaci\u00f3n de la Santa Sede.<\/p>\n\n\n\n<p>Seg\u00fan el Ministerio de Relaciones Exteriores (Minrex), los seleccionados han cumplido una parte significativa de su condena y mostraron buena conducta. \u00abEl Gobierno de Cuba ha decidido liberar en los pr\u00f3ximos d\u00edas a 51 personas sancionadas\u00bb, detall\u00f3 la Canciller\u00eda en su comunicado oficial.<\/p>\n\n\n\n<p>Las autoridades cubanas subrayaron que esta medida es una \u201cdecisi\u00f3n soberana\u201d que responde a la trayectoria humanitaria de su sistema penal. Adem\u00e1s, enmarcaron la acci\u00f3n en el \u00abesp\u00edritu de buena voluntad y de estrechas relaciones\u00bb que sostienen hist\u00f3ricamente con el Estado Vaticano.<\/p>\n\n\n\n<p>Es importante precisar que estas liberaciones no constituyen indultos definitivos, sino un beneficio penitenciario condicionado. Los beneficiarios deber\u00e1n cumplir requisitos espec\u00edficos durante el tiempo restante de su condena original fuera de la prisi\u00f3n.<\/p>\n\n\n\n<p>Este movimiento ocurre tras un antecedente similar en 2025, cuando La Habana liber\u00f3 a 553 personas tras un breve deshielo con la administraci\u00f3n Biden. No obstante, el regreso de Donald Trump a la Casa Blanca devolvi\u00f3 a la isla a la lista de patrocinadores del terrorismo.<\/p>\n\n\n\n<p>Cifras oficiales indican que, desde 2010, Cuba ha beneficiado con indultos a casi 10,000 reclusos en diversos procesos. Por su parte, el Minrex asegura que otros 10,000 presos fueron excarcelados mediante distintos beneficios en los \u00faltimos tres a\u00f1os.<\/p>\n\n\n\n<p>La actual decisi\u00f3n se produce bajo una fuerte presi\u00f3n externa, que incluye un severo bloqueo petrolero impulsado por Washington. Estados Unidos busca forzar reformas econ\u00f3micas y pol\u00edticas profundas en la estructura de la isla caribe\u00f1a.<\/p>\n\n\n\n<p>Mientras el Gobierno defiende su \u00abpr\u00e1ctica habitual\u00bb de revisi\u00f3n de penas, diversas ONG permanecen atentas al perfil de los liberados. En procesos anteriores, una parte considerable de los beneficiados fueron identificados como prisioneros por motivos pol\u00edticos.<\/p>\n\n\n\n<p>Fuente: Red Uno<\/p>\n","protected":false},"excerpt":{"rendered":"<p>Internacional, 13 de Marzo de 2026.- La medida llega en un contexto de m\u00e1xima presi\u00f3n por parte de Washington y tras el retorno de la isla a la \u00ablista negra\u00bb de EEUU. El Gobierno de Cuba anunci\u00f3 oficialmente este jueves la pr\u00f3xima excarcelaci\u00f3n de 51 personas privadas de libertad. La decisi\u00f3n se fundamenta en un&#8230;<\/p>\n","protected":false},"author":11,"featured_media":9624,"comment_status":"open","ping_status":"open","sticky":false,"template":"","format":"standard","meta":{"_jetpack_memberships_contains_paid_content":false,"footnotes":"","jetpack_publicize_message":"","jetpack_publicize_feature_enabled":true,"jetpack_social_post_already_shared":true,"jetpack_social_options":{"image_generator_settings":{"template":"highway","enabled":false},"version":2}},"categories":[684,3],"tags":[1503,1502,8,1504,1125,10,1505,91],"class_list":["post-9623","post","type-post","status-publish","format-standard","has-post-thumbnail","hentry","category-internacional","category-politica","tag-acuerdo-humanitario","tag-cuba","tag-internacional","tag-liberados","tag-pacto","tag-politica","tag-presos","tag-vaticano"],"jetpack_publicize_connections":[],"yoast_head":"<!-- This site is optimized with the Yoast SEO plugin v23.4 - https:\/\/yoast.com\/wordpress\/plugins\/seo\/ -->\n<title>SELLAN ACUERDO HUMANITARIO: CUBA LIBERA A 51 PRESOS TRAS PACTO CON EL VATICANO - innoticiasbo.com<\/title>\n<meta name=\"robots\" content=\"index, follow, max-snippet:-1, max-image-preview:large, max-video-preview:-1\" \/>\n<link rel=\"canonical\" href=\"https:\/\/innoticiasbo.com\/index.php\/2026\/03\/13\/sellan-acuerdo-humanitario-cuba-libera-a-51-presos-tras-pacto-con-el-vaticano\/\" \/>\n<meta property=\"og:locale\" content=\"es_ES\" \/>\n<meta property=\"og:type\" content=\"article\" \/>\n<meta property=\"og:title\" content=\"SELLAN ACUERDO HUMANITARIO: CUBA LIBERA A 51 PRESOS TRAS PACTO CON EL VATICANO - innoticiasbo.com\" \/>\n<meta property=\"og:description\" content=\"Internacional, 13 de Marzo de 2026.- La medida llega en un contexto de m\u00e1xima presi\u00f3n por parte de Washington y tras el retorno de la isla a la \u00ablista negra\u00bb de EEUU. El Gobierno de Cuba anunci\u00f3 oficialmente este jueves la pr\u00f3xima excarcelaci\u00f3n de 51 personas privadas de libertad. La decisi\u00f3n se fundamenta en un...\" \/>\n<meta property=\"og:url\" content=\"https:\/\/innoticiasbo.com\/index.php\/2026\/03\/13\/sellan-acuerdo-humanitario-cuba-libera-a-51-presos-tras-pacto-con-el-vaticano\/\" \/>\n<meta property=\"og:site_name\" content=\"innoticiasbo.com\" \/>\n<meta property=\"article:publisher\" content=\"https:\/\/www.facebook.com\/innoticiasbolivia\" \/>\n<meta property=\"article:published_time\" content=\"2026-03-13T18:11:14+00:00\" \/>\n<meta property=\"article:modified_time\" content=\"2026-03-13T18:11:16+00:00\" \/>\n<meta property=\"og:image\" content=\"https:\/\/innoticiasbo.com\/wp-content\/uploads\/2026\/03\/image-191.png\" \/>\n\t<meta property=\"og:image:width\" content=\"800\" \/>\n\t<meta property=\"og:image:height\" content=\"450\" \/>\n\t<meta property=\"og:image:type\" content=\"image\/png\" \/>\n<meta name=\"author\" content=\"Prensa 11\" \/>\n<meta name=\"twitter:card\" content=\"summary_large_image\" \/>\n<meta name=\"twitter:creator\" content=\"@innoticiasbo\" \/>\n<meta name=\"twitter:site\" content=\"@innoticiasbo\" \/>\n<meta name=\"twitter:label1\" content=\"Escrito por\" \/>\n\t<meta name=\"twitter:data1\" content=\"Prensa 11\" \/>\n\t<meta name=\"twitter:label2\" content=\"Tiempo de lectura\" \/>\n\t<meta name=\"twitter:data2\" content=\"2 minutos\" \/>\n<script type=\"application\/ld+json\" class=\"yoast-schema-graph\">{\"@context\":\"https:\/\/schema.org\",\"@graph\":[{\"@type\":\"Article\",\"@id\":\"https:\/\/innoticiasbo.com\/index.php\/2026\/03\/13\/sellan-acuerdo-humanitario-cuba-libera-a-51-presos-tras-pacto-con-el-vaticano\/#article\",\"isPartOf\":{\"@id\":\"https:\/\/innoticiasbo.com\/index.php\/2026\/03\/13\/sellan-acuerdo-humanitario-cuba-libera-a-51-presos-tras-pacto-con-el-vaticano\/\"},\"author\":{\"name\":\"Prensa 11\",\"@id\":\"https:\/\/innoticiasbo.com\/#\/schema\/person\/0b28481e8d0316f83a13bc702311def5\"},\"headline\":\"SELLAN ACUERDO HUMANITARIO: CUBA LIBERA A 51 PRESOS TRAS PACTO CON EL VATICANO\",\"datePublished\":\"2026-03-13T18:11:14+00:00\",\"dateModified\":\"2026-03-13T18:11:16+00:00\",\"mainEntityOfPage\":{\"@id\":\"https:\/\/innoticiasbo.com\/index.php\/2026\/03\/13\/sellan-acuerdo-humanitario-cuba-libera-a-51-presos-tras-pacto-con-el-vaticano\/\"},\"wordCount\":379,\"commentCount\":0,\"publisher\":{\"@id\":\"https:\/\/innoticiasbo.com\/#organization\"},\"image\":{\"@id\":\"https:\/\/innoticiasbo.com\/index.php\/2026\/03\/13\/sellan-acuerdo-humanitario-cuba-libera-a-51-presos-tras-pacto-con-el-vaticano\/#primaryimage\"},\"thumbnailUrl\":\"https:\/\/i0.wp.com\/innoticiasbo.com\/wp-content\/uploads\/2026\/03\/image-191.png?fit=800%2C450&ssl=1\",\"keywords\":[\"Acuerdo humanitario\",\"Cuba\",\"Internacional\",\"liberados\",\"pacto\",\"Pol\u00edtica\",\"presos\",\"Vaticano\"],\"articleSection\":[\"Internacional\",\"Pol\u00edtica\"],\"inLanguage\":\"es\",\"potentialAction\":[{\"@type\":\"CommentAction\",\"name\":\"Comment\",\"target\":[\"https:\/\/innoticiasbo.com\/index.php\/2026\/03\/13\/sellan-acuerdo-humanitario-cuba-libera-a-51-presos-tras-pacto-con-el-vaticano\/#respond\"]}]},{\"@type\":\"WebPage\",\"@id\":\"https:\/\/innoticiasbo.com\/index.php\/2026\/03\/13\/sellan-acuerdo-humanitario-cuba-libera-a-51-presos-tras-pacto-con-el-vaticano\/\",\"url\":\"https:\/\/innoticiasbo.com\/index.php\/2026\/03\/13\/sellan-acuerdo-humanitario-cuba-libera-a-51-presos-tras-pacto-con-el-vaticano\/\",\"name\":\"SELLAN ACUERDO HUMANITARIO: CUBA LIBERA A 51 PRESOS TRAS PACTO CON EL VATICANO - innoticiasbo.com\",\"isPartOf\":{\"@id\":\"https:\/\/innoticiasbo.com\/#website\"},\"primaryImageOfPage\":{\"@id\":\"https:\/\/innoticiasbo.com\/index.php\/2026\/03\/13\/sellan-acuerdo-humanitario-cuba-libera-a-51-presos-tras-pacto-con-el-vaticano\/#primaryimage\"},\"image\":{\"@id\":\"https:\/\/innoticiasbo.com\/index.php\/2026\/03\/13\/sellan-acuerdo-humanitario-cuba-libera-a-51-presos-tras-pacto-con-el-vaticano\/#primaryimage\"},\"thumbnailUrl\":\"https:\/\/i0.wp.com\/innoticiasbo.com\/wp-content\/uploads\/2026\/03\/image-191.png?fit=800%2C450&ssl=1\",\"datePublished\":\"2026-03-13T18:11:14+00:00\",\"dateModified\":\"2026-03-13T18:11:16+00:00\",\"breadcrumb\":{\"@id\":\"https:\/\/innoticiasbo.com\/index.php\/2026\/03\/13\/sellan-acuerdo-humanitario-cuba-libera-a-51-presos-tras-pacto-con-el-vaticano\/#breadcrumb\"},\"inLanguage\":\"es\",\"potentialAction\":[{\"@type\":\"ReadAction\",\"target\":[\"https:\/\/innoticiasbo.com\/index.php\/2026\/03\/13\/sellan-acuerdo-humanitario-cuba-libera-a-51-presos-tras-pacto-con-el-vaticano\/\"]}]},{\"@type\":\"ImageObject\",\"inLanguage\":\"es\",\"@id\":\"https:\/\/innoticiasbo.com\/index.php\/2026\/03\/13\/sellan-acuerdo-humanitario-cuba-libera-a-51-presos-tras-pacto-con-el-vaticano\/#primaryimage\",\"url\":\"https:\/\/i0.wp.com\/innoticiasbo.com\/wp-content\/uploads\/2026\/03\/image-191.png?fit=800%2C450&ssl=1\",\"contentUrl\":\"https:\/\/i0.wp.com\/innoticiasbo.com\/wp-content\/uploads\/2026\/03\/image-191.png?fit=800%2C450&ssl=1\",\"width\":800,\"height\":450},{\"@type\":\"BreadcrumbList\",\"@id\":\"https:\/\/innoticiasbo.com\/index.php\/2026\/03\/13\/sellan-acuerdo-humanitario-cuba-libera-a-51-presos-tras-pacto-con-el-vaticano\/#breadcrumb\",\"itemListElement\":[{\"@type\":\"ListItem\",\"position\":1,\"name\":\"Portada\",\"item\":\"https:\/\/innoticiasbo.com\/\"},{\"@type\":\"ListItem\",\"position\":2,\"name\":\"SELLAN ACUERDO HUMANITARIO: CUBA LIBERA A 51 PRESOS TRAS PACTO CON EL VATICANO\"}]},{\"@type\":\"WebSite\",\"@id\":\"https:\/\/innoticiasbo.com\/#website\",\"url\":\"https:\/\/innoticiasbo.com\/\",\"name\":\"innoticiasbo.com\",\"description\":\"\",\"publisher\":{\"@id\":\"https:\/\/innoticiasbo.com\/#organization\"},\"potentialAction\":[{\"@type\":\"SearchAction\",\"target\":{\"@type\":\"EntryPoint\",\"urlTemplate\":\"https:\/\/innoticiasbo.com\/?s={search_term_string}\"},\"query-input\":{\"@type\":\"PropertyValueSpecification\",\"valueRequired\":true,\"valueName\":\"search_term_string\"}}],\"inLanguage\":\"es\"},{\"@type\":\"Organization\",\"@id\":\"https:\/\/innoticiasbo.com\/#organization\",\"name\":\"innoticiasbo.com\",\"url\":\"https:\/\/innoticiasbo.com\/\",\"logo\":{\"@type\":\"ImageObject\",\"inLanguage\":\"es\",\"@id\":\"https:\/\/innoticiasbo.com\/#\/schema\/logo\/image\/\",\"url\":\"https:\/\/i0.wp.com\/innoticiasbo.com\/wp-content\/uploads\/2026\/04\/cropped-IN-LOGO.png?fit=1476%2C1476&ssl=1\",\"contentUrl\":\"https:\/\/i0.wp.com\/innoticiasbo.com\/wp-content\/uploads\/2026\/04\/cropped-IN-LOGO.png?fit=1476%2C1476&ssl=1\",\"width\":1476,\"height\":1476,\"caption\":\"innoticiasbo.com\"},\"image\":{\"@id\":\"https:\/\/innoticiasbo.com\/#\/schema\/logo\/image\/\"},\"sameAs\":[\"https:\/\/www.facebook.com\/innoticiasbolivia\",\"https:\/\/x.com\/innoticiasbo\",\"https:\/\/www.instagram.com\/innoticiasbo\",\"https:\/\/www.youtube.com\/innoticiasbo\"]},{\"@type\":\"Person\",\"@id\":\"https:\/\/innoticiasbo.com\/#\/schema\/person\/0b28481e8d0316f83a13bc702311def5\",\"name\":\"Prensa 11\",\"image\":{\"@type\":\"ImageObject\",\"inLanguage\":\"es\",\"@id\":\"https:\/\/innoticiasbo.com\/#\/schema\/person\/image\/\",\"url\":\"https:\/\/secure.gravatar.com\/avatar\/696560c17349f1807a610bf83832bad0?s=96&d=mm&r=g\",\"contentUrl\":\"https:\/\/secure.gravatar.com\/avatar\/696560c17349f1807a610bf83832bad0?s=96&d=mm&r=g\",\"caption\":\"Prensa 11\"},\"sameAs\":[\"http:\/\/www.innoticiasbo.com\"],\"url\":\"https:\/\/innoticiasbo.com\/index.php\/author\/prensa-11\/\"}]}<\/script>\n<!-- \/ Yoast SEO plugin. -->","yoast_head_json":{"title":"SELLAN ACUERDO HUMANITARIO: CUBA LIBERA A 51 PRESOS TRAS PACTO CON EL VATICANO - innoticiasbo.com","robots":{"index":"index","follow":"follow","max-snippet":"max-snippet:-1","max-image-preview":"max-image-preview:large","max-video-preview":"max-video-preview:-1"},"canonical":"https:\/\/innoticiasbo.com\/index.php\/2026\/03\/13\/sellan-acuerdo-humanitario-cuba-libera-a-51-presos-tras-pacto-con-el-vaticano\/","og_locale":"es_ES","og_type":"article","og_title":"SELLAN ACUERDO HUMANITARIO: CUBA LIBERA A 51 PRESOS TRAS PACTO CON EL VATICANO - innoticiasbo.com","og_description":"Internacional, 13 de Marzo de 2026.- La medida llega en un contexto de m\u00e1xima presi\u00f3n por parte de Washington y tras el retorno de la isla a la \u00ablista negra\u00bb de EEUU. El Gobierno de Cuba anunci\u00f3 oficialmente este jueves la pr\u00f3xima excarcelaci\u00f3n de 51 personas privadas de libertad. La decisi\u00f3n se fundamenta en un...","og_url":"https:\/\/innoticiasbo.com\/index.php\/2026\/03\/13\/sellan-acuerdo-humanitario-cuba-libera-a-51-presos-tras-pacto-con-el-vaticano\/","og_site_name":"innoticiasbo.com","article_publisher":"https:\/\/www.facebook.com\/innoticiasbolivia","article_published_time":"2026-03-13T18:11:14+00:00","article_modified_time":"2026-03-13T18:11:16+00:00","og_image":[{"width":800,"height":450,"url":"https:\/\/innoticiasbo.com\/wp-content\/uploads\/2026\/03\/image-191.png","type":"image\/png"}],"author":"Prensa 11","twitter_card":"summary_large_image","twitter_creator":"@innoticiasbo","twitter_site":"@innoticiasbo","twitter_misc":{"Escrito por":"Prensa 11","Tiempo de lectura":"2 minutos"},"schema":{"@context":"https:\/\/schema.org","@graph":[{"@type":"Article","@id":"https:\/\/innoticiasbo.com\/index.php\/2026\/03\/13\/sellan-acuerdo-humanitario-cuba-libera-a-51-presos-tras-pacto-con-el-vaticano\/#article","isPartOf":{"@id":"https:\/\/innoticiasbo.com\/index.php\/2026\/03\/13\/sellan-acuerdo-humanitario-cuba-libera-a-51-presos-tras-pacto-con-el-vaticano\/"},"author":{"name":"Prensa 11","@id":"https:\/\/innoticiasbo.com\/#\/schema\/person\/0b28481e8d0316f83a13bc702311def5"},"headline":"SELLAN ACUERDO HUMANITARIO: CUBA LIBERA A 51 PRESOS TRAS PACTO CON EL VATICANO","datePublished":"2026-03-13T18:11:14+00:00","dateModified":"2026-03-13T18:11:16+00:00","mainEntityOfPage":{"@id":"https:\/\/innoticiasbo.com\/index.php\/2026\/03\/13\/sellan-acuerdo-humanitario-cuba-libera-a-51-presos-tras-pacto-con-el-vaticano\/"},"wordCount":379,"commentCount":0,"publisher":{"@id":"https:\/\/innoticiasbo.com\/#organization"},"image":{"@id":"https:\/\/innoticiasbo.com\/index.php\/2026\/03\/13\/sellan-acuerdo-humanitario-cuba-libera-a-51-presos-tras-pacto-con-el-vaticano\/#primaryimage"},"thumbnailUrl":"https:\/\/i0.wp.com\/innoticiasbo.com\/wp-content\/uploads\/2026\/03\/image-191.png?fit=800%2C450&ssl=1","keywords":["Acuerdo humanitario","Cuba","Internacional","liberados","pacto","Pol\u00edtica","presos","Vaticano"],"articleSection":["Internacional","Pol\u00edtica"],"inLanguage":"es","potentialAction":[{"@type":"CommentAction","name":"Comment","target":["https:\/\/innoticiasbo.com\/index.php\/2026\/03\/13\/sellan-acuerdo-humanitario-cuba-libera-a-51-presos-tras-pacto-con-el-vaticano\/#respond"]}]},{"@type":"WebPage","@id":"https:\/\/innoticiasbo.com\/index.php\/2026\/03\/13\/sellan-acuerdo-humanitario-cuba-libera-a-51-presos-tras-pacto-con-el-vaticano\/","url":"https:\/\/innoticiasbo.com\/index.php\/2026\/03\/13\/sellan-acuerdo-humanitario-cuba-libera-a-51-presos-tras-pacto-con-el-vaticano\/","name":"SELLAN ACUERDO HUMANITARIO: CUBA LIBERA A 51 PRESOS TRAS PACTO CON EL VATICANO - innoticiasbo.com","isPartOf":{"@id":"https:\/\/innoticiasbo.com\/#website"},"primaryImageOfPage":{"@id":"https:\/\/innoticiasbo.com\/index.php\/2026\/03\/13\/sellan-acuerdo-humanitario-cuba-libera-a-51-presos-tras-pacto-con-el-vaticano\/#primaryimage"},"image":{"@id":"https:\/\/innoticiasbo.com\/index.php\/2026\/03\/13\/sellan-acuerdo-humanitario-cuba-libera-a-51-presos-tras-pacto-con-el-vaticano\/#primaryimage"},"thumbnailUrl":"https:\/\/i0.wp.com\/innoticiasbo.com\/wp-content\/uploads\/2026\/03\/image-191.png?fit=800%2C450&ssl=1","datePublished":"2026-03-13T18:11:14+00:00","dateModified":"2026-03-13T18:11:16+00:00","breadcrumb":{"@id":"https:\/\/innoticiasbo.com\/index.php\/2026\/03\/13\/sellan-acuerdo-humanitario-cuba-libera-a-51-presos-tras-pacto-con-el-vaticano\/#breadcrumb"},"inLanguage":"es","potentialAction":[{"@type":"ReadAction","target":["https:\/\/innoticiasbo.com\/index.php\/2026\/03\/13\/sellan-acuerdo-humanitario-cuba-libera-a-51-presos-tras-pacto-con-el-vaticano\/"]}]},{"@type":"ImageObject","inLanguage":"es","@id":"https:\/\/innoticiasbo.com\/index.php\/2026\/03\/13\/sellan-acuerdo-humanitario-cuba-libera-a-51-presos-tras-pacto-con-el-vaticano\/#primaryimage","url":"https:\/\/i0.wp.com\/innoticiasbo.com\/wp-content\/uploads\/2026\/03\/image-191.png?fit=800%2C450&ssl=1","contentUrl":"https:\/\/i0.wp.com\/innoticiasbo.com\/wp-content\/uploads\/2026\/03\/image-191.png?fit=800%2C450&ssl=1","width":800,"height":450},{"@type":"BreadcrumbList","@id":"https:\/\/innoticiasbo.com\/index.php\/2026\/03\/13\/sellan-acuerdo-humanitario-cuba-libera-a-51-presos-tras-pacto-con-el-vaticano\/#breadcrumb","itemListElement":[{"@type":"ListItem","position":1,"name":"Portada","item":"https:\/\/innoticiasbo.com\/"},{"@type":"ListItem","position":2,"name":"SELLAN ACUERDO HUMANITARIO: CUBA LIBERA A 51 PRESOS TRAS PACTO CON EL VATICANO"}]},{"@type":"WebSite","@id":"https:\/\/innoticiasbo.com\/#website","url":"https:\/\/innoticiasbo.com\/","name":"innoticiasbo.com","description":"","publisher":{"@id":"https:\/\/innoticiasbo.com\/#organization"},"potentialAction":[{"@type":"SearchAction","target":{"@type":"EntryPoint","urlTemplate":"https:\/\/innoticiasbo.com\/?s={search_term_string}"},"query-input":{"@type":"PropertyValueSpecification","valueRequired":true,"valueName":"search_term_string"}}],"inLanguage":"es"},{"@type":"Organization","@id":"https:\/\/innoticiasbo.com\/#organization","name":"innoticiasbo.com","url":"https:\/\/innoticiasbo.com\/","logo":{"@type":"ImageObject","inLanguage":"es","@id":"https:\/\/innoticiasbo.com\/#\/schema\/logo\/image\/","url":"https:\/\/i0.wp.com\/innoticiasbo.com\/wp-content\/uploads\/2026\/04\/cropped-IN-LOGO.png?fit=1476%2C1476&ssl=1","contentUrl":"https:\/\/i0.wp.com\/innoticiasbo.com\/wp-content\/uploads\/2026\/04\/cropped-IN-LOGO.png?fit=1476%2C1476&ssl=1","width":1476,"height":1476,"caption":"innoticiasbo.com"},"image":{"@id":"https:\/\/innoticiasbo.com\/#\/schema\/logo\/image\/"},"sameAs":["https:\/\/www.facebook.com\/innoticiasbolivia","https:\/\/x.com\/innoticiasbo","https:\/\/www.instagram.com\/innoticiasbo","https:\/\/www.youtube.com\/innoticiasbo"]},{"@type":"Person","@id":"https:\/\/innoticiasbo.com\/#\/schema\/person\/0b28481e8d0316f83a13bc702311def5","name":"Prensa 11","image":{"@type":"ImageObject","inLanguage":"es","@id":"https:\/\/innoticiasbo.com\/#\/schema\/person\/image\/","url":"https:\/\/secure.gravatar.com\/avatar\/696560c17349f1807a610bf83832bad0?s=96&d=mm&r=g","contentUrl":"https:\/\/secure.gravatar.com\/avatar\/696560c17349f1807a610bf83832bad0?s=96&d=mm&r=g","caption":"Prensa 11"},"sameAs":["http:\/\/www.innoticiasbo.com"],"url":"https:\/\/innoticiasbo.com\/index.php\/author\/prensa-11\/"}]}},"jetpack_featured_media_url":"https:\/\/i0.wp.com\/innoticiasbo.com\/wp-content\/uploads\/2026\/03\/image-191.png?fit=800%2C450&ssl=1","jetpack_likes_enabled":true,"jetpack_sharing_enabled":true,"jetpack_shortlink":"https:\/\/wp.me\/pg298x-2vd","_links":{"self":[{"href":"https:\/\/innoticiasbo.com\/index.php\/wp-json\/wp\/v2\/posts\/9623","targetHints":{"allow":["GET"]}}],"collection":[{"href":"https:\/\/innoticiasbo.com\/index.php\/wp-json\/wp\/v2\/posts"}],"about":[{"href":"https:\/\/innoticiasbo.com\/index.php\/wp-json\/wp\/v2\/types\/post"}],"author":[{"embeddable":true,"href":"https:\/\/innoticiasbo.com\/index.php\/wp-json\/wp\/v2\/users\/11"}],"replies":[{"embeddable":true,"href":"https:\/\/innoticiasbo.com\/index.php\/wp-json\/wp\/v2\/comments?post=9623"}],"version-history":[{"count":1,"href":"https:\/\/innoticiasbo.com\/index.php\/wp-json\/wp\/v2\/posts\/9623\/revisions"}],"predecessor-version":[{"id":9625,"href":"https:\/\/innoticiasbo.com\/index.php\/wp-json\/wp\/v2\/posts\/9623\/revisions\/9625"}],"wp:featuredmedia":[{"embeddable":true,"href":"https:\/\/innoticiasbo.com\/index.php\/wp-json\/wp\/v2\/media\/9624"}],"wp:attachment":[{"href":"https:\/\/innoticiasbo.com\/index.php\/wp-json\/wp\/v2\/media?parent=9623"}],"wp:term":[{"taxonomy":"category","embeddable":true,"href":"https:\/\/innoticiasbo.com\/index.php\/wp-json\/wp\/v2\/categories?post=9623"},{"taxonomy":"post_tag","embeddable":true,"href":"https:\/\/innoticiasbo.com\/index.php\/wp-json\/wp\/v2\/tags?post=9623"}],"curies":[{"name":"wp","href":"https:\/\/api.w.org\/{rel}","templated":true}]}}