{"id":9614,"date":"2026-03-13T13:41:16","date_gmt":"2026-03-13T17:41:16","guid":{"rendered":"https:\/\/innoticiasbo.com\/?p=9614"},"modified":"2026-03-13T13:41:17","modified_gmt":"2026-03-13T17:41:17","slug":"ee-uu-afirma-que-mojtaba-jamenei-el-nuevo-lider-supremo-irani-esta-herido-y-desfigurado","status":"publish","type":"post","link":"https:\/\/innoticiasbo.com\/index.php\/2026\/03\/13\/ee-uu-afirma-que-mojtaba-jamenei-el-nuevo-lider-supremo-irani-esta-herido-y-desfigurado\/","title":{"rendered":"EE.UU. AFIRMA QUE MOJTABA JAMENE\u00cd, EL NUEVO L\u00cdDER SUPREMO IRAN\u00cd, EST\u00c1 \u00abHERIDO\u00bb Y \u00abDESFIGURADO\u00bb"},"content":{"rendered":"\n<figure class=\"wp-block-image size-large\"><img data-recalc-dims=\"1\" loading=\"lazy\" decoding=\"async\" width=\"640\" height=\"360\" src=\"https:\/\/i0.wp.com\/innoticiasbo.com\/wp-content\/uploads\/2026\/03\/image-188.png?resize=640%2C360&#038;ssl=1\" alt=\"\" class=\"wp-image-9615\" srcset=\"https:\/\/i0.wp.com\/innoticiasbo.com\/wp-content\/uploads\/2026\/03\/image-188.png?resize=1024%2C576&amp;ssl=1 1024w, https:\/\/i0.wp.com\/innoticiasbo.com\/wp-content\/uploads\/2026\/03\/image-188.png?resize=300%2C169&amp;ssl=1 300w, https:\/\/i0.wp.com\/innoticiasbo.com\/wp-content\/uploads\/2026\/03\/image-188.png?resize=768%2C432&amp;ssl=1 768w, https:\/\/i0.wp.com\/innoticiasbo.com\/wp-content\/uploads\/2026\/03\/image-188.png?w=1200&amp;ssl=1 1200w\" sizes=\"auto, (max-width: 640px) 100vw, 640px\" \/><\/figure>\n\n\n\n<p><strong>Mundo, 13 de Marzo de 2026.- <\/strong>El sucesor del l\u00edder supremo iran\u00ed result\u00f3 gravemente herido en los ataques de Estados Unidos contra Ir\u00e1n, as\u00ed lo inform\u00f3 el secretario de Guerra de EE.UU.<\/p>\n\n\n\n<p>El<strong> secretario de Guerra de EE.UU., Pete Hegseth<\/strong>, afirm\u00f3 este viernes que el<strong> nuevo l\u00edder supremo iran\u00ed, Mojtaba Jamene\u00ed, hijo del fallecido Al\u00ed Jamene\u00ed, <\/strong>est\u00e1 \u00abherido\u00bb y muy posiblemente \u00abdesfigurado\u00bb tras los ataques que mataron a su padre en el inicio de la <strong>guerra lanzada por Washington e Israel contra Ir\u00e1n.<\/strong><\/p>\n\n\n\n<p>\u00abSabemos que el nuevo supuesto, <strong>no tan supremo, l\u00edder est\u00e1 herido y probablemente desfigurado<\/strong>. Ayer public\u00f3 un comunicado, en realidad uno bastante d\u00e9bil, pero no hab\u00eda voz ni hab\u00eda video\u00bb, dijo el jefe del Pent\u00e1gono en una rueda de prensa.<\/p>\n\n\n\n<p>Hegseth asegur\u00f3 que <strong>el nuevo l\u00edder supremo \u00abcarece de legitimidad\u00bb<\/strong> y que habla de unidad despu\u00e9s de \u00abasesinar a decenas de miles de manifestantes\u00bb, en referencia a las protestas que comenzaron a finales del a\u00f1o pasado hasta antes del inicio de la guerra de Estados Unidos e Israel contra Ir\u00e1n, el 28 de febrero.<\/p>\n\n\n\n<p>\u00abIr\u00e1n tiene c\u00e1maras y grabadoras \u00bfpor qu\u00e9 emite un comunicado escrito? Creo que sabemos por qu\u00e9\u00bb, asegur\u00f3 el jefe del Pent\u00e1gono, quien dijo que Jamene\u00ed tiene \u00abmiedo\u00bb y que gran parte de su familia, incluido su padre y <strong>anterior l\u00edder supremo ha muerto en los ataques.<\/strong><\/p>\n\n\n\n<p>En su primer mensaje este jueves como n<strong>uevo l\u00edder supremo de la Rep\u00fablica Isl\u00e1mica, Jamene\u00ed<\/strong> mostr\u00f3 un tono desafiante, llam\u00f3 a mantener cerrado el estrecho de Ormuz, amenaz\u00f3 a las bases de Estados Unidos en Oriente Medio y asegur\u00f3 que la \u00absangre de los m\u00e1rtires ser\u00e1 vengada\u00bb.<\/p>\n\n\n\n<p>\u00abEl estrecho de Ormuz debe permanecer cerrado\u00bb, subray\u00f3 la nueva m\u00e1xima<strong> autoridad pol\u00edtica y religiosa de Ir\u00e1n <\/strong>en un comunicado le\u00eddo por una presentadora en la televisi\u00f3n estatal mientras se emit\u00eda una imagen de la bandera de Ir\u00e1n y una fotograf\u00eda del nuevo l\u00edder.<\/p>\n\n\n\n<p>Fuente: El Deber<\/p>\n","protected":false},"excerpt":{"rendered":"<p>Mundo, 13 de Marzo de 2026.- El sucesor del l\u00edder supremo iran\u00ed result\u00f3 gravemente herido en los ataques de Estados Unidos contra Ir\u00e1n, as\u00ed lo inform\u00f3 el secretario de Guerra de EE.UU. El secretario de Guerra de EE.UU., Pete Hegseth, afirm\u00f3 este viernes que el nuevo l\u00edder supremo iran\u00ed, Mojtaba Jamene\u00ed, hijo del fallecido Al\u00ed&#8230;<\/p>\n","protected":false},"author":11,"featured_media":9615,"comment_status":"open","ping_status":"open","sticky":false,"template":"","format":"standard","meta":{"_jetpack_memberships_contains_paid_content":false,"footnotes":"","jetpack_publicize_message":"","jetpack_publicize_feature_enabled":true,"jetpack_social_post_already_shared":true,"jetpack_social_options":{"image_generator_settings":{"template":"highway","enabled":false},"version":2}},"categories":[5],"tags":[1240,1246,737,1270,849,1496,97,10],"class_list":["post-9614","post","type-post","status-publish","format-standard","has-post-thumbnail","hentry","category-mundo","tag-guerra","tag-guerra-en-iran","tag-herido","tag-iran-2","tag-iran","tag-mojtaba-jamenei","tag-mundo","tag-politica"],"jetpack_publicize_connections":[],"yoast_head":"<!-- This site is optimized with the Yoast SEO plugin v23.4 - https:\/\/yoast.com\/wordpress\/plugins\/seo\/ -->\n<title>EE.UU. AFIRMA QUE MOJTABA JAMENE\u00cd, EL NUEVO L\u00cdDER SUPREMO IRAN\u00cd, EST\u00c1 &quot;HERIDO&quot; Y &quot;DESFIGURADO&quot; - innoticiasbo.com<\/title>\n<meta name=\"robots\" content=\"index, follow, max-snippet:-1, max-image-preview:large, max-video-preview:-1\" \/>\n<link rel=\"canonical\" href=\"https:\/\/innoticiasbo.com\/index.php\/2026\/03\/13\/ee-uu-afirma-que-mojtaba-jamenei-el-nuevo-lider-supremo-irani-esta-herido-y-desfigurado\/\" \/>\n<meta property=\"og:locale\" content=\"es_ES\" \/>\n<meta property=\"og:type\" content=\"article\" \/>\n<meta property=\"og:title\" content=\"EE.UU. AFIRMA QUE MOJTABA JAMENE\u00cd, EL NUEVO L\u00cdDER SUPREMO IRAN\u00cd, EST\u00c1 &quot;HERIDO&quot; Y &quot;DESFIGURADO&quot; - innoticiasbo.com\" \/>\n<meta property=\"og:description\" content=\"Mundo, 13 de Marzo de 2026.- El sucesor del l\u00edder supremo iran\u00ed result\u00f3 gravemente herido en los ataques de Estados Unidos contra Ir\u00e1n, as\u00ed lo inform\u00f3 el secretario de Guerra de EE.UU. El secretario de Guerra de EE.UU., Pete Hegseth, afirm\u00f3 este viernes que el nuevo l\u00edder supremo iran\u00ed, Mojtaba Jamene\u00ed, hijo del fallecido Al\u00ed...\" \/>\n<meta property=\"og:url\" content=\"https:\/\/innoticiasbo.com\/index.php\/2026\/03\/13\/ee-uu-afirma-que-mojtaba-jamenei-el-nuevo-lider-supremo-irani-esta-herido-y-desfigurado\/\" \/>\n<meta property=\"og:site_name\" content=\"innoticiasbo.com\" \/>\n<meta property=\"article:publisher\" content=\"https:\/\/www.facebook.com\/innoticiasbolivia\" \/>\n<meta property=\"article:published_time\" content=\"2026-03-13T17:41:16+00:00\" \/>\n<meta property=\"article:modified_time\" content=\"2026-03-13T17:41:17+00:00\" \/>\n<meta property=\"og:image\" content=\"https:\/\/innoticiasbo.com\/wp-content\/uploads\/2026\/03\/image-188.png\" \/>\n\t<meta property=\"og:image:width\" content=\"1200\" \/>\n\t<meta property=\"og:image:height\" content=\"675\" \/>\n\t<meta property=\"og:image:type\" content=\"image\/png\" \/>\n<meta name=\"author\" content=\"Prensa 11\" \/>\n<meta name=\"twitter:card\" content=\"summary_large_image\" \/>\n<meta name=\"twitter:creator\" content=\"@innoticiasbo\" \/>\n<meta name=\"twitter:site\" content=\"@innoticiasbo\" \/>\n<meta name=\"twitter:label1\" content=\"Escrito por\" \/>\n\t<meta name=\"twitter:data1\" content=\"Prensa 11\" \/>\n\t<meta name=\"twitter:label2\" content=\"Tiempo de lectura\" \/>\n\t<meta name=\"twitter:data2\" content=\"2 minutos\" \/>\n<script type=\"application\/ld+json\" class=\"yoast-schema-graph\">{\"@context\":\"https:\/\/schema.org\",\"@graph\":[{\"@type\":\"Article\",\"@id\":\"https:\/\/innoticiasbo.com\/index.php\/2026\/03\/13\/ee-uu-afirma-que-mojtaba-jamenei-el-nuevo-lider-supremo-irani-esta-herido-y-desfigurado\/#article\",\"isPartOf\":{\"@id\":\"https:\/\/innoticiasbo.com\/index.php\/2026\/03\/13\/ee-uu-afirma-que-mojtaba-jamenei-el-nuevo-lider-supremo-irani-esta-herido-y-desfigurado\/\"},\"author\":{\"name\":\"Prensa 11\",\"@id\":\"https:\/\/innoticiasbo.com\/#\/schema\/person\/0b28481e8d0316f83a13bc702311def5\"},\"headline\":\"EE.UU. AFIRMA QUE MOJTABA JAMENE\u00cd, EL NUEVO L\u00cdDER SUPREMO IRAN\u00cd, EST\u00c1 \u00abHERIDO\u00bb Y \u00abDESFIGURADO\u00bb\",\"datePublished\":\"2026-03-13T17:41:16+00:00\",\"dateModified\":\"2026-03-13T17:41:17+00:00\",\"mainEntityOfPage\":{\"@id\":\"https:\/\/innoticiasbo.com\/index.php\/2026\/03\/13\/ee-uu-afirma-que-mojtaba-jamenei-el-nuevo-lider-supremo-irani-esta-herido-y-desfigurado\/\"},\"wordCount\":363,\"commentCount\":0,\"publisher\":{\"@id\":\"https:\/\/innoticiasbo.com\/#organization\"},\"image\":{\"@id\":\"https:\/\/innoticiasbo.com\/index.php\/2026\/03\/13\/ee-uu-afirma-que-mojtaba-jamenei-el-nuevo-lider-supremo-irani-esta-herido-y-desfigurado\/#primaryimage\"},\"thumbnailUrl\":\"https:\/\/i0.wp.com\/innoticiasbo.com\/wp-content\/uploads\/2026\/03\/image-188.png?fit=1200%2C675&ssl=1\",\"keywords\":[\"guerra\",\"Guerra en Iran\",\"herido\",\"Iran\",\"ir\u00e1n\",\"Mojtaba Jamene\u00ed\",\"Mundo\",\"Pol\u00edtica\"],\"articleSection\":[\"Mundo\"],\"inLanguage\":\"es\",\"potentialAction\":[{\"@type\":\"CommentAction\",\"name\":\"Comment\",\"target\":[\"https:\/\/innoticiasbo.com\/index.php\/2026\/03\/13\/ee-uu-afirma-que-mojtaba-jamenei-el-nuevo-lider-supremo-irani-esta-herido-y-desfigurado\/#respond\"]}]},{\"@type\":\"WebPage\",\"@id\":\"https:\/\/innoticiasbo.com\/index.php\/2026\/03\/13\/ee-uu-afirma-que-mojtaba-jamenei-el-nuevo-lider-supremo-irani-esta-herido-y-desfigurado\/\",\"url\":\"https:\/\/innoticiasbo.com\/index.php\/2026\/03\/13\/ee-uu-afirma-que-mojtaba-jamenei-el-nuevo-lider-supremo-irani-esta-herido-y-desfigurado\/\",\"name\":\"EE.UU. AFIRMA QUE MOJTABA JAMENE\u00cd, EL NUEVO L\u00cdDER SUPREMO IRAN\u00cd, EST\u00c1 \\\"HERIDO\\\" Y \\\"DESFIGURADO\\\" - innoticiasbo.com\",\"isPartOf\":{\"@id\":\"https:\/\/innoticiasbo.com\/#website\"},\"primaryImageOfPage\":{\"@id\":\"https:\/\/innoticiasbo.com\/index.php\/2026\/03\/13\/ee-uu-afirma-que-mojtaba-jamenei-el-nuevo-lider-supremo-irani-esta-herido-y-desfigurado\/#primaryimage\"},\"image\":{\"@id\":\"https:\/\/innoticiasbo.com\/index.php\/2026\/03\/13\/ee-uu-afirma-que-mojtaba-jamenei-el-nuevo-lider-supremo-irani-esta-herido-y-desfigurado\/#primaryimage\"},\"thumbnailUrl\":\"https:\/\/i0.wp.com\/innoticiasbo.com\/wp-content\/uploads\/2026\/03\/image-188.png?fit=1200%2C675&ssl=1\",\"datePublished\":\"2026-03-13T17:41:16+00:00\",\"dateModified\":\"2026-03-13T17:41:17+00:00\",\"breadcrumb\":{\"@id\":\"https:\/\/innoticiasbo.com\/index.php\/2026\/03\/13\/ee-uu-afirma-que-mojtaba-jamenei-el-nuevo-lider-supremo-irani-esta-herido-y-desfigurado\/#breadcrumb\"},\"inLanguage\":\"es\",\"potentialAction\":[{\"@type\":\"ReadAction\",\"target\":[\"https:\/\/innoticiasbo.com\/index.php\/2026\/03\/13\/ee-uu-afirma-que-mojtaba-jamenei-el-nuevo-lider-supremo-irani-esta-herido-y-desfigurado\/\"]}]},{\"@type\":\"ImageObject\",\"inLanguage\":\"es\",\"@id\":\"https:\/\/innoticiasbo.com\/index.php\/2026\/03\/13\/ee-uu-afirma-que-mojtaba-jamenei-el-nuevo-lider-supremo-irani-esta-herido-y-desfigurado\/#primaryimage\",\"url\":\"https:\/\/i0.wp.com\/innoticiasbo.com\/wp-content\/uploads\/2026\/03\/image-188.png?fit=1200%2C675&ssl=1\",\"contentUrl\":\"https:\/\/i0.wp.com\/innoticiasbo.com\/wp-content\/uploads\/2026\/03\/image-188.png?fit=1200%2C675&ssl=1\",\"width\":1200,\"height\":675},{\"@type\":\"BreadcrumbList\",\"@id\":\"https:\/\/innoticiasbo.com\/index.php\/2026\/03\/13\/ee-uu-afirma-que-mojtaba-jamenei-el-nuevo-lider-supremo-irani-esta-herido-y-desfigurado\/#breadcrumb\",\"itemListElement\":[{\"@type\":\"ListItem\",\"position\":1,\"name\":\"Portada\",\"item\":\"https:\/\/innoticiasbo.com\/\"},{\"@type\":\"ListItem\",\"position\":2,\"name\":\"EE.UU. AFIRMA QUE MOJTABA JAMENE\u00cd, EL NUEVO L\u00cdDER SUPREMO IRAN\u00cd, EST\u00c1 \u00abHERIDO\u00bb Y \u00abDESFIGURADO\u00bb\"}]},{\"@type\":\"WebSite\",\"@id\":\"https:\/\/innoticiasbo.com\/#website\",\"url\":\"https:\/\/innoticiasbo.com\/\",\"name\":\"innoticiasbo.com\",\"description\":\"\",\"publisher\":{\"@id\":\"https:\/\/innoticiasbo.com\/#organization\"},\"potentialAction\":[{\"@type\":\"SearchAction\",\"target\":{\"@type\":\"EntryPoint\",\"urlTemplate\":\"https:\/\/innoticiasbo.com\/?s={search_term_string}\"},\"query-input\":{\"@type\":\"PropertyValueSpecification\",\"valueRequired\":true,\"valueName\":\"search_term_string\"}}],\"inLanguage\":\"es\"},{\"@type\":\"Organization\",\"@id\":\"https:\/\/innoticiasbo.com\/#organization\",\"name\":\"innoticiasbo.com\",\"url\":\"https:\/\/innoticiasbo.com\/\",\"logo\":{\"@type\":\"ImageObject\",\"inLanguage\":\"es\",\"@id\":\"https:\/\/innoticiasbo.com\/#\/schema\/logo\/image\/\",\"url\":\"https:\/\/i0.wp.com\/innoticiasbo.com\/wp-content\/uploads\/2026\/04\/cropped-IN-LOGO.png?fit=1476%2C1476&ssl=1\",\"contentUrl\":\"https:\/\/i0.wp.com\/innoticiasbo.com\/wp-content\/uploads\/2026\/04\/cropped-IN-LOGO.png?fit=1476%2C1476&ssl=1\",\"width\":1476,\"height\":1476,\"caption\":\"innoticiasbo.com\"},\"image\":{\"@id\":\"https:\/\/innoticiasbo.com\/#\/schema\/logo\/image\/\"},\"sameAs\":[\"https:\/\/www.facebook.com\/innoticiasbolivia\",\"https:\/\/x.com\/innoticiasbo\",\"https:\/\/www.instagram.com\/innoticiasbo\",\"https:\/\/www.youtube.com\/innoticiasbo\"]},{\"@type\":\"Person\",\"@id\":\"https:\/\/innoticiasbo.com\/#\/schema\/person\/0b28481e8d0316f83a13bc702311def5\",\"name\":\"Prensa 11\",\"image\":{\"@type\":\"ImageObject\",\"inLanguage\":\"es\",\"@id\":\"https:\/\/innoticiasbo.com\/#\/schema\/person\/image\/\",\"url\":\"https:\/\/secure.gravatar.com\/avatar\/696560c17349f1807a610bf83832bad0?s=96&d=mm&r=g\",\"contentUrl\":\"https:\/\/secure.gravatar.com\/avatar\/696560c17349f1807a610bf83832bad0?s=96&d=mm&r=g\",\"caption\":\"Prensa 11\"},\"sameAs\":[\"http:\/\/www.innoticiasbo.com\"],\"url\":\"https:\/\/innoticiasbo.com\/index.php\/author\/prensa-11\/\"}]}<\/script>\n<!-- \/ Yoast SEO plugin. -->","yoast_head_json":{"title":"EE.UU. AFIRMA QUE MOJTABA JAMENE\u00cd, EL NUEVO L\u00cdDER SUPREMO IRAN\u00cd, EST\u00c1 \"HERIDO\" Y \"DESFIGURADO\" - innoticiasbo.com","robots":{"index":"index","follow":"follow","max-snippet":"max-snippet:-1","max-image-preview":"max-image-preview:large","max-video-preview":"max-video-preview:-1"},"canonical":"https:\/\/innoticiasbo.com\/index.php\/2026\/03\/13\/ee-uu-afirma-que-mojtaba-jamenei-el-nuevo-lider-supremo-irani-esta-herido-y-desfigurado\/","og_locale":"es_ES","og_type":"article","og_title":"EE.UU. AFIRMA QUE MOJTABA JAMENE\u00cd, EL NUEVO L\u00cdDER SUPREMO IRAN\u00cd, EST\u00c1 \"HERIDO\" Y \"DESFIGURADO\" - innoticiasbo.com","og_description":"Mundo, 13 de Marzo de 2026.- El sucesor del l\u00edder supremo iran\u00ed result\u00f3 gravemente herido en los ataques de Estados Unidos contra Ir\u00e1n, as\u00ed lo inform\u00f3 el secretario de Guerra de EE.UU. El secretario de Guerra de EE.UU., Pete Hegseth, afirm\u00f3 este viernes que el nuevo l\u00edder supremo iran\u00ed, Mojtaba Jamene\u00ed, hijo del fallecido Al\u00ed...","og_url":"https:\/\/innoticiasbo.com\/index.php\/2026\/03\/13\/ee-uu-afirma-que-mojtaba-jamenei-el-nuevo-lider-supremo-irani-esta-herido-y-desfigurado\/","og_site_name":"innoticiasbo.com","article_publisher":"https:\/\/www.facebook.com\/innoticiasbolivia","article_published_time":"2026-03-13T17:41:16+00:00","article_modified_time":"2026-03-13T17:41:17+00:00","og_image":[{"width":1200,"height":675,"url":"https:\/\/innoticiasbo.com\/wp-content\/uploads\/2026\/03\/image-188.png","type":"image\/png"}],"author":"Prensa 11","twitter_card":"summary_large_image","twitter_creator":"@innoticiasbo","twitter_site":"@innoticiasbo","twitter_misc":{"Escrito por":"Prensa 11","Tiempo de lectura":"2 minutos"},"schema":{"@context":"https:\/\/schema.org","@graph":[{"@type":"Article","@id":"https:\/\/innoticiasbo.com\/index.php\/2026\/03\/13\/ee-uu-afirma-que-mojtaba-jamenei-el-nuevo-lider-supremo-irani-esta-herido-y-desfigurado\/#article","isPartOf":{"@id":"https:\/\/innoticiasbo.com\/index.php\/2026\/03\/13\/ee-uu-afirma-que-mojtaba-jamenei-el-nuevo-lider-supremo-irani-esta-herido-y-desfigurado\/"},"author":{"name":"Prensa 11","@id":"https:\/\/innoticiasbo.com\/#\/schema\/person\/0b28481e8d0316f83a13bc702311def5"},"headline":"EE.UU. AFIRMA QUE MOJTABA JAMENE\u00cd, EL NUEVO L\u00cdDER SUPREMO IRAN\u00cd, EST\u00c1 \u00abHERIDO\u00bb Y \u00abDESFIGURADO\u00bb","datePublished":"2026-03-13T17:41:16+00:00","dateModified":"2026-03-13T17:41:17+00:00","mainEntityOfPage":{"@id":"https:\/\/innoticiasbo.com\/index.php\/2026\/03\/13\/ee-uu-afirma-que-mojtaba-jamenei-el-nuevo-lider-supremo-irani-esta-herido-y-desfigurado\/"},"wordCount":363,"commentCount":0,"publisher":{"@id":"https:\/\/innoticiasbo.com\/#organization"},"image":{"@id":"https:\/\/innoticiasbo.com\/index.php\/2026\/03\/13\/ee-uu-afirma-que-mojtaba-jamenei-el-nuevo-lider-supremo-irani-esta-herido-y-desfigurado\/#primaryimage"},"thumbnailUrl":"https:\/\/i0.wp.com\/innoticiasbo.com\/wp-content\/uploads\/2026\/03\/image-188.png?fit=1200%2C675&ssl=1","keywords":["guerra","Guerra en Iran","herido","Iran","ir\u00e1n","Mojtaba Jamene\u00ed","Mundo","Pol\u00edtica"],"articleSection":["Mundo"],"inLanguage":"es","potentialAction":[{"@type":"CommentAction","name":"Comment","target":["https:\/\/innoticiasbo.com\/index.php\/2026\/03\/13\/ee-uu-afirma-que-mojtaba-jamenei-el-nuevo-lider-supremo-irani-esta-herido-y-desfigurado\/#respond"]}]},{"@type":"WebPage","@id":"https:\/\/innoticiasbo.com\/index.php\/2026\/03\/13\/ee-uu-afirma-que-mojtaba-jamenei-el-nuevo-lider-supremo-irani-esta-herido-y-desfigurado\/","url":"https:\/\/innoticiasbo.com\/index.php\/2026\/03\/13\/ee-uu-afirma-que-mojtaba-jamenei-el-nuevo-lider-supremo-irani-esta-herido-y-desfigurado\/","name":"EE.UU. AFIRMA QUE MOJTABA JAMENE\u00cd, EL NUEVO L\u00cdDER SUPREMO IRAN\u00cd, EST\u00c1 \"HERIDO\" Y \"DESFIGURADO\" - innoticiasbo.com","isPartOf":{"@id":"https:\/\/innoticiasbo.com\/#website"},"primaryImageOfPage":{"@id":"https:\/\/innoticiasbo.com\/index.php\/2026\/03\/13\/ee-uu-afirma-que-mojtaba-jamenei-el-nuevo-lider-supremo-irani-esta-herido-y-desfigurado\/#primaryimage"},"image":{"@id":"https:\/\/innoticiasbo.com\/index.php\/2026\/03\/13\/ee-uu-afirma-que-mojtaba-jamenei-el-nuevo-lider-supremo-irani-esta-herido-y-desfigurado\/#primaryimage"},"thumbnailUrl":"https:\/\/i0.wp.com\/innoticiasbo.com\/wp-content\/uploads\/2026\/03\/image-188.png?fit=1200%2C675&ssl=1","datePublished":"2026-03-13T17:41:16+00:00","dateModified":"2026-03-13T17:41:17+00:00","breadcrumb":{"@id":"https:\/\/innoticiasbo.com\/index.php\/2026\/03\/13\/ee-uu-afirma-que-mojtaba-jamenei-el-nuevo-lider-supremo-irani-esta-herido-y-desfigurado\/#breadcrumb"},"inLanguage":"es","potentialAction":[{"@type":"ReadAction","target":["https:\/\/innoticiasbo.com\/index.php\/2026\/03\/13\/ee-uu-afirma-que-mojtaba-jamenei-el-nuevo-lider-supremo-irani-esta-herido-y-desfigurado\/"]}]},{"@type":"ImageObject","inLanguage":"es","@id":"https:\/\/innoticiasbo.com\/index.php\/2026\/03\/13\/ee-uu-afirma-que-mojtaba-jamenei-el-nuevo-lider-supremo-irani-esta-herido-y-desfigurado\/#primaryimage","url":"https:\/\/i0.wp.com\/innoticiasbo.com\/wp-content\/uploads\/2026\/03\/image-188.png?fit=1200%2C675&ssl=1","contentUrl":"https:\/\/i0.wp.com\/innoticiasbo.com\/wp-content\/uploads\/2026\/03\/image-188.png?fit=1200%2C675&ssl=1","width":1200,"height":675},{"@type":"BreadcrumbList","@id":"https:\/\/innoticiasbo.com\/index.php\/2026\/03\/13\/ee-uu-afirma-que-mojtaba-jamenei-el-nuevo-lider-supremo-irani-esta-herido-y-desfigurado\/#breadcrumb","itemListElement":[{"@type":"ListItem","position":1,"name":"Portada","item":"https:\/\/innoticiasbo.com\/"},{"@type":"ListItem","position":2,"name":"EE.UU. AFIRMA QUE MOJTABA JAMENE\u00cd, EL NUEVO L\u00cdDER SUPREMO IRAN\u00cd, EST\u00c1 \u00abHERIDO\u00bb Y \u00abDESFIGURADO\u00bb"}]},{"@type":"WebSite","@id":"https:\/\/innoticiasbo.com\/#website","url":"https:\/\/innoticiasbo.com\/","name":"innoticiasbo.com","description":"","publisher":{"@id":"https:\/\/innoticiasbo.com\/#organization"},"potentialAction":[{"@type":"SearchAction","target":{"@type":"EntryPoint","urlTemplate":"https:\/\/innoticiasbo.com\/?s={search_term_string}"},"query-input":{"@type":"PropertyValueSpecification","valueRequired":true,"valueName":"search_term_string"}}],"inLanguage":"es"},{"@type":"Organization","@id":"https:\/\/innoticiasbo.com\/#organization","name":"innoticiasbo.com","url":"https:\/\/innoticiasbo.com\/","logo":{"@type":"ImageObject","inLanguage":"es","@id":"https:\/\/innoticiasbo.com\/#\/schema\/logo\/image\/","url":"https:\/\/i0.wp.com\/innoticiasbo.com\/wp-content\/uploads\/2026\/04\/cropped-IN-LOGO.png?fit=1476%2C1476&ssl=1","contentUrl":"https:\/\/i0.wp.com\/innoticiasbo.com\/wp-content\/uploads\/2026\/04\/cropped-IN-LOGO.png?fit=1476%2C1476&ssl=1","width":1476,"height":1476,"caption":"innoticiasbo.com"},"image":{"@id":"https:\/\/innoticiasbo.com\/#\/schema\/logo\/image\/"},"sameAs":["https:\/\/www.facebook.com\/innoticiasbolivia","https:\/\/x.com\/innoticiasbo","https:\/\/www.instagram.com\/innoticiasbo","https:\/\/www.youtube.com\/innoticiasbo"]},{"@type":"Person","@id":"https:\/\/innoticiasbo.com\/#\/schema\/person\/0b28481e8d0316f83a13bc702311def5","name":"Prensa 11","image":{"@type":"ImageObject","inLanguage":"es","@id":"https:\/\/innoticiasbo.com\/#\/schema\/person\/image\/","url":"https:\/\/secure.gravatar.com\/avatar\/696560c17349f1807a610bf83832bad0?s=96&d=mm&r=g","contentUrl":"https:\/\/secure.gravatar.com\/avatar\/696560c17349f1807a610bf83832bad0?s=96&d=mm&r=g","caption":"Prensa 11"},"sameAs":["http:\/\/www.innoticiasbo.com"],"url":"https:\/\/innoticiasbo.com\/index.php\/author\/prensa-11\/"}]}},"jetpack_featured_media_url":"https:\/\/i0.wp.com\/innoticiasbo.com\/wp-content\/uploads\/2026\/03\/image-188.png?fit=1200%2C675&ssl=1","jetpack_likes_enabled":true,"jetpack_sharing_enabled":true,"jetpack_shortlink":"https:\/\/wp.me\/pg298x-2v4","_links":{"self":[{"href":"https:\/\/innoticiasbo.com\/index.php\/wp-json\/wp\/v2\/posts\/9614","targetHints":{"allow":["GET"]}}],"collection":[{"href":"https:\/\/innoticiasbo.com\/index.php\/wp-json\/wp\/v2\/posts"}],"about":[{"href":"https:\/\/innoticiasbo.com\/index.php\/wp-json\/wp\/v2\/types\/post"}],"author":[{"embeddable":true,"href":"https:\/\/innoticiasbo.com\/index.php\/wp-json\/wp\/v2\/users\/11"}],"replies":[{"embeddable":true,"href":"https:\/\/innoticiasbo.com\/index.php\/wp-json\/wp\/v2\/comments?post=9614"}],"version-history":[{"count":1,"href":"https:\/\/innoticiasbo.com\/index.php\/wp-json\/wp\/v2\/posts\/9614\/revisions"}],"predecessor-version":[{"id":9616,"href":"https:\/\/innoticiasbo.com\/index.php\/wp-json\/wp\/v2\/posts\/9614\/revisions\/9616"}],"wp:featuredmedia":[{"embeddable":true,"href":"https:\/\/innoticiasbo.com\/index.php\/wp-json\/wp\/v2\/media\/9615"}],"wp:attachment":[{"href":"https:\/\/innoticiasbo.com\/index.php\/wp-json\/wp\/v2\/media?parent=9614"}],"wp:term":[{"taxonomy":"category","embeddable":true,"href":"https:\/\/innoticiasbo.com\/index.php\/wp-json\/wp\/v2\/categories?post=9614"},{"taxonomy":"post_tag","embeddable":true,"href":"https:\/\/innoticiasbo.com\/index.php\/wp-json\/wp\/v2\/tags?post=9614"}],"curies":[{"name":"wp","href":"https:\/\/api.w.org\/{rel}","templated":true}]}}