{"id":9611,"date":"2026-03-13T13:24:38","date_gmt":"2026-03-13T17:24:38","guid":{"rendered":"https:\/\/innoticiasbo.com\/?p=9611"},"modified":"2026-03-13T13:24:39","modified_gmt":"2026-03-13T17:24:39","slug":"carlos-ostermann-preside-la-camara-del-libro-de-la-paz-y-apuesta-por-reactivar-premios-literarios","status":"publish","type":"post","link":"https:\/\/innoticiasbo.com\/index.php\/2026\/03\/13\/carlos-ostermann-preside-la-camara-del-libro-de-la-paz-y-apuesta-por-reactivar-premios-literarios\/","title":{"rendered":"CARLOS OSTERMANN PRESIDE LA C\u00c1MARA DEL LIBRO DE LA PAZ Y APUESTA POR REACTIVAR PREMIOS LITERARIOS"},"content":{"rendered":"\n<figure class=\"wp-block-image size-full\"><img data-recalc-dims=\"1\" loading=\"lazy\" decoding=\"async\" width=\"640\" height=\"360\" src=\"https:\/\/i0.wp.com\/innoticiasbo.com\/wp-content\/uploads\/2026\/03\/image-187.png?resize=640%2C360&#038;ssl=1\" alt=\"\" class=\"wp-image-9612\" srcset=\"https:\/\/i0.wp.com\/innoticiasbo.com\/wp-content\/uploads\/2026\/03\/image-187.png?w=992&amp;ssl=1 992w, https:\/\/i0.wp.com\/innoticiasbo.com\/wp-content\/uploads\/2026\/03\/image-187.png?resize=300%2C169&amp;ssl=1 300w, https:\/\/i0.wp.com\/innoticiasbo.com\/wp-content\/uploads\/2026\/03\/image-187.png?resize=768%2C432&amp;ssl=1 768w\" sizes=\"auto, (max-width: 640px) 100vw, 640px\" \/><\/figure>\n\n\n\n<p><strong>La Paz, 13 de Marzo de 2026.-<\/strong> La C\u00e1mara Departamental del Libro de La Paz (CDLLP) inicia una nueva etapa con la posesi\u00f3n de su directiva para la gesti\u00f3n 2026-2027, marcando su compromiso de fortalecer las ferias del libro y reactivar los premios literarios nacionales, fundamentales para reconocer el talento boliviano.<\/p>\n\n\n\n<p>Carlos Ostermann Stumpf asumi\u00f3 la presidencia de la instituci\u00f3n, acompa\u00f1ado por Lola Paredes L\u00f3pez como vicepresidenta; Juana Torre de Oliveira, secretaria de Actas; Constantino Canaviri Apaza, director de Ferias; Juan Mario Herrera R\u00edos, secretario Tesorero; Cynthia Zabala Berrios, secretaria de Socios; y Alcira Quena Quispe, vocal del Comit\u00e9 de Librer\u00edas. Todos fueron elegidos en Asamblea General para liderar la CDLLP durante los pr\u00f3ximos dos a\u00f1os.<\/p>\n\n\n\n<p>El acto de posesi\u00f3n se llev\u00f3 a cabo en el hall del Palacio Chico del Ministerio de Turismo Sostenible, Culturas, Folklore y Gastronom\u00eda, y estuvo presidido por el viceministro de Culturas y Folklore, Andr\u00e9s Zaratti Chevarr\u00eda.<\/p>\n\n\n\n<p>Este 2026, la CDLLP celebra 81 a\u00f1os de trayectoria y tambi\u00e9n los 30 a\u00f1os de la Feria Internacional del Libro de La Paz, un hito destacado seg\u00fan Ostermann: \u201cHemos logrado llegar a los 30 a\u00f1os. Tal vez es un hito en un mundo cultural que es bastante complejo\u201d.<\/p>\n\n\n\n<p>El flamante presidente destac\u00f3 que la CDLLP, a lo largo de ocho d\u00e9cadas, no solo defendi\u00f3 los intereses del sector librero, sino que impuls\u00f3 el libro como veh\u00edculo de conocimiento y libertad de pensamiento. \u201cNuestros libros tienen un rol fundamental en el desarrollo de la calidad de vida del pa\u00eds. No son solo un conjunto de hojas, sino medios para transmitir ideas y pensamientos que enriquecen tanto a quienes los leen como a sus comunidades. El libro tiene un valor que trasciende lo comercial\u201d, afirm\u00f3.<\/p>\n\n\n\n<p>Fuente: Opini\u00f3n<\/p>\n","protected":false},"excerpt":{"rendered":"<p>La Paz, 13 de Marzo de 2026.- La C\u00e1mara Departamental del Libro de La Paz (CDLLP) inicia una nueva etapa con la posesi\u00f3n de su directiva para la gesti\u00f3n 2026-2027, marcando su compromiso de fortalecer las ferias del libro y reactivar los premios literarios nacionales, fundamentales para reconocer el talento boliviano. Carlos Ostermann Stumpf asumi\u00f3&#8230;<\/p>\n","protected":false},"author":11,"featured_media":9612,"comment_status":"open","ping_status":"open","sticky":false,"template":"","format":"standard","meta":{"_jetpack_memberships_contains_paid_content":false,"footnotes":"","jetpack_publicize_message":"","jetpack_publicize_feature_enabled":true,"jetpack_social_post_already_shared":true,"jetpack_social_options":{"image_generator_settings":{"template":"highway","enabled":false},"version":2}},"categories":[14],"tags":[1493,1495,601,615,1492,1494],"class_list":["post-9611","post","type-post","status-publish","format-standard","has-post-thumbnail","hentry","category-cultura","tag-camara-departamental-del-libro-de-la-paz","tag-carlos-ostermann-stumpf","tag-cultura","tag-la-paz","tag-libros","tag-premios-literarios"],"jetpack_publicize_connections":[],"yoast_head":"<!-- This site is optimized with the Yoast SEO plugin v23.4 - https:\/\/yoast.com\/wordpress\/plugins\/seo\/ -->\n<title>CARLOS OSTERMANN PRESIDE LA C\u00c1MARA DEL LIBRO DE LA PAZ Y APUESTA POR REACTIVAR PREMIOS LITERARIOS - innoticiasbo.com<\/title>\n<meta name=\"robots\" content=\"index, follow, max-snippet:-1, max-image-preview:large, max-video-preview:-1\" \/>\n<link rel=\"canonical\" href=\"https:\/\/innoticiasbo.com\/index.php\/2026\/03\/13\/carlos-ostermann-preside-la-camara-del-libro-de-la-paz-y-apuesta-por-reactivar-premios-literarios\/\" \/>\n<meta property=\"og:locale\" content=\"es_ES\" \/>\n<meta property=\"og:type\" content=\"article\" \/>\n<meta property=\"og:title\" content=\"CARLOS OSTERMANN PRESIDE LA C\u00c1MARA DEL LIBRO DE LA PAZ Y APUESTA POR REACTIVAR PREMIOS LITERARIOS - innoticiasbo.com\" \/>\n<meta property=\"og:description\" content=\"La Paz, 13 de Marzo de 2026.- La C\u00e1mara Departamental del Libro de La Paz (CDLLP) inicia una nueva etapa con la posesi\u00f3n de su directiva para la gesti\u00f3n 2026-2027, marcando su compromiso de fortalecer las ferias del libro y reactivar los premios literarios nacionales, fundamentales para reconocer el talento boliviano. Carlos Ostermann Stumpf asumi\u00f3...\" \/>\n<meta property=\"og:url\" content=\"https:\/\/innoticiasbo.com\/index.php\/2026\/03\/13\/carlos-ostermann-preside-la-camara-del-libro-de-la-paz-y-apuesta-por-reactivar-premios-literarios\/\" \/>\n<meta property=\"og:site_name\" content=\"innoticiasbo.com\" \/>\n<meta property=\"article:publisher\" content=\"https:\/\/www.facebook.com\/innoticiasbolivia\" \/>\n<meta property=\"article:published_time\" content=\"2026-03-13T17:24:38+00:00\" \/>\n<meta property=\"article:modified_time\" content=\"2026-03-13T17:24:39+00:00\" \/>\n<meta property=\"og:image\" content=\"https:\/\/innoticiasbo.com\/wp-content\/uploads\/2026\/03\/image-187.png\" \/>\n\t<meta property=\"og:image:width\" content=\"992\" \/>\n\t<meta property=\"og:image:height\" content=\"558\" \/>\n\t<meta property=\"og:image:type\" content=\"image\/png\" \/>\n<meta name=\"author\" content=\"Prensa 11\" \/>\n<meta name=\"twitter:card\" content=\"summary_large_image\" \/>\n<meta name=\"twitter:creator\" content=\"@innoticiasbo\" \/>\n<meta name=\"twitter:site\" content=\"@innoticiasbo\" \/>\n<meta name=\"twitter:label1\" content=\"Escrito por\" \/>\n\t<meta name=\"twitter:data1\" content=\"Prensa 11\" \/>\n\t<meta name=\"twitter:label2\" content=\"Tiempo de lectura\" \/>\n\t<meta name=\"twitter:data2\" content=\"2 minutos\" \/>\n<script type=\"application\/ld+json\" class=\"yoast-schema-graph\">{\"@context\":\"https:\/\/schema.org\",\"@graph\":[{\"@type\":\"Article\",\"@id\":\"https:\/\/innoticiasbo.com\/index.php\/2026\/03\/13\/carlos-ostermann-preside-la-camara-del-libro-de-la-paz-y-apuesta-por-reactivar-premios-literarios\/#article\",\"isPartOf\":{\"@id\":\"https:\/\/innoticiasbo.com\/index.php\/2026\/03\/13\/carlos-ostermann-preside-la-camara-del-libro-de-la-paz-y-apuesta-por-reactivar-premios-literarios\/\"},\"author\":{\"name\":\"Prensa 11\",\"@id\":\"https:\/\/innoticiasbo.com\/#\/schema\/person\/0b28481e8d0316f83a13bc702311def5\"},\"headline\":\"CARLOS OSTERMANN PRESIDE LA C\u00c1MARA DEL LIBRO DE LA PAZ Y APUESTA POR REACTIVAR PREMIOS LITERARIOS\",\"datePublished\":\"2026-03-13T17:24:38+00:00\",\"dateModified\":\"2026-03-13T17:24:39+00:00\",\"mainEntityOfPage\":{\"@id\":\"https:\/\/innoticiasbo.com\/index.php\/2026\/03\/13\/carlos-ostermann-preside-la-camara-del-libro-de-la-paz-y-apuesta-por-reactivar-premios-literarios\/\"},\"wordCount\":322,\"commentCount\":0,\"publisher\":{\"@id\":\"https:\/\/innoticiasbo.com\/#organization\"},\"image\":{\"@id\":\"https:\/\/innoticiasbo.com\/index.php\/2026\/03\/13\/carlos-ostermann-preside-la-camara-del-libro-de-la-paz-y-apuesta-por-reactivar-premios-literarios\/#primaryimage\"},\"thumbnailUrl\":\"https:\/\/i0.wp.com\/innoticiasbo.com\/wp-content\/uploads\/2026\/03\/image-187.png?fit=992%2C558&ssl=1\",\"keywords\":[\"C\u00e1mara Departamental del Libro de La Paz\",\"Carlos Ostermann Stumpf\",\"cultura\",\"La Paz\",\"Libros\",\"Premios Literarios\"],\"articleSection\":[\"Cultura\"],\"inLanguage\":\"es\",\"potentialAction\":[{\"@type\":\"CommentAction\",\"name\":\"Comment\",\"target\":[\"https:\/\/innoticiasbo.com\/index.php\/2026\/03\/13\/carlos-ostermann-preside-la-camara-del-libro-de-la-paz-y-apuesta-por-reactivar-premios-literarios\/#respond\"]}]},{\"@type\":\"WebPage\",\"@id\":\"https:\/\/innoticiasbo.com\/index.php\/2026\/03\/13\/carlos-ostermann-preside-la-camara-del-libro-de-la-paz-y-apuesta-por-reactivar-premios-literarios\/\",\"url\":\"https:\/\/innoticiasbo.com\/index.php\/2026\/03\/13\/carlos-ostermann-preside-la-camara-del-libro-de-la-paz-y-apuesta-por-reactivar-premios-literarios\/\",\"name\":\"CARLOS OSTERMANN PRESIDE LA C\u00c1MARA DEL LIBRO DE LA PAZ Y APUESTA POR REACTIVAR PREMIOS LITERARIOS - innoticiasbo.com\",\"isPartOf\":{\"@id\":\"https:\/\/innoticiasbo.com\/#website\"},\"primaryImageOfPage\":{\"@id\":\"https:\/\/innoticiasbo.com\/index.php\/2026\/03\/13\/carlos-ostermann-preside-la-camara-del-libro-de-la-paz-y-apuesta-por-reactivar-premios-literarios\/#primaryimage\"},\"image\":{\"@id\":\"https:\/\/innoticiasbo.com\/index.php\/2026\/03\/13\/carlos-ostermann-preside-la-camara-del-libro-de-la-paz-y-apuesta-por-reactivar-premios-literarios\/#primaryimage\"},\"thumbnailUrl\":\"https:\/\/i0.wp.com\/innoticiasbo.com\/wp-content\/uploads\/2026\/03\/image-187.png?fit=992%2C558&ssl=1\",\"datePublished\":\"2026-03-13T17:24:38+00:00\",\"dateModified\":\"2026-03-13T17:24:39+00:00\",\"breadcrumb\":{\"@id\":\"https:\/\/innoticiasbo.com\/index.php\/2026\/03\/13\/carlos-ostermann-preside-la-camara-del-libro-de-la-paz-y-apuesta-por-reactivar-premios-literarios\/#breadcrumb\"},\"inLanguage\":\"es\",\"potentialAction\":[{\"@type\":\"ReadAction\",\"target\":[\"https:\/\/innoticiasbo.com\/index.php\/2026\/03\/13\/carlos-ostermann-preside-la-camara-del-libro-de-la-paz-y-apuesta-por-reactivar-premios-literarios\/\"]}]},{\"@type\":\"ImageObject\",\"inLanguage\":\"es\",\"@id\":\"https:\/\/innoticiasbo.com\/index.php\/2026\/03\/13\/carlos-ostermann-preside-la-camara-del-libro-de-la-paz-y-apuesta-por-reactivar-premios-literarios\/#primaryimage\",\"url\":\"https:\/\/i0.wp.com\/innoticiasbo.com\/wp-content\/uploads\/2026\/03\/image-187.png?fit=992%2C558&ssl=1\",\"contentUrl\":\"https:\/\/i0.wp.com\/innoticiasbo.com\/wp-content\/uploads\/2026\/03\/image-187.png?fit=992%2C558&ssl=1\",\"width\":992,\"height\":558},{\"@type\":\"BreadcrumbList\",\"@id\":\"https:\/\/innoticiasbo.com\/index.php\/2026\/03\/13\/carlos-ostermann-preside-la-camara-del-libro-de-la-paz-y-apuesta-por-reactivar-premios-literarios\/#breadcrumb\",\"itemListElement\":[{\"@type\":\"ListItem\",\"position\":1,\"name\":\"Portada\",\"item\":\"https:\/\/innoticiasbo.com\/\"},{\"@type\":\"ListItem\",\"position\":2,\"name\":\"CARLOS OSTERMANN PRESIDE LA C\u00c1MARA DEL LIBRO DE LA PAZ Y APUESTA POR REACTIVAR PREMIOS LITERARIOS\"}]},{\"@type\":\"WebSite\",\"@id\":\"https:\/\/innoticiasbo.com\/#website\",\"url\":\"https:\/\/innoticiasbo.com\/\",\"name\":\"innoticiasbo.com\",\"description\":\"\",\"publisher\":{\"@id\":\"https:\/\/innoticiasbo.com\/#organization\"},\"potentialAction\":[{\"@type\":\"SearchAction\",\"target\":{\"@type\":\"EntryPoint\",\"urlTemplate\":\"https:\/\/innoticiasbo.com\/?s={search_term_string}\"},\"query-input\":{\"@type\":\"PropertyValueSpecification\",\"valueRequired\":true,\"valueName\":\"search_term_string\"}}],\"inLanguage\":\"es\"},{\"@type\":\"Organization\",\"@id\":\"https:\/\/innoticiasbo.com\/#organization\",\"name\":\"innoticiasbo.com\",\"url\":\"https:\/\/innoticiasbo.com\/\",\"logo\":{\"@type\":\"ImageObject\",\"inLanguage\":\"es\",\"@id\":\"https:\/\/innoticiasbo.com\/#\/schema\/logo\/image\/\",\"url\":\"https:\/\/i0.wp.com\/innoticiasbo.com\/wp-content\/uploads\/2026\/04\/cropped-IN-LOGO.png?fit=1476%2C1476&ssl=1\",\"contentUrl\":\"https:\/\/i0.wp.com\/innoticiasbo.com\/wp-content\/uploads\/2026\/04\/cropped-IN-LOGO.png?fit=1476%2C1476&ssl=1\",\"width\":1476,\"height\":1476,\"caption\":\"innoticiasbo.com\"},\"image\":{\"@id\":\"https:\/\/innoticiasbo.com\/#\/schema\/logo\/image\/\"},\"sameAs\":[\"https:\/\/www.facebook.com\/innoticiasbolivia\",\"https:\/\/x.com\/innoticiasbo\",\"https:\/\/www.instagram.com\/innoticiasbo\",\"https:\/\/www.youtube.com\/innoticiasbo\"]},{\"@type\":\"Person\",\"@id\":\"https:\/\/innoticiasbo.com\/#\/schema\/person\/0b28481e8d0316f83a13bc702311def5\",\"name\":\"Prensa 11\",\"image\":{\"@type\":\"ImageObject\",\"inLanguage\":\"es\",\"@id\":\"https:\/\/innoticiasbo.com\/#\/schema\/person\/image\/\",\"url\":\"https:\/\/secure.gravatar.com\/avatar\/696560c17349f1807a610bf83832bad0?s=96&d=mm&r=g\",\"contentUrl\":\"https:\/\/secure.gravatar.com\/avatar\/696560c17349f1807a610bf83832bad0?s=96&d=mm&r=g\",\"caption\":\"Prensa 11\"},\"sameAs\":[\"http:\/\/www.innoticiasbo.com\"],\"url\":\"https:\/\/innoticiasbo.com\/index.php\/author\/prensa-11\/\"}]}<\/script>\n<!-- \/ Yoast SEO plugin. -->","yoast_head_json":{"title":"CARLOS OSTERMANN PRESIDE LA C\u00c1MARA DEL LIBRO DE LA PAZ Y APUESTA POR REACTIVAR PREMIOS LITERARIOS - innoticiasbo.com","robots":{"index":"index","follow":"follow","max-snippet":"max-snippet:-1","max-image-preview":"max-image-preview:large","max-video-preview":"max-video-preview:-1"},"canonical":"https:\/\/innoticiasbo.com\/index.php\/2026\/03\/13\/carlos-ostermann-preside-la-camara-del-libro-de-la-paz-y-apuesta-por-reactivar-premios-literarios\/","og_locale":"es_ES","og_type":"article","og_title":"CARLOS OSTERMANN PRESIDE LA C\u00c1MARA DEL LIBRO DE LA PAZ Y APUESTA POR REACTIVAR PREMIOS LITERARIOS - innoticiasbo.com","og_description":"La Paz, 13 de Marzo de 2026.- La C\u00e1mara Departamental del Libro de La Paz (CDLLP) inicia una nueva etapa con la posesi\u00f3n de su directiva para la gesti\u00f3n 2026-2027, marcando su compromiso de fortalecer las ferias del libro y reactivar los premios literarios nacionales, fundamentales para reconocer el talento boliviano. Carlos Ostermann Stumpf asumi\u00f3...","og_url":"https:\/\/innoticiasbo.com\/index.php\/2026\/03\/13\/carlos-ostermann-preside-la-camara-del-libro-de-la-paz-y-apuesta-por-reactivar-premios-literarios\/","og_site_name":"innoticiasbo.com","article_publisher":"https:\/\/www.facebook.com\/innoticiasbolivia","article_published_time":"2026-03-13T17:24:38+00:00","article_modified_time":"2026-03-13T17:24:39+00:00","og_image":[{"width":992,"height":558,"url":"https:\/\/innoticiasbo.com\/wp-content\/uploads\/2026\/03\/image-187.png","type":"image\/png"}],"author":"Prensa 11","twitter_card":"summary_large_image","twitter_creator":"@innoticiasbo","twitter_site":"@innoticiasbo","twitter_misc":{"Escrito por":"Prensa 11","Tiempo de lectura":"2 minutos"},"schema":{"@context":"https:\/\/schema.org","@graph":[{"@type":"Article","@id":"https:\/\/innoticiasbo.com\/index.php\/2026\/03\/13\/carlos-ostermann-preside-la-camara-del-libro-de-la-paz-y-apuesta-por-reactivar-premios-literarios\/#article","isPartOf":{"@id":"https:\/\/innoticiasbo.com\/index.php\/2026\/03\/13\/carlos-ostermann-preside-la-camara-del-libro-de-la-paz-y-apuesta-por-reactivar-premios-literarios\/"},"author":{"name":"Prensa 11","@id":"https:\/\/innoticiasbo.com\/#\/schema\/person\/0b28481e8d0316f83a13bc702311def5"},"headline":"CARLOS OSTERMANN PRESIDE LA C\u00c1MARA DEL LIBRO DE LA PAZ Y APUESTA POR REACTIVAR PREMIOS LITERARIOS","datePublished":"2026-03-13T17:24:38+00:00","dateModified":"2026-03-13T17:24:39+00:00","mainEntityOfPage":{"@id":"https:\/\/innoticiasbo.com\/index.php\/2026\/03\/13\/carlos-ostermann-preside-la-camara-del-libro-de-la-paz-y-apuesta-por-reactivar-premios-literarios\/"},"wordCount":322,"commentCount":0,"publisher":{"@id":"https:\/\/innoticiasbo.com\/#organization"},"image":{"@id":"https:\/\/innoticiasbo.com\/index.php\/2026\/03\/13\/carlos-ostermann-preside-la-camara-del-libro-de-la-paz-y-apuesta-por-reactivar-premios-literarios\/#primaryimage"},"thumbnailUrl":"https:\/\/i0.wp.com\/innoticiasbo.com\/wp-content\/uploads\/2026\/03\/image-187.png?fit=992%2C558&ssl=1","keywords":["C\u00e1mara Departamental del Libro de La Paz","Carlos Ostermann Stumpf","cultura","La Paz","Libros","Premios Literarios"],"articleSection":["Cultura"],"inLanguage":"es","potentialAction":[{"@type":"CommentAction","name":"Comment","target":["https:\/\/innoticiasbo.com\/index.php\/2026\/03\/13\/carlos-ostermann-preside-la-camara-del-libro-de-la-paz-y-apuesta-por-reactivar-premios-literarios\/#respond"]}]},{"@type":"WebPage","@id":"https:\/\/innoticiasbo.com\/index.php\/2026\/03\/13\/carlos-ostermann-preside-la-camara-del-libro-de-la-paz-y-apuesta-por-reactivar-premios-literarios\/","url":"https:\/\/innoticiasbo.com\/index.php\/2026\/03\/13\/carlos-ostermann-preside-la-camara-del-libro-de-la-paz-y-apuesta-por-reactivar-premios-literarios\/","name":"CARLOS OSTERMANN PRESIDE LA C\u00c1MARA DEL LIBRO DE LA PAZ Y APUESTA POR REACTIVAR PREMIOS LITERARIOS - innoticiasbo.com","isPartOf":{"@id":"https:\/\/innoticiasbo.com\/#website"},"primaryImageOfPage":{"@id":"https:\/\/innoticiasbo.com\/index.php\/2026\/03\/13\/carlos-ostermann-preside-la-camara-del-libro-de-la-paz-y-apuesta-por-reactivar-premios-literarios\/#primaryimage"},"image":{"@id":"https:\/\/innoticiasbo.com\/index.php\/2026\/03\/13\/carlos-ostermann-preside-la-camara-del-libro-de-la-paz-y-apuesta-por-reactivar-premios-literarios\/#primaryimage"},"thumbnailUrl":"https:\/\/i0.wp.com\/innoticiasbo.com\/wp-content\/uploads\/2026\/03\/image-187.png?fit=992%2C558&ssl=1","datePublished":"2026-03-13T17:24:38+00:00","dateModified":"2026-03-13T17:24:39+00:00","breadcrumb":{"@id":"https:\/\/innoticiasbo.com\/index.php\/2026\/03\/13\/carlos-ostermann-preside-la-camara-del-libro-de-la-paz-y-apuesta-por-reactivar-premios-literarios\/#breadcrumb"},"inLanguage":"es","potentialAction":[{"@type":"ReadAction","target":["https:\/\/innoticiasbo.com\/index.php\/2026\/03\/13\/carlos-ostermann-preside-la-camara-del-libro-de-la-paz-y-apuesta-por-reactivar-premios-literarios\/"]}]},{"@type":"ImageObject","inLanguage":"es","@id":"https:\/\/innoticiasbo.com\/index.php\/2026\/03\/13\/carlos-ostermann-preside-la-camara-del-libro-de-la-paz-y-apuesta-por-reactivar-premios-literarios\/#primaryimage","url":"https:\/\/i0.wp.com\/innoticiasbo.com\/wp-content\/uploads\/2026\/03\/image-187.png?fit=992%2C558&ssl=1","contentUrl":"https:\/\/i0.wp.com\/innoticiasbo.com\/wp-content\/uploads\/2026\/03\/image-187.png?fit=992%2C558&ssl=1","width":992,"height":558},{"@type":"BreadcrumbList","@id":"https:\/\/innoticiasbo.com\/index.php\/2026\/03\/13\/carlos-ostermann-preside-la-camara-del-libro-de-la-paz-y-apuesta-por-reactivar-premios-literarios\/#breadcrumb","itemListElement":[{"@type":"ListItem","position":1,"name":"Portada","item":"https:\/\/innoticiasbo.com\/"},{"@type":"ListItem","position":2,"name":"CARLOS OSTERMANN PRESIDE LA C\u00c1MARA DEL LIBRO DE LA PAZ Y APUESTA POR REACTIVAR PREMIOS LITERARIOS"}]},{"@type":"WebSite","@id":"https:\/\/innoticiasbo.com\/#website","url":"https:\/\/innoticiasbo.com\/","name":"innoticiasbo.com","description":"","publisher":{"@id":"https:\/\/innoticiasbo.com\/#organization"},"potentialAction":[{"@type":"SearchAction","target":{"@type":"EntryPoint","urlTemplate":"https:\/\/innoticiasbo.com\/?s={search_term_string}"},"query-input":{"@type":"PropertyValueSpecification","valueRequired":true,"valueName":"search_term_string"}}],"inLanguage":"es"},{"@type":"Organization","@id":"https:\/\/innoticiasbo.com\/#organization","name":"innoticiasbo.com","url":"https:\/\/innoticiasbo.com\/","logo":{"@type":"ImageObject","inLanguage":"es","@id":"https:\/\/innoticiasbo.com\/#\/schema\/logo\/image\/","url":"https:\/\/i0.wp.com\/innoticiasbo.com\/wp-content\/uploads\/2026\/04\/cropped-IN-LOGO.png?fit=1476%2C1476&ssl=1","contentUrl":"https:\/\/i0.wp.com\/innoticiasbo.com\/wp-content\/uploads\/2026\/04\/cropped-IN-LOGO.png?fit=1476%2C1476&ssl=1","width":1476,"height":1476,"caption":"innoticiasbo.com"},"image":{"@id":"https:\/\/innoticiasbo.com\/#\/schema\/logo\/image\/"},"sameAs":["https:\/\/www.facebook.com\/innoticiasbolivia","https:\/\/x.com\/innoticiasbo","https:\/\/www.instagram.com\/innoticiasbo","https:\/\/www.youtube.com\/innoticiasbo"]},{"@type":"Person","@id":"https:\/\/innoticiasbo.com\/#\/schema\/person\/0b28481e8d0316f83a13bc702311def5","name":"Prensa 11","image":{"@type":"ImageObject","inLanguage":"es","@id":"https:\/\/innoticiasbo.com\/#\/schema\/person\/image\/","url":"https:\/\/secure.gravatar.com\/avatar\/696560c17349f1807a610bf83832bad0?s=96&d=mm&r=g","contentUrl":"https:\/\/secure.gravatar.com\/avatar\/696560c17349f1807a610bf83832bad0?s=96&d=mm&r=g","caption":"Prensa 11"},"sameAs":["http:\/\/www.innoticiasbo.com"],"url":"https:\/\/innoticiasbo.com\/index.php\/author\/prensa-11\/"}]}},"jetpack_featured_media_url":"https:\/\/i0.wp.com\/innoticiasbo.com\/wp-content\/uploads\/2026\/03\/image-187.png?fit=992%2C558&ssl=1","jetpack_likes_enabled":true,"jetpack_sharing_enabled":true,"jetpack_shortlink":"https:\/\/wp.me\/pg298x-2v1","_links":{"self":[{"href":"https:\/\/innoticiasbo.com\/index.php\/wp-json\/wp\/v2\/posts\/9611","targetHints":{"allow":["GET"]}}],"collection":[{"href":"https:\/\/innoticiasbo.com\/index.php\/wp-json\/wp\/v2\/posts"}],"about":[{"href":"https:\/\/innoticiasbo.com\/index.php\/wp-json\/wp\/v2\/types\/post"}],"author":[{"embeddable":true,"href":"https:\/\/innoticiasbo.com\/index.php\/wp-json\/wp\/v2\/users\/11"}],"replies":[{"embeddable":true,"href":"https:\/\/innoticiasbo.com\/index.php\/wp-json\/wp\/v2\/comments?post=9611"}],"version-history":[{"count":1,"href":"https:\/\/innoticiasbo.com\/index.php\/wp-json\/wp\/v2\/posts\/9611\/revisions"}],"predecessor-version":[{"id":9613,"href":"https:\/\/innoticiasbo.com\/index.php\/wp-json\/wp\/v2\/posts\/9611\/revisions\/9613"}],"wp:featuredmedia":[{"embeddable":true,"href":"https:\/\/innoticiasbo.com\/index.php\/wp-json\/wp\/v2\/media\/9612"}],"wp:attachment":[{"href":"https:\/\/innoticiasbo.com\/index.php\/wp-json\/wp\/v2\/media?parent=9611"}],"wp:term":[{"taxonomy":"category","embeddable":true,"href":"https:\/\/innoticiasbo.com\/index.php\/wp-json\/wp\/v2\/categories?post=9611"},{"taxonomy":"post_tag","embeddable":true,"href":"https:\/\/innoticiasbo.com\/index.php\/wp-json\/wp\/v2\/tags?post=9611"}],"curies":[{"name":"wp","href":"https:\/\/api.w.org\/{rel}","templated":true}]}}