{"id":9605,"date":"2026-03-13T12:50:25","date_gmt":"2026-03-13T16:50:25","guid":{"rendered":"https:\/\/innoticiasbo.com\/?p=9605"},"modified":"2026-03-13T12:50:26","modified_gmt":"2026-03-13T16:50:26","slug":"la-sib-realiza-hoy-foro-tecnico-con-candidatos-a-la-gobernacion-de-cochabamba","status":"publish","type":"post","link":"https:\/\/innoticiasbo.com\/index.php\/2026\/03\/13\/la-sib-realiza-hoy-foro-tecnico-con-candidatos-a-la-gobernacion-de-cochabamba\/","title":{"rendered":"LA SIB REALIZA HOY FORO T\u00c9CNICO CON CANDIDATOS A LA GOBERNACI\u00d3N DE COCHABAMBA"},"content":{"rendered":"\n<figure class=\"wp-block-image size-full is-resized\"><img data-recalc-dims=\"1\" loading=\"lazy\" decoding=\"async\" width=\"640\" height=\"357\" src=\"https:\/\/i0.wp.com\/innoticiasbo.com\/wp-content\/uploads\/2026\/03\/image-185.png?resize=640%2C357&#038;ssl=1\" alt=\"\" class=\"wp-image-9606\" style=\"width:840px;height:auto\" srcset=\"https:\/\/i0.wp.com\/innoticiasbo.com\/wp-content\/uploads\/2026\/03\/image-185.png?w=699&amp;ssl=1 699w, https:\/\/i0.wp.com\/innoticiasbo.com\/wp-content\/uploads\/2026\/03\/image-185.png?resize=300%2C167&amp;ssl=1 300w\" sizes=\"auto, (max-width: 640px) 100vw, 640px\" \/><\/figure>\n\n\n\n<p><strong>Cochabamba, 13 de Marzo de 2026.- <\/strong>Este jueves se llevar\u00e1 a cabo un foro t\u00e9cnico con los candidatos a la Gobernaci\u00f3n de Cochabamba, organizado por la Sociedad de Ingenieros de Bolivia (SIB).<\/p>\n\n\n\n<p>El encuentro comenzar\u00e1 a las 18:00 en el sal\u00f3n \u201cPedro Eterovic\u201d de la SIB Cochabamba. El evento busca generar un espacio de di\u00e1logo y an\u00e1lisis sobre los principales desaf\u00edos del departamento, permitiendo que los postulantes presenten sus propuestas y planes de gesti\u00f3n ante profesionales del \u00e1rea y la ciudadan\u00eda.<\/p>\n\n\n\n<p>La cobertura del foro ser\u00e1 realizada en directo por <em>Los Tiempos<\/em>, que transmitir\u00e1 el desarrollo del encuentro a trav\u00e9s de su sitio web <a href=\"http:\/\/www.lostiempos.com\">www.lostiempos.com<\/a> y en su plataforma de Facebook, mediante #lostiemposdigital.<\/p>\n\n\n\n<p>Durante la actividad se abordar\u00e1n cuatro ejes tem\u00e1ticos considerados prioritarios para el desarrollo regional: Desarrollo ambiental y sostenibilidad, Seguridad h\u00eddrica departamental, Infraestructura y conectividad estrat\u00e9gica, y Salud p\u00fablica y gesti\u00f3n hospitalaria.<\/p>\n\n\n\n<p>Se prev\u00e9 que el foro permita contrastar propuestas y visiones sobre estos temas clave, en un contexto en el que el departamento enfrenta retos relacionados con la gesti\u00f3n de recursos naturales, la expansi\u00f3n de infraestructura, el acceso a servicios de salud y la planificaci\u00f3n territorial sostenible.<\/p>\n\n\n\n<p>Fuente: Los Tiempos<\/p>\n","protected":false},"excerpt":{"rendered":"<p>Cochabamba, 13 de Marzo de 2026.- Este jueves se llevar\u00e1 a cabo un foro t\u00e9cnico con los candidatos a la Gobernaci\u00f3n de Cochabamba, organizado por la Sociedad de Ingenieros de Bolivia (SIB). El encuentro comenzar\u00e1 a las 18:00 en el sal\u00f3n \u201cPedro Eterovic\u201d de la SIB Cochabamba. El evento busca generar un espacio de di\u00e1logo&#8230;<\/p>\n","protected":false},"author":11,"featured_media":9606,"comment_status":"open","ping_status":"open","sticky":false,"template":"","format":"standard","meta":{"_jetpack_memberships_contains_paid_content":false,"footnotes":"","jetpack_publicize_message":"","jetpack_publicize_feature_enabled":true,"jetpack_social_post_already_shared":true,"jetpack_social_options":{"image_generator_settings":{"template":"highway","enabled":false},"version":2}},"categories":[2,3],"tags":[6,1106,1488,279,183,10,1489,1011,1256],"class_list":["post-9605","post","type-post","status-publish","format-standard","has-post-thumbnail","hentry","category-cochabamba","category-politica","tag-cochabamba","tag-elecciones-subnacionales","tag-foro-tecnico","tag-gobernacion","tag-gobernacion-de-cochabamba","tag-politica","tag-sib","tag-subnacionales","tag-subnacionales-2026"],"jetpack_publicize_connections":[],"yoast_head":"<!-- This site is optimized with the Yoast SEO plugin v23.4 - https:\/\/yoast.com\/wordpress\/plugins\/seo\/ -->\n<title>LA SIB REALIZA HOY FORO T\u00c9CNICO CON CANDIDATOS A LA GOBERNACI\u00d3N DE COCHABAMBA - innoticiasbo.com<\/title>\n<meta name=\"robots\" content=\"index, follow, max-snippet:-1, max-image-preview:large, max-video-preview:-1\" \/>\n<link rel=\"canonical\" href=\"https:\/\/innoticiasbo.com\/index.php\/2026\/03\/13\/la-sib-realiza-hoy-foro-tecnico-con-candidatos-a-la-gobernacion-de-cochabamba\/\" \/>\n<meta property=\"og:locale\" content=\"es_ES\" \/>\n<meta property=\"og:type\" content=\"article\" \/>\n<meta property=\"og:title\" content=\"LA SIB REALIZA HOY FORO T\u00c9CNICO CON CANDIDATOS A LA GOBERNACI\u00d3N DE COCHABAMBA - innoticiasbo.com\" \/>\n<meta property=\"og:description\" content=\"Cochabamba, 13 de Marzo de 2026.- Este jueves se llevar\u00e1 a cabo un foro t\u00e9cnico con los candidatos a la Gobernaci\u00f3n de Cochabamba, organizado por la Sociedad de Ingenieros de Bolivia (SIB). El encuentro comenzar\u00e1 a las 18:00 en el sal\u00f3n \u201cPedro Eterovic\u201d de la SIB Cochabamba. El evento busca generar un espacio de di\u00e1logo...\" \/>\n<meta property=\"og:url\" content=\"https:\/\/innoticiasbo.com\/index.php\/2026\/03\/13\/la-sib-realiza-hoy-foro-tecnico-con-candidatos-a-la-gobernacion-de-cochabamba\/\" \/>\n<meta property=\"og:site_name\" content=\"innoticiasbo.com\" \/>\n<meta property=\"article:publisher\" content=\"https:\/\/www.facebook.com\/innoticiasbolivia\" \/>\n<meta property=\"article:published_time\" content=\"2026-03-13T16:50:25+00:00\" \/>\n<meta property=\"article:modified_time\" content=\"2026-03-13T16:50:26+00:00\" \/>\n<meta property=\"og:image\" content=\"https:\/\/innoticiasbo.com\/wp-content\/uploads\/2026\/03\/image-185.png\" \/>\n\t<meta property=\"og:image:width\" content=\"699\" \/>\n\t<meta property=\"og:image:height\" content=\"390\" \/>\n\t<meta property=\"og:image:type\" content=\"image\/png\" \/>\n<meta name=\"author\" content=\"Prensa 11\" \/>\n<meta name=\"twitter:card\" content=\"summary_large_image\" \/>\n<meta name=\"twitter:creator\" content=\"@innoticiasbo\" \/>\n<meta name=\"twitter:site\" content=\"@innoticiasbo\" \/>\n<meta name=\"twitter:label1\" content=\"Escrito por\" \/>\n\t<meta name=\"twitter:data1\" content=\"Prensa 11\" \/>\n\t<meta name=\"twitter:label2\" content=\"Tiempo de lectura\" \/>\n\t<meta name=\"twitter:data2\" content=\"2 minutos\" \/>\n<script type=\"application\/ld+json\" class=\"yoast-schema-graph\">{\"@context\":\"https:\/\/schema.org\",\"@graph\":[{\"@type\":\"Article\",\"@id\":\"https:\/\/innoticiasbo.com\/index.php\/2026\/03\/13\/la-sib-realiza-hoy-foro-tecnico-con-candidatos-a-la-gobernacion-de-cochabamba\/#article\",\"isPartOf\":{\"@id\":\"https:\/\/innoticiasbo.com\/index.php\/2026\/03\/13\/la-sib-realiza-hoy-foro-tecnico-con-candidatos-a-la-gobernacion-de-cochabamba\/\"},\"author\":{\"name\":\"Prensa 11\",\"@id\":\"https:\/\/innoticiasbo.com\/#\/schema\/person\/0b28481e8d0316f83a13bc702311def5\"},\"headline\":\"LA SIB REALIZA HOY FORO T\u00c9CNICO CON CANDIDATOS A LA GOBERNACI\u00d3N DE COCHABAMBA\",\"datePublished\":\"2026-03-13T16:50:25+00:00\",\"dateModified\":\"2026-03-13T16:50:26+00:00\",\"mainEntityOfPage\":{\"@id\":\"https:\/\/innoticiasbo.com\/index.php\/2026\/03\/13\/la-sib-realiza-hoy-foro-tecnico-con-candidatos-a-la-gobernacion-de-cochabamba\/\"},\"wordCount\":226,\"commentCount\":0,\"publisher\":{\"@id\":\"https:\/\/innoticiasbo.com\/#organization\"},\"image\":{\"@id\":\"https:\/\/innoticiasbo.com\/index.php\/2026\/03\/13\/la-sib-realiza-hoy-foro-tecnico-con-candidatos-a-la-gobernacion-de-cochabamba\/#primaryimage\"},\"thumbnailUrl\":\"https:\/\/i0.wp.com\/innoticiasbo.com\/wp-content\/uploads\/2026\/03\/image-185.png?fit=699%2C390&ssl=1\",\"keywords\":[\"Cochabamba\",\"elecciones subnacionales\",\"foro t\u00e9cnico\",\"Gobernaci\u00f3n\",\"Gobernaci\u00f3n de Cochabamba\",\"Pol\u00edtica\",\"SIB\",\"subnacionales\",\"Subnacionales 2026\"],\"articleSection\":[\"Cochabamba\",\"Pol\u00edtica\"],\"inLanguage\":\"es\",\"potentialAction\":[{\"@type\":\"CommentAction\",\"name\":\"Comment\",\"target\":[\"https:\/\/innoticiasbo.com\/index.php\/2026\/03\/13\/la-sib-realiza-hoy-foro-tecnico-con-candidatos-a-la-gobernacion-de-cochabamba\/#respond\"]}]},{\"@type\":\"WebPage\",\"@id\":\"https:\/\/innoticiasbo.com\/index.php\/2026\/03\/13\/la-sib-realiza-hoy-foro-tecnico-con-candidatos-a-la-gobernacion-de-cochabamba\/\",\"url\":\"https:\/\/innoticiasbo.com\/index.php\/2026\/03\/13\/la-sib-realiza-hoy-foro-tecnico-con-candidatos-a-la-gobernacion-de-cochabamba\/\",\"name\":\"LA SIB REALIZA HOY FORO T\u00c9CNICO CON CANDIDATOS A LA GOBERNACI\u00d3N DE COCHABAMBA - innoticiasbo.com\",\"isPartOf\":{\"@id\":\"https:\/\/innoticiasbo.com\/#website\"},\"primaryImageOfPage\":{\"@id\":\"https:\/\/innoticiasbo.com\/index.php\/2026\/03\/13\/la-sib-realiza-hoy-foro-tecnico-con-candidatos-a-la-gobernacion-de-cochabamba\/#primaryimage\"},\"image\":{\"@id\":\"https:\/\/innoticiasbo.com\/index.php\/2026\/03\/13\/la-sib-realiza-hoy-foro-tecnico-con-candidatos-a-la-gobernacion-de-cochabamba\/#primaryimage\"},\"thumbnailUrl\":\"https:\/\/i0.wp.com\/innoticiasbo.com\/wp-content\/uploads\/2026\/03\/image-185.png?fit=699%2C390&ssl=1\",\"datePublished\":\"2026-03-13T16:50:25+00:00\",\"dateModified\":\"2026-03-13T16:50:26+00:00\",\"breadcrumb\":{\"@id\":\"https:\/\/innoticiasbo.com\/index.php\/2026\/03\/13\/la-sib-realiza-hoy-foro-tecnico-con-candidatos-a-la-gobernacion-de-cochabamba\/#breadcrumb\"},\"inLanguage\":\"es\",\"potentialAction\":[{\"@type\":\"ReadAction\",\"target\":[\"https:\/\/innoticiasbo.com\/index.php\/2026\/03\/13\/la-sib-realiza-hoy-foro-tecnico-con-candidatos-a-la-gobernacion-de-cochabamba\/\"]}]},{\"@type\":\"ImageObject\",\"inLanguage\":\"es\",\"@id\":\"https:\/\/innoticiasbo.com\/index.php\/2026\/03\/13\/la-sib-realiza-hoy-foro-tecnico-con-candidatos-a-la-gobernacion-de-cochabamba\/#primaryimage\",\"url\":\"https:\/\/i0.wp.com\/innoticiasbo.com\/wp-content\/uploads\/2026\/03\/image-185.png?fit=699%2C390&ssl=1\",\"contentUrl\":\"https:\/\/i0.wp.com\/innoticiasbo.com\/wp-content\/uploads\/2026\/03\/image-185.png?fit=699%2C390&ssl=1\",\"width\":699,\"height\":390},{\"@type\":\"BreadcrumbList\",\"@id\":\"https:\/\/innoticiasbo.com\/index.php\/2026\/03\/13\/la-sib-realiza-hoy-foro-tecnico-con-candidatos-a-la-gobernacion-de-cochabamba\/#breadcrumb\",\"itemListElement\":[{\"@type\":\"ListItem\",\"position\":1,\"name\":\"Portada\",\"item\":\"https:\/\/innoticiasbo.com\/\"},{\"@type\":\"ListItem\",\"position\":2,\"name\":\"LA SIB REALIZA HOY FORO T\u00c9CNICO CON CANDIDATOS A LA GOBERNACI\u00d3N DE COCHABAMBA\"}]},{\"@type\":\"WebSite\",\"@id\":\"https:\/\/innoticiasbo.com\/#website\",\"url\":\"https:\/\/innoticiasbo.com\/\",\"name\":\"innoticiasbo.com\",\"description\":\"\",\"publisher\":{\"@id\":\"https:\/\/innoticiasbo.com\/#organization\"},\"potentialAction\":[{\"@type\":\"SearchAction\",\"target\":{\"@type\":\"EntryPoint\",\"urlTemplate\":\"https:\/\/innoticiasbo.com\/?s={search_term_string}\"},\"query-input\":{\"@type\":\"PropertyValueSpecification\",\"valueRequired\":true,\"valueName\":\"search_term_string\"}}],\"inLanguage\":\"es\"},{\"@type\":\"Organization\",\"@id\":\"https:\/\/innoticiasbo.com\/#organization\",\"name\":\"innoticiasbo.com\",\"url\":\"https:\/\/innoticiasbo.com\/\",\"logo\":{\"@type\":\"ImageObject\",\"inLanguage\":\"es\",\"@id\":\"https:\/\/innoticiasbo.com\/#\/schema\/logo\/image\/\",\"url\":\"https:\/\/i0.wp.com\/innoticiasbo.com\/wp-content\/uploads\/2026\/04\/cropped-IN-LOGO.png?fit=1476%2C1476&ssl=1\",\"contentUrl\":\"https:\/\/i0.wp.com\/innoticiasbo.com\/wp-content\/uploads\/2026\/04\/cropped-IN-LOGO.png?fit=1476%2C1476&ssl=1\",\"width\":1476,\"height\":1476,\"caption\":\"innoticiasbo.com\"},\"image\":{\"@id\":\"https:\/\/innoticiasbo.com\/#\/schema\/logo\/image\/\"},\"sameAs\":[\"https:\/\/www.facebook.com\/innoticiasbolivia\",\"https:\/\/x.com\/innoticiasbo\",\"https:\/\/www.instagram.com\/innoticiasbo\",\"https:\/\/www.youtube.com\/innoticiasbo\"]},{\"@type\":\"Person\",\"@id\":\"https:\/\/innoticiasbo.com\/#\/schema\/person\/0b28481e8d0316f83a13bc702311def5\",\"name\":\"Prensa 11\",\"image\":{\"@type\":\"ImageObject\",\"inLanguage\":\"es\",\"@id\":\"https:\/\/innoticiasbo.com\/#\/schema\/person\/image\/\",\"url\":\"https:\/\/secure.gravatar.com\/avatar\/696560c17349f1807a610bf83832bad0?s=96&d=mm&r=g\",\"contentUrl\":\"https:\/\/secure.gravatar.com\/avatar\/696560c17349f1807a610bf83832bad0?s=96&d=mm&r=g\",\"caption\":\"Prensa 11\"},\"sameAs\":[\"http:\/\/www.innoticiasbo.com\"],\"url\":\"https:\/\/innoticiasbo.com\/index.php\/author\/prensa-11\/\"}]}<\/script>\n<!-- \/ Yoast SEO plugin. -->","yoast_head_json":{"title":"LA SIB REALIZA HOY FORO T\u00c9CNICO CON CANDIDATOS A LA GOBERNACI\u00d3N DE COCHABAMBA - innoticiasbo.com","robots":{"index":"index","follow":"follow","max-snippet":"max-snippet:-1","max-image-preview":"max-image-preview:large","max-video-preview":"max-video-preview:-1"},"canonical":"https:\/\/innoticiasbo.com\/index.php\/2026\/03\/13\/la-sib-realiza-hoy-foro-tecnico-con-candidatos-a-la-gobernacion-de-cochabamba\/","og_locale":"es_ES","og_type":"article","og_title":"LA SIB REALIZA HOY FORO T\u00c9CNICO CON CANDIDATOS A LA GOBERNACI\u00d3N DE COCHABAMBA - innoticiasbo.com","og_description":"Cochabamba, 13 de Marzo de 2026.- Este jueves se llevar\u00e1 a cabo un foro t\u00e9cnico con los candidatos a la Gobernaci\u00f3n de Cochabamba, organizado por la Sociedad de Ingenieros de Bolivia (SIB). El encuentro comenzar\u00e1 a las 18:00 en el sal\u00f3n \u201cPedro Eterovic\u201d de la SIB Cochabamba. El evento busca generar un espacio de di\u00e1logo...","og_url":"https:\/\/innoticiasbo.com\/index.php\/2026\/03\/13\/la-sib-realiza-hoy-foro-tecnico-con-candidatos-a-la-gobernacion-de-cochabamba\/","og_site_name":"innoticiasbo.com","article_publisher":"https:\/\/www.facebook.com\/innoticiasbolivia","article_published_time":"2026-03-13T16:50:25+00:00","article_modified_time":"2026-03-13T16:50:26+00:00","og_image":[{"width":699,"height":390,"url":"https:\/\/innoticiasbo.com\/wp-content\/uploads\/2026\/03\/image-185.png","type":"image\/png"}],"author":"Prensa 11","twitter_card":"summary_large_image","twitter_creator":"@innoticiasbo","twitter_site":"@innoticiasbo","twitter_misc":{"Escrito por":"Prensa 11","Tiempo de lectura":"2 minutos"},"schema":{"@context":"https:\/\/schema.org","@graph":[{"@type":"Article","@id":"https:\/\/innoticiasbo.com\/index.php\/2026\/03\/13\/la-sib-realiza-hoy-foro-tecnico-con-candidatos-a-la-gobernacion-de-cochabamba\/#article","isPartOf":{"@id":"https:\/\/innoticiasbo.com\/index.php\/2026\/03\/13\/la-sib-realiza-hoy-foro-tecnico-con-candidatos-a-la-gobernacion-de-cochabamba\/"},"author":{"name":"Prensa 11","@id":"https:\/\/innoticiasbo.com\/#\/schema\/person\/0b28481e8d0316f83a13bc702311def5"},"headline":"LA SIB REALIZA HOY FORO T\u00c9CNICO CON CANDIDATOS A LA GOBERNACI\u00d3N DE COCHABAMBA","datePublished":"2026-03-13T16:50:25+00:00","dateModified":"2026-03-13T16:50:26+00:00","mainEntityOfPage":{"@id":"https:\/\/innoticiasbo.com\/index.php\/2026\/03\/13\/la-sib-realiza-hoy-foro-tecnico-con-candidatos-a-la-gobernacion-de-cochabamba\/"},"wordCount":226,"commentCount":0,"publisher":{"@id":"https:\/\/innoticiasbo.com\/#organization"},"image":{"@id":"https:\/\/innoticiasbo.com\/index.php\/2026\/03\/13\/la-sib-realiza-hoy-foro-tecnico-con-candidatos-a-la-gobernacion-de-cochabamba\/#primaryimage"},"thumbnailUrl":"https:\/\/i0.wp.com\/innoticiasbo.com\/wp-content\/uploads\/2026\/03\/image-185.png?fit=699%2C390&ssl=1","keywords":["Cochabamba","elecciones subnacionales","foro t\u00e9cnico","Gobernaci\u00f3n","Gobernaci\u00f3n de Cochabamba","Pol\u00edtica","SIB","subnacionales","Subnacionales 2026"],"articleSection":["Cochabamba","Pol\u00edtica"],"inLanguage":"es","potentialAction":[{"@type":"CommentAction","name":"Comment","target":["https:\/\/innoticiasbo.com\/index.php\/2026\/03\/13\/la-sib-realiza-hoy-foro-tecnico-con-candidatos-a-la-gobernacion-de-cochabamba\/#respond"]}]},{"@type":"WebPage","@id":"https:\/\/innoticiasbo.com\/index.php\/2026\/03\/13\/la-sib-realiza-hoy-foro-tecnico-con-candidatos-a-la-gobernacion-de-cochabamba\/","url":"https:\/\/innoticiasbo.com\/index.php\/2026\/03\/13\/la-sib-realiza-hoy-foro-tecnico-con-candidatos-a-la-gobernacion-de-cochabamba\/","name":"LA SIB REALIZA HOY FORO T\u00c9CNICO CON CANDIDATOS A LA GOBERNACI\u00d3N DE COCHABAMBA - innoticiasbo.com","isPartOf":{"@id":"https:\/\/innoticiasbo.com\/#website"},"primaryImageOfPage":{"@id":"https:\/\/innoticiasbo.com\/index.php\/2026\/03\/13\/la-sib-realiza-hoy-foro-tecnico-con-candidatos-a-la-gobernacion-de-cochabamba\/#primaryimage"},"image":{"@id":"https:\/\/innoticiasbo.com\/index.php\/2026\/03\/13\/la-sib-realiza-hoy-foro-tecnico-con-candidatos-a-la-gobernacion-de-cochabamba\/#primaryimage"},"thumbnailUrl":"https:\/\/i0.wp.com\/innoticiasbo.com\/wp-content\/uploads\/2026\/03\/image-185.png?fit=699%2C390&ssl=1","datePublished":"2026-03-13T16:50:25+00:00","dateModified":"2026-03-13T16:50:26+00:00","breadcrumb":{"@id":"https:\/\/innoticiasbo.com\/index.php\/2026\/03\/13\/la-sib-realiza-hoy-foro-tecnico-con-candidatos-a-la-gobernacion-de-cochabamba\/#breadcrumb"},"inLanguage":"es","potentialAction":[{"@type":"ReadAction","target":["https:\/\/innoticiasbo.com\/index.php\/2026\/03\/13\/la-sib-realiza-hoy-foro-tecnico-con-candidatos-a-la-gobernacion-de-cochabamba\/"]}]},{"@type":"ImageObject","inLanguage":"es","@id":"https:\/\/innoticiasbo.com\/index.php\/2026\/03\/13\/la-sib-realiza-hoy-foro-tecnico-con-candidatos-a-la-gobernacion-de-cochabamba\/#primaryimage","url":"https:\/\/i0.wp.com\/innoticiasbo.com\/wp-content\/uploads\/2026\/03\/image-185.png?fit=699%2C390&ssl=1","contentUrl":"https:\/\/i0.wp.com\/innoticiasbo.com\/wp-content\/uploads\/2026\/03\/image-185.png?fit=699%2C390&ssl=1","width":699,"height":390},{"@type":"BreadcrumbList","@id":"https:\/\/innoticiasbo.com\/index.php\/2026\/03\/13\/la-sib-realiza-hoy-foro-tecnico-con-candidatos-a-la-gobernacion-de-cochabamba\/#breadcrumb","itemListElement":[{"@type":"ListItem","position":1,"name":"Portada","item":"https:\/\/innoticiasbo.com\/"},{"@type":"ListItem","position":2,"name":"LA SIB REALIZA HOY FORO T\u00c9CNICO CON CANDIDATOS A LA GOBERNACI\u00d3N DE COCHABAMBA"}]},{"@type":"WebSite","@id":"https:\/\/innoticiasbo.com\/#website","url":"https:\/\/innoticiasbo.com\/","name":"innoticiasbo.com","description":"","publisher":{"@id":"https:\/\/innoticiasbo.com\/#organization"},"potentialAction":[{"@type":"SearchAction","target":{"@type":"EntryPoint","urlTemplate":"https:\/\/innoticiasbo.com\/?s={search_term_string}"},"query-input":{"@type":"PropertyValueSpecification","valueRequired":true,"valueName":"search_term_string"}}],"inLanguage":"es"},{"@type":"Organization","@id":"https:\/\/innoticiasbo.com\/#organization","name":"innoticiasbo.com","url":"https:\/\/innoticiasbo.com\/","logo":{"@type":"ImageObject","inLanguage":"es","@id":"https:\/\/innoticiasbo.com\/#\/schema\/logo\/image\/","url":"https:\/\/i0.wp.com\/innoticiasbo.com\/wp-content\/uploads\/2026\/04\/cropped-IN-LOGO.png?fit=1476%2C1476&ssl=1","contentUrl":"https:\/\/i0.wp.com\/innoticiasbo.com\/wp-content\/uploads\/2026\/04\/cropped-IN-LOGO.png?fit=1476%2C1476&ssl=1","width":1476,"height":1476,"caption":"innoticiasbo.com"},"image":{"@id":"https:\/\/innoticiasbo.com\/#\/schema\/logo\/image\/"},"sameAs":["https:\/\/www.facebook.com\/innoticiasbolivia","https:\/\/x.com\/innoticiasbo","https:\/\/www.instagram.com\/innoticiasbo","https:\/\/www.youtube.com\/innoticiasbo"]},{"@type":"Person","@id":"https:\/\/innoticiasbo.com\/#\/schema\/person\/0b28481e8d0316f83a13bc702311def5","name":"Prensa 11","image":{"@type":"ImageObject","inLanguage":"es","@id":"https:\/\/innoticiasbo.com\/#\/schema\/person\/image\/","url":"https:\/\/secure.gravatar.com\/avatar\/696560c17349f1807a610bf83832bad0?s=96&d=mm&r=g","contentUrl":"https:\/\/secure.gravatar.com\/avatar\/696560c17349f1807a610bf83832bad0?s=96&d=mm&r=g","caption":"Prensa 11"},"sameAs":["http:\/\/www.innoticiasbo.com"],"url":"https:\/\/innoticiasbo.com\/index.php\/author\/prensa-11\/"}]}},"jetpack_featured_media_url":"https:\/\/i0.wp.com\/innoticiasbo.com\/wp-content\/uploads\/2026\/03\/image-185.png?fit=699%2C390&ssl=1","jetpack_likes_enabled":true,"jetpack_sharing_enabled":true,"jetpack_shortlink":"https:\/\/wp.me\/pg298x-2uV","_links":{"self":[{"href":"https:\/\/innoticiasbo.com\/index.php\/wp-json\/wp\/v2\/posts\/9605","targetHints":{"allow":["GET"]}}],"collection":[{"href":"https:\/\/innoticiasbo.com\/index.php\/wp-json\/wp\/v2\/posts"}],"about":[{"href":"https:\/\/innoticiasbo.com\/index.php\/wp-json\/wp\/v2\/types\/post"}],"author":[{"embeddable":true,"href":"https:\/\/innoticiasbo.com\/index.php\/wp-json\/wp\/v2\/users\/11"}],"replies":[{"embeddable":true,"href":"https:\/\/innoticiasbo.com\/index.php\/wp-json\/wp\/v2\/comments?post=9605"}],"version-history":[{"count":1,"href":"https:\/\/innoticiasbo.com\/index.php\/wp-json\/wp\/v2\/posts\/9605\/revisions"}],"predecessor-version":[{"id":9607,"href":"https:\/\/innoticiasbo.com\/index.php\/wp-json\/wp\/v2\/posts\/9605\/revisions\/9607"}],"wp:featuredmedia":[{"embeddable":true,"href":"https:\/\/innoticiasbo.com\/index.php\/wp-json\/wp\/v2\/media\/9606"}],"wp:attachment":[{"href":"https:\/\/innoticiasbo.com\/index.php\/wp-json\/wp\/v2\/media?parent=9605"}],"wp:term":[{"taxonomy":"category","embeddable":true,"href":"https:\/\/innoticiasbo.com\/index.php\/wp-json\/wp\/v2\/categories?post=9605"},{"taxonomy":"post_tag","embeddable":true,"href":"https:\/\/innoticiasbo.com\/index.php\/wp-json\/wp\/v2\/tags?post=9605"}],"curies":[{"name":"wp","href":"https:\/\/api.w.org\/{rel}","templated":true}]}}