{"id":9599,"date":"2026-03-13T12:30:24","date_gmt":"2026-03-13T16:30:24","guid":{"rendered":"https:\/\/innoticiasbo.com\/?p=9599"},"modified":"2026-03-13T12:31:14","modified_gmt":"2026-03-13T16:31:14","slug":"justicia-confirma-inhabilitacion-de-candidatura-de-mario-cossio","status":"publish","type":"post","link":"https:\/\/innoticiasbo.com\/index.php\/2026\/03\/13\/justicia-confirma-inhabilitacion-de-candidatura-de-mario-cossio\/","title":{"rendered":"JUSTICIA CONFIRMA INHABILITACI\u00d3N DE CANDIDATURA DE MARIO COSS\u00cdO"},"content":{"rendered":"\n<figure class=\"wp-block-image size-full\"><img data-recalc-dims=\"1\" loading=\"lazy\" decoding=\"async\" width=\"640\" height=\"357\" src=\"https:\/\/i0.wp.com\/innoticiasbo.com\/wp-content\/uploads\/2026\/03\/image-183.png?resize=640%2C357&#038;ssl=1\" alt=\"\" class=\"wp-image-9600\" srcset=\"https:\/\/i0.wp.com\/innoticiasbo.com\/wp-content\/uploads\/2026\/03\/image-183.png?w=770&amp;ssl=1 770w, https:\/\/i0.wp.com\/innoticiasbo.com\/wp-content\/uploads\/2026\/03\/image-183.png?resize=300%2C168&amp;ssl=1 300w, https:\/\/i0.wp.com\/innoticiasbo.com\/wp-content\/uploads\/2026\/03\/image-183.png?resize=768%2C429&amp;ssl=1 768w\" sizes=\"auto, (max-width: 640px) 100vw, 640px\" \/><\/figure>\n\n\n\n<p><strong>Pa\u00eds, 13 de Marzo de 2026.- <\/strong>La Sala Constitucional Primera de Tarija rechaz\u00f3 este jueves el amparo constitucional presentado por el candidato a la Gobernaci\u00f3n de Camino Democr\u00e1tico al Cambio (CDC), Mario Coss\u00edo, y confirm\u00f3 su inhabilitaci\u00f3n para participar en las elecciones subnacionales previstas para el 22 de marzo.<\/p>\n\n\n\n<p>\u201cVamos a dar batalla en todas las instancias judiciales que haya que darla, ac\u00e1 ante el Tribunal Constitucional Plurinacional y afuera ante las cortes y las instancias internacionales\u201d, se\u00f1al\u00f3 Coss\u00edo tras conocer la determinaci\u00f3n judicial.<\/p>\n\n\n\n<p>El candidato fue inhabilitado por no acreditar el requisito de haber residido de manera permanente en Tarija durante al menos dos a\u00f1os antes de los comicios.<\/p>\n\n\n\n<p>La controversia surgi\u00f3 a ra\u00edz de documentos contradictorios: una certificaci\u00f3n del Consejo Nacional del Refugiado (Conare) de Paraguay, emitida en febrero de 2026, confirmaba que la condici\u00f3n de refugiado de Coss\u00edo segu\u00eda vigente, mientras que una declaraci\u00f3n notarial de diciembre de 2025 lo registraba como residente permanente en Tarija. El \u00d3rgano Electoral analiz\u00f3 ambas pruebas antes de emitir su fallo.<\/p>\n\n\n\n<p>Ante esta situaci\u00f3n, Coss\u00edo interpuso un amparo constitucional alegando vulneraci\u00f3n de sus derechos y garant\u00edas constitucionales. Sin embargo, la Sala Constitucional Primera deneg\u00f3 la tutela argumentando que exist\u00eda una contradicci\u00f3n en la documentaci\u00f3n presentada por el postulante respecto de su residencia permanente, lo que justific\u00f3 la confirmaci\u00f3n de su inhabilitaci\u00f3n.<\/p>\n\n\n\n<p>Fuente: Los Tiempos<\/p>\n","protected":false},"excerpt":{"rendered":"<p>Pa\u00eds, 13 de Marzo de 2026.- La Sala Constitucional Primera de Tarija rechaz\u00f3 este jueves el amparo constitucional presentado por el candidato a la Gobernaci\u00f3n de Camino Democr\u00e1tico al Cambio (CDC), Mario Coss\u00edo, y confirm\u00f3 su inhabilitaci\u00f3n para participar en las elecciones subnacionales previstas para el 22 de marzo. \u201cVamos a dar batalla en todas&#8230;<\/p>\n","protected":false},"author":11,"featured_media":9600,"comment_status":"open","ping_status":"open","sticky":false,"template":"","format":"standard","meta":{"_jetpack_memberships_contains_paid_content":false,"footnotes":"","jetpack_publicize_message":"","jetpack_publicize_feature_enabled":true,"jetpack_social_post_already_shared":true,"jetpack_social_options":{"image_generator_settings":{"template":"highway","enabled":false},"version":2}},"categories":[1,3],"tags":[7,1106,459,378,1487,10,1011,1256],"class_list":["post-9599","post","type-post","status-publish","format-standard","has-post-thumbnail","hentry","category-bolivia","category-politica","tag-bolivia","tag-elecciones-subnacionales","tag-inhabilitacion","tag-inhabilitado","tag-mario-cossio","tag-politica","tag-subnacionales","tag-subnacionales-2026"],"jetpack_publicize_connections":[],"yoast_head":"<!-- This site is optimized with the Yoast SEO plugin v23.4 - https:\/\/yoast.com\/wordpress\/plugins\/seo\/ -->\n<title>JUSTICIA CONFIRMA INHABILITACI\u00d3N DE CANDIDATURA DE MARIO COSS\u00cdO - innoticiasbo.com<\/title>\n<meta name=\"robots\" content=\"index, follow, max-snippet:-1, max-image-preview:large, max-video-preview:-1\" \/>\n<link rel=\"canonical\" href=\"https:\/\/innoticiasbo.com\/index.php\/2026\/03\/13\/justicia-confirma-inhabilitacion-de-candidatura-de-mario-cossio\/\" \/>\n<meta property=\"og:locale\" content=\"es_ES\" \/>\n<meta property=\"og:type\" content=\"article\" \/>\n<meta property=\"og:title\" content=\"JUSTICIA CONFIRMA INHABILITACI\u00d3N DE CANDIDATURA DE MARIO COSS\u00cdO - innoticiasbo.com\" \/>\n<meta property=\"og:description\" content=\"Pa\u00eds, 13 de Marzo de 2026.- La Sala Constitucional Primera de Tarija rechaz\u00f3 este jueves el amparo constitucional presentado por el candidato a la Gobernaci\u00f3n de Camino Democr\u00e1tico al Cambio (CDC), Mario Coss\u00edo, y confirm\u00f3 su inhabilitaci\u00f3n para participar en las elecciones subnacionales previstas para el 22 de marzo. \u201cVamos a dar batalla en todas...\" \/>\n<meta property=\"og:url\" content=\"https:\/\/innoticiasbo.com\/index.php\/2026\/03\/13\/justicia-confirma-inhabilitacion-de-candidatura-de-mario-cossio\/\" \/>\n<meta property=\"og:site_name\" content=\"innoticiasbo.com\" \/>\n<meta property=\"article:publisher\" content=\"https:\/\/www.facebook.com\/innoticiasbolivia\" \/>\n<meta property=\"article:published_time\" content=\"2026-03-13T16:30:24+00:00\" \/>\n<meta property=\"article:modified_time\" content=\"2026-03-13T16:31:14+00:00\" \/>\n<meta property=\"og:image\" content=\"https:\/\/innoticiasbo.com\/wp-content\/uploads\/2026\/03\/image-183.png\" \/>\n\t<meta property=\"og:image:width\" content=\"770\" \/>\n\t<meta property=\"og:image:height\" content=\"430\" \/>\n\t<meta property=\"og:image:type\" content=\"image\/png\" \/>\n<meta name=\"author\" content=\"Prensa 11\" \/>\n<meta name=\"twitter:card\" content=\"summary_large_image\" \/>\n<meta name=\"twitter:creator\" content=\"@innoticiasbo\" \/>\n<meta name=\"twitter:site\" content=\"@innoticiasbo\" \/>\n<meta name=\"twitter:label1\" content=\"Escrito por\" \/>\n\t<meta name=\"twitter:data1\" content=\"Prensa 11\" \/>\n\t<meta name=\"twitter:label2\" content=\"Tiempo de lectura\" \/>\n\t<meta name=\"twitter:data2\" content=\"2 minutos\" \/>\n<script type=\"application\/ld+json\" class=\"yoast-schema-graph\">{\"@context\":\"https:\/\/schema.org\",\"@graph\":[{\"@type\":\"Article\",\"@id\":\"https:\/\/innoticiasbo.com\/index.php\/2026\/03\/13\/justicia-confirma-inhabilitacion-de-candidatura-de-mario-cossio\/#article\",\"isPartOf\":{\"@id\":\"https:\/\/innoticiasbo.com\/index.php\/2026\/03\/13\/justicia-confirma-inhabilitacion-de-candidatura-de-mario-cossio\/\"},\"author\":{\"name\":\"Prensa 11\",\"@id\":\"https:\/\/innoticiasbo.com\/#\/schema\/person\/0b28481e8d0316f83a13bc702311def5\"},\"headline\":\"JUSTICIA CONFIRMA INHABILITACI\u00d3N DE CANDIDATURA DE MARIO COSS\u00cdO\",\"datePublished\":\"2026-03-13T16:30:24+00:00\",\"dateModified\":\"2026-03-13T16:31:14+00:00\",\"mainEntityOfPage\":{\"@id\":\"https:\/\/innoticiasbo.com\/index.php\/2026\/03\/13\/justicia-confirma-inhabilitacion-de-candidatura-de-mario-cossio\/\"},\"wordCount\":253,\"commentCount\":0,\"publisher\":{\"@id\":\"https:\/\/innoticiasbo.com\/#organization\"},\"image\":{\"@id\":\"https:\/\/innoticiasbo.com\/index.php\/2026\/03\/13\/justicia-confirma-inhabilitacion-de-candidatura-de-mario-cossio\/#primaryimage\"},\"thumbnailUrl\":\"https:\/\/i0.wp.com\/innoticiasbo.com\/wp-content\/uploads\/2026\/03\/image-183.png?fit=770%2C430&ssl=1\",\"keywords\":[\"Bolivia\",\"elecciones subnacionales\",\"inhabilitaci\u00f3n\",\"inhabilitado\",\"Mario Coss\u00edo\",\"Pol\u00edtica\",\"subnacionales\",\"Subnacionales 2026\"],\"articleSection\":[\"Bolivia\",\"Pol\u00edtica\"],\"inLanguage\":\"es\",\"potentialAction\":[{\"@type\":\"CommentAction\",\"name\":\"Comment\",\"target\":[\"https:\/\/innoticiasbo.com\/index.php\/2026\/03\/13\/justicia-confirma-inhabilitacion-de-candidatura-de-mario-cossio\/#respond\"]}]},{\"@type\":\"WebPage\",\"@id\":\"https:\/\/innoticiasbo.com\/index.php\/2026\/03\/13\/justicia-confirma-inhabilitacion-de-candidatura-de-mario-cossio\/\",\"url\":\"https:\/\/innoticiasbo.com\/index.php\/2026\/03\/13\/justicia-confirma-inhabilitacion-de-candidatura-de-mario-cossio\/\",\"name\":\"JUSTICIA CONFIRMA INHABILITACI\u00d3N DE CANDIDATURA DE MARIO COSS\u00cdO - innoticiasbo.com\",\"isPartOf\":{\"@id\":\"https:\/\/innoticiasbo.com\/#website\"},\"primaryImageOfPage\":{\"@id\":\"https:\/\/innoticiasbo.com\/index.php\/2026\/03\/13\/justicia-confirma-inhabilitacion-de-candidatura-de-mario-cossio\/#primaryimage\"},\"image\":{\"@id\":\"https:\/\/innoticiasbo.com\/index.php\/2026\/03\/13\/justicia-confirma-inhabilitacion-de-candidatura-de-mario-cossio\/#primaryimage\"},\"thumbnailUrl\":\"https:\/\/i0.wp.com\/innoticiasbo.com\/wp-content\/uploads\/2026\/03\/image-183.png?fit=770%2C430&ssl=1\",\"datePublished\":\"2026-03-13T16:30:24+00:00\",\"dateModified\":\"2026-03-13T16:31:14+00:00\",\"breadcrumb\":{\"@id\":\"https:\/\/innoticiasbo.com\/index.php\/2026\/03\/13\/justicia-confirma-inhabilitacion-de-candidatura-de-mario-cossio\/#breadcrumb\"},\"inLanguage\":\"es\",\"potentialAction\":[{\"@type\":\"ReadAction\",\"target\":[\"https:\/\/innoticiasbo.com\/index.php\/2026\/03\/13\/justicia-confirma-inhabilitacion-de-candidatura-de-mario-cossio\/\"]}]},{\"@type\":\"ImageObject\",\"inLanguage\":\"es\",\"@id\":\"https:\/\/innoticiasbo.com\/index.php\/2026\/03\/13\/justicia-confirma-inhabilitacion-de-candidatura-de-mario-cossio\/#primaryimage\",\"url\":\"https:\/\/i0.wp.com\/innoticiasbo.com\/wp-content\/uploads\/2026\/03\/image-183.png?fit=770%2C430&ssl=1\",\"contentUrl\":\"https:\/\/i0.wp.com\/innoticiasbo.com\/wp-content\/uploads\/2026\/03\/image-183.png?fit=770%2C430&ssl=1\",\"width\":770,\"height\":430},{\"@type\":\"BreadcrumbList\",\"@id\":\"https:\/\/innoticiasbo.com\/index.php\/2026\/03\/13\/justicia-confirma-inhabilitacion-de-candidatura-de-mario-cossio\/#breadcrumb\",\"itemListElement\":[{\"@type\":\"ListItem\",\"position\":1,\"name\":\"Portada\",\"item\":\"https:\/\/innoticiasbo.com\/\"},{\"@type\":\"ListItem\",\"position\":2,\"name\":\"JUSTICIA CONFIRMA INHABILITACI\u00d3N DE CANDIDATURA DE MARIO COSS\u00cdO\"}]},{\"@type\":\"WebSite\",\"@id\":\"https:\/\/innoticiasbo.com\/#website\",\"url\":\"https:\/\/innoticiasbo.com\/\",\"name\":\"innoticiasbo.com\",\"description\":\"\",\"publisher\":{\"@id\":\"https:\/\/innoticiasbo.com\/#organization\"},\"potentialAction\":[{\"@type\":\"SearchAction\",\"target\":{\"@type\":\"EntryPoint\",\"urlTemplate\":\"https:\/\/innoticiasbo.com\/?s={search_term_string}\"},\"query-input\":{\"@type\":\"PropertyValueSpecification\",\"valueRequired\":true,\"valueName\":\"search_term_string\"}}],\"inLanguage\":\"es\"},{\"@type\":\"Organization\",\"@id\":\"https:\/\/innoticiasbo.com\/#organization\",\"name\":\"innoticiasbo.com\",\"url\":\"https:\/\/innoticiasbo.com\/\",\"logo\":{\"@type\":\"ImageObject\",\"inLanguage\":\"es\",\"@id\":\"https:\/\/innoticiasbo.com\/#\/schema\/logo\/image\/\",\"url\":\"https:\/\/i0.wp.com\/innoticiasbo.com\/wp-content\/uploads\/2026\/04\/cropped-IN-LOGO.png?fit=1476%2C1476&ssl=1\",\"contentUrl\":\"https:\/\/i0.wp.com\/innoticiasbo.com\/wp-content\/uploads\/2026\/04\/cropped-IN-LOGO.png?fit=1476%2C1476&ssl=1\",\"width\":1476,\"height\":1476,\"caption\":\"innoticiasbo.com\"},\"image\":{\"@id\":\"https:\/\/innoticiasbo.com\/#\/schema\/logo\/image\/\"},\"sameAs\":[\"https:\/\/www.facebook.com\/innoticiasbolivia\",\"https:\/\/x.com\/innoticiasbo\",\"https:\/\/www.instagram.com\/innoticiasbo\",\"https:\/\/www.youtube.com\/innoticiasbo\"]},{\"@type\":\"Person\",\"@id\":\"https:\/\/innoticiasbo.com\/#\/schema\/person\/0b28481e8d0316f83a13bc702311def5\",\"name\":\"Prensa 11\",\"image\":{\"@type\":\"ImageObject\",\"inLanguage\":\"es\",\"@id\":\"https:\/\/innoticiasbo.com\/#\/schema\/person\/image\/\",\"url\":\"https:\/\/secure.gravatar.com\/avatar\/696560c17349f1807a610bf83832bad0?s=96&d=mm&r=g\",\"contentUrl\":\"https:\/\/secure.gravatar.com\/avatar\/696560c17349f1807a610bf83832bad0?s=96&d=mm&r=g\",\"caption\":\"Prensa 11\"},\"sameAs\":[\"http:\/\/www.innoticiasbo.com\"],\"url\":\"https:\/\/innoticiasbo.com\/index.php\/author\/prensa-11\/\"}]}<\/script>\n<!-- \/ Yoast SEO plugin. -->","yoast_head_json":{"title":"JUSTICIA CONFIRMA INHABILITACI\u00d3N DE CANDIDATURA DE MARIO COSS\u00cdO - innoticiasbo.com","robots":{"index":"index","follow":"follow","max-snippet":"max-snippet:-1","max-image-preview":"max-image-preview:large","max-video-preview":"max-video-preview:-1"},"canonical":"https:\/\/innoticiasbo.com\/index.php\/2026\/03\/13\/justicia-confirma-inhabilitacion-de-candidatura-de-mario-cossio\/","og_locale":"es_ES","og_type":"article","og_title":"JUSTICIA CONFIRMA INHABILITACI\u00d3N DE CANDIDATURA DE MARIO COSS\u00cdO - innoticiasbo.com","og_description":"Pa\u00eds, 13 de Marzo de 2026.- La Sala Constitucional Primera de Tarija rechaz\u00f3 este jueves el amparo constitucional presentado por el candidato a la Gobernaci\u00f3n de Camino Democr\u00e1tico al Cambio (CDC), Mario Coss\u00edo, y confirm\u00f3 su inhabilitaci\u00f3n para participar en las elecciones subnacionales previstas para el 22 de marzo. \u201cVamos a dar batalla en todas...","og_url":"https:\/\/innoticiasbo.com\/index.php\/2026\/03\/13\/justicia-confirma-inhabilitacion-de-candidatura-de-mario-cossio\/","og_site_name":"innoticiasbo.com","article_publisher":"https:\/\/www.facebook.com\/innoticiasbolivia","article_published_time":"2026-03-13T16:30:24+00:00","article_modified_time":"2026-03-13T16:31:14+00:00","og_image":[{"width":770,"height":430,"url":"https:\/\/innoticiasbo.com\/wp-content\/uploads\/2026\/03\/image-183.png","type":"image\/png"}],"author":"Prensa 11","twitter_card":"summary_large_image","twitter_creator":"@innoticiasbo","twitter_site":"@innoticiasbo","twitter_misc":{"Escrito por":"Prensa 11","Tiempo de lectura":"2 minutos"},"schema":{"@context":"https:\/\/schema.org","@graph":[{"@type":"Article","@id":"https:\/\/innoticiasbo.com\/index.php\/2026\/03\/13\/justicia-confirma-inhabilitacion-de-candidatura-de-mario-cossio\/#article","isPartOf":{"@id":"https:\/\/innoticiasbo.com\/index.php\/2026\/03\/13\/justicia-confirma-inhabilitacion-de-candidatura-de-mario-cossio\/"},"author":{"name":"Prensa 11","@id":"https:\/\/innoticiasbo.com\/#\/schema\/person\/0b28481e8d0316f83a13bc702311def5"},"headline":"JUSTICIA CONFIRMA INHABILITACI\u00d3N DE CANDIDATURA DE MARIO COSS\u00cdO","datePublished":"2026-03-13T16:30:24+00:00","dateModified":"2026-03-13T16:31:14+00:00","mainEntityOfPage":{"@id":"https:\/\/innoticiasbo.com\/index.php\/2026\/03\/13\/justicia-confirma-inhabilitacion-de-candidatura-de-mario-cossio\/"},"wordCount":253,"commentCount":0,"publisher":{"@id":"https:\/\/innoticiasbo.com\/#organization"},"image":{"@id":"https:\/\/innoticiasbo.com\/index.php\/2026\/03\/13\/justicia-confirma-inhabilitacion-de-candidatura-de-mario-cossio\/#primaryimage"},"thumbnailUrl":"https:\/\/i0.wp.com\/innoticiasbo.com\/wp-content\/uploads\/2026\/03\/image-183.png?fit=770%2C430&ssl=1","keywords":["Bolivia","elecciones subnacionales","inhabilitaci\u00f3n","inhabilitado","Mario Coss\u00edo","Pol\u00edtica","subnacionales","Subnacionales 2026"],"articleSection":["Bolivia","Pol\u00edtica"],"inLanguage":"es","potentialAction":[{"@type":"CommentAction","name":"Comment","target":["https:\/\/innoticiasbo.com\/index.php\/2026\/03\/13\/justicia-confirma-inhabilitacion-de-candidatura-de-mario-cossio\/#respond"]}]},{"@type":"WebPage","@id":"https:\/\/innoticiasbo.com\/index.php\/2026\/03\/13\/justicia-confirma-inhabilitacion-de-candidatura-de-mario-cossio\/","url":"https:\/\/innoticiasbo.com\/index.php\/2026\/03\/13\/justicia-confirma-inhabilitacion-de-candidatura-de-mario-cossio\/","name":"JUSTICIA CONFIRMA INHABILITACI\u00d3N DE CANDIDATURA DE MARIO COSS\u00cdO - innoticiasbo.com","isPartOf":{"@id":"https:\/\/innoticiasbo.com\/#website"},"primaryImageOfPage":{"@id":"https:\/\/innoticiasbo.com\/index.php\/2026\/03\/13\/justicia-confirma-inhabilitacion-de-candidatura-de-mario-cossio\/#primaryimage"},"image":{"@id":"https:\/\/innoticiasbo.com\/index.php\/2026\/03\/13\/justicia-confirma-inhabilitacion-de-candidatura-de-mario-cossio\/#primaryimage"},"thumbnailUrl":"https:\/\/i0.wp.com\/innoticiasbo.com\/wp-content\/uploads\/2026\/03\/image-183.png?fit=770%2C430&ssl=1","datePublished":"2026-03-13T16:30:24+00:00","dateModified":"2026-03-13T16:31:14+00:00","breadcrumb":{"@id":"https:\/\/innoticiasbo.com\/index.php\/2026\/03\/13\/justicia-confirma-inhabilitacion-de-candidatura-de-mario-cossio\/#breadcrumb"},"inLanguage":"es","potentialAction":[{"@type":"ReadAction","target":["https:\/\/innoticiasbo.com\/index.php\/2026\/03\/13\/justicia-confirma-inhabilitacion-de-candidatura-de-mario-cossio\/"]}]},{"@type":"ImageObject","inLanguage":"es","@id":"https:\/\/innoticiasbo.com\/index.php\/2026\/03\/13\/justicia-confirma-inhabilitacion-de-candidatura-de-mario-cossio\/#primaryimage","url":"https:\/\/i0.wp.com\/innoticiasbo.com\/wp-content\/uploads\/2026\/03\/image-183.png?fit=770%2C430&ssl=1","contentUrl":"https:\/\/i0.wp.com\/innoticiasbo.com\/wp-content\/uploads\/2026\/03\/image-183.png?fit=770%2C430&ssl=1","width":770,"height":430},{"@type":"BreadcrumbList","@id":"https:\/\/innoticiasbo.com\/index.php\/2026\/03\/13\/justicia-confirma-inhabilitacion-de-candidatura-de-mario-cossio\/#breadcrumb","itemListElement":[{"@type":"ListItem","position":1,"name":"Portada","item":"https:\/\/innoticiasbo.com\/"},{"@type":"ListItem","position":2,"name":"JUSTICIA CONFIRMA INHABILITACI\u00d3N DE CANDIDATURA DE MARIO COSS\u00cdO"}]},{"@type":"WebSite","@id":"https:\/\/innoticiasbo.com\/#website","url":"https:\/\/innoticiasbo.com\/","name":"innoticiasbo.com","description":"","publisher":{"@id":"https:\/\/innoticiasbo.com\/#organization"},"potentialAction":[{"@type":"SearchAction","target":{"@type":"EntryPoint","urlTemplate":"https:\/\/innoticiasbo.com\/?s={search_term_string}"},"query-input":{"@type":"PropertyValueSpecification","valueRequired":true,"valueName":"search_term_string"}}],"inLanguage":"es"},{"@type":"Organization","@id":"https:\/\/innoticiasbo.com\/#organization","name":"innoticiasbo.com","url":"https:\/\/innoticiasbo.com\/","logo":{"@type":"ImageObject","inLanguage":"es","@id":"https:\/\/innoticiasbo.com\/#\/schema\/logo\/image\/","url":"https:\/\/i0.wp.com\/innoticiasbo.com\/wp-content\/uploads\/2026\/04\/cropped-IN-LOGO.png?fit=1476%2C1476&ssl=1","contentUrl":"https:\/\/i0.wp.com\/innoticiasbo.com\/wp-content\/uploads\/2026\/04\/cropped-IN-LOGO.png?fit=1476%2C1476&ssl=1","width":1476,"height":1476,"caption":"innoticiasbo.com"},"image":{"@id":"https:\/\/innoticiasbo.com\/#\/schema\/logo\/image\/"},"sameAs":["https:\/\/www.facebook.com\/innoticiasbolivia","https:\/\/x.com\/innoticiasbo","https:\/\/www.instagram.com\/innoticiasbo","https:\/\/www.youtube.com\/innoticiasbo"]},{"@type":"Person","@id":"https:\/\/innoticiasbo.com\/#\/schema\/person\/0b28481e8d0316f83a13bc702311def5","name":"Prensa 11","image":{"@type":"ImageObject","inLanguage":"es","@id":"https:\/\/innoticiasbo.com\/#\/schema\/person\/image\/","url":"https:\/\/secure.gravatar.com\/avatar\/696560c17349f1807a610bf83832bad0?s=96&d=mm&r=g","contentUrl":"https:\/\/secure.gravatar.com\/avatar\/696560c17349f1807a610bf83832bad0?s=96&d=mm&r=g","caption":"Prensa 11"},"sameAs":["http:\/\/www.innoticiasbo.com"],"url":"https:\/\/innoticiasbo.com\/index.php\/author\/prensa-11\/"}]}},"jetpack_featured_media_url":"https:\/\/i0.wp.com\/innoticiasbo.com\/wp-content\/uploads\/2026\/03\/image-183.png?fit=770%2C430&ssl=1","jetpack_likes_enabled":true,"jetpack_sharing_enabled":true,"jetpack_shortlink":"https:\/\/wp.me\/pg298x-2uP","_links":{"self":[{"href":"https:\/\/innoticiasbo.com\/index.php\/wp-json\/wp\/v2\/posts\/9599","targetHints":{"allow":["GET"]}}],"collection":[{"href":"https:\/\/innoticiasbo.com\/index.php\/wp-json\/wp\/v2\/posts"}],"about":[{"href":"https:\/\/innoticiasbo.com\/index.php\/wp-json\/wp\/v2\/types\/post"}],"author":[{"embeddable":true,"href":"https:\/\/innoticiasbo.com\/index.php\/wp-json\/wp\/v2\/users\/11"}],"replies":[{"embeddable":true,"href":"https:\/\/innoticiasbo.com\/index.php\/wp-json\/wp\/v2\/comments?post=9599"}],"version-history":[{"count":1,"href":"https:\/\/innoticiasbo.com\/index.php\/wp-json\/wp\/v2\/posts\/9599\/revisions"}],"predecessor-version":[{"id":9601,"href":"https:\/\/innoticiasbo.com\/index.php\/wp-json\/wp\/v2\/posts\/9599\/revisions\/9601"}],"wp:featuredmedia":[{"embeddable":true,"href":"https:\/\/innoticiasbo.com\/index.php\/wp-json\/wp\/v2\/media\/9600"}],"wp:attachment":[{"href":"https:\/\/innoticiasbo.com\/index.php\/wp-json\/wp\/v2\/media?parent=9599"}],"wp:term":[{"taxonomy":"category","embeddable":true,"href":"https:\/\/innoticiasbo.com\/index.php\/wp-json\/wp\/v2\/categories?post=9599"},{"taxonomy":"post_tag","embeddable":true,"href":"https:\/\/innoticiasbo.com\/index.php\/wp-json\/wp\/v2\/tags?post=9599"}],"curies":[{"name":"wp","href":"https:\/\/api.w.org\/{rel}","templated":true}]}}