{"id":9596,"date":"2026-03-13T12:13:57","date_gmt":"2026-03-13T16:13:57","guid":{"rendered":"https:\/\/innoticiasbo.com\/?p=9596"},"modified":"2026-03-13T12:13:58","modified_gmt":"2026-03-13T16:13:58","slug":"paz-captura-de-marset-marca-un-punto-de-inflexion-en-la-lucha-contra-el-crimen","status":"publish","type":"post","link":"https:\/\/innoticiasbo.com\/index.php\/2026\/03\/13\/paz-captura-de-marset-marca-un-punto-de-inflexion-en-la-lucha-contra-el-crimen\/","title":{"rendered":"PAZ: \u00abCAPTURA DE MARSET MARCA UN PUNTO DE INFLEXI\u00d3N EN LA LUCHA CONTRA EL CRIMEN\u00bb"},"content":{"rendered":"\n<figure class=\"wp-block-image size-full\"><img data-recalc-dims=\"1\" loading=\"lazy\" decoding=\"async\" width=\"640\" height=\"360\" src=\"https:\/\/i0.wp.com\/innoticiasbo.com\/wp-content\/uploads\/2026\/03\/image-182.png?resize=640%2C360&#038;ssl=1\" alt=\"\" class=\"wp-image-9597\" srcset=\"https:\/\/i0.wp.com\/innoticiasbo.com\/wp-content\/uploads\/2026\/03\/image-182.png?w=800&amp;ssl=1 800w, https:\/\/i0.wp.com\/innoticiasbo.com\/wp-content\/uploads\/2026\/03\/image-182.png?resize=300%2C169&amp;ssl=1 300w, https:\/\/i0.wp.com\/innoticiasbo.com\/wp-content\/uploads\/2026\/03\/image-182.png?resize=768%2C432&amp;ssl=1 768w\" sizes=\"auto, (max-width: 640px) 100vw, 640px\" \/><figcaption class=\"wp-element-caption\">Foto: Red Uno<\/figcaption><\/figure>\n\n\n\n<p><strong>Pa\u00eds, 13 de Marzo de 2026.- <\/strong>Esta madruga se ejecut\u00f3 un operativo que deriv\u00f3 con la captura de Sebasti\u00e1n Marset, que inmediatamente abandon\u00f3 el pa\u00eds hacia EEUU que ha solicitado su extradici\u00f3n.<\/p>\n\n\n\n<p>El presidente de Bolivia, <strong>Rodrigo Paz, brind\u00f3 este viernes una conferencia de prensa en la ciudad de La Paz para informar sobre los detalles del operativo<\/strong> policial que deriv\u00f3 en la captura del presunto narcotraficante uruguayo Sebasti\u00e1n Marset.<\/p>\n\n\n\n<p>Durante su intervenci\u00f3n, <strong>el mandatario destac\u00f3 el operativo dirigido por el Ministerio de Gobierno y el trabajo ejecutado por la Polic\u00eda boliviana<\/strong>, y ratific\u00f3 la ca\u00edda de uno de los narcotraficantes m\u00e1s buscados de la regi\u00f3n, considerado el n\u00famero cuatro en la lista de prioridades de Departamento de Justicia de los Estados Unidos.<\/p>\n\n\n\n<p><strong>\u201cLa captura de Marset marca un punto de inflexi\u00f3n en la lucha contra el crimen organizado<\/strong> y reafirma la voluntad del Gobierno de la lucha contra las mafias internacionales y nacionales\u201d, se\u00f1al\u00f3 Paz.<\/p>\n\n\n\n<p>El mandatario destac\u00f3 que <strong>este operativo ratifica que Bolivia puede y quiere contribuir de manera decidida a la seguridad<\/strong> continental y global.<\/p>\n\n\n\n<p><strong>El presidente tambi\u00e9n agradeci\u00f3 la cooperaci\u00f3n internacional de diferentes pa\u00edses vecinos,<\/strong> que seg\u00fan dijo actuaron en coordinaci\u00f3n con la decisi\u00f3n del Gobierno boliviano de fortalecer la lucha contra el narcotr\u00e1fico.<\/p>\n\n\n\n<p>\u201c<strong>A todas las instituciones del Estado y a las organizaciones vivas de nuestras regiones, esta es una victoria de todos los bolivianos<\/strong>. Asumamos con grandeza este paso fundamental y el camino correcto para poner a Bolivia en lo m\u00e1s alto de forma transparente, con las manos de los bolivianos y no con el crimen, ni la corrupci\u00f3n, ni el narcotr\u00e1fico\u201d, afirm\u00f3.<\/p>\n\n\n\n<p>Asimismo, <strong>resalt\u00f3 que el operativo ejecutado por la Polic\u00eda se desarroll\u00f3 de manera \u201cquir\u00fargica\u201d<\/strong>, ya que no se registraron personas heridas durante la captura de Marset.<\/p>\n\n\n\n<p>\u00abNi una baja de nuestra polic\u00eda, ni un civil, ni un vecino (result\u00f3 herido) y esto hay que <strong>agradecer la profesionalidad y la ejecuci\u00f3n efectiva de nuestras instituciones con un resultado extraordinario. Bolivia hoy ha ganado<\/strong>\u201d, concluy\u00f3.<\/p>\n\n\n\n<p>El presunto narcotraficante fue capturado en <strong>Santa Cruz de la Sierra, luego de m\u00e1s de dos a\u00f1os y siete meses de permanecer pr\u00f3fugo.<\/strong> Marset hab\u00eda sido declarado rebelde por la justicia boliviana y contaba con una recompensa ofrecida por Estados Unidos para lograr su captura.<\/p>\n\n\n\n<p>Fuente: Red Uno<\/p>\n","protected":false},"excerpt":{"rendered":"<p>Pa\u00eds, 13 de Marzo de 2026.- Esta madruga se ejecut\u00f3 un operativo que deriv\u00f3 con la captura de Sebasti\u00e1n Marset, que inmediatamente abandon\u00f3 el pa\u00eds hacia EEUU que ha solicitado su extradici\u00f3n. El presidente de Bolivia, Rodrigo Paz, brind\u00f3 este viernes una conferencia de prensa en la ciudad de La Paz para informar sobre los&#8230;<\/p>\n","protected":false},"author":11,"featured_media":9597,"comment_status":"open","ping_status":"open","sticky":false,"template":"","format":"standard","meta":{"_jetpack_memberships_contains_paid_content":false,"footnotes":"","jetpack_publicize_message":"","jetpack_publicize_feature_enabled":true,"jetpack_social_post_already_shared":true,"jetpack_social_options":{"image_generator_settings":{"template":"highway","enabled":false},"version":2}},"categories":[1,3],"tags":[1478,7,764,565,10,345,563],"class_list":["post-9596","post","type-post","status-publish","format-standard","has-post-thumbnail","hentry","category-bolivia","category-politica","tag-arrestado","tag-bolivia","tag-felcn","tag-narcotrafico","tag-politica","tag-rodrigo-paz","tag-sebastian-marset"],"jetpack_publicize_connections":[],"yoast_head":"<!-- This site is optimized with the Yoast SEO plugin v23.4 - https:\/\/yoast.com\/wordpress\/plugins\/seo\/ -->\n<title>PAZ: &quot;CAPTURA DE MARSET MARCA UN PUNTO DE INFLEXI\u00d3N EN LA LUCHA CONTRA EL CRIMEN&quot; - innoticiasbo.com<\/title>\n<meta name=\"robots\" content=\"index, follow, max-snippet:-1, max-image-preview:large, max-video-preview:-1\" \/>\n<link rel=\"canonical\" href=\"https:\/\/innoticiasbo.com\/index.php\/2026\/03\/13\/paz-captura-de-marset-marca-un-punto-de-inflexion-en-la-lucha-contra-el-crimen\/\" \/>\n<meta property=\"og:locale\" content=\"es_ES\" \/>\n<meta property=\"og:type\" content=\"article\" \/>\n<meta property=\"og:title\" content=\"PAZ: &quot;CAPTURA DE MARSET MARCA UN PUNTO DE INFLEXI\u00d3N EN LA LUCHA CONTRA EL CRIMEN&quot; - innoticiasbo.com\" \/>\n<meta property=\"og:description\" content=\"Pa\u00eds, 13 de Marzo de 2026.- Esta madruga se ejecut\u00f3 un operativo que deriv\u00f3 con la captura de Sebasti\u00e1n Marset, que inmediatamente abandon\u00f3 el pa\u00eds hacia EEUU que ha solicitado su extradici\u00f3n. El presidente de Bolivia, Rodrigo Paz, brind\u00f3 este viernes una conferencia de prensa en la ciudad de La Paz para informar sobre los...\" \/>\n<meta property=\"og:url\" content=\"https:\/\/innoticiasbo.com\/index.php\/2026\/03\/13\/paz-captura-de-marset-marca-un-punto-de-inflexion-en-la-lucha-contra-el-crimen\/\" \/>\n<meta property=\"og:site_name\" content=\"innoticiasbo.com\" \/>\n<meta property=\"article:publisher\" content=\"https:\/\/www.facebook.com\/innoticiasbolivia\" \/>\n<meta property=\"article:published_time\" content=\"2026-03-13T16:13:57+00:00\" \/>\n<meta property=\"article:modified_time\" content=\"2026-03-13T16:13:58+00:00\" \/>\n<meta property=\"og:image\" content=\"https:\/\/innoticiasbo.com\/wp-content\/uploads\/2026\/03\/image-182.png\" \/>\n\t<meta property=\"og:image:width\" content=\"800\" \/>\n\t<meta property=\"og:image:height\" content=\"450\" \/>\n\t<meta property=\"og:image:type\" content=\"image\/png\" \/>\n<meta name=\"author\" content=\"Prensa 11\" \/>\n<meta name=\"twitter:card\" content=\"summary_large_image\" \/>\n<meta name=\"twitter:creator\" content=\"@innoticiasbo\" \/>\n<meta name=\"twitter:site\" content=\"@innoticiasbo\" \/>\n<meta name=\"twitter:label1\" content=\"Escrito por\" \/>\n\t<meta name=\"twitter:data1\" content=\"Prensa 11\" \/>\n\t<meta name=\"twitter:label2\" content=\"Tiempo de lectura\" \/>\n\t<meta name=\"twitter:data2\" content=\"3 minutos\" \/>\n<script type=\"application\/ld+json\" class=\"yoast-schema-graph\">{\"@context\":\"https:\/\/schema.org\",\"@graph\":[{\"@type\":\"Article\",\"@id\":\"https:\/\/innoticiasbo.com\/index.php\/2026\/03\/13\/paz-captura-de-marset-marca-un-punto-de-inflexion-en-la-lucha-contra-el-crimen\/#article\",\"isPartOf\":{\"@id\":\"https:\/\/innoticiasbo.com\/index.php\/2026\/03\/13\/paz-captura-de-marset-marca-un-punto-de-inflexion-en-la-lucha-contra-el-crimen\/\"},\"author\":{\"name\":\"Prensa 11\",\"@id\":\"https:\/\/innoticiasbo.com\/#\/schema\/person\/0b28481e8d0316f83a13bc702311def5\"},\"headline\":\"PAZ: \u00abCAPTURA DE MARSET MARCA UN PUNTO DE INFLEXI\u00d3N EN LA LUCHA CONTRA EL CRIMEN\u00bb\",\"datePublished\":\"2026-03-13T16:13:57+00:00\",\"dateModified\":\"2026-03-13T16:13:58+00:00\",\"mainEntityOfPage\":{\"@id\":\"https:\/\/innoticiasbo.com\/index.php\/2026\/03\/13\/paz-captura-de-marset-marca-un-punto-de-inflexion-en-la-lucha-contra-el-crimen\/\"},\"wordCount\":429,\"commentCount\":0,\"publisher\":{\"@id\":\"https:\/\/innoticiasbo.com\/#organization\"},\"image\":{\"@id\":\"https:\/\/innoticiasbo.com\/index.php\/2026\/03\/13\/paz-captura-de-marset-marca-un-punto-de-inflexion-en-la-lucha-contra-el-crimen\/#primaryimage\"},\"thumbnailUrl\":\"https:\/\/i0.wp.com\/innoticiasbo.com\/wp-content\/uploads\/2026\/03\/image-182.png?fit=800%2C450&ssl=1\",\"keywords\":[\"arrestado\",\"Bolivia\",\"FELCN\",\"narcotr\u00e1fico\",\"Pol\u00edtica\",\"Rodrigo Paz\",\"Sebasti\u00e1n Marset\"],\"articleSection\":[\"Bolivia\",\"Pol\u00edtica\"],\"inLanguage\":\"es\",\"potentialAction\":[{\"@type\":\"CommentAction\",\"name\":\"Comment\",\"target\":[\"https:\/\/innoticiasbo.com\/index.php\/2026\/03\/13\/paz-captura-de-marset-marca-un-punto-de-inflexion-en-la-lucha-contra-el-crimen\/#respond\"]}]},{\"@type\":\"WebPage\",\"@id\":\"https:\/\/innoticiasbo.com\/index.php\/2026\/03\/13\/paz-captura-de-marset-marca-un-punto-de-inflexion-en-la-lucha-contra-el-crimen\/\",\"url\":\"https:\/\/innoticiasbo.com\/index.php\/2026\/03\/13\/paz-captura-de-marset-marca-un-punto-de-inflexion-en-la-lucha-contra-el-crimen\/\",\"name\":\"PAZ: \\\"CAPTURA DE MARSET MARCA UN PUNTO DE INFLEXI\u00d3N EN LA LUCHA CONTRA EL CRIMEN\\\" - innoticiasbo.com\",\"isPartOf\":{\"@id\":\"https:\/\/innoticiasbo.com\/#website\"},\"primaryImageOfPage\":{\"@id\":\"https:\/\/innoticiasbo.com\/index.php\/2026\/03\/13\/paz-captura-de-marset-marca-un-punto-de-inflexion-en-la-lucha-contra-el-crimen\/#primaryimage\"},\"image\":{\"@id\":\"https:\/\/innoticiasbo.com\/index.php\/2026\/03\/13\/paz-captura-de-marset-marca-un-punto-de-inflexion-en-la-lucha-contra-el-crimen\/#primaryimage\"},\"thumbnailUrl\":\"https:\/\/i0.wp.com\/innoticiasbo.com\/wp-content\/uploads\/2026\/03\/image-182.png?fit=800%2C450&ssl=1\",\"datePublished\":\"2026-03-13T16:13:57+00:00\",\"dateModified\":\"2026-03-13T16:13:58+00:00\",\"breadcrumb\":{\"@id\":\"https:\/\/innoticiasbo.com\/index.php\/2026\/03\/13\/paz-captura-de-marset-marca-un-punto-de-inflexion-en-la-lucha-contra-el-crimen\/#breadcrumb\"},\"inLanguage\":\"es\",\"potentialAction\":[{\"@type\":\"ReadAction\",\"target\":[\"https:\/\/innoticiasbo.com\/index.php\/2026\/03\/13\/paz-captura-de-marset-marca-un-punto-de-inflexion-en-la-lucha-contra-el-crimen\/\"]}]},{\"@type\":\"ImageObject\",\"inLanguage\":\"es\",\"@id\":\"https:\/\/innoticiasbo.com\/index.php\/2026\/03\/13\/paz-captura-de-marset-marca-un-punto-de-inflexion-en-la-lucha-contra-el-crimen\/#primaryimage\",\"url\":\"https:\/\/i0.wp.com\/innoticiasbo.com\/wp-content\/uploads\/2026\/03\/image-182.png?fit=800%2C450&ssl=1\",\"contentUrl\":\"https:\/\/i0.wp.com\/innoticiasbo.com\/wp-content\/uploads\/2026\/03\/image-182.png?fit=800%2C450&ssl=1\",\"width\":800,\"height\":450},{\"@type\":\"BreadcrumbList\",\"@id\":\"https:\/\/innoticiasbo.com\/index.php\/2026\/03\/13\/paz-captura-de-marset-marca-un-punto-de-inflexion-en-la-lucha-contra-el-crimen\/#breadcrumb\",\"itemListElement\":[{\"@type\":\"ListItem\",\"position\":1,\"name\":\"Portada\",\"item\":\"https:\/\/innoticiasbo.com\/\"},{\"@type\":\"ListItem\",\"position\":2,\"name\":\"PAZ: \u00abCAPTURA DE MARSET MARCA UN PUNTO DE INFLEXI\u00d3N EN LA LUCHA CONTRA EL CRIMEN\u00bb\"}]},{\"@type\":\"WebSite\",\"@id\":\"https:\/\/innoticiasbo.com\/#website\",\"url\":\"https:\/\/innoticiasbo.com\/\",\"name\":\"innoticiasbo.com\",\"description\":\"\",\"publisher\":{\"@id\":\"https:\/\/innoticiasbo.com\/#organization\"},\"potentialAction\":[{\"@type\":\"SearchAction\",\"target\":{\"@type\":\"EntryPoint\",\"urlTemplate\":\"https:\/\/innoticiasbo.com\/?s={search_term_string}\"},\"query-input\":{\"@type\":\"PropertyValueSpecification\",\"valueRequired\":true,\"valueName\":\"search_term_string\"}}],\"inLanguage\":\"es\"},{\"@type\":\"Organization\",\"@id\":\"https:\/\/innoticiasbo.com\/#organization\",\"name\":\"innoticiasbo.com\",\"url\":\"https:\/\/innoticiasbo.com\/\",\"logo\":{\"@type\":\"ImageObject\",\"inLanguage\":\"es\",\"@id\":\"https:\/\/innoticiasbo.com\/#\/schema\/logo\/image\/\",\"url\":\"https:\/\/i0.wp.com\/innoticiasbo.com\/wp-content\/uploads\/2026\/04\/cropped-IN-LOGO.png?fit=1476%2C1476&ssl=1\",\"contentUrl\":\"https:\/\/i0.wp.com\/innoticiasbo.com\/wp-content\/uploads\/2026\/04\/cropped-IN-LOGO.png?fit=1476%2C1476&ssl=1\",\"width\":1476,\"height\":1476,\"caption\":\"innoticiasbo.com\"},\"image\":{\"@id\":\"https:\/\/innoticiasbo.com\/#\/schema\/logo\/image\/\"},\"sameAs\":[\"https:\/\/www.facebook.com\/innoticiasbolivia\",\"https:\/\/x.com\/innoticiasbo\",\"https:\/\/www.instagram.com\/innoticiasbo\",\"https:\/\/www.youtube.com\/innoticiasbo\"]},{\"@type\":\"Person\",\"@id\":\"https:\/\/innoticiasbo.com\/#\/schema\/person\/0b28481e8d0316f83a13bc702311def5\",\"name\":\"Prensa 11\",\"image\":{\"@type\":\"ImageObject\",\"inLanguage\":\"es\",\"@id\":\"https:\/\/innoticiasbo.com\/#\/schema\/person\/image\/\",\"url\":\"https:\/\/secure.gravatar.com\/avatar\/696560c17349f1807a610bf83832bad0?s=96&d=mm&r=g\",\"contentUrl\":\"https:\/\/secure.gravatar.com\/avatar\/696560c17349f1807a610bf83832bad0?s=96&d=mm&r=g\",\"caption\":\"Prensa 11\"},\"sameAs\":[\"http:\/\/www.innoticiasbo.com\"],\"url\":\"https:\/\/innoticiasbo.com\/index.php\/author\/prensa-11\/\"}]}<\/script>\n<!-- \/ Yoast SEO plugin. -->","yoast_head_json":{"title":"PAZ: \"CAPTURA DE MARSET MARCA UN PUNTO DE INFLEXI\u00d3N EN LA LUCHA CONTRA EL CRIMEN\" - innoticiasbo.com","robots":{"index":"index","follow":"follow","max-snippet":"max-snippet:-1","max-image-preview":"max-image-preview:large","max-video-preview":"max-video-preview:-1"},"canonical":"https:\/\/innoticiasbo.com\/index.php\/2026\/03\/13\/paz-captura-de-marset-marca-un-punto-de-inflexion-en-la-lucha-contra-el-crimen\/","og_locale":"es_ES","og_type":"article","og_title":"PAZ: \"CAPTURA DE MARSET MARCA UN PUNTO DE INFLEXI\u00d3N EN LA LUCHA CONTRA EL CRIMEN\" - innoticiasbo.com","og_description":"Pa\u00eds, 13 de Marzo de 2026.- Esta madruga se ejecut\u00f3 un operativo que deriv\u00f3 con la captura de Sebasti\u00e1n Marset, que inmediatamente abandon\u00f3 el pa\u00eds hacia EEUU que ha solicitado su extradici\u00f3n. El presidente de Bolivia, Rodrigo Paz, brind\u00f3 este viernes una conferencia de prensa en la ciudad de La Paz para informar sobre los...","og_url":"https:\/\/innoticiasbo.com\/index.php\/2026\/03\/13\/paz-captura-de-marset-marca-un-punto-de-inflexion-en-la-lucha-contra-el-crimen\/","og_site_name":"innoticiasbo.com","article_publisher":"https:\/\/www.facebook.com\/innoticiasbolivia","article_published_time":"2026-03-13T16:13:57+00:00","article_modified_time":"2026-03-13T16:13:58+00:00","og_image":[{"width":800,"height":450,"url":"https:\/\/innoticiasbo.com\/wp-content\/uploads\/2026\/03\/image-182.png","type":"image\/png"}],"author":"Prensa 11","twitter_card":"summary_large_image","twitter_creator":"@innoticiasbo","twitter_site":"@innoticiasbo","twitter_misc":{"Escrito por":"Prensa 11","Tiempo de lectura":"3 minutos"},"schema":{"@context":"https:\/\/schema.org","@graph":[{"@type":"Article","@id":"https:\/\/innoticiasbo.com\/index.php\/2026\/03\/13\/paz-captura-de-marset-marca-un-punto-de-inflexion-en-la-lucha-contra-el-crimen\/#article","isPartOf":{"@id":"https:\/\/innoticiasbo.com\/index.php\/2026\/03\/13\/paz-captura-de-marset-marca-un-punto-de-inflexion-en-la-lucha-contra-el-crimen\/"},"author":{"name":"Prensa 11","@id":"https:\/\/innoticiasbo.com\/#\/schema\/person\/0b28481e8d0316f83a13bc702311def5"},"headline":"PAZ: \u00abCAPTURA DE MARSET MARCA UN PUNTO DE INFLEXI\u00d3N EN LA LUCHA CONTRA EL CRIMEN\u00bb","datePublished":"2026-03-13T16:13:57+00:00","dateModified":"2026-03-13T16:13:58+00:00","mainEntityOfPage":{"@id":"https:\/\/innoticiasbo.com\/index.php\/2026\/03\/13\/paz-captura-de-marset-marca-un-punto-de-inflexion-en-la-lucha-contra-el-crimen\/"},"wordCount":429,"commentCount":0,"publisher":{"@id":"https:\/\/innoticiasbo.com\/#organization"},"image":{"@id":"https:\/\/innoticiasbo.com\/index.php\/2026\/03\/13\/paz-captura-de-marset-marca-un-punto-de-inflexion-en-la-lucha-contra-el-crimen\/#primaryimage"},"thumbnailUrl":"https:\/\/i0.wp.com\/innoticiasbo.com\/wp-content\/uploads\/2026\/03\/image-182.png?fit=800%2C450&ssl=1","keywords":["arrestado","Bolivia","FELCN","narcotr\u00e1fico","Pol\u00edtica","Rodrigo Paz","Sebasti\u00e1n Marset"],"articleSection":["Bolivia","Pol\u00edtica"],"inLanguage":"es","potentialAction":[{"@type":"CommentAction","name":"Comment","target":["https:\/\/innoticiasbo.com\/index.php\/2026\/03\/13\/paz-captura-de-marset-marca-un-punto-de-inflexion-en-la-lucha-contra-el-crimen\/#respond"]}]},{"@type":"WebPage","@id":"https:\/\/innoticiasbo.com\/index.php\/2026\/03\/13\/paz-captura-de-marset-marca-un-punto-de-inflexion-en-la-lucha-contra-el-crimen\/","url":"https:\/\/innoticiasbo.com\/index.php\/2026\/03\/13\/paz-captura-de-marset-marca-un-punto-de-inflexion-en-la-lucha-contra-el-crimen\/","name":"PAZ: \"CAPTURA DE MARSET MARCA UN PUNTO DE INFLEXI\u00d3N EN LA LUCHA CONTRA EL CRIMEN\" - innoticiasbo.com","isPartOf":{"@id":"https:\/\/innoticiasbo.com\/#website"},"primaryImageOfPage":{"@id":"https:\/\/innoticiasbo.com\/index.php\/2026\/03\/13\/paz-captura-de-marset-marca-un-punto-de-inflexion-en-la-lucha-contra-el-crimen\/#primaryimage"},"image":{"@id":"https:\/\/innoticiasbo.com\/index.php\/2026\/03\/13\/paz-captura-de-marset-marca-un-punto-de-inflexion-en-la-lucha-contra-el-crimen\/#primaryimage"},"thumbnailUrl":"https:\/\/i0.wp.com\/innoticiasbo.com\/wp-content\/uploads\/2026\/03\/image-182.png?fit=800%2C450&ssl=1","datePublished":"2026-03-13T16:13:57+00:00","dateModified":"2026-03-13T16:13:58+00:00","breadcrumb":{"@id":"https:\/\/innoticiasbo.com\/index.php\/2026\/03\/13\/paz-captura-de-marset-marca-un-punto-de-inflexion-en-la-lucha-contra-el-crimen\/#breadcrumb"},"inLanguage":"es","potentialAction":[{"@type":"ReadAction","target":["https:\/\/innoticiasbo.com\/index.php\/2026\/03\/13\/paz-captura-de-marset-marca-un-punto-de-inflexion-en-la-lucha-contra-el-crimen\/"]}]},{"@type":"ImageObject","inLanguage":"es","@id":"https:\/\/innoticiasbo.com\/index.php\/2026\/03\/13\/paz-captura-de-marset-marca-un-punto-de-inflexion-en-la-lucha-contra-el-crimen\/#primaryimage","url":"https:\/\/i0.wp.com\/innoticiasbo.com\/wp-content\/uploads\/2026\/03\/image-182.png?fit=800%2C450&ssl=1","contentUrl":"https:\/\/i0.wp.com\/innoticiasbo.com\/wp-content\/uploads\/2026\/03\/image-182.png?fit=800%2C450&ssl=1","width":800,"height":450},{"@type":"BreadcrumbList","@id":"https:\/\/innoticiasbo.com\/index.php\/2026\/03\/13\/paz-captura-de-marset-marca-un-punto-de-inflexion-en-la-lucha-contra-el-crimen\/#breadcrumb","itemListElement":[{"@type":"ListItem","position":1,"name":"Portada","item":"https:\/\/innoticiasbo.com\/"},{"@type":"ListItem","position":2,"name":"PAZ: \u00abCAPTURA DE MARSET MARCA UN PUNTO DE INFLEXI\u00d3N EN LA LUCHA CONTRA EL CRIMEN\u00bb"}]},{"@type":"WebSite","@id":"https:\/\/innoticiasbo.com\/#website","url":"https:\/\/innoticiasbo.com\/","name":"innoticiasbo.com","description":"","publisher":{"@id":"https:\/\/innoticiasbo.com\/#organization"},"potentialAction":[{"@type":"SearchAction","target":{"@type":"EntryPoint","urlTemplate":"https:\/\/innoticiasbo.com\/?s={search_term_string}"},"query-input":{"@type":"PropertyValueSpecification","valueRequired":true,"valueName":"search_term_string"}}],"inLanguage":"es"},{"@type":"Organization","@id":"https:\/\/innoticiasbo.com\/#organization","name":"innoticiasbo.com","url":"https:\/\/innoticiasbo.com\/","logo":{"@type":"ImageObject","inLanguage":"es","@id":"https:\/\/innoticiasbo.com\/#\/schema\/logo\/image\/","url":"https:\/\/i0.wp.com\/innoticiasbo.com\/wp-content\/uploads\/2026\/04\/cropped-IN-LOGO.png?fit=1476%2C1476&ssl=1","contentUrl":"https:\/\/i0.wp.com\/innoticiasbo.com\/wp-content\/uploads\/2026\/04\/cropped-IN-LOGO.png?fit=1476%2C1476&ssl=1","width":1476,"height":1476,"caption":"innoticiasbo.com"},"image":{"@id":"https:\/\/innoticiasbo.com\/#\/schema\/logo\/image\/"},"sameAs":["https:\/\/www.facebook.com\/innoticiasbolivia","https:\/\/x.com\/innoticiasbo","https:\/\/www.instagram.com\/innoticiasbo","https:\/\/www.youtube.com\/innoticiasbo"]},{"@type":"Person","@id":"https:\/\/innoticiasbo.com\/#\/schema\/person\/0b28481e8d0316f83a13bc702311def5","name":"Prensa 11","image":{"@type":"ImageObject","inLanguage":"es","@id":"https:\/\/innoticiasbo.com\/#\/schema\/person\/image\/","url":"https:\/\/secure.gravatar.com\/avatar\/696560c17349f1807a610bf83832bad0?s=96&d=mm&r=g","contentUrl":"https:\/\/secure.gravatar.com\/avatar\/696560c17349f1807a610bf83832bad0?s=96&d=mm&r=g","caption":"Prensa 11"},"sameAs":["http:\/\/www.innoticiasbo.com"],"url":"https:\/\/innoticiasbo.com\/index.php\/author\/prensa-11\/"}]}},"jetpack_featured_media_url":"https:\/\/i0.wp.com\/innoticiasbo.com\/wp-content\/uploads\/2026\/03\/image-182.png?fit=800%2C450&ssl=1","jetpack_likes_enabled":true,"jetpack_sharing_enabled":true,"jetpack_shortlink":"https:\/\/wp.me\/pg298x-2uM","_links":{"self":[{"href":"https:\/\/innoticiasbo.com\/index.php\/wp-json\/wp\/v2\/posts\/9596","targetHints":{"allow":["GET"]}}],"collection":[{"href":"https:\/\/innoticiasbo.com\/index.php\/wp-json\/wp\/v2\/posts"}],"about":[{"href":"https:\/\/innoticiasbo.com\/index.php\/wp-json\/wp\/v2\/types\/post"}],"author":[{"embeddable":true,"href":"https:\/\/innoticiasbo.com\/index.php\/wp-json\/wp\/v2\/users\/11"}],"replies":[{"embeddable":true,"href":"https:\/\/innoticiasbo.com\/index.php\/wp-json\/wp\/v2\/comments?post=9596"}],"version-history":[{"count":1,"href":"https:\/\/innoticiasbo.com\/index.php\/wp-json\/wp\/v2\/posts\/9596\/revisions"}],"predecessor-version":[{"id":9598,"href":"https:\/\/innoticiasbo.com\/index.php\/wp-json\/wp\/v2\/posts\/9596\/revisions\/9598"}],"wp:featuredmedia":[{"embeddable":true,"href":"https:\/\/innoticiasbo.com\/index.php\/wp-json\/wp\/v2\/media\/9597"}],"wp:attachment":[{"href":"https:\/\/innoticiasbo.com\/index.php\/wp-json\/wp\/v2\/media?parent=9596"}],"wp:term":[{"taxonomy":"category","embeddable":true,"href":"https:\/\/innoticiasbo.com\/index.php\/wp-json\/wp\/v2\/categories?post=9596"},{"taxonomy":"post_tag","embeddable":true,"href":"https:\/\/innoticiasbo.com\/index.php\/wp-json\/wp\/v2\/tags?post=9596"}],"curies":[{"name":"wp","href":"https:\/\/api.w.org\/{rel}","templated":true}]}}