{"id":9593,"date":"2026-03-13T11:58:11","date_gmt":"2026-03-13T15:58:11","guid":{"rendered":"https:\/\/innoticiasbo.com\/?p=9593"},"modified":"2026-03-13T11:58:13","modified_gmt":"2026-03-13T15:58:13","slug":"quien-es-sebastian-marset-el-narcotraficante-capturado-en-bolivia","status":"publish","type":"post","link":"https:\/\/innoticiasbo.com\/index.php\/2026\/03\/13\/quien-es-sebastian-marset-el-narcotraficante-capturado-en-bolivia\/","title":{"rendered":"\u00bfQUI\u00c9N ES SEBASTI\u00c1N MARSET?: EL NARCOTRAFICANTE CAPTURADO EN BOLIVIA"},"content":{"rendered":"\n<figure class=\"wp-block-image size-large\"><img data-recalc-dims=\"1\" loading=\"lazy\" decoding=\"async\" width=\"640\" height=\"443\" src=\"https:\/\/i0.wp.com\/innoticiasbo.com\/wp-content\/uploads\/2026\/03\/image-181.png?resize=640%2C443&#038;ssl=1\" alt=\"\" class=\"wp-image-9594\" srcset=\"https:\/\/i0.wp.com\/innoticiasbo.com\/wp-content\/uploads\/2026\/03\/image-181.png?resize=1024%2C708&amp;ssl=1 1024w, https:\/\/i0.wp.com\/innoticiasbo.com\/wp-content\/uploads\/2026\/03\/image-181.png?resize=300%2C207&amp;ssl=1 300w, https:\/\/i0.wp.com\/innoticiasbo.com\/wp-content\/uploads\/2026\/03\/image-181.png?resize=768%2C531&amp;ssl=1 768w, https:\/\/i0.wp.com\/innoticiasbo.com\/wp-content\/uploads\/2026\/03\/image-181.png?w=1280&amp;ssl=1 1280w\" sizes=\"auto, (max-width: 640px) 100vw, 640px\" \/><figcaption class=\"wp-element-caption\">Foto: Urgente.bo<\/figcaption><\/figure>\n\n\n\n<p><strong>Pa\u00eds, 13 de Marzo de 2026.-<\/strong> El uruguayo Sebasti\u00e1n es uno de los narcotraficantes m\u00e1s buscados de Sudam\u00e9rica en los \u00faltimos a\u00f1os por la Administraci\u00f3n de Control de Drogas (DEA). Acusado de liderar una red internacional de tr\u00e1fico de coca\u00edna y lavado de dinero que operaba entre Bolivia, Paraguay, Uruguay y Europa.<\/p>\n\n\n\n<p><strong>De cargamentos de marihuana a una red internacional<\/strong><\/p>\n\n\n\n<p>Los primeros pasos de Marset en el narcotr\u00e1fico fue en Uruguay, donde fue vinculado al ingreso de grandes cargamentos de marihuana. En 2013 fue detenido por su participaci\u00f3n en una operaci\u00f3n vinculada al env\u00edo de 450 kilos de marihuana procedentes de Paraguay. El cargamento estaba relacionado con el narcotraficante paraguayo Juan Domingo Viveros Cartes, t\u00edo del expresidente de Paraguay Horacio Cartes.<\/p>\n\n\n\n<p>Luego de su captura fue enviado a la c\u00e1rcel de La Libertad, en Uruguay, donde permaneci\u00f3 cinco a\u00f1os. Durante ese tiempo habr\u00eda establecido contactos con organizaciones criminales internacionales, entre ellas el poderoso grupo brasile\u00f1o Primeiro Comando da Capital (PCC).<\/p>\n\n\n\n<p>En 2018 Marset recuper\u00f3 su libertad y expandi\u00f3 r\u00e1pidamente sus operaciones. Comenz\u00f3 a viajar por distintos pa\u00edses de la regi\u00f3n y estableci\u00f3 v\u00ednculos con proveedores de coca\u00edna en Bolivia, desde donde coordinaba env\u00edos hacia Paraguay y posteriormente a Europa.<\/p>\n\n\n\n<p>En 2019 instal\u00f3 su base de operaciones en Paraguay y en ese lugar consolid\u00f3 su alianza con el llamado clan Insfr\u00e1n, liderado por Miguel Insfr\u00e1n. Juntos construyeron una red log\u00edstica para el tr\u00e1fico de coca\u00edna y el lavado de dinero. Una de las empresas utilizadas para blanquear ganancias il\u00edcitas fue Total Cars, dedicada aparentemente a la venta de veh\u00edculos. Al mismo tiempo, Marset desarroll\u00f3 actividades que le permit\u00edan mantener un perfil empresarial y deportivo.<\/p>\n\n\n\n<p><strong>Carrera futbol\u00edstica de Marset<\/strong><\/p>\n\n\n\n<p>En 2021 Marset firm\u00f3 con el club paraguayo Deportivo Capiat\u00e1, equipo de la segunda divisi\u00f3n. Para jugar con la camiseta n\u00famero 10, pag\u00f3 cerca de 10.000 d\u00f3lares e incluso realiz\u00f3 donaciones al club, incluyendo propiedades y embarcaciones para el entrenador.<\/p>\n\n\n\n<p>El 2022, cuando el uruguayo lleg\u00f3 a Bolivia, se instal\u00f3 en Santa Cruz de la Sierra, donde utiliz\u00f3 documentaci\u00f3n falsa y jug\u00f3 con el nombre de Luis Amorim en el equipo Los Leones de El Torno, participante del torneo de la Asociaci\u00f3n Cruce\u00f1a de F\u00fatbol.<\/p>\n\n\n\n<p><strong>La fuga internacional de Marset<\/strong><\/p>\n\n\n\n<p>En octubre de 2021 fue detenido en Dub\u00e1i por utilizar un pasaporte paraguayo falso. A pesar de las advertencias diplom\u00e1ticas, el gobierno uruguayo le otorg\u00f3 r\u00e1pidamente un nuevo pasaporte, lo que permiti\u00f3 su liberaci\u00f3n. Este provoc\u00f3 la renuncia de varios funcionarios.<\/p>\n\n\n\n<p>Despu\u00e9s de su liberaci\u00f3n desapareci\u00f3 durante un tiempo, mientras autoridades de distintos pa\u00edses investigaban su red criminal.<\/p>\n\n\n\n<p><strong>Homicidio y redes criminales<\/strong><\/p>\n\n\n\n<p>Asimismo, el uruguayo es investigado por su presunta participaci\u00f3n en el asesinato del fiscal paraguayo Marcelo Pecci, ocurrido en 2022 en Colombia. El presidente colombiano Gustavo Petro lleg\u00f3 a se\u00f1alar que el narcotraficante habr\u00eda sido el determinador del crimen.<\/p>\n\n\n\n<p>La investigaci\u00f3n contra su organizaci\u00f3n se enmarca dentro de la gran operaci\u00f3n antidrogas Operaci\u00f3n A Ultranza PY, que desarticul\u00f3 parte de la estructura criminal que operaba entre Paraguay, Bolivia y Europa.<\/p>\n\n\n\n<p><strong>Vida de lujo en Santa Cruz<\/strong><\/p>\n\n\n\n<p>Durante el tiempo que vivi\u00f3 en Bolivia, Marset compr\u00f3 una mansi\u00f3n en Santa Cruz de la Sierra, veh\u00edculos de lujo, armas de fuego y animales ex\u00f3ticos. De igual forma, invirti\u00f3 en el f\u00fatbol local.<\/p>\n\n\n\n<p>En julio de 2023, un operativo policial allan\u00f3 su residencia y decomis\u00f3 armas, autos y otros bienes, pero el narcotraficante logr\u00f3 escapar junto a su familia, manteni\u00e9ndose pr\u00f3fugo durante casi tres a\u00f1os.<\/p>\n\n\n\n<p>Durante ese periodo apareci\u00f3 en videos y entrevistas televisivas difundidas desde ubicaciones desconocidas. En ellas se defin\u00eda como creyente, familiero y apasionado del f\u00fatbol.<\/p>\n\n\n\n<p><strong>Captura en Bolivia<\/strong><\/p>\n\n\n\n<p>Fuentes cercanas a la investigaci\u00f3n confirmaron al peri\u00f3dico digital Urgente.bo que la ma\u00f1ana de este viernes fue atrapado el narcotraficante Sebasti\u00e1n Marset en la ciudad de Santa Cruz, junto a un grupo de dos personas.<\/p>\n\n\n\n<p>El operativo fue llevado adelante por la Polic\u00eda Boliviana en la urbanizaci\u00f3n de Las Palmas tras un seguimiento minucioso de las pistas dejadas por el narcotraficante.<\/p>\n\n\n\n<p>Fuente: Urgente.bo<\/p>\n","protected":false},"excerpt":{"rendered":"<p>Pa\u00eds, 13 de Marzo de 2026.- El uruguayo Sebasti\u00e1n es uno de los narcotraficantes m\u00e1s buscados de Sudam\u00e9rica en los \u00faltimos a\u00f1os por la Administraci\u00f3n de Control de Drogas (DEA). Acusado de liderar una red internacional de tr\u00e1fico de coca\u00edna y lavado de dinero que operaba entre Bolivia, Paraguay, Uruguay y Europa. De cargamentos de&#8230;<\/p>\n","protected":false},"author":11,"featured_media":9594,"comment_status":"open","ping_status":"open","sticky":false,"template":"","format":"standard","meta":{"_jetpack_memberships_contains_paid_content":false,"footnotes":"","jetpack_publicize_message":"","jetpack_publicize_feature_enabled":true,"jetpack_social_post_already_shared":true,"jetpack_social_options":{"image_generator_settings":{"template":"highway","enabled":false},"version":2}},"categories":[1],"tags":[7,1486,764,565,563],"class_list":["post-9593","post","type-post","status-publish","format-standard","has-post-thumbnail","hentry","category-bolivia","tag-bolivia","tag-capturado","tag-felcn","tag-narcotrafico","tag-sebastian-marset"],"jetpack_publicize_connections":[],"yoast_head":"<!-- This site is optimized with the Yoast SEO plugin v23.4 - https:\/\/yoast.com\/wordpress\/plugins\/seo\/ -->\n<title>\u00bfQUI\u00c9N ES SEBASTI\u00c1N MARSET?: EL NARCOTRAFICANTE CAPTURADO EN BOLIVIA - innoticiasbo.com<\/title>\n<meta name=\"robots\" content=\"index, follow, max-snippet:-1, max-image-preview:large, max-video-preview:-1\" \/>\n<link rel=\"canonical\" href=\"https:\/\/innoticiasbo.com\/index.php\/2026\/03\/13\/quien-es-sebastian-marset-el-narcotraficante-capturado-en-bolivia\/\" \/>\n<meta property=\"og:locale\" content=\"es_ES\" \/>\n<meta property=\"og:type\" content=\"article\" \/>\n<meta property=\"og:title\" content=\"\u00bfQUI\u00c9N ES SEBASTI\u00c1N MARSET?: EL NARCOTRAFICANTE CAPTURADO EN BOLIVIA - innoticiasbo.com\" \/>\n<meta property=\"og:description\" content=\"Pa\u00eds, 13 de Marzo de 2026.- El uruguayo Sebasti\u00e1n es uno de los narcotraficantes m\u00e1s buscados de Sudam\u00e9rica en los \u00faltimos a\u00f1os por la Administraci\u00f3n de Control de Drogas (DEA). Acusado de liderar una red internacional de tr\u00e1fico de coca\u00edna y lavado de dinero que operaba entre Bolivia, Paraguay, Uruguay y Europa. De cargamentos de...\" \/>\n<meta property=\"og:url\" content=\"https:\/\/innoticiasbo.com\/index.php\/2026\/03\/13\/quien-es-sebastian-marset-el-narcotraficante-capturado-en-bolivia\/\" \/>\n<meta property=\"og:site_name\" content=\"innoticiasbo.com\" \/>\n<meta property=\"article:publisher\" content=\"https:\/\/www.facebook.com\/innoticiasbolivia\" \/>\n<meta property=\"article:published_time\" content=\"2026-03-13T15:58:11+00:00\" \/>\n<meta property=\"article:modified_time\" content=\"2026-03-13T15:58:13+00:00\" \/>\n<meta property=\"og:image\" content=\"https:\/\/innoticiasbo.com\/wp-content\/uploads\/2026\/03\/image-181.png\" \/>\n\t<meta property=\"og:image:width\" content=\"1280\" \/>\n\t<meta property=\"og:image:height\" content=\"885\" \/>\n\t<meta property=\"og:image:type\" content=\"image\/png\" \/>\n<meta name=\"author\" content=\"Prensa 11\" \/>\n<meta name=\"twitter:card\" content=\"summary_large_image\" \/>\n<meta name=\"twitter:creator\" content=\"@innoticiasbo\" \/>\n<meta name=\"twitter:site\" content=\"@innoticiasbo\" \/>\n<meta name=\"twitter:label1\" content=\"Escrito por\" \/>\n\t<meta name=\"twitter:data1\" content=\"Prensa 11\" \/>\n\t<meta name=\"twitter:label2\" content=\"Tiempo de lectura\" \/>\n\t<meta name=\"twitter:data2\" content=\"4 minutos\" \/>\n<script type=\"application\/ld+json\" class=\"yoast-schema-graph\">{\"@context\":\"https:\/\/schema.org\",\"@graph\":[{\"@type\":\"Article\",\"@id\":\"https:\/\/innoticiasbo.com\/index.php\/2026\/03\/13\/quien-es-sebastian-marset-el-narcotraficante-capturado-en-bolivia\/#article\",\"isPartOf\":{\"@id\":\"https:\/\/innoticiasbo.com\/index.php\/2026\/03\/13\/quien-es-sebastian-marset-el-narcotraficante-capturado-en-bolivia\/\"},\"author\":{\"name\":\"Prensa 11\",\"@id\":\"https:\/\/innoticiasbo.com\/#\/schema\/person\/0b28481e8d0316f83a13bc702311def5\"},\"headline\":\"\u00bfQUI\u00c9N ES SEBASTI\u00c1N MARSET?: EL NARCOTRAFICANTE CAPTURADO EN BOLIVIA\",\"datePublished\":\"2026-03-13T15:58:11+00:00\",\"dateModified\":\"2026-03-13T15:58:13+00:00\",\"mainEntityOfPage\":{\"@id\":\"https:\/\/innoticiasbo.com\/index.php\/2026\/03\/13\/quien-es-sebastian-marset-el-narcotraficante-capturado-en-bolivia\/\"},\"wordCount\":733,\"commentCount\":0,\"publisher\":{\"@id\":\"https:\/\/innoticiasbo.com\/#organization\"},\"image\":{\"@id\":\"https:\/\/innoticiasbo.com\/index.php\/2026\/03\/13\/quien-es-sebastian-marset-el-narcotraficante-capturado-en-bolivia\/#primaryimage\"},\"thumbnailUrl\":\"https:\/\/i0.wp.com\/innoticiasbo.com\/wp-content\/uploads\/2026\/03\/image-181.png?fit=1280%2C885&ssl=1\",\"keywords\":[\"Bolivia\",\"capturado\",\"FELCN\",\"narcotr\u00e1fico\",\"Sebasti\u00e1n Marset\"],\"articleSection\":[\"Bolivia\"],\"inLanguage\":\"es\",\"potentialAction\":[{\"@type\":\"CommentAction\",\"name\":\"Comment\",\"target\":[\"https:\/\/innoticiasbo.com\/index.php\/2026\/03\/13\/quien-es-sebastian-marset-el-narcotraficante-capturado-en-bolivia\/#respond\"]}]},{\"@type\":\"WebPage\",\"@id\":\"https:\/\/innoticiasbo.com\/index.php\/2026\/03\/13\/quien-es-sebastian-marset-el-narcotraficante-capturado-en-bolivia\/\",\"url\":\"https:\/\/innoticiasbo.com\/index.php\/2026\/03\/13\/quien-es-sebastian-marset-el-narcotraficante-capturado-en-bolivia\/\",\"name\":\"\u00bfQUI\u00c9N ES SEBASTI\u00c1N MARSET?: EL NARCOTRAFICANTE CAPTURADO EN BOLIVIA - innoticiasbo.com\",\"isPartOf\":{\"@id\":\"https:\/\/innoticiasbo.com\/#website\"},\"primaryImageOfPage\":{\"@id\":\"https:\/\/innoticiasbo.com\/index.php\/2026\/03\/13\/quien-es-sebastian-marset-el-narcotraficante-capturado-en-bolivia\/#primaryimage\"},\"image\":{\"@id\":\"https:\/\/innoticiasbo.com\/index.php\/2026\/03\/13\/quien-es-sebastian-marset-el-narcotraficante-capturado-en-bolivia\/#primaryimage\"},\"thumbnailUrl\":\"https:\/\/i0.wp.com\/innoticiasbo.com\/wp-content\/uploads\/2026\/03\/image-181.png?fit=1280%2C885&ssl=1\",\"datePublished\":\"2026-03-13T15:58:11+00:00\",\"dateModified\":\"2026-03-13T15:58:13+00:00\",\"breadcrumb\":{\"@id\":\"https:\/\/innoticiasbo.com\/index.php\/2026\/03\/13\/quien-es-sebastian-marset-el-narcotraficante-capturado-en-bolivia\/#breadcrumb\"},\"inLanguage\":\"es\",\"potentialAction\":[{\"@type\":\"ReadAction\",\"target\":[\"https:\/\/innoticiasbo.com\/index.php\/2026\/03\/13\/quien-es-sebastian-marset-el-narcotraficante-capturado-en-bolivia\/\"]}]},{\"@type\":\"ImageObject\",\"inLanguage\":\"es\",\"@id\":\"https:\/\/innoticiasbo.com\/index.php\/2026\/03\/13\/quien-es-sebastian-marset-el-narcotraficante-capturado-en-bolivia\/#primaryimage\",\"url\":\"https:\/\/i0.wp.com\/innoticiasbo.com\/wp-content\/uploads\/2026\/03\/image-181.png?fit=1280%2C885&ssl=1\",\"contentUrl\":\"https:\/\/i0.wp.com\/innoticiasbo.com\/wp-content\/uploads\/2026\/03\/image-181.png?fit=1280%2C885&ssl=1\",\"width\":1280,\"height\":885},{\"@type\":\"BreadcrumbList\",\"@id\":\"https:\/\/innoticiasbo.com\/index.php\/2026\/03\/13\/quien-es-sebastian-marset-el-narcotraficante-capturado-en-bolivia\/#breadcrumb\",\"itemListElement\":[{\"@type\":\"ListItem\",\"position\":1,\"name\":\"Portada\",\"item\":\"https:\/\/innoticiasbo.com\/\"},{\"@type\":\"ListItem\",\"position\":2,\"name\":\"\u00bfQUI\u00c9N ES SEBASTI\u00c1N MARSET?: EL NARCOTRAFICANTE CAPTURADO EN BOLIVIA\"}]},{\"@type\":\"WebSite\",\"@id\":\"https:\/\/innoticiasbo.com\/#website\",\"url\":\"https:\/\/innoticiasbo.com\/\",\"name\":\"innoticiasbo.com\",\"description\":\"\",\"publisher\":{\"@id\":\"https:\/\/innoticiasbo.com\/#organization\"},\"potentialAction\":[{\"@type\":\"SearchAction\",\"target\":{\"@type\":\"EntryPoint\",\"urlTemplate\":\"https:\/\/innoticiasbo.com\/?s={search_term_string}\"},\"query-input\":{\"@type\":\"PropertyValueSpecification\",\"valueRequired\":true,\"valueName\":\"search_term_string\"}}],\"inLanguage\":\"es\"},{\"@type\":\"Organization\",\"@id\":\"https:\/\/innoticiasbo.com\/#organization\",\"name\":\"innoticiasbo.com\",\"url\":\"https:\/\/innoticiasbo.com\/\",\"logo\":{\"@type\":\"ImageObject\",\"inLanguage\":\"es\",\"@id\":\"https:\/\/innoticiasbo.com\/#\/schema\/logo\/image\/\",\"url\":\"https:\/\/i0.wp.com\/innoticiasbo.com\/wp-content\/uploads\/2026\/04\/cropped-IN-LOGO.png?fit=1476%2C1476&ssl=1\",\"contentUrl\":\"https:\/\/i0.wp.com\/innoticiasbo.com\/wp-content\/uploads\/2026\/04\/cropped-IN-LOGO.png?fit=1476%2C1476&ssl=1\",\"width\":1476,\"height\":1476,\"caption\":\"innoticiasbo.com\"},\"image\":{\"@id\":\"https:\/\/innoticiasbo.com\/#\/schema\/logo\/image\/\"},\"sameAs\":[\"https:\/\/www.facebook.com\/innoticiasbolivia\",\"https:\/\/x.com\/innoticiasbo\",\"https:\/\/www.instagram.com\/innoticiasbo\",\"https:\/\/www.youtube.com\/innoticiasbo\"]},{\"@type\":\"Person\",\"@id\":\"https:\/\/innoticiasbo.com\/#\/schema\/person\/0b28481e8d0316f83a13bc702311def5\",\"name\":\"Prensa 11\",\"image\":{\"@type\":\"ImageObject\",\"inLanguage\":\"es\",\"@id\":\"https:\/\/innoticiasbo.com\/#\/schema\/person\/image\/\",\"url\":\"https:\/\/secure.gravatar.com\/avatar\/696560c17349f1807a610bf83832bad0?s=96&d=mm&r=g\",\"contentUrl\":\"https:\/\/secure.gravatar.com\/avatar\/696560c17349f1807a610bf83832bad0?s=96&d=mm&r=g\",\"caption\":\"Prensa 11\"},\"sameAs\":[\"http:\/\/www.innoticiasbo.com\"],\"url\":\"https:\/\/innoticiasbo.com\/index.php\/author\/prensa-11\/\"}]}<\/script>\n<!-- \/ Yoast SEO plugin. -->","yoast_head_json":{"title":"\u00bfQUI\u00c9N ES SEBASTI\u00c1N MARSET?: EL NARCOTRAFICANTE CAPTURADO EN BOLIVIA - innoticiasbo.com","robots":{"index":"index","follow":"follow","max-snippet":"max-snippet:-1","max-image-preview":"max-image-preview:large","max-video-preview":"max-video-preview:-1"},"canonical":"https:\/\/innoticiasbo.com\/index.php\/2026\/03\/13\/quien-es-sebastian-marset-el-narcotraficante-capturado-en-bolivia\/","og_locale":"es_ES","og_type":"article","og_title":"\u00bfQUI\u00c9N ES SEBASTI\u00c1N MARSET?: EL NARCOTRAFICANTE CAPTURADO EN BOLIVIA - innoticiasbo.com","og_description":"Pa\u00eds, 13 de Marzo de 2026.- El uruguayo Sebasti\u00e1n es uno de los narcotraficantes m\u00e1s buscados de Sudam\u00e9rica en los \u00faltimos a\u00f1os por la Administraci\u00f3n de Control de Drogas (DEA). Acusado de liderar una red internacional de tr\u00e1fico de coca\u00edna y lavado de dinero que operaba entre Bolivia, Paraguay, Uruguay y Europa. De cargamentos de...","og_url":"https:\/\/innoticiasbo.com\/index.php\/2026\/03\/13\/quien-es-sebastian-marset-el-narcotraficante-capturado-en-bolivia\/","og_site_name":"innoticiasbo.com","article_publisher":"https:\/\/www.facebook.com\/innoticiasbolivia","article_published_time":"2026-03-13T15:58:11+00:00","article_modified_time":"2026-03-13T15:58:13+00:00","og_image":[{"width":1280,"height":885,"url":"https:\/\/innoticiasbo.com\/wp-content\/uploads\/2026\/03\/image-181.png","type":"image\/png"}],"author":"Prensa 11","twitter_card":"summary_large_image","twitter_creator":"@innoticiasbo","twitter_site":"@innoticiasbo","twitter_misc":{"Escrito por":"Prensa 11","Tiempo de lectura":"4 minutos"},"schema":{"@context":"https:\/\/schema.org","@graph":[{"@type":"Article","@id":"https:\/\/innoticiasbo.com\/index.php\/2026\/03\/13\/quien-es-sebastian-marset-el-narcotraficante-capturado-en-bolivia\/#article","isPartOf":{"@id":"https:\/\/innoticiasbo.com\/index.php\/2026\/03\/13\/quien-es-sebastian-marset-el-narcotraficante-capturado-en-bolivia\/"},"author":{"name":"Prensa 11","@id":"https:\/\/innoticiasbo.com\/#\/schema\/person\/0b28481e8d0316f83a13bc702311def5"},"headline":"\u00bfQUI\u00c9N ES SEBASTI\u00c1N MARSET?: EL NARCOTRAFICANTE CAPTURADO EN BOLIVIA","datePublished":"2026-03-13T15:58:11+00:00","dateModified":"2026-03-13T15:58:13+00:00","mainEntityOfPage":{"@id":"https:\/\/innoticiasbo.com\/index.php\/2026\/03\/13\/quien-es-sebastian-marset-el-narcotraficante-capturado-en-bolivia\/"},"wordCount":733,"commentCount":0,"publisher":{"@id":"https:\/\/innoticiasbo.com\/#organization"},"image":{"@id":"https:\/\/innoticiasbo.com\/index.php\/2026\/03\/13\/quien-es-sebastian-marset-el-narcotraficante-capturado-en-bolivia\/#primaryimage"},"thumbnailUrl":"https:\/\/i0.wp.com\/innoticiasbo.com\/wp-content\/uploads\/2026\/03\/image-181.png?fit=1280%2C885&ssl=1","keywords":["Bolivia","capturado","FELCN","narcotr\u00e1fico","Sebasti\u00e1n Marset"],"articleSection":["Bolivia"],"inLanguage":"es","potentialAction":[{"@type":"CommentAction","name":"Comment","target":["https:\/\/innoticiasbo.com\/index.php\/2026\/03\/13\/quien-es-sebastian-marset-el-narcotraficante-capturado-en-bolivia\/#respond"]}]},{"@type":"WebPage","@id":"https:\/\/innoticiasbo.com\/index.php\/2026\/03\/13\/quien-es-sebastian-marset-el-narcotraficante-capturado-en-bolivia\/","url":"https:\/\/innoticiasbo.com\/index.php\/2026\/03\/13\/quien-es-sebastian-marset-el-narcotraficante-capturado-en-bolivia\/","name":"\u00bfQUI\u00c9N ES SEBASTI\u00c1N MARSET?: EL NARCOTRAFICANTE CAPTURADO EN BOLIVIA - innoticiasbo.com","isPartOf":{"@id":"https:\/\/innoticiasbo.com\/#website"},"primaryImageOfPage":{"@id":"https:\/\/innoticiasbo.com\/index.php\/2026\/03\/13\/quien-es-sebastian-marset-el-narcotraficante-capturado-en-bolivia\/#primaryimage"},"image":{"@id":"https:\/\/innoticiasbo.com\/index.php\/2026\/03\/13\/quien-es-sebastian-marset-el-narcotraficante-capturado-en-bolivia\/#primaryimage"},"thumbnailUrl":"https:\/\/i0.wp.com\/innoticiasbo.com\/wp-content\/uploads\/2026\/03\/image-181.png?fit=1280%2C885&ssl=1","datePublished":"2026-03-13T15:58:11+00:00","dateModified":"2026-03-13T15:58:13+00:00","breadcrumb":{"@id":"https:\/\/innoticiasbo.com\/index.php\/2026\/03\/13\/quien-es-sebastian-marset-el-narcotraficante-capturado-en-bolivia\/#breadcrumb"},"inLanguage":"es","potentialAction":[{"@type":"ReadAction","target":["https:\/\/innoticiasbo.com\/index.php\/2026\/03\/13\/quien-es-sebastian-marset-el-narcotraficante-capturado-en-bolivia\/"]}]},{"@type":"ImageObject","inLanguage":"es","@id":"https:\/\/innoticiasbo.com\/index.php\/2026\/03\/13\/quien-es-sebastian-marset-el-narcotraficante-capturado-en-bolivia\/#primaryimage","url":"https:\/\/i0.wp.com\/innoticiasbo.com\/wp-content\/uploads\/2026\/03\/image-181.png?fit=1280%2C885&ssl=1","contentUrl":"https:\/\/i0.wp.com\/innoticiasbo.com\/wp-content\/uploads\/2026\/03\/image-181.png?fit=1280%2C885&ssl=1","width":1280,"height":885},{"@type":"BreadcrumbList","@id":"https:\/\/innoticiasbo.com\/index.php\/2026\/03\/13\/quien-es-sebastian-marset-el-narcotraficante-capturado-en-bolivia\/#breadcrumb","itemListElement":[{"@type":"ListItem","position":1,"name":"Portada","item":"https:\/\/innoticiasbo.com\/"},{"@type":"ListItem","position":2,"name":"\u00bfQUI\u00c9N ES SEBASTI\u00c1N MARSET?: EL NARCOTRAFICANTE CAPTURADO EN BOLIVIA"}]},{"@type":"WebSite","@id":"https:\/\/innoticiasbo.com\/#website","url":"https:\/\/innoticiasbo.com\/","name":"innoticiasbo.com","description":"","publisher":{"@id":"https:\/\/innoticiasbo.com\/#organization"},"potentialAction":[{"@type":"SearchAction","target":{"@type":"EntryPoint","urlTemplate":"https:\/\/innoticiasbo.com\/?s={search_term_string}"},"query-input":{"@type":"PropertyValueSpecification","valueRequired":true,"valueName":"search_term_string"}}],"inLanguage":"es"},{"@type":"Organization","@id":"https:\/\/innoticiasbo.com\/#organization","name":"innoticiasbo.com","url":"https:\/\/innoticiasbo.com\/","logo":{"@type":"ImageObject","inLanguage":"es","@id":"https:\/\/innoticiasbo.com\/#\/schema\/logo\/image\/","url":"https:\/\/i0.wp.com\/innoticiasbo.com\/wp-content\/uploads\/2026\/04\/cropped-IN-LOGO.png?fit=1476%2C1476&ssl=1","contentUrl":"https:\/\/i0.wp.com\/innoticiasbo.com\/wp-content\/uploads\/2026\/04\/cropped-IN-LOGO.png?fit=1476%2C1476&ssl=1","width":1476,"height":1476,"caption":"innoticiasbo.com"},"image":{"@id":"https:\/\/innoticiasbo.com\/#\/schema\/logo\/image\/"},"sameAs":["https:\/\/www.facebook.com\/innoticiasbolivia","https:\/\/x.com\/innoticiasbo","https:\/\/www.instagram.com\/innoticiasbo","https:\/\/www.youtube.com\/innoticiasbo"]},{"@type":"Person","@id":"https:\/\/innoticiasbo.com\/#\/schema\/person\/0b28481e8d0316f83a13bc702311def5","name":"Prensa 11","image":{"@type":"ImageObject","inLanguage":"es","@id":"https:\/\/innoticiasbo.com\/#\/schema\/person\/image\/","url":"https:\/\/secure.gravatar.com\/avatar\/696560c17349f1807a610bf83832bad0?s=96&d=mm&r=g","contentUrl":"https:\/\/secure.gravatar.com\/avatar\/696560c17349f1807a610bf83832bad0?s=96&d=mm&r=g","caption":"Prensa 11"},"sameAs":["http:\/\/www.innoticiasbo.com"],"url":"https:\/\/innoticiasbo.com\/index.php\/author\/prensa-11\/"}]}},"jetpack_featured_media_url":"https:\/\/i0.wp.com\/innoticiasbo.com\/wp-content\/uploads\/2026\/03\/image-181.png?fit=1280%2C885&ssl=1","jetpack_likes_enabled":true,"jetpack_sharing_enabled":true,"jetpack_shortlink":"https:\/\/wp.me\/pg298x-2uJ","_links":{"self":[{"href":"https:\/\/innoticiasbo.com\/index.php\/wp-json\/wp\/v2\/posts\/9593","targetHints":{"allow":["GET"]}}],"collection":[{"href":"https:\/\/innoticiasbo.com\/index.php\/wp-json\/wp\/v2\/posts"}],"about":[{"href":"https:\/\/innoticiasbo.com\/index.php\/wp-json\/wp\/v2\/types\/post"}],"author":[{"embeddable":true,"href":"https:\/\/innoticiasbo.com\/index.php\/wp-json\/wp\/v2\/users\/11"}],"replies":[{"embeddable":true,"href":"https:\/\/innoticiasbo.com\/index.php\/wp-json\/wp\/v2\/comments?post=9593"}],"version-history":[{"count":1,"href":"https:\/\/innoticiasbo.com\/index.php\/wp-json\/wp\/v2\/posts\/9593\/revisions"}],"predecessor-version":[{"id":9595,"href":"https:\/\/innoticiasbo.com\/index.php\/wp-json\/wp\/v2\/posts\/9593\/revisions\/9595"}],"wp:featuredmedia":[{"embeddable":true,"href":"https:\/\/innoticiasbo.com\/index.php\/wp-json\/wp\/v2\/media\/9594"}],"wp:attachment":[{"href":"https:\/\/innoticiasbo.com\/index.php\/wp-json\/wp\/v2\/media?parent=9593"}],"wp:term":[{"taxonomy":"category","embeddable":true,"href":"https:\/\/innoticiasbo.com\/index.php\/wp-json\/wp\/v2\/categories?post=9593"},{"taxonomy":"post_tag","embeddable":true,"href":"https:\/\/innoticiasbo.com\/index.php\/wp-json\/wp\/v2\/tags?post=9593"}],"curies":[{"name":"wp","href":"https:\/\/api.w.org\/{rel}","templated":true}]}}