{"id":9579,"date":"2026-03-12T22:44:44","date_gmt":"2026-03-13T02:44:44","guid":{"rendered":"https:\/\/innoticiasbo.com\/?p=9579"},"modified":"2026-03-12T22:44:46","modified_gmt":"2026-03-13T02:44:46","slug":"saucedo-pide-un-mejor-tratamiento-salarial-para-los-magistrados-del-organo-judicial","status":"publish","type":"post","link":"https:\/\/innoticiasbo.com\/index.php\/2026\/03\/12\/saucedo-pide-un-mejor-tratamiento-salarial-para-los-magistrados-del-organo-judicial\/","title":{"rendered":"SAUCEDO PIDE UN MEJOR TRATAMIENTO SALARIAL PARA LOS MAGISTRADOS DEL \u00d3RGANO JUDICIAL"},"content":{"rendered":"\n<figure class=\"wp-block-image size-full\"><img data-recalc-dims=\"1\" loading=\"lazy\" decoding=\"async\" width=\"640\" height=\"463\" src=\"https:\/\/i0.wp.com\/innoticiasbo.com\/wp-content\/uploads\/2026\/03\/image-178.png?resize=640%2C463&#038;ssl=1\" alt=\"\" class=\"wp-image-9580\" srcset=\"https:\/\/i0.wp.com\/innoticiasbo.com\/wp-content\/uploads\/2026\/03\/image-178.png?w=763&amp;ssl=1 763w, https:\/\/i0.wp.com\/innoticiasbo.com\/wp-content\/uploads\/2026\/03\/image-178.png?resize=300%2C217&amp;ssl=1 300w\" sizes=\"auto, (max-width: 640px) 100vw, 640px\" \/><\/figure>\n\n\n\n<p><strong>Pa\u00eds, 12 de Marzo de 2026.-<\/strong>  El presidente del Tribunal Supremo de Justicia, Romer Saucedo, estuvo este jueves en la ciudad sede de gobierno para llevar una propuesta de reforma legislativa con el fin de mejorar el estado de la justicia boliviana. La autoridad destac\u00f3 que entre los documentos entregadas se encuentro uno para el mejoramiento del trato salarial en este \u00f3rgano del Estado.<\/p>\n\n\n\n<p>\u00abMientras otros \u00d3rganos del Estado reciben mayores recursos, la justicia funciona con limitaciones y no puede continuar como la \u00faltima prioridad del pa\u00eds\u00bb, dijo Saucedo durante la entrega de las propuestas.<\/p>\n\n\n\n<p>La autoridad judicial present\u00f3 en la C\u00e1mara de Diputados cuatro proyectos de ley y en una de ellos se encuentra la llamada adecuaci\u00f3n de los salarios acorde con las responsabilidades de los altos que administran la justicia. Y compar\u00f3 la situaci\u00f3n de los servidores judiciales con la que tienen en el Ejecutivo.<\/p>\n\n\n\n<p>\u201cUn viceministro de Estado gana casi lo mismo que un magistrado. Un ministro de Estado gana m\u00e1s que un magistrado, que es electo por el pueblo y que representa a nuestros departamentos\u201d, declar\u00f3.<\/p>\n\n\n\n<p>\u201cNo es por desmerecer el cargo, pero hay que nivelar las cosas y hay que hablarle al pa\u00eds con la verdad\u201d, agreg\u00f3 el magistrado al peri\u00f3dico Erbol, y puso otro ejemplo: \u201cun secretario de juzgado, que tiene responsabilidad en los procesos con su firma, gana menos que un mensajero de un ministerio\u201d.<\/p>\n\n\n\n<p>Seg\u00fan las declaraciones del presidente del TSJ, los magistrados tienen la aspiracion de ganen lo mismo que los ministros o los diputados y senadores. \u201cNecesitamos nivelar (al \u00d3rgano Judicial) a la escala salarial que maneja el Ejecutivo y que maneja el Legislativo. O de lo contrario, que ellos se ajusten a la escala salarial del \u00d3rgano Judicial\u201d, remarc\u00f3.<\/p>\n\n\n\n<p>Saucedo G\u00f3mez, junto con la decana Rosmery Ruiz Mart\u00ednez y los magistrados Primo Mart\u00ednez Fuentes, Fanny Coaquira Rodr\u00edguez y Germ\u00e1n Pardo Uribe, present\u00f3 un paquete de proyectos de ley ante la C\u00e1mara de Diputados con el objetivo de transformar la justicia del pa\u00eds como resultado del primer Di\u00e1logo Interinstitucional para la Reforma Judicial.<\/p>\n\n\n\n<p>Los otros tres documentos son la modificaci\u00f3n de la ley de juicios de responsabilidades, el proyecto de ley de financiamiento para la modernizaci\u00f3n tecnol\u00f3gica del \u00d3rgano Judicial y el proyecto de ley de prescripci\u00f3n de dep\u00f3sitos judiciales.<\/p>\n\n\n\n<p>Fuente: Urgente.bo<\/p>\n\n\n\n<p><\/p>\n","protected":false},"excerpt":{"rendered":"<p>Pa\u00eds, 12 de Marzo de 2026.- El presidente del Tribunal Supremo de Justicia, Romer Saucedo, estuvo este jueves en la ciudad sede de gobierno para llevar una propuesta de reforma legislativa con el fin de mejorar el estado de la justicia boliviana. La autoridad destac\u00f3 que entre los documentos entregadas se encuentro uno para el&#8230;<\/p>\n","protected":false},"author":11,"featured_media":9580,"comment_status":"open","ping_status":"open","sticky":false,"template":"","format":"standard","meta":{"_jetpack_memberships_contains_paid_content":false,"footnotes":"","jetpack_publicize_message":"","jetpack_publicize_feature_enabled":true,"jetpack_social_post_already_shared":true,"jetpack_social_options":{"image_generator_settings":{"template":"highway","enabled":false},"version":2}},"categories":[1,16],"tags":[7,18,1483,1482,1429],"class_list":["post-9579","post","type-post","status-publish","format-standard","has-post-thumbnail","hentry","category-bolivia","category-economia","tag-bolivia","tag-economia","tag-organo-judicial","tag-romer-saucedo","tag-tsj"],"jetpack_publicize_connections":[],"yoast_head":"<!-- This site is optimized with the Yoast SEO plugin v23.4 - https:\/\/yoast.com\/wordpress\/plugins\/seo\/ -->\n<title>SAUCEDO PIDE UN MEJOR TRATAMIENTO SALARIAL PARA LOS MAGISTRADOS DEL \u00d3RGANO JUDICIAL - innoticiasbo.com<\/title>\n<meta name=\"robots\" content=\"index, follow, max-snippet:-1, max-image-preview:large, max-video-preview:-1\" \/>\n<link rel=\"canonical\" href=\"https:\/\/innoticiasbo.com\/index.php\/2026\/03\/12\/saucedo-pide-un-mejor-tratamiento-salarial-para-los-magistrados-del-organo-judicial\/\" \/>\n<meta property=\"og:locale\" content=\"es_ES\" \/>\n<meta property=\"og:type\" content=\"article\" \/>\n<meta property=\"og:title\" content=\"SAUCEDO PIDE UN MEJOR TRATAMIENTO SALARIAL PARA LOS MAGISTRADOS DEL \u00d3RGANO JUDICIAL - innoticiasbo.com\" \/>\n<meta property=\"og:description\" content=\"Pa\u00eds, 12 de Marzo de 2026.- El presidente del Tribunal Supremo de Justicia, Romer Saucedo, estuvo este jueves en la ciudad sede de gobierno para llevar una propuesta de reforma legislativa con el fin de mejorar el estado de la justicia boliviana. La autoridad destac\u00f3 que entre los documentos entregadas se encuentro uno para el...\" \/>\n<meta property=\"og:url\" content=\"https:\/\/innoticiasbo.com\/index.php\/2026\/03\/12\/saucedo-pide-un-mejor-tratamiento-salarial-para-los-magistrados-del-organo-judicial\/\" \/>\n<meta property=\"og:site_name\" content=\"innoticiasbo.com\" \/>\n<meta property=\"article:publisher\" content=\"https:\/\/www.facebook.com\/innoticiasbolivia\" \/>\n<meta property=\"article:published_time\" content=\"2026-03-13T02:44:44+00:00\" \/>\n<meta property=\"article:modified_time\" content=\"2026-03-13T02:44:46+00:00\" \/>\n<meta property=\"og:image\" content=\"https:\/\/innoticiasbo.com\/wp-content\/uploads\/2026\/03\/image-178.png\" \/>\n\t<meta property=\"og:image:width\" content=\"763\" \/>\n\t<meta property=\"og:image:height\" content=\"552\" \/>\n\t<meta property=\"og:image:type\" content=\"image\/png\" \/>\n<meta name=\"author\" content=\"Prensa 11\" \/>\n<meta name=\"twitter:card\" content=\"summary_large_image\" \/>\n<meta name=\"twitter:creator\" content=\"@innoticiasbo\" \/>\n<meta name=\"twitter:site\" content=\"@innoticiasbo\" \/>\n<meta name=\"twitter:label1\" content=\"Escrito por\" \/>\n\t<meta name=\"twitter:data1\" content=\"Prensa 11\" \/>\n\t<meta name=\"twitter:label2\" content=\"Tiempo de lectura\" \/>\n\t<meta name=\"twitter:data2\" content=\"3 minutos\" \/>\n<script type=\"application\/ld+json\" class=\"yoast-schema-graph\">{\"@context\":\"https:\/\/schema.org\",\"@graph\":[{\"@type\":\"Article\",\"@id\":\"https:\/\/innoticiasbo.com\/index.php\/2026\/03\/12\/saucedo-pide-un-mejor-tratamiento-salarial-para-los-magistrados-del-organo-judicial\/#article\",\"isPartOf\":{\"@id\":\"https:\/\/innoticiasbo.com\/index.php\/2026\/03\/12\/saucedo-pide-un-mejor-tratamiento-salarial-para-los-magistrados-del-organo-judicial\/\"},\"author\":{\"name\":\"Prensa 11\",\"@id\":\"https:\/\/innoticiasbo.com\/#\/schema\/person\/0b28481e8d0316f83a13bc702311def5\"},\"headline\":\"SAUCEDO PIDE UN MEJOR TRATAMIENTO SALARIAL PARA LOS MAGISTRADOS DEL \u00d3RGANO JUDICIAL\",\"datePublished\":\"2026-03-13T02:44:44+00:00\",\"dateModified\":\"2026-03-13T02:44:46+00:00\",\"mainEntityOfPage\":{\"@id\":\"https:\/\/innoticiasbo.com\/index.php\/2026\/03\/12\/saucedo-pide-un-mejor-tratamiento-salarial-para-los-magistrados-del-organo-judicial\/\"},\"wordCount\":416,\"commentCount\":0,\"publisher\":{\"@id\":\"https:\/\/innoticiasbo.com\/#organization\"},\"image\":{\"@id\":\"https:\/\/innoticiasbo.com\/index.php\/2026\/03\/12\/saucedo-pide-un-mejor-tratamiento-salarial-para-los-magistrados-del-organo-judicial\/#primaryimage\"},\"thumbnailUrl\":\"https:\/\/i0.wp.com\/innoticiasbo.com\/wp-content\/uploads\/2026\/03\/image-178.png?fit=763%2C552&ssl=1\",\"keywords\":[\"Bolivia\",\"econom\u00eda\",\"\u00d3rgano Judicial\",\"Romer Saucedo\",\"TSJ\"],\"articleSection\":[\"Bolivia\",\"Econom\u00eda\"],\"inLanguage\":\"es\",\"potentialAction\":[{\"@type\":\"CommentAction\",\"name\":\"Comment\",\"target\":[\"https:\/\/innoticiasbo.com\/index.php\/2026\/03\/12\/saucedo-pide-un-mejor-tratamiento-salarial-para-los-magistrados-del-organo-judicial\/#respond\"]}]},{\"@type\":\"WebPage\",\"@id\":\"https:\/\/innoticiasbo.com\/index.php\/2026\/03\/12\/saucedo-pide-un-mejor-tratamiento-salarial-para-los-magistrados-del-organo-judicial\/\",\"url\":\"https:\/\/innoticiasbo.com\/index.php\/2026\/03\/12\/saucedo-pide-un-mejor-tratamiento-salarial-para-los-magistrados-del-organo-judicial\/\",\"name\":\"SAUCEDO PIDE UN MEJOR TRATAMIENTO SALARIAL PARA LOS MAGISTRADOS DEL \u00d3RGANO JUDICIAL - innoticiasbo.com\",\"isPartOf\":{\"@id\":\"https:\/\/innoticiasbo.com\/#website\"},\"primaryImageOfPage\":{\"@id\":\"https:\/\/innoticiasbo.com\/index.php\/2026\/03\/12\/saucedo-pide-un-mejor-tratamiento-salarial-para-los-magistrados-del-organo-judicial\/#primaryimage\"},\"image\":{\"@id\":\"https:\/\/innoticiasbo.com\/index.php\/2026\/03\/12\/saucedo-pide-un-mejor-tratamiento-salarial-para-los-magistrados-del-organo-judicial\/#primaryimage\"},\"thumbnailUrl\":\"https:\/\/i0.wp.com\/innoticiasbo.com\/wp-content\/uploads\/2026\/03\/image-178.png?fit=763%2C552&ssl=1\",\"datePublished\":\"2026-03-13T02:44:44+00:00\",\"dateModified\":\"2026-03-13T02:44:46+00:00\",\"breadcrumb\":{\"@id\":\"https:\/\/innoticiasbo.com\/index.php\/2026\/03\/12\/saucedo-pide-un-mejor-tratamiento-salarial-para-los-magistrados-del-organo-judicial\/#breadcrumb\"},\"inLanguage\":\"es\",\"potentialAction\":[{\"@type\":\"ReadAction\",\"target\":[\"https:\/\/innoticiasbo.com\/index.php\/2026\/03\/12\/saucedo-pide-un-mejor-tratamiento-salarial-para-los-magistrados-del-organo-judicial\/\"]}]},{\"@type\":\"ImageObject\",\"inLanguage\":\"es\",\"@id\":\"https:\/\/innoticiasbo.com\/index.php\/2026\/03\/12\/saucedo-pide-un-mejor-tratamiento-salarial-para-los-magistrados-del-organo-judicial\/#primaryimage\",\"url\":\"https:\/\/i0.wp.com\/innoticiasbo.com\/wp-content\/uploads\/2026\/03\/image-178.png?fit=763%2C552&ssl=1\",\"contentUrl\":\"https:\/\/i0.wp.com\/innoticiasbo.com\/wp-content\/uploads\/2026\/03\/image-178.png?fit=763%2C552&ssl=1\",\"width\":763,\"height\":552},{\"@type\":\"BreadcrumbList\",\"@id\":\"https:\/\/innoticiasbo.com\/index.php\/2026\/03\/12\/saucedo-pide-un-mejor-tratamiento-salarial-para-los-magistrados-del-organo-judicial\/#breadcrumb\",\"itemListElement\":[{\"@type\":\"ListItem\",\"position\":1,\"name\":\"Portada\",\"item\":\"https:\/\/innoticiasbo.com\/\"},{\"@type\":\"ListItem\",\"position\":2,\"name\":\"SAUCEDO PIDE UN MEJOR TRATAMIENTO SALARIAL PARA LOS MAGISTRADOS DEL \u00d3RGANO JUDICIAL\"}]},{\"@type\":\"WebSite\",\"@id\":\"https:\/\/innoticiasbo.com\/#website\",\"url\":\"https:\/\/innoticiasbo.com\/\",\"name\":\"innoticiasbo.com\",\"description\":\"\",\"publisher\":{\"@id\":\"https:\/\/innoticiasbo.com\/#organization\"},\"potentialAction\":[{\"@type\":\"SearchAction\",\"target\":{\"@type\":\"EntryPoint\",\"urlTemplate\":\"https:\/\/innoticiasbo.com\/?s={search_term_string}\"},\"query-input\":{\"@type\":\"PropertyValueSpecification\",\"valueRequired\":true,\"valueName\":\"search_term_string\"}}],\"inLanguage\":\"es\"},{\"@type\":\"Organization\",\"@id\":\"https:\/\/innoticiasbo.com\/#organization\",\"name\":\"innoticiasbo.com\",\"url\":\"https:\/\/innoticiasbo.com\/\",\"logo\":{\"@type\":\"ImageObject\",\"inLanguage\":\"es\",\"@id\":\"https:\/\/innoticiasbo.com\/#\/schema\/logo\/image\/\",\"url\":\"https:\/\/i0.wp.com\/innoticiasbo.com\/wp-content\/uploads\/2026\/04\/cropped-IN-LOGO.png?fit=1476%2C1476&ssl=1\",\"contentUrl\":\"https:\/\/i0.wp.com\/innoticiasbo.com\/wp-content\/uploads\/2026\/04\/cropped-IN-LOGO.png?fit=1476%2C1476&ssl=1\",\"width\":1476,\"height\":1476,\"caption\":\"innoticiasbo.com\"},\"image\":{\"@id\":\"https:\/\/innoticiasbo.com\/#\/schema\/logo\/image\/\"},\"sameAs\":[\"https:\/\/www.facebook.com\/innoticiasbolivia\",\"https:\/\/x.com\/innoticiasbo\",\"https:\/\/www.instagram.com\/innoticiasbo\",\"https:\/\/www.youtube.com\/innoticiasbo\"]},{\"@type\":\"Person\",\"@id\":\"https:\/\/innoticiasbo.com\/#\/schema\/person\/0b28481e8d0316f83a13bc702311def5\",\"name\":\"Prensa 11\",\"image\":{\"@type\":\"ImageObject\",\"inLanguage\":\"es\",\"@id\":\"https:\/\/innoticiasbo.com\/#\/schema\/person\/image\/\",\"url\":\"https:\/\/secure.gravatar.com\/avatar\/696560c17349f1807a610bf83832bad0?s=96&d=mm&r=g\",\"contentUrl\":\"https:\/\/secure.gravatar.com\/avatar\/696560c17349f1807a610bf83832bad0?s=96&d=mm&r=g\",\"caption\":\"Prensa 11\"},\"sameAs\":[\"http:\/\/www.innoticiasbo.com\"],\"url\":\"https:\/\/innoticiasbo.com\/index.php\/author\/prensa-11\/\"}]}<\/script>\n<!-- \/ Yoast SEO plugin. -->","yoast_head_json":{"title":"SAUCEDO PIDE UN MEJOR TRATAMIENTO SALARIAL PARA LOS MAGISTRADOS DEL \u00d3RGANO JUDICIAL - innoticiasbo.com","robots":{"index":"index","follow":"follow","max-snippet":"max-snippet:-1","max-image-preview":"max-image-preview:large","max-video-preview":"max-video-preview:-1"},"canonical":"https:\/\/innoticiasbo.com\/index.php\/2026\/03\/12\/saucedo-pide-un-mejor-tratamiento-salarial-para-los-magistrados-del-organo-judicial\/","og_locale":"es_ES","og_type":"article","og_title":"SAUCEDO PIDE UN MEJOR TRATAMIENTO SALARIAL PARA LOS MAGISTRADOS DEL \u00d3RGANO JUDICIAL - innoticiasbo.com","og_description":"Pa\u00eds, 12 de Marzo de 2026.- El presidente del Tribunal Supremo de Justicia, Romer Saucedo, estuvo este jueves en la ciudad sede de gobierno para llevar una propuesta de reforma legislativa con el fin de mejorar el estado de la justicia boliviana. La autoridad destac\u00f3 que entre los documentos entregadas se encuentro uno para el...","og_url":"https:\/\/innoticiasbo.com\/index.php\/2026\/03\/12\/saucedo-pide-un-mejor-tratamiento-salarial-para-los-magistrados-del-organo-judicial\/","og_site_name":"innoticiasbo.com","article_publisher":"https:\/\/www.facebook.com\/innoticiasbolivia","article_published_time":"2026-03-13T02:44:44+00:00","article_modified_time":"2026-03-13T02:44:46+00:00","og_image":[{"width":763,"height":552,"url":"https:\/\/innoticiasbo.com\/wp-content\/uploads\/2026\/03\/image-178.png","type":"image\/png"}],"author":"Prensa 11","twitter_card":"summary_large_image","twitter_creator":"@innoticiasbo","twitter_site":"@innoticiasbo","twitter_misc":{"Escrito por":"Prensa 11","Tiempo de lectura":"3 minutos"},"schema":{"@context":"https:\/\/schema.org","@graph":[{"@type":"Article","@id":"https:\/\/innoticiasbo.com\/index.php\/2026\/03\/12\/saucedo-pide-un-mejor-tratamiento-salarial-para-los-magistrados-del-organo-judicial\/#article","isPartOf":{"@id":"https:\/\/innoticiasbo.com\/index.php\/2026\/03\/12\/saucedo-pide-un-mejor-tratamiento-salarial-para-los-magistrados-del-organo-judicial\/"},"author":{"name":"Prensa 11","@id":"https:\/\/innoticiasbo.com\/#\/schema\/person\/0b28481e8d0316f83a13bc702311def5"},"headline":"SAUCEDO PIDE UN MEJOR TRATAMIENTO SALARIAL PARA LOS MAGISTRADOS DEL \u00d3RGANO JUDICIAL","datePublished":"2026-03-13T02:44:44+00:00","dateModified":"2026-03-13T02:44:46+00:00","mainEntityOfPage":{"@id":"https:\/\/innoticiasbo.com\/index.php\/2026\/03\/12\/saucedo-pide-un-mejor-tratamiento-salarial-para-los-magistrados-del-organo-judicial\/"},"wordCount":416,"commentCount":0,"publisher":{"@id":"https:\/\/innoticiasbo.com\/#organization"},"image":{"@id":"https:\/\/innoticiasbo.com\/index.php\/2026\/03\/12\/saucedo-pide-un-mejor-tratamiento-salarial-para-los-magistrados-del-organo-judicial\/#primaryimage"},"thumbnailUrl":"https:\/\/i0.wp.com\/innoticiasbo.com\/wp-content\/uploads\/2026\/03\/image-178.png?fit=763%2C552&ssl=1","keywords":["Bolivia","econom\u00eda","\u00d3rgano Judicial","Romer Saucedo","TSJ"],"articleSection":["Bolivia","Econom\u00eda"],"inLanguage":"es","potentialAction":[{"@type":"CommentAction","name":"Comment","target":["https:\/\/innoticiasbo.com\/index.php\/2026\/03\/12\/saucedo-pide-un-mejor-tratamiento-salarial-para-los-magistrados-del-organo-judicial\/#respond"]}]},{"@type":"WebPage","@id":"https:\/\/innoticiasbo.com\/index.php\/2026\/03\/12\/saucedo-pide-un-mejor-tratamiento-salarial-para-los-magistrados-del-organo-judicial\/","url":"https:\/\/innoticiasbo.com\/index.php\/2026\/03\/12\/saucedo-pide-un-mejor-tratamiento-salarial-para-los-magistrados-del-organo-judicial\/","name":"SAUCEDO PIDE UN MEJOR TRATAMIENTO SALARIAL PARA LOS MAGISTRADOS DEL \u00d3RGANO JUDICIAL - innoticiasbo.com","isPartOf":{"@id":"https:\/\/innoticiasbo.com\/#website"},"primaryImageOfPage":{"@id":"https:\/\/innoticiasbo.com\/index.php\/2026\/03\/12\/saucedo-pide-un-mejor-tratamiento-salarial-para-los-magistrados-del-organo-judicial\/#primaryimage"},"image":{"@id":"https:\/\/innoticiasbo.com\/index.php\/2026\/03\/12\/saucedo-pide-un-mejor-tratamiento-salarial-para-los-magistrados-del-organo-judicial\/#primaryimage"},"thumbnailUrl":"https:\/\/i0.wp.com\/innoticiasbo.com\/wp-content\/uploads\/2026\/03\/image-178.png?fit=763%2C552&ssl=1","datePublished":"2026-03-13T02:44:44+00:00","dateModified":"2026-03-13T02:44:46+00:00","breadcrumb":{"@id":"https:\/\/innoticiasbo.com\/index.php\/2026\/03\/12\/saucedo-pide-un-mejor-tratamiento-salarial-para-los-magistrados-del-organo-judicial\/#breadcrumb"},"inLanguage":"es","potentialAction":[{"@type":"ReadAction","target":["https:\/\/innoticiasbo.com\/index.php\/2026\/03\/12\/saucedo-pide-un-mejor-tratamiento-salarial-para-los-magistrados-del-organo-judicial\/"]}]},{"@type":"ImageObject","inLanguage":"es","@id":"https:\/\/innoticiasbo.com\/index.php\/2026\/03\/12\/saucedo-pide-un-mejor-tratamiento-salarial-para-los-magistrados-del-organo-judicial\/#primaryimage","url":"https:\/\/i0.wp.com\/innoticiasbo.com\/wp-content\/uploads\/2026\/03\/image-178.png?fit=763%2C552&ssl=1","contentUrl":"https:\/\/i0.wp.com\/innoticiasbo.com\/wp-content\/uploads\/2026\/03\/image-178.png?fit=763%2C552&ssl=1","width":763,"height":552},{"@type":"BreadcrumbList","@id":"https:\/\/innoticiasbo.com\/index.php\/2026\/03\/12\/saucedo-pide-un-mejor-tratamiento-salarial-para-los-magistrados-del-organo-judicial\/#breadcrumb","itemListElement":[{"@type":"ListItem","position":1,"name":"Portada","item":"https:\/\/innoticiasbo.com\/"},{"@type":"ListItem","position":2,"name":"SAUCEDO PIDE UN MEJOR TRATAMIENTO SALARIAL PARA LOS MAGISTRADOS DEL \u00d3RGANO JUDICIAL"}]},{"@type":"WebSite","@id":"https:\/\/innoticiasbo.com\/#website","url":"https:\/\/innoticiasbo.com\/","name":"innoticiasbo.com","description":"","publisher":{"@id":"https:\/\/innoticiasbo.com\/#organization"},"potentialAction":[{"@type":"SearchAction","target":{"@type":"EntryPoint","urlTemplate":"https:\/\/innoticiasbo.com\/?s={search_term_string}"},"query-input":{"@type":"PropertyValueSpecification","valueRequired":true,"valueName":"search_term_string"}}],"inLanguage":"es"},{"@type":"Organization","@id":"https:\/\/innoticiasbo.com\/#organization","name":"innoticiasbo.com","url":"https:\/\/innoticiasbo.com\/","logo":{"@type":"ImageObject","inLanguage":"es","@id":"https:\/\/innoticiasbo.com\/#\/schema\/logo\/image\/","url":"https:\/\/i0.wp.com\/innoticiasbo.com\/wp-content\/uploads\/2026\/04\/cropped-IN-LOGO.png?fit=1476%2C1476&ssl=1","contentUrl":"https:\/\/i0.wp.com\/innoticiasbo.com\/wp-content\/uploads\/2026\/04\/cropped-IN-LOGO.png?fit=1476%2C1476&ssl=1","width":1476,"height":1476,"caption":"innoticiasbo.com"},"image":{"@id":"https:\/\/innoticiasbo.com\/#\/schema\/logo\/image\/"},"sameAs":["https:\/\/www.facebook.com\/innoticiasbolivia","https:\/\/x.com\/innoticiasbo","https:\/\/www.instagram.com\/innoticiasbo","https:\/\/www.youtube.com\/innoticiasbo"]},{"@type":"Person","@id":"https:\/\/innoticiasbo.com\/#\/schema\/person\/0b28481e8d0316f83a13bc702311def5","name":"Prensa 11","image":{"@type":"ImageObject","inLanguage":"es","@id":"https:\/\/innoticiasbo.com\/#\/schema\/person\/image\/","url":"https:\/\/secure.gravatar.com\/avatar\/696560c17349f1807a610bf83832bad0?s=96&d=mm&r=g","contentUrl":"https:\/\/secure.gravatar.com\/avatar\/696560c17349f1807a610bf83832bad0?s=96&d=mm&r=g","caption":"Prensa 11"},"sameAs":["http:\/\/www.innoticiasbo.com"],"url":"https:\/\/innoticiasbo.com\/index.php\/author\/prensa-11\/"}]}},"jetpack_featured_media_url":"https:\/\/i0.wp.com\/innoticiasbo.com\/wp-content\/uploads\/2026\/03\/image-178.png?fit=763%2C552&ssl=1","jetpack_likes_enabled":true,"jetpack_sharing_enabled":true,"jetpack_shortlink":"https:\/\/wp.me\/pg298x-2uv","_links":{"self":[{"href":"https:\/\/innoticiasbo.com\/index.php\/wp-json\/wp\/v2\/posts\/9579","targetHints":{"allow":["GET"]}}],"collection":[{"href":"https:\/\/innoticiasbo.com\/index.php\/wp-json\/wp\/v2\/posts"}],"about":[{"href":"https:\/\/innoticiasbo.com\/index.php\/wp-json\/wp\/v2\/types\/post"}],"author":[{"embeddable":true,"href":"https:\/\/innoticiasbo.com\/index.php\/wp-json\/wp\/v2\/users\/11"}],"replies":[{"embeddable":true,"href":"https:\/\/innoticiasbo.com\/index.php\/wp-json\/wp\/v2\/comments?post=9579"}],"version-history":[{"count":1,"href":"https:\/\/innoticiasbo.com\/index.php\/wp-json\/wp\/v2\/posts\/9579\/revisions"}],"predecessor-version":[{"id":9581,"href":"https:\/\/innoticiasbo.com\/index.php\/wp-json\/wp\/v2\/posts\/9579\/revisions\/9581"}],"wp:featuredmedia":[{"embeddable":true,"href":"https:\/\/innoticiasbo.com\/index.php\/wp-json\/wp\/v2\/media\/9580"}],"wp:attachment":[{"href":"https:\/\/innoticiasbo.com\/index.php\/wp-json\/wp\/v2\/media?parent=9579"}],"wp:term":[{"taxonomy":"category","embeddable":true,"href":"https:\/\/innoticiasbo.com\/index.php\/wp-json\/wp\/v2\/categories?post=9579"},{"taxonomy":"post_tag","embeddable":true,"href":"https:\/\/innoticiasbo.com\/index.php\/wp-json\/wp\/v2\/tags?post=9579"}],"curies":[{"name":"wp","href":"https:\/\/api.w.org\/{rel}","templated":true}]}}