{"id":9573,"date":"2026-03-12T22:06:15","date_gmt":"2026-03-13T02:06:15","guid":{"rendered":"https:\/\/innoticiasbo.com\/?p=9573"},"modified":"2026-03-12T22:06:17","modified_gmt":"2026-03-13T02:06:17","slug":"pdc-y-libre-dicen-que-medidas-fronterizas-de-chile-con-bolivia-no-deben-entropecer-vinculos","status":"publish","type":"post","link":"https:\/\/innoticiasbo.com\/index.php\/2026\/03\/12\/pdc-y-libre-dicen-que-medidas-fronterizas-de-chile-con-bolivia-no-deben-entropecer-vinculos\/","title":{"rendered":"PDC Y LIBRE DICEN QUE MEDIDAS FRONTERIZAS DE CHILE CON BOLIVIA NO DEBEN \u201cENTROPECER\u201d V\u00cdNCULOS"},"content":{"rendered":"\n<figure class=\"wp-block-image size-full\"><img data-recalc-dims=\"1\" loading=\"lazy\" decoding=\"async\" width=\"640\" height=\"359\" src=\"https:\/\/i0.wp.com\/innoticiasbo.com\/wp-content\/uploads\/2026\/03\/image-176.png?resize=640%2C359&#038;ssl=1\" alt=\"\" class=\"wp-image-9574\" srcset=\"https:\/\/i0.wp.com\/innoticiasbo.com\/wp-content\/uploads\/2026\/03\/image-176.png?w=992&amp;ssl=1 992w, https:\/\/i0.wp.com\/innoticiasbo.com\/wp-content\/uploads\/2026\/03\/image-176.png?resize=300%2C168&amp;ssl=1 300w, https:\/\/i0.wp.com\/innoticiasbo.com\/wp-content\/uploads\/2026\/03\/image-176.png?resize=768%2C431&amp;ssl=1 768w\" sizes=\"auto, (max-width: 640px) 100vw, 640px\" \/><\/figure>\n\n\n\n<p><strong>Pa\u00eds, 12 de Marzo de 2026.-<\/strong> Desde la bancada de Libre tambi\u00e9n consideran que Chile est\u00e1 en su derecho de reforzar sus fronteras y que ello no significa una confrontaci\u00f3n con Bolivia. Asimismo, el legislador se\u00f1al\u00f3 que el pa\u00eds deber\u00eda tomar como ejemplo esta situaci\u00f3n para mejorar sus propios controles.<\/p>\n\n\n\n<p>Desde el Partido Dem\u00f3crata Cristiano (PDC) y la Alianza Libre no ven con malos ojos la determinaci\u00f3n del nuevo presidente de Chile, Jos\u00e9 Antonio Kast, quien firm\u00f3 decretos relacionados con el concepto de emergencia. En uno de ellos ordena la construcci\u00f3n de \u201cbarreras f\u00edsicas\u201d en la frontera con Bolivia para desincentivar la inmigraci\u00f3n irregular, una de sus principales promesas electorales, adem\u00e1s de definir un mayor despliegue militar en la zona.<\/p>\n\n\n\n<p>Ambas fuerzas pol\u00edticas mencionaron que el pa\u00eds vecino est\u00e1 en su derecho de resguardar sus fronteras; sin embargo, advirtieron que estas medidas no deben entorpecer las relaciones bilaterales y comerciales que Bolivia debe fortalecer con Chile tras la asunci\u00f3n del nuevo mandatario.<\/p>\n\n\n\n<p>\u201cTenemos que entenderlo como una cuesti\u00f3n de soberan\u00eda. Cada pa\u00eds tiene la soberan\u00eda de hacer en su territorio nacional lo que crea conveniente. Eso no debe entorpecer, bajo ning\u00fan concepto, las relaciones bilaterales y comerciales. Tenemos que tener relaciones sanas, porque hay muchos connacionales all\u00e1 y debemos velar para que tengan un trato humano. No debe entorpecer; debemos tener esa visi\u00f3n\u201d, dijo Ren\u00e9 Rada, diputado del PDC, a Urgente.bo.<\/p>\n\n\n\n<p>Rada resalt\u00f3 que se debe mantener una relaci\u00f3n sana con ese pa\u00eds y que estos temas no deben llevar a confrontaciones entre naciones, como ocurri\u00f3 en el pasado. \u201cHemos tenido un ejemplo de 20 a\u00f1os de relaciones fr\u00edas con Chile y el resultado no fue para nada positivo. Hay que tener una relaci\u00f3n sana con ellos; no debe entorpecer ni ensombrecer lo que ellos hagan en el ejercicio de su soberan\u00eda nacional\u201d, puntualiz\u00f3.<\/p>\n\n\n\n<p>Bajo la misma l\u00ednea, Claudio Bilbao, tambi\u00e9n diputado del PDC, sostuvo que la v\u00eda debe ser el di\u00e1logo. \u201cPienso que es un tema del momento. Nosotros, con buenas relaciones, sabemos que llevaremos esto a buen puerto. Hoy debemos ir por el camino diplom\u00e1tico: tenemos que negociar y consensuar\u201d.<\/p>\n\n\n\n<p>En tanto, desde la bancada de Libre tambi\u00e9n consideran que Chile est\u00e1 en su derecho de reforzar sus fronteras y que ello no significa una confrontaci\u00f3n con Bolivia. Asimismo, el legislador se\u00f1al\u00f3 que el pa\u00eds deber\u00eda tomar como ejemplo esta situaci\u00f3n para mejorar sus propios controles.<\/p>\n\n\n\n<p>\u201cCada pa\u00eds tiene que reforzar su frontera. Nosotros tambi\u00e9n tenemos que hacer lo mismo. Pero lo importante es que esto no afecte la relaci\u00f3n con el hermano pa\u00eds de Chile. Tenemos que ver el tema de generar condiciones para nuestros exportadores y para toda la mercader\u00eda que ingresa al territorio nacional, y c\u00f3mo mejorar esas condiciones. Eso es lo m\u00e1s importante\u201d, mencion\u00f3 Rafael L\u00f3pez, diputado de Libre.<\/p>\n\n\n\n<p>Al igual que desde el PDC, L\u00f3pez remarc\u00f3 que se deben preservar los v\u00ednculos comerciales. \u201cDebemos cuidar que se mantengan las relaciones comerciales para que tengamos mayores v\u00ednculos con Chile\u201d.<\/p>\n\n\n\n<p>Al final de la jornada del mi\u00e9rcoles, y en el primer d\u00eda de su administraci\u00f3n, el presidente chileno firm\u00f3 los primeros decretos de su gesti\u00f3n vinculados al concepto de emergencia. En uno de ellos instruy\u00f3 la construcci\u00f3n de \u201cbarreras f\u00edsicas\u201d en la frontera con Bolivia para frenar la inmigraci\u00f3n irregular, adem\u00e1s de ordenar un mayor despliegue militar.<\/p>\n\n\n\n<p>\u201cLe solicito la colaboraci\u00f3n activa en el aumento de funcionarios\u201d y \u201cle encomiendo tambi\u00e9n que nos colabore con la construcci\u00f3n de barreras f\u00edsicas para detener el ingreso de la inmigraci\u00f3n ilegal\u201d en la frontera con Bolivia, dijo Kast al jefe del Ej\u00e9rcito, Pedro Varela, durante un acto en el que firm\u00f3 sus primeros seis decretos, tres de ellos relacionados con la migraci\u00f3n irregular.<\/p>\n\n\n\n<p>Fuente: Opini\u00f3n<\/p>\n","protected":false},"excerpt":{"rendered":"<p>Pa\u00eds, 12 de Marzo de 2026.- Desde la bancada de Libre tambi\u00e9n consideran que Chile est\u00e1 en su derecho de reforzar sus fronteras y que ello no significa una confrontaci\u00f3n con Bolivia. Asimismo, el legislador se\u00f1al\u00f3 que el pa\u00eds deber\u00eda tomar como ejemplo esta situaci\u00f3n para mejorar sus propios controles. Desde el Partido Dem\u00f3crata Cristiano&#8230;<\/p>\n","protected":false},"author":11,"featured_media":9574,"comment_status":"open","ping_status":"open","sticky":false,"template":"","format":"standard","meta":{"_jetpack_memberships_contains_paid_content":false,"footnotes":"","jetpack_publicize_message":"","jetpack_publicize_feature_enabled":true,"jetpack_social_post_already_shared":true,"jetpack_social_options":{"image_generator_settings":{"template":"highway","enabled":false},"version":2}},"categories":[1,3],"tags":[979,7,157,438,10,1395],"class_list":["post-9573","post","type-post","status-publish","format-standard","has-post-thumbnail","hentry","category-bolivia","category-politica","tag-alianza-libre","tag-bolivia","tag-chile","tag-pdc","tag-politica","tag-relaciones-bolivia-chile"],"jetpack_publicize_connections":[],"yoast_head":"<!-- This site is optimized with the Yoast SEO plugin v23.4 - https:\/\/yoast.com\/wordpress\/plugins\/seo\/ -->\n<title>PDC Y LIBRE DICEN QUE MEDIDAS FRONTERIZAS DE CHILE CON BOLIVIA NO DEBEN \u201cENTROPECER\u201d V\u00cdNCULOS - innoticiasbo.com<\/title>\n<meta name=\"robots\" content=\"index, follow, max-snippet:-1, max-image-preview:large, max-video-preview:-1\" \/>\n<link rel=\"canonical\" href=\"https:\/\/innoticiasbo.com\/index.php\/2026\/03\/12\/pdc-y-libre-dicen-que-medidas-fronterizas-de-chile-con-bolivia-no-deben-entropecer-vinculos\/\" \/>\n<meta property=\"og:locale\" content=\"es_ES\" \/>\n<meta property=\"og:type\" content=\"article\" \/>\n<meta property=\"og:title\" content=\"PDC Y LIBRE DICEN QUE MEDIDAS FRONTERIZAS DE CHILE CON BOLIVIA NO DEBEN \u201cENTROPECER\u201d V\u00cdNCULOS - innoticiasbo.com\" \/>\n<meta property=\"og:description\" content=\"Pa\u00eds, 12 de Marzo de 2026.- Desde la bancada de Libre tambi\u00e9n consideran que Chile est\u00e1 en su derecho de reforzar sus fronteras y que ello no significa una confrontaci\u00f3n con Bolivia. Asimismo, el legislador se\u00f1al\u00f3 que el pa\u00eds deber\u00eda tomar como ejemplo esta situaci\u00f3n para mejorar sus propios controles. Desde el Partido Dem\u00f3crata Cristiano...\" \/>\n<meta property=\"og:url\" content=\"https:\/\/innoticiasbo.com\/index.php\/2026\/03\/12\/pdc-y-libre-dicen-que-medidas-fronterizas-de-chile-con-bolivia-no-deben-entropecer-vinculos\/\" \/>\n<meta property=\"og:site_name\" content=\"innoticiasbo.com\" \/>\n<meta property=\"article:publisher\" content=\"https:\/\/www.facebook.com\/innoticiasbolivia\" \/>\n<meta property=\"article:published_time\" content=\"2026-03-13T02:06:15+00:00\" \/>\n<meta property=\"article:modified_time\" content=\"2026-03-13T02:06:17+00:00\" \/>\n<meta property=\"og:image\" content=\"https:\/\/innoticiasbo.com\/wp-content\/uploads\/2026\/03\/image-176.png\" \/>\n\t<meta property=\"og:image:width\" content=\"992\" \/>\n\t<meta property=\"og:image:height\" content=\"557\" \/>\n\t<meta property=\"og:image:type\" content=\"image\/png\" \/>\n<meta name=\"author\" content=\"Prensa 11\" \/>\n<meta name=\"twitter:card\" content=\"summary_large_image\" \/>\n<meta name=\"twitter:creator\" content=\"@innoticiasbo\" \/>\n<meta name=\"twitter:site\" content=\"@innoticiasbo\" \/>\n<meta name=\"twitter:label1\" content=\"Escrito por\" \/>\n\t<meta name=\"twitter:data1\" content=\"Prensa 11\" \/>\n\t<meta name=\"twitter:label2\" content=\"Tiempo de lectura\" \/>\n\t<meta name=\"twitter:data2\" content=\"4 minutos\" \/>\n<script type=\"application\/ld+json\" class=\"yoast-schema-graph\">{\"@context\":\"https:\/\/schema.org\",\"@graph\":[{\"@type\":\"Article\",\"@id\":\"https:\/\/innoticiasbo.com\/index.php\/2026\/03\/12\/pdc-y-libre-dicen-que-medidas-fronterizas-de-chile-con-bolivia-no-deben-entropecer-vinculos\/#article\",\"isPartOf\":{\"@id\":\"https:\/\/innoticiasbo.com\/index.php\/2026\/03\/12\/pdc-y-libre-dicen-que-medidas-fronterizas-de-chile-con-bolivia-no-deben-entropecer-vinculos\/\"},\"author\":{\"name\":\"Prensa 11\",\"@id\":\"https:\/\/innoticiasbo.com\/#\/schema\/person\/0b28481e8d0316f83a13bc702311def5\"},\"headline\":\"PDC Y LIBRE DICEN QUE MEDIDAS FRONTERIZAS DE CHILE CON BOLIVIA NO DEBEN \u201cENTROPECER\u201d V\u00cdNCULOS\",\"datePublished\":\"2026-03-13T02:06:15+00:00\",\"dateModified\":\"2026-03-13T02:06:17+00:00\",\"mainEntityOfPage\":{\"@id\":\"https:\/\/innoticiasbo.com\/index.php\/2026\/03\/12\/pdc-y-libre-dicen-que-medidas-fronterizas-de-chile-con-bolivia-no-deben-entropecer-vinculos\/\"},\"wordCount\":698,\"commentCount\":0,\"publisher\":{\"@id\":\"https:\/\/innoticiasbo.com\/#organization\"},\"image\":{\"@id\":\"https:\/\/innoticiasbo.com\/index.php\/2026\/03\/12\/pdc-y-libre-dicen-que-medidas-fronterizas-de-chile-con-bolivia-no-deben-entropecer-vinculos\/#primaryimage\"},\"thumbnailUrl\":\"https:\/\/i0.wp.com\/innoticiasbo.com\/wp-content\/uploads\/2026\/03\/image-176.png?fit=992%2C557&ssl=1\",\"keywords\":[\"alianza Libre\",\"Bolivia\",\"Chile\",\"PDC\",\"Pol\u00edtica\",\"Relaciones Bolivia-Chile\"],\"articleSection\":[\"Bolivia\",\"Pol\u00edtica\"],\"inLanguage\":\"es\",\"potentialAction\":[{\"@type\":\"CommentAction\",\"name\":\"Comment\",\"target\":[\"https:\/\/innoticiasbo.com\/index.php\/2026\/03\/12\/pdc-y-libre-dicen-que-medidas-fronterizas-de-chile-con-bolivia-no-deben-entropecer-vinculos\/#respond\"]}]},{\"@type\":\"WebPage\",\"@id\":\"https:\/\/innoticiasbo.com\/index.php\/2026\/03\/12\/pdc-y-libre-dicen-que-medidas-fronterizas-de-chile-con-bolivia-no-deben-entropecer-vinculos\/\",\"url\":\"https:\/\/innoticiasbo.com\/index.php\/2026\/03\/12\/pdc-y-libre-dicen-que-medidas-fronterizas-de-chile-con-bolivia-no-deben-entropecer-vinculos\/\",\"name\":\"PDC Y LIBRE DICEN QUE MEDIDAS FRONTERIZAS DE CHILE CON BOLIVIA NO DEBEN \u201cENTROPECER\u201d V\u00cdNCULOS - innoticiasbo.com\",\"isPartOf\":{\"@id\":\"https:\/\/innoticiasbo.com\/#website\"},\"primaryImageOfPage\":{\"@id\":\"https:\/\/innoticiasbo.com\/index.php\/2026\/03\/12\/pdc-y-libre-dicen-que-medidas-fronterizas-de-chile-con-bolivia-no-deben-entropecer-vinculos\/#primaryimage\"},\"image\":{\"@id\":\"https:\/\/innoticiasbo.com\/index.php\/2026\/03\/12\/pdc-y-libre-dicen-que-medidas-fronterizas-de-chile-con-bolivia-no-deben-entropecer-vinculos\/#primaryimage\"},\"thumbnailUrl\":\"https:\/\/i0.wp.com\/innoticiasbo.com\/wp-content\/uploads\/2026\/03\/image-176.png?fit=992%2C557&ssl=1\",\"datePublished\":\"2026-03-13T02:06:15+00:00\",\"dateModified\":\"2026-03-13T02:06:17+00:00\",\"breadcrumb\":{\"@id\":\"https:\/\/innoticiasbo.com\/index.php\/2026\/03\/12\/pdc-y-libre-dicen-que-medidas-fronterizas-de-chile-con-bolivia-no-deben-entropecer-vinculos\/#breadcrumb\"},\"inLanguage\":\"es\",\"potentialAction\":[{\"@type\":\"ReadAction\",\"target\":[\"https:\/\/innoticiasbo.com\/index.php\/2026\/03\/12\/pdc-y-libre-dicen-que-medidas-fronterizas-de-chile-con-bolivia-no-deben-entropecer-vinculos\/\"]}]},{\"@type\":\"ImageObject\",\"inLanguage\":\"es\",\"@id\":\"https:\/\/innoticiasbo.com\/index.php\/2026\/03\/12\/pdc-y-libre-dicen-que-medidas-fronterizas-de-chile-con-bolivia-no-deben-entropecer-vinculos\/#primaryimage\",\"url\":\"https:\/\/i0.wp.com\/innoticiasbo.com\/wp-content\/uploads\/2026\/03\/image-176.png?fit=992%2C557&ssl=1\",\"contentUrl\":\"https:\/\/i0.wp.com\/innoticiasbo.com\/wp-content\/uploads\/2026\/03\/image-176.png?fit=992%2C557&ssl=1\",\"width\":992,\"height\":557},{\"@type\":\"BreadcrumbList\",\"@id\":\"https:\/\/innoticiasbo.com\/index.php\/2026\/03\/12\/pdc-y-libre-dicen-que-medidas-fronterizas-de-chile-con-bolivia-no-deben-entropecer-vinculos\/#breadcrumb\",\"itemListElement\":[{\"@type\":\"ListItem\",\"position\":1,\"name\":\"Portada\",\"item\":\"https:\/\/innoticiasbo.com\/\"},{\"@type\":\"ListItem\",\"position\":2,\"name\":\"PDC Y LIBRE DICEN QUE MEDIDAS FRONTERIZAS DE CHILE CON BOLIVIA NO DEBEN \u201cENTROPECER\u201d V\u00cdNCULOS\"}]},{\"@type\":\"WebSite\",\"@id\":\"https:\/\/innoticiasbo.com\/#website\",\"url\":\"https:\/\/innoticiasbo.com\/\",\"name\":\"innoticiasbo.com\",\"description\":\"\",\"publisher\":{\"@id\":\"https:\/\/innoticiasbo.com\/#organization\"},\"potentialAction\":[{\"@type\":\"SearchAction\",\"target\":{\"@type\":\"EntryPoint\",\"urlTemplate\":\"https:\/\/innoticiasbo.com\/?s={search_term_string}\"},\"query-input\":{\"@type\":\"PropertyValueSpecification\",\"valueRequired\":true,\"valueName\":\"search_term_string\"}}],\"inLanguage\":\"es\"},{\"@type\":\"Organization\",\"@id\":\"https:\/\/innoticiasbo.com\/#organization\",\"name\":\"innoticiasbo.com\",\"url\":\"https:\/\/innoticiasbo.com\/\",\"logo\":{\"@type\":\"ImageObject\",\"inLanguage\":\"es\",\"@id\":\"https:\/\/innoticiasbo.com\/#\/schema\/logo\/image\/\",\"url\":\"https:\/\/i0.wp.com\/innoticiasbo.com\/wp-content\/uploads\/2026\/04\/cropped-IN-LOGO.png?fit=1476%2C1476&ssl=1\",\"contentUrl\":\"https:\/\/i0.wp.com\/innoticiasbo.com\/wp-content\/uploads\/2026\/04\/cropped-IN-LOGO.png?fit=1476%2C1476&ssl=1\",\"width\":1476,\"height\":1476,\"caption\":\"innoticiasbo.com\"},\"image\":{\"@id\":\"https:\/\/innoticiasbo.com\/#\/schema\/logo\/image\/\"},\"sameAs\":[\"https:\/\/www.facebook.com\/innoticiasbolivia\",\"https:\/\/x.com\/innoticiasbo\",\"https:\/\/www.instagram.com\/innoticiasbo\",\"https:\/\/www.youtube.com\/innoticiasbo\"]},{\"@type\":\"Person\",\"@id\":\"https:\/\/innoticiasbo.com\/#\/schema\/person\/0b28481e8d0316f83a13bc702311def5\",\"name\":\"Prensa 11\",\"image\":{\"@type\":\"ImageObject\",\"inLanguage\":\"es\",\"@id\":\"https:\/\/innoticiasbo.com\/#\/schema\/person\/image\/\",\"url\":\"https:\/\/secure.gravatar.com\/avatar\/696560c17349f1807a610bf83832bad0?s=96&d=mm&r=g\",\"contentUrl\":\"https:\/\/secure.gravatar.com\/avatar\/696560c17349f1807a610bf83832bad0?s=96&d=mm&r=g\",\"caption\":\"Prensa 11\"},\"sameAs\":[\"http:\/\/www.innoticiasbo.com\"],\"url\":\"https:\/\/innoticiasbo.com\/index.php\/author\/prensa-11\/\"}]}<\/script>\n<!-- \/ Yoast SEO plugin. -->","yoast_head_json":{"title":"PDC Y LIBRE DICEN QUE MEDIDAS FRONTERIZAS DE CHILE CON BOLIVIA NO DEBEN \u201cENTROPECER\u201d V\u00cdNCULOS - innoticiasbo.com","robots":{"index":"index","follow":"follow","max-snippet":"max-snippet:-1","max-image-preview":"max-image-preview:large","max-video-preview":"max-video-preview:-1"},"canonical":"https:\/\/innoticiasbo.com\/index.php\/2026\/03\/12\/pdc-y-libre-dicen-que-medidas-fronterizas-de-chile-con-bolivia-no-deben-entropecer-vinculos\/","og_locale":"es_ES","og_type":"article","og_title":"PDC Y LIBRE DICEN QUE MEDIDAS FRONTERIZAS DE CHILE CON BOLIVIA NO DEBEN \u201cENTROPECER\u201d V\u00cdNCULOS - innoticiasbo.com","og_description":"Pa\u00eds, 12 de Marzo de 2026.- Desde la bancada de Libre tambi\u00e9n consideran que Chile est\u00e1 en su derecho de reforzar sus fronteras y que ello no significa una confrontaci\u00f3n con Bolivia. Asimismo, el legislador se\u00f1al\u00f3 que el pa\u00eds deber\u00eda tomar como ejemplo esta situaci\u00f3n para mejorar sus propios controles. Desde el Partido Dem\u00f3crata Cristiano...","og_url":"https:\/\/innoticiasbo.com\/index.php\/2026\/03\/12\/pdc-y-libre-dicen-que-medidas-fronterizas-de-chile-con-bolivia-no-deben-entropecer-vinculos\/","og_site_name":"innoticiasbo.com","article_publisher":"https:\/\/www.facebook.com\/innoticiasbolivia","article_published_time":"2026-03-13T02:06:15+00:00","article_modified_time":"2026-03-13T02:06:17+00:00","og_image":[{"width":992,"height":557,"url":"https:\/\/innoticiasbo.com\/wp-content\/uploads\/2026\/03\/image-176.png","type":"image\/png"}],"author":"Prensa 11","twitter_card":"summary_large_image","twitter_creator":"@innoticiasbo","twitter_site":"@innoticiasbo","twitter_misc":{"Escrito por":"Prensa 11","Tiempo de lectura":"4 minutos"},"schema":{"@context":"https:\/\/schema.org","@graph":[{"@type":"Article","@id":"https:\/\/innoticiasbo.com\/index.php\/2026\/03\/12\/pdc-y-libre-dicen-que-medidas-fronterizas-de-chile-con-bolivia-no-deben-entropecer-vinculos\/#article","isPartOf":{"@id":"https:\/\/innoticiasbo.com\/index.php\/2026\/03\/12\/pdc-y-libre-dicen-que-medidas-fronterizas-de-chile-con-bolivia-no-deben-entropecer-vinculos\/"},"author":{"name":"Prensa 11","@id":"https:\/\/innoticiasbo.com\/#\/schema\/person\/0b28481e8d0316f83a13bc702311def5"},"headline":"PDC Y LIBRE DICEN QUE MEDIDAS FRONTERIZAS DE CHILE CON BOLIVIA NO DEBEN \u201cENTROPECER\u201d V\u00cdNCULOS","datePublished":"2026-03-13T02:06:15+00:00","dateModified":"2026-03-13T02:06:17+00:00","mainEntityOfPage":{"@id":"https:\/\/innoticiasbo.com\/index.php\/2026\/03\/12\/pdc-y-libre-dicen-que-medidas-fronterizas-de-chile-con-bolivia-no-deben-entropecer-vinculos\/"},"wordCount":698,"commentCount":0,"publisher":{"@id":"https:\/\/innoticiasbo.com\/#organization"},"image":{"@id":"https:\/\/innoticiasbo.com\/index.php\/2026\/03\/12\/pdc-y-libre-dicen-que-medidas-fronterizas-de-chile-con-bolivia-no-deben-entropecer-vinculos\/#primaryimage"},"thumbnailUrl":"https:\/\/i0.wp.com\/innoticiasbo.com\/wp-content\/uploads\/2026\/03\/image-176.png?fit=992%2C557&ssl=1","keywords":["alianza Libre","Bolivia","Chile","PDC","Pol\u00edtica","Relaciones Bolivia-Chile"],"articleSection":["Bolivia","Pol\u00edtica"],"inLanguage":"es","potentialAction":[{"@type":"CommentAction","name":"Comment","target":["https:\/\/innoticiasbo.com\/index.php\/2026\/03\/12\/pdc-y-libre-dicen-que-medidas-fronterizas-de-chile-con-bolivia-no-deben-entropecer-vinculos\/#respond"]}]},{"@type":"WebPage","@id":"https:\/\/innoticiasbo.com\/index.php\/2026\/03\/12\/pdc-y-libre-dicen-que-medidas-fronterizas-de-chile-con-bolivia-no-deben-entropecer-vinculos\/","url":"https:\/\/innoticiasbo.com\/index.php\/2026\/03\/12\/pdc-y-libre-dicen-que-medidas-fronterizas-de-chile-con-bolivia-no-deben-entropecer-vinculos\/","name":"PDC Y LIBRE DICEN QUE MEDIDAS FRONTERIZAS DE CHILE CON BOLIVIA NO DEBEN \u201cENTROPECER\u201d V\u00cdNCULOS - innoticiasbo.com","isPartOf":{"@id":"https:\/\/innoticiasbo.com\/#website"},"primaryImageOfPage":{"@id":"https:\/\/innoticiasbo.com\/index.php\/2026\/03\/12\/pdc-y-libre-dicen-que-medidas-fronterizas-de-chile-con-bolivia-no-deben-entropecer-vinculos\/#primaryimage"},"image":{"@id":"https:\/\/innoticiasbo.com\/index.php\/2026\/03\/12\/pdc-y-libre-dicen-que-medidas-fronterizas-de-chile-con-bolivia-no-deben-entropecer-vinculos\/#primaryimage"},"thumbnailUrl":"https:\/\/i0.wp.com\/innoticiasbo.com\/wp-content\/uploads\/2026\/03\/image-176.png?fit=992%2C557&ssl=1","datePublished":"2026-03-13T02:06:15+00:00","dateModified":"2026-03-13T02:06:17+00:00","breadcrumb":{"@id":"https:\/\/innoticiasbo.com\/index.php\/2026\/03\/12\/pdc-y-libre-dicen-que-medidas-fronterizas-de-chile-con-bolivia-no-deben-entropecer-vinculos\/#breadcrumb"},"inLanguage":"es","potentialAction":[{"@type":"ReadAction","target":["https:\/\/innoticiasbo.com\/index.php\/2026\/03\/12\/pdc-y-libre-dicen-que-medidas-fronterizas-de-chile-con-bolivia-no-deben-entropecer-vinculos\/"]}]},{"@type":"ImageObject","inLanguage":"es","@id":"https:\/\/innoticiasbo.com\/index.php\/2026\/03\/12\/pdc-y-libre-dicen-que-medidas-fronterizas-de-chile-con-bolivia-no-deben-entropecer-vinculos\/#primaryimage","url":"https:\/\/i0.wp.com\/innoticiasbo.com\/wp-content\/uploads\/2026\/03\/image-176.png?fit=992%2C557&ssl=1","contentUrl":"https:\/\/i0.wp.com\/innoticiasbo.com\/wp-content\/uploads\/2026\/03\/image-176.png?fit=992%2C557&ssl=1","width":992,"height":557},{"@type":"BreadcrumbList","@id":"https:\/\/innoticiasbo.com\/index.php\/2026\/03\/12\/pdc-y-libre-dicen-que-medidas-fronterizas-de-chile-con-bolivia-no-deben-entropecer-vinculos\/#breadcrumb","itemListElement":[{"@type":"ListItem","position":1,"name":"Portada","item":"https:\/\/innoticiasbo.com\/"},{"@type":"ListItem","position":2,"name":"PDC Y LIBRE DICEN QUE MEDIDAS FRONTERIZAS DE CHILE CON BOLIVIA NO DEBEN \u201cENTROPECER\u201d V\u00cdNCULOS"}]},{"@type":"WebSite","@id":"https:\/\/innoticiasbo.com\/#website","url":"https:\/\/innoticiasbo.com\/","name":"innoticiasbo.com","description":"","publisher":{"@id":"https:\/\/innoticiasbo.com\/#organization"},"potentialAction":[{"@type":"SearchAction","target":{"@type":"EntryPoint","urlTemplate":"https:\/\/innoticiasbo.com\/?s={search_term_string}"},"query-input":{"@type":"PropertyValueSpecification","valueRequired":true,"valueName":"search_term_string"}}],"inLanguage":"es"},{"@type":"Organization","@id":"https:\/\/innoticiasbo.com\/#organization","name":"innoticiasbo.com","url":"https:\/\/innoticiasbo.com\/","logo":{"@type":"ImageObject","inLanguage":"es","@id":"https:\/\/innoticiasbo.com\/#\/schema\/logo\/image\/","url":"https:\/\/i0.wp.com\/innoticiasbo.com\/wp-content\/uploads\/2026\/04\/cropped-IN-LOGO.png?fit=1476%2C1476&ssl=1","contentUrl":"https:\/\/i0.wp.com\/innoticiasbo.com\/wp-content\/uploads\/2026\/04\/cropped-IN-LOGO.png?fit=1476%2C1476&ssl=1","width":1476,"height":1476,"caption":"innoticiasbo.com"},"image":{"@id":"https:\/\/innoticiasbo.com\/#\/schema\/logo\/image\/"},"sameAs":["https:\/\/www.facebook.com\/innoticiasbolivia","https:\/\/x.com\/innoticiasbo","https:\/\/www.instagram.com\/innoticiasbo","https:\/\/www.youtube.com\/innoticiasbo"]},{"@type":"Person","@id":"https:\/\/innoticiasbo.com\/#\/schema\/person\/0b28481e8d0316f83a13bc702311def5","name":"Prensa 11","image":{"@type":"ImageObject","inLanguage":"es","@id":"https:\/\/innoticiasbo.com\/#\/schema\/person\/image\/","url":"https:\/\/secure.gravatar.com\/avatar\/696560c17349f1807a610bf83832bad0?s=96&d=mm&r=g","contentUrl":"https:\/\/secure.gravatar.com\/avatar\/696560c17349f1807a610bf83832bad0?s=96&d=mm&r=g","caption":"Prensa 11"},"sameAs":["http:\/\/www.innoticiasbo.com"],"url":"https:\/\/innoticiasbo.com\/index.php\/author\/prensa-11\/"}]}},"jetpack_featured_media_url":"https:\/\/i0.wp.com\/innoticiasbo.com\/wp-content\/uploads\/2026\/03\/image-176.png?fit=992%2C557&ssl=1","jetpack_likes_enabled":true,"jetpack_sharing_enabled":true,"jetpack_shortlink":"https:\/\/wp.me\/pg298x-2up","_links":{"self":[{"href":"https:\/\/innoticiasbo.com\/index.php\/wp-json\/wp\/v2\/posts\/9573","targetHints":{"allow":["GET"]}}],"collection":[{"href":"https:\/\/innoticiasbo.com\/index.php\/wp-json\/wp\/v2\/posts"}],"about":[{"href":"https:\/\/innoticiasbo.com\/index.php\/wp-json\/wp\/v2\/types\/post"}],"author":[{"embeddable":true,"href":"https:\/\/innoticiasbo.com\/index.php\/wp-json\/wp\/v2\/users\/11"}],"replies":[{"embeddable":true,"href":"https:\/\/innoticiasbo.com\/index.php\/wp-json\/wp\/v2\/comments?post=9573"}],"version-history":[{"count":1,"href":"https:\/\/innoticiasbo.com\/index.php\/wp-json\/wp\/v2\/posts\/9573\/revisions"}],"predecessor-version":[{"id":9575,"href":"https:\/\/innoticiasbo.com\/index.php\/wp-json\/wp\/v2\/posts\/9573\/revisions\/9575"}],"wp:featuredmedia":[{"embeddable":true,"href":"https:\/\/innoticiasbo.com\/index.php\/wp-json\/wp\/v2\/media\/9574"}],"wp:attachment":[{"href":"https:\/\/innoticiasbo.com\/index.php\/wp-json\/wp\/v2\/media?parent=9573"}],"wp:term":[{"taxonomy":"category","embeddable":true,"href":"https:\/\/innoticiasbo.com\/index.php\/wp-json\/wp\/v2\/categories?post=9573"},{"taxonomy":"post_tag","embeddable":true,"href":"https:\/\/innoticiasbo.com\/index.php\/wp-json\/wp\/v2\/tags?post=9573"}],"curies":[{"name":"wp","href":"https:\/\/api.w.org\/{rel}","templated":true}]}}