{"id":9570,"date":"2026-03-12T21:47:05","date_gmt":"2026-03-13T01:47:05","guid":{"rendered":"https:\/\/innoticiasbo.com\/?p=9570"},"modified":"2026-03-12T21:47:06","modified_gmt":"2026-03-13T01:47:06","slug":"lara-advierte-si-paz-quiere-gobernar-abusando-de-su-poder-conmigo-a-la-cabeza-vamos-a-recuperar-la-democracia","status":"publish","type":"post","link":"https:\/\/innoticiasbo.com\/index.php\/2026\/03\/12\/lara-advierte-si-paz-quiere-gobernar-abusando-de-su-poder-conmigo-a-la-cabeza-vamos-a-recuperar-la-democracia\/","title":{"rendered":"LARA ADVIERTE: SI PAZ QUIERE GOBERNAR ABUSANDO DE SU PODER, CONMIGO A LA CABEZA VAMOS A RECUPERAR LA DEMOCRACIA"},"content":{"rendered":"\n<figure class=\"wp-block-image size-full\"><img data-recalc-dims=\"1\" loading=\"lazy\" decoding=\"async\" width=\"640\" height=\"360\" src=\"https:\/\/i0.wp.com\/innoticiasbo.com\/wp-content\/uploads\/2026\/03\/image-175.png?resize=640%2C360&#038;ssl=1\" alt=\"\" class=\"wp-image-9571\" srcset=\"https:\/\/i0.wp.com\/innoticiasbo.com\/wp-content\/uploads\/2026\/03\/image-175.png?w=992&amp;ssl=1 992w, https:\/\/i0.wp.com\/innoticiasbo.com\/wp-content\/uploads\/2026\/03\/image-175.png?resize=300%2C169&amp;ssl=1 300w, https:\/\/i0.wp.com\/innoticiasbo.com\/wp-content\/uploads\/2026\/03\/image-175.png?resize=768%2C432&amp;ssl=1 768w\" sizes=\"auto, (max-width: 640px) 100vw, 640px\" \/><\/figure>\n\n\n\n<p><strong>Pa\u00eds, 12 de Marzo de 2026.-<\/strong> \u201cSi Paz quiere gobernar abusando de su poder vamos a tener que encabezar las luchas. Conmigo a la cabeza vamos a recuperar la democracia\u201d, asever\u00f3.<\/p>\n\n\n\n<p>El vicepresidente del Estado, Edmand Lara, en un acto p\u00fablico, advirti\u00f3 que si Rodrigo Paz quiere gobernar \u201cabusando de su poder\u201d, \u00e9l mismo encabezar\u00e1 la lucha para \u201crecuperar la democracia\u201d.<\/p>\n\n\n\n<p>Un video difundido por DTV, muestra a Lara en un acto p\u00fablico y ante sus seguidores asegura que \u201ctampoco vamos a permitir m\u00e1s avisos, atropellos y decretazos\u201d.<\/p>\n\n\n\n<p>\u201cSi Paz quiere gobernar abusando de su poder vamos a tener que encabezar las luchas. Conmigo a la cabeza vamos a recuperar la democracia\u201d, asever\u00f3.<\/p>\n\n\n\n<p>En ese sentido, Lara convoc\u00f3 a sus seguidores y la poblaci\u00f3n en general a participar del cabildo a desarrollarse el pr\u00f3ximo 11 de abril y que fue convocado por el senador Nilton Condori.<\/p>\n\n\n\n<p>\u201cEl 11 de abril es un d\u00eda clave. No pueden quedarse sentados en su casa mirando\u201d, asever\u00f3 y advirti\u00f3 que las decisiones que se tomen en el cabildo \u201ctendr\u00e1 fuerza de Ley\u201d.<\/p>\n\n\n\n<p>Entre las propuestas de Lara est\u00e1 el eliminar la renta vitalicia, que los funcionarios p\u00fablicos reduzcan sus salarios y aumentar el presupuesto del sistema de salud.<\/p>\n\n\n\n<p>Condori convoc\u00f3 al cabildo, en medio de su gira nacional, donde verifica el trabajo de sus colegas parlamentarios y promueve la realizaci\u00f3n de un referendo para bajarles los salarios a la mitad.<\/p>\n\n\n\n<p>Fuente: Opini\u00f3n<\/p>\n","protected":false},"excerpt":{"rendered":"<p>Pa\u00eds, 12 de Marzo de 2026.- \u201cSi Paz quiere gobernar abusando de su poder vamos a tener que encabezar las luchas. Conmigo a la cabeza vamos a recuperar la democracia\u201d, asever\u00f3. El vicepresidente del Estado, Edmand Lara, en un acto p\u00fablico, advirti\u00f3 que si Rodrigo Paz quiere gobernar \u201cabusando de su poder\u201d, \u00e9l mismo encabezar\u00e1&#8230;<\/p>\n","protected":false},"author":11,"featured_media":9571,"comment_status":"open","ping_status":"open","sticky":false,"template":"","format":"standard","meta":{"_jetpack_memberships_contains_paid_content":false,"footnotes":"","jetpack_publicize_message":"","jetpack_publicize_feature_enabled":true,"jetpack_social_post_already_shared":true,"jetpack_social_options":{"image_generator_settings":{"template":"highway","enabled":false},"version":2}},"categories":[1,3],"tags":[7,437,997,1069,10,1101,345],"class_list":["post-9570","post","type-post","status-publish","format-standard","has-post-thumbnail","hentry","category-bolivia","category-politica","tag-bolivia","tag-cap-edman-lara","tag-edman-lara","tag-edmand-lara","tag-politica","tag-politica-edmand-lara","tag-rodrigo-paz"],"jetpack_publicize_connections":[],"yoast_head":"<!-- This site is optimized with the Yoast SEO plugin v23.4 - https:\/\/yoast.com\/wordpress\/plugins\/seo\/ -->\n<title>LARA ADVIERTE: SI PAZ QUIERE GOBERNAR ABUSANDO DE SU PODER, CONMIGO A LA CABEZA VAMOS A RECUPERAR LA DEMOCRACIA - innoticiasbo.com<\/title>\n<meta name=\"robots\" content=\"index, follow, max-snippet:-1, max-image-preview:large, max-video-preview:-1\" \/>\n<link rel=\"canonical\" href=\"https:\/\/innoticiasbo.com\/index.php\/2026\/03\/12\/lara-advierte-si-paz-quiere-gobernar-abusando-de-su-poder-conmigo-a-la-cabeza-vamos-a-recuperar-la-democracia\/\" \/>\n<meta property=\"og:locale\" content=\"es_ES\" \/>\n<meta property=\"og:type\" content=\"article\" \/>\n<meta property=\"og:title\" content=\"LARA ADVIERTE: SI PAZ QUIERE GOBERNAR ABUSANDO DE SU PODER, CONMIGO A LA CABEZA VAMOS A RECUPERAR LA DEMOCRACIA - innoticiasbo.com\" \/>\n<meta property=\"og:description\" content=\"Pa\u00eds, 12 de Marzo de 2026.- \u201cSi Paz quiere gobernar abusando de su poder vamos a tener que encabezar las luchas. Conmigo a la cabeza vamos a recuperar la democracia\u201d, asever\u00f3. El vicepresidente del Estado, Edmand Lara, en un acto p\u00fablico, advirti\u00f3 que si Rodrigo Paz quiere gobernar \u201cabusando de su poder\u201d, \u00e9l mismo encabezar\u00e1...\" \/>\n<meta property=\"og:url\" content=\"https:\/\/innoticiasbo.com\/index.php\/2026\/03\/12\/lara-advierte-si-paz-quiere-gobernar-abusando-de-su-poder-conmigo-a-la-cabeza-vamos-a-recuperar-la-democracia\/\" \/>\n<meta property=\"og:site_name\" content=\"innoticiasbo.com\" \/>\n<meta property=\"article:publisher\" content=\"https:\/\/www.facebook.com\/innoticiasbolivia\" \/>\n<meta property=\"article:published_time\" content=\"2026-03-13T01:47:05+00:00\" \/>\n<meta property=\"article:modified_time\" content=\"2026-03-13T01:47:06+00:00\" \/>\n<meta property=\"og:image\" content=\"https:\/\/innoticiasbo.com\/wp-content\/uploads\/2026\/03\/image-175.png\" \/>\n\t<meta property=\"og:image:width\" content=\"992\" \/>\n\t<meta property=\"og:image:height\" content=\"558\" \/>\n\t<meta property=\"og:image:type\" content=\"image\/png\" \/>\n<meta name=\"author\" content=\"Prensa 11\" \/>\n<meta name=\"twitter:card\" content=\"summary_large_image\" \/>\n<meta name=\"twitter:creator\" content=\"@innoticiasbo\" \/>\n<meta name=\"twitter:site\" content=\"@innoticiasbo\" \/>\n<meta name=\"twitter:label1\" content=\"Escrito por\" \/>\n\t<meta name=\"twitter:data1\" content=\"Prensa 11\" \/>\n\t<meta name=\"twitter:label2\" content=\"Tiempo de lectura\" \/>\n\t<meta name=\"twitter:data2\" content=\"2 minutos\" \/>\n<script type=\"application\/ld+json\" class=\"yoast-schema-graph\">{\"@context\":\"https:\/\/schema.org\",\"@graph\":[{\"@type\":\"Article\",\"@id\":\"https:\/\/innoticiasbo.com\/index.php\/2026\/03\/12\/lara-advierte-si-paz-quiere-gobernar-abusando-de-su-poder-conmigo-a-la-cabeza-vamos-a-recuperar-la-democracia\/#article\",\"isPartOf\":{\"@id\":\"https:\/\/innoticiasbo.com\/index.php\/2026\/03\/12\/lara-advierte-si-paz-quiere-gobernar-abusando-de-su-poder-conmigo-a-la-cabeza-vamos-a-recuperar-la-democracia\/\"},\"author\":{\"name\":\"Prensa 11\",\"@id\":\"https:\/\/innoticiasbo.com\/#\/schema\/person\/0b28481e8d0316f83a13bc702311def5\"},\"headline\":\"LARA ADVIERTE: SI PAZ QUIERE GOBERNAR ABUSANDO DE SU PODER, CONMIGO A LA CABEZA VAMOS A RECUPERAR LA DEMOCRACIA\",\"datePublished\":\"2026-03-13T01:47:05+00:00\",\"dateModified\":\"2026-03-13T01:47:06+00:00\",\"mainEntityOfPage\":{\"@id\":\"https:\/\/innoticiasbo.com\/index.php\/2026\/03\/12\/lara-advierte-si-paz-quiere-gobernar-abusando-de-su-poder-conmigo-a-la-cabeza-vamos-a-recuperar-la-democracia\/\"},\"wordCount\":264,\"commentCount\":0,\"publisher\":{\"@id\":\"https:\/\/innoticiasbo.com\/#organization\"},\"image\":{\"@id\":\"https:\/\/innoticiasbo.com\/index.php\/2026\/03\/12\/lara-advierte-si-paz-quiere-gobernar-abusando-de-su-poder-conmigo-a-la-cabeza-vamos-a-recuperar-la-democracia\/#primaryimage\"},\"thumbnailUrl\":\"https:\/\/i0.wp.com\/innoticiasbo.com\/wp-content\/uploads\/2026\/03\/image-175.png?fit=992%2C558&ssl=1\",\"keywords\":[\"Bolivia\",\"Cap. Edman Lara\",\"Edman Lara\",\"Edmand Lara\",\"Pol\u00edtica\",\"pol\u00edtica Edmand Lara\",\"Rodrigo Paz\"],\"articleSection\":[\"Bolivia\",\"Pol\u00edtica\"],\"inLanguage\":\"es\",\"potentialAction\":[{\"@type\":\"CommentAction\",\"name\":\"Comment\",\"target\":[\"https:\/\/innoticiasbo.com\/index.php\/2026\/03\/12\/lara-advierte-si-paz-quiere-gobernar-abusando-de-su-poder-conmigo-a-la-cabeza-vamos-a-recuperar-la-democracia\/#respond\"]}]},{\"@type\":\"WebPage\",\"@id\":\"https:\/\/innoticiasbo.com\/index.php\/2026\/03\/12\/lara-advierte-si-paz-quiere-gobernar-abusando-de-su-poder-conmigo-a-la-cabeza-vamos-a-recuperar-la-democracia\/\",\"url\":\"https:\/\/innoticiasbo.com\/index.php\/2026\/03\/12\/lara-advierte-si-paz-quiere-gobernar-abusando-de-su-poder-conmigo-a-la-cabeza-vamos-a-recuperar-la-democracia\/\",\"name\":\"LARA ADVIERTE: SI PAZ QUIERE GOBERNAR ABUSANDO DE SU PODER, CONMIGO A LA CABEZA VAMOS A RECUPERAR LA DEMOCRACIA - innoticiasbo.com\",\"isPartOf\":{\"@id\":\"https:\/\/innoticiasbo.com\/#website\"},\"primaryImageOfPage\":{\"@id\":\"https:\/\/innoticiasbo.com\/index.php\/2026\/03\/12\/lara-advierte-si-paz-quiere-gobernar-abusando-de-su-poder-conmigo-a-la-cabeza-vamos-a-recuperar-la-democracia\/#primaryimage\"},\"image\":{\"@id\":\"https:\/\/innoticiasbo.com\/index.php\/2026\/03\/12\/lara-advierte-si-paz-quiere-gobernar-abusando-de-su-poder-conmigo-a-la-cabeza-vamos-a-recuperar-la-democracia\/#primaryimage\"},\"thumbnailUrl\":\"https:\/\/i0.wp.com\/innoticiasbo.com\/wp-content\/uploads\/2026\/03\/image-175.png?fit=992%2C558&ssl=1\",\"datePublished\":\"2026-03-13T01:47:05+00:00\",\"dateModified\":\"2026-03-13T01:47:06+00:00\",\"breadcrumb\":{\"@id\":\"https:\/\/innoticiasbo.com\/index.php\/2026\/03\/12\/lara-advierte-si-paz-quiere-gobernar-abusando-de-su-poder-conmigo-a-la-cabeza-vamos-a-recuperar-la-democracia\/#breadcrumb\"},\"inLanguage\":\"es\",\"potentialAction\":[{\"@type\":\"ReadAction\",\"target\":[\"https:\/\/innoticiasbo.com\/index.php\/2026\/03\/12\/lara-advierte-si-paz-quiere-gobernar-abusando-de-su-poder-conmigo-a-la-cabeza-vamos-a-recuperar-la-democracia\/\"]}]},{\"@type\":\"ImageObject\",\"inLanguage\":\"es\",\"@id\":\"https:\/\/innoticiasbo.com\/index.php\/2026\/03\/12\/lara-advierte-si-paz-quiere-gobernar-abusando-de-su-poder-conmigo-a-la-cabeza-vamos-a-recuperar-la-democracia\/#primaryimage\",\"url\":\"https:\/\/i0.wp.com\/innoticiasbo.com\/wp-content\/uploads\/2026\/03\/image-175.png?fit=992%2C558&ssl=1\",\"contentUrl\":\"https:\/\/i0.wp.com\/innoticiasbo.com\/wp-content\/uploads\/2026\/03\/image-175.png?fit=992%2C558&ssl=1\",\"width\":992,\"height\":558},{\"@type\":\"BreadcrumbList\",\"@id\":\"https:\/\/innoticiasbo.com\/index.php\/2026\/03\/12\/lara-advierte-si-paz-quiere-gobernar-abusando-de-su-poder-conmigo-a-la-cabeza-vamos-a-recuperar-la-democracia\/#breadcrumb\",\"itemListElement\":[{\"@type\":\"ListItem\",\"position\":1,\"name\":\"Portada\",\"item\":\"https:\/\/innoticiasbo.com\/\"},{\"@type\":\"ListItem\",\"position\":2,\"name\":\"LARA ADVIERTE: SI PAZ QUIERE GOBERNAR ABUSANDO DE SU PODER, CONMIGO A LA CABEZA VAMOS A RECUPERAR LA DEMOCRACIA\"}]},{\"@type\":\"WebSite\",\"@id\":\"https:\/\/innoticiasbo.com\/#website\",\"url\":\"https:\/\/innoticiasbo.com\/\",\"name\":\"innoticiasbo.com\",\"description\":\"\",\"publisher\":{\"@id\":\"https:\/\/innoticiasbo.com\/#organization\"},\"potentialAction\":[{\"@type\":\"SearchAction\",\"target\":{\"@type\":\"EntryPoint\",\"urlTemplate\":\"https:\/\/innoticiasbo.com\/?s={search_term_string}\"},\"query-input\":{\"@type\":\"PropertyValueSpecification\",\"valueRequired\":true,\"valueName\":\"search_term_string\"}}],\"inLanguage\":\"es\"},{\"@type\":\"Organization\",\"@id\":\"https:\/\/innoticiasbo.com\/#organization\",\"name\":\"innoticiasbo.com\",\"url\":\"https:\/\/innoticiasbo.com\/\",\"logo\":{\"@type\":\"ImageObject\",\"inLanguage\":\"es\",\"@id\":\"https:\/\/innoticiasbo.com\/#\/schema\/logo\/image\/\",\"url\":\"https:\/\/i0.wp.com\/innoticiasbo.com\/wp-content\/uploads\/2026\/04\/cropped-IN-LOGO.png?fit=1476%2C1476&ssl=1\",\"contentUrl\":\"https:\/\/i0.wp.com\/innoticiasbo.com\/wp-content\/uploads\/2026\/04\/cropped-IN-LOGO.png?fit=1476%2C1476&ssl=1\",\"width\":1476,\"height\":1476,\"caption\":\"innoticiasbo.com\"},\"image\":{\"@id\":\"https:\/\/innoticiasbo.com\/#\/schema\/logo\/image\/\"},\"sameAs\":[\"https:\/\/www.facebook.com\/innoticiasbolivia\",\"https:\/\/x.com\/innoticiasbo\",\"https:\/\/www.instagram.com\/innoticiasbo\",\"https:\/\/www.youtube.com\/innoticiasbo\"]},{\"@type\":\"Person\",\"@id\":\"https:\/\/innoticiasbo.com\/#\/schema\/person\/0b28481e8d0316f83a13bc702311def5\",\"name\":\"Prensa 11\",\"image\":{\"@type\":\"ImageObject\",\"inLanguage\":\"es\",\"@id\":\"https:\/\/innoticiasbo.com\/#\/schema\/person\/image\/\",\"url\":\"https:\/\/secure.gravatar.com\/avatar\/696560c17349f1807a610bf83832bad0?s=96&d=mm&r=g\",\"contentUrl\":\"https:\/\/secure.gravatar.com\/avatar\/696560c17349f1807a610bf83832bad0?s=96&d=mm&r=g\",\"caption\":\"Prensa 11\"},\"sameAs\":[\"http:\/\/www.innoticiasbo.com\"],\"url\":\"https:\/\/innoticiasbo.com\/index.php\/author\/prensa-11\/\"}]}<\/script>\n<!-- \/ Yoast SEO plugin. -->","yoast_head_json":{"title":"LARA ADVIERTE: SI PAZ QUIERE GOBERNAR ABUSANDO DE SU PODER, CONMIGO A LA CABEZA VAMOS A RECUPERAR LA DEMOCRACIA - innoticiasbo.com","robots":{"index":"index","follow":"follow","max-snippet":"max-snippet:-1","max-image-preview":"max-image-preview:large","max-video-preview":"max-video-preview:-1"},"canonical":"https:\/\/innoticiasbo.com\/index.php\/2026\/03\/12\/lara-advierte-si-paz-quiere-gobernar-abusando-de-su-poder-conmigo-a-la-cabeza-vamos-a-recuperar-la-democracia\/","og_locale":"es_ES","og_type":"article","og_title":"LARA ADVIERTE: SI PAZ QUIERE GOBERNAR ABUSANDO DE SU PODER, CONMIGO A LA CABEZA VAMOS A RECUPERAR LA DEMOCRACIA - innoticiasbo.com","og_description":"Pa\u00eds, 12 de Marzo de 2026.- \u201cSi Paz quiere gobernar abusando de su poder vamos a tener que encabezar las luchas. Conmigo a la cabeza vamos a recuperar la democracia\u201d, asever\u00f3. El vicepresidente del Estado, Edmand Lara, en un acto p\u00fablico, advirti\u00f3 que si Rodrigo Paz quiere gobernar \u201cabusando de su poder\u201d, \u00e9l mismo encabezar\u00e1...","og_url":"https:\/\/innoticiasbo.com\/index.php\/2026\/03\/12\/lara-advierte-si-paz-quiere-gobernar-abusando-de-su-poder-conmigo-a-la-cabeza-vamos-a-recuperar-la-democracia\/","og_site_name":"innoticiasbo.com","article_publisher":"https:\/\/www.facebook.com\/innoticiasbolivia","article_published_time":"2026-03-13T01:47:05+00:00","article_modified_time":"2026-03-13T01:47:06+00:00","og_image":[{"width":992,"height":558,"url":"https:\/\/innoticiasbo.com\/wp-content\/uploads\/2026\/03\/image-175.png","type":"image\/png"}],"author":"Prensa 11","twitter_card":"summary_large_image","twitter_creator":"@innoticiasbo","twitter_site":"@innoticiasbo","twitter_misc":{"Escrito por":"Prensa 11","Tiempo de lectura":"2 minutos"},"schema":{"@context":"https:\/\/schema.org","@graph":[{"@type":"Article","@id":"https:\/\/innoticiasbo.com\/index.php\/2026\/03\/12\/lara-advierte-si-paz-quiere-gobernar-abusando-de-su-poder-conmigo-a-la-cabeza-vamos-a-recuperar-la-democracia\/#article","isPartOf":{"@id":"https:\/\/innoticiasbo.com\/index.php\/2026\/03\/12\/lara-advierte-si-paz-quiere-gobernar-abusando-de-su-poder-conmigo-a-la-cabeza-vamos-a-recuperar-la-democracia\/"},"author":{"name":"Prensa 11","@id":"https:\/\/innoticiasbo.com\/#\/schema\/person\/0b28481e8d0316f83a13bc702311def5"},"headline":"LARA ADVIERTE: SI PAZ QUIERE GOBERNAR ABUSANDO DE SU PODER, CONMIGO A LA CABEZA VAMOS A RECUPERAR LA DEMOCRACIA","datePublished":"2026-03-13T01:47:05+00:00","dateModified":"2026-03-13T01:47:06+00:00","mainEntityOfPage":{"@id":"https:\/\/innoticiasbo.com\/index.php\/2026\/03\/12\/lara-advierte-si-paz-quiere-gobernar-abusando-de-su-poder-conmigo-a-la-cabeza-vamos-a-recuperar-la-democracia\/"},"wordCount":264,"commentCount":0,"publisher":{"@id":"https:\/\/innoticiasbo.com\/#organization"},"image":{"@id":"https:\/\/innoticiasbo.com\/index.php\/2026\/03\/12\/lara-advierte-si-paz-quiere-gobernar-abusando-de-su-poder-conmigo-a-la-cabeza-vamos-a-recuperar-la-democracia\/#primaryimage"},"thumbnailUrl":"https:\/\/i0.wp.com\/innoticiasbo.com\/wp-content\/uploads\/2026\/03\/image-175.png?fit=992%2C558&ssl=1","keywords":["Bolivia","Cap. Edman Lara","Edman Lara","Edmand Lara","Pol\u00edtica","pol\u00edtica Edmand Lara","Rodrigo Paz"],"articleSection":["Bolivia","Pol\u00edtica"],"inLanguage":"es","potentialAction":[{"@type":"CommentAction","name":"Comment","target":["https:\/\/innoticiasbo.com\/index.php\/2026\/03\/12\/lara-advierte-si-paz-quiere-gobernar-abusando-de-su-poder-conmigo-a-la-cabeza-vamos-a-recuperar-la-democracia\/#respond"]}]},{"@type":"WebPage","@id":"https:\/\/innoticiasbo.com\/index.php\/2026\/03\/12\/lara-advierte-si-paz-quiere-gobernar-abusando-de-su-poder-conmigo-a-la-cabeza-vamos-a-recuperar-la-democracia\/","url":"https:\/\/innoticiasbo.com\/index.php\/2026\/03\/12\/lara-advierte-si-paz-quiere-gobernar-abusando-de-su-poder-conmigo-a-la-cabeza-vamos-a-recuperar-la-democracia\/","name":"LARA ADVIERTE: SI PAZ QUIERE GOBERNAR ABUSANDO DE SU PODER, CONMIGO A LA CABEZA VAMOS A RECUPERAR LA DEMOCRACIA - innoticiasbo.com","isPartOf":{"@id":"https:\/\/innoticiasbo.com\/#website"},"primaryImageOfPage":{"@id":"https:\/\/innoticiasbo.com\/index.php\/2026\/03\/12\/lara-advierte-si-paz-quiere-gobernar-abusando-de-su-poder-conmigo-a-la-cabeza-vamos-a-recuperar-la-democracia\/#primaryimage"},"image":{"@id":"https:\/\/innoticiasbo.com\/index.php\/2026\/03\/12\/lara-advierte-si-paz-quiere-gobernar-abusando-de-su-poder-conmigo-a-la-cabeza-vamos-a-recuperar-la-democracia\/#primaryimage"},"thumbnailUrl":"https:\/\/i0.wp.com\/innoticiasbo.com\/wp-content\/uploads\/2026\/03\/image-175.png?fit=992%2C558&ssl=1","datePublished":"2026-03-13T01:47:05+00:00","dateModified":"2026-03-13T01:47:06+00:00","breadcrumb":{"@id":"https:\/\/innoticiasbo.com\/index.php\/2026\/03\/12\/lara-advierte-si-paz-quiere-gobernar-abusando-de-su-poder-conmigo-a-la-cabeza-vamos-a-recuperar-la-democracia\/#breadcrumb"},"inLanguage":"es","potentialAction":[{"@type":"ReadAction","target":["https:\/\/innoticiasbo.com\/index.php\/2026\/03\/12\/lara-advierte-si-paz-quiere-gobernar-abusando-de-su-poder-conmigo-a-la-cabeza-vamos-a-recuperar-la-democracia\/"]}]},{"@type":"ImageObject","inLanguage":"es","@id":"https:\/\/innoticiasbo.com\/index.php\/2026\/03\/12\/lara-advierte-si-paz-quiere-gobernar-abusando-de-su-poder-conmigo-a-la-cabeza-vamos-a-recuperar-la-democracia\/#primaryimage","url":"https:\/\/i0.wp.com\/innoticiasbo.com\/wp-content\/uploads\/2026\/03\/image-175.png?fit=992%2C558&ssl=1","contentUrl":"https:\/\/i0.wp.com\/innoticiasbo.com\/wp-content\/uploads\/2026\/03\/image-175.png?fit=992%2C558&ssl=1","width":992,"height":558},{"@type":"BreadcrumbList","@id":"https:\/\/innoticiasbo.com\/index.php\/2026\/03\/12\/lara-advierte-si-paz-quiere-gobernar-abusando-de-su-poder-conmigo-a-la-cabeza-vamos-a-recuperar-la-democracia\/#breadcrumb","itemListElement":[{"@type":"ListItem","position":1,"name":"Portada","item":"https:\/\/innoticiasbo.com\/"},{"@type":"ListItem","position":2,"name":"LARA ADVIERTE: SI PAZ QUIERE GOBERNAR ABUSANDO DE SU PODER, CONMIGO A LA CABEZA VAMOS A RECUPERAR LA DEMOCRACIA"}]},{"@type":"WebSite","@id":"https:\/\/innoticiasbo.com\/#website","url":"https:\/\/innoticiasbo.com\/","name":"innoticiasbo.com","description":"","publisher":{"@id":"https:\/\/innoticiasbo.com\/#organization"},"potentialAction":[{"@type":"SearchAction","target":{"@type":"EntryPoint","urlTemplate":"https:\/\/innoticiasbo.com\/?s={search_term_string}"},"query-input":{"@type":"PropertyValueSpecification","valueRequired":true,"valueName":"search_term_string"}}],"inLanguage":"es"},{"@type":"Organization","@id":"https:\/\/innoticiasbo.com\/#organization","name":"innoticiasbo.com","url":"https:\/\/innoticiasbo.com\/","logo":{"@type":"ImageObject","inLanguage":"es","@id":"https:\/\/innoticiasbo.com\/#\/schema\/logo\/image\/","url":"https:\/\/i0.wp.com\/innoticiasbo.com\/wp-content\/uploads\/2026\/04\/cropped-IN-LOGO.png?fit=1476%2C1476&ssl=1","contentUrl":"https:\/\/i0.wp.com\/innoticiasbo.com\/wp-content\/uploads\/2026\/04\/cropped-IN-LOGO.png?fit=1476%2C1476&ssl=1","width":1476,"height":1476,"caption":"innoticiasbo.com"},"image":{"@id":"https:\/\/innoticiasbo.com\/#\/schema\/logo\/image\/"},"sameAs":["https:\/\/www.facebook.com\/innoticiasbolivia","https:\/\/x.com\/innoticiasbo","https:\/\/www.instagram.com\/innoticiasbo","https:\/\/www.youtube.com\/innoticiasbo"]},{"@type":"Person","@id":"https:\/\/innoticiasbo.com\/#\/schema\/person\/0b28481e8d0316f83a13bc702311def5","name":"Prensa 11","image":{"@type":"ImageObject","inLanguage":"es","@id":"https:\/\/innoticiasbo.com\/#\/schema\/person\/image\/","url":"https:\/\/secure.gravatar.com\/avatar\/696560c17349f1807a610bf83832bad0?s=96&d=mm&r=g","contentUrl":"https:\/\/secure.gravatar.com\/avatar\/696560c17349f1807a610bf83832bad0?s=96&d=mm&r=g","caption":"Prensa 11"},"sameAs":["http:\/\/www.innoticiasbo.com"],"url":"https:\/\/innoticiasbo.com\/index.php\/author\/prensa-11\/"}]}},"jetpack_featured_media_url":"https:\/\/i0.wp.com\/innoticiasbo.com\/wp-content\/uploads\/2026\/03\/image-175.png?fit=992%2C558&ssl=1","jetpack_likes_enabled":true,"jetpack_sharing_enabled":true,"jetpack_shortlink":"https:\/\/wp.me\/pg298x-2um","_links":{"self":[{"href":"https:\/\/innoticiasbo.com\/index.php\/wp-json\/wp\/v2\/posts\/9570","targetHints":{"allow":["GET"]}}],"collection":[{"href":"https:\/\/innoticiasbo.com\/index.php\/wp-json\/wp\/v2\/posts"}],"about":[{"href":"https:\/\/innoticiasbo.com\/index.php\/wp-json\/wp\/v2\/types\/post"}],"author":[{"embeddable":true,"href":"https:\/\/innoticiasbo.com\/index.php\/wp-json\/wp\/v2\/users\/11"}],"replies":[{"embeddable":true,"href":"https:\/\/innoticiasbo.com\/index.php\/wp-json\/wp\/v2\/comments?post=9570"}],"version-history":[{"count":1,"href":"https:\/\/innoticiasbo.com\/index.php\/wp-json\/wp\/v2\/posts\/9570\/revisions"}],"predecessor-version":[{"id":9572,"href":"https:\/\/innoticiasbo.com\/index.php\/wp-json\/wp\/v2\/posts\/9570\/revisions\/9572"}],"wp:featuredmedia":[{"embeddable":true,"href":"https:\/\/innoticiasbo.com\/index.php\/wp-json\/wp\/v2\/media\/9571"}],"wp:attachment":[{"href":"https:\/\/innoticiasbo.com\/index.php\/wp-json\/wp\/v2\/media?parent=9570"}],"wp:term":[{"taxonomy":"category","embeddable":true,"href":"https:\/\/innoticiasbo.com\/index.php\/wp-json\/wp\/v2\/categories?post=9570"},{"taxonomy":"post_tag","embeddable":true,"href":"https:\/\/innoticiasbo.com\/index.php\/wp-json\/wp\/v2\/tags?post=9570"}],"curies":[{"name":"wp","href":"https:\/\/api.w.org\/{rel}","templated":true}]}}