{"id":9567,"date":"2026-03-12T21:32:29","date_gmt":"2026-03-13T01:32:29","guid":{"rendered":"https:\/\/innoticiasbo.com\/?p=9567"},"modified":"2026-03-12T21:32:31","modified_gmt":"2026-03-13T01:32:31","slug":"elvira-parra-vuelve-a-la-carcel-dictan-cinco-meses-de-detencion-preventiva-en-miraflores","status":"publish","type":"post","link":"https:\/\/innoticiasbo.com\/index.php\/2026\/03\/12\/elvira-parra-vuelve-a-la-carcel-dictan-cinco-meses-de-detencion-preventiva-en-miraflores\/","title":{"rendered":"ELVIRA PARRA VUELVE A LA C\u00c1RCEL: DICTAN CINCO MESES DE DETENCI\u00d3N PREVENTIVA EN MIRAFLORES"},"content":{"rendered":"\n<figure class=\"wp-block-image size-full\"><img data-recalc-dims=\"1\" loading=\"lazy\" decoding=\"async\" width=\"640\" height=\"360\" src=\"https:\/\/i0.wp.com\/innoticiasbo.com\/wp-content\/uploads\/2026\/03\/image-174.png?resize=640%2C360&#038;ssl=1\" alt=\"\" class=\"wp-image-9568\" srcset=\"https:\/\/i0.wp.com\/innoticiasbo.com\/wp-content\/uploads\/2026\/03\/image-174.png?w=992&amp;ssl=1 992w, https:\/\/i0.wp.com\/innoticiasbo.com\/wp-content\/uploads\/2026\/03\/image-174.png?resize=300%2C169&amp;ssl=1 300w, https:\/\/i0.wp.com\/innoticiasbo.com\/wp-content\/uploads\/2026\/03\/image-174.png?resize=768%2C432&amp;ssl=1 768w\" sizes=\"auto, (max-width: 640px) 100vw, 640px\" \/><\/figure>\n\n\n\n<p><strong>La Paz, 12 de Marzo de 2026.-<\/strong> La Justicia determin\u00f3 la detenci\u00f3n preventiva por cinco meses de la exdirectora del Fondo Ind\u00edgena, Elvira Parra, quien ser\u00e1 recluida en el penal de Miraflores mientras avanza la investigaci\u00f3n en su contra. Su defensa anunci\u00f3 que apelar\u00e1 la decisi\u00f3n judicial.<\/p>\n\n\n\n<p>La medida corresponde a la investigaci\u00f3n relacionada con un proyecto de producci\u00f3n de miel.&nbsp;<\/p>\n\n\n\n<p>El abogado Vladimir Gonzales detall\u00f3 que el juez consider\u00f3 que a\u00fan faltan personas por declarar dentro del proceso.&nbsp;<\/p>\n\n\n\n<p>Adem\u00e1s, la Fiscal\u00eda argument\u00f3 riesgo de fuga con base en un antecedente penal que, de acuerdo con la defensa, ya fue cumplido, aunque no habr\u00eda sido anulado en el registro.<\/p>\n\n\n\n<p>El jurista se\u00f1al\u00f3 que durante la audiencia se inform\u00f3 al juez sobre el delicado estado de salud de Parra, que \u2014seg\u00fan dijo\u2014 se agrav\u00f3 mientras permanec\u00eda en celdas policiales. Pese a ello, la autoridad judicial decidi\u00f3 mantener la medida de detenci\u00f3n preventiva.<\/p>\n\n\n\n<p>La reclusi\u00f3n fue fijada en el penal de Miraflores y no en Obrajes, debido a que en este \u00faltimo recinto se encuentra la coacusada Lidia Patty. La decisi\u00f3n busca evitar cualquier contacto entre ambas mientras contin\u00faan las investigaciones.<\/p>\n\n\n\n<p>M\u00e1s temprano, el defensor del Pueblo, Pedro Callisaya, calific\u00f3 la situaci\u00f3n de Parra como \u201cuna persecuci\u00f3n inhumana\u201d y se\u00f1al\u00f3 que enfrenta 55 procesos vinculados al caso del Fondo Ind\u00edgena, varios de los cuales contin\u00faan en investigaci\u00f3n despu\u00e9s de m\u00e1s de una d\u00e9cada.<\/p>\n\n\n\n<p>Parra estuvo detenida preventivamente entre 2015 y 2023. Seg\u00fan la Defensor\u00eda del Pueblo, algunos procesos siguen activos en distintos departamentos y obligan a constantes traslados para audiencias.<\/p>\n\n\n\n<p>D\u00edas antes, su esposo Joaqu\u00edn Chuquimia expres\u00f3 temor por la situaci\u00f3n judicial de Parra y dijo que teme que enfrente \u201cel mismo final que Marco Antonio Aramayo\u201d.<\/p>\n\n\n\n<p>Fuentes: Opini\u00f3n<\/p>\n","protected":false},"excerpt":{"rendered":"<p>La Paz, 12 de Marzo de 2026.- La Justicia determin\u00f3 la detenci\u00f3n preventiva por cinco meses de la exdirectora del Fondo Ind\u00edgena, Elvira Parra, quien ser\u00e1 recluida en el penal de Miraflores mientras avanza la investigaci\u00f3n en su contra. Su defensa anunci\u00f3 que apelar\u00e1 la decisi\u00f3n judicial. La medida corresponde a la investigaci\u00f3n relacionada con&#8230;<\/p>\n","protected":false},"author":11,"featured_media":9568,"comment_status":"open","ping_status":"open","sticky":false,"template":"","format":"standard","meta":{"_jetpack_memberships_contains_paid_content":false,"footnotes":"","jetpack_publicize_message":"","jetpack_publicize_feature_enabled":true,"jetpack_social_post_already_shared":true,"jetpack_social_options":{"image_generator_settings":{"template":"highway","enabled":false},"version":2}},"categories":[1,3],"tags":[7,417,1480,1481,615,1479,10],"class_list":["post-9567","post","type-post","status-publish","format-standard","has-post-thumbnail","hentry","category-bolivia","category-politica","tag-bolivia","tag-detencion-preventiva","tag-elvira-parra","tag-fondo-indigena","tag-la-paz","tag-miraflores","tag-politica"],"jetpack_publicize_connections":[],"yoast_head":"<!-- This site is optimized with the Yoast SEO plugin v23.4 - https:\/\/yoast.com\/wordpress\/plugins\/seo\/ -->\n<title>ELVIRA PARRA VUELVE A LA C\u00c1RCEL: DICTAN CINCO MESES DE DETENCI\u00d3N PREVENTIVA EN MIRAFLORES - innoticiasbo.com<\/title>\n<meta name=\"robots\" content=\"index, follow, max-snippet:-1, max-image-preview:large, max-video-preview:-1\" \/>\n<link rel=\"canonical\" href=\"https:\/\/innoticiasbo.com\/index.php\/2026\/03\/12\/elvira-parra-vuelve-a-la-carcel-dictan-cinco-meses-de-detencion-preventiva-en-miraflores\/\" \/>\n<meta property=\"og:locale\" content=\"es_ES\" \/>\n<meta property=\"og:type\" content=\"article\" \/>\n<meta property=\"og:title\" content=\"ELVIRA PARRA VUELVE A LA C\u00c1RCEL: DICTAN CINCO MESES DE DETENCI\u00d3N PREVENTIVA EN MIRAFLORES - innoticiasbo.com\" \/>\n<meta property=\"og:description\" content=\"La Paz, 12 de Marzo de 2026.- La Justicia determin\u00f3 la detenci\u00f3n preventiva por cinco meses de la exdirectora del Fondo Ind\u00edgena, Elvira Parra, quien ser\u00e1 recluida en el penal de Miraflores mientras avanza la investigaci\u00f3n en su contra. Su defensa anunci\u00f3 que apelar\u00e1 la decisi\u00f3n judicial. La medida corresponde a la investigaci\u00f3n relacionada con...\" \/>\n<meta property=\"og:url\" content=\"https:\/\/innoticiasbo.com\/index.php\/2026\/03\/12\/elvira-parra-vuelve-a-la-carcel-dictan-cinco-meses-de-detencion-preventiva-en-miraflores\/\" \/>\n<meta property=\"og:site_name\" content=\"innoticiasbo.com\" \/>\n<meta property=\"article:publisher\" content=\"https:\/\/www.facebook.com\/innoticiasbolivia\" \/>\n<meta property=\"article:published_time\" content=\"2026-03-13T01:32:29+00:00\" \/>\n<meta property=\"article:modified_time\" content=\"2026-03-13T01:32:31+00:00\" \/>\n<meta property=\"og:image\" content=\"https:\/\/innoticiasbo.com\/wp-content\/uploads\/2026\/03\/image-174.png\" \/>\n\t<meta property=\"og:image:width\" content=\"992\" \/>\n\t<meta property=\"og:image:height\" content=\"558\" \/>\n\t<meta property=\"og:image:type\" content=\"image\/png\" \/>\n<meta name=\"author\" content=\"Prensa 11\" \/>\n<meta name=\"twitter:card\" content=\"summary_large_image\" \/>\n<meta name=\"twitter:creator\" content=\"@innoticiasbo\" \/>\n<meta name=\"twitter:site\" content=\"@innoticiasbo\" \/>\n<meta name=\"twitter:label1\" content=\"Escrito por\" \/>\n\t<meta name=\"twitter:data1\" content=\"Prensa 11\" \/>\n\t<meta name=\"twitter:label2\" content=\"Tiempo de lectura\" \/>\n\t<meta name=\"twitter:data2\" content=\"2 minutos\" \/>\n<script type=\"application\/ld+json\" class=\"yoast-schema-graph\">{\"@context\":\"https:\/\/schema.org\",\"@graph\":[{\"@type\":\"Article\",\"@id\":\"https:\/\/innoticiasbo.com\/index.php\/2026\/03\/12\/elvira-parra-vuelve-a-la-carcel-dictan-cinco-meses-de-detencion-preventiva-en-miraflores\/#article\",\"isPartOf\":{\"@id\":\"https:\/\/innoticiasbo.com\/index.php\/2026\/03\/12\/elvira-parra-vuelve-a-la-carcel-dictan-cinco-meses-de-detencion-preventiva-en-miraflores\/\"},\"author\":{\"name\":\"Prensa 11\",\"@id\":\"https:\/\/innoticiasbo.com\/#\/schema\/person\/0b28481e8d0316f83a13bc702311def5\"},\"headline\":\"ELVIRA PARRA VUELVE A LA C\u00c1RCEL: DICTAN CINCO MESES DE DETENCI\u00d3N PREVENTIVA EN MIRAFLORES\",\"datePublished\":\"2026-03-13T01:32:29+00:00\",\"dateModified\":\"2026-03-13T01:32:31+00:00\",\"mainEntityOfPage\":{\"@id\":\"https:\/\/innoticiasbo.com\/index.php\/2026\/03\/12\/elvira-parra-vuelve-a-la-carcel-dictan-cinco-meses-de-detencion-preventiva-en-miraflores\/\"},\"wordCount\":334,\"commentCount\":0,\"publisher\":{\"@id\":\"https:\/\/innoticiasbo.com\/#organization\"},\"image\":{\"@id\":\"https:\/\/innoticiasbo.com\/index.php\/2026\/03\/12\/elvira-parra-vuelve-a-la-carcel-dictan-cinco-meses-de-detencion-preventiva-en-miraflores\/#primaryimage\"},\"thumbnailUrl\":\"https:\/\/i0.wp.com\/innoticiasbo.com\/wp-content\/uploads\/2026\/03\/image-174.png?fit=992%2C558&ssl=1\",\"keywords\":[\"Bolivia\",\"detenci\u00f3n preventiva\",\"Elvira Parra\",\"Fondo Ind\u00edgena\",\"La Paz\",\"Miraflores\",\"Pol\u00edtica\"],\"articleSection\":[\"Bolivia\",\"Pol\u00edtica\"],\"inLanguage\":\"es\",\"potentialAction\":[{\"@type\":\"CommentAction\",\"name\":\"Comment\",\"target\":[\"https:\/\/innoticiasbo.com\/index.php\/2026\/03\/12\/elvira-parra-vuelve-a-la-carcel-dictan-cinco-meses-de-detencion-preventiva-en-miraflores\/#respond\"]}]},{\"@type\":\"WebPage\",\"@id\":\"https:\/\/innoticiasbo.com\/index.php\/2026\/03\/12\/elvira-parra-vuelve-a-la-carcel-dictan-cinco-meses-de-detencion-preventiva-en-miraflores\/\",\"url\":\"https:\/\/innoticiasbo.com\/index.php\/2026\/03\/12\/elvira-parra-vuelve-a-la-carcel-dictan-cinco-meses-de-detencion-preventiva-en-miraflores\/\",\"name\":\"ELVIRA PARRA VUELVE A LA C\u00c1RCEL: DICTAN CINCO MESES DE DETENCI\u00d3N PREVENTIVA EN MIRAFLORES - innoticiasbo.com\",\"isPartOf\":{\"@id\":\"https:\/\/innoticiasbo.com\/#website\"},\"primaryImageOfPage\":{\"@id\":\"https:\/\/innoticiasbo.com\/index.php\/2026\/03\/12\/elvira-parra-vuelve-a-la-carcel-dictan-cinco-meses-de-detencion-preventiva-en-miraflores\/#primaryimage\"},\"image\":{\"@id\":\"https:\/\/innoticiasbo.com\/index.php\/2026\/03\/12\/elvira-parra-vuelve-a-la-carcel-dictan-cinco-meses-de-detencion-preventiva-en-miraflores\/#primaryimage\"},\"thumbnailUrl\":\"https:\/\/i0.wp.com\/innoticiasbo.com\/wp-content\/uploads\/2026\/03\/image-174.png?fit=992%2C558&ssl=1\",\"datePublished\":\"2026-03-13T01:32:29+00:00\",\"dateModified\":\"2026-03-13T01:32:31+00:00\",\"breadcrumb\":{\"@id\":\"https:\/\/innoticiasbo.com\/index.php\/2026\/03\/12\/elvira-parra-vuelve-a-la-carcel-dictan-cinco-meses-de-detencion-preventiva-en-miraflores\/#breadcrumb\"},\"inLanguage\":\"es\",\"potentialAction\":[{\"@type\":\"ReadAction\",\"target\":[\"https:\/\/innoticiasbo.com\/index.php\/2026\/03\/12\/elvira-parra-vuelve-a-la-carcel-dictan-cinco-meses-de-detencion-preventiva-en-miraflores\/\"]}]},{\"@type\":\"ImageObject\",\"inLanguage\":\"es\",\"@id\":\"https:\/\/innoticiasbo.com\/index.php\/2026\/03\/12\/elvira-parra-vuelve-a-la-carcel-dictan-cinco-meses-de-detencion-preventiva-en-miraflores\/#primaryimage\",\"url\":\"https:\/\/i0.wp.com\/innoticiasbo.com\/wp-content\/uploads\/2026\/03\/image-174.png?fit=992%2C558&ssl=1\",\"contentUrl\":\"https:\/\/i0.wp.com\/innoticiasbo.com\/wp-content\/uploads\/2026\/03\/image-174.png?fit=992%2C558&ssl=1\",\"width\":992,\"height\":558},{\"@type\":\"BreadcrumbList\",\"@id\":\"https:\/\/innoticiasbo.com\/index.php\/2026\/03\/12\/elvira-parra-vuelve-a-la-carcel-dictan-cinco-meses-de-detencion-preventiva-en-miraflores\/#breadcrumb\",\"itemListElement\":[{\"@type\":\"ListItem\",\"position\":1,\"name\":\"Portada\",\"item\":\"https:\/\/innoticiasbo.com\/\"},{\"@type\":\"ListItem\",\"position\":2,\"name\":\"ELVIRA PARRA VUELVE A LA C\u00c1RCEL: DICTAN CINCO MESES DE DETENCI\u00d3N PREVENTIVA EN MIRAFLORES\"}]},{\"@type\":\"WebSite\",\"@id\":\"https:\/\/innoticiasbo.com\/#website\",\"url\":\"https:\/\/innoticiasbo.com\/\",\"name\":\"innoticiasbo.com\",\"description\":\"\",\"publisher\":{\"@id\":\"https:\/\/innoticiasbo.com\/#organization\"},\"potentialAction\":[{\"@type\":\"SearchAction\",\"target\":{\"@type\":\"EntryPoint\",\"urlTemplate\":\"https:\/\/innoticiasbo.com\/?s={search_term_string}\"},\"query-input\":{\"@type\":\"PropertyValueSpecification\",\"valueRequired\":true,\"valueName\":\"search_term_string\"}}],\"inLanguage\":\"es\"},{\"@type\":\"Organization\",\"@id\":\"https:\/\/innoticiasbo.com\/#organization\",\"name\":\"innoticiasbo.com\",\"url\":\"https:\/\/innoticiasbo.com\/\",\"logo\":{\"@type\":\"ImageObject\",\"inLanguage\":\"es\",\"@id\":\"https:\/\/innoticiasbo.com\/#\/schema\/logo\/image\/\",\"url\":\"https:\/\/i0.wp.com\/innoticiasbo.com\/wp-content\/uploads\/2026\/04\/cropped-IN-LOGO.png?fit=1476%2C1476&ssl=1\",\"contentUrl\":\"https:\/\/i0.wp.com\/innoticiasbo.com\/wp-content\/uploads\/2026\/04\/cropped-IN-LOGO.png?fit=1476%2C1476&ssl=1\",\"width\":1476,\"height\":1476,\"caption\":\"innoticiasbo.com\"},\"image\":{\"@id\":\"https:\/\/innoticiasbo.com\/#\/schema\/logo\/image\/\"},\"sameAs\":[\"https:\/\/www.facebook.com\/innoticiasbolivia\",\"https:\/\/x.com\/innoticiasbo\",\"https:\/\/www.instagram.com\/innoticiasbo\",\"https:\/\/www.youtube.com\/innoticiasbo\"]},{\"@type\":\"Person\",\"@id\":\"https:\/\/innoticiasbo.com\/#\/schema\/person\/0b28481e8d0316f83a13bc702311def5\",\"name\":\"Prensa 11\",\"image\":{\"@type\":\"ImageObject\",\"inLanguage\":\"es\",\"@id\":\"https:\/\/innoticiasbo.com\/#\/schema\/person\/image\/\",\"url\":\"https:\/\/secure.gravatar.com\/avatar\/696560c17349f1807a610bf83832bad0?s=96&d=mm&r=g\",\"contentUrl\":\"https:\/\/secure.gravatar.com\/avatar\/696560c17349f1807a610bf83832bad0?s=96&d=mm&r=g\",\"caption\":\"Prensa 11\"},\"sameAs\":[\"http:\/\/www.innoticiasbo.com\"],\"url\":\"https:\/\/innoticiasbo.com\/index.php\/author\/prensa-11\/\"}]}<\/script>\n<!-- \/ Yoast SEO plugin. -->","yoast_head_json":{"title":"ELVIRA PARRA VUELVE A LA C\u00c1RCEL: DICTAN CINCO MESES DE DETENCI\u00d3N PREVENTIVA EN MIRAFLORES - innoticiasbo.com","robots":{"index":"index","follow":"follow","max-snippet":"max-snippet:-1","max-image-preview":"max-image-preview:large","max-video-preview":"max-video-preview:-1"},"canonical":"https:\/\/innoticiasbo.com\/index.php\/2026\/03\/12\/elvira-parra-vuelve-a-la-carcel-dictan-cinco-meses-de-detencion-preventiva-en-miraflores\/","og_locale":"es_ES","og_type":"article","og_title":"ELVIRA PARRA VUELVE A LA C\u00c1RCEL: DICTAN CINCO MESES DE DETENCI\u00d3N PREVENTIVA EN MIRAFLORES - innoticiasbo.com","og_description":"La Paz, 12 de Marzo de 2026.- La Justicia determin\u00f3 la detenci\u00f3n preventiva por cinco meses de la exdirectora del Fondo Ind\u00edgena, Elvira Parra, quien ser\u00e1 recluida en el penal de Miraflores mientras avanza la investigaci\u00f3n en su contra. Su defensa anunci\u00f3 que apelar\u00e1 la decisi\u00f3n judicial. La medida corresponde a la investigaci\u00f3n relacionada con...","og_url":"https:\/\/innoticiasbo.com\/index.php\/2026\/03\/12\/elvira-parra-vuelve-a-la-carcel-dictan-cinco-meses-de-detencion-preventiva-en-miraflores\/","og_site_name":"innoticiasbo.com","article_publisher":"https:\/\/www.facebook.com\/innoticiasbolivia","article_published_time":"2026-03-13T01:32:29+00:00","article_modified_time":"2026-03-13T01:32:31+00:00","og_image":[{"width":992,"height":558,"url":"https:\/\/innoticiasbo.com\/wp-content\/uploads\/2026\/03\/image-174.png","type":"image\/png"}],"author":"Prensa 11","twitter_card":"summary_large_image","twitter_creator":"@innoticiasbo","twitter_site":"@innoticiasbo","twitter_misc":{"Escrito por":"Prensa 11","Tiempo de lectura":"2 minutos"},"schema":{"@context":"https:\/\/schema.org","@graph":[{"@type":"Article","@id":"https:\/\/innoticiasbo.com\/index.php\/2026\/03\/12\/elvira-parra-vuelve-a-la-carcel-dictan-cinco-meses-de-detencion-preventiva-en-miraflores\/#article","isPartOf":{"@id":"https:\/\/innoticiasbo.com\/index.php\/2026\/03\/12\/elvira-parra-vuelve-a-la-carcel-dictan-cinco-meses-de-detencion-preventiva-en-miraflores\/"},"author":{"name":"Prensa 11","@id":"https:\/\/innoticiasbo.com\/#\/schema\/person\/0b28481e8d0316f83a13bc702311def5"},"headline":"ELVIRA PARRA VUELVE A LA C\u00c1RCEL: DICTAN CINCO MESES DE DETENCI\u00d3N PREVENTIVA EN MIRAFLORES","datePublished":"2026-03-13T01:32:29+00:00","dateModified":"2026-03-13T01:32:31+00:00","mainEntityOfPage":{"@id":"https:\/\/innoticiasbo.com\/index.php\/2026\/03\/12\/elvira-parra-vuelve-a-la-carcel-dictan-cinco-meses-de-detencion-preventiva-en-miraflores\/"},"wordCount":334,"commentCount":0,"publisher":{"@id":"https:\/\/innoticiasbo.com\/#organization"},"image":{"@id":"https:\/\/innoticiasbo.com\/index.php\/2026\/03\/12\/elvira-parra-vuelve-a-la-carcel-dictan-cinco-meses-de-detencion-preventiva-en-miraflores\/#primaryimage"},"thumbnailUrl":"https:\/\/i0.wp.com\/innoticiasbo.com\/wp-content\/uploads\/2026\/03\/image-174.png?fit=992%2C558&ssl=1","keywords":["Bolivia","detenci\u00f3n preventiva","Elvira Parra","Fondo Ind\u00edgena","La Paz","Miraflores","Pol\u00edtica"],"articleSection":["Bolivia","Pol\u00edtica"],"inLanguage":"es","potentialAction":[{"@type":"CommentAction","name":"Comment","target":["https:\/\/innoticiasbo.com\/index.php\/2026\/03\/12\/elvira-parra-vuelve-a-la-carcel-dictan-cinco-meses-de-detencion-preventiva-en-miraflores\/#respond"]}]},{"@type":"WebPage","@id":"https:\/\/innoticiasbo.com\/index.php\/2026\/03\/12\/elvira-parra-vuelve-a-la-carcel-dictan-cinco-meses-de-detencion-preventiva-en-miraflores\/","url":"https:\/\/innoticiasbo.com\/index.php\/2026\/03\/12\/elvira-parra-vuelve-a-la-carcel-dictan-cinco-meses-de-detencion-preventiva-en-miraflores\/","name":"ELVIRA PARRA VUELVE A LA C\u00c1RCEL: DICTAN CINCO MESES DE DETENCI\u00d3N PREVENTIVA EN MIRAFLORES - innoticiasbo.com","isPartOf":{"@id":"https:\/\/innoticiasbo.com\/#website"},"primaryImageOfPage":{"@id":"https:\/\/innoticiasbo.com\/index.php\/2026\/03\/12\/elvira-parra-vuelve-a-la-carcel-dictan-cinco-meses-de-detencion-preventiva-en-miraflores\/#primaryimage"},"image":{"@id":"https:\/\/innoticiasbo.com\/index.php\/2026\/03\/12\/elvira-parra-vuelve-a-la-carcel-dictan-cinco-meses-de-detencion-preventiva-en-miraflores\/#primaryimage"},"thumbnailUrl":"https:\/\/i0.wp.com\/innoticiasbo.com\/wp-content\/uploads\/2026\/03\/image-174.png?fit=992%2C558&ssl=1","datePublished":"2026-03-13T01:32:29+00:00","dateModified":"2026-03-13T01:32:31+00:00","breadcrumb":{"@id":"https:\/\/innoticiasbo.com\/index.php\/2026\/03\/12\/elvira-parra-vuelve-a-la-carcel-dictan-cinco-meses-de-detencion-preventiva-en-miraflores\/#breadcrumb"},"inLanguage":"es","potentialAction":[{"@type":"ReadAction","target":["https:\/\/innoticiasbo.com\/index.php\/2026\/03\/12\/elvira-parra-vuelve-a-la-carcel-dictan-cinco-meses-de-detencion-preventiva-en-miraflores\/"]}]},{"@type":"ImageObject","inLanguage":"es","@id":"https:\/\/innoticiasbo.com\/index.php\/2026\/03\/12\/elvira-parra-vuelve-a-la-carcel-dictan-cinco-meses-de-detencion-preventiva-en-miraflores\/#primaryimage","url":"https:\/\/i0.wp.com\/innoticiasbo.com\/wp-content\/uploads\/2026\/03\/image-174.png?fit=992%2C558&ssl=1","contentUrl":"https:\/\/i0.wp.com\/innoticiasbo.com\/wp-content\/uploads\/2026\/03\/image-174.png?fit=992%2C558&ssl=1","width":992,"height":558},{"@type":"BreadcrumbList","@id":"https:\/\/innoticiasbo.com\/index.php\/2026\/03\/12\/elvira-parra-vuelve-a-la-carcel-dictan-cinco-meses-de-detencion-preventiva-en-miraflores\/#breadcrumb","itemListElement":[{"@type":"ListItem","position":1,"name":"Portada","item":"https:\/\/innoticiasbo.com\/"},{"@type":"ListItem","position":2,"name":"ELVIRA PARRA VUELVE A LA C\u00c1RCEL: DICTAN CINCO MESES DE DETENCI\u00d3N PREVENTIVA EN MIRAFLORES"}]},{"@type":"WebSite","@id":"https:\/\/innoticiasbo.com\/#website","url":"https:\/\/innoticiasbo.com\/","name":"innoticiasbo.com","description":"","publisher":{"@id":"https:\/\/innoticiasbo.com\/#organization"},"potentialAction":[{"@type":"SearchAction","target":{"@type":"EntryPoint","urlTemplate":"https:\/\/innoticiasbo.com\/?s={search_term_string}"},"query-input":{"@type":"PropertyValueSpecification","valueRequired":true,"valueName":"search_term_string"}}],"inLanguage":"es"},{"@type":"Organization","@id":"https:\/\/innoticiasbo.com\/#organization","name":"innoticiasbo.com","url":"https:\/\/innoticiasbo.com\/","logo":{"@type":"ImageObject","inLanguage":"es","@id":"https:\/\/innoticiasbo.com\/#\/schema\/logo\/image\/","url":"https:\/\/i0.wp.com\/innoticiasbo.com\/wp-content\/uploads\/2026\/04\/cropped-IN-LOGO.png?fit=1476%2C1476&ssl=1","contentUrl":"https:\/\/i0.wp.com\/innoticiasbo.com\/wp-content\/uploads\/2026\/04\/cropped-IN-LOGO.png?fit=1476%2C1476&ssl=1","width":1476,"height":1476,"caption":"innoticiasbo.com"},"image":{"@id":"https:\/\/innoticiasbo.com\/#\/schema\/logo\/image\/"},"sameAs":["https:\/\/www.facebook.com\/innoticiasbolivia","https:\/\/x.com\/innoticiasbo","https:\/\/www.instagram.com\/innoticiasbo","https:\/\/www.youtube.com\/innoticiasbo"]},{"@type":"Person","@id":"https:\/\/innoticiasbo.com\/#\/schema\/person\/0b28481e8d0316f83a13bc702311def5","name":"Prensa 11","image":{"@type":"ImageObject","inLanguage":"es","@id":"https:\/\/innoticiasbo.com\/#\/schema\/person\/image\/","url":"https:\/\/secure.gravatar.com\/avatar\/696560c17349f1807a610bf83832bad0?s=96&d=mm&r=g","contentUrl":"https:\/\/secure.gravatar.com\/avatar\/696560c17349f1807a610bf83832bad0?s=96&d=mm&r=g","caption":"Prensa 11"},"sameAs":["http:\/\/www.innoticiasbo.com"],"url":"https:\/\/innoticiasbo.com\/index.php\/author\/prensa-11\/"}]}},"jetpack_featured_media_url":"https:\/\/i0.wp.com\/innoticiasbo.com\/wp-content\/uploads\/2026\/03\/image-174.png?fit=992%2C558&ssl=1","jetpack_likes_enabled":true,"jetpack_sharing_enabled":true,"jetpack_shortlink":"https:\/\/wp.me\/pg298x-2uj","_links":{"self":[{"href":"https:\/\/innoticiasbo.com\/index.php\/wp-json\/wp\/v2\/posts\/9567","targetHints":{"allow":["GET"]}}],"collection":[{"href":"https:\/\/innoticiasbo.com\/index.php\/wp-json\/wp\/v2\/posts"}],"about":[{"href":"https:\/\/innoticiasbo.com\/index.php\/wp-json\/wp\/v2\/types\/post"}],"author":[{"embeddable":true,"href":"https:\/\/innoticiasbo.com\/index.php\/wp-json\/wp\/v2\/users\/11"}],"replies":[{"embeddable":true,"href":"https:\/\/innoticiasbo.com\/index.php\/wp-json\/wp\/v2\/comments?post=9567"}],"version-history":[{"count":1,"href":"https:\/\/innoticiasbo.com\/index.php\/wp-json\/wp\/v2\/posts\/9567\/revisions"}],"predecessor-version":[{"id":9569,"href":"https:\/\/innoticiasbo.com\/index.php\/wp-json\/wp\/v2\/posts\/9567\/revisions\/9569"}],"wp:featuredmedia":[{"embeddable":true,"href":"https:\/\/innoticiasbo.com\/index.php\/wp-json\/wp\/v2\/media\/9568"}],"wp:attachment":[{"href":"https:\/\/innoticiasbo.com\/index.php\/wp-json\/wp\/v2\/media?parent=9567"}],"wp:term":[{"taxonomy":"category","embeddable":true,"href":"https:\/\/innoticiasbo.com\/index.php\/wp-json\/wp\/v2\/categories?post=9567"},{"taxonomy":"post_tag","embeddable":true,"href":"https:\/\/innoticiasbo.com\/index.php\/wp-json\/wp\/v2\/tags?post=9567"}],"curies":[{"name":"wp","href":"https:\/\/api.w.org\/{rel}","templated":true}]}}