{"id":9562,"date":"2026-03-12T20:58:33","date_gmt":"2026-03-13T00:58:33","guid":{"rendered":"https:\/\/innoticiasbo.com\/?p=9562"},"modified":"2026-03-12T20:58:35","modified_gmt":"2026-03-13T00:58:35","slug":"camaras-de-comercio-de-iberoamerica-se-reunen-en-30-dias-en-cochabamba","status":"publish","type":"post","link":"https:\/\/innoticiasbo.com\/index.php\/2026\/03\/12\/camaras-de-comercio-de-iberoamerica-se-reunen-en-30-dias-en-cochabamba\/","title":{"rendered":"C\u00c1MARAS DE COMERCIO DE IBEROAM\u00c9RICA SE RE\u00daNEN EN 30 D\u00cdAS EN COCHABAMBA"},"content":{"rendered":"\n<figure class=\"wp-block-image size-full\"><img data-recalc-dims=\"1\" loading=\"lazy\" decoding=\"async\" width=\"640\" height=\"357\" src=\"https:\/\/i0.wp.com\/innoticiasbo.com\/wp-content\/uploads\/2026\/03\/image-170.png?resize=640%2C357&#038;ssl=1\" alt=\"\" class=\"wp-image-9556\" srcset=\"https:\/\/i0.wp.com\/innoticiasbo.com\/wp-content\/uploads\/2026\/03\/image-170.png?w=770&amp;ssl=1 770w, https:\/\/i0.wp.com\/innoticiasbo.com\/wp-content\/uploads\/2026\/03\/image-170.png?resize=300%2C168&amp;ssl=1 300w, https:\/\/i0.wp.com\/innoticiasbo.com\/wp-content\/uploads\/2026\/03\/image-170.png?resize=768%2C429&amp;ssl=1 768w\" sizes=\"auto, (max-width: 640px) 100vw, 640px\" \/><\/figure>\n\n\n\n<p><strong>Cochabamba, 12 de Marzo de 2026.-<\/strong> Cochabamba ser\u00e1 sede del 11 al 14 de abril de 2026 de la LIII Asamblea General de la Asociaci\u00f3n Iberoamericana de C\u00e1maras de Comercio, Industria y Servicios (AICO) y del LXI Consejo Directivo de la Comisi\u00f3n Interamericana de Arbitraje Comercial (CIAC), que reunir\u00e1n a 23 delegaciones empresariales.<\/p>\n\n\n\n<p>El presidente de la C\u00e1mara de Industria, Comercio y Servicios de Cochabamba (ICAM), Wildo V\u00e1squez, remarc\u00f3 que la realizaci\u00f3n de la asamblea representa una oportunidad para proyectar el potencial productivo del pa\u00eds y fortalecer su posicionamiento empresarial.<\/p>\n\n\n\n<p>\u201cEs un acontecimiento de gran importancia para nuestra ciudad, para el sector empresarial y para el posicionamiento internacional de Bolivia\u201d, afirm\u00f3 el presidente.<\/p>\n\n\n\n<p>Se prev\u00e9 la participaci\u00f3n de cerca de 200 representantes de c\u00e1maras empresariales y centros de arbitraje de Iberoam\u00e9rica, que abordar\u00e1n temas vinculados al comercio, la inversi\u00f3n, la innovaci\u00f3n y la integraci\u00f3n regional.<\/p>\n\n\n\n<p><strong>M\u00e1s datos<\/strong><\/p>\n\n\n\n<p>La Asociaci\u00f3n Iberoamericana de C\u00e1maras de Comercio, Industria y Servicios es una organizaci\u00f3n empresarial que agrupa a m\u00e1s de 90 c\u00e1maras de 23 pa\u00edses, mientras que la CIAC, re\u00fane a 27 centros de arbitraje y conciliaci\u00f3n que promueven la resoluci\u00f3n de controversias comerciales mediante arbitraje y mediaci\u00f3n.<\/p>\n\n\n\n<p>El gerente general de la ICAM, Alberto Arze, indic\u00f3 que el encuentro internacional est\u00e1 en cuenta regresiva y que se busca que los visitantes conozcan el potencial econ\u00f3mico y tur\u00edstico de Cochabamba.<\/p>\n\n\n\n<p>\u201cQueremos que los visitantes del exterior se lleven la mejor impresi\u00f3n de Cochabamba y tambi\u00e9n vean la posibilidad de generar negocios e inversiones en nuestro pa\u00eds\u201d, destac\u00f3.<\/p>\n\n\n\n<p>El programa incluir\u00e1 actividades protocolares, conferencias, paneles y encuentros empresariales que buscan fortalecer la cooperaci\u00f3n econ\u00f3mica entre los pa\u00edses iberoamericanos.<\/p>\n\n\n\n<p>Fuente: Los Tiempos<\/p>\n","protected":false},"excerpt":{"rendered":"<p>Cochabamba, 12 de Marzo de 2026.- Cochabamba ser\u00e1 sede del 11 al 14 de abril de 2026 de la LIII Asamblea General de la Asociaci\u00f3n Iberoamericana de C\u00e1maras de Comercio, Industria y Servicios (AICO) y del LXI Consejo Directivo de la Comisi\u00f3n Interamericana de Arbitraje Comercial (CIAC), que reunir\u00e1n a 23 delegaciones empresariales. El presidente&#8230;<\/p>\n","protected":false},"author":11,"featured_media":0,"comment_status":"open","ping_status":"open","sticky":false,"template":"","format":"standard","meta":{"_jetpack_memberships_contains_paid_content":false,"footnotes":"","jetpack_publicize_message":"","jetpack_publicize_feature_enabled":true,"jetpack_social_post_already_shared":true,"jetpack_social_options":{"image_generator_settings":{"template":"highway","enabled":false},"version":2}},"categories":[1,2,16],"tags":[1474,7,1473,1475,6,18,794],"class_list":["post-9562","post","type-post","status-publish","format-standard","hentry","category-bolivia","category-cochabamba","category-economia","tag-aico","tag-bolivia","tag-camara-de-comercio","tag-ciac","tag-cochabamba","tag-economia","tag-icam"],"jetpack_publicize_connections":[],"yoast_head":"<!-- This site is optimized with the Yoast SEO plugin v23.4 - https:\/\/yoast.com\/wordpress\/plugins\/seo\/ -->\n<title>C\u00c1MARAS DE COMERCIO DE IBEROAM\u00c9RICA SE RE\u00daNEN EN 30 D\u00cdAS EN COCHABAMBA - innoticiasbo.com<\/title>\n<meta name=\"robots\" content=\"index, follow, max-snippet:-1, max-image-preview:large, max-video-preview:-1\" \/>\n<link rel=\"canonical\" href=\"https:\/\/innoticiasbo.com\/index.php\/2026\/03\/12\/camaras-de-comercio-de-iberoamerica-se-reunen-en-30-dias-en-cochabamba\/\" \/>\n<meta property=\"og:locale\" content=\"es_ES\" \/>\n<meta property=\"og:type\" content=\"article\" \/>\n<meta property=\"og:title\" content=\"C\u00c1MARAS DE COMERCIO DE IBEROAM\u00c9RICA SE RE\u00daNEN EN 30 D\u00cdAS EN COCHABAMBA - innoticiasbo.com\" \/>\n<meta property=\"og:description\" content=\"Cochabamba, 12 de Marzo de 2026.- Cochabamba ser\u00e1 sede del 11 al 14 de abril de 2026 de la LIII Asamblea General de la Asociaci\u00f3n Iberoamericana de C\u00e1maras de Comercio, Industria y Servicios (AICO) y del LXI Consejo Directivo de la Comisi\u00f3n Interamericana de Arbitraje Comercial (CIAC), que reunir\u00e1n a 23 delegaciones empresariales. El presidente...\" \/>\n<meta property=\"og:url\" content=\"https:\/\/innoticiasbo.com\/index.php\/2026\/03\/12\/camaras-de-comercio-de-iberoamerica-se-reunen-en-30-dias-en-cochabamba\/\" \/>\n<meta property=\"og:site_name\" content=\"innoticiasbo.com\" \/>\n<meta property=\"article:publisher\" content=\"https:\/\/www.facebook.com\/innoticiasbolivia\" \/>\n<meta property=\"article:published_time\" content=\"2026-03-13T00:58:33+00:00\" \/>\n<meta property=\"article:modified_time\" content=\"2026-03-13T00:58:35+00:00\" \/>\n<meta property=\"og:image\" content=\"https:\/\/innoticiasbo.com\/wp-content\/uploads\/2026\/03\/image-170.png\" \/>\n<meta name=\"author\" content=\"Prensa 11\" \/>\n<meta name=\"twitter:card\" content=\"summary_large_image\" \/>\n<meta name=\"twitter:creator\" content=\"@innoticiasbo\" \/>\n<meta name=\"twitter:site\" content=\"@innoticiasbo\" \/>\n<meta name=\"twitter:label1\" content=\"Escrito por\" \/>\n\t<meta name=\"twitter:data1\" content=\"Prensa 11\" \/>\n\t<meta name=\"twitter:label2\" content=\"Tiempo de lectura\" \/>\n\t<meta name=\"twitter:data2\" content=\"2 minutos\" \/>\n<script type=\"application\/ld+json\" class=\"yoast-schema-graph\">{\"@context\":\"https:\/\/schema.org\",\"@graph\":[{\"@type\":\"Article\",\"@id\":\"https:\/\/innoticiasbo.com\/index.php\/2026\/03\/12\/camaras-de-comercio-de-iberoamerica-se-reunen-en-30-dias-en-cochabamba\/#article\",\"isPartOf\":{\"@id\":\"https:\/\/innoticiasbo.com\/index.php\/2026\/03\/12\/camaras-de-comercio-de-iberoamerica-se-reunen-en-30-dias-en-cochabamba\/\"},\"author\":{\"name\":\"Prensa 11\",\"@id\":\"https:\/\/innoticiasbo.com\/#\/schema\/person\/0b28481e8d0316f83a13bc702311def5\"},\"headline\":\"C\u00c1MARAS DE COMERCIO DE IBEROAM\u00c9RICA SE RE\u00daNEN EN 30 D\u00cdAS EN COCHABAMBA\",\"datePublished\":\"2026-03-13T00:58:33+00:00\",\"dateModified\":\"2026-03-13T00:58:35+00:00\",\"mainEntityOfPage\":{\"@id\":\"https:\/\/innoticiasbo.com\/index.php\/2026\/03\/12\/camaras-de-comercio-de-iberoamerica-se-reunen-en-30-dias-en-cochabamba\/\"},\"wordCount\":316,\"commentCount\":0,\"publisher\":{\"@id\":\"https:\/\/innoticiasbo.com\/#organization\"},\"image\":{\"@id\":\"https:\/\/innoticiasbo.com\/index.php\/2026\/03\/12\/camaras-de-comercio-de-iberoamerica-se-reunen-en-30-dias-en-cochabamba\/#primaryimage\"},\"thumbnailUrl\":\"https:\/\/innoticiasbo.com\/wp-content\/uploads\/2026\/03\/image-170.png\",\"keywords\":[\"AICO\",\"Bolivia\",\"c\u00e1mara de comercio\",\"CIAC\",\"Cochabamba\",\"econom\u00eda\",\"ICAM\"],\"articleSection\":[\"Bolivia\",\"Cochabamba\",\"Econom\u00eda\"],\"inLanguage\":\"es\",\"potentialAction\":[{\"@type\":\"CommentAction\",\"name\":\"Comment\",\"target\":[\"https:\/\/innoticiasbo.com\/index.php\/2026\/03\/12\/camaras-de-comercio-de-iberoamerica-se-reunen-en-30-dias-en-cochabamba\/#respond\"]}]},{\"@type\":\"WebPage\",\"@id\":\"https:\/\/innoticiasbo.com\/index.php\/2026\/03\/12\/camaras-de-comercio-de-iberoamerica-se-reunen-en-30-dias-en-cochabamba\/\",\"url\":\"https:\/\/innoticiasbo.com\/index.php\/2026\/03\/12\/camaras-de-comercio-de-iberoamerica-se-reunen-en-30-dias-en-cochabamba\/\",\"name\":\"C\u00c1MARAS DE COMERCIO DE IBEROAM\u00c9RICA SE RE\u00daNEN EN 30 D\u00cdAS EN COCHABAMBA - innoticiasbo.com\",\"isPartOf\":{\"@id\":\"https:\/\/innoticiasbo.com\/#website\"},\"primaryImageOfPage\":{\"@id\":\"https:\/\/innoticiasbo.com\/index.php\/2026\/03\/12\/camaras-de-comercio-de-iberoamerica-se-reunen-en-30-dias-en-cochabamba\/#primaryimage\"},\"image\":{\"@id\":\"https:\/\/innoticiasbo.com\/index.php\/2026\/03\/12\/camaras-de-comercio-de-iberoamerica-se-reunen-en-30-dias-en-cochabamba\/#primaryimage\"},\"thumbnailUrl\":\"https:\/\/innoticiasbo.com\/wp-content\/uploads\/2026\/03\/image-170.png\",\"datePublished\":\"2026-03-13T00:58:33+00:00\",\"dateModified\":\"2026-03-13T00:58:35+00:00\",\"breadcrumb\":{\"@id\":\"https:\/\/innoticiasbo.com\/index.php\/2026\/03\/12\/camaras-de-comercio-de-iberoamerica-se-reunen-en-30-dias-en-cochabamba\/#breadcrumb\"},\"inLanguage\":\"es\",\"potentialAction\":[{\"@type\":\"ReadAction\",\"target\":[\"https:\/\/innoticiasbo.com\/index.php\/2026\/03\/12\/camaras-de-comercio-de-iberoamerica-se-reunen-en-30-dias-en-cochabamba\/\"]}]},{\"@type\":\"ImageObject\",\"inLanguage\":\"es\",\"@id\":\"https:\/\/innoticiasbo.com\/index.php\/2026\/03\/12\/camaras-de-comercio-de-iberoamerica-se-reunen-en-30-dias-en-cochabamba\/#primaryimage\",\"url\":\"https:\/\/i0.wp.com\/innoticiasbo.com\/wp-content\/uploads\/2026\/03\/image-170.png?fit=770%2C430&ssl=1\",\"contentUrl\":\"https:\/\/i0.wp.com\/innoticiasbo.com\/wp-content\/uploads\/2026\/03\/image-170.png?fit=770%2C430&ssl=1\",\"width\":770,\"height\":430},{\"@type\":\"BreadcrumbList\",\"@id\":\"https:\/\/innoticiasbo.com\/index.php\/2026\/03\/12\/camaras-de-comercio-de-iberoamerica-se-reunen-en-30-dias-en-cochabamba\/#breadcrumb\",\"itemListElement\":[{\"@type\":\"ListItem\",\"position\":1,\"name\":\"Portada\",\"item\":\"https:\/\/innoticiasbo.com\/\"},{\"@type\":\"ListItem\",\"position\":2,\"name\":\"C\u00c1MARAS DE COMERCIO DE IBEROAM\u00c9RICA SE RE\u00daNEN EN 30 D\u00cdAS EN COCHABAMBA\"}]},{\"@type\":\"WebSite\",\"@id\":\"https:\/\/innoticiasbo.com\/#website\",\"url\":\"https:\/\/innoticiasbo.com\/\",\"name\":\"innoticiasbo.com\",\"description\":\"\",\"publisher\":{\"@id\":\"https:\/\/innoticiasbo.com\/#organization\"},\"potentialAction\":[{\"@type\":\"SearchAction\",\"target\":{\"@type\":\"EntryPoint\",\"urlTemplate\":\"https:\/\/innoticiasbo.com\/?s={search_term_string}\"},\"query-input\":{\"@type\":\"PropertyValueSpecification\",\"valueRequired\":true,\"valueName\":\"search_term_string\"}}],\"inLanguage\":\"es\"},{\"@type\":\"Organization\",\"@id\":\"https:\/\/innoticiasbo.com\/#organization\",\"name\":\"innoticiasbo.com\",\"url\":\"https:\/\/innoticiasbo.com\/\",\"logo\":{\"@type\":\"ImageObject\",\"inLanguage\":\"es\",\"@id\":\"https:\/\/innoticiasbo.com\/#\/schema\/logo\/image\/\",\"url\":\"https:\/\/i0.wp.com\/innoticiasbo.com\/wp-content\/uploads\/2026\/04\/cropped-IN-LOGO.png?fit=1476%2C1476&ssl=1\",\"contentUrl\":\"https:\/\/i0.wp.com\/innoticiasbo.com\/wp-content\/uploads\/2026\/04\/cropped-IN-LOGO.png?fit=1476%2C1476&ssl=1\",\"width\":1476,\"height\":1476,\"caption\":\"innoticiasbo.com\"},\"image\":{\"@id\":\"https:\/\/innoticiasbo.com\/#\/schema\/logo\/image\/\"},\"sameAs\":[\"https:\/\/www.facebook.com\/innoticiasbolivia\",\"https:\/\/x.com\/innoticiasbo\",\"https:\/\/www.instagram.com\/innoticiasbo\",\"https:\/\/www.youtube.com\/innoticiasbo\"]},{\"@type\":\"Person\",\"@id\":\"https:\/\/innoticiasbo.com\/#\/schema\/person\/0b28481e8d0316f83a13bc702311def5\",\"name\":\"Prensa 11\",\"image\":{\"@type\":\"ImageObject\",\"inLanguage\":\"es\",\"@id\":\"https:\/\/innoticiasbo.com\/#\/schema\/person\/image\/\",\"url\":\"https:\/\/secure.gravatar.com\/avatar\/696560c17349f1807a610bf83832bad0?s=96&d=mm&r=g\",\"contentUrl\":\"https:\/\/secure.gravatar.com\/avatar\/696560c17349f1807a610bf83832bad0?s=96&d=mm&r=g\",\"caption\":\"Prensa 11\"},\"sameAs\":[\"http:\/\/www.innoticiasbo.com\"],\"url\":\"https:\/\/innoticiasbo.com\/index.php\/author\/prensa-11\/\"}]}<\/script>\n<!-- \/ Yoast SEO plugin. -->","yoast_head_json":{"title":"C\u00c1MARAS DE COMERCIO DE IBEROAM\u00c9RICA SE RE\u00daNEN EN 30 D\u00cdAS EN COCHABAMBA - innoticiasbo.com","robots":{"index":"index","follow":"follow","max-snippet":"max-snippet:-1","max-image-preview":"max-image-preview:large","max-video-preview":"max-video-preview:-1"},"canonical":"https:\/\/innoticiasbo.com\/index.php\/2026\/03\/12\/camaras-de-comercio-de-iberoamerica-se-reunen-en-30-dias-en-cochabamba\/","og_locale":"es_ES","og_type":"article","og_title":"C\u00c1MARAS DE COMERCIO DE IBEROAM\u00c9RICA SE RE\u00daNEN EN 30 D\u00cdAS EN COCHABAMBA - innoticiasbo.com","og_description":"Cochabamba, 12 de Marzo de 2026.- Cochabamba ser\u00e1 sede del 11 al 14 de abril de 2026 de la LIII Asamblea General de la Asociaci\u00f3n Iberoamericana de C\u00e1maras de Comercio, Industria y Servicios (AICO) y del LXI Consejo Directivo de la Comisi\u00f3n Interamericana de Arbitraje Comercial (CIAC), que reunir\u00e1n a 23 delegaciones empresariales. El presidente...","og_url":"https:\/\/innoticiasbo.com\/index.php\/2026\/03\/12\/camaras-de-comercio-de-iberoamerica-se-reunen-en-30-dias-en-cochabamba\/","og_site_name":"innoticiasbo.com","article_publisher":"https:\/\/www.facebook.com\/innoticiasbolivia","article_published_time":"2026-03-13T00:58:33+00:00","article_modified_time":"2026-03-13T00:58:35+00:00","og_image":[{"url":"https:\/\/innoticiasbo.com\/wp-content\/uploads\/2026\/03\/image-170.png"}],"author":"Prensa 11","twitter_card":"summary_large_image","twitter_creator":"@innoticiasbo","twitter_site":"@innoticiasbo","twitter_misc":{"Escrito por":"Prensa 11","Tiempo de lectura":"2 minutos"},"schema":{"@context":"https:\/\/schema.org","@graph":[{"@type":"Article","@id":"https:\/\/innoticiasbo.com\/index.php\/2026\/03\/12\/camaras-de-comercio-de-iberoamerica-se-reunen-en-30-dias-en-cochabamba\/#article","isPartOf":{"@id":"https:\/\/innoticiasbo.com\/index.php\/2026\/03\/12\/camaras-de-comercio-de-iberoamerica-se-reunen-en-30-dias-en-cochabamba\/"},"author":{"name":"Prensa 11","@id":"https:\/\/innoticiasbo.com\/#\/schema\/person\/0b28481e8d0316f83a13bc702311def5"},"headline":"C\u00c1MARAS DE COMERCIO DE IBEROAM\u00c9RICA SE RE\u00daNEN EN 30 D\u00cdAS EN COCHABAMBA","datePublished":"2026-03-13T00:58:33+00:00","dateModified":"2026-03-13T00:58:35+00:00","mainEntityOfPage":{"@id":"https:\/\/innoticiasbo.com\/index.php\/2026\/03\/12\/camaras-de-comercio-de-iberoamerica-se-reunen-en-30-dias-en-cochabamba\/"},"wordCount":316,"commentCount":0,"publisher":{"@id":"https:\/\/innoticiasbo.com\/#organization"},"image":{"@id":"https:\/\/innoticiasbo.com\/index.php\/2026\/03\/12\/camaras-de-comercio-de-iberoamerica-se-reunen-en-30-dias-en-cochabamba\/#primaryimage"},"thumbnailUrl":"https:\/\/innoticiasbo.com\/wp-content\/uploads\/2026\/03\/image-170.png","keywords":["AICO","Bolivia","c\u00e1mara de comercio","CIAC","Cochabamba","econom\u00eda","ICAM"],"articleSection":["Bolivia","Cochabamba","Econom\u00eda"],"inLanguage":"es","potentialAction":[{"@type":"CommentAction","name":"Comment","target":["https:\/\/innoticiasbo.com\/index.php\/2026\/03\/12\/camaras-de-comercio-de-iberoamerica-se-reunen-en-30-dias-en-cochabamba\/#respond"]}]},{"@type":"WebPage","@id":"https:\/\/innoticiasbo.com\/index.php\/2026\/03\/12\/camaras-de-comercio-de-iberoamerica-se-reunen-en-30-dias-en-cochabamba\/","url":"https:\/\/innoticiasbo.com\/index.php\/2026\/03\/12\/camaras-de-comercio-de-iberoamerica-se-reunen-en-30-dias-en-cochabamba\/","name":"C\u00c1MARAS DE COMERCIO DE IBEROAM\u00c9RICA SE RE\u00daNEN EN 30 D\u00cdAS EN COCHABAMBA - innoticiasbo.com","isPartOf":{"@id":"https:\/\/innoticiasbo.com\/#website"},"primaryImageOfPage":{"@id":"https:\/\/innoticiasbo.com\/index.php\/2026\/03\/12\/camaras-de-comercio-de-iberoamerica-se-reunen-en-30-dias-en-cochabamba\/#primaryimage"},"image":{"@id":"https:\/\/innoticiasbo.com\/index.php\/2026\/03\/12\/camaras-de-comercio-de-iberoamerica-se-reunen-en-30-dias-en-cochabamba\/#primaryimage"},"thumbnailUrl":"https:\/\/innoticiasbo.com\/wp-content\/uploads\/2026\/03\/image-170.png","datePublished":"2026-03-13T00:58:33+00:00","dateModified":"2026-03-13T00:58:35+00:00","breadcrumb":{"@id":"https:\/\/innoticiasbo.com\/index.php\/2026\/03\/12\/camaras-de-comercio-de-iberoamerica-se-reunen-en-30-dias-en-cochabamba\/#breadcrumb"},"inLanguage":"es","potentialAction":[{"@type":"ReadAction","target":["https:\/\/innoticiasbo.com\/index.php\/2026\/03\/12\/camaras-de-comercio-de-iberoamerica-se-reunen-en-30-dias-en-cochabamba\/"]}]},{"@type":"ImageObject","inLanguage":"es","@id":"https:\/\/innoticiasbo.com\/index.php\/2026\/03\/12\/camaras-de-comercio-de-iberoamerica-se-reunen-en-30-dias-en-cochabamba\/#primaryimage","url":"https:\/\/i0.wp.com\/innoticiasbo.com\/wp-content\/uploads\/2026\/03\/image-170.png?fit=770%2C430&ssl=1","contentUrl":"https:\/\/i0.wp.com\/innoticiasbo.com\/wp-content\/uploads\/2026\/03\/image-170.png?fit=770%2C430&ssl=1","width":770,"height":430},{"@type":"BreadcrumbList","@id":"https:\/\/innoticiasbo.com\/index.php\/2026\/03\/12\/camaras-de-comercio-de-iberoamerica-se-reunen-en-30-dias-en-cochabamba\/#breadcrumb","itemListElement":[{"@type":"ListItem","position":1,"name":"Portada","item":"https:\/\/innoticiasbo.com\/"},{"@type":"ListItem","position":2,"name":"C\u00c1MARAS DE COMERCIO DE IBEROAM\u00c9RICA SE RE\u00daNEN EN 30 D\u00cdAS EN COCHABAMBA"}]},{"@type":"WebSite","@id":"https:\/\/innoticiasbo.com\/#website","url":"https:\/\/innoticiasbo.com\/","name":"innoticiasbo.com","description":"","publisher":{"@id":"https:\/\/innoticiasbo.com\/#organization"},"potentialAction":[{"@type":"SearchAction","target":{"@type":"EntryPoint","urlTemplate":"https:\/\/innoticiasbo.com\/?s={search_term_string}"},"query-input":{"@type":"PropertyValueSpecification","valueRequired":true,"valueName":"search_term_string"}}],"inLanguage":"es"},{"@type":"Organization","@id":"https:\/\/innoticiasbo.com\/#organization","name":"innoticiasbo.com","url":"https:\/\/innoticiasbo.com\/","logo":{"@type":"ImageObject","inLanguage":"es","@id":"https:\/\/innoticiasbo.com\/#\/schema\/logo\/image\/","url":"https:\/\/i0.wp.com\/innoticiasbo.com\/wp-content\/uploads\/2026\/04\/cropped-IN-LOGO.png?fit=1476%2C1476&ssl=1","contentUrl":"https:\/\/i0.wp.com\/innoticiasbo.com\/wp-content\/uploads\/2026\/04\/cropped-IN-LOGO.png?fit=1476%2C1476&ssl=1","width":1476,"height":1476,"caption":"innoticiasbo.com"},"image":{"@id":"https:\/\/innoticiasbo.com\/#\/schema\/logo\/image\/"},"sameAs":["https:\/\/www.facebook.com\/innoticiasbolivia","https:\/\/x.com\/innoticiasbo","https:\/\/www.instagram.com\/innoticiasbo","https:\/\/www.youtube.com\/innoticiasbo"]},{"@type":"Person","@id":"https:\/\/innoticiasbo.com\/#\/schema\/person\/0b28481e8d0316f83a13bc702311def5","name":"Prensa 11","image":{"@type":"ImageObject","inLanguage":"es","@id":"https:\/\/innoticiasbo.com\/#\/schema\/person\/image\/","url":"https:\/\/secure.gravatar.com\/avatar\/696560c17349f1807a610bf83832bad0?s=96&d=mm&r=g","contentUrl":"https:\/\/secure.gravatar.com\/avatar\/696560c17349f1807a610bf83832bad0?s=96&d=mm&r=g","caption":"Prensa 11"},"sameAs":["http:\/\/www.innoticiasbo.com"],"url":"https:\/\/innoticiasbo.com\/index.php\/author\/prensa-11\/"}]}},"jetpack_featured_media_url":"","jetpack_likes_enabled":true,"jetpack_sharing_enabled":true,"jetpack_shortlink":"https:\/\/wp.me\/pg298x-2ue","_links":{"self":[{"href":"https:\/\/innoticiasbo.com\/index.php\/wp-json\/wp\/v2\/posts\/9562","targetHints":{"allow":["GET"]}}],"collection":[{"href":"https:\/\/innoticiasbo.com\/index.php\/wp-json\/wp\/v2\/posts"}],"about":[{"href":"https:\/\/innoticiasbo.com\/index.php\/wp-json\/wp\/v2\/types\/post"}],"author":[{"embeddable":true,"href":"https:\/\/innoticiasbo.com\/index.php\/wp-json\/wp\/v2\/users\/11"}],"replies":[{"embeddable":true,"href":"https:\/\/innoticiasbo.com\/index.php\/wp-json\/wp\/v2\/comments?post=9562"}],"version-history":[{"count":1,"href":"https:\/\/innoticiasbo.com\/index.php\/wp-json\/wp\/v2\/posts\/9562\/revisions"}],"predecessor-version":[{"id":9563,"href":"https:\/\/innoticiasbo.com\/index.php\/wp-json\/wp\/v2\/posts\/9562\/revisions\/9563"}],"wp:attachment":[{"href":"https:\/\/innoticiasbo.com\/index.php\/wp-json\/wp\/v2\/media?parent=9562"}],"wp:term":[{"taxonomy":"category","embeddable":true,"href":"https:\/\/innoticiasbo.com\/index.php\/wp-json\/wp\/v2\/categories?post=9562"},{"taxonomy":"post_tag","embeddable":true,"href":"https:\/\/innoticiasbo.com\/index.php\/wp-json\/wp\/v2\/tags?post=9562"}],"curies":[{"name":"wp","href":"https:\/\/api.w.org\/{rel}","templated":true}]}}