{"id":9559,"date":"2026-03-12T20:52:27","date_gmt":"2026-03-13T00:52:27","guid":{"rendered":"https:\/\/innoticiasbo.com\/?p=9559"},"modified":"2026-03-12T20:52:29","modified_gmt":"2026-03-13T00:52:29","slug":"paz-agradece-a-felipe-vi-por-su-visita-hace-un-trabajo-enorme-para-que-bolivia-vuelva-al-mundo","status":"publish","type":"post","link":"https:\/\/innoticiasbo.com\/index.php\/2026\/03\/12\/paz-agradece-a-felipe-vi-por-su-visita-hace-un-trabajo-enorme-para-que-bolivia-vuelva-al-mundo\/","title":{"rendered":"PAZ AGRADECE A FELIPE VI POR SU VISITA: \u00abHACE UN TRABAJO ENORME PARA QUE BOLIVIA VUELVA AL MUNDO\u00bb"},"content":{"rendered":"\n<figure class=\"wp-block-image size-full\"><img data-recalc-dims=\"1\" loading=\"lazy\" decoding=\"async\" width=\"640\" height=\"357\" src=\"https:\/\/i0.wp.com\/innoticiasbo.com\/wp-content\/uploads\/2026\/03\/image-172.png?resize=640%2C357&#038;ssl=1\" alt=\"\" class=\"wp-image-9560\" srcset=\"https:\/\/i0.wp.com\/innoticiasbo.com\/wp-content\/uploads\/2026\/03\/image-172.png?w=770&amp;ssl=1 770w, https:\/\/i0.wp.com\/innoticiasbo.com\/wp-content\/uploads\/2026\/03\/image-172.png?resize=300%2C168&amp;ssl=1 300w, https:\/\/i0.wp.com\/innoticiasbo.com\/wp-content\/uploads\/2026\/03\/image-172.png?resize=768%2C429&amp;ssl=1 768w\" sizes=\"auto, (max-width: 640px) 100vw, 640px\" \/><\/figure>\n\n\n\n<p><strong>Pa\u00eds, 12 de Marzo de 2026.-<\/strong> El presidente Rodrigo Paz asever\u00f3 este jueves que el rey de Espa\u00f1a, Felipe IV, quien visita al pa\u00eds, realiza un gran trabajo para que Bolivia vuelva al mundo y el mundo a Bolivia.<\/p>\n\n\n\n<p>El mandatario calific\u00f3 a Felipe de un \u00abgran amigo de Bolivia\u00bb y un \u00abgran amigo personal\u00bb. \u00abSobre todo un gran ser humano, el rey de Espa\u00f1a, que nos est\u00e1 visitando y est\u00e1 haciendo un trabajo enorme para que Bolivia vuelva al mundo y el mundo vuelva a Bolivia\u00bb, sostuvo a trav\u00e9s de un video.<\/p>\n\n\n\n<p>Por su parte, Felipe VI agradeci\u00f3 a Paz y destac\u00f3 que el nuevo gobierno tenga el objetivo de poner a Bolivia en el mapa del mundo.<\/p>\n\n\n\n<p>\u00abUn placer estar aqu\u00ed contigo y con este nuevo gobierno y apoyando la nueva etapa de Bolivia, como dices, abierta al mundo y esperamos contribuir tambi\u00e9n para que el mundo, no s\u00f3lo los hermanos de Espa\u00f1a, est\u00e9n m\u00e1s presentes en Bolivia\u00bb, sostuvo el rey.<\/p>\n\n\n\n<p>\u00abVamos a salir adelante, tengan fe que estamos yendo por buen camino\u00bb, finaliz\u00f3 Paz.<\/p>\n\n\n\n<p>Felipe VI tuvo una ardua agenda en Bolivia. A las 09:15, hubo una salida de su comitiva hacia la residencia de la Embajada de Espa\u00f1a. A las 09.30 fue parte del desayuno trabajo con empresarios espa\u00f1oles y representantes de las asociaciones patronales del pa\u00eds en la residencia de la Embajada de Espa\u00f1a.<\/p>\n\n\n\n<p>A las 11.30 se desplaz\u00f3 a pie hacia el Museo de Etnograf\u00eda y Folclore. Se prev\u00e9 que a las 15.00, la comitiva del Rey de Espa\u00f1a se traslad\u00e9 al aeropuerto de El Alto.<\/p>\n\n\n\n<p>Fuente: Los Tiempos<\/p>\n","protected":false},"excerpt":{"rendered":"<p>Pa\u00eds, 12 de Marzo de 2026.- El presidente Rodrigo Paz asever\u00f3 este jueves que el rey de Espa\u00f1a, Felipe IV, quien visita al pa\u00eds, realiza un gran trabajo para que Bolivia vuelva al mundo y el mundo a Bolivia. El mandatario calific\u00f3 a Felipe de un \u00abgran amigo de Bolivia\u00bb y un \u00abgran amigo personal\u00bb&#8230;.<\/p>\n","protected":false},"author":11,"featured_media":9560,"comment_status":"open","ping_status":"open","sticky":false,"template":"","format":"standard","meta":{"_jetpack_memberships_contains_paid_content":false,"footnotes":"","jetpack_publicize_message":"","jetpack_publicize_feature_enabled":true,"jetpack_social_post_already_shared":true,"jetpack_social_options":{"image_generator_settings":{"template":"highway","enabled":false},"version":2}},"categories":[1,16,3],"tags":[7,18,1383,1381,10,1382,345],"class_list":["post-9559","post","type-post","status-publish","format-standard","has-post-thumbnail","hentry","category-bolivia","category-economia","category-politica","tag-bolivia","tag-economia","tag-espana","tag-felipe-vi","tag-politica","tag-rey-felipe-vi","tag-rodrigo-paz"],"jetpack_publicize_connections":[],"yoast_head":"<!-- This site is optimized with the Yoast SEO plugin v23.4 - https:\/\/yoast.com\/wordpress\/plugins\/seo\/ -->\n<title>PAZ AGRADECE A FELIPE VI POR SU VISITA: &quot;HACE UN TRABAJO ENORME PARA QUE BOLIVIA VUELVA AL MUNDO&quot; - innoticiasbo.com<\/title>\n<meta name=\"robots\" content=\"index, follow, max-snippet:-1, max-image-preview:large, max-video-preview:-1\" \/>\n<link rel=\"canonical\" href=\"https:\/\/innoticiasbo.com\/index.php\/2026\/03\/12\/paz-agradece-a-felipe-vi-por-su-visita-hace-un-trabajo-enorme-para-que-bolivia-vuelva-al-mundo\/\" \/>\n<meta property=\"og:locale\" content=\"es_ES\" \/>\n<meta property=\"og:type\" content=\"article\" \/>\n<meta property=\"og:title\" content=\"PAZ AGRADECE A FELIPE VI POR SU VISITA: &quot;HACE UN TRABAJO ENORME PARA QUE BOLIVIA VUELVA AL MUNDO&quot; - innoticiasbo.com\" \/>\n<meta property=\"og:description\" content=\"Pa\u00eds, 12 de Marzo de 2026.- El presidente Rodrigo Paz asever\u00f3 este jueves que el rey de Espa\u00f1a, Felipe IV, quien visita al pa\u00eds, realiza un gran trabajo para que Bolivia vuelva al mundo y el mundo a Bolivia. El mandatario calific\u00f3 a Felipe de un \u00abgran amigo de Bolivia\u00bb y un \u00abgran amigo personal\u00bb....\" \/>\n<meta property=\"og:url\" content=\"https:\/\/innoticiasbo.com\/index.php\/2026\/03\/12\/paz-agradece-a-felipe-vi-por-su-visita-hace-un-trabajo-enorme-para-que-bolivia-vuelva-al-mundo\/\" \/>\n<meta property=\"og:site_name\" content=\"innoticiasbo.com\" \/>\n<meta property=\"article:publisher\" content=\"https:\/\/www.facebook.com\/innoticiasbolivia\" \/>\n<meta property=\"article:published_time\" content=\"2026-03-13T00:52:27+00:00\" \/>\n<meta property=\"article:modified_time\" content=\"2026-03-13T00:52:29+00:00\" \/>\n<meta property=\"og:image\" content=\"https:\/\/innoticiasbo.com\/wp-content\/uploads\/2026\/03\/image-172.png\" \/>\n\t<meta property=\"og:image:width\" content=\"770\" \/>\n\t<meta property=\"og:image:height\" content=\"430\" \/>\n\t<meta property=\"og:image:type\" content=\"image\/png\" \/>\n<meta name=\"author\" content=\"Prensa 11\" \/>\n<meta name=\"twitter:card\" content=\"summary_large_image\" \/>\n<meta name=\"twitter:creator\" content=\"@innoticiasbo\" \/>\n<meta name=\"twitter:site\" content=\"@innoticiasbo\" \/>\n<meta name=\"twitter:label1\" content=\"Escrito por\" \/>\n\t<meta name=\"twitter:data1\" content=\"Prensa 11\" \/>\n\t<meta name=\"twitter:label2\" content=\"Tiempo de lectura\" \/>\n\t<meta name=\"twitter:data2\" content=\"2 minutos\" \/>\n<script type=\"application\/ld+json\" class=\"yoast-schema-graph\">{\"@context\":\"https:\/\/schema.org\",\"@graph\":[{\"@type\":\"Article\",\"@id\":\"https:\/\/innoticiasbo.com\/index.php\/2026\/03\/12\/paz-agradece-a-felipe-vi-por-su-visita-hace-un-trabajo-enorme-para-que-bolivia-vuelva-al-mundo\/#article\",\"isPartOf\":{\"@id\":\"https:\/\/innoticiasbo.com\/index.php\/2026\/03\/12\/paz-agradece-a-felipe-vi-por-su-visita-hace-un-trabajo-enorme-para-que-bolivia-vuelva-al-mundo\/\"},\"author\":{\"name\":\"Prensa 11\",\"@id\":\"https:\/\/innoticiasbo.com\/#\/schema\/person\/0b28481e8d0316f83a13bc702311def5\"},\"headline\":\"PAZ AGRADECE A FELIPE VI POR SU VISITA: \u00abHACE UN TRABAJO ENORME PARA QUE BOLIVIA VUELVA AL MUNDO\u00bb\",\"datePublished\":\"2026-03-13T00:52:27+00:00\",\"dateModified\":\"2026-03-13T00:52:29+00:00\",\"mainEntityOfPage\":{\"@id\":\"https:\/\/innoticiasbo.com\/index.php\/2026\/03\/12\/paz-agradece-a-felipe-vi-por-su-visita-hace-un-trabajo-enorme-para-que-bolivia-vuelva-al-mundo\/\"},\"wordCount\":294,\"commentCount\":0,\"publisher\":{\"@id\":\"https:\/\/innoticiasbo.com\/#organization\"},\"image\":{\"@id\":\"https:\/\/innoticiasbo.com\/index.php\/2026\/03\/12\/paz-agradece-a-felipe-vi-por-su-visita-hace-un-trabajo-enorme-para-que-bolivia-vuelva-al-mundo\/#primaryimage\"},\"thumbnailUrl\":\"https:\/\/i0.wp.com\/innoticiasbo.com\/wp-content\/uploads\/2026\/03\/image-172.png?fit=770%2C430&ssl=1\",\"keywords\":[\"Bolivia\",\"econom\u00eda\",\"Espa\u00f1a\",\"Felipe VI\",\"Pol\u00edtica\",\"Rey Felipe VI\",\"Rodrigo Paz\"],\"articleSection\":[\"Bolivia\",\"Econom\u00eda\",\"Pol\u00edtica\"],\"inLanguage\":\"es\",\"potentialAction\":[{\"@type\":\"CommentAction\",\"name\":\"Comment\",\"target\":[\"https:\/\/innoticiasbo.com\/index.php\/2026\/03\/12\/paz-agradece-a-felipe-vi-por-su-visita-hace-un-trabajo-enorme-para-que-bolivia-vuelva-al-mundo\/#respond\"]}]},{\"@type\":\"WebPage\",\"@id\":\"https:\/\/innoticiasbo.com\/index.php\/2026\/03\/12\/paz-agradece-a-felipe-vi-por-su-visita-hace-un-trabajo-enorme-para-que-bolivia-vuelva-al-mundo\/\",\"url\":\"https:\/\/innoticiasbo.com\/index.php\/2026\/03\/12\/paz-agradece-a-felipe-vi-por-su-visita-hace-un-trabajo-enorme-para-que-bolivia-vuelva-al-mundo\/\",\"name\":\"PAZ AGRADECE A FELIPE VI POR SU VISITA: \\\"HACE UN TRABAJO ENORME PARA QUE BOLIVIA VUELVA AL MUNDO\\\" - innoticiasbo.com\",\"isPartOf\":{\"@id\":\"https:\/\/innoticiasbo.com\/#website\"},\"primaryImageOfPage\":{\"@id\":\"https:\/\/innoticiasbo.com\/index.php\/2026\/03\/12\/paz-agradece-a-felipe-vi-por-su-visita-hace-un-trabajo-enorme-para-que-bolivia-vuelva-al-mundo\/#primaryimage\"},\"image\":{\"@id\":\"https:\/\/innoticiasbo.com\/index.php\/2026\/03\/12\/paz-agradece-a-felipe-vi-por-su-visita-hace-un-trabajo-enorme-para-que-bolivia-vuelva-al-mundo\/#primaryimage\"},\"thumbnailUrl\":\"https:\/\/i0.wp.com\/innoticiasbo.com\/wp-content\/uploads\/2026\/03\/image-172.png?fit=770%2C430&ssl=1\",\"datePublished\":\"2026-03-13T00:52:27+00:00\",\"dateModified\":\"2026-03-13T00:52:29+00:00\",\"breadcrumb\":{\"@id\":\"https:\/\/innoticiasbo.com\/index.php\/2026\/03\/12\/paz-agradece-a-felipe-vi-por-su-visita-hace-un-trabajo-enorme-para-que-bolivia-vuelva-al-mundo\/#breadcrumb\"},\"inLanguage\":\"es\",\"potentialAction\":[{\"@type\":\"ReadAction\",\"target\":[\"https:\/\/innoticiasbo.com\/index.php\/2026\/03\/12\/paz-agradece-a-felipe-vi-por-su-visita-hace-un-trabajo-enorme-para-que-bolivia-vuelva-al-mundo\/\"]}]},{\"@type\":\"ImageObject\",\"inLanguage\":\"es\",\"@id\":\"https:\/\/innoticiasbo.com\/index.php\/2026\/03\/12\/paz-agradece-a-felipe-vi-por-su-visita-hace-un-trabajo-enorme-para-que-bolivia-vuelva-al-mundo\/#primaryimage\",\"url\":\"https:\/\/i0.wp.com\/innoticiasbo.com\/wp-content\/uploads\/2026\/03\/image-172.png?fit=770%2C430&ssl=1\",\"contentUrl\":\"https:\/\/i0.wp.com\/innoticiasbo.com\/wp-content\/uploads\/2026\/03\/image-172.png?fit=770%2C430&ssl=1\",\"width\":770,\"height\":430},{\"@type\":\"BreadcrumbList\",\"@id\":\"https:\/\/innoticiasbo.com\/index.php\/2026\/03\/12\/paz-agradece-a-felipe-vi-por-su-visita-hace-un-trabajo-enorme-para-que-bolivia-vuelva-al-mundo\/#breadcrumb\",\"itemListElement\":[{\"@type\":\"ListItem\",\"position\":1,\"name\":\"Portada\",\"item\":\"https:\/\/innoticiasbo.com\/\"},{\"@type\":\"ListItem\",\"position\":2,\"name\":\"PAZ AGRADECE A FELIPE VI POR SU VISITA: \u00abHACE UN TRABAJO ENORME PARA QUE BOLIVIA VUELVA AL MUNDO\u00bb\"}]},{\"@type\":\"WebSite\",\"@id\":\"https:\/\/innoticiasbo.com\/#website\",\"url\":\"https:\/\/innoticiasbo.com\/\",\"name\":\"innoticiasbo.com\",\"description\":\"\",\"publisher\":{\"@id\":\"https:\/\/innoticiasbo.com\/#organization\"},\"potentialAction\":[{\"@type\":\"SearchAction\",\"target\":{\"@type\":\"EntryPoint\",\"urlTemplate\":\"https:\/\/innoticiasbo.com\/?s={search_term_string}\"},\"query-input\":{\"@type\":\"PropertyValueSpecification\",\"valueRequired\":true,\"valueName\":\"search_term_string\"}}],\"inLanguage\":\"es\"},{\"@type\":\"Organization\",\"@id\":\"https:\/\/innoticiasbo.com\/#organization\",\"name\":\"innoticiasbo.com\",\"url\":\"https:\/\/innoticiasbo.com\/\",\"logo\":{\"@type\":\"ImageObject\",\"inLanguage\":\"es\",\"@id\":\"https:\/\/innoticiasbo.com\/#\/schema\/logo\/image\/\",\"url\":\"https:\/\/i0.wp.com\/innoticiasbo.com\/wp-content\/uploads\/2026\/04\/cropped-IN-LOGO.png?fit=1476%2C1476&ssl=1\",\"contentUrl\":\"https:\/\/i0.wp.com\/innoticiasbo.com\/wp-content\/uploads\/2026\/04\/cropped-IN-LOGO.png?fit=1476%2C1476&ssl=1\",\"width\":1476,\"height\":1476,\"caption\":\"innoticiasbo.com\"},\"image\":{\"@id\":\"https:\/\/innoticiasbo.com\/#\/schema\/logo\/image\/\"},\"sameAs\":[\"https:\/\/www.facebook.com\/innoticiasbolivia\",\"https:\/\/x.com\/innoticiasbo\",\"https:\/\/www.instagram.com\/innoticiasbo\",\"https:\/\/www.youtube.com\/innoticiasbo\"]},{\"@type\":\"Person\",\"@id\":\"https:\/\/innoticiasbo.com\/#\/schema\/person\/0b28481e8d0316f83a13bc702311def5\",\"name\":\"Prensa 11\",\"image\":{\"@type\":\"ImageObject\",\"inLanguage\":\"es\",\"@id\":\"https:\/\/innoticiasbo.com\/#\/schema\/person\/image\/\",\"url\":\"https:\/\/secure.gravatar.com\/avatar\/696560c17349f1807a610bf83832bad0?s=96&d=mm&r=g\",\"contentUrl\":\"https:\/\/secure.gravatar.com\/avatar\/696560c17349f1807a610bf83832bad0?s=96&d=mm&r=g\",\"caption\":\"Prensa 11\"},\"sameAs\":[\"http:\/\/www.innoticiasbo.com\"],\"url\":\"https:\/\/innoticiasbo.com\/index.php\/author\/prensa-11\/\"}]}<\/script>\n<!-- \/ Yoast SEO plugin. -->","yoast_head_json":{"title":"PAZ AGRADECE A FELIPE VI POR SU VISITA: \"HACE UN TRABAJO ENORME PARA QUE BOLIVIA VUELVA AL MUNDO\" - innoticiasbo.com","robots":{"index":"index","follow":"follow","max-snippet":"max-snippet:-1","max-image-preview":"max-image-preview:large","max-video-preview":"max-video-preview:-1"},"canonical":"https:\/\/innoticiasbo.com\/index.php\/2026\/03\/12\/paz-agradece-a-felipe-vi-por-su-visita-hace-un-trabajo-enorme-para-que-bolivia-vuelva-al-mundo\/","og_locale":"es_ES","og_type":"article","og_title":"PAZ AGRADECE A FELIPE VI POR SU VISITA: \"HACE UN TRABAJO ENORME PARA QUE BOLIVIA VUELVA AL MUNDO\" - innoticiasbo.com","og_description":"Pa\u00eds, 12 de Marzo de 2026.- El presidente Rodrigo Paz asever\u00f3 este jueves que el rey de Espa\u00f1a, Felipe IV, quien visita al pa\u00eds, realiza un gran trabajo para que Bolivia vuelva al mundo y el mundo a Bolivia. El mandatario calific\u00f3 a Felipe de un \u00abgran amigo de Bolivia\u00bb y un \u00abgran amigo personal\u00bb....","og_url":"https:\/\/innoticiasbo.com\/index.php\/2026\/03\/12\/paz-agradece-a-felipe-vi-por-su-visita-hace-un-trabajo-enorme-para-que-bolivia-vuelva-al-mundo\/","og_site_name":"innoticiasbo.com","article_publisher":"https:\/\/www.facebook.com\/innoticiasbolivia","article_published_time":"2026-03-13T00:52:27+00:00","article_modified_time":"2026-03-13T00:52:29+00:00","og_image":[{"width":770,"height":430,"url":"https:\/\/innoticiasbo.com\/wp-content\/uploads\/2026\/03\/image-172.png","type":"image\/png"}],"author":"Prensa 11","twitter_card":"summary_large_image","twitter_creator":"@innoticiasbo","twitter_site":"@innoticiasbo","twitter_misc":{"Escrito por":"Prensa 11","Tiempo de lectura":"2 minutos"},"schema":{"@context":"https:\/\/schema.org","@graph":[{"@type":"Article","@id":"https:\/\/innoticiasbo.com\/index.php\/2026\/03\/12\/paz-agradece-a-felipe-vi-por-su-visita-hace-un-trabajo-enorme-para-que-bolivia-vuelva-al-mundo\/#article","isPartOf":{"@id":"https:\/\/innoticiasbo.com\/index.php\/2026\/03\/12\/paz-agradece-a-felipe-vi-por-su-visita-hace-un-trabajo-enorme-para-que-bolivia-vuelva-al-mundo\/"},"author":{"name":"Prensa 11","@id":"https:\/\/innoticiasbo.com\/#\/schema\/person\/0b28481e8d0316f83a13bc702311def5"},"headline":"PAZ AGRADECE A FELIPE VI POR SU VISITA: \u00abHACE UN TRABAJO ENORME PARA QUE BOLIVIA VUELVA AL MUNDO\u00bb","datePublished":"2026-03-13T00:52:27+00:00","dateModified":"2026-03-13T00:52:29+00:00","mainEntityOfPage":{"@id":"https:\/\/innoticiasbo.com\/index.php\/2026\/03\/12\/paz-agradece-a-felipe-vi-por-su-visita-hace-un-trabajo-enorme-para-que-bolivia-vuelva-al-mundo\/"},"wordCount":294,"commentCount":0,"publisher":{"@id":"https:\/\/innoticiasbo.com\/#organization"},"image":{"@id":"https:\/\/innoticiasbo.com\/index.php\/2026\/03\/12\/paz-agradece-a-felipe-vi-por-su-visita-hace-un-trabajo-enorme-para-que-bolivia-vuelva-al-mundo\/#primaryimage"},"thumbnailUrl":"https:\/\/i0.wp.com\/innoticiasbo.com\/wp-content\/uploads\/2026\/03\/image-172.png?fit=770%2C430&ssl=1","keywords":["Bolivia","econom\u00eda","Espa\u00f1a","Felipe VI","Pol\u00edtica","Rey Felipe VI","Rodrigo Paz"],"articleSection":["Bolivia","Econom\u00eda","Pol\u00edtica"],"inLanguage":"es","potentialAction":[{"@type":"CommentAction","name":"Comment","target":["https:\/\/innoticiasbo.com\/index.php\/2026\/03\/12\/paz-agradece-a-felipe-vi-por-su-visita-hace-un-trabajo-enorme-para-que-bolivia-vuelva-al-mundo\/#respond"]}]},{"@type":"WebPage","@id":"https:\/\/innoticiasbo.com\/index.php\/2026\/03\/12\/paz-agradece-a-felipe-vi-por-su-visita-hace-un-trabajo-enorme-para-que-bolivia-vuelva-al-mundo\/","url":"https:\/\/innoticiasbo.com\/index.php\/2026\/03\/12\/paz-agradece-a-felipe-vi-por-su-visita-hace-un-trabajo-enorme-para-que-bolivia-vuelva-al-mundo\/","name":"PAZ AGRADECE A FELIPE VI POR SU VISITA: \"HACE UN TRABAJO ENORME PARA QUE BOLIVIA VUELVA AL MUNDO\" - innoticiasbo.com","isPartOf":{"@id":"https:\/\/innoticiasbo.com\/#website"},"primaryImageOfPage":{"@id":"https:\/\/innoticiasbo.com\/index.php\/2026\/03\/12\/paz-agradece-a-felipe-vi-por-su-visita-hace-un-trabajo-enorme-para-que-bolivia-vuelva-al-mundo\/#primaryimage"},"image":{"@id":"https:\/\/innoticiasbo.com\/index.php\/2026\/03\/12\/paz-agradece-a-felipe-vi-por-su-visita-hace-un-trabajo-enorme-para-que-bolivia-vuelva-al-mundo\/#primaryimage"},"thumbnailUrl":"https:\/\/i0.wp.com\/innoticiasbo.com\/wp-content\/uploads\/2026\/03\/image-172.png?fit=770%2C430&ssl=1","datePublished":"2026-03-13T00:52:27+00:00","dateModified":"2026-03-13T00:52:29+00:00","breadcrumb":{"@id":"https:\/\/innoticiasbo.com\/index.php\/2026\/03\/12\/paz-agradece-a-felipe-vi-por-su-visita-hace-un-trabajo-enorme-para-que-bolivia-vuelva-al-mundo\/#breadcrumb"},"inLanguage":"es","potentialAction":[{"@type":"ReadAction","target":["https:\/\/innoticiasbo.com\/index.php\/2026\/03\/12\/paz-agradece-a-felipe-vi-por-su-visita-hace-un-trabajo-enorme-para-que-bolivia-vuelva-al-mundo\/"]}]},{"@type":"ImageObject","inLanguage":"es","@id":"https:\/\/innoticiasbo.com\/index.php\/2026\/03\/12\/paz-agradece-a-felipe-vi-por-su-visita-hace-un-trabajo-enorme-para-que-bolivia-vuelva-al-mundo\/#primaryimage","url":"https:\/\/i0.wp.com\/innoticiasbo.com\/wp-content\/uploads\/2026\/03\/image-172.png?fit=770%2C430&ssl=1","contentUrl":"https:\/\/i0.wp.com\/innoticiasbo.com\/wp-content\/uploads\/2026\/03\/image-172.png?fit=770%2C430&ssl=1","width":770,"height":430},{"@type":"BreadcrumbList","@id":"https:\/\/innoticiasbo.com\/index.php\/2026\/03\/12\/paz-agradece-a-felipe-vi-por-su-visita-hace-un-trabajo-enorme-para-que-bolivia-vuelva-al-mundo\/#breadcrumb","itemListElement":[{"@type":"ListItem","position":1,"name":"Portada","item":"https:\/\/innoticiasbo.com\/"},{"@type":"ListItem","position":2,"name":"PAZ AGRADECE A FELIPE VI POR SU VISITA: \u00abHACE UN TRABAJO ENORME PARA QUE BOLIVIA VUELVA AL MUNDO\u00bb"}]},{"@type":"WebSite","@id":"https:\/\/innoticiasbo.com\/#website","url":"https:\/\/innoticiasbo.com\/","name":"innoticiasbo.com","description":"","publisher":{"@id":"https:\/\/innoticiasbo.com\/#organization"},"potentialAction":[{"@type":"SearchAction","target":{"@type":"EntryPoint","urlTemplate":"https:\/\/innoticiasbo.com\/?s={search_term_string}"},"query-input":{"@type":"PropertyValueSpecification","valueRequired":true,"valueName":"search_term_string"}}],"inLanguage":"es"},{"@type":"Organization","@id":"https:\/\/innoticiasbo.com\/#organization","name":"innoticiasbo.com","url":"https:\/\/innoticiasbo.com\/","logo":{"@type":"ImageObject","inLanguage":"es","@id":"https:\/\/innoticiasbo.com\/#\/schema\/logo\/image\/","url":"https:\/\/i0.wp.com\/innoticiasbo.com\/wp-content\/uploads\/2026\/04\/cropped-IN-LOGO.png?fit=1476%2C1476&ssl=1","contentUrl":"https:\/\/i0.wp.com\/innoticiasbo.com\/wp-content\/uploads\/2026\/04\/cropped-IN-LOGO.png?fit=1476%2C1476&ssl=1","width":1476,"height":1476,"caption":"innoticiasbo.com"},"image":{"@id":"https:\/\/innoticiasbo.com\/#\/schema\/logo\/image\/"},"sameAs":["https:\/\/www.facebook.com\/innoticiasbolivia","https:\/\/x.com\/innoticiasbo","https:\/\/www.instagram.com\/innoticiasbo","https:\/\/www.youtube.com\/innoticiasbo"]},{"@type":"Person","@id":"https:\/\/innoticiasbo.com\/#\/schema\/person\/0b28481e8d0316f83a13bc702311def5","name":"Prensa 11","image":{"@type":"ImageObject","inLanguage":"es","@id":"https:\/\/innoticiasbo.com\/#\/schema\/person\/image\/","url":"https:\/\/secure.gravatar.com\/avatar\/696560c17349f1807a610bf83832bad0?s=96&d=mm&r=g","contentUrl":"https:\/\/secure.gravatar.com\/avatar\/696560c17349f1807a610bf83832bad0?s=96&d=mm&r=g","caption":"Prensa 11"},"sameAs":["http:\/\/www.innoticiasbo.com"],"url":"https:\/\/innoticiasbo.com\/index.php\/author\/prensa-11\/"}]}},"jetpack_featured_media_url":"https:\/\/i0.wp.com\/innoticiasbo.com\/wp-content\/uploads\/2026\/03\/image-172.png?fit=770%2C430&ssl=1","jetpack_likes_enabled":true,"jetpack_sharing_enabled":true,"jetpack_shortlink":"https:\/\/wp.me\/pg298x-2ub","_links":{"self":[{"href":"https:\/\/innoticiasbo.com\/index.php\/wp-json\/wp\/v2\/posts\/9559","targetHints":{"allow":["GET"]}}],"collection":[{"href":"https:\/\/innoticiasbo.com\/index.php\/wp-json\/wp\/v2\/posts"}],"about":[{"href":"https:\/\/innoticiasbo.com\/index.php\/wp-json\/wp\/v2\/types\/post"}],"author":[{"embeddable":true,"href":"https:\/\/innoticiasbo.com\/index.php\/wp-json\/wp\/v2\/users\/11"}],"replies":[{"embeddable":true,"href":"https:\/\/innoticiasbo.com\/index.php\/wp-json\/wp\/v2\/comments?post=9559"}],"version-history":[{"count":1,"href":"https:\/\/innoticiasbo.com\/index.php\/wp-json\/wp\/v2\/posts\/9559\/revisions"}],"predecessor-version":[{"id":9561,"href":"https:\/\/innoticiasbo.com\/index.php\/wp-json\/wp\/v2\/posts\/9559\/revisions\/9561"}],"wp:featuredmedia":[{"embeddable":true,"href":"https:\/\/innoticiasbo.com\/index.php\/wp-json\/wp\/v2\/media\/9560"}],"wp:attachment":[{"href":"https:\/\/innoticiasbo.com\/index.php\/wp-json\/wp\/v2\/media?parent=9559"}],"wp:term":[{"taxonomy":"category","embeddable":true,"href":"https:\/\/innoticiasbo.com\/index.php\/wp-json\/wp\/v2\/categories?post=9559"},{"taxonomy":"post_tag","embeddable":true,"href":"https:\/\/innoticiasbo.com\/index.php\/wp-json\/wp\/v2\/tags?post=9559"}],"curies":[{"name":"wp","href":"https:\/\/api.w.org\/{rel}","templated":true}]}}