{"id":9555,"date":"2026-03-12T20:44:34","date_gmt":"2026-03-13T00:44:34","guid":{"rendered":"https:\/\/innoticiasbo.com\/?p=9555"},"modified":"2026-03-12T20:44:35","modified_gmt":"2026-03-13T00:44:35","slug":"fiscalia-imputa-por-narcotrafico-a-uruguayo-del-caso-maletas","status":"publish","type":"post","link":"https:\/\/innoticiasbo.com\/index.php\/2026\/03\/12\/fiscalia-imputa-por-narcotrafico-a-uruguayo-del-caso-maletas\/","title":{"rendered":"FISCAL\u00cdA IMPUTA POR NARCOTR\u00c1FICO A URUGUAYO DEL \u201cCASO MALETAS\u201d"},"content":{"rendered":"\n<figure class=\"wp-block-image size-full\"><img data-recalc-dims=\"1\" loading=\"lazy\" decoding=\"async\" width=\"640\" height=\"357\" src=\"https:\/\/i0.wp.com\/innoticiasbo.com\/wp-content\/uploads\/2026\/03\/image-171.png?resize=640%2C357&#038;ssl=1\" alt=\"\" class=\"wp-image-9557\" srcset=\"https:\/\/i0.wp.com\/innoticiasbo.com\/wp-content\/uploads\/2026\/03\/image-171.png?w=770&amp;ssl=1 770w, https:\/\/i0.wp.com\/innoticiasbo.com\/wp-content\/uploads\/2026\/03\/image-171.png?resize=300%2C168&amp;ssl=1 300w, https:\/\/i0.wp.com\/innoticiasbo.com\/wp-content\/uploads\/2026\/03\/image-171.png?resize=768%2C429&amp;ssl=1 768w\" sizes=\"auto, (max-width: 640px) 100vw, 640px\" \/><\/figure>\n\n\n\n<p><strong>Santa Cruz, 12 de Marzo de 2026.-<\/strong> La Fiscal\u00eda de Sustancias Controladas present\u00f3 imputaci\u00f3n de manera formal por delito de narcotr\u00e1fico contra el ciudadano de nacionalidad uruguaya Gabriel Guliano Leoni, que viaj\u00f3 desde Estados Unidos transportando 32 maletas con divisas hasta Santa Cruz y de forma misteriosa desapareci\u00f3, seg\u00fan reporte de El Deber.<\/p>\n\n\n\n<p>El fiscal Julio C\u00e9sar Porras pidi\u00f3 a la justicia que determine hora y fecha para la audiencia y solicit\u00f3 se dicte la detenci\u00f3n preventiva por 180 d\u00edas del extranjero, pese a que se desconoce su paradero.<\/p>\n\n\n\n<p>La Fiscal\u00eda considera que la audiencia es de significativa importancia, porque si el hombre no est\u00e1 presente entonces la justicia tendr\u00e1 que declararlo rebelde a la ley y de esa forma se activar\u00e1 el sello rojo y su b\u00fasqueda en 180 pa\u00edses, a trav\u00e9s de la Interpol.<\/p>\n\n\n\n<p>La imputaci\u00f3n radic\u00f3 en el juzgado anticorrupci\u00f3n y violencia de la jueza Vivian Balc\u00e1zar, que fij\u00f3 audiencia para el 18 de este mes.<\/p>\n\n\n\n<p>Las diligencias sustentadas en investigaciones de la Fuerza Especial de Lucha Contra el Narcotr\u00e1fico (Felcn) y la Fiscal\u00eda se\u00f1alan que el caso de las 32 maletas comenz\u00f3 a ser investigado luego de una alerta internacional emitida por EEUU.<\/p>\n\n\n\n<p>La alerta revel\u00f3 que un avi\u00f3n privado fue contratado en Estados Unidos por la exparlamentaria Laura Rojas que luego se traslad\u00f3 hasta Santa Cruz, junto a dos de sus familiares y el ciudadano uruguayo Gabriel Giuliano Leoni, transportando 32 maletas con divisas.<\/p>\n\n\n\n<p>El 29 de diciembre se registr\u00f3 el arribo al aeropuerto de Viru Viru de Santa Cruz del avi\u00f3n y en im\u00e1genes de c\u00e1maras de seguridad se observa que descienden el extranjero Gabriel Giuliano, la Laura Rojas, adem\u00e1s de otros dos integrantes de la familia de la exdiputada.&nbsp;<\/p>\n\n\n\n<p>Fuente: Los Tiempos<\/p>\n","protected":false},"excerpt":{"rendered":"<p>Santa Cruz, 12 de Marzo de 2026.- La Fiscal\u00eda de Sustancias Controladas present\u00f3 imputaci\u00f3n de manera formal por delito de narcotr\u00e1fico contra el ciudadano de nacionalidad uruguaya Gabriel Guliano Leoni, que viaj\u00f3 desde Estados Unidos transportando 32 maletas con divisas hasta Santa Cruz y de forma misteriosa desapareci\u00f3, seg\u00fan reporte de El Deber. El fiscal&#8230;<\/p>\n","protected":false},"author":11,"featured_media":9557,"comment_status":"open","ping_status":"open","sticky":false,"template":"","format":"standard","meta":{"_jetpack_memberships_contains_paid_content":false,"footnotes":"","jetpack_publicize_message":"","jetpack_publicize_feature_enabled":true,"jetpack_social_post_already_shared":true,"jetpack_social_options":{"image_generator_settings":{"template":"highway","enabled":false},"version":2}},"categories":[1,15],"tags":[1126,1472,565,167,235,1471],"class_list":["post-9555","post","type-post","status-publish","format-standard","has-post-thumbnail","hentry","category-bolivia","category-seguridad","tag-caso-maletas","tag-imputacion","tag-narcotrafico","tag-santa-cruz","tag-seguridad","tag-uruguayo"],"jetpack_publicize_connections":[],"yoast_head":"<!-- This site is optimized with the Yoast SEO plugin v23.4 - https:\/\/yoast.com\/wordpress\/plugins\/seo\/ -->\n<title>FISCAL\u00cdA IMPUTA POR NARCOTR\u00c1FICO A URUGUAYO DEL \u201cCASO MALETAS\u201d - innoticiasbo.com<\/title>\n<meta name=\"robots\" content=\"index, follow, max-snippet:-1, max-image-preview:large, max-video-preview:-1\" \/>\n<link rel=\"canonical\" href=\"https:\/\/innoticiasbo.com\/index.php\/2026\/03\/12\/fiscalia-imputa-por-narcotrafico-a-uruguayo-del-caso-maletas\/\" \/>\n<meta property=\"og:locale\" content=\"es_ES\" \/>\n<meta property=\"og:type\" content=\"article\" \/>\n<meta property=\"og:title\" content=\"FISCAL\u00cdA IMPUTA POR NARCOTR\u00c1FICO A URUGUAYO DEL \u201cCASO MALETAS\u201d - innoticiasbo.com\" \/>\n<meta property=\"og:description\" content=\"Santa Cruz, 12 de Marzo de 2026.- La Fiscal\u00eda de Sustancias Controladas present\u00f3 imputaci\u00f3n de manera formal por delito de narcotr\u00e1fico contra el ciudadano de nacionalidad uruguaya Gabriel Guliano Leoni, que viaj\u00f3 desde Estados Unidos transportando 32 maletas con divisas hasta Santa Cruz y de forma misteriosa desapareci\u00f3, seg\u00fan reporte de El Deber. El fiscal...\" \/>\n<meta property=\"og:url\" content=\"https:\/\/innoticiasbo.com\/index.php\/2026\/03\/12\/fiscalia-imputa-por-narcotrafico-a-uruguayo-del-caso-maletas\/\" \/>\n<meta property=\"og:site_name\" content=\"innoticiasbo.com\" \/>\n<meta property=\"article:publisher\" content=\"https:\/\/www.facebook.com\/innoticiasbolivia\" \/>\n<meta property=\"article:published_time\" content=\"2026-03-13T00:44:34+00:00\" \/>\n<meta property=\"article:modified_time\" content=\"2026-03-13T00:44:35+00:00\" \/>\n<meta property=\"og:image\" content=\"https:\/\/innoticiasbo.com\/wp-content\/uploads\/2026\/03\/image-171.png\" \/>\n\t<meta property=\"og:image:width\" content=\"770\" \/>\n\t<meta property=\"og:image:height\" content=\"430\" \/>\n\t<meta property=\"og:image:type\" content=\"image\/png\" \/>\n<meta name=\"author\" content=\"Prensa 11\" \/>\n<meta name=\"twitter:card\" content=\"summary_large_image\" \/>\n<meta name=\"twitter:creator\" content=\"@innoticiasbo\" \/>\n<meta name=\"twitter:site\" content=\"@innoticiasbo\" \/>\n<meta name=\"twitter:label1\" content=\"Escrito por\" \/>\n\t<meta name=\"twitter:data1\" content=\"Prensa 11\" \/>\n\t<meta name=\"twitter:label2\" content=\"Tiempo de lectura\" \/>\n\t<meta name=\"twitter:data2\" content=\"2 minutos\" \/>\n<script type=\"application\/ld+json\" class=\"yoast-schema-graph\">{\"@context\":\"https:\/\/schema.org\",\"@graph\":[{\"@type\":\"Article\",\"@id\":\"https:\/\/innoticiasbo.com\/index.php\/2026\/03\/12\/fiscalia-imputa-por-narcotrafico-a-uruguayo-del-caso-maletas\/#article\",\"isPartOf\":{\"@id\":\"https:\/\/innoticiasbo.com\/index.php\/2026\/03\/12\/fiscalia-imputa-por-narcotrafico-a-uruguayo-del-caso-maletas\/\"},\"author\":{\"name\":\"Prensa 11\",\"@id\":\"https:\/\/innoticiasbo.com\/#\/schema\/person\/0b28481e8d0316f83a13bc702311def5\"},\"headline\":\"FISCAL\u00cdA IMPUTA POR NARCOTR\u00c1FICO A URUGUAYO DEL \u201cCASO MALETAS\u201d\",\"datePublished\":\"2026-03-13T00:44:34+00:00\",\"dateModified\":\"2026-03-13T00:44:35+00:00\",\"mainEntityOfPage\":{\"@id\":\"https:\/\/innoticiasbo.com\/index.php\/2026\/03\/12\/fiscalia-imputa-por-narcotrafico-a-uruguayo-del-caso-maletas\/\"},\"wordCount\":315,\"commentCount\":0,\"publisher\":{\"@id\":\"https:\/\/innoticiasbo.com\/#organization\"},\"image\":{\"@id\":\"https:\/\/innoticiasbo.com\/index.php\/2026\/03\/12\/fiscalia-imputa-por-narcotrafico-a-uruguayo-del-caso-maletas\/#primaryimage\"},\"thumbnailUrl\":\"https:\/\/i0.wp.com\/innoticiasbo.com\/wp-content\/uploads\/2026\/03\/image-171.png?fit=770%2C430&ssl=1\",\"keywords\":[\"caso maletas\",\"imputaci\u00f3n\",\"narcotr\u00e1fico\",\"Santa Cruz\",\"seguridad\",\"uruguayo\"],\"articleSection\":[\"Bolivia\",\"Seguridad\"],\"inLanguage\":\"es\",\"potentialAction\":[{\"@type\":\"CommentAction\",\"name\":\"Comment\",\"target\":[\"https:\/\/innoticiasbo.com\/index.php\/2026\/03\/12\/fiscalia-imputa-por-narcotrafico-a-uruguayo-del-caso-maletas\/#respond\"]}]},{\"@type\":\"WebPage\",\"@id\":\"https:\/\/innoticiasbo.com\/index.php\/2026\/03\/12\/fiscalia-imputa-por-narcotrafico-a-uruguayo-del-caso-maletas\/\",\"url\":\"https:\/\/innoticiasbo.com\/index.php\/2026\/03\/12\/fiscalia-imputa-por-narcotrafico-a-uruguayo-del-caso-maletas\/\",\"name\":\"FISCAL\u00cdA IMPUTA POR NARCOTR\u00c1FICO A URUGUAYO DEL \u201cCASO MALETAS\u201d - innoticiasbo.com\",\"isPartOf\":{\"@id\":\"https:\/\/innoticiasbo.com\/#website\"},\"primaryImageOfPage\":{\"@id\":\"https:\/\/innoticiasbo.com\/index.php\/2026\/03\/12\/fiscalia-imputa-por-narcotrafico-a-uruguayo-del-caso-maletas\/#primaryimage\"},\"image\":{\"@id\":\"https:\/\/innoticiasbo.com\/index.php\/2026\/03\/12\/fiscalia-imputa-por-narcotrafico-a-uruguayo-del-caso-maletas\/#primaryimage\"},\"thumbnailUrl\":\"https:\/\/i0.wp.com\/innoticiasbo.com\/wp-content\/uploads\/2026\/03\/image-171.png?fit=770%2C430&ssl=1\",\"datePublished\":\"2026-03-13T00:44:34+00:00\",\"dateModified\":\"2026-03-13T00:44:35+00:00\",\"breadcrumb\":{\"@id\":\"https:\/\/innoticiasbo.com\/index.php\/2026\/03\/12\/fiscalia-imputa-por-narcotrafico-a-uruguayo-del-caso-maletas\/#breadcrumb\"},\"inLanguage\":\"es\",\"potentialAction\":[{\"@type\":\"ReadAction\",\"target\":[\"https:\/\/innoticiasbo.com\/index.php\/2026\/03\/12\/fiscalia-imputa-por-narcotrafico-a-uruguayo-del-caso-maletas\/\"]}]},{\"@type\":\"ImageObject\",\"inLanguage\":\"es\",\"@id\":\"https:\/\/innoticiasbo.com\/index.php\/2026\/03\/12\/fiscalia-imputa-por-narcotrafico-a-uruguayo-del-caso-maletas\/#primaryimage\",\"url\":\"https:\/\/i0.wp.com\/innoticiasbo.com\/wp-content\/uploads\/2026\/03\/image-171.png?fit=770%2C430&ssl=1\",\"contentUrl\":\"https:\/\/i0.wp.com\/innoticiasbo.com\/wp-content\/uploads\/2026\/03\/image-171.png?fit=770%2C430&ssl=1\",\"width\":770,\"height\":430},{\"@type\":\"BreadcrumbList\",\"@id\":\"https:\/\/innoticiasbo.com\/index.php\/2026\/03\/12\/fiscalia-imputa-por-narcotrafico-a-uruguayo-del-caso-maletas\/#breadcrumb\",\"itemListElement\":[{\"@type\":\"ListItem\",\"position\":1,\"name\":\"Portada\",\"item\":\"https:\/\/innoticiasbo.com\/\"},{\"@type\":\"ListItem\",\"position\":2,\"name\":\"FISCAL\u00cdA IMPUTA POR NARCOTR\u00c1FICO A URUGUAYO DEL \u201cCASO MALETAS\u201d\"}]},{\"@type\":\"WebSite\",\"@id\":\"https:\/\/innoticiasbo.com\/#website\",\"url\":\"https:\/\/innoticiasbo.com\/\",\"name\":\"innoticiasbo.com\",\"description\":\"\",\"publisher\":{\"@id\":\"https:\/\/innoticiasbo.com\/#organization\"},\"potentialAction\":[{\"@type\":\"SearchAction\",\"target\":{\"@type\":\"EntryPoint\",\"urlTemplate\":\"https:\/\/innoticiasbo.com\/?s={search_term_string}\"},\"query-input\":{\"@type\":\"PropertyValueSpecification\",\"valueRequired\":true,\"valueName\":\"search_term_string\"}}],\"inLanguage\":\"es\"},{\"@type\":\"Organization\",\"@id\":\"https:\/\/innoticiasbo.com\/#organization\",\"name\":\"innoticiasbo.com\",\"url\":\"https:\/\/innoticiasbo.com\/\",\"logo\":{\"@type\":\"ImageObject\",\"inLanguage\":\"es\",\"@id\":\"https:\/\/innoticiasbo.com\/#\/schema\/logo\/image\/\",\"url\":\"https:\/\/i0.wp.com\/innoticiasbo.com\/wp-content\/uploads\/2026\/04\/cropped-IN-LOGO.png?fit=1476%2C1476&ssl=1\",\"contentUrl\":\"https:\/\/i0.wp.com\/innoticiasbo.com\/wp-content\/uploads\/2026\/04\/cropped-IN-LOGO.png?fit=1476%2C1476&ssl=1\",\"width\":1476,\"height\":1476,\"caption\":\"innoticiasbo.com\"},\"image\":{\"@id\":\"https:\/\/innoticiasbo.com\/#\/schema\/logo\/image\/\"},\"sameAs\":[\"https:\/\/www.facebook.com\/innoticiasbolivia\",\"https:\/\/x.com\/innoticiasbo\",\"https:\/\/www.instagram.com\/innoticiasbo\",\"https:\/\/www.youtube.com\/innoticiasbo\"]},{\"@type\":\"Person\",\"@id\":\"https:\/\/innoticiasbo.com\/#\/schema\/person\/0b28481e8d0316f83a13bc702311def5\",\"name\":\"Prensa 11\",\"image\":{\"@type\":\"ImageObject\",\"inLanguage\":\"es\",\"@id\":\"https:\/\/innoticiasbo.com\/#\/schema\/person\/image\/\",\"url\":\"https:\/\/secure.gravatar.com\/avatar\/696560c17349f1807a610bf83832bad0?s=96&d=mm&r=g\",\"contentUrl\":\"https:\/\/secure.gravatar.com\/avatar\/696560c17349f1807a610bf83832bad0?s=96&d=mm&r=g\",\"caption\":\"Prensa 11\"},\"sameAs\":[\"http:\/\/www.innoticiasbo.com\"],\"url\":\"https:\/\/innoticiasbo.com\/index.php\/author\/prensa-11\/\"}]}<\/script>\n<!-- \/ Yoast SEO plugin. -->","yoast_head_json":{"title":"FISCAL\u00cdA IMPUTA POR NARCOTR\u00c1FICO A URUGUAYO DEL \u201cCASO MALETAS\u201d - innoticiasbo.com","robots":{"index":"index","follow":"follow","max-snippet":"max-snippet:-1","max-image-preview":"max-image-preview:large","max-video-preview":"max-video-preview:-1"},"canonical":"https:\/\/innoticiasbo.com\/index.php\/2026\/03\/12\/fiscalia-imputa-por-narcotrafico-a-uruguayo-del-caso-maletas\/","og_locale":"es_ES","og_type":"article","og_title":"FISCAL\u00cdA IMPUTA POR NARCOTR\u00c1FICO A URUGUAYO DEL \u201cCASO MALETAS\u201d - innoticiasbo.com","og_description":"Santa Cruz, 12 de Marzo de 2026.- La Fiscal\u00eda de Sustancias Controladas present\u00f3 imputaci\u00f3n de manera formal por delito de narcotr\u00e1fico contra el ciudadano de nacionalidad uruguaya Gabriel Guliano Leoni, que viaj\u00f3 desde Estados Unidos transportando 32 maletas con divisas hasta Santa Cruz y de forma misteriosa desapareci\u00f3, seg\u00fan reporte de El Deber. El fiscal...","og_url":"https:\/\/innoticiasbo.com\/index.php\/2026\/03\/12\/fiscalia-imputa-por-narcotrafico-a-uruguayo-del-caso-maletas\/","og_site_name":"innoticiasbo.com","article_publisher":"https:\/\/www.facebook.com\/innoticiasbolivia","article_published_time":"2026-03-13T00:44:34+00:00","article_modified_time":"2026-03-13T00:44:35+00:00","og_image":[{"width":770,"height":430,"url":"https:\/\/innoticiasbo.com\/wp-content\/uploads\/2026\/03\/image-171.png","type":"image\/png"}],"author":"Prensa 11","twitter_card":"summary_large_image","twitter_creator":"@innoticiasbo","twitter_site":"@innoticiasbo","twitter_misc":{"Escrito por":"Prensa 11","Tiempo de lectura":"2 minutos"},"schema":{"@context":"https:\/\/schema.org","@graph":[{"@type":"Article","@id":"https:\/\/innoticiasbo.com\/index.php\/2026\/03\/12\/fiscalia-imputa-por-narcotrafico-a-uruguayo-del-caso-maletas\/#article","isPartOf":{"@id":"https:\/\/innoticiasbo.com\/index.php\/2026\/03\/12\/fiscalia-imputa-por-narcotrafico-a-uruguayo-del-caso-maletas\/"},"author":{"name":"Prensa 11","@id":"https:\/\/innoticiasbo.com\/#\/schema\/person\/0b28481e8d0316f83a13bc702311def5"},"headline":"FISCAL\u00cdA IMPUTA POR NARCOTR\u00c1FICO A URUGUAYO DEL \u201cCASO MALETAS\u201d","datePublished":"2026-03-13T00:44:34+00:00","dateModified":"2026-03-13T00:44:35+00:00","mainEntityOfPage":{"@id":"https:\/\/innoticiasbo.com\/index.php\/2026\/03\/12\/fiscalia-imputa-por-narcotrafico-a-uruguayo-del-caso-maletas\/"},"wordCount":315,"commentCount":0,"publisher":{"@id":"https:\/\/innoticiasbo.com\/#organization"},"image":{"@id":"https:\/\/innoticiasbo.com\/index.php\/2026\/03\/12\/fiscalia-imputa-por-narcotrafico-a-uruguayo-del-caso-maletas\/#primaryimage"},"thumbnailUrl":"https:\/\/i0.wp.com\/innoticiasbo.com\/wp-content\/uploads\/2026\/03\/image-171.png?fit=770%2C430&ssl=1","keywords":["caso maletas","imputaci\u00f3n","narcotr\u00e1fico","Santa Cruz","seguridad","uruguayo"],"articleSection":["Bolivia","Seguridad"],"inLanguage":"es","potentialAction":[{"@type":"CommentAction","name":"Comment","target":["https:\/\/innoticiasbo.com\/index.php\/2026\/03\/12\/fiscalia-imputa-por-narcotrafico-a-uruguayo-del-caso-maletas\/#respond"]}]},{"@type":"WebPage","@id":"https:\/\/innoticiasbo.com\/index.php\/2026\/03\/12\/fiscalia-imputa-por-narcotrafico-a-uruguayo-del-caso-maletas\/","url":"https:\/\/innoticiasbo.com\/index.php\/2026\/03\/12\/fiscalia-imputa-por-narcotrafico-a-uruguayo-del-caso-maletas\/","name":"FISCAL\u00cdA IMPUTA POR NARCOTR\u00c1FICO A URUGUAYO DEL \u201cCASO MALETAS\u201d - innoticiasbo.com","isPartOf":{"@id":"https:\/\/innoticiasbo.com\/#website"},"primaryImageOfPage":{"@id":"https:\/\/innoticiasbo.com\/index.php\/2026\/03\/12\/fiscalia-imputa-por-narcotrafico-a-uruguayo-del-caso-maletas\/#primaryimage"},"image":{"@id":"https:\/\/innoticiasbo.com\/index.php\/2026\/03\/12\/fiscalia-imputa-por-narcotrafico-a-uruguayo-del-caso-maletas\/#primaryimage"},"thumbnailUrl":"https:\/\/i0.wp.com\/innoticiasbo.com\/wp-content\/uploads\/2026\/03\/image-171.png?fit=770%2C430&ssl=1","datePublished":"2026-03-13T00:44:34+00:00","dateModified":"2026-03-13T00:44:35+00:00","breadcrumb":{"@id":"https:\/\/innoticiasbo.com\/index.php\/2026\/03\/12\/fiscalia-imputa-por-narcotrafico-a-uruguayo-del-caso-maletas\/#breadcrumb"},"inLanguage":"es","potentialAction":[{"@type":"ReadAction","target":["https:\/\/innoticiasbo.com\/index.php\/2026\/03\/12\/fiscalia-imputa-por-narcotrafico-a-uruguayo-del-caso-maletas\/"]}]},{"@type":"ImageObject","inLanguage":"es","@id":"https:\/\/innoticiasbo.com\/index.php\/2026\/03\/12\/fiscalia-imputa-por-narcotrafico-a-uruguayo-del-caso-maletas\/#primaryimage","url":"https:\/\/i0.wp.com\/innoticiasbo.com\/wp-content\/uploads\/2026\/03\/image-171.png?fit=770%2C430&ssl=1","contentUrl":"https:\/\/i0.wp.com\/innoticiasbo.com\/wp-content\/uploads\/2026\/03\/image-171.png?fit=770%2C430&ssl=1","width":770,"height":430},{"@type":"BreadcrumbList","@id":"https:\/\/innoticiasbo.com\/index.php\/2026\/03\/12\/fiscalia-imputa-por-narcotrafico-a-uruguayo-del-caso-maletas\/#breadcrumb","itemListElement":[{"@type":"ListItem","position":1,"name":"Portada","item":"https:\/\/innoticiasbo.com\/"},{"@type":"ListItem","position":2,"name":"FISCAL\u00cdA IMPUTA POR NARCOTR\u00c1FICO A URUGUAYO DEL \u201cCASO MALETAS\u201d"}]},{"@type":"WebSite","@id":"https:\/\/innoticiasbo.com\/#website","url":"https:\/\/innoticiasbo.com\/","name":"innoticiasbo.com","description":"","publisher":{"@id":"https:\/\/innoticiasbo.com\/#organization"},"potentialAction":[{"@type":"SearchAction","target":{"@type":"EntryPoint","urlTemplate":"https:\/\/innoticiasbo.com\/?s={search_term_string}"},"query-input":{"@type":"PropertyValueSpecification","valueRequired":true,"valueName":"search_term_string"}}],"inLanguage":"es"},{"@type":"Organization","@id":"https:\/\/innoticiasbo.com\/#organization","name":"innoticiasbo.com","url":"https:\/\/innoticiasbo.com\/","logo":{"@type":"ImageObject","inLanguage":"es","@id":"https:\/\/innoticiasbo.com\/#\/schema\/logo\/image\/","url":"https:\/\/i0.wp.com\/innoticiasbo.com\/wp-content\/uploads\/2026\/04\/cropped-IN-LOGO.png?fit=1476%2C1476&ssl=1","contentUrl":"https:\/\/i0.wp.com\/innoticiasbo.com\/wp-content\/uploads\/2026\/04\/cropped-IN-LOGO.png?fit=1476%2C1476&ssl=1","width":1476,"height":1476,"caption":"innoticiasbo.com"},"image":{"@id":"https:\/\/innoticiasbo.com\/#\/schema\/logo\/image\/"},"sameAs":["https:\/\/www.facebook.com\/innoticiasbolivia","https:\/\/x.com\/innoticiasbo","https:\/\/www.instagram.com\/innoticiasbo","https:\/\/www.youtube.com\/innoticiasbo"]},{"@type":"Person","@id":"https:\/\/innoticiasbo.com\/#\/schema\/person\/0b28481e8d0316f83a13bc702311def5","name":"Prensa 11","image":{"@type":"ImageObject","inLanguage":"es","@id":"https:\/\/innoticiasbo.com\/#\/schema\/person\/image\/","url":"https:\/\/secure.gravatar.com\/avatar\/696560c17349f1807a610bf83832bad0?s=96&d=mm&r=g","contentUrl":"https:\/\/secure.gravatar.com\/avatar\/696560c17349f1807a610bf83832bad0?s=96&d=mm&r=g","caption":"Prensa 11"},"sameAs":["http:\/\/www.innoticiasbo.com"],"url":"https:\/\/innoticiasbo.com\/index.php\/author\/prensa-11\/"}]}},"jetpack_featured_media_url":"https:\/\/i0.wp.com\/innoticiasbo.com\/wp-content\/uploads\/2026\/03\/image-171.png?fit=770%2C430&ssl=1","jetpack_likes_enabled":true,"jetpack_sharing_enabled":true,"jetpack_shortlink":"https:\/\/wp.me\/pg298x-2u7","_links":{"self":[{"href":"https:\/\/innoticiasbo.com\/index.php\/wp-json\/wp\/v2\/posts\/9555","targetHints":{"allow":["GET"]}}],"collection":[{"href":"https:\/\/innoticiasbo.com\/index.php\/wp-json\/wp\/v2\/posts"}],"about":[{"href":"https:\/\/innoticiasbo.com\/index.php\/wp-json\/wp\/v2\/types\/post"}],"author":[{"embeddable":true,"href":"https:\/\/innoticiasbo.com\/index.php\/wp-json\/wp\/v2\/users\/11"}],"replies":[{"embeddable":true,"href":"https:\/\/innoticiasbo.com\/index.php\/wp-json\/wp\/v2\/comments?post=9555"}],"version-history":[{"count":1,"href":"https:\/\/innoticiasbo.com\/index.php\/wp-json\/wp\/v2\/posts\/9555\/revisions"}],"predecessor-version":[{"id":9558,"href":"https:\/\/innoticiasbo.com\/index.php\/wp-json\/wp\/v2\/posts\/9555\/revisions\/9558"}],"wp:featuredmedia":[{"embeddable":true,"href":"https:\/\/innoticiasbo.com\/index.php\/wp-json\/wp\/v2\/media\/9557"}],"wp:attachment":[{"href":"https:\/\/innoticiasbo.com\/index.php\/wp-json\/wp\/v2\/media?parent=9555"}],"wp:term":[{"taxonomy":"category","embeddable":true,"href":"https:\/\/innoticiasbo.com\/index.php\/wp-json\/wp\/v2\/categories?post=9555"},{"taxonomy":"post_tag","embeddable":true,"href":"https:\/\/innoticiasbo.com\/index.php\/wp-json\/wp\/v2\/tags?post=9555"}],"curies":[{"name":"wp","href":"https:\/\/api.w.org\/{rel}","templated":true}]}}