{"id":9547,"date":"2026-03-12T12:51:00","date_gmt":"2026-03-12T16:51:00","guid":{"rendered":"https:\/\/innoticiasbo.com\/?p=9547"},"modified":"2026-03-12T12:51:02","modified_gmt":"2026-03-12T16:51:02","slug":"seguro-por-gasolina-vence-el-primer-plazo-del-registro-sin-datos-oficiales","status":"publish","type":"post","link":"https:\/\/innoticiasbo.com\/index.php\/2026\/03\/12\/seguro-por-gasolina-vence-el-primer-plazo-del-registro-sin-datos-oficiales\/","title":{"rendered":"SEGURO POR GASOLINA: VENCE EL PRIMER PLAZO DEL REGISTRO SIN DATOS OFICIALES"},"content":{"rendered":"\n<figure class=\"wp-block-image size-large\"><img data-recalc-dims=\"1\" loading=\"lazy\" decoding=\"async\" width=\"640\" height=\"360\" src=\"https:\/\/i0.wp.com\/innoticiasbo.com\/wp-content\/uploads\/2026\/03\/image-168.png?resize=640%2C360&#038;ssl=1\" alt=\"\" class=\"wp-image-9548\" srcset=\"https:\/\/i0.wp.com\/innoticiasbo.com\/wp-content\/uploads\/2026\/03\/image-168.png?resize=1024%2C576&amp;ssl=1 1024w, https:\/\/i0.wp.com\/innoticiasbo.com\/wp-content\/uploads\/2026\/03\/image-168.png?resize=300%2C169&amp;ssl=1 300w, https:\/\/i0.wp.com\/innoticiasbo.com\/wp-content\/uploads\/2026\/03\/image-168.png?resize=768%2C432&amp;ssl=1 768w, https:\/\/i0.wp.com\/innoticiasbo.com\/wp-content\/uploads\/2026\/03\/image-168.png?w=1200&amp;ssl=1 1200w\" sizes=\"auto, (max-width: 640px) 100vw, 640px\" \/><\/figure>\n\n\n\n<p><strong>Pais, 12 de Marzo de 2026.- <\/strong>Choferes y mototaxistas cuestionan que hasta el momento no se diera ninguna compensaci\u00f3n a los afectados, pese a los acuerdos firmados. El sector del transporte advierte con medidas de presi\u00f3n si no tiene respuesta a sus reclamos.<\/p>\n\n\n\n<p>El primer plazo del registro para acceder al seguro por los da\u00f1os atribuidos a la gasolina desestabilizada se cumpli\u00f3 el 8 de marzo, sin que se conozcan cifras actualizadas sobre la cantidad de reclamos ingresados en el Sistema de Registro y Evaluaci\u00f3n de Contingencias (SREC). Transportistas y mototaxistas cuestionan la falta de resarcimientos y advierten con movilizaciones.<\/p>\n\n\n\n<p>\u201cEstamos totalmente molestos. Lamentablemente el tema de resarcimientos hasta ahora no se da. Hay una molestia del sector del autotransporte porque los compa\u00f1eros necesitan que se haga el resarcimiento por los hechos que han ocurrido (con la gasolina desestabilizada) y hasta ahora a ni uno se ha hecho\u201d, afirm\u00f3 el dirigente de la Confederaci\u00f3n de Choferes de Bolivia, V\u00edctor Tarqui.<\/p>\n\n\n\n<p>El representante de los transportistas tambi\u00e9n advirti\u00f3 que, si no hay respuestas, podr\u00edan activarse medidas de presi\u00f3n y sugiri\u00f3 que si las autoridades no pueden dar soluciones deben \u201cdar un paso al costado\u201d.<\/p>\n\n\n\n<p>Los reclamos tambi\u00e9n provienen del sector de mototaxistas, uno de los primeros en concretar acuerdos para el resarcimiento por la gasolina de mala calidad, hace ya m\u00e1s de un mes.<\/p>\n\n\n\n<p>\u201cNo hay la respuesta que queremos. No hay el resarcimiento hasta la fecha de ninguno de los colegas. No han llamado a ninguno de los mototaxistas de ninguna zona para agarrar y decir: ac\u00e1 est\u00e1 el primer resarcimiento\u201d, afirm\u00f3 Rub\u00e9n Dar\u00edo Cardozo, presidente departamental de los mototaxistas de Santa Cruz.<\/p>\n\n\n\n<p>El dirigente asegur\u00f3 que se estima que hubo hasta 15.000 afectados, aunque solo unas 6.000 carpetas fueron presentadas por las dificultades burocr\u00e1ticas del proceso, pero no tienen respuesta sobre ninguno de los reclamos.<\/p>\n\n\n\n<p>Desde la Federaci\u00f3n de Choferes Chuquiago Marka de La Paz tambi\u00e9n se cuestion\u00f3 el funcionamiento de la plataforma digital. Su principal dirigente, Santos Escalante, se\u00f1al\u00f3 que el sistema restringe algunas denuncias y que algunos transportistas no pudieron completar el registro.<\/p>\n\n\n\n<p>\u201cEl soporte de lo que es el SREC no est\u00e1 dando resultados. La plataforma en este momento est\u00e1 negando los registros. Tenemos la denuncia de uno de nuestros compa\u00f1eros del sindicato de R\u00edo Abajo, donde su RUAT est\u00e1 a nombre de otra persona, pero \u00e9l tiene el documento privado y la plataforma le ha rechazado. Pareciera que el resarcimiento no se quisiera dar\u201d, reclam\u00f3.<\/p>\n\n\n\n<p>Asimismo, el dirigente tambi\u00e9n cuestion\u00f3 el cronograma de registro por placas y asegur\u00f3 que no fue acordado con el sector.<\/p>\n\n\n\n<p>\u201cHay que denunciar p\u00fablicamente ese cronograma que ellos han sacado. En ning\u00fan momento se ha acordado en la reuni\u00f3n que hemos tenido\u201d, sostuvo.<\/p>\n\n\n\n<p>Los choferes tambi\u00e9n exigen una reuni\u00f3n con las autoridades para evaluar la situaci\u00f3n del seguro y conocer informaci\u00f3n sobre los aditivos que se est\u00e1n incorporando al combustible, debido a denuncias de presuntos da\u00f1os en la pintura de los veh\u00edculos.<\/p>\n\n\n\n<p>El plazo de 48 horas que lanz\u00f3 la Federaci\u00f3n Chuquiago Marka para que el Gobierno responda a sus demandas fenece hoy. El sector se\u00f1al\u00f3 que si no se los convoca a una reuni\u00f3n se convocar\u00e1 a un ampliado este viernes.<\/p>\n\n\n\n<p><strong>Sin datos actualizados<\/strong><\/p>\n\n\n\n<p>El 5 de marzo, durante un informe oral ante la C\u00e1mara de Senadores, el ministro de Hidrocarburos, Mauricio Medinaceli, inform\u00f3 que 1.752 personas hab\u00edan consolidado su denuncia por los da\u00f1os ocasionados por la gasolina desestabilizada en el SREC durante los primeros d\u00edas de funcionamiento del sistema. Sin embargo, la cifra representa una fracci\u00f3n menor al 1% del parque automotor nacional, que bordea los tres millones de veh\u00edculos.&nbsp;<\/p>\n\n\n\n<p>Pese a que el primer grupo de placas cerr\u00f3 su registro el 8 de marzo, hasta ayer no se conocieron datos oficiales sobre cu\u00e1ntos registros se completaron en el sistema durante ese periodo.<\/p>\n\n\n\n<p>EL DEBER busc\u00f3 informaci\u00f3n en oficinas de YPFB, pero no se brind\u00f3 ning\u00fan tipo de informe y, ante la insistencia, se recomend\u00f3 llamar a la l\u00ednea de atenci\u00f3n al usuario del SREC, que se encuentra saturada.<\/p>\n\n\n\n<p>En su informe oral, el ministro de Hidrocarburos tambi\u00e9n anunci\u00f3 que se podr\u00edan habilitar puntos f\u00edsicos para facilitar la inscripci\u00f3n de reclamos en zonas donde el acceso a internet es limitado; sin embargo, tampoco existe informaci\u00f3n precisa sobre d\u00f3nde, c\u00f3mo o desde cu\u00e1ndo comenzar\u00e1n a funcionar los puntos f\u00edsicos para apoyar el registro.<\/p>\n\n\n\n<p>Asimismo, el fiscal general Roger Mariaca afirm\u00f3 que&nbsp; a\u00fan no existe denuncia penal por el presunto sabotaje y record\u00f3 que el control del combustible corresponde a ANH y YPFB.<\/p>\n\n\n\n<p>Fuente: El Deber<\/p>\n","protected":false},"excerpt":{"rendered":"<p>Pais, 12 de Marzo de 2026.- Choferes y mototaxistas cuestionan que hasta el momento no se diera ninguna compensaci\u00f3n a los afectados, pese a los acuerdos firmados. El sector del transporte advierte con medidas de presi\u00f3n si no tiene respuesta a sus reclamos. El primer plazo del registro para acceder al seguro por los da\u00f1os&#8230;<\/p>\n","protected":false},"author":11,"featured_media":9548,"comment_status":"open","ping_status":"open","sticky":false,"template":"","format":"standard","meta":{"_jetpack_memberships_contains_paid_content":false,"footnotes":"","jetpack_publicize_message":"","jetpack_publicize_feature_enabled":true,"jetpack_social_post_already_shared":true,"jetpack_social_options":{"image_generator_settings":{"template":"highway","enabled":false},"version":2}},"categories":[16],"tags":[7,39,1467,18,702,1466,159],"class_list":["post-9547","post","type-post","status-publish","format-standard","has-post-thumbnail","hentry","category-economia","tag-bolivia","tag-choferes","tag-compensacion","tag-economia","tag-gasolina","tag-sector-transporte","tag-ypfb"],"jetpack_publicize_connections":[],"yoast_head":"<!-- This site is optimized with the Yoast SEO plugin v23.4 - https:\/\/yoast.com\/wordpress\/plugins\/seo\/ -->\n<title>SEGURO POR GASOLINA: VENCE EL PRIMER PLAZO DEL REGISTRO SIN DATOS OFICIALES - innoticiasbo.com<\/title>\n<meta name=\"robots\" content=\"index, follow, max-snippet:-1, max-image-preview:large, max-video-preview:-1\" \/>\n<link rel=\"canonical\" href=\"https:\/\/innoticiasbo.com\/index.php\/2026\/03\/12\/seguro-por-gasolina-vence-el-primer-plazo-del-registro-sin-datos-oficiales\/\" \/>\n<meta property=\"og:locale\" content=\"es_ES\" \/>\n<meta property=\"og:type\" content=\"article\" \/>\n<meta property=\"og:title\" content=\"SEGURO POR GASOLINA: VENCE EL PRIMER PLAZO DEL REGISTRO SIN DATOS OFICIALES - innoticiasbo.com\" \/>\n<meta property=\"og:description\" content=\"Pais, 12 de Marzo de 2026.- Choferes y mototaxistas cuestionan que hasta el momento no se diera ninguna compensaci\u00f3n a los afectados, pese a los acuerdos firmados. El sector del transporte advierte con medidas de presi\u00f3n si no tiene respuesta a sus reclamos. El primer plazo del registro para acceder al seguro por los da\u00f1os...\" \/>\n<meta property=\"og:url\" content=\"https:\/\/innoticiasbo.com\/index.php\/2026\/03\/12\/seguro-por-gasolina-vence-el-primer-plazo-del-registro-sin-datos-oficiales\/\" \/>\n<meta property=\"og:site_name\" content=\"innoticiasbo.com\" \/>\n<meta property=\"article:publisher\" content=\"https:\/\/www.facebook.com\/innoticiasbolivia\" \/>\n<meta property=\"article:published_time\" content=\"2026-03-12T16:51:00+00:00\" \/>\n<meta property=\"article:modified_time\" content=\"2026-03-12T16:51:02+00:00\" \/>\n<meta property=\"og:image\" content=\"https:\/\/innoticiasbo.com\/wp-content\/uploads\/2026\/03\/image-168.png\" \/>\n\t<meta property=\"og:image:width\" content=\"1200\" \/>\n\t<meta property=\"og:image:height\" content=\"675\" \/>\n\t<meta property=\"og:image:type\" content=\"image\/png\" \/>\n<meta name=\"author\" content=\"Prensa 11\" \/>\n<meta name=\"twitter:card\" content=\"summary_large_image\" \/>\n<meta name=\"twitter:creator\" content=\"@innoticiasbo\" \/>\n<meta name=\"twitter:site\" content=\"@innoticiasbo\" \/>\n<meta name=\"twitter:label1\" content=\"Escrito por\" \/>\n\t<meta name=\"twitter:data1\" content=\"Prensa 11\" \/>\n\t<meta name=\"twitter:label2\" content=\"Tiempo de lectura\" \/>\n\t<meta name=\"twitter:data2\" content=\"4 minutos\" \/>\n<script type=\"application\/ld+json\" class=\"yoast-schema-graph\">{\"@context\":\"https:\/\/schema.org\",\"@graph\":[{\"@type\":\"Article\",\"@id\":\"https:\/\/innoticiasbo.com\/index.php\/2026\/03\/12\/seguro-por-gasolina-vence-el-primer-plazo-del-registro-sin-datos-oficiales\/#article\",\"isPartOf\":{\"@id\":\"https:\/\/innoticiasbo.com\/index.php\/2026\/03\/12\/seguro-por-gasolina-vence-el-primer-plazo-del-registro-sin-datos-oficiales\/\"},\"author\":{\"name\":\"Prensa 11\",\"@id\":\"https:\/\/innoticiasbo.com\/#\/schema\/person\/0b28481e8d0316f83a13bc702311def5\"},\"headline\":\"SEGURO POR GASOLINA: VENCE EL PRIMER PLAZO DEL REGISTRO SIN DATOS OFICIALES\",\"datePublished\":\"2026-03-12T16:51:00+00:00\",\"dateModified\":\"2026-03-12T16:51:02+00:00\",\"mainEntityOfPage\":{\"@id\":\"https:\/\/innoticiasbo.com\/index.php\/2026\/03\/12\/seguro-por-gasolina-vence-el-primer-plazo-del-registro-sin-datos-oficiales\/\"},\"wordCount\":817,\"commentCount\":0,\"publisher\":{\"@id\":\"https:\/\/innoticiasbo.com\/#organization\"},\"image\":{\"@id\":\"https:\/\/innoticiasbo.com\/index.php\/2026\/03\/12\/seguro-por-gasolina-vence-el-primer-plazo-del-registro-sin-datos-oficiales\/#primaryimage\"},\"thumbnailUrl\":\"https:\/\/i0.wp.com\/innoticiasbo.com\/wp-content\/uploads\/2026\/03\/image-168.png?fit=1200%2C675&ssl=1\",\"keywords\":[\"Bolivia\",\"choferes\",\"Compensaci\u00f3n\",\"econom\u00eda\",\"gasolina\",\"sector transporte\",\"YPFB\"],\"articleSection\":[\"Econom\u00eda\"],\"inLanguage\":\"es\",\"potentialAction\":[{\"@type\":\"CommentAction\",\"name\":\"Comment\",\"target\":[\"https:\/\/innoticiasbo.com\/index.php\/2026\/03\/12\/seguro-por-gasolina-vence-el-primer-plazo-del-registro-sin-datos-oficiales\/#respond\"]}]},{\"@type\":\"WebPage\",\"@id\":\"https:\/\/innoticiasbo.com\/index.php\/2026\/03\/12\/seguro-por-gasolina-vence-el-primer-plazo-del-registro-sin-datos-oficiales\/\",\"url\":\"https:\/\/innoticiasbo.com\/index.php\/2026\/03\/12\/seguro-por-gasolina-vence-el-primer-plazo-del-registro-sin-datos-oficiales\/\",\"name\":\"SEGURO POR GASOLINA: VENCE EL PRIMER PLAZO DEL REGISTRO SIN DATOS OFICIALES - innoticiasbo.com\",\"isPartOf\":{\"@id\":\"https:\/\/innoticiasbo.com\/#website\"},\"primaryImageOfPage\":{\"@id\":\"https:\/\/innoticiasbo.com\/index.php\/2026\/03\/12\/seguro-por-gasolina-vence-el-primer-plazo-del-registro-sin-datos-oficiales\/#primaryimage\"},\"image\":{\"@id\":\"https:\/\/innoticiasbo.com\/index.php\/2026\/03\/12\/seguro-por-gasolina-vence-el-primer-plazo-del-registro-sin-datos-oficiales\/#primaryimage\"},\"thumbnailUrl\":\"https:\/\/i0.wp.com\/innoticiasbo.com\/wp-content\/uploads\/2026\/03\/image-168.png?fit=1200%2C675&ssl=1\",\"datePublished\":\"2026-03-12T16:51:00+00:00\",\"dateModified\":\"2026-03-12T16:51:02+00:00\",\"breadcrumb\":{\"@id\":\"https:\/\/innoticiasbo.com\/index.php\/2026\/03\/12\/seguro-por-gasolina-vence-el-primer-plazo-del-registro-sin-datos-oficiales\/#breadcrumb\"},\"inLanguage\":\"es\",\"potentialAction\":[{\"@type\":\"ReadAction\",\"target\":[\"https:\/\/innoticiasbo.com\/index.php\/2026\/03\/12\/seguro-por-gasolina-vence-el-primer-plazo-del-registro-sin-datos-oficiales\/\"]}]},{\"@type\":\"ImageObject\",\"inLanguage\":\"es\",\"@id\":\"https:\/\/innoticiasbo.com\/index.php\/2026\/03\/12\/seguro-por-gasolina-vence-el-primer-plazo-del-registro-sin-datos-oficiales\/#primaryimage\",\"url\":\"https:\/\/i0.wp.com\/innoticiasbo.com\/wp-content\/uploads\/2026\/03\/image-168.png?fit=1200%2C675&ssl=1\",\"contentUrl\":\"https:\/\/i0.wp.com\/innoticiasbo.com\/wp-content\/uploads\/2026\/03\/image-168.png?fit=1200%2C675&ssl=1\",\"width\":1200,\"height\":675},{\"@type\":\"BreadcrumbList\",\"@id\":\"https:\/\/innoticiasbo.com\/index.php\/2026\/03\/12\/seguro-por-gasolina-vence-el-primer-plazo-del-registro-sin-datos-oficiales\/#breadcrumb\",\"itemListElement\":[{\"@type\":\"ListItem\",\"position\":1,\"name\":\"Portada\",\"item\":\"https:\/\/innoticiasbo.com\/\"},{\"@type\":\"ListItem\",\"position\":2,\"name\":\"SEGURO POR GASOLINA: VENCE EL PRIMER PLAZO DEL REGISTRO SIN DATOS OFICIALES\"}]},{\"@type\":\"WebSite\",\"@id\":\"https:\/\/innoticiasbo.com\/#website\",\"url\":\"https:\/\/innoticiasbo.com\/\",\"name\":\"innoticiasbo.com\",\"description\":\"\",\"publisher\":{\"@id\":\"https:\/\/innoticiasbo.com\/#organization\"},\"potentialAction\":[{\"@type\":\"SearchAction\",\"target\":{\"@type\":\"EntryPoint\",\"urlTemplate\":\"https:\/\/innoticiasbo.com\/?s={search_term_string}\"},\"query-input\":{\"@type\":\"PropertyValueSpecification\",\"valueRequired\":true,\"valueName\":\"search_term_string\"}}],\"inLanguage\":\"es\"},{\"@type\":\"Organization\",\"@id\":\"https:\/\/innoticiasbo.com\/#organization\",\"name\":\"innoticiasbo.com\",\"url\":\"https:\/\/innoticiasbo.com\/\",\"logo\":{\"@type\":\"ImageObject\",\"inLanguage\":\"es\",\"@id\":\"https:\/\/innoticiasbo.com\/#\/schema\/logo\/image\/\",\"url\":\"https:\/\/i0.wp.com\/innoticiasbo.com\/wp-content\/uploads\/2026\/04\/cropped-IN-LOGO.png?fit=1476%2C1476&ssl=1\",\"contentUrl\":\"https:\/\/i0.wp.com\/innoticiasbo.com\/wp-content\/uploads\/2026\/04\/cropped-IN-LOGO.png?fit=1476%2C1476&ssl=1\",\"width\":1476,\"height\":1476,\"caption\":\"innoticiasbo.com\"},\"image\":{\"@id\":\"https:\/\/innoticiasbo.com\/#\/schema\/logo\/image\/\"},\"sameAs\":[\"https:\/\/www.facebook.com\/innoticiasbolivia\",\"https:\/\/x.com\/innoticiasbo\",\"https:\/\/www.instagram.com\/innoticiasbo\",\"https:\/\/www.youtube.com\/innoticiasbo\"]},{\"@type\":\"Person\",\"@id\":\"https:\/\/innoticiasbo.com\/#\/schema\/person\/0b28481e8d0316f83a13bc702311def5\",\"name\":\"Prensa 11\",\"image\":{\"@type\":\"ImageObject\",\"inLanguage\":\"es\",\"@id\":\"https:\/\/innoticiasbo.com\/#\/schema\/person\/image\/\",\"url\":\"https:\/\/secure.gravatar.com\/avatar\/696560c17349f1807a610bf83832bad0?s=96&d=mm&r=g\",\"contentUrl\":\"https:\/\/secure.gravatar.com\/avatar\/696560c17349f1807a610bf83832bad0?s=96&d=mm&r=g\",\"caption\":\"Prensa 11\"},\"sameAs\":[\"http:\/\/www.innoticiasbo.com\"],\"url\":\"https:\/\/innoticiasbo.com\/index.php\/author\/prensa-11\/\"}]}<\/script>\n<!-- \/ Yoast SEO plugin. -->","yoast_head_json":{"title":"SEGURO POR GASOLINA: VENCE EL PRIMER PLAZO DEL REGISTRO SIN DATOS OFICIALES - innoticiasbo.com","robots":{"index":"index","follow":"follow","max-snippet":"max-snippet:-1","max-image-preview":"max-image-preview:large","max-video-preview":"max-video-preview:-1"},"canonical":"https:\/\/innoticiasbo.com\/index.php\/2026\/03\/12\/seguro-por-gasolina-vence-el-primer-plazo-del-registro-sin-datos-oficiales\/","og_locale":"es_ES","og_type":"article","og_title":"SEGURO POR GASOLINA: VENCE EL PRIMER PLAZO DEL REGISTRO SIN DATOS OFICIALES - innoticiasbo.com","og_description":"Pais, 12 de Marzo de 2026.- Choferes y mototaxistas cuestionan que hasta el momento no se diera ninguna compensaci\u00f3n a los afectados, pese a los acuerdos firmados. El sector del transporte advierte con medidas de presi\u00f3n si no tiene respuesta a sus reclamos. El primer plazo del registro para acceder al seguro por los da\u00f1os...","og_url":"https:\/\/innoticiasbo.com\/index.php\/2026\/03\/12\/seguro-por-gasolina-vence-el-primer-plazo-del-registro-sin-datos-oficiales\/","og_site_name":"innoticiasbo.com","article_publisher":"https:\/\/www.facebook.com\/innoticiasbolivia","article_published_time":"2026-03-12T16:51:00+00:00","article_modified_time":"2026-03-12T16:51:02+00:00","og_image":[{"width":1200,"height":675,"url":"https:\/\/innoticiasbo.com\/wp-content\/uploads\/2026\/03\/image-168.png","type":"image\/png"}],"author":"Prensa 11","twitter_card":"summary_large_image","twitter_creator":"@innoticiasbo","twitter_site":"@innoticiasbo","twitter_misc":{"Escrito por":"Prensa 11","Tiempo de lectura":"4 minutos"},"schema":{"@context":"https:\/\/schema.org","@graph":[{"@type":"Article","@id":"https:\/\/innoticiasbo.com\/index.php\/2026\/03\/12\/seguro-por-gasolina-vence-el-primer-plazo-del-registro-sin-datos-oficiales\/#article","isPartOf":{"@id":"https:\/\/innoticiasbo.com\/index.php\/2026\/03\/12\/seguro-por-gasolina-vence-el-primer-plazo-del-registro-sin-datos-oficiales\/"},"author":{"name":"Prensa 11","@id":"https:\/\/innoticiasbo.com\/#\/schema\/person\/0b28481e8d0316f83a13bc702311def5"},"headline":"SEGURO POR GASOLINA: VENCE EL PRIMER PLAZO DEL REGISTRO SIN DATOS OFICIALES","datePublished":"2026-03-12T16:51:00+00:00","dateModified":"2026-03-12T16:51:02+00:00","mainEntityOfPage":{"@id":"https:\/\/innoticiasbo.com\/index.php\/2026\/03\/12\/seguro-por-gasolina-vence-el-primer-plazo-del-registro-sin-datos-oficiales\/"},"wordCount":817,"commentCount":0,"publisher":{"@id":"https:\/\/innoticiasbo.com\/#organization"},"image":{"@id":"https:\/\/innoticiasbo.com\/index.php\/2026\/03\/12\/seguro-por-gasolina-vence-el-primer-plazo-del-registro-sin-datos-oficiales\/#primaryimage"},"thumbnailUrl":"https:\/\/i0.wp.com\/innoticiasbo.com\/wp-content\/uploads\/2026\/03\/image-168.png?fit=1200%2C675&ssl=1","keywords":["Bolivia","choferes","Compensaci\u00f3n","econom\u00eda","gasolina","sector transporte","YPFB"],"articleSection":["Econom\u00eda"],"inLanguage":"es","potentialAction":[{"@type":"CommentAction","name":"Comment","target":["https:\/\/innoticiasbo.com\/index.php\/2026\/03\/12\/seguro-por-gasolina-vence-el-primer-plazo-del-registro-sin-datos-oficiales\/#respond"]}]},{"@type":"WebPage","@id":"https:\/\/innoticiasbo.com\/index.php\/2026\/03\/12\/seguro-por-gasolina-vence-el-primer-plazo-del-registro-sin-datos-oficiales\/","url":"https:\/\/innoticiasbo.com\/index.php\/2026\/03\/12\/seguro-por-gasolina-vence-el-primer-plazo-del-registro-sin-datos-oficiales\/","name":"SEGURO POR GASOLINA: VENCE EL PRIMER PLAZO DEL REGISTRO SIN DATOS OFICIALES - innoticiasbo.com","isPartOf":{"@id":"https:\/\/innoticiasbo.com\/#website"},"primaryImageOfPage":{"@id":"https:\/\/innoticiasbo.com\/index.php\/2026\/03\/12\/seguro-por-gasolina-vence-el-primer-plazo-del-registro-sin-datos-oficiales\/#primaryimage"},"image":{"@id":"https:\/\/innoticiasbo.com\/index.php\/2026\/03\/12\/seguro-por-gasolina-vence-el-primer-plazo-del-registro-sin-datos-oficiales\/#primaryimage"},"thumbnailUrl":"https:\/\/i0.wp.com\/innoticiasbo.com\/wp-content\/uploads\/2026\/03\/image-168.png?fit=1200%2C675&ssl=1","datePublished":"2026-03-12T16:51:00+00:00","dateModified":"2026-03-12T16:51:02+00:00","breadcrumb":{"@id":"https:\/\/innoticiasbo.com\/index.php\/2026\/03\/12\/seguro-por-gasolina-vence-el-primer-plazo-del-registro-sin-datos-oficiales\/#breadcrumb"},"inLanguage":"es","potentialAction":[{"@type":"ReadAction","target":["https:\/\/innoticiasbo.com\/index.php\/2026\/03\/12\/seguro-por-gasolina-vence-el-primer-plazo-del-registro-sin-datos-oficiales\/"]}]},{"@type":"ImageObject","inLanguage":"es","@id":"https:\/\/innoticiasbo.com\/index.php\/2026\/03\/12\/seguro-por-gasolina-vence-el-primer-plazo-del-registro-sin-datos-oficiales\/#primaryimage","url":"https:\/\/i0.wp.com\/innoticiasbo.com\/wp-content\/uploads\/2026\/03\/image-168.png?fit=1200%2C675&ssl=1","contentUrl":"https:\/\/i0.wp.com\/innoticiasbo.com\/wp-content\/uploads\/2026\/03\/image-168.png?fit=1200%2C675&ssl=1","width":1200,"height":675},{"@type":"BreadcrumbList","@id":"https:\/\/innoticiasbo.com\/index.php\/2026\/03\/12\/seguro-por-gasolina-vence-el-primer-plazo-del-registro-sin-datos-oficiales\/#breadcrumb","itemListElement":[{"@type":"ListItem","position":1,"name":"Portada","item":"https:\/\/innoticiasbo.com\/"},{"@type":"ListItem","position":2,"name":"SEGURO POR GASOLINA: VENCE EL PRIMER PLAZO DEL REGISTRO SIN DATOS OFICIALES"}]},{"@type":"WebSite","@id":"https:\/\/innoticiasbo.com\/#website","url":"https:\/\/innoticiasbo.com\/","name":"innoticiasbo.com","description":"","publisher":{"@id":"https:\/\/innoticiasbo.com\/#organization"},"potentialAction":[{"@type":"SearchAction","target":{"@type":"EntryPoint","urlTemplate":"https:\/\/innoticiasbo.com\/?s={search_term_string}"},"query-input":{"@type":"PropertyValueSpecification","valueRequired":true,"valueName":"search_term_string"}}],"inLanguage":"es"},{"@type":"Organization","@id":"https:\/\/innoticiasbo.com\/#organization","name":"innoticiasbo.com","url":"https:\/\/innoticiasbo.com\/","logo":{"@type":"ImageObject","inLanguage":"es","@id":"https:\/\/innoticiasbo.com\/#\/schema\/logo\/image\/","url":"https:\/\/i0.wp.com\/innoticiasbo.com\/wp-content\/uploads\/2026\/04\/cropped-IN-LOGO.png?fit=1476%2C1476&ssl=1","contentUrl":"https:\/\/i0.wp.com\/innoticiasbo.com\/wp-content\/uploads\/2026\/04\/cropped-IN-LOGO.png?fit=1476%2C1476&ssl=1","width":1476,"height":1476,"caption":"innoticiasbo.com"},"image":{"@id":"https:\/\/innoticiasbo.com\/#\/schema\/logo\/image\/"},"sameAs":["https:\/\/www.facebook.com\/innoticiasbolivia","https:\/\/x.com\/innoticiasbo","https:\/\/www.instagram.com\/innoticiasbo","https:\/\/www.youtube.com\/innoticiasbo"]},{"@type":"Person","@id":"https:\/\/innoticiasbo.com\/#\/schema\/person\/0b28481e8d0316f83a13bc702311def5","name":"Prensa 11","image":{"@type":"ImageObject","inLanguage":"es","@id":"https:\/\/innoticiasbo.com\/#\/schema\/person\/image\/","url":"https:\/\/secure.gravatar.com\/avatar\/696560c17349f1807a610bf83832bad0?s=96&d=mm&r=g","contentUrl":"https:\/\/secure.gravatar.com\/avatar\/696560c17349f1807a610bf83832bad0?s=96&d=mm&r=g","caption":"Prensa 11"},"sameAs":["http:\/\/www.innoticiasbo.com"],"url":"https:\/\/innoticiasbo.com\/index.php\/author\/prensa-11\/"}]}},"jetpack_featured_media_url":"https:\/\/i0.wp.com\/innoticiasbo.com\/wp-content\/uploads\/2026\/03\/image-168.png?fit=1200%2C675&ssl=1","jetpack_likes_enabled":true,"jetpack_sharing_enabled":true,"jetpack_shortlink":"https:\/\/wp.me\/pg298x-2tZ","_links":{"self":[{"href":"https:\/\/innoticiasbo.com\/index.php\/wp-json\/wp\/v2\/posts\/9547","targetHints":{"allow":["GET"]}}],"collection":[{"href":"https:\/\/innoticiasbo.com\/index.php\/wp-json\/wp\/v2\/posts"}],"about":[{"href":"https:\/\/innoticiasbo.com\/index.php\/wp-json\/wp\/v2\/types\/post"}],"author":[{"embeddable":true,"href":"https:\/\/innoticiasbo.com\/index.php\/wp-json\/wp\/v2\/users\/11"}],"replies":[{"embeddable":true,"href":"https:\/\/innoticiasbo.com\/index.php\/wp-json\/wp\/v2\/comments?post=9547"}],"version-history":[{"count":1,"href":"https:\/\/innoticiasbo.com\/index.php\/wp-json\/wp\/v2\/posts\/9547\/revisions"}],"predecessor-version":[{"id":9549,"href":"https:\/\/innoticiasbo.com\/index.php\/wp-json\/wp\/v2\/posts\/9547\/revisions\/9549"}],"wp:featuredmedia":[{"embeddable":true,"href":"https:\/\/innoticiasbo.com\/index.php\/wp-json\/wp\/v2\/media\/9548"}],"wp:attachment":[{"href":"https:\/\/innoticiasbo.com\/index.php\/wp-json\/wp\/v2\/media?parent=9547"}],"wp:term":[{"taxonomy":"category","embeddable":true,"href":"https:\/\/innoticiasbo.com\/index.php\/wp-json\/wp\/v2\/categories?post=9547"},{"taxonomy":"post_tag","embeddable":true,"href":"https:\/\/innoticiasbo.com\/index.php\/wp-json\/wp\/v2\/tags?post=9547"}],"curies":[{"name":"wp","href":"https:\/\/api.w.org\/{rel}","templated":true}]}}