{"id":9544,"date":"2026-03-12T12:40:35","date_gmt":"2026-03-12T16:40:35","guid":{"rendered":"https:\/\/innoticiasbo.com\/?p=9544"},"modified":"2026-03-12T12:40:37","modified_gmt":"2026-03-12T16:40:37","slug":"kast-firma-primeros-decretos-centrados-en-la-migracion-irregular-y-denuncias-de-corrupcion","status":"publish","type":"post","link":"https:\/\/innoticiasbo.com\/index.php\/2026\/03\/12\/kast-firma-primeros-decretos-centrados-en-la-migracion-irregular-y-denuncias-de-corrupcion\/","title":{"rendered":"KAST FIRMA PRIMEROS DECRETOS CENTRADOS EN LA MIGRACI\u00d3N IRREGULAR Y DENUNCIAS DE CORRUPCI\u00d3N"},"content":{"rendered":"\n<figure class=\"wp-block-image size-large\"><img data-recalc-dims=\"1\" loading=\"lazy\" decoding=\"async\" width=\"640\" height=\"360\" src=\"https:\/\/i0.wp.com\/innoticiasbo.com\/wp-content\/uploads\/2026\/03\/image-167.png?resize=640%2C360&#038;ssl=1\" alt=\"\" class=\"wp-image-9545\" srcset=\"https:\/\/i0.wp.com\/innoticiasbo.com\/wp-content\/uploads\/2026\/03\/image-167.png?resize=1024%2C576&amp;ssl=1 1024w, https:\/\/i0.wp.com\/innoticiasbo.com\/wp-content\/uploads\/2026\/03\/image-167.png?resize=300%2C169&amp;ssl=1 300w, https:\/\/i0.wp.com\/innoticiasbo.com\/wp-content\/uploads\/2026\/03\/image-167.png?resize=768%2C432&amp;ssl=1 768w, https:\/\/i0.wp.com\/innoticiasbo.com\/wp-content\/uploads\/2026\/03\/image-167.png?w=1200&amp;ssl=1 1200w\" sizes=\"auto, (max-width: 640px) 100vw, 640px\" \/><\/figure>\n\n\n\n<p><strong>Internacional, 12 de Marzo de 2026.-<\/strong> Firm\u00f3 sus seis primeros decretos, el m\u00e1s importante de ellos relativo al reforzamiento de las medidas punitivas y de seguridad contra la migraci\u00f3n irregular.<\/p>\n\n\n\n<p>El presidente de Chile, <strong>Jos\u00e9 Antonio Kast,<\/strong> firm\u00f3 este mi\u00e9rcoles sus <strong>seis primeros decretos<\/strong>, el m\u00e1s importante de ellos relativo al reforzamiento de las medidas punitivas y de seguridad <strong>contra la migraci\u00f3n irregular.<\/strong><\/p>\n\n\n\n<p>En una breve ceremonia con varios de sus ministros y antes de pronunciar su primer discurso oficial desde el Palacio de La Moneda, el ultraderechista tambi\u00e9n rubric\u00f3 \u00f3rdenes para emprender una <strong>auditoria de todos los ministerios e impulsar la reconstrucci\u00f3n de lugares afectados por los grandes incendios<\/strong> forestales recientes.<\/p>\n\n\n\n<p>La instrucci\u00f3n m\u00e1s relevante se denomina &#8216;Plan Escudo Fronterizo&#8217;, en donde ordena a los ministerios de Defensa e Interior<strong> \u00abgestionar cambios legales para desincentivar la inmigraci\u00f3n irregular\u00bb<\/strong>, \u00abmodificar las reglas del uso de la fuerza para generar m\u00e1s herramientas contra el ingreso clandestino\u00bb y \u00abla <strong>construcci\u00f3n de barreras f\u00edsicas<\/strong> para sectores requeridos\u00bb.<\/p>\n\n\n\n<p>Este decreto se ajusta a declaraciones previas de Kast en las que propuso legislar como<strong> delito el ingreso irregular en el pa\u00eds.<\/strong><\/p>\n\n\n\n<p>En la misma l\u00ednea, el presidente firm\u00f3 en la misma ceremonia un segundo decreto titulado &#8216;Pol\u00edtica Nacional de Cierre Fronterizo&#8217;, que insta a los ministerios de Defensa, Interior y Bienes Nacionales a \u00abincrementar los medios militares\u00bb en la frontera norte, \u00abmejorar la vigilancia mediante drones y sensores optr\u00f3nicos\u00bb y \u00abmejora de las comunicaciones\u00bb.<\/p>\n\n\n\n<h2 class=\"wp-block-heading\">Denuncias de corrupci\u00f3n<\/h2>\n\n\n\n<p>Kast, que dijo durante el discurso haber recibido un pa\u00eds en peores condiciones de las esperadas y que denunci\u00f3 una corrupci\u00f3n sistem\u00e1tica sin aportar pruebas, firm\u00f3 un decreto de &#8216;Auditoria total&#8217; que incluye \u00aba todos los ministerios e instituciones del Estado\u00bb.<\/p>\n\n\n\n<p>\u00abUn mecanismo que establece una l\u00ednea de base t\u00e9cnica y pol\u00edtica que permita que cualquier irregularidad sea detectada y denunciada de inmediato bajo una l\u00f3gica de gesti\u00f3n de emergencia y probidad\u00bb, se\u00f1al\u00f3 el texto.<\/p>\n\n\n\n<p>Asimismo, firm\u00f3 un decreto para acabar con la \u00abpermisolog\u00eda\u00bb, la gesti\u00f3n de tramitaci\u00f3n de permisos que seg\u00fan el mandatario y los grupos empresariales es la culpable de que se haya frenado la inversi\u00f3n en el pa\u00eds.<\/p>\n\n\n\n<p>\u00abUna instrucci\u00f3n presidencial para resolver 51 recursos de reclamaci\u00f3n pendientes que enfrentan retrasos administrativos fuera de todo plazo legal, bloqueando una inversi\u00f3n de 16.000 millones de d\u00f3lares\u00bb, se\u00f1al\u00f3.<\/p>\n\n\n\n<p>Fuente: El Deber<\/p>\n","protected":false},"excerpt":{"rendered":"<p>Internacional, 12 de Marzo de 2026.- Firm\u00f3 sus seis primeros decretos, el m\u00e1s importante de ellos relativo al reforzamiento de las medidas punitivas y de seguridad contra la migraci\u00f3n irregular. El presidente de Chile, Jos\u00e9 Antonio Kast, firm\u00f3 este mi\u00e9rcoles sus seis primeros decretos, el m\u00e1s importante de ellos relativo al reforzamiento de las medidas&#8230;<\/p>\n","protected":false},"author":11,"featured_media":9545,"comment_status":"open","ping_status":"open","sticky":false,"template":"","format":"standard","meta":{"_jetpack_memberships_contains_paid_content":false,"footnotes":"","jetpack_publicize_message":"","jetpack_publicize_feature_enabled":true,"jetpack_social_post_already_shared":true,"jetpack_social_options":{"image_generator_settings":{"template":"highway","enabled":false},"version":2}},"categories":[684,3],"tags":[157,892,784,1465,1459,8,1433,10],"class_list":["post-9544","post","type-post","status-publish","format-standard","has-post-thumbnail","hentry","category-internacional","category-politica","tag-chile","tag-decreto","tag-denuncias","tag-denuncias-de-corrupcion","tag-inmigracion-irregular","tag-internacional","tag-jose-antonio-kast","tag-politica"],"jetpack_publicize_connections":[],"yoast_head":"<!-- This site is optimized with the Yoast SEO plugin v23.4 - https:\/\/yoast.com\/wordpress\/plugins\/seo\/ -->\n<title>KAST FIRMA PRIMEROS DECRETOS CENTRADOS EN LA MIGRACI\u00d3N IRREGULAR Y DENUNCIAS DE CORRUPCI\u00d3N - innoticiasbo.com<\/title>\n<meta name=\"robots\" content=\"index, follow, max-snippet:-1, max-image-preview:large, max-video-preview:-1\" \/>\n<link rel=\"canonical\" href=\"https:\/\/innoticiasbo.com\/index.php\/2026\/03\/12\/kast-firma-primeros-decretos-centrados-en-la-migracion-irregular-y-denuncias-de-corrupcion\/\" \/>\n<meta property=\"og:locale\" content=\"es_ES\" \/>\n<meta property=\"og:type\" content=\"article\" \/>\n<meta property=\"og:title\" content=\"KAST FIRMA PRIMEROS DECRETOS CENTRADOS EN LA MIGRACI\u00d3N IRREGULAR Y DENUNCIAS DE CORRUPCI\u00d3N - innoticiasbo.com\" \/>\n<meta property=\"og:description\" content=\"Internacional, 12 de Marzo de 2026.- Firm\u00f3 sus seis primeros decretos, el m\u00e1s importante de ellos relativo al reforzamiento de las medidas punitivas y de seguridad contra la migraci\u00f3n irregular. El presidente de Chile, Jos\u00e9 Antonio Kast, firm\u00f3 este mi\u00e9rcoles sus seis primeros decretos, el m\u00e1s importante de ellos relativo al reforzamiento de las medidas...\" \/>\n<meta property=\"og:url\" content=\"https:\/\/innoticiasbo.com\/index.php\/2026\/03\/12\/kast-firma-primeros-decretos-centrados-en-la-migracion-irregular-y-denuncias-de-corrupcion\/\" \/>\n<meta property=\"og:site_name\" content=\"innoticiasbo.com\" \/>\n<meta property=\"article:publisher\" content=\"https:\/\/www.facebook.com\/innoticiasbolivia\" \/>\n<meta property=\"article:published_time\" content=\"2026-03-12T16:40:35+00:00\" \/>\n<meta property=\"article:modified_time\" content=\"2026-03-12T16:40:37+00:00\" \/>\n<meta property=\"og:image\" content=\"https:\/\/innoticiasbo.com\/wp-content\/uploads\/2026\/03\/image-167.png\" \/>\n\t<meta property=\"og:image:width\" content=\"1200\" \/>\n\t<meta property=\"og:image:height\" content=\"675\" \/>\n\t<meta property=\"og:image:type\" content=\"image\/png\" \/>\n<meta name=\"author\" content=\"Prensa 11\" \/>\n<meta name=\"twitter:card\" content=\"summary_large_image\" \/>\n<meta name=\"twitter:creator\" content=\"@innoticiasbo\" \/>\n<meta name=\"twitter:site\" content=\"@innoticiasbo\" \/>\n<meta name=\"twitter:label1\" content=\"Escrito por\" \/>\n\t<meta name=\"twitter:data1\" content=\"Prensa 11\" \/>\n\t<meta name=\"twitter:label2\" content=\"Tiempo de lectura\" \/>\n\t<meta name=\"twitter:data2\" content=\"3 minutos\" \/>\n<script type=\"application\/ld+json\" class=\"yoast-schema-graph\">{\"@context\":\"https:\/\/schema.org\",\"@graph\":[{\"@type\":\"Article\",\"@id\":\"https:\/\/innoticiasbo.com\/index.php\/2026\/03\/12\/kast-firma-primeros-decretos-centrados-en-la-migracion-irregular-y-denuncias-de-corrupcion\/#article\",\"isPartOf\":{\"@id\":\"https:\/\/innoticiasbo.com\/index.php\/2026\/03\/12\/kast-firma-primeros-decretos-centrados-en-la-migracion-irregular-y-denuncias-de-corrupcion\/\"},\"author\":{\"name\":\"Prensa 11\",\"@id\":\"https:\/\/innoticiasbo.com\/#\/schema\/person\/0b28481e8d0316f83a13bc702311def5\"},\"headline\":\"KAST FIRMA PRIMEROS DECRETOS CENTRADOS EN LA MIGRACI\u00d3N IRREGULAR Y DENUNCIAS DE CORRUPCI\u00d3N\",\"datePublished\":\"2026-03-12T16:40:35+00:00\",\"dateModified\":\"2026-03-12T16:40:37+00:00\",\"mainEntityOfPage\":{\"@id\":\"https:\/\/innoticiasbo.com\/index.php\/2026\/03\/12\/kast-firma-primeros-decretos-centrados-en-la-migracion-irregular-y-denuncias-de-corrupcion\/\"},\"wordCount\":434,\"commentCount\":0,\"publisher\":{\"@id\":\"https:\/\/innoticiasbo.com\/#organization\"},\"image\":{\"@id\":\"https:\/\/innoticiasbo.com\/index.php\/2026\/03\/12\/kast-firma-primeros-decretos-centrados-en-la-migracion-irregular-y-denuncias-de-corrupcion\/#primaryimage\"},\"thumbnailUrl\":\"https:\/\/i0.wp.com\/innoticiasbo.com\/wp-content\/uploads\/2026\/03\/image-167.png?fit=1200%2C675&ssl=1\",\"keywords\":[\"Chile\",\"decreto\",\"denuncias\",\"denuncias de corrupci\u00f3n\",\"inmigraci\u00f3n irregular\",\"Internacional\",\"Jos\u00e9 Antonio Kast\",\"Pol\u00edtica\"],\"articleSection\":[\"Internacional\",\"Pol\u00edtica\"],\"inLanguage\":\"es\",\"potentialAction\":[{\"@type\":\"CommentAction\",\"name\":\"Comment\",\"target\":[\"https:\/\/innoticiasbo.com\/index.php\/2026\/03\/12\/kast-firma-primeros-decretos-centrados-en-la-migracion-irregular-y-denuncias-de-corrupcion\/#respond\"]}]},{\"@type\":\"WebPage\",\"@id\":\"https:\/\/innoticiasbo.com\/index.php\/2026\/03\/12\/kast-firma-primeros-decretos-centrados-en-la-migracion-irregular-y-denuncias-de-corrupcion\/\",\"url\":\"https:\/\/innoticiasbo.com\/index.php\/2026\/03\/12\/kast-firma-primeros-decretos-centrados-en-la-migracion-irregular-y-denuncias-de-corrupcion\/\",\"name\":\"KAST FIRMA PRIMEROS DECRETOS CENTRADOS EN LA MIGRACI\u00d3N IRREGULAR Y DENUNCIAS DE CORRUPCI\u00d3N - innoticiasbo.com\",\"isPartOf\":{\"@id\":\"https:\/\/innoticiasbo.com\/#website\"},\"primaryImageOfPage\":{\"@id\":\"https:\/\/innoticiasbo.com\/index.php\/2026\/03\/12\/kast-firma-primeros-decretos-centrados-en-la-migracion-irregular-y-denuncias-de-corrupcion\/#primaryimage\"},\"image\":{\"@id\":\"https:\/\/innoticiasbo.com\/index.php\/2026\/03\/12\/kast-firma-primeros-decretos-centrados-en-la-migracion-irregular-y-denuncias-de-corrupcion\/#primaryimage\"},\"thumbnailUrl\":\"https:\/\/i0.wp.com\/innoticiasbo.com\/wp-content\/uploads\/2026\/03\/image-167.png?fit=1200%2C675&ssl=1\",\"datePublished\":\"2026-03-12T16:40:35+00:00\",\"dateModified\":\"2026-03-12T16:40:37+00:00\",\"breadcrumb\":{\"@id\":\"https:\/\/innoticiasbo.com\/index.php\/2026\/03\/12\/kast-firma-primeros-decretos-centrados-en-la-migracion-irregular-y-denuncias-de-corrupcion\/#breadcrumb\"},\"inLanguage\":\"es\",\"potentialAction\":[{\"@type\":\"ReadAction\",\"target\":[\"https:\/\/innoticiasbo.com\/index.php\/2026\/03\/12\/kast-firma-primeros-decretos-centrados-en-la-migracion-irregular-y-denuncias-de-corrupcion\/\"]}]},{\"@type\":\"ImageObject\",\"inLanguage\":\"es\",\"@id\":\"https:\/\/innoticiasbo.com\/index.php\/2026\/03\/12\/kast-firma-primeros-decretos-centrados-en-la-migracion-irregular-y-denuncias-de-corrupcion\/#primaryimage\",\"url\":\"https:\/\/i0.wp.com\/innoticiasbo.com\/wp-content\/uploads\/2026\/03\/image-167.png?fit=1200%2C675&ssl=1\",\"contentUrl\":\"https:\/\/i0.wp.com\/innoticiasbo.com\/wp-content\/uploads\/2026\/03\/image-167.png?fit=1200%2C675&ssl=1\",\"width\":1200,\"height\":675},{\"@type\":\"BreadcrumbList\",\"@id\":\"https:\/\/innoticiasbo.com\/index.php\/2026\/03\/12\/kast-firma-primeros-decretos-centrados-en-la-migracion-irregular-y-denuncias-de-corrupcion\/#breadcrumb\",\"itemListElement\":[{\"@type\":\"ListItem\",\"position\":1,\"name\":\"Portada\",\"item\":\"https:\/\/innoticiasbo.com\/\"},{\"@type\":\"ListItem\",\"position\":2,\"name\":\"KAST FIRMA PRIMEROS DECRETOS CENTRADOS EN LA MIGRACI\u00d3N IRREGULAR Y DENUNCIAS DE CORRUPCI\u00d3N\"}]},{\"@type\":\"WebSite\",\"@id\":\"https:\/\/innoticiasbo.com\/#website\",\"url\":\"https:\/\/innoticiasbo.com\/\",\"name\":\"innoticiasbo.com\",\"description\":\"\",\"publisher\":{\"@id\":\"https:\/\/innoticiasbo.com\/#organization\"},\"potentialAction\":[{\"@type\":\"SearchAction\",\"target\":{\"@type\":\"EntryPoint\",\"urlTemplate\":\"https:\/\/innoticiasbo.com\/?s={search_term_string}\"},\"query-input\":{\"@type\":\"PropertyValueSpecification\",\"valueRequired\":true,\"valueName\":\"search_term_string\"}}],\"inLanguage\":\"es\"},{\"@type\":\"Organization\",\"@id\":\"https:\/\/innoticiasbo.com\/#organization\",\"name\":\"innoticiasbo.com\",\"url\":\"https:\/\/innoticiasbo.com\/\",\"logo\":{\"@type\":\"ImageObject\",\"inLanguage\":\"es\",\"@id\":\"https:\/\/innoticiasbo.com\/#\/schema\/logo\/image\/\",\"url\":\"https:\/\/i0.wp.com\/innoticiasbo.com\/wp-content\/uploads\/2026\/04\/cropped-IN-LOGO.png?fit=1476%2C1476&ssl=1\",\"contentUrl\":\"https:\/\/i0.wp.com\/innoticiasbo.com\/wp-content\/uploads\/2026\/04\/cropped-IN-LOGO.png?fit=1476%2C1476&ssl=1\",\"width\":1476,\"height\":1476,\"caption\":\"innoticiasbo.com\"},\"image\":{\"@id\":\"https:\/\/innoticiasbo.com\/#\/schema\/logo\/image\/\"},\"sameAs\":[\"https:\/\/www.facebook.com\/innoticiasbolivia\",\"https:\/\/x.com\/innoticiasbo\",\"https:\/\/www.instagram.com\/innoticiasbo\",\"https:\/\/www.youtube.com\/innoticiasbo\"]},{\"@type\":\"Person\",\"@id\":\"https:\/\/innoticiasbo.com\/#\/schema\/person\/0b28481e8d0316f83a13bc702311def5\",\"name\":\"Prensa 11\",\"image\":{\"@type\":\"ImageObject\",\"inLanguage\":\"es\",\"@id\":\"https:\/\/innoticiasbo.com\/#\/schema\/person\/image\/\",\"url\":\"https:\/\/secure.gravatar.com\/avatar\/696560c17349f1807a610bf83832bad0?s=96&d=mm&r=g\",\"contentUrl\":\"https:\/\/secure.gravatar.com\/avatar\/696560c17349f1807a610bf83832bad0?s=96&d=mm&r=g\",\"caption\":\"Prensa 11\"},\"sameAs\":[\"http:\/\/www.innoticiasbo.com\"],\"url\":\"https:\/\/innoticiasbo.com\/index.php\/author\/prensa-11\/\"}]}<\/script>\n<!-- \/ Yoast SEO plugin. -->","yoast_head_json":{"title":"KAST FIRMA PRIMEROS DECRETOS CENTRADOS EN LA MIGRACI\u00d3N IRREGULAR Y DENUNCIAS DE CORRUPCI\u00d3N - innoticiasbo.com","robots":{"index":"index","follow":"follow","max-snippet":"max-snippet:-1","max-image-preview":"max-image-preview:large","max-video-preview":"max-video-preview:-1"},"canonical":"https:\/\/innoticiasbo.com\/index.php\/2026\/03\/12\/kast-firma-primeros-decretos-centrados-en-la-migracion-irregular-y-denuncias-de-corrupcion\/","og_locale":"es_ES","og_type":"article","og_title":"KAST FIRMA PRIMEROS DECRETOS CENTRADOS EN LA MIGRACI\u00d3N IRREGULAR Y DENUNCIAS DE CORRUPCI\u00d3N - innoticiasbo.com","og_description":"Internacional, 12 de Marzo de 2026.- Firm\u00f3 sus seis primeros decretos, el m\u00e1s importante de ellos relativo al reforzamiento de las medidas punitivas y de seguridad contra la migraci\u00f3n irregular. El presidente de Chile, Jos\u00e9 Antonio Kast, firm\u00f3 este mi\u00e9rcoles sus seis primeros decretos, el m\u00e1s importante de ellos relativo al reforzamiento de las medidas...","og_url":"https:\/\/innoticiasbo.com\/index.php\/2026\/03\/12\/kast-firma-primeros-decretos-centrados-en-la-migracion-irregular-y-denuncias-de-corrupcion\/","og_site_name":"innoticiasbo.com","article_publisher":"https:\/\/www.facebook.com\/innoticiasbolivia","article_published_time":"2026-03-12T16:40:35+00:00","article_modified_time":"2026-03-12T16:40:37+00:00","og_image":[{"width":1200,"height":675,"url":"https:\/\/innoticiasbo.com\/wp-content\/uploads\/2026\/03\/image-167.png","type":"image\/png"}],"author":"Prensa 11","twitter_card":"summary_large_image","twitter_creator":"@innoticiasbo","twitter_site":"@innoticiasbo","twitter_misc":{"Escrito por":"Prensa 11","Tiempo de lectura":"3 minutos"},"schema":{"@context":"https:\/\/schema.org","@graph":[{"@type":"Article","@id":"https:\/\/innoticiasbo.com\/index.php\/2026\/03\/12\/kast-firma-primeros-decretos-centrados-en-la-migracion-irregular-y-denuncias-de-corrupcion\/#article","isPartOf":{"@id":"https:\/\/innoticiasbo.com\/index.php\/2026\/03\/12\/kast-firma-primeros-decretos-centrados-en-la-migracion-irregular-y-denuncias-de-corrupcion\/"},"author":{"name":"Prensa 11","@id":"https:\/\/innoticiasbo.com\/#\/schema\/person\/0b28481e8d0316f83a13bc702311def5"},"headline":"KAST FIRMA PRIMEROS DECRETOS CENTRADOS EN LA MIGRACI\u00d3N IRREGULAR Y DENUNCIAS DE CORRUPCI\u00d3N","datePublished":"2026-03-12T16:40:35+00:00","dateModified":"2026-03-12T16:40:37+00:00","mainEntityOfPage":{"@id":"https:\/\/innoticiasbo.com\/index.php\/2026\/03\/12\/kast-firma-primeros-decretos-centrados-en-la-migracion-irregular-y-denuncias-de-corrupcion\/"},"wordCount":434,"commentCount":0,"publisher":{"@id":"https:\/\/innoticiasbo.com\/#organization"},"image":{"@id":"https:\/\/innoticiasbo.com\/index.php\/2026\/03\/12\/kast-firma-primeros-decretos-centrados-en-la-migracion-irregular-y-denuncias-de-corrupcion\/#primaryimage"},"thumbnailUrl":"https:\/\/i0.wp.com\/innoticiasbo.com\/wp-content\/uploads\/2026\/03\/image-167.png?fit=1200%2C675&ssl=1","keywords":["Chile","decreto","denuncias","denuncias de corrupci\u00f3n","inmigraci\u00f3n irregular","Internacional","Jos\u00e9 Antonio Kast","Pol\u00edtica"],"articleSection":["Internacional","Pol\u00edtica"],"inLanguage":"es","potentialAction":[{"@type":"CommentAction","name":"Comment","target":["https:\/\/innoticiasbo.com\/index.php\/2026\/03\/12\/kast-firma-primeros-decretos-centrados-en-la-migracion-irregular-y-denuncias-de-corrupcion\/#respond"]}]},{"@type":"WebPage","@id":"https:\/\/innoticiasbo.com\/index.php\/2026\/03\/12\/kast-firma-primeros-decretos-centrados-en-la-migracion-irregular-y-denuncias-de-corrupcion\/","url":"https:\/\/innoticiasbo.com\/index.php\/2026\/03\/12\/kast-firma-primeros-decretos-centrados-en-la-migracion-irregular-y-denuncias-de-corrupcion\/","name":"KAST FIRMA PRIMEROS DECRETOS CENTRADOS EN LA MIGRACI\u00d3N IRREGULAR Y DENUNCIAS DE CORRUPCI\u00d3N - innoticiasbo.com","isPartOf":{"@id":"https:\/\/innoticiasbo.com\/#website"},"primaryImageOfPage":{"@id":"https:\/\/innoticiasbo.com\/index.php\/2026\/03\/12\/kast-firma-primeros-decretos-centrados-en-la-migracion-irregular-y-denuncias-de-corrupcion\/#primaryimage"},"image":{"@id":"https:\/\/innoticiasbo.com\/index.php\/2026\/03\/12\/kast-firma-primeros-decretos-centrados-en-la-migracion-irregular-y-denuncias-de-corrupcion\/#primaryimage"},"thumbnailUrl":"https:\/\/i0.wp.com\/innoticiasbo.com\/wp-content\/uploads\/2026\/03\/image-167.png?fit=1200%2C675&ssl=1","datePublished":"2026-03-12T16:40:35+00:00","dateModified":"2026-03-12T16:40:37+00:00","breadcrumb":{"@id":"https:\/\/innoticiasbo.com\/index.php\/2026\/03\/12\/kast-firma-primeros-decretos-centrados-en-la-migracion-irregular-y-denuncias-de-corrupcion\/#breadcrumb"},"inLanguage":"es","potentialAction":[{"@type":"ReadAction","target":["https:\/\/innoticiasbo.com\/index.php\/2026\/03\/12\/kast-firma-primeros-decretos-centrados-en-la-migracion-irregular-y-denuncias-de-corrupcion\/"]}]},{"@type":"ImageObject","inLanguage":"es","@id":"https:\/\/innoticiasbo.com\/index.php\/2026\/03\/12\/kast-firma-primeros-decretos-centrados-en-la-migracion-irregular-y-denuncias-de-corrupcion\/#primaryimage","url":"https:\/\/i0.wp.com\/innoticiasbo.com\/wp-content\/uploads\/2026\/03\/image-167.png?fit=1200%2C675&ssl=1","contentUrl":"https:\/\/i0.wp.com\/innoticiasbo.com\/wp-content\/uploads\/2026\/03\/image-167.png?fit=1200%2C675&ssl=1","width":1200,"height":675},{"@type":"BreadcrumbList","@id":"https:\/\/innoticiasbo.com\/index.php\/2026\/03\/12\/kast-firma-primeros-decretos-centrados-en-la-migracion-irregular-y-denuncias-de-corrupcion\/#breadcrumb","itemListElement":[{"@type":"ListItem","position":1,"name":"Portada","item":"https:\/\/innoticiasbo.com\/"},{"@type":"ListItem","position":2,"name":"KAST FIRMA PRIMEROS DECRETOS CENTRADOS EN LA MIGRACI\u00d3N IRREGULAR Y DENUNCIAS DE CORRUPCI\u00d3N"}]},{"@type":"WebSite","@id":"https:\/\/innoticiasbo.com\/#website","url":"https:\/\/innoticiasbo.com\/","name":"innoticiasbo.com","description":"","publisher":{"@id":"https:\/\/innoticiasbo.com\/#organization"},"potentialAction":[{"@type":"SearchAction","target":{"@type":"EntryPoint","urlTemplate":"https:\/\/innoticiasbo.com\/?s={search_term_string}"},"query-input":{"@type":"PropertyValueSpecification","valueRequired":true,"valueName":"search_term_string"}}],"inLanguage":"es"},{"@type":"Organization","@id":"https:\/\/innoticiasbo.com\/#organization","name":"innoticiasbo.com","url":"https:\/\/innoticiasbo.com\/","logo":{"@type":"ImageObject","inLanguage":"es","@id":"https:\/\/innoticiasbo.com\/#\/schema\/logo\/image\/","url":"https:\/\/i0.wp.com\/innoticiasbo.com\/wp-content\/uploads\/2026\/04\/cropped-IN-LOGO.png?fit=1476%2C1476&ssl=1","contentUrl":"https:\/\/i0.wp.com\/innoticiasbo.com\/wp-content\/uploads\/2026\/04\/cropped-IN-LOGO.png?fit=1476%2C1476&ssl=1","width":1476,"height":1476,"caption":"innoticiasbo.com"},"image":{"@id":"https:\/\/innoticiasbo.com\/#\/schema\/logo\/image\/"},"sameAs":["https:\/\/www.facebook.com\/innoticiasbolivia","https:\/\/x.com\/innoticiasbo","https:\/\/www.instagram.com\/innoticiasbo","https:\/\/www.youtube.com\/innoticiasbo"]},{"@type":"Person","@id":"https:\/\/innoticiasbo.com\/#\/schema\/person\/0b28481e8d0316f83a13bc702311def5","name":"Prensa 11","image":{"@type":"ImageObject","inLanguage":"es","@id":"https:\/\/innoticiasbo.com\/#\/schema\/person\/image\/","url":"https:\/\/secure.gravatar.com\/avatar\/696560c17349f1807a610bf83832bad0?s=96&d=mm&r=g","contentUrl":"https:\/\/secure.gravatar.com\/avatar\/696560c17349f1807a610bf83832bad0?s=96&d=mm&r=g","caption":"Prensa 11"},"sameAs":["http:\/\/www.innoticiasbo.com"],"url":"https:\/\/innoticiasbo.com\/index.php\/author\/prensa-11\/"}]}},"jetpack_featured_media_url":"https:\/\/i0.wp.com\/innoticiasbo.com\/wp-content\/uploads\/2026\/03\/image-167.png?fit=1200%2C675&ssl=1","jetpack_likes_enabled":true,"jetpack_sharing_enabled":true,"jetpack_shortlink":"https:\/\/wp.me\/pg298x-2tW","_links":{"self":[{"href":"https:\/\/innoticiasbo.com\/index.php\/wp-json\/wp\/v2\/posts\/9544","targetHints":{"allow":["GET"]}}],"collection":[{"href":"https:\/\/innoticiasbo.com\/index.php\/wp-json\/wp\/v2\/posts"}],"about":[{"href":"https:\/\/innoticiasbo.com\/index.php\/wp-json\/wp\/v2\/types\/post"}],"author":[{"embeddable":true,"href":"https:\/\/innoticiasbo.com\/index.php\/wp-json\/wp\/v2\/users\/11"}],"replies":[{"embeddable":true,"href":"https:\/\/innoticiasbo.com\/index.php\/wp-json\/wp\/v2\/comments?post=9544"}],"version-history":[{"count":1,"href":"https:\/\/innoticiasbo.com\/index.php\/wp-json\/wp\/v2\/posts\/9544\/revisions"}],"predecessor-version":[{"id":9546,"href":"https:\/\/innoticiasbo.com\/index.php\/wp-json\/wp\/v2\/posts\/9544\/revisions\/9546"}],"wp:featuredmedia":[{"embeddable":true,"href":"https:\/\/innoticiasbo.com\/index.php\/wp-json\/wp\/v2\/media\/9545"}],"wp:attachment":[{"href":"https:\/\/innoticiasbo.com\/index.php\/wp-json\/wp\/v2\/media?parent=9544"}],"wp:term":[{"taxonomy":"category","embeddable":true,"href":"https:\/\/innoticiasbo.com\/index.php\/wp-json\/wp\/v2\/categories?post=9544"},{"taxonomy":"post_tag","embeddable":true,"href":"https:\/\/innoticiasbo.com\/index.php\/wp-json\/wp\/v2\/tags?post=9544"}],"curies":[{"name":"wp","href":"https:\/\/api.w.org\/{rel}","templated":true}]}}