{"id":9541,"date":"2026-03-12T12:30:16","date_gmt":"2026-03-12T16:30:16","guid":{"rendered":"https:\/\/innoticiasbo.com\/?p=9541"},"modified":"2026-03-12T12:30:18","modified_gmt":"2026-03-12T16:30:18","slug":"cochabamba-debate-de-candidatos-gira-en-torno-a-la-salud-educacion-y-agua","status":"publish","type":"post","link":"https:\/\/innoticiasbo.com\/index.php\/2026\/03\/12\/cochabamba-debate-de-candidatos-gira-en-torno-a-la-salud-educacion-y-agua\/","title":{"rendered":"COCHABAMBA: DEBATE DE CANDIDATOS GIRA EN TORNO A LA SALUD, EDUCACI\u00d3N Y AGUA"},"content":{"rendered":"\n<figure class=\"wp-block-image size-large\"><img data-recalc-dims=\"1\" loading=\"lazy\" decoding=\"async\" width=\"640\" height=\"360\" src=\"https:\/\/i0.wp.com\/innoticiasbo.com\/wp-content\/uploads\/2026\/03\/image-166.png?resize=640%2C360&#038;ssl=1\" alt=\"\" class=\"wp-image-9542\" srcset=\"https:\/\/i0.wp.com\/innoticiasbo.com\/wp-content\/uploads\/2026\/03\/image-166.png?resize=1024%2C576&amp;ssl=1 1024w, https:\/\/i0.wp.com\/innoticiasbo.com\/wp-content\/uploads\/2026\/03\/image-166.png?resize=300%2C169&amp;ssl=1 300w, https:\/\/i0.wp.com\/innoticiasbo.com\/wp-content\/uploads\/2026\/03\/image-166.png?resize=768%2C432&amp;ssl=1 768w, https:\/\/i0.wp.com\/innoticiasbo.com\/wp-content\/uploads\/2026\/03\/image-166.png?w=1200&amp;ssl=1 1200w\" sizes=\"auto, (max-width: 640px) 100vw, 640px\" \/><\/figure>\n\n\n\n<p><strong>Cochabamba, 12 de Marzo de 2026.- <\/strong>Los diez candidatos a la Gobernaci\u00f3n de Cochabamba participaron de este debate organizado por el \u00d3rgano Electoral<\/p>\n\n\n\n<p>Mejoras en el sistema de salud y educaci\u00f3n, adem\u00e1s del tema agua, fueron algunos de los ejes en los cuales gir\u00f3 el <strong>debate de los candidatos a la Gobernaci\u00f3n de Cochabamba<\/strong> la jornada de este mi\u00e9rcoles.<\/p>\n\n\n\n<p>El evento, organizado por el \u00d3rgano Electoral Plurinacional (OEP), reuni\u00f3 a los <strong>diez candidatos:<\/strong> Juan Flores por Libertad y Rep\u00fablica (Libre), Leonardo Loza por la Alianza Unidos por los Pueblos (A-UPP), Sergio Rodr\u00edguez por Autonom\u00eda Para Bolivia S\u00famate (APB-S\u00famate), Mario Enrique Severich por Soluciones con Todos, Ruth Alina Peralta por el Frente Revolucionario de Izquierda (FRI), Jhon Ariel Rioja por Nueva Generaci\u00f3n Patri\u00f3tica (NGP), Esther Soria Gonzales por Unidos, Alejandro Mostajo por Movimiento Tercer Sistema (MTS), Wilfredo Morales por Alianza Patria Unidos y Orlando Zurita por el Partido Dem\u00f3crata Cristiano (PDC).<\/p>\n\n\n\n<p>Flores, durante su intervenci\u00f3n, se\u00f1al\u00f3 que en lo que se refiere a desarrollo humano se determin\u00f3 hacer convenios con las escuelas y colegios para fortalecer el mobiliario y la construcci\u00f3n de unidades educativas en 47 municipios de Cochabamba.<\/p>\n\n\n\n<p>En lo que respecta al tema salud, uno de sus proyectos estrella, es la <strong>construcci\u00f3n de un hospital de tercer nivel en el municipio de Quillacollo<\/strong> y en la regi\u00f3n del Cono Sur.<\/p>\n\n\n\n<p>\u201cEn lo que es desarrollo productivo, Cochabamba necesita convertirse en un HUB del comercio y redistribuci\u00f3n por su condici\u00f3n geopol\u00edtica\u201d, complement\u00f3.<\/p>\n\n\n\n<p>Por su parte, el ex senador del MAS, Leonardo Loza, plante\u00f3 que<strong> el departamento cochabambino debe tener su propio modelo econ\u00f3mico y productivo<\/strong>, adem\u00e1s de desarrollar \u201csu propia econom\u00eda\u201d. Por ello, a\u00f1adi\u00f3 que se deben generar pol\u00edticas departamentales que contribuyan en la parte productiva.<\/p>\n\n\n\n<p>Tambi\u00e9n indic\u00f3 que Cochabamba debe convertirse en un modelo y ejemplo de la salud para el resto del pa\u00eds.<\/p>\n\n\n\n<p>\u201cQueremos trabajar con absoluta transparencia, desde nuestra Gobernaci\u00f3n, en el tema agua para que no sea solo para el consumo humano, sino fundamentalmente para producir. <strong>Buscamos resolver los problemas hist\u00f3ricos relacionados con el agua<\/strong>\u201d, dijo Loza.<\/p>\n\n\n\n<p>En tanto Sergio Rodr\u00edguez dijo que debido a las sequias que se registran en la regi\u00f3n del Cono Sur es preciso trabajar \u201cen la construcci\u00f3n de atajados\u201d y prever agua, para poder sobrellevar estas situaciones adversas.<\/p>\n\n\n\n<p>A\u00f1adi\u00f3 que en la zona del Tr\u00f3pico de Cochabamba se reuni\u00f3 con 32 caciques del Tipnis para poder concretar la instalaci\u00f3n de energ\u00eda el\u00e9ctrica en esas comunidades.<\/p>\n\n\n\n<p>Rodr\u00edguez agreg\u00f3 que en los siete municipios que conforman el eje metropolitano, tiene las mismas problem\u00e1ticas y uno de ellos es el tema de la basura.<\/p>\n\n\n\n<p>\u201cEstamos planteando<strong> dejar sin basura y sin olores, tanto el r\u00edo Rocha como el r\u00edo Tamborada<\/strong>, que tiene m\u00e1s de 600 puntos de descarga en lo que son aguas residuales e industriales\u201d.<\/p>\n\n\n\n<p>A su vez, Mario Severich plante\u00f3 mejorar la infraestructura hospitalaria, el equipamiento m\u00e9dico y los recursos humanos especializados con la construcci\u00f3n de la Ciudadela de la Salud, adem\u00e1s de la construcci\u00f3n de un hospital de tercer nivel en Quillacollo.<\/p>\n\n\n\n<p>\u201cEn educaci\u00f3n el acceso a la educaci\u00f3n de calidad es un factor determinante para el desarrollo humano y la reducci\u00f3n de desigualdades sociales. Entonces nosotros vamos a incorporar las tecnolog\u00edas de la informaci\u00f3n y la comunicaci\u00f3n promoviendo la innovaci\u00f3n pedag\u00f3gica y la formaci\u00f3n de estudiantes con competencias digitales\u201d.<\/p>\n\n\n\n<p>Por su parte, la candidata Peralta manifest\u00f3 que la educaci\u00f3n se la manejarla a trav\u00e9s de centros tecnol\u00f3gicos en las comunidades y en los municipios.<\/p>\n\n\n\n<p>\u201cEs importante que nuestra gente de las comunidades, municipios y provincias puedan migrar o quedarse en sus regiones, pero con formaci\u00f3n t\u00e9cnica. Esto es importante porque tenemos muchos j\u00f3venes que vienen a la ciudad y no saben en qu\u00e9 trabajar\u201d.<\/p>\n\n\n\n<p>En tanto, Jhon Ariel Rioja de NGP manifest\u00f3 que se har\u00e1 cargo del tema de la basura porque es un tema que corresponde a la Gobernaci\u00f3n porque incluye a al eje metropolitano, adem\u00e1s de concentrarse en el cuidado medioambiental para el rio Rocha.<\/p>\n\n\n\n<p>\u201cUno de los puntos fuertes en mi plan de gobierno es la construcci\u00f3n de inmensas granjas de pollitos beb\u00e9s en Ivirgarzama y Chimor\u00e9. Esos pollitos beb\u00e9s nos van a servir para alimentar a Cochabamba y tambi\u00e9n para poder exportar a otros departamentos\u201d.<\/p>\n\n\n\n<p>En tanto, Esther Soria Gonzales hizo \u00e9nfasis en el tema salud con la creaci\u00f3n de un centro integral para mujeres, madres solteras y personas en situaci\u00f3n de vulnerabilidad.<\/p>\n\n\n\n<p>Adem\u00e1s, se prev\u00e9 la construcci\u00f3n de un hospital de ni\u00f1os donde se brinde \u201cuna atenci\u00f3n integral\u201d, para&nbsp;que las madres dejen de peregrinar en los centros de salud.<\/p>\n\n\n\n<p>En tanto, Alejandro Mostajo del MTS dijo que desde la Gobernaci\u00f3n se va a buscar una soluci\u00f3n al problema del agua en el Cono Sur, Valle Alto y el eje metropolitano, como tambi\u00e9n el tema de la basura y la falta de caminos.<\/p>\n\n\n\n<p>\u201cCochabamba debe recuperar su voz firme para encarar los proyectos estrat\u00e9gicos que nos han archivado y postergado\u201d, cuestion\u00f3.<\/p>\n\n\n\n<p>Wilfredo Morales candidato por la Alianza Patria Unidos anunci\u00f3 que se priorizar\u00e1n los cr\u00e9ditos bancarios con tasas preferenciales para que los productores \u201cdejen de sobrevivir\u201d y se desarrollen centros de innovaci\u00f3n tecnol\u00f3gica.<\/p>\n\n\n\n<p>\u201cPriorizaremos la inversi\u00f3n estrat\u00e9gica en recursos h\u00eddricos, algo fundamental para reactivar la producci\u00f3n, especialmente en Valle Alto y Valle Central. El seguro de nuestra vida econ\u00f3mica significa que dupliquemos la producci\u00f3n no solo de alimentos, sino de diferentes productos\u201d.<\/p>\n\n\n\n<p>Finalmente, Orlando Zurita candidato por el PDC adelant\u00f3 que se trabajar\u00e1 \u201cpara las 16 provincias y los 48 municipios\u201d tomando en cuenta el tema de la salud, la educaci\u00f3n, el deporte, el desarrollo productivo y el turismo.<\/p>\n\n\n\n<p>Fuente: El Deber<\/p>\n","protected":false},"excerpt":{"rendered":"<p>Cochabamba, 12 de Marzo de 2026.- Los diez candidatos a la Gobernaci\u00f3n de Cochabamba participaron de este debate organizado por el \u00d3rgano Electoral Mejoras en el sistema de salud y educaci\u00f3n, adem\u00e1s del tema agua, fueron algunos de los ejes en los cuales gir\u00f3 el debate de los candidatos a la Gobernaci\u00f3n de Cochabamba la&#8230;<\/p>\n","protected":false},"author":11,"featured_media":9542,"comment_status":"open","ping_status":"open","sticky":false,"template":"","format":"standard","meta":{"_jetpack_memberships_contains_paid_content":false,"footnotes":"","jetpack_publicize_message":"","jetpack_publicize_feature_enabled":true,"jetpack_social_post_already_shared":true,"jetpack_social_options":{"image_generator_settings":{"template":"highway","enabled":false},"version":2}},"categories":[2,3],"tags":[6,964,48,1244,1106,10,1011,1256],"class_list":["post-9541","post","type-post","status-publish","format-standard","has-post-thumbnail","hentry","category-cochabamba","category-politica","tag-cochabamba","tag-debate","tag-elecciones","tag-elecciones-2026","tag-elecciones-subnacionales","tag-politica","tag-subnacionales","tag-subnacionales-2026"],"jetpack_publicize_connections":[],"yoast_head":"<!-- This site is optimized with the Yoast SEO plugin v23.4 - https:\/\/yoast.com\/wordpress\/plugins\/seo\/ -->\n<title>COCHABAMBA: DEBATE DE CANDIDATOS GIRA EN TORNO A LA SALUD, EDUCACI\u00d3N Y AGUA - innoticiasbo.com<\/title>\n<meta name=\"robots\" content=\"index, follow, max-snippet:-1, max-image-preview:large, max-video-preview:-1\" \/>\n<link rel=\"canonical\" href=\"https:\/\/innoticiasbo.com\/index.php\/2026\/03\/12\/cochabamba-debate-de-candidatos-gira-en-torno-a-la-salud-educacion-y-agua\/\" \/>\n<meta property=\"og:locale\" content=\"es_ES\" \/>\n<meta property=\"og:type\" content=\"article\" \/>\n<meta property=\"og:title\" content=\"COCHABAMBA: DEBATE DE CANDIDATOS GIRA EN TORNO A LA SALUD, EDUCACI\u00d3N Y AGUA - innoticiasbo.com\" \/>\n<meta property=\"og:description\" content=\"Cochabamba, 12 de Marzo de 2026.- Los diez candidatos a la Gobernaci\u00f3n de Cochabamba participaron de este debate organizado por el \u00d3rgano Electoral Mejoras en el sistema de salud y educaci\u00f3n, adem\u00e1s del tema agua, fueron algunos de los ejes en los cuales gir\u00f3 el debate de los candidatos a la Gobernaci\u00f3n de Cochabamba la...\" \/>\n<meta property=\"og:url\" content=\"https:\/\/innoticiasbo.com\/index.php\/2026\/03\/12\/cochabamba-debate-de-candidatos-gira-en-torno-a-la-salud-educacion-y-agua\/\" \/>\n<meta property=\"og:site_name\" content=\"innoticiasbo.com\" \/>\n<meta property=\"article:publisher\" content=\"https:\/\/www.facebook.com\/innoticiasbolivia\" \/>\n<meta property=\"article:published_time\" content=\"2026-03-12T16:30:16+00:00\" \/>\n<meta property=\"article:modified_time\" content=\"2026-03-12T16:30:18+00:00\" \/>\n<meta property=\"og:image\" content=\"https:\/\/innoticiasbo.com\/wp-content\/uploads\/2026\/03\/image-166.png\" \/>\n\t<meta property=\"og:image:width\" content=\"1200\" \/>\n\t<meta property=\"og:image:height\" content=\"675\" \/>\n\t<meta property=\"og:image:type\" content=\"image\/png\" \/>\n<meta name=\"author\" content=\"Prensa 11\" \/>\n<meta name=\"twitter:card\" content=\"summary_large_image\" \/>\n<meta name=\"twitter:creator\" content=\"@innoticiasbo\" \/>\n<meta name=\"twitter:site\" content=\"@innoticiasbo\" \/>\n<meta name=\"twitter:label1\" content=\"Escrito por\" \/>\n\t<meta name=\"twitter:data1\" content=\"Prensa 11\" \/>\n\t<meta name=\"twitter:label2\" content=\"Tiempo de lectura\" \/>\n\t<meta name=\"twitter:data2\" content=\"5 minutos\" \/>\n<script type=\"application\/ld+json\" class=\"yoast-schema-graph\">{\"@context\":\"https:\/\/schema.org\",\"@graph\":[{\"@type\":\"Article\",\"@id\":\"https:\/\/innoticiasbo.com\/index.php\/2026\/03\/12\/cochabamba-debate-de-candidatos-gira-en-torno-a-la-salud-educacion-y-agua\/#article\",\"isPartOf\":{\"@id\":\"https:\/\/innoticiasbo.com\/index.php\/2026\/03\/12\/cochabamba-debate-de-candidatos-gira-en-torno-a-la-salud-educacion-y-agua\/\"},\"author\":{\"name\":\"Prensa 11\",\"@id\":\"https:\/\/innoticiasbo.com\/#\/schema\/person\/0b28481e8d0316f83a13bc702311def5\"},\"headline\":\"COCHABAMBA: DEBATE DE CANDIDATOS GIRA EN TORNO A LA SALUD, EDUCACI\u00d3N Y AGUA\",\"datePublished\":\"2026-03-12T16:30:16+00:00\",\"dateModified\":\"2026-03-12T16:30:18+00:00\",\"mainEntityOfPage\":{\"@id\":\"https:\/\/innoticiasbo.com\/index.php\/2026\/03\/12\/cochabamba-debate-de-candidatos-gira-en-torno-a-la-salud-educacion-y-agua\/\"},\"wordCount\":1025,\"commentCount\":0,\"publisher\":{\"@id\":\"https:\/\/innoticiasbo.com\/#organization\"},\"image\":{\"@id\":\"https:\/\/innoticiasbo.com\/index.php\/2026\/03\/12\/cochabamba-debate-de-candidatos-gira-en-torno-a-la-salud-educacion-y-agua\/#primaryimage\"},\"thumbnailUrl\":\"https:\/\/i0.wp.com\/innoticiasbo.com\/wp-content\/uploads\/2026\/03\/image-166.png?fit=1200%2C675&ssl=1\",\"keywords\":[\"Cochabamba\",\"debate\",\"elecciones\",\"Elecciones 2026\",\"elecciones subnacionales\",\"Pol\u00edtica\",\"subnacionales\",\"Subnacionales 2026\"],\"articleSection\":[\"Cochabamba\",\"Pol\u00edtica\"],\"inLanguage\":\"es\",\"potentialAction\":[{\"@type\":\"CommentAction\",\"name\":\"Comment\",\"target\":[\"https:\/\/innoticiasbo.com\/index.php\/2026\/03\/12\/cochabamba-debate-de-candidatos-gira-en-torno-a-la-salud-educacion-y-agua\/#respond\"]}]},{\"@type\":\"WebPage\",\"@id\":\"https:\/\/innoticiasbo.com\/index.php\/2026\/03\/12\/cochabamba-debate-de-candidatos-gira-en-torno-a-la-salud-educacion-y-agua\/\",\"url\":\"https:\/\/innoticiasbo.com\/index.php\/2026\/03\/12\/cochabamba-debate-de-candidatos-gira-en-torno-a-la-salud-educacion-y-agua\/\",\"name\":\"COCHABAMBA: DEBATE DE CANDIDATOS GIRA EN TORNO A LA SALUD, EDUCACI\u00d3N Y AGUA - innoticiasbo.com\",\"isPartOf\":{\"@id\":\"https:\/\/innoticiasbo.com\/#website\"},\"primaryImageOfPage\":{\"@id\":\"https:\/\/innoticiasbo.com\/index.php\/2026\/03\/12\/cochabamba-debate-de-candidatos-gira-en-torno-a-la-salud-educacion-y-agua\/#primaryimage\"},\"image\":{\"@id\":\"https:\/\/innoticiasbo.com\/index.php\/2026\/03\/12\/cochabamba-debate-de-candidatos-gira-en-torno-a-la-salud-educacion-y-agua\/#primaryimage\"},\"thumbnailUrl\":\"https:\/\/i0.wp.com\/innoticiasbo.com\/wp-content\/uploads\/2026\/03\/image-166.png?fit=1200%2C675&ssl=1\",\"datePublished\":\"2026-03-12T16:30:16+00:00\",\"dateModified\":\"2026-03-12T16:30:18+00:00\",\"breadcrumb\":{\"@id\":\"https:\/\/innoticiasbo.com\/index.php\/2026\/03\/12\/cochabamba-debate-de-candidatos-gira-en-torno-a-la-salud-educacion-y-agua\/#breadcrumb\"},\"inLanguage\":\"es\",\"potentialAction\":[{\"@type\":\"ReadAction\",\"target\":[\"https:\/\/innoticiasbo.com\/index.php\/2026\/03\/12\/cochabamba-debate-de-candidatos-gira-en-torno-a-la-salud-educacion-y-agua\/\"]}]},{\"@type\":\"ImageObject\",\"inLanguage\":\"es\",\"@id\":\"https:\/\/innoticiasbo.com\/index.php\/2026\/03\/12\/cochabamba-debate-de-candidatos-gira-en-torno-a-la-salud-educacion-y-agua\/#primaryimage\",\"url\":\"https:\/\/i0.wp.com\/innoticiasbo.com\/wp-content\/uploads\/2026\/03\/image-166.png?fit=1200%2C675&ssl=1\",\"contentUrl\":\"https:\/\/i0.wp.com\/innoticiasbo.com\/wp-content\/uploads\/2026\/03\/image-166.png?fit=1200%2C675&ssl=1\",\"width\":1200,\"height\":675},{\"@type\":\"BreadcrumbList\",\"@id\":\"https:\/\/innoticiasbo.com\/index.php\/2026\/03\/12\/cochabamba-debate-de-candidatos-gira-en-torno-a-la-salud-educacion-y-agua\/#breadcrumb\",\"itemListElement\":[{\"@type\":\"ListItem\",\"position\":1,\"name\":\"Portada\",\"item\":\"https:\/\/innoticiasbo.com\/\"},{\"@type\":\"ListItem\",\"position\":2,\"name\":\"COCHABAMBA: DEBATE DE CANDIDATOS GIRA EN TORNO A LA SALUD, EDUCACI\u00d3N Y AGUA\"}]},{\"@type\":\"WebSite\",\"@id\":\"https:\/\/innoticiasbo.com\/#website\",\"url\":\"https:\/\/innoticiasbo.com\/\",\"name\":\"innoticiasbo.com\",\"description\":\"\",\"publisher\":{\"@id\":\"https:\/\/innoticiasbo.com\/#organization\"},\"potentialAction\":[{\"@type\":\"SearchAction\",\"target\":{\"@type\":\"EntryPoint\",\"urlTemplate\":\"https:\/\/innoticiasbo.com\/?s={search_term_string}\"},\"query-input\":{\"@type\":\"PropertyValueSpecification\",\"valueRequired\":true,\"valueName\":\"search_term_string\"}}],\"inLanguage\":\"es\"},{\"@type\":\"Organization\",\"@id\":\"https:\/\/innoticiasbo.com\/#organization\",\"name\":\"innoticiasbo.com\",\"url\":\"https:\/\/innoticiasbo.com\/\",\"logo\":{\"@type\":\"ImageObject\",\"inLanguage\":\"es\",\"@id\":\"https:\/\/innoticiasbo.com\/#\/schema\/logo\/image\/\",\"url\":\"https:\/\/i0.wp.com\/innoticiasbo.com\/wp-content\/uploads\/2026\/04\/cropped-IN-LOGO.png?fit=1476%2C1476&ssl=1\",\"contentUrl\":\"https:\/\/i0.wp.com\/innoticiasbo.com\/wp-content\/uploads\/2026\/04\/cropped-IN-LOGO.png?fit=1476%2C1476&ssl=1\",\"width\":1476,\"height\":1476,\"caption\":\"innoticiasbo.com\"},\"image\":{\"@id\":\"https:\/\/innoticiasbo.com\/#\/schema\/logo\/image\/\"},\"sameAs\":[\"https:\/\/www.facebook.com\/innoticiasbolivia\",\"https:\/\/x.com\/innoticiasbo\",\"https:\/\/www.instagram.com\/innoticiasbo\",\"https:\/\/www.youtube.com\/innoticiasbo\"]},{\"@type\":\"Person\",\"@id\":\"https:\/\/innoticiasbo.com\/#\/schema\/person\/0b28481e8d0316f83a13bc702311def5\",\"name\":\"Prensa 11\",\"image\":{\"@type\":\"ImageObject\",\"inLanguage\":\"es\",\"@id\":\"https:\/\/innoticiasbo.com\/#\/schema\/person\/image\/\",\"url\":\"https:\/\/secure.gravatar.com\/avatar\/696560c17349f1807a610bf83832bad0?s=96&d=mm&r=g\",\"contentUrl\":\"https:\/\/secure.gravatar.com\/avatar\/696560c17349f1807a610bf83832bad0?s=96&d=mm&r=g\",\"caption\":\"Prensa 11\"},\"sameAs\":[\"http:\/\/www.innoticiasbo.com\"],\"url\":\"https:\/\/innoticiasbo.com\/index.php\/author\/prensa-11\/\"}]}<\/script>\n<!-- \/ Yoast SEO plugin. -->","yoast_head_json":{"title":"COCHABAMBA: DEBATE DE CANDIDATOS GIRA EN TORNO A LA SALUD, EDUCACI\u00d3N Y AGUA - innoticiasbo.com","robots":{"index":"index","follow":"follow","max-snippet":"max-snippet:-1","max-image-preview":"max-image-preview:large","max-video-preview":"max-video-preview:-1"},"canonical":"https:\/\/innoticiasbo.com\/index.php\/2026\/03\/12\/cochabamba-debate-de-candidatos-gira-en-torno-a-la-salud-educacion-y-agua\/","og_locale":"es_ES","og_type":"article","og_title":"COCHABAMBA: DEBATE DE CANDIDATOS GIRA EN TORNO A LA SALUD, EDUCACI\u00d3N Y AGUA - innoticiasbo.com","og_description":"Cochabamba, 12 de Marzo de 2026.- Los diez candidatos a la Gobernaci\u00f3n de Cochabamba participaron de este debate organizado por el \u00d3rgano Electoral Mejoras en el sistema de salud y educaci\u00f3n, adem\u00e1s del tema agua, fueron algunos de los ejes en los cuales gir\u00f3 el debate de los candidatos a la Gobernaci\u00f3n de Cochabamba la...","og_url":"https:\/\/innoticiasbo.com\/index.php\/2026\/03\/12\/cochabamba-debate-de-candidatos-gira-en-torno-a-la-salud-educacion-y-agua\/","og_site_name":"innoticiasbo.com","article_publisher":"https:\/\/www.facebook.com\/innoticiasbolivia","article_published_time":"2026-03-12T16:30:16+00:00","article_modified_time":"2026-03-12T16:30:18+00:00","og_image":[{"width":1200,"height":675,"url":"https:\/\/innoticiasbo.com\/wp-content\/uploads\/2026\/03\/image-166.png","type":"image\/png"}],"author":"Prensa 11","twitter_card":"summary_large_image","twitter_creator":"@innoticiasbo","twitter_site":"@innoticiasbo","twitter_misc":{"Escrito por":"Prensa 11","Tiempo de lectura":"5 minutos"},"schema":{"@context":"https:\/\/schema.org","@graph":[{"@type":"Article","@id":"https:\/\/innoticiasbo.com\/index.php\/2026\/03\/12\/cochabamba-debate-de-candidatos-gira-en-torno-a-la-salud-educacion-y-agua\/#article","isPartOf":{"@id":"https:\/\/innoticiasbo.com\/index.php\/2026\/03\/12\/cochabamba-debate-de-candidatos-gira-en-torno-a-la-salud-educacion-y-agua\/"},"author":{"name":"Prensa 11","@id":"https:\/\/innoticiasbo.com\/#\/schema\/person\/0b28481e8d0316f83a13bc702311def5"},"headline":"COCHABAMBA: DEBATE DE CANDIDATOS GIRA EN TORNO A LA SALUD, EDUCACI\u00d3N Y AGUA","datePublished":"2026-03-12T16:30:16+00:00","dateModified":"2026-03-12T16:30:18+00:00","mainEntityOfPage":{"@id":"https:\/\/innoticiasbo.com\/index.php\/2026\/03\/12\/cochabamba-debate-de-candidatos-gira-en-torno-a-la-salud-educacion-y-agua\/"},"wordCount":1025,"commentCount":0,"publisher":{"@id":"https:\/\/innoticiasbo.com\/#organization"},"image":{"@id":"https:\/\/innoticiasbo.com\/index.php\/2026\/03\/12\/cochabamba-debate-de-candidatos-gira-en-torno-a-la-salud-educacion-y-agua\/#primaryimage"},"thumbnailUrl":"https:\/\/i0.wp.com\/innoticiasbo.com\/wp-content\/uploads\/2026\/03\/image-166.png?fit=1200%2C675&ssl=1","keywords":["Cochabamba","debate","elecciones","Elecciones 2026","elecciones subnacionales","Pol\u00edtica","subnacionales","Subnacionales 2026"],"articleSection":["Cochabamba","Pol\u00edtica"],"inLanguage":"es","potentialAction":[{"@type":"CommentAction","name":"Comment","target":["https:\/\/innoticiasbo.com\/index.php\/2026\/03\/12\/cochabamba-debate-de-candidatos-gira-en-torno-a-la-salud-educacion-y-agua\/#respond"]}]},{"@type":"WebPage","@id":"https:\/\/innoticiasbo.com\/index.php\/2026\/03\/12\/cochabamba-debate-de-candidatos-gira-en-torno-a-la-salud-educacion-y-agua\/","url":"https:\/\/innoticiasbo.com\/index.php\/2026\/03\/12\/cochabamba-debate-de-candidatos-gira-en-torno-a-la-salud-educacion-y-agua\/","name":"COCHABAMBA: DEBATE DE CANDIDATOS GIRA EN TORNO A LA SALUD, EDUCACI\u00d3N Y AGUA - innoticiasbo.com","isPartOf":{"@id":"https:\/\/innoticiasbo.com\/#website"},"primaryImageOfPage":{"@id":"https:\/\/innoticiasbo.com\/index.php\/2026\/03\/12\/cochabamba-debate-de-candidatos-gira-en-torno-a-la-salud-educacion-y-agua\/#primaryimage"},"image":{"@id":"https:\/\/innoticiasbo.com\/index.php\/2026\/03\/12\/cochabamba-debate-de-candidatos-gira-en-torno-a-la-salud-educacion-y-agua\/#primaryimage"},"thumbnailUrl":"https:\/\/i0.wp.com\/innoticiasbo.com\/wp-content\/uploads\/2026\/03\/image-166.png?fit=1200%2C675&ssl=1","datePublished":"2026-03-12T16:30:16+00:00","dateModified":"2026-03-12T16:30:18+00:00","breadcrumb":{"@id":"https:\/\/innoticiasbo.com\/index.php\/2026\/03\/12\/cochabamba-debate-de-candidatos-gira-en-torno-a-la-salud-educacion-y-agua\/#breadcrumb"},"inLanguage":"es","potentialAction":[{"@type":"ReadAction","target":["https:\/\/innoticiasbo.com\/index.php\/2026\/03\/12\/cochabamba-debate-de-candidatos-gira-en-torno-a-la-salud-educacion-y-agua\/"]}]},{"@type":"ImageObject","inLanguage":"es","@id":"https:\/\/innoticiasbo.com\/index.php\/2026\/03\/12\/cochabamba-debate-de-candidatos-gira-en-torno-a-la-salud-educacion-y-agua\/#primaryimage","url":"https:\/\/i0.wp.com\/innoticiasbo.com\/wp-content\/uploads\/2026\/03\/image-166.png?fit=1200%2C675&ssl=1","contentUrl":"https:\/\/i0.wp.com\/innoticiasbo.com\/wp-content\/uploads\/2026\/03\/image-166.png?fit=1200%2C675&ssl=1","width":1200,"height":675},{"@type":"BreadcrumbList","@id":"https:\/\/innoticiasbo.com\/index.php\/2026\/03\/12\/cochabamba-debate-de-candidatos-gira-en-torno-a-la-salud-educacion-y-agua\/#breadcrumb","itemListElement":[{"@type":"ListItem","position":1,"name":"Portada","item":"https:\/\/innoticiasbo.com\/"},{"@type":"ListItem","position":2,"name":"COCHABAMBA: DEBATE DE CANDIDATOS GIRA EN TORNO A LA SALUD, EDUCACI\u00d3N Y AGUA"}]},{"@type":"WebSite","@id":"https:\/\/innoticiasbo.com\/#website","url":"https:\/\/innoticiasbo.com\/","name":"innoticiasbo.com","description":"","publisher":{"@id":"https:\/\/innoticiasbo.com\/#organization"},"potentialAction":[{"@type":"SearchAction","target":{"@type":"EntryPoint","urlTemplate":"https:\/\/innoticiasbo.com\/?s={search_term_string}"},"query-input":{"@type":"PropertyValueSpecification","valueRequired":true,"valueName":"search_term_string"}}],"inLanguage":"es"},{"@type":"Organization","@id":"https:\/\/innoticiasbo.com\/#organization","name":"innoticiasbo.com","url":"https:\/\/innoticiasbo.com\/","logo":{"@type":"ImageObject","inLanguage":"es","@id":"https:\/\/innoticiasbo.com\/#\/schema\/logo\/image\/","url":"https:\/\/i0.wp.com\/innoticiasbo.com\/wp-content\/uploads\/2026\/04\/cropped-IN-LOGO.png?fit=1476%2C1476&ssl=1","contentUrl":"https:\/\/i0.wp.com\/innoticiasbo.com\/wp-content\/uploads\/2026\/04\/cropped-IN-LOGO.png?fit=1476%2C1476&ssl=1","width":1476,"height":1476,"caption":"innoticiasbo.com"},"image":{"@id":"https:\/\/innoticiasbo.com\/#\/schema\/logo\/image\/"},"sameAs":["https:\/\/www.facebook.com\/innoticiasbolivia","https:\/\/x.com\/innoticiasbo","https:\/\/www.instagram.com\/innoticiasbo","https:\/\/www.youtube.com\/innoticiasbo"]},{"@type":"Person","@id":"https:\/\/innoticiasbo.com\/#\/schema\/person\/0b28481e8d0316f83a13bc702311def5","name":"Prensa 11","image":{"@type":"ImageObject","inLanguage":"es","@id":"https:\/\/innoticiasbo.com\/#\/schema\/person\/image\/","url":"https:\/\/secure.gravatar.com\/avatar\/696560c17349f1807a610bf83832bad0?s=96&d=mm&r=g","contentUrl":"https:\/\/secure.gravatar.com\/avatar\/696560c17349f1807a610bf83832bad0?s=96&d=mm&r=g","caption":"Prensa 11"},"sameAs":["http:\/\/www.innoticiasbo.com"],"url":"https:\/\/innoticiasbo.com\/index.php\/author\/prensa-11\/"}]}},"jetpack_featured_media_url":"https:\/\/i0.wp.com\/innoticiasbo.com\/wp-content\/uploads\/2026\/03\/image-166.png?fit=1200%2C675&ssl=1","jetpack_likes_enabled":true,"jetpack_sharing_enabled":true,"jetpack_shortlink":"https:\/\/wp.me\/pg298x-2tT","_links":{"self":[{"href":"https:\/\/innoticiasbo.com\/index.php\/wp-json\/wp\/v2\/posts\/9541","targetHints":{"allow":["GET"]}}],"collection":[{"href":"https:\/\/innoticiasbo.com\/index.php\/wp-json\/wp\/v2\/posts"}],"about":[{"href":"https:\/\/innoticiasbo.com\/index.php\/wp-json\/wp\/v2\/types\/post"}],"author":[{"embeddable":true,"href":"https:\/\/innoticiasbo.com\/index.php\/wp-json\/wp\/v2\/users\/11"}],"replies":[{"embeddable":true,"href":"https:\/\/innoticiasbo.com\/index.php\/wp-json\/wp\/v2\/comments?post=9541"}],"version-history":[{"count":1,"href":"https:\/\/innoticiasbo.com\/index.php\/wp-json\/wp\/v2\/posts\/9541\/revisions"}],"predecessor-version":[{"id":9543,"href":"https:\/\/innoticiasbo.com\/index.php\/wp-json\/wp\/v2\/posts\/9541\/revisions\/9543"}],"wp:featuredmedia":[{"embeddable":true,"href":"https:\/\/innoticiasbo.com\/index.php\/wp-json\/wp\/v2\/media\/9542"}],"wp:attachment":[{"href":"https:\/\/innoticiasbo.com\/index.php\/wp-json\/wp\/v2\/media?parent=9541"}],"wp:term":[{"taxonomy":"category","embeddable":true,"href":"https:\/\/innoticiasbo.com\/index.php\/wp-json\/wp\/v2\/categories?post=9541"},{"taxonomy":"post_tag","embeddable":true,"href":"https:\/\/innoticiasbo.com\/index.php\/wp-json\/wp\/v2\/tags?post=9541"}],"curies":[{"name":"wp","href":"https:\/\/api.w.org\/{rel}","templated":true}]}}