{"id":9538,"date":"2026-03-12T12:26:00","date_gmt":"2026-03-12T16:26:00","guid":{"rendered":"https:\/\/innoticiasbo.com\/?p=9538"},"modified":"2026-03-12T12:26:02","modified_gmt":"2026-03-12T16:26:02","slug":"loza-dice-que-si-gana-sera-autonomo-y-una-garantia-contra-los-bloqueos","status":"publish","type":"post","link":"https:\/\/innoticiasbo.com\/index.php\/2026\/03\/12\/loza-dice-que-si-gana-sera-autonomo-y-una-garantia-contra-los-bloqueos\/","title":{"rendered":"LOZA DICE QUE, SI GANA, SER\u00c1 AUT\u00d3NOMO Y UNA \u2018GARANT\u00cdA\u2019 CONTRA LOS BLOQUEOS"},"content":{"rendered":"\n<figure class=\"wp-block-image size-full\"><img data-recalc-dims=\"1\" loading=\"lazy\" decoding=\"async\" width=\"640\" height=\"411\" src=\"https:\/\/i0.wp.com\/innoticiasbo.com\/wp-content\/uploads\/2026\/03\/image-165.png?resize=640%2C411&#038;ssl=1\" alt=\"\" class=\"wp-image-9539\" srcset=\"https:\/\/i0.wp.com\/innoticiasbo.com\/wp-content\/uploads\/2026\/03\/image-165.png?w=980&amp;ssl=1 980w, https:\/\/i0.wp.com\/innoticiasbo.com\/wp-content\/uploads\/2026\/03\/image-165.png?resize=300%2C193&amp;ssl=1 300w, https:\/\/i0.wp.com\/innoticiasbo.com\/wp-content\/uploads\/2026\/03\/image-165.png?resize=768%2C494&amp;ssl=1 768w, https:\/\/i0.wp.com\/innoticiasbo.com\/wp-content\/uploads\/2026\/03\/image-165.png?resize=150%2C95&amp;ssl=1 150w\" sizes=\"auto, (max-width: 640px) 100vw, 640px\" \/><\/figure>\n\n\n\n<p><strong>Pa\u00eds, 12 de Marzo de 2026.- <\/strong>El dirigente y exsenador evista afirma que \u2018morir\u00e1 siendo de izquierda\u2019 y que siempre estar\u00e1 del lado del expresidente Morales.<\/p>\n\n\n\n<p>\u2018Una cosa es ser dirigente, otra cosa es ser senador, y otra cosa es ser Gobernador\u2019. Leonardo Loza (42 a\u00f1os), candidato a Gobernador de Cochabamba por la Alianza Unidos Por los Pueblos (AUPP), hace estas afirmaciones, y asegura que, de ganar las elecciones del 22 de marzo, se convertir\u00eda \u201ccomo en una garant\u00eda\u201d contra los bloqueos, que antes fueron recurrentes desde las organizaciones sociales de las cuales \u00e9l es parte, como en la regi\u00f3n del Tr\u00f3pico.<\/p>\n\n\n\n<p>El dirigente de los productores de coca y exsenador evista (af\u00edn al expresidente Evo Morales) sostiene tambi\u00e9n que, de lograr la Gobernaci\u00f3n, asumir\u00e1 decisiones aut\u00f3nomas e independientes.<\/p>\n\n\n\n<p>En el plan de Gobierno de esta organizaci\u00f3n pol\u00edtica a la que representa, se explica que \u201cel Instrumento Pol\u00edtico Movimiento Al Socialismo &#8211; MAS-IPSP y la Agrupaci\u00f3n Ciudadana \u2018Somos Movimiento Social\u2019 SO.MO.S-EL ALTO\u201d articularon fines y objetivos comunes para la representaci\u00f3n y participaci\u00f3n pol\u00edtica.<\/p>\n\n\n\n<p>Loza llega para la entrevista en OPINI\u00d3N acompa\u00f1ado de algunos j\u00f3venes, quienes est\u00e1n a cargo de sus redes sociales. El candidato viste zapatillas deportivas, pantal\u00f3n negro de mezclilla, polera blanca y una chamarra con franjas de tejidos andinos, adem\u00e1s de una insignia del rostro de Ernesto Guevara. \u201cYo nom\u00e1s lo he puesto\u201d, comenta sobre la imagen del Che.<\/p>\n\n\n\n<p><strong>SUS PROPUESTAS<\/strong><\/p>\n\n\n\n<p>Loza plantea la construcci\u00f3n de un modelo econ\u00f3mico productivo propio para el departamento, basado en el fortalecimiento del agro, la inversi\u00f3n privada, la integraci\u00f3n caminera y un sistema de salud especializado.<\/p>\n\n\n\n<p>\u201cOtros departamentos tienen su propio modelo de desarrollo, sin hablar m\u00e1s de Santa Cruz. Cochabamba no puede seguir andando dividido ni peleado. Es hora de construir nuestra unidad y nuestro propio modelo econ\u00f3mico productivo\u201d.<\/p>\n\n\n\n<p>Uno de los pilares de su propuesta es fortalecer la producci\u00f3n agr\u00edcola y ampliar las exportaciones desde distintas regiones. Menciona la posibilidad de aumentar la producci\u00f3n de trigo y ma\u00edz para reducir la dependencia de la harina importada que consume Bolivia.<\/p>\n\n\n\n<p>Tambi\u00e9n propone la ampliaci\u00f3n de la exportaci\u00f3n de banano del Tr\u00f3pico y fortalecer la producci\u00f3n de caf\u00e9 y cacao, que actualmente se exportan en peque\u00f1as cantidades a mercados como Holanda. En paralelo, ofrece impulsar la producci\u00f3n ganadera para reducir la dependencia de carne proveniente de otros departamentos.<\/p>\n\n\n\n<p>Otro punto es, como ejemplo, la protecci\u00f3n de la producci\u00f3n de papa frente al ingreso de productos extranjeros.<\/p>\n\n\n\n<p>\u201cHay temporadas en las que ingresa mucha papa peruana. Queremos dar oportunidad a nuestros productores de Morochata, Independencia, Cocapata, Colomi o Tiraque\u201d.<\/p>\n\n\n\n<p>En el \u00e1rea de salud, el candidato apunta a fortalecer la atenci\u00f3n de tercer nivel, competencia de la Gobernaci\u00f3n, con la meta de consolidar la Ciudadela de la Salud. Entre las prioridades, hace referencia a la radioterapia para pacientes con c\u00e1ncer.<\/p>\n\n\n\n<p>Respecto a una pol\u00edtica departamental de integraci\u00f3n caminera, sostiene la importancia de aprovechar la ubicaci\u00f3n estrat\u00e9gica de Cochabamba en el centro del pa\u00eds. Menciona proyectos de conexi\u00f3n hacia Beni por el Tr\u00f3pico, as\u00ed como rutas que vinculen al departamento con regiones como Cocapata, Arque o Sacambaya.<\/p>\n\n\n\n<p>Loza tambi\u00e9n se refiere a una mayor articulaci\u00f3n con el sector privado, al advertir que empresarios cochabambinos migran hacia otros departamentos o incluso al exterior.<\/p>\n\n\n\n<p>De ganar las elecciones, prev\u00e9 fortalecer el Parque Industrial de Santiv\u00e1\u00f1ez y generar condiciones para atraer inversi\u00f3n nacional.<\/p>\n\n\n\n<p><strong>RECURSOS<\/strong><\/p>\n\n\n\n<p>Consultado sobre de d\u00f3nde saldr\u00e1n los recursos, considerando la situaci\u00f3n financiera de la instituci\u00f3n departamental, Loza sostiene que la gesti\u00f3n auton\u00f3mica no funciona de forma aislada. Afirma que buscar\u00e1 gestionar mayores recursos del nivel central, incluso impulsando debates sobre la redistribuci\u00f3n de fondos para las regiones.<\/p>\n\n\n\n<p>\u201cVamos a pelearla, plantearla y ganarla\u201d, afirma.<\/p>\n\n\n\n<p>Por otro lado, tambi\u00e9n ve la posibilidad de acudir a organismos y cooperaci\u00f3n internacional para financiar proyectos estrat\u00e9gicos, especialmente en salud e infraestructura vial.<\/p>\n\n\n\n<p>Cuando conclu\u00eda su trabajo como senador, Loza reconoci\u00f3 que muy poco hizo como legislador, asegurando que eso se debi\u00f3 a las discrepancias internas en el Movimiento Al Socialismo (MAS) y las diferencias con el ahora expresidente Luis Arce.<\/p>\n\n\n\n<p>Ahora, expone que no tendr\u00eda ning\u00fan problema para coordinar con las autoridades locales, como los alcaldes, para impulsar el desarrollo del departamento.<\/p>\n\n\n\n<p>\u201cUna cosa es ser dirigente, completamente, entiendo. Pero tambi\u00e9n es otra cosa el senador; es la parte legislativa y de fiscalizaci\u00f3n (\u2026). Y otra cosa muy distinta es ser una autoridad, como Gobernador; ya puedes definir, manejas plata, recursos, puedes invertir, puedes generar proyectos. Es muy distinto\u201d.<\/p>\n\n\n\n<p><strong>GARANT\u00cdA CONTRA BLOQUEOS<\/strong><\/p>\n\n\n\n<p>Loza est\u00e1 identificado como parte de los sectores que protagonizan bloqueos. Sobre el tema, sostiene que un dirigente \u201csiempre va a defender\u201d a su sector. Pero, aclara que nunca ha asumido un cargo como el de Gobernador, y asegura que, si las autoridades no promueven pol\u00edticas contrarias al pueblo, nadie tendr\u00eda por qu\u00e9 bloquear.<\/p>\n\n\n\n<p>\u201cEstoy seguro, llegando a la Gobernaci\u00f3n, estaremos ah\u00ed a la cabeza de Cochabamba para evitar. Yo tengo mucha llegada a mis compa\u00f1eros de base (\u2026). Yo he sido bastante claro, me voy a convertir como en una garant\u00eda para que mi Cochabamba no sufra de esto\u201d.<\/p>\n\n\n\n<p>Asevera que la v\u00eda ser\u00eda el di\u00e1logo y el debate.<\/p>\n\n\n\n<p>\u201cEl Gobernador nunca puede promover ninguna movilizaci\u00f3n (\u2026). Me parar\u00eda al frente. Ir\u00eda a los compa\u00f1eros; hablar\u00eda con ellos. Buscar\u00eda soluciones. Vamos a buscar soluciones antes de llegar a cualquier toma\u201d, acota.<\/p>\n\n\n\n<p>Remarca que su vida dirigencial concluye a mediados de junio.<\/p>\n\n\n\n<p>Relacionado con Morales, tambi\u00e9n asegura que, en caso de convertirse en la primera autoridad del departamento, sus decisiones ser\u00e1n aut\u00f3nomas e independientes.<\/p>\n\n\n\n<p>\u201cUna cosa es que uno puede defender, apoyar, respaldar como cualquiera a su l\u00edder. Pero, el trabajo administrativo, en este caso como Gobernador, es totalmente independiente (\u2026). Yo dir\u00eda a nuestro departamento, voy a trabajar como Leonardo Loza\u201d.<\/p>\n\n\n\n<p>Sin denominarlo asesoramiento, reconoce que Morales \u201ctiene mucha experiencia\u201d en temas electorales y de campa\u00f1a.<\/p>\n\n\n\n<p>\u201cYo voy a morir siendo de izquierda, detr\u00e1s de Evo, no hay otro camino (\u2026)\u201d, enfatiza.<\/p>\n\n\n\n<p>Fuente: Opini\u00f3n<\/p>\n","protected":false},"excerpt":{"rendered":"<p>Pa\u00eds, 12 de Marzo de 2026.- El dirigente y exsenador evista afirma que \u2018morir\u00e1 siendo de izquierda\u2019 y que siempre estar\u00e1 del lado del expresidente Morales. \u2018Una cosa es ser dirigente, otra cosa es ser senador, y otra cosa es ser Gobernador\u2019. Leonardo Loza (42 a\u00f1os), candidato a Gobernador de Cochabamba por la Alianza Unidos&#8230;<\/p>\n","protected":false},"author":11,"featured_media":9539,"comment_status":"open","ping_status":"open","sticky":false,"template":"","format":"standard","meta":{"_jetpack_memberships_contains_paid_content":false,"footnotes":"","jetpack_publicize_message":"","jetpack_publicize_feature_enabled":true,"jetpack_social_post_already_shared":true,"jetpack_social_options":{"image_generator_settings":{"template":"highway","enabled":false},"version":2}},"categories":[1,3],"tags":[1464,7,1106,1203,69,256,190,10,1011,1256],"class_list":["post-9538","post","type-post","status-publish","format-standard","has-post-thumbnail","hentry","category-bolivia","category-politica","tag-aupp","tag-bolivia","tag-elecciones-subnacionales","tag-evismo","tag-evo-morales","tag-leonardo-loza","tag-leonardoloza","tag-politica","tag-subnacionales","tag-subnacionales-2026"],"jetpack_publicize_connections":[],"yoast_head":"<!-- This site is optimized with the Yoast SEO plugin v23.4 - https:\/\/yoast.com\/wordpress\/plugins\/seo\/ -->\n<title>LOZA DICE QUE, SI GANA, SER\u00c1 AUT\u00d3NOMO Y UNA \u2018GARANT\u00cdA\u2019 CONTRA LOS BLOQUEOS - innoticiasbo.com<\/title>\n<meta name=\"robots\" content=\"index, follow, max-snippet:-1, max-image-preview:large, max-video-preview:-1\" \/>\n<link rel=\"canonical\" href=\"https:\/\/innoticiasbo.com\/index.php\/2026\/03\/12\/loza-dice-que-si-gana-sera-autonomo-y-una-garantia-contra-los-bloqueos\/\" \/>\n<meta property=\"og:locale\" content=\"es_ES\" \/>\n<meta property=\"og:type\" content=\"article\" \/>\n<meta property=\"og:title\" content=\"LOZA DICE QUE, SI GANA, SER\u00c1 AUT\u00d3NOMO Y UNA \u2018GARANT\u00cdA\u2019 CONTRA LOS BLOQUEOS - innoticiasbo.com\" \/>\n<meta property=\"og:description\" content=\"Pa\u00eds, 12 de Marzo de 2026.- El dirigente y exsenador evista afirma que \u2018morir\u00e1 siendo de izquierda\u2019 y que siempre estar\u00e1 del lado del expresidente Morales. \u2018Una cosa es ser dirigente, otra cosa es ser senador, y otra cosa es ser Gobernador\u2019. Leonardo Loza (42 a\u00f1os), candidato a Gobernador de Cochabamba por la Alianza Unidos...\" \/>\n<meta property=\"og:url\" content=\"https:\/\/innoticiasbo.com\/index.php\/2026\/03\/12\/loza-dice-que-si-gana-sera-autonomo-y-una-garantia-contra-los-bloqueos\/\" \/>\n<meta property=\"og:site_name\" content=\"innoticiasbo.com\" \/>\n<meta property=\"article:publisher\" content=\"https:\/\/www.facebook.com\/innoticiasbolivia\" \/>\n<meta property=\"article:published_time\" content=\"2026-03-12T16:26:00+00:00\" \/>\n<meta property=\"article:modified_time\" content=\"2026-03-12T16:26:02+00:00\" \/>\n<meta property=\"og:image\" content=\"https:\/\/innoticiasbo.com\/wp-content\/uploads\/2026\/03\/image-165.png\" \/>\n\t<meta property=\"og:image:width\" content=\"980\" \/>\n\t<meta property=\"og:image:height\" content=\"630\" \/>\n\t<meta property=\"og:image:type\" content=\"image\/png\" \/>\n<meta name=\"author\" content=\"Prensa 11\" \/>\n<meta name=\"twitter:card\" content=\"summary_large_image\" \/>\n<meta name=\"twitter:creator\" content=\"@innoticiasbo\" \/>\n<meta name=\"twitter:site\" content=\"@innoticiasbo\" \/>\n<meta name=\"twitter:label1\" content=\"Escrito por\" \/>\n\t<meta name=\"twitter:data1\" content=\"Prensa 11\" \/>\n\t<meta name=\"twitter:label2\" content=\"Tiempo de lectura\" \/>\n\t<meta name=\"twitter:data2\" content=\"5 minutos\" \/>\n<script type=\"application\/ld+json\" class=\"yoast-schema-graph\">{\"@context\":\"https:\/\/schema.org\",\"@graph\":[{\"@type\":\"Article\",\"@id\":\"https:\/\/innoticiasbo.com\/index.php\/2026\/03\/12\/loza-dice-que-si-gana-sera-autonomo-y-una-garantia-contra-los-bloqueos\/#article\",\"isPartOf\":{\"@id\":\"https:\/\/innoticiasbo.com\/index.php\/2026\/03\/12\/loza-dice-que-si-gana-sera-autonomo-y-una-garantia-contra-los-bloqueos\/\"},\"author\":{\"name\":\"Prensa 11\",\"@id\":\"https:\/\/innoticiasbo.com\/#\/schema\/person\/0b28481e8d0316f83a13bc702311def5\"},\"headline\":\"LOZA DICE QUE, SI GANA, SER\u00c1 AUT\u00d3NOMO Y UNA \u2018GARANT\u00cdA\u2019 CONTRA LOS BLOQUEOS\",\"datePublished\":\"2026-03-12T16:26:00+00:00\",\"dateModified\":\"2026-03-12T16:26:02+00:00\",\"mainEntityOfPage\":{\"@id\":\"https:\/\/innoticiasbo.com\/index.php\/2026\/03\/12\/loza-dice-que-si-gana-sera-autonomo-y-una-garantia-contra-los-bloqueos\/\"},\"wordCount\":1093,\"commentCount\":0,\"publisher\":{\"@id\":\"https:\/\/innoticiasbo.com\/#organization\"},\"image\":{\"@id\":\"https:\/\/innoticiasbo.com\/index.php\/2026\/03\/12\/loza-dice-que-si-gana-sera-autonomo-y-una-garantia-contra-los-bloqueos\/#primaryimage\"},\"thumbnailUrl\":\"https:\/\/i0.wp.com\/innoticiasbo.com\/wp-content\/uploads\/2026\/03\/image-165.png?fit=980%2C630&ssl=1\",\"keywords\":[\"AUPP\",\"Bolivia\",\"elecciones subnacionales\",\"evismo\",\"Evo Morales\",\"leonardo loza\",\"LeonardoLoza\",\"Pol\u00edtica\",\"subnacionales\",\"Subnacionales 2026\"],\"articleSection\":[\"Bolivia\",\"Pol\u00edtica\"],\"inLanguage\":\"es\",\"potentialAction\":[{\"@type\":\"CommentAction\",\"name\":\"Comment\",\"target\":[\"https:\/\/innoticiasbo.com\/index.php\/2026\/03\/12\/loza-dice-que-si-gana-sera-autonomo-y-una-garantia-contra-los-bloqueos\/#respond\"]}]},{\"@type\":\"WebPage\",\"@id\":\"https:\/\/innoticiasbo.com\/index.php\/2026\/03\/12\/loza-dice-que-si-gana-sera-autonomo-y-una-garantia-contra-los-bloqueos\/\",\"url\":\"https:\/\/innoticiasbo.com\/index.php\/2026\/03\/12\/loza-dice-que-si-gana-sera-autonomo-y-una-garantia-contra-los-bloqueos\/\",\"name\":\"LOZA DICE QUE, SI GANA, SER\u00c1 AUT\u00d3NOMO Y UNA \u2018GARANT\u00cdA\u2019 CONTRA LOS BLOQUEOS - innoticiasbo.com\",\"isPartOf\":{\"@id\":\"https:\/\/innoticiasbo.com\/#website\"},\"primaryImageOfPage\":{\"@id\":\"https:\/\/innoticiasbo.com\/index.php\/2026\/03\/12\/loza-dice-que-si-gana-sera-autonomo-y-una-garantia-contra-los-bloqueos\/#primaryimage\"},\"image\":{\"@id\":\"https:\/\/innoticiasbo.com\/index.php\/2026\/03\/12\/loza-dice-que-si-gana-sera-autonomo-y-una-garantia-contra-los-bloqueos\/#primaryimage\"},\"thumbnailUrl\":\"https:\/\/i0.wp.com\/innoticiasbo.com\/wp-content\/uploads\/2026\/03\/image-165.png?fit=980%2C630&ssl=1\",\"datePublished\":\"2026-03-12T16:26:00+00:00\",\"dateModified\":\"2026-03-12T16:26:02+00:00\",\"breadcrumb\":{\"@id\":\"https:\/\/innoticiasbo.com\/index.php\/2026\/03\/12\/loza-dice-que-si-gana-sera-autonomo-y-una-garantia-contra-los-bloqueos\/#breadcrumb\"},\"inLanguage\":\"es\",\"potentialAction\":[{\"@type\":\"ReadAction\",\"target\":[\"https:\/\/innoticiasbo.com\/index.php\/2026\/03\/12\/loza-dice-que-si-gana-sera-autonomo-y-una-garantia-contra-los-bloqueos\/\"]}]},{\"@type\":\"ImageObject\",\"inLanguage\":\"es\",\"@id\":\"https:\/\/innoticiasbo.com\/index.php\/2026\/03\/12\/loza-dice-que-si-gana-sera-autonomo-y-una-garantia-contra-los-bloqueos\/#primaryimage\",\"url\":\"https:\/\/i0.wp.com\/innoticiasbo.com\/wp-content\/uploads\/2026\/03\/image-165.png?fit=980%2C630&ssl=1\",\"contentUrl\":\"https:\/\/i0.wp.com\/innoticiasbo.com\/wp-content\/uploads\/2026\/03\/image-165.png?fit=980%2C630&ssl=1\",\"width\":980,\"height\":630},{\"@type\":\"BreadcrumbList\",\"@id\":\"https:\/\/innoticiasbo.com\/index.php\/2026\/03\/12\/loza-dice-que-si-gana-sera-autonomo-y-una-garantia-contra-los-bloqueos\/#breadcrumb\",\"itemListElement\":[{\"@type\":\"ListItem\",\"position\":1,\"name\":\"Portada\",\"item\":\"https:\/\/innoticiasbo.com\/\"},{\"@type\":\"ListItem\",\"position\":2,\"name\":\"LOZA DICE QUE, SI GANA, SER\u00c1 AUT\u00d3NOMO Y UNA \u2018GARANT\u00cdA\u2019 CONTRA LOS BLOQUEOS\"}]},{\"@type\":\"WebSite\",\"@id\":\"https:\/\/innoticiasbo.com\/#website\",\"url\":\"https:\/\/innoticiasbo.com\/\",\"name\":\"innoticiasbo.com\",\"description\":\"\",\"publisher\":{\"@id\":\"https:\/\/innoticiasbo.com\/#organization\"},\"potentialAction\":[{\"@type\":\"SearchAction\",\"target\":{\"@type\":\"EntryPoint\",\"urlTemplate\":\"https:\/\/innoticiasbo.com\/?s={search_term_string}\"},\"query-input\":{\"@type\":\"PropertyValueSpecification\",\"valueRequired\":true,\"valueName\":\"search_term_string\"}}],\"inLanguage\":\"es\"},{\"@type\":\"Organization\",\"@id\":\"https:\/\/innoticiasbo.com\/#organization\",\"name\":\"innoticiasbo.com\",\"url\":\"https:\/\/innoticiasbo.com\/\",\"logo\":{\"@type\":\"ImageObject\",\"inLanguage\":\"es\",\"@id\":\"https:\/\/innoticiasbo.com\/#\/schema\/logo\/image\/\",\"url\":\"https:\/\/i0.wp.com\/innoticiasbo.com\/wp-content\/uploads\/2026\/04\/cropped-IN-LOGO.png?fit=1476%2C1476&ssl=1\",\"contentUrl\":\"https:\/\/i0.wp.com\/innoticiasbo.com\/wp-content\/uploads\/2026\/04\/cropped-IN-LOGO.png?fit=1476%2C1476&ssl=1\",\"width\":1476,\"height\":1476,\"caption\":\"innoticiasbo.com\"},\"image\":{\"@id\":\"https:\/\/innoticiasbo.com\/#\/schema\/logo\/image\/\"},\"sameAs\":[\"https:\/\/www.facebook.com\/innoticiasbolivia\",\"https:\/\/x.com\/innoticiasbo\",\"https:\/\/www.instagram.com\/innoticiasbo\",\"https:\/\/www.youtube.com\/innoticiasbo\"]},{\"@type\":\"Person\",\"@id\":\"https:\/\/innoticiasbo.com\/#\/schema\/person\/0b28481e8d0316f83a13bc702311def5\",\"name\":\"Prensa 11\",\"image\":{\"@type\":\"ImageObject\",\"inLanguage\":\"es\",\"@id\":\"https:\/\/innoticiasbo.com\/#\/schema\/person\/image\/\",\"url\":\"https:\/\/secure.gravatar.com\/avatar\/696560c17349f1807a610bf83832bad0?s=96&d=mm&r=g\",\"contentUrl\":\"https:\/\/secure.gravatar.com\/avatar\/696560c17349f1807a610bf83832bad0?s=96&d=mm&r=g\",\"caption\":\"Prensa 11\"},\"sameAs\":[\"http:\/\/www.innoticiasbo.com\"],\"url\":\"https:\/\/innoticiasbo.com\/index.php\/author\/prensa-11\/\"}]}<\/script>\n<!-- \/ Yoast SEO plugin. -->","yoast_head_json":{"title":"LOZA DICE QUE, SI GANA, SER\u00c1 AUT\u00d3NOMO Y UNA \u2018GARANT\u00cdA\u2019 CONTRA LOS BLOQUEOS - innoticiasbo.com","robots":{"index":"index","follow":"follow","max-snippet":"max-snippet:-1","max-image-preview":"max-image-preview:large","max-video-preview":"max-video-preview:-1"},"canonical":"https:\/\/innoticiasbo.com\/index.php\/2026\/03\/12\/loza-dice-que-si-gana-sera-autonomo-y-una-garantia-contra-los-bloqueos\/","og_locale":"es_ES","og_type":"article","og_title":"LOZA DICE QUE, SI GANA, SER\u00c1 AUT\u00d3NOMO Y UNA \u2018GARANT\u00cdA\u2019 CONTRA LOS BLOQUEOS - innoticiasbo.com","og_description":"Pa\u00eds, 12 de Marzo de 2026.- El dirigente y exsenador evista afirma que \u2018morir\u00e1 siendo de izquierda\u2019 y que siempre estar\u00e1 del lado del expresidente Morales. \u2018Una cosa es ser dirigente, otra cosa es ser senador, y otra cosa es ser Gobernador\u2019. Leonardo Loza (42 a\u00f1os), candidato a Gobernador de Cochabamba por la Alianza Unidos...","og_url":"https:\/\/innoticiasbo.com\/index.php\/2026\/03\/12\/loza-dice-que-si-gana-sera-autonomo-y-una-garantia-contra-los-bloqueos\/","og_site_name":"innoticiasbo.com","article_publisher":"https:\/\/www.facebook.com\/innoticiasbolivia","article_published_time":"2026-03-12T16:26:00+00:00","article_modified_time":"2026-03-12T16:26:02+00:00","og_image":[{"width":980,"height":630,"url":"https:\/\/innoticiasbo.com\/wp-content\/uploads\/2026\/03\/image-165.png","type":"image\/png"}],"author":"Prensa 11","twitter_card":"summary_large_image","twitter_creator":"@innoticiasbo","twitter_site":"@innoticiasbo","twitter_misc":{"Escrito por":"Prensa 11","Tiempo de lectura":"5 minutos"},"schema":{"@context":"https:\/\/schema.org","@graph":[{"@type":"Article","@id":"https:\/\/innoticiasbo.com\/index.php\/2026\/03\/12\/loza-dice-que-si-gana-sera-autonomo-y-una-garantia-contra-los-bloqueos\/#article","isPartOf":{"@id":"https:\/\/innoticiasbo.com\/index.php\/2026\/03\/12\/loza-dice-que-si-gana-sera-autonomo-y-una-garantia-contra-los-bloqueos\/"},"author":{"name":"Prensa 11","@id":"https:\/\/innoticiasbo.com\/#\/schema\/person\/0b28481e8d0316f83a13bc702311def5"},"headline":"LOZA DICE QUE, SI GANA, SER\u00c1 AUT\u00d3NOMO Y UNA \u2018GARANT\u00cdA\u2019 CONTRA LOS BLOQUEOS","datePublished":"2026-03-12T16:26:00+00:00","dateModified":"2026-03-12T16:26:02+00:00","mainEntityOfPage":{"@id":"https:\/\/innoticiasbo.com\/index.php\/2026\/03\/12\/loza-dice-que-si-gana-sera-autonomo-y-una-garantia-contra-los-bloqueos\/"},"wordCount":1093,"commentCount":0,"publisher":{"@id":"https:\/\/innoticiasbo.com\/#organization"},"image":{"@id":"https:\/\/innoticiasbo.com\/index.php\/2026\/03\/12\/loza-dice-que-si-gana-sera-autonomo-y-una-garantia-contra-los-bloqueos\/#primaryimage"},"thumbnailUrl":"https:\/\/i0.wp.com\/innoticiasbo.com\/wp-content\/uploads\/2026\/03\/image-165.png?fit=980%2C630&ssl=1","keywords":["AUPP","Bolivia","elecciones subnacionales","evismo","Evo Morales","leonardo loza","LeonardoLoza","Pol\u00edtica","subnacionales","Subnacionales 2026"],"articleSection":["Bolivia","Pol\u00edtica"],"inLanguage":"es","potentialAction":[{"@type":"CommentAction","name":"Comment","target":["https:\/\/innoticiasbo.com\/index.php\/2026\/03\/12\/loza-dice-que-si-gana-sera-autonomo-y-una-garantia-contra-los-bloqueos\/#respond"]}]},{"@type":"WebPage","@id":"https:\/\/innoticiasbo.com\/index.php\/2026\/03\/12\/loza-dice-que-si-gana-sera-autonomo-y-una-garantia-contra-los-bloqueos\/","url":"https:\/\/innoticiasbo.com\/index.php\/2026\/03\/12\/loza-dice-que-si-gana-sera-autonomo-y-una-garantia-contra-los-bloqueos\/","name":"LOZA DICE QUE, SI GANA, SER\u00c1 AUT\u00d3NOMO Y UNA \u2018GARANT\u00cdA\u2019 CONTRA LOS BLOQUEOS - innoticiasbo.com","isPartOf":{"@id":"https:\/\/innoticiasbo.com\/#website"},"primaryImageOfPage":{"@id":"https:\/\/innoticiasbo.com\/index.php\/2026\/03\/12\/loza-dice-que-si-gana-sera-autonomo-y-una-garantia-contra-los-bloqueos\/#primaryimage"},"image":{"@id":"https:\/\/innoticiasbo.com\/index.php\/2026\/03\/12\/loza-dice-que-si-gana-sera-autonomo-y-una-garantia-contra-los-bloqueos\/#primaryimage"},"thumbnailUrl":"https:\/\/i0.wp.com\/innoticiasbo.com\/wp-content\/uploads\/2026\/03\/image-165.png?fit=980%2C630&ssl=1","datePublished":"2026-03-12T16:26:00+00:00","dateModified":"2026-03-12T16:26:02+00:00","breadcrumb":{"@id":"https:\/\/innoticiasbo.com\/index.php\/2026\/03\/12\/loza-dice-que-si-gana-sera-autonomo-y-una-garantia-contra-los-bloqueos\/#breadcrumb"},"inLanguage":"es","potentialAction":[{"@type":"ReadAction","target":["https:\/\/innoticiasbo.com\/index.php\/2026\/03\/12\/loza-dice-que-si-gana-sera-autonomo-y-una-garantia-contra-los-bloqueos\/"]}]},{"@type":"ImageObject","inLanguage":"es","@id":"https:\/\/innoticiasbo.com\/index.php\/2026\/03\/12\/loza-dice-que-si-gana-sera-autonomo-y-una-garantia-contra-los-bloqueos\/#primaryimage","url":"https:\/\/i0.wp.com\/innoticiasbo.com\/wp-content\/uploads\/2026\/03\/image-165.png?fit=980%2C630&ssl=1","contentUrl":"https:\/\/i0.wp.com\/innoticiasbo.com\/wp-content\/uploads\/2026\/03\/image-165.png?fit=980%2C630&ssl=1","width":980,"height":630},{"@type":"BreadcrumbList","@id":"https:\/\/innoticiasbo.com\/index.php\/2026\/03\/12\/loza-dice-que-si-gana-sera-autonomo-y-una-garantia-contra-los-bloqueos\/#breadcrumb","itemListElement":[{"@type":"ListItem","position":1,"name":"Portada","item":"https:\/\/innoticiasbo.com\/"},{"@type":"ListItem","position":2,"name":"LOZA DICE QUE, SI GANA, SER\u00c1 AUT\u00d3NOMO Y UNA \u2018GARANT\u00cdA\u2019 CONTRA LOS BLOQUEOS"}]},{"@type":"WebSite","@id":"https:\/\/innoticiasbo.com\/#website","url":"https:\/\/innoticiasbo.com\/","name":"innoticiasbo.com","description":"","publisher":{"@id":"https:\/\/innoticiasbo.com\/#organization"},"potentialAction":[{"@type":"SearchAction","target":{"@type":"EntryPoint","urlTemplate":"https:\/\/innoticiasbo.com\/?s={search_term_string}"},"query-input":{"@type":"PropertyValueSpecification","valueRequired":true,"valueName":"search_term_string"}}],"inLanguage":"es"},{"@type":"Organization","@id":"https:\/\/innoticiasbo.com\/#organization","name":"innoticiasbo.com","url":"https:\/\/innoticiasbo.com\/","logo":{"@type":"ImageObject","inLanguage":"es","@id":"https:\/\/innoticiasbo.com\/#\/schema\/logo\/image\/","url":"https:\/\/i0.wp.com\/innoticiasbo.com\/wp-content\/uploads\/2026\/04\/cropped-IN-LOGO.png?fit=1476%2C1476&ssl=1","contentUrl":"https:\/\/i0.wp.com\/innoticiasbo.com\/wp-content\/uploads\/2026\/04\/cropped-IN-LOGO.png?fit=1476%2C1476&ssl=1","width":1476,"height":1476,"caption":"innoticiasbo.com"},"image":{"@id":"https:\/\/innoticiasbo.com\/#\/schema\/logo\/image\/"},"sameAs":["https:\/\/www.facebook.com\/innoticiasbolivia","https:\/\/x.com\/innoticiasbo","https:\/\/www.instagram.com\/innoticiasbo","https:\/\/www.youtube.com\/innoticiasbo"]},{"@type":"Person","@id":"https:\/\/innoticiasbo.com\/#\/schema\/person\/0b28481e8d0316f83a13bc702311def5","name":"Prensa 11","image":{"@type":"ImageObject","inLanguage":"es","@id":"https:\/\/innoticiasbo.com\/#\/schema\/person\/image\/","url":"https:\/\/secure.gravatar.com\/avatar\/696560c17349f1807a610bf83832bad0?s=96&d=mm&r=g","contentUrl":"https:\/\/secure.gravatar.com\/avatar\/696560c17349f1807a610bf83832bad0?s=96&d=mm&r=g","caption":"Prensa 11"},"sameAs":["http:\/\/www.innoticiasbo.com"],"url":"https:\/\/innoticiasbo.com\/index.php\/author\/prensa-11\/"}]}},"jetpack_featured_media_url":"https:\/\/i0.wp.com\/innoticiasbo.com\/wp-content\/uploads\/2026\/03\/image-165.png?fit=980%2C630&ssl=1","jetpack_likes_enabled":true,"jetpack_sharing_enabled":true,"jetpack_shortlink":"https:\/\/wp.me\/pg298x-2tQ","_links":{"self":[{"href":"https:\/\/innoticiasbo.com\/index.php\/wp-json\/wp\/v2\/posts\/9538","targetHints":{"allow":["GET"]}}],"collection":[{"href":"https:\/\/innoticiasbo.com\/index.php\/wp-json\/wp\/v2\/posts"}],"about":[{"href":"https:\/\/innoticiasbo.com\/index.php\/wp-json\/wp\/v2\/types\/post"}],"author":[{"embeddable":true,"href":"https:\/\/innoticiasbo.com\/index.php\/wp-json\/wp\/v2\/users\/11"}],"replies":[{"embeddable":true,"href":"https:\/\/innoticiasbo.com\/index.php\/wp-json\/wp\/v2\/comments?post=9538"}],"version-history":[{"count":1,"href":"https:\/\/innoticiasbo.com\/index.php\/wp-json\/wp\/v2\/posts\/9538\/revisions"}],"predecessor-version":[{"id":9540,"href":"https:\/\/innoticiasbo.com\/index.php\/wp-json\/wp\/v2\/posts\/9538\/revisions\/9540"}],"wp:featuredmedia":[{"embeddable":true,"href":"https:\/\/innoticiasbo.com\/index.php\/wp-json\/wp\/v2\/media\/9539"}],"wp:attachment":[{"href":"https:\/\/innoticiasbo.com\/index.php\/wp-json\/wp\/v2\/media?parent=9538"}],"wp:term":[{"taxonomy":"category","embeddable":true,"href":"https:\/\/innoticiasbo.com\/index.php\/wp-json\/wp\/v2\/categories?post=9538"},{"taxonomy":"post_tag","embeddable":true,"href":"https:\/\/innoticiasbo.com\/index.php\/wp-json\/wp\/v2\/tags?post=9538"}],"curies":[{"name":"wp","href":"https:\/\/api.w.org\/{rel}","templated":true}]}}